{"id":1103,"date":"2022-12-07T06:00:05","date_gmt":"2022-12-07T06:00:05","guid":{"rendered":"https:\/\/diarieducacio.cat\/aprenentatgeservei\/?p=1103"},"modified":"2022-12-07T06:00:05","modified_gmt":"2022-12-07T06:00:05","slug":"dret-a-la-tribu","status":"publish","type":"post","link":"https:\/\/diarieducacio.cat\/aprenentatgeservei\/2022\/12\/07\/dret-a-la-tribu\/","title":{"rendered":"Dret a la tribu"},"content":{"rendered":"<p>En l&#8217;\u00e0mbit educatiu la tribu \u00e9s considerada un element que enriqueix la crian\u00e7a i el proc\u00e9s de creixement \u00a0dels infants. Quan hom evoca el proverbi afric\u00e0 \u201cper educar un infant es necessita la tribu sencera\u201d ho fa per destacar el valor d\u2019aquelles contribucions que arriben de persones i col\u00b7lectius que a priori no tenen assignat el rol d&#8217;educar (com s\u00ed tenen mestres i progenitors) per\u00f2 que s\u00f3n essencials per garantir un bon desenvolupament dels m\u00e9s joves en la comunitat. Contribucions que agafen formes diverses, com ara experi\u00e8ncies, tasques de cura, relacions properes, acompanyament, o transmissi\u00f3 informal de coneixements, entre altres.<\/p>\n<p>La tribu, quelcom que en societats antigues es creava de manera natural i espont\u00e0nia, resulta quelcom excepcional a partir de la revoluci\u00f3 industrial, moment en el qual els vincles socials es debiliten i les xarxes d\u2019ajuda m\u00fatua i de cooperaci\u00f3 que anteriorment formaven part de la vida quotidiana de les persones, comencen a ser una excepci\u00f3. Tamb\u00e9 la cultura neoliberal que ha colonitzat les societats modernes ha anat posant pals a les rodes en les relacions personals, prioritzant l\u2019inter\u00e8s individual per sobre del col\u00b7lectiu, afavorint la competici\u00f3 desfermada per sobre de la col\u00b7laboraci\u00f3, minvant mica en mica les pr\u00e0ctiques de cura entre els membres d\u2019una comunitat, obstaculitzant l\u2019intercanvi gratu\u00eft i reduint la participaci\u00f3 en all\u00f2 que \u00e9s com\u00fa.<\/p>\n<p>Malgrat aquestes dificultats, psic\u00f2legs i terapeutes d\u2019arreu posen l&#8217;\u00e8mfasi una i una altra vegada en la import\u00e0ncia que la comunitat, la tribu, t\u00e9 en el benestar de les persones i manifesten que l\u2019exist\u00e8ncia d\u2019una constel\u00b7laci\u00f3 de vincles \u00e9s un factor de protecci\u00f3, especialment de la inf\u00e0ncia, insistint en el fet que viure en societat no garanteix necess\u00e0riament tenir cobertes les necessitats a les que s\u00ed que dona resposta \u201cla tribu\u201d. Afirmen que, si b\u00e9 la soledat pot ser un desencadenant de situacions de depressi\u00f3, d&#8217;angoixa o d&#8217;ansietat, el sentiment de pert\u00e0nyer a un col\u00b7lectiu \u00e9s un ant\u00eddot d\u2019algunes malalties mentals.<\/p>\n<p>Els vincles forts i el sentiment de pertinen\u00e7a aporten experi\u00e8ncies de seguretat i de protecci\u00f3 necess\u00e0ries per viure una vida feli\u00e7, un fet que ha quedat evidenciat en els mesos de confinament viscuts recentment arrel de la pand\u00e8mia que hem patit a nivell planetari. Aix\u00ed, si la comunitat i les relacions socials s\u00f3n imprescindibles per la salut i el benestar de les persones, podem considerar que formar part d\u2019una tribu no \u00e9s nom\u00e9s un desig o una recomanaci\u00f3, sin\u00f3 que \u00e9s, sobretot, un dret.<\/p>\n<p>Per\u00f2 com molts altres drets, la tribu tampoc no sorgeix del no res, ni \u00e9s cap punt de partida de la conviv\u00e8ncia. Ja ens agradaria! La tribu es construeix amb la participaci\u00f3 de tots els seus membres i totes les institucions. Es fa s\u00f2lida en la mesura que es multipliquen les xarxes de relaci\u00f3 i es fan m\u00e9s denses les interaccions entre les persones i el col\u00b7lectius que la conformen. La tribu \u00e9s alhora \u201cproc\u00e9s i resultat de\u201d. La tribu es fa. La tribu la fem.<\/p>\n<p>Tot i no haver trobat un verb que reculli l\u2019acci\u00f3 de fer tribu no es pot entendre la tribu sense actituds proactives i conductes compromeses per part d\u2019aquelles persones que n\u2019han de formar part. I amb la voluntat d\u2019exemplificar accions i pr\u00e0ctiques que caminen en aquesta direcci\u00f3 presentem dues experi\u00e8ncies que ajuden a fer tribu.<\/p>\n<p>La primera, <strong><em>Grup d\u2019Ajuda Mutua (GAM) amb joves en risc d\u2019exclusi\u00f3<\/em><\/strong><em>, <\/em>\u00e9s una iniciativa que sorgeix en l\u2019\u00e0mbit educatiu. La segona, <strong><em>Esmorzar setmanal amb amigues<\/em><\/strong>, \u00e9s una pr\u00e0ctica que de manera espont\u00e0nia s\u2019inicia despr\u00e9s del mesos de confinament estricte pel COVID-19.<\/p>\n<h5><strong>Grup d\u2019Ajuda Mutua GAM) amb joves en risc d\u2019exclusi\u00f3<\/strong><\/h5>\n<p>Reuneix vuit \u00a0joves que es comprometen a ajuntar-se una tarda a la setmana per compartir les seves vides. Units per una profunda sensaci\u00f3 de soledat i unes ganes immenses de tirar endavant malgrat la situaci\u00f3 vulnerable que pateixen tant a nivell personal com familiar, setmana rere setmana els nois i noies creen i enforteixen vincles entre ells.<\/p>\n<p>Les ajudes que donen i reben en el grup prenen formes diverses: des de demanar informaci\u00f3 per renovar el DNI o per matricular-se en un cicle formatiu fins a comptar amb els altres per superar una situaci\u00f3 d\u2019ansietat, per posar nom a pors que resten amagades, per compartir el dolor i les ll\u00e0grimes per un trauma infantil, per imaginar futurs desitjats, per recon\u00e8ixer conductes passades que generen vergonya i que costa admetre, i m\u00e9s. La realitat \u00e9s que cada vegada que un membre del grup arriba trencat a la trobada, la resta de companys l\u2019acullen, l\u2019escolten, no el jutgen i, en la mesura que poden, l\u2019ajuden.<\/p>\n<p>En diferents moments els joves expressen com n\u2019\u00e9s d\u2019important el GAM en les seves vides i valoren poder mostrar-se tal com s\u00f3n, sense haver de fingir sentiments i estats d\u2019\u00e0nim que no tenen.<\/p>\n<h5><strong>Esmorzar setmanal amb amigues<\/strong><\/h5>\n<p>Un grup de dones que comparteixen el seu inter\u00e8s per l\u2019activitat f\u00edsica i la natura, es troben un dia a la setmana per esmorzar i gaudir-ne unes de les altres durant els mesos de restriccions. Quan el confinament \u00a0acaba, el grup d\u2019amigues se\u2019n adonen de l\u2019impacte positiu que ha tingut en les seves vides \u201cl\u2019esmorzar del divendres\u201d i decideixen mantenir-lo.<\/p>\n<p>Durant poc m\u00e9s d\u2019una hora comparteixen t\u00edtols de llibres, guions de pel\u00b7l\u00edcules, opinions sobre l\u2019actualitat, celebracions, confid\u00e8ncies, projectes, programacions de noves activitats, i riures, molts riures. Els esmorzars generen trobades m\u00e9s redu\u00efdes: ja sigui per anar a c\u00f3rrer, o a caminar, per gaudir de jocs de taula&#8230; I cada mes s\u2019organitza una sortida a la muntanya a la que s\u2019afegeixen parelles i amics.<\/p>\n<p>Esmorzar juntes, una pr\u00e0ctica senzilla carregada de valors. El lloc de trobada: la terrassa interior d\u2019un bar del barri. Va qui vol quan vol o quan pot. Normalment s\u2019ajunten entre deu i dotze dones. \u00c9s un grup amb m\u00ednims d\u2019exig\u00e8ncia. Formalment ning\u00fa no s\u2019ha comprom\u00e9s a res. A mesura que passa el temps, per\u00f2, \u00a0els vincles que es van teixint mica en mica es tradueixen en conductes de cura i d\u2019afecte, de restar pendents unes de les altres.<\/p>\n<p>L\u2019ambient sanador i la funci\u00f3 de sost\u00e9 del grup en moments personals delicats ha estat destacat per moltes d\u2019elles.<\/p>\n<p>Per tancar la nostra reflexi\u00f3 volem subratllar que les persones que en formen part dels dos grups es senten alhora protectores i protegides pels membres de \u201cla seva tribu\u201d. Saben que es troben en espais segurs marcats pel respecte, la confian\u00e7a i un cert nivell de confidencialitat; espais en els que ning\u00fa no prendr\u00e0 mal. Uns i altres han experimentat que els vincles forts amb els companys de GAM i amb les amigues posen fre a la vulnerabilitat de cadascun d\u2019ells, de cadascuna d\u2019elles.<\/p>\n","protected":false},"excerpt":{"rendered":"<p>En l&#8217;\u00e0mbit educatiu la tribu \u00e9s considerada un element que enriqueix la crian\u00e7a i el proc\u00e9s de creixement \u00a0dels infants. Quan hom evoca el proverbi afric\u00e0 \u201cper educar un infant es necessita la tribu sencera\u201d ho fa per destacar el valor d\u2019aquelles contribucions que arriben de persones i col\u00b7lectius que a priori no tenen assignat<\/p>\n","protected":false},"author":384,"featured_media":1104,"comment_status":"open","ping_status":"open","sticky":false,"template":"","format":"standard","meta":{"footnotes":""},"categories":[203],"tags":[],"tipo":[],"class_list":{"0":"post-1103","1":"post","2":"type-post","3":"status-publish","4":"format-standard","5":"has-post-thumbnail","7":"category-comunitat"},"yoast_head":"<!-- This site is optimized with the Yoast SEO plugin v27.5 - https:\/\/yoast.com\/product\/yoast-seo-wordpress\/ -->\n<title>Dret a la tribu - Aps i educaci\u00f3 en valors<\/title>\n<meta name=\"robots\" content=\"index, follow, max-snippet:-1, max-image-preview:large, max-video-preview:-1\" \/>\n<link rel=\"canonical\" href=\"https:\/\/diarieducacio.cat\/aprenentatgeservei\/2022\/12\/07\/dret-a-la-tribu\/\" \/>\n<meta property=\"og:locale\" content=\"ca_ES\" \/>\n<meta property=\"og:type\" content=\"article\" \/>\n<meta property=\"og:title\" content=\"Dret a la tribu - Aps i educaci\u00f3 en valors\" \/>\n<meta property=\"og:description\" content=\"En l&#8217;\u00e0mbit educatiu la tribu \u00e9s considerada un element que enriqueix la crian\u00e7a i el proc\u00e9s de creixement \u00a0dels infants. Quan hom evoca el proverbi afric\u00e0 \u201cper educar un infant es necessita la tribu sencera\u201d ho fa per destacar el valor d\u2019aquelles contribucions que arriben de persones i col\u00b7lectius que a priori no tenen assignat\" \/>\n<meta property=\"og:url\" content=\"https:\/\/diarieducacio.cat\/aprenentatgeservei\/2022\/12\/07\/dret-a-la-tribu\/\" \/>\n<meta property=\"og:site_name\" content=\"Aps i educaci\u00f3 en valors\" \/>\n<meta property=\"article:publisher\" content=\"https:\/\/www.facebook.com\/diarieducacio\/\" \/>\n<meta property=\"article:published_time\" content=\"2022-12-07T06:00:05+00:00\" \/>\n<meta property=\"og:image\" content=\"https:\/\/diarieducacio.cat\/aprenentatgeservei\/wp-content\/uploads\/sites\/22\/2022\/12\/GettyImages-1152840785.jpg\" \/>\n\t<meta property=\"og:image:width\" content=\"2309\" \/>\n\t<meta property=\"og:image:height\" content=\"1299\" \/>\n\t<meta property=\"og:image:type\" content=\"image\/jpeg\" \/>\n<meta name=\"author\" content=\"Xus Mart\u00edn\" \/>\n<meta name=\"twitter:card\" content=\"summary_large_image\" \/>\n<meta name=\"twitter:creator\" content=\"@DiariEducacio\" \/>\n<meta name=\"twitter:site\" content=\"@DiariEducacio\" \/>\n<meta name=\"twitter:label1\" content=\"Escrit per\" \/>\n\t<meta name=\"twitter:data1\" content=\"Xus Mart\u00edn\" \/>\n\t<meta name=\"twitter:label2\" content=\"Temps estimat de lectura\" \/>\n\t<meta name=\"twitter:data2\" content=\"6 minuts\" \/>\n<script type=\"application\/ld+json\" class=\"yoast-schema-graph\">{\"@context\":\"https:\\\/\\\/schema.org\",\"@graph\":[{\"@type\":\"Article\",\"@id\":\"https:\\\/\\\/diarieducacio.cat\\\/aprenentatgeservei\\\/2022\\\/12\\\/07\\\/dret-a-la-tribu\\\/#article\",\"isPartOf\":{\"@id\":\"https:\\\/\\\/diarieducacio.cat\\\/aprenentatgeservei\\\/2022\\\/12\\\/07\\\/dret-a-la-tribu\\\/\"},\"author\":{\"name\":\"Xus Mart\u00edn\",\"@id\":\"https:\\\/\\\/diarieducacio.cat\\\/aprenentatgeservei\\\/#\\\/schema\\\/person\\\/f6fed02da0a1561eed867466f51fe09a\"},\"headline\":\"Dret a la tribu\",\"datePublished\":\"2022-12-07T06:00:05+00:00\",\"mainEntityOfPage\":{\"@id\":\"https:\\\/\\\/diarieducacio.cat\\\/aprenentatgeservei\\\/2022\\\/12\\\/07\\\/dret-a-la-tribu\\\/\"},\"wordCount\":1208,\"commentCount\":0,\"image\":{\"@id\":\"https:\\\/\\\/diarieducacio.cat\\\/aprenentatgeservei\\\/2022\\\/12\\\/07\\\/dret-a-la-tribu\\\/#primaryimage\"},\"thumbnailUrl\":\"https:\\\/\\\/diarieducacio.cat\\\/aprenentatgeservei\\\/wp-content\\\/uploads\\\/sites\\\/22\\\/2022\\\/12\\\/GettyImages-1152840785.jpg\",\"articleSection\":[\"Comunitat\"],\"inLanguage\":\"ca\",\"potentialAction\":[{\"@type\":\"CommentAction\",\"name\":\"Comment\",\"target\":[\"https:\\\/\\\/diarieducacio.cat\\\/aprenentatgeservei\\\/2022\\\/12\\\/07\\\/dret-a-la-tribu\\\/#respond\"]}]},{\"@type\":\"WebPage\",\"@id\":\"https:\\\/\\\/diarieducacio.cat\\\/aprenentatgeservei\\\/2022\\\/12\\\/07\\\/dret-a-la-tribu\\\/\",\"url\":\"https:\\\/\\\/diarieducacio.cat\\\/aprenentatgeservei\\\/2022\\\/12\\\/07\\\/dret-a-la-tribu\\\/\",\"name\":\"Dret a la tribu - Aps i educaci\u00f3 en valors\",\"isPartOf\":{\"@id\":\"https:\\\/\\\/diarieducacio.cat\\\/aprenentatgeservei\\\/#website\"},\"primaryImageOfPage\":{\"@id\":\"https:\\\/\\\/diarieducacio.cat\\\/aprenentatgeservei\\\/2022\\\/12\\\/07\\\/dret-a-la-tribu\\\/#primaryimage\"},\"image\":{\"@id\":\"https:\\\/\\\/diarieducacio.cat\\\/aprenentatgeservei\\\/2022\\\/12\\\/07\\\/dret-a-la-tribu\\\/#primaryimage\"},\"thumbnailUrl\":\"https:\\\/\\\/diarieducacio.cat\\\/aprenentatgeservei\\\/wp-content\\\/uploads\\\/sites\\\/22\\\/2022\\\/12\\\/GettyImages-1152840785.jpg\",\"datePublished\":\"2022-12-07T06:00:05+00:00\",\"author\":{\"@id\":\"https:\\\/\\\/diarieducacio.cat\\\/aprenentatgeservei\\\/#\\\/schema\\\/person\\\/f6fed02da0a1561eed867466f51fe09a\"},\"breadcrumb\":{\"@id\":\"https:\\\/\\\/diarieducacio.cat\\\/aprenentatgeservei\\\/2022\\\/12\\\/07\\\/dret-a-la-tribu\\\/#breadcrumb\"},\"inLanguage\":\"ca\",\"potentialAction\":[{\"@type\":\"ReadAction\",\"target\":[\"https:\\\/\\\/diarieducacio.cat\\\/aprenentatgeservei\\\/2022\\\/12\\\/07\\\/dret-a-la-tribu\\\/\"]}]},{\"@type\":\"ImageObject\",\"inLanguage\":\"ca\",\"@id\":\"https:\\\/\\\/diarieducacio.cat\\\/aprenentatgeservei\\\/2022\\\/12\\\/07\\\/dret-a-la-tribu\\\/#primaryimage\",\"url\":\"https:\\\/\\\/diarieducacio.cat\\\/aprenentatgeservei\\\/wp-content\\\/uploads\\\/sites\\\/22\\\/2022\\\/12\\\/GettyImages-1152840785.jpg\",\"contentUrl\":\"https:\\\/\\\/diarieducacio.cat\\\/aprenentatgeservei\\\/wp-content\\\/uploads\\\/sites\\\/22\\\/2022\\\/12\\\/GettyImages-1152840785.jpg\",\"width\":2309,\"height\":1299,\"caption\":\"GettyImages\"},{\"@type\":\"BreadcrumbList\",\"@id\":\"https:\\\/\\\/diarieducacio.cat\\\/aprenentatgeservei\\\/2022\\\/12\\\/07\\\/dret-a-la-tribu\\\/#breadcrumb\",\"itemListElement\":[{\"@type\":\"ListItem\",\"position\":1,\"name\":\"Inici\",\"item\":\"https:\\\/\\\/diarieducacio.cat\\\/aprenentatgeservei\\\/\"},{\"@type\":\"ListItem\",\"position\":2,\"name\":\"Dret a la tribu\"}]},{\"@type\":\"WebSite\",\"@id\":\"https:\\\/\\\/diarieducacio.cat\\\/aprenentatgeservei\\\/#website\",\"url\":\"https:\\\/\\\/diarieducacio.cat\\\/aprenentatgeservei\\\/\",\"name\":\"Aps i educaci\u00f3 en valors\",\"description\":\"\",\"potentialAction\":[{\"@type\":\"SearchAction\",\"target\":{\"@type\":\"EntryPoint\",\"urlTemplate\":\"https:\\\/\\\/diarieducacio.cat\\\/aprenentatgeservei\\\/?s={search_term_string}\"},\"query-input\":{\"@type\":\"PropertyValueSpecification\",\"valueRequired\":true,\"valueName\":\"search_term_string\"}}],\"inLanguage\":\"ca\"},{\"@type\":\"Person\",\"@id\":\"https:\\\/\\\/diarieducacio.cat\\\/aprenentatgeservei\\\/#\\\/schema\\\/person\\\/f6fed02da0a1561eed867466f51fe09a\",\"name\":\"Xus Mart\u00edn\",\"image\":{\"@type\":\"ImageObject\",\"inLanguage\":\"ca\",\"@id\":\"https:\\\/\\\/diarieducacio.cat\\\/aprenentatgeservei\\\/wp-content\\\/uploads\\\/sites\\\/22\\\/2025\\\/06\\\/xus-martin_avatar-96x96.jpg\",\"url\":\"https:\\\/\\\/diarieducacio.cat\\\/aprenentatgeservei\\\/wp-content\\\/uploads\\\/sites\\\/22\\\/2025\\\/06\\\/xus-martin_avatar-96x96.jpg\",\"contentUrl\":\"https:\\\/\\\/diarieducacio.cat\\\/aprenentatgeservei\\\/wp-content\\\/uploads\\\/sites\\\/22\\\/2025\\\/06\\\/xus-martin_avatar-96x96.jpg\",\"caption\":\"Xus Mart\u00edn\"},\"description\":\"Professora Titular de la Facultat d'Educaci\u00f3 de la Universitat de Barcelona i membre del Centre Promotor d'ApS\",\"url\":\"https:\\\/\\\/diarieducacio.cat\\\/aprenentatgeservei\\\/author\\\/xmartin\\\/\"}]}<\/script>\n<!-- \/ Yoast SEO plugin. -->","yoast_head_json":{"title":"Dret a la tribu - Aps i educaci\u00f3 en valors","robots":{"index":"index","follow":"follow","max-snippet":"max-snippet:-1","max-image-preview":"max-image-preview:large","max-video-preview":"max-video-preview:-1"},"canonical":"https:\/\/diarieducacio.cat\/aprenentatgeservei\/2022\/12\/07\/dret-a-la-tribu\/","og_locale":"ca_ES","og_type":"article","og_title":"Dret a la tribu - Aps i educaci\u00f3 en valors","og_description":"En l&#8217;\u00e0mbit educatiu la tribu \u00e9s considerada un element que enriqueix la crian\u00e7a i el proc\u00e9s de creixement \u00a0dels infants. Quan hom evoca el proverbi afric\u00e0 \u201cper educar un infant es necessita la tribu sencera\u201d ho fa per destacar el valor d\u2019aquelles contribucions que arriben de persones i col\u00b7lectius que a priori no tenen assignat","og_url":"https:\/\/diarieducacio.cat\/aprenentatgeservei\/2022\/12\/07\/dret-a-la-tribu\/","og_site_name":"Aps i educaci\u00f3 en valors","article_publisher":"https:\/\/www.facebook.com\/diarieducacio\/","article_published_time":"2022-12-07T06:00:05+00:00","og_image":[{"width":2309,"height":1299,"url":"https:\/\/diarieducacio.cat\/aprenentatgeservei\/wp-content\/uploads\/sites\/22\/2022\/12\/GettyImages-1152840785.jpg","type":"image\/jpeg"}],"author":"Xus Mart\u00edn","twitter_card":"summary_large_image","twitter_creator":"@DiariEducacio","twitter_site":"@DiariEducacio","twitter_misc":{"Escrit per":"Xus Mart\u00edn","Temps estimat de lectura":"6 minuts"},"schema":{"@context":"https:\/\/schema.org","@graph":[{"@type":"Article","@id":"https:\/\/diarieducacio.cat\/aprenentatgeservei\/2022\/12\/07\/dret-a-la-tribu\/#article","isPartOf":{"@id":"https:\/\/diarieducacio.cat\/aprenentatgeservei\/2022\/12\/07\/dret-a-la-tribu\/"},"author":{"name":"Xus Mart\u00edn","@id":"https:\/\/diarieducacio.cat\/aprenentatgeservei\/#\/schema\/person\/f6fed02da0a1561eed867466f51fe09a"},"headline":"Dret a la tribu","datePublished":"2022-12-07T06:00:05+00:00","mainEntityOfPage":{"@id":"https:\/\/diarieducacio.cat\/aprenentatgeservei\/2022\/12\/07\/dret-a-la-tribu\/"},"wordCount":1208,"commentCount":0,"image":{"@id":"https:\/\/diarieducacio.cat\/aprenentatgeservei\/2022\/12\/07\/dret-a-la-tribu\/#primaryimage"},"thumbnailUrl":"https:\/\/diarieducacio.cat\/aprenentatgeservei\/wp-content\/uploads\/sites\/22\/2022\/12\/GettyImages-1152840785.jpg","articleSection":["Comunitat"],"inLanguage":"ca","potentialAction":[{"@type":"CommentAction","name":"Comment","target":["https:\/\/diarieducacio.cat\/aprenentatgeservei\/2022\/12\/07\/dret-a-la-tribu\/#respond"]}]},{"@type":"WebPage","@id":"https:\/\/diarieducacio.cat\/aprenentatgeservei\/2022\/12\/07\/dret-a-la-tribu\/","url":"https:\/\/diarieducacio.cat\/aprenentatgeservei\/2022\/12\/07\/dret-a-la-tribu\/","name":"Dret a la tribu - Aps i educaci\u00f3 en valors","isPartOf":{"@id":"https:\/\/diarieducacio.cat\/aprenentatgeservei\/#website"},"primaryImageOfPage":{"@id":"https:\/\/diarieducacio.cat\/aprenentatgeservei\/2022\/12\/07\/dret-a-la-tribu\/#primaryimage"},"image":{"@id":"https:\/\/diarieducacio.cat\/aprenentatgeservei\/2022\/12\/07\/dret-a-la-tribu\/#primaryimage"},"thumbnailUrl":"https:\/\/diarieducacio.cat\/aprenentatgeservei\/wp-content\/uploads\/sites\/22\/2022\/12\/GettyImages-1152840785.jpg","datePublished":"2022-12-07T06:00:05+00:00","author":{"@id":"https:\/\/diarieducacio.cat\/aprenentatgeservei\/#\/schema\/person\/f6fed02da0a1561eed867466f51fe09a"},"breadcrumb":{"@id":"https:\/\/diarieducacio.cat\/aprenentatgeservei\/2022\/12\/07\/dret-a-la-tribu\/#breadcrumb"},"inLanguage":"ca","potentialAction":[{"@type":"ReadAction","target":["https:\/\/diarieducacio.cat\/aprenentatgeservei\/2022\/12\/07\/dret-a-la-tribu\/"]}]},{"@type":"ImageObject","inLanguage":"ca","@id":"https:\/\/diarieducacio.cat\/aprenentatgeservei\/2022\/12\/07\/dret-a-la-tribu\/#primaryimage","url":"https:\/\/diarieducacio.cat\/aprenentatgeservei\/wp-content\/uploads\/sites\/22\/2022\/12\/GettyImages-1152840785.jpg","contentUrl":"https:\/\/diarieducacio.cat\/aprenentatgeservei\/wp-content\/uploads\/sites\/22\/2022\/12\/GettyImages-1152840785.jpg","width":2309,"height":1299,"caption":"GettyImages"},{"@type":"BreadcrumbList","@id":"https:\/\/diarieducacio.cat\/aprenentatgeservei\/2022\/12\/07\/dret-a-la-tribu\/#breadcrumb","itemListElement":[{"@type":"ListItem","position":1,"name":"Inici","item":"https:\/\/diarieducacio.cat\/aprenentatgeservei\/"},{"@type":"ListItem","position":2,"name":"Dret a la tribu"}]},{"@type":"WebSite","@id":"https:\/\/diarieducacio.cat\/aprenentatgeservei\/#website","url":"https:\/\/diarieducacio.cat\/aprenentatgeservei\/","name":"Aps i educaci\u00f3 en valors","description":"","potentialAction":[{"@type":"SearchAction","target":{"@type":"EntryPoint","urlTemplate":"https:\/\/diarieducacio.cat\/aprenentatgeservei\/?s={search_term_string}"},"query-input":{"@type":"PropertyValueSpecification","valueRequired":true,"valueName":"search_term_string"}}],"inLanguage":"ca"},{"@type":"Person","@id":"https:\/\/diarieducacio.cat\/aprenentatgeservei\/#\/schema\/person\/f6fed02da0a1561eed867466f51fe09a","name":"Xus Mart\u00edn","image":{"@type":"ImageObject","inLanguage":"ca","@id":"https:\/\/diarieducacio.cat\/aprenentatgeservei\/wp-content\/uploads\/sites\/22\/2025\/06\/xus-martin_avatar-96x96.jpg","url":"https:\/\/diarieducacio.cat\/aprenentatgeservei\/wp-content\/uploads\/sites\/22\/2025\/06\/xus-martin_avatar-96x96.jpg","contentUrl":"https:\/\/diarieducacio.cat\/aprenentatgeservei\/wp-content\/uploads\/sites\/22\/2025\/06\/xus-martin_avatar-96x96.jpg","caption":"Xus Mart\u00edn"},"description":"Professora Titular de la Facultat d'Educaci\u00f3 de la Universitat de Barcelona i membre del Centre Promotor d'ApS","url":"https:\/\/diarieducacio.cat\/aprenentatgeservei\/author\/xmartin\/"}]}},"_links":{"self":[{"href":"https:\/\/diarieducacio.cat\/aprenentatgeservei\/wp-json\/wp\/v2\/posts\/1103","targetHints":{"allow":["GET"]}}],"collection":[{"href":"https:\/\/diarieducacio.cat\/aprenentatgeservei\/wp-json\/wp\/v2\/posts"}],"about":[{"href":"https:\/\/diarieducacio.cat\/aprenentatgeservei\/wp-json\/wp\/v2\/types\/post"}],"author":[{"embeddable":true,"href":"https:\/\/diarieducacio.cat\/aprenentatgeservei\/wp-json\/wp\/v2\/users\/384"}],"replies":[{"embeddable":true,"href":"https:\/\/diarieducacio.cat\/aprenentatgeservei\/wp-json\/wp\/v2\/comments?post=1103"}],"version-history":[{"count":0,"href":"https:\/\/diarieducacio.cat\/aprenentatgeservei\/wp-json\/wp\/v2\/posts\/1103\/revisions"}],"wp:featuredmedia":[{"embeddable":true,"href":"https:\/\/diarieducacio.cat\/aprenentatgeservei\/wp-json\/wp\/v2\/media\/1104"}],"wp:attachment":[{"href":"https:\/\/diarieducacio.cat\/aprenentatgeservei\/wp-json\/wp\/v2\/media?parent=1103"}],"wp:term":[{"taxonomy":"category","embeddable":true,"href":"https:\/\/diarieducacio.cat\/aprenentatgeservei\/wp-json\/wp\/v2\/categories?post=1103"},{"taxonomy":"post_tag","embeddable":true,"href":"https:\/\/diarieducacio.cat\/aprenentatgeservei\/wp-json\/wp\/v2\/tags?post=1103"},{"taxonomy":"tipo","embeddable":true,"href":"https:\/\/diarieducacio.cat\/aprenentatgeservei\/wp-json\/wp\/v2\/tipo?post=1103"}],"curies":[{"name":"wp","href":"https:\/\/api.w.org\/{rel}","templated":true}]}}