{"id":1211,"date":"2023-05-09T09:00:40","date_gmt":"2023-05-09T09:00:40","guid":{"rendered":"https:\/\/diarieducacio.cat\/aprenentatgeservei\/?p=1211"},"modified":"2023-05-09T09:00:40","modified_gmt":"2023-05-09T09:00:40","slug":"cura-justicia-i-accio-comu","status":"publish","type":"post","link":"https:\/\/diarieducacio.cat\/aprenentatgeservei\/2023\/05\/09\/cura-justicia-i-accio-comu\/","title":{"rendered":"Cura, just\u00edcia i acci\u00f3 comuna"},"content":{"rendered":"<p>L\u2019aprenentatge servei \u00e9s una metodologia educativa amb incid\u00e8ncia social. Ho \u00e9s perqu\u00e8 els joves aprenen tot realitzant una activitat de servei \u00fatil a la comunitat. Per\u00f2 aix\u00f2 no significa que amb l\u2019aprenentatge servei es puguin solucionar els problemes que t\u00e9 plantejats la societat: no \u00e9s el seu objectiu, ni t\u00e9 cap possibilitat d\u2019aconseguir-ho. L\u2019aprenentatge servei \u00e9s una proposta educativa que ni vol ni pot substituir el que correspon fer a l\u2019Estat a trav\u00e9s de l\u2019acci\u00f3 dels serveis p\u00fablics.<\/p>\n<p>Ho recordem perqu\u00e8 massa sovint se senten veus que, amb la voluntat de desmantellar l\u2019estat del benestar, defensen que la responsabilitat de satisfer les necessitats personals i socials ha de recaure en la fam\u00edlia o en institucions dels \u00e0mbits de la cooperaci\u00f3, la caritat, el voluntariat o la iniciativa privada. Ens sembla una p\u00e8ssima manera de procedir. No perqu\u00e8 la fam\u00edlia i les altres institucions no realitzin una tasca sovint encomiable, sin\u00f3 perqu\u00e8 aquest cam\u00ed nom\u00e9s provoca l\u2019afebliment dels serveis p\u00fablics i l\u2019amplificaci\u00f3 de les difer\u00e8ncies entre els que poden pagar-se prestacions de qualitat i els que queden en mans d\u2019uns serveis p\u00fablics insuficients, o simplement en mans de la compassi\u00f3. Els serveis p\u00fablics s\u00f3n un b\u00e9 com\u00fa a refor\u00e7ar, i les fam\u00edlies i les entitats socials tamb\u00e9, per\u00f2 cadasc\u00fa en l\u2019\u00e0mbit d\u2019acci\u00f3 que li \u00e9s propi.<\/p>\n<p>Malgrat tot, cal destacar l\u2019aportaci\u00f3 de l\u2019aprenentatge servei quan, per exemple, s\u2019avalua l\u2019impacte de l\u2019acci\u00f3 dels joves en les campanyes de donaci\u00f3 de sang, en els programes de refor\u00e7 de la lectura, en la formaci\u00f3 en compet\u00e8ncies digitals de la gent gran o en altres accions semblants. Moltes accions petites poden produir un resultat notable i, per a la persona que rep l\u2019ajuda, una acci\u00f3 puntual pot ser determinant. Aquestes constatacions no signifiquen que l\u2019aprenentatge servei pot assumir les responsabilitats dels serveis p\u00fablics, mostren \u00fanicament la for\u00e7a del comprom\u00eds dels nois i noies.<\/p>\n<blockquote><p>Moltes accions petites poden produir un resultat notable<\/p><\/blockquote>\n<p>La primera ra\u00f3 de ser de l\u2019aprenentatge servei no \u00e9s tant el volum del servei realitzat com la capacitat per afilar la consci\u00e8ncia c\u00edvica dels participants. Aconseguir aquesta consci\u00e8ncia c\u00edvica suposa viure l\u2019experi\u00e8ncia i tamb\u00e9 reflexionar-la. L\u2019aprenentatge servei proporciona als protagonistes almenys tres adquisicions de relleu: valorar la <em>relaci\u00f3 de<\/em> <em>cura<\/em> sempre present en el servei; descobrir la idea de <em>just\u00edcia<\/em> que reclamen les necessitats socials i mostrar que l\u2019<em>acci\u00f3 comuna <\/em>apodera els protagonismes i els permet introduir canvis positius en la realitat.<\/p>\n<p>L\u2019aprenentatge servei ofereix l\u2019experi\u00e8ncia de <em>tenir<\/em> <em>cura<\/em> d\u2019alguna persona en particular o, de manera m\u00e9s \u00e0mplia, de tenir cura d\u2019una realitat que al final repercutir\u00e0 en benefici dels membres de la comunitat. La cura destaca el vincle entre qui dona i qui rep l\u2019ajuda. A m\u00e9s, demana activar-se en favor d\u2019una causa: mobilitza les mans, el cor i el cervell en un acte d\u2019ajuda directa, c\u00e0lida i gratu\u00efta. La cura \u00e9s sensibilitat, empatia, dedicaci\u00f3 i responsabilitat en qui ajuda i agra\u00efment en l\u2019ajudat. Adonar-se de tot aix\u00f2 durant el servei no sempre \u00e9s f\u00e0cil, per\u00f2 pensar-ho, donar-li nom i destacar-ne la import\u00e0ncia per la vida humana s\u00f3n aspectes que facilita la reflexi\u00f3 pausada en l\u2019experi\u00e8ncia d\u2019aprenentatge servei.<\/p>\n<blockquote><p>La cura \u00e9s sensibilitat, empatia, dedicaci\u00f3 i responsabilitat en qui ajuda i agra\u00efment en l\u2019ajudat<\/p><\/blockquote>\n<p>Per\u00f2 juntament amb l\u2019experi\u00e8ncia de la cura, l\u2019aprenentatge servei tamb\u00e9 il\u00b7lumina la idea de <em>just\u00edcia<\/em>. Sovint les activitats d\u2019aprenentatge servei s\u2019enfronten a realitats amb mancances, necessitats perempt\u00f2ries, limitacions o situacions indignants. Com hem dit, en moltes d\u2019aquestes situacions l\u2019aprenentatge servei no pot solucionar el problema, no li correspon, per\u00f2 el pot pal\u00b7liar en alguna mesura i contribuir a formar la idea de just\u00edcia en els participants. Davant d\u2019una situaci\u00f3 d\u2019injust\u00edcia, no \u00e9s suficient quedar-se en l\u2019acci\u00f3 de servei, cal anar m\u00e9s enll\u00e0 i adonar-se de les causes que la provoquen i de la necessitat de les accions pol\u00edtiques que caldria endegar per solucionar-les de veritat, accions que sovint atacarien interessos que no s\u00f3n f\u00e0cils de remoure. De moment, per\u00f2, a la reflexi\u00f3 li correspon la tasca de formar la consci\u00e8ncia cr\u00edtica i el comprom\u00eds dels protagonistes, aix\u00ed com transmetre la idea de just\u00edcia.<\/p>\n<p>Donat que les situacions d\u2019injust\u00edcia no permeten als protagonistes de l\u2019aprenentatge servei una acci\u00f3 sociopol\u00edtica que les esmeni en profunditat, pot cr\u00e9ixer la sensaci\u00f3 que no hi ha res a fer i que \u00e9s impossible millorar en profunditat la realitat. Per fer front al perill de des\u00e0nim novament conv\u00e9 apel\u00b7lar a la reflexi\u00f3 que ha de mostrar que <em>unint-se i cooperant<\/em> poden introduir-se canvis del tot reals, canvis que en aquest moment potser nom\u00e9s seran pal\u00b7liatius, per\u00f2 que mostren el cam\u00ed per assolir-ne d\u2019altres m\u00e9s profunds en el futur. A m\u00e9s a m\u00e9s, el que s\u2019ha aconseguit amb les seves forces limitades dels escolars, pot convertir-se en un s\u00edmbol, en una demostraci\u00f3 esperan\u00e7ada que per aquest cam\u00ed \u00e9s possible un futur millor.<\/p>\n<p>En resum, l\u2019aprenentatge servei \u00e9s una metodologia educativa amb impacte social, que no permet substituir les prestacions de l\u2019estat del benestar, per\u00f2 que pot introduir millores significatives i que, pel damunt de tot, pot crear reflexivament una aguda consci\u00e8ncia de la import\u00e0ncia de les relacions de cura, de la idea de just\u00edcia i de l\u2019acci\u00f3 comuna per intervenir en la vida p\u00fablica.<\/p>\n","protected":false},"excerpt":{"rendered":"<p>L\u2019aprenentatge servei \u00e9s una metodologia educativa amb incid\u00e8ncia social. Ho \u00e9s perqu\u00e8 els joves aprenen tot realitzant una activitat de servei \u00fatil a la comunitat. Per\u00f2 aix\u00f2 no significa que amb l\u2019aprenentatge servei es puguin solucionar els problemes que t\u00e9 plantejats la societat: no \u00e9s el seu objectiu, ni t\u00e9 cap possibilitat d\u2019aconseguir-ho. L\u2019aprenentatge servei<\/p>\n","protected":false},"author":73,"featured_media":1213,"comment_status":"open","ping_status":"open","sticky":false,"template":"","format":"standard","meta":{"footnotes":""},"categories":[2],"tags":[97,226],"tipo":[],"class_list":{"0":"post-1211","1":"post","2":"type-post","3":"status-publish","4":"format-standard","5":"has-post-thumbnail","7":"category-general","8":"tag-aprenentatge-servei","9":"tag-educacio-en-valors"},"yoast_head":"<!-- This site is optimized with the Yoast SEO plugin v27.4 - https:\/\/yoast.com\/product\/yoast-seo-wordpress\/ -->\n<title>Cura, just\u00edcia i acci\u00f3 comuna - Aps i educaci\u00f3 en valors<\/title>\n<meta name=\"robots\" content=\"index, follow, max-snippet:-1, max-image-preview:large, max-video-preview:-1\" \/>\n<link rel=\"canonical\" href=\"https:\/\/diarieducacio.cat\/aprenentatgeservei\/2023\/05\/09\/cura-justicia-i-accio-comu\/\" \/>\n<meta property=\"og:locale\" content=\"ca_ES\" \/>\n<meta property=\"og:type\" content=\"article\" \/>\n<meta property=\"og:title\" content=\"Cura, just\u00edcia i acci\u00f3 comuna - Aps i educaci\u00f3 en valors\" \/>\n<meta property=\"og:description\" content=\"L\u2019aprenentatge servei \u00e9s una metodologia educativa amb incid\u00e8ncia social. Ho \u00e9s perqu\u00e8 els joves aprenen tot realitzant una activitat de servei \u00fatil a la comunitat. Per\u00f2 aix\u00f2 no significa que amb l\u2019aprenentatge servei es puguin solucionar els problemes que t\u00e9 plantejats la societat: no \u00e9s el seu objectiu, ni t\u00e9 cap possibilitat d\u2019aconseguir-ho. L\u2019aprenentatge servei\" \/>\n<meta property=\"og:url\" content=\"https:\/\/diarieducacio.cat\/aprenentatgeservei\/2023\/05\/09\/cura-justicia-i-accio-comu\/\" \/>\n<meta property=\"og:site_name\" content=\"Aps i educaci\u00f3 en valors\" \/>\n<meta property=\"article:publisher\" content=\"https:\/\/www.facebook.com\/diarieducacio\/\" \/>\n<meta property=\"article:published_time\" content=\"2023-05-09T09:00:40+00:00\" \/>\n<meta property=\"og:image\" content=\"https:\/\/diarieducacio.cat\/aprenentatgeservei\/wp-content\/uploads\/sites\/22\/2023\/05\/grupo-diferentes-personas-voluntarias-banco-alimentos-personas-pobres-scaled-1.jpg\" \/>\n\t<meta property=\"og:image:width\" content=\"2560\" \/>\n\t<meta property=\"og:image:height\" content=\"1708\" \/>\n\t<meta property=\"og:image:type\" content=\"image\/jpeg\" \/>\n<meta name=\"author\" content=\"Josep M. Puig Rovira\" \/>\n<meta name=\"twitter:card\" content=\"summary_large_image\" \/>\n<meta name=\"twitter:creator\" content=\"@DiariEducacio\" \/>\n<meta name=\"twitter:site\" content=\"@DiariEducacio\" \/>\n<meta name=\"twitter:label1\" content=\"Escrit per\" \/>\n\t<meta name=\"twitter:data1\" content=\"Josep M. Puig Rovira\" \/>\n\t<meta name=\"twitter:label2\" content=\"Temps estimat de lectura\" \/>\n\t<meta name=\"twitter:data2\" content=\"5 minuts\" \/>\n<script type=\"application\/ld+json\" class=\"yoast-schema-graph\">{\"@context\":\"https:\\\/\\\/schema.org\",\"@graph\":[{\"@type\":\"Article\",\"@id\":\"https:\\\/\\\/diarieducacio.cat\\\/aprenentatgeservei\\\/2023\\\/05\\\/09\\\/cura-justicia-i-accio-comu\\\/#article\",\"isPartOf\":{\"@id\":\"https:\\\/\\\/diarieducacio.cat\\\/aprenentatgeservei\\\/2023\\\/05\\\/09\\\/cura-justicia-i-accio-comu\\\/\"},\"author\":{\"name\":\"Josep M. Puig Rovira\",\"@id\":\"https:\\\/\\\/diarieducacio.cat\\\/aprenentatgeservei\\\/#\\\/schema\\\/person\\\/fc13b9dd574cf3272c07dea1fa7b8877\"},\"headline\":\"Cura, just\u00edcia i acci\u00f3 comuna\",\"datePublished\":\"2023-05-09T09:00:40+00:00\",\"mainEntityOfPage\":{\"@id\":\"https:\\\/\\\/diarieducacio.cat\\\/aprenentatgeservei\\\/2023\\\/05\\\/09\\\/cura-justicia-i-accio-comu\\\/\"},\"wordCount\":980,\"commentCount\":0,\"image\":{\"@id\":\"https:\\\/\\\/diarieducacio.cat\\\/aprenentatgeservei\\\/2023\\\/05\\\/09\\\/cura-justicia-i-accio-comu\\\/#primaryimage\"},\"thumbnailUrl\":\"https:\\\/\\\/diarieducacio.cat\\\/aprenentatgeservei\\\/wp-content\\\/uploads\\\/sites\\\/22\\\/2023\\\/05\\\/grupo-diferentes-personas-voluntarias-banco-alimentos-personas-pobres-scaled-1.jpg\",\"keywords\":[\"aprenentatge servei\",\"educaci\u00f3 en valors\"],\"articleSection\":[\"General\"],\"inLanguage\":\"ca\",\"potentialAction\":[{\"@type\":\"CommentAction\",\"name\":\"Comment\",\"target\":[\"https:\\\/\\\/diarieducacio.cat\\\/aprenentatgeservei\\\/2023\\\/05\\\/09\\\/cura-justicia-i-accio-comu\\\/#respond\"]}]},{\"@type\":\"WebPage\",\"@id\":\"https:\\\/\\\/diarieducacio.cat\\\/aprenentatgeservei\\\/2023\\\/05\\\/09\\\/cura-justicia-i-accio-comu\\\/\",\"url\":\"https:\\\/\\\/diarieducacio.cat\\\/aprenentatgeservei\\\/2023\\\/05\\\/09\\\/cura-justicia-i-accio-comu\\\/\",\"name\":\"Cura, just\u00edcia i acci\u00f3 comuna - Aps i educaci\u00f3 en valors\",\"isPartOf\":{\"@id\":\"https:\\\/\\\/diarieducacio.cat\\\/aprenentatgeservei\\\/#website\"},\"primaryImageOfPage\":{\"@id\":\"https:\\\/\\\/diarieducacio.cat\\\/aprenentatgeservei\\\/2023\\\/05\\\/09\\\/cura-justicia-i-accio-comu\\\/#primaryimage\"},\"image\":{\"@id\":\"https:\\\/\\\/diarieducacio.cat\\\/aprenentatgeservei\\\/2023\\\/05\\\/09\\\/cura-justicia-i-accio-comu\\\/#primaryimage\"},\"thumbnailUrl\":\"https:\\\/\\\/diarieducacio.cat\\\/aprenentatgeservei\\\/wp-content\\\/uploads\\\/sites\\\/22\\\/2023\\\/05\\\/grupo-diferentes-personas-voluntarias-banco-alimentos-personas-pobres-scaled-1.jpg\",\"datePublished\":\"2023-05-09T09:00:40+00:00\",\"author\":{\"@id\":\"https:\\\/\\\/diarieducacio.cat\\\/aprenentatgeservei\\\/#\\\/schema\\\/person\\\/fc13b9dd574cf3272c07dea1fa7b8877\"},\"breadcrumb\":{\"@id\":\"https:\\\/\\\/diarieducacio.cat\\\/aprenentatgeservei\\\/2023\\\/05\\\/09\\\/cura-justicia-i-accio-comu\\\/#breadcrumb\"},\"inLanguage\":\"ca\",\"potentialAction\":[{\"@type\":\"ReadAction\",\"target\":[\"https:\\\/\\\/diarieducacio.cat\\\/aprenentatgeservei\\\/2023\\\/05\\\/09\\\/cura-justicia-i-accio-comu\\\/\"]}]},{\"@type\":\"ImageObject\",\"inLanguage\":\"ca\",\"@id\":\"https:\\\/\\\/diarieducacio.cat\\\/aprenentatgeservei\\\/2023\\\/05\\\/09\\\/cura-justicia-i-accio-comu\\\/#primaryimage\",\"url\":\"https:\\\/\\\/diarieducacio.cat\\\/aprenentatgeservei\\\/wp-content\\\/uploads\\\/sites\\\/22\\\/2023\\\/05\\\/grupo-diferentes-personas-voluntarias-banco-alimentos-personas-pobres-scaled-1.jpg\",\"contentUrl\":\"https:\\\/\\\/diarieducacio.cat\\\/aprenentatgeservei\\\/wp-content\\\/uploads\\\/sites\\\/22\\\/2023\\\/05\\\/grupo-diferentes-personas-voluntarias-banco-alimentos-personas-pobres-scaled-1.jpg\",\"width\":2560,\"height\":1708},{\"@type\":\"BreadcrumbList\",\"@id\":\"https:\\\/\\\/diarieducacio.cat\\\/aprenentatgeservei\\\/2023\\\/05\\\/09\\\/cura-justicia-i-accio-comu\\\/#breadcrumb\",\"itemListElement\":[{\"@type\":\"ListItem\",\"position\":1,\"name\":\"Inici\",\"item\":\"https:\\\/\\\/diarieducacio.cat\\\/aprenentatgeservei\\\/\"},{\"@type\":\"ListItem\",\"position\":2,\"name\":\"Cura, just\u00edcia i acci\u00f3 comuna\"}]},{\"@type\":\"WebSite\",\"@id\":\"https:\\\/\\\/diarieducacio.cat\\\/aprenentatgeservei\\\/#website\",\"url\":\"https:\\\/\\\/diarieducacio.cat\\\/aprenentatgeservei\\\/\",\"name\":\"Aps i educaci\u00f3 en valors\",\"description\":\"\",\"potentialAction\":[{\"@type\":\"SearchAction\",\"target\":{\"@type\":\"EntryPoint\",\"urlTemplate\":\"https:\\\/\\\/diarieducacio.cat\\\/aprenentatgeservei\\\/?s={search_term_string}\"},\"query-input\":{\"@type\":\"PropertyValueSpecification\",\"valueRequired\":true,\"valueName\":\"search_term_string\"}}],\"inLanguage\":\"ca\"},{\"@type\":\"Person\",\"@id\":\"https:\\\/\\\/diarieducacio.cat\\\/aprenentatgeservei\\\/#\\\/schema\\\/person\\\/fc13b9dd574cf3272c07dea1fa7b8877\",\"name\":\"Josep M. Puig Rovira\",\"image\":{\"@type\":\"ImageObject\",\"inLanguage\":\"ca\",\"@id\":\"https:\\\/\\\/diarieducacio.cat\\\/wp-content\\\/uploads\\\/2024\\\/11\\\/josep-m.-puig-rovira_avatar-96x96.jpg\",\"url\":\"https:\\\/\\\/diarieducacio.cat\\\/wp-content\\\/uploads\\\/2024\\\/11\\\/josep-m.-puig-rovira_avatar-96x96.jpg\",\"contentUrl\":\"https:\\\/\\\/diarieducacio.cat\\\/wp-content\\\/uploads\\\/2024\\\/11\\\/josep-m.-puig-rovira_avatar-96x96.jpg\",\"caption\":\"Josep M. Puig Rovira\"},\"description\":\"Catedr\u00e0tic de teoria de l'educaci\u00f3 de la Facultat d'Educaci\u00f3 de la UB i membre del GREM (Grup de Recerca en Educaci\u00f3 Moral)\",\"url\":\"https:\\\/\\\/diarieducacio.cat\\\/aprenentatgeservei\\\/author\\\/jpuig\\\/\"}]}<\/script>\n<!-- \/ Yoast SEO plugin. -->","yoast_head_json":{"title":"Cura, just\u00edcia i acci\u00f3 comuna - Aps i educaci\u00f3 en valors","robots":{"index":"index","follow":"follow","max-snippet":"max-snippet:-1","max-image-preview":"max-image-preview:large","max-video-preview":"max-video-preview:-1"},"canonical":"https:\/\/diarieducacio.cat\/aprenentatgeservei\/2023\/05\/09\/cura-justicia-i-accio-comu\/","og_locale":"ca_ES","og_type":"article","og_title":"Cura, just\u00edcia i acci\u00f3 comuna - Aps i educaci\u00f3 en valors","og_description":"L\u2019aprenentatge servei \u00e9s una metodologia educativa amb incid\u00e8ncia social. Ho \u00e9s perqu\u00e8 els joves aprenen tot realitzant una activitat de servei \u00fatil a la comunitat. Per\u00f2 aix\u00f2 no significa que amb l\u2019aprenentatge servei es puguin solucionar els problemes que t\u00e9 plantejats la societat: no \u00e9s el seu objectiu, ni t\u00e9 cap possibilitat d\u2019aconseguir-ho. L\u2019aprenentatge servei","og_url":"https:\/\/diarieducacio.cat\/aprenentatgeservei\/2023\/05\/09\/cura-justicia-i-accio-comu\/","og_site_name":"Aps i educaci\u00f3 en valors","article_publisher":"https:\/\/www.facebook.com\/diarieducacio\/","article_published_time":"2023-05-09T09:00:40+00:00","og_image":[{"width":2560,"height":1708,"url":"https:\/\/diarieducacio.cat\/aprenentatgeservei\/wp-content\/uploads\/sites\/22\/2023\/05\/grupo-diferentes-personas-voluntarias-banco-alimentos-personas-pobres-scaled-1.jpg","type":"image\/jpeg"}],"author":"Josep M. Puig Rovira","twitter_card":"summary_large_image","twitter_creator":"@DiariEducacio","twitter_site":"@DiariEducacio","twitter_misc":{"Escrit per":"Josep M. Puig Rovira","Temps estimat de lectura":"5 minuts"},"schema":{"@context":"https:\/\/schema.org","@graph":[{"@type":"Article","@id":"https:\/\/diarieducacio.cat\/aprenentatgeservei\/2023\/05\/09\/cura-justicia-i-accio-comu\/#article","isPartOf":{"@id":"https:\/\/diarieducacio.cat\/aprenentatgeservei\/2023\/05\/09\/cura-justicia-i-accio-comu\/"},"author":{"name":"Josep M. Puig Rovira","@id":"https:\/\/diarieducacio.cat\/aprenentatgeservei\/#\/schema\/person\/fc13b9dd574cf3272c07dea1fa7b8877"},"headline":"Cura, just\u00edcia i acci\u00f3 comuna","datePublished":"2023-05-09T09:00:40+00:00","mainEntityOfPage":{"@id":"https:\/\/diarieducacio.cat\/aprenentatgeservei\/2023\/05\/09\/cura-justicia-i-accio-comu\/"},"wordCount":980,"commentCount":0,"image":{"@id":"https:\/\/diarieducacio.cat\/aprenentatgeservei\/2023\/05\/09\/cura-justicia-i-accio-comu\/#primaryimage"},"thumbnailUrl":"https:\/\/diarieducacio.cat\/aprenentatgeservei\/wp-content\/uploads\/sites\/22\/2023\/05\/grupo-diferentes-personas-voluntarias-banco-alimentos-personas-pobres-scaled-1.jpg","keywords":["aprenentatge servei","educaci\u00f3 en valors"],"articleSection":["General"],"inLanguage":"ca","potentialAction":[{"@type":"CommentAction","name":"Comment","target":["https:\/\/diarieducacio.cat\/aprenentatgeservei\/2023\/05\/09\/cura-justicia-i-accio-comu\/#respond"]}]},{"@type":"WebPage","@id":"https:\/\/diarieducacio.cat\/aprenentatgeservei\/2023\/05\/09\/cura-justicia-i-accio-comu\/","url":"https:\/\/diarieducacio.cat\/aprenentatgeservei\/2023\/05\/09\/cura-justicia-i-accio-comu\/","name":"Cura, just\u00edcia i acci\u00f3 comuna - Aps i educaci\u00f3 en valors","isPartOf":{"@id":"https:\/\/diarieducacio.cat\/aprenentatgeservei\/#website"},"primaryImageOfPage":{"@id":"https:\/\/diarieducacio.cat\/aprenentatgeservei\/2023\/05\/09\/cura-justicia-i-accio-comu\/#primaryimage"},"image":{"@id":"https:\/\/diarieducacio.cat\/aprenentatgeservei\/2023\/05\/09\/cura-justicia-i-accio-comu\/#primaryimage"},"thumbnailUrl":"https:\/\/diarieducacio.cat\/aprenentatgeservei\/wp-content\/uploads\/sites\/22\/2023\/05\/grupo-diferentes-personas-voluntarias-banco-alimentos-personas-pobres-scaled-1.jpg","datePublished":"2023-05-09T09:00:40+00:00","author":{"@id":"https:\/\/diarieducacio.cat\/aprenentatgeservei\/#\/schema\/person\/fc13b9dd574cf3272c07dea1fa7b8877"},"breadcrumb":{"@id":"https:\/\/diarieducacio.cat\/aprenentatgeservei\/2023\/05\/09\/cura-justicia-i-accio-comu\/#breadcrumb"},"inLanguage":"ca","potentialAction":[{"@type":"ReadAction","target":["https:\/\/diarieducacio.cat\/aprenentatgeservei\/2023\/05\/09\/cura-justicia-i-accio-comu\/"]}]},{"@type":"ImageObject","inLanguage":"ca","@id":"https:\/\/diarieducacio.cat\/aprenentatgeservei\/2023\/05\/09\/cura-justicia-i-accio-comu\/#primaryimage","url":"https:\/\/diarieducacio.cat\/aprenentatgeservei\/wp-content\/uploads\/sites\/22\/2023\/05\/grupo-diferentes-personas-voluntarias-banco-alimentos-personas-pobres-scaled-1.jpg","contentUrl":"https:\/\/diarieducacio.cat\/aprenentatgeservei\/wp-content\/uploads\/sites\/22\/2023\/05\/grupo-diferentes-personas-voluntarias-banco-alimentos-personas-pobres-scaled-1.jpg","width":2560,"height":1708},{"@type":"BreadcrumbList","@id":"https:\/\/diarieducacio.cat\/aprenentatgeservei\/2023\/05\/09\/cura-justicia-i-accio-comu\/#breadcrumb","itemListElement":[{"@type":"ListItem","position":1,"name":"Inici","item":"https:\/\/diarieducacio.cat\/aprenentatgeservei\/"},{"@type":"ListItem","position":2,"name":"Cura, just\u00edcia i acci\u00f3 comuna"}]},{"@type":"WebSite","@id":"https:\/\/diarieducacio.cat\/aprenentatgeservei\/#website","url":"https:\/\/diarieducacio.cat\/aprenentatgeservei\/","name":"Aps i educaci\u00f3 en valors","description":"","potentialAction":[{"@type":"SearchAction","target":{"@type":"EntryPoint","urlTemplate":"https:\/\/diarieducacio.cat\/aprenentatgeservei\/?s={search_term_string}"},"query-input":{"@type":"PropertyValueSpecification","valueRequired":true,"valueName":"search_term_string"}}],"inLanguage":"ca"},{"@type":"Person","@id":"https:\/\/diarieducacio.cat\/aprenentatgeservei\/#\/schema\/person\/fc13b9dd574cf3272c07dea1fa7b8877","name":"Josep M. Puig Rovira","image":{"@type":"ImageObject","inLanguage":"ca","@id":"https:\/\/diarieducacio.cat\/wp-content\/uploads\/2024\/11\/josep-m.-puig-rovira_avatar-96x96.jpg","url":"https:\/\/diarieducacio.cat\/wp-content\/uploads\/2024\/11\/josep-m.-puig-rovira_avatar-96x96.jpg","contentUrl":"https:\/\/diarieducacio.cat\/wp-content\/uploads\/2024\/11\/josep-m.-puig-rovira_avatar-96x96.jpg","caption":"Josep M. Puig Rovira"},"description":"Catedr\u00e0tic de teoria de l'educaci\u00f3 de la Facultat d'Educaci\u00f3 de la UB i membre del GREM (Grup de Recerca en Educaci\u00f3 Moral)","url":"https:\/\/diarieducacio.cat\/aprenentatgeservei\/author\/jpuig\/"}]}},"_links":{"self":[{"href":"https:\/\/diarieducacio.cat\/aprenentatgeservei\/wp-json\/wp\/v2\/posts\/1211","targetHints":{"allow":["GET"]}}],"collection":[{"href":"https:\/\/diarieducacio.cat\/aprenentatgeservei\/wp-json\/wp\/v2\/posts"}],"about":[{"href":"https:\/\/diarieducacio.cat\/aprenentatgeservei\/wp-json\/wp\/v2\/types\/post"}],"author":[{"embeddable":true,"href":"https:\/\/diarieducacio.cat\/aprenentatgeservei\/wp-json\/wp\/v2\/users\/73"}],"replies":[{"embeddable":true,"href":"https:\/\/diarieducacio.cat\/aprenentatgeservei\/wp-json\/wp\/v2\/comments?post=1211"}],"version-history":[{"count":0,"href":"https:\/\/diarieducacio.cat\/aprenentatgeservei\/wp-json\/wp\/v2\/posts\/1211\/revisions"}],"wp:featuredmedia":[{"embeddable":true,"href":"https:\/\/diarieducacio.cat\/aprenentatgeservei\/wp-json\/wp\/v2\/media\/1213"}],"wp:attachment":[{"href":"https:\/\/diarieducacio.cat\/aprenentatgeservei\/wp-json\/wp\/v2\/media?parent=1211"}],"wp:term":[{"taxonomy":"category","embeddable":true,"href":"https:\/\/diarieducacio.cat\/aprenentatgeservei\/wp-json\/wp\/v2\/categories?post=1211"},{"taxonomy":"post_tag","embeddable":true,"href":"https:\/\/diarieducacio.cat\/aprenentatgeservei\/wp-json\/wp\/v2\/tags?post=1211"},{"taxonomy":"tipo","embeddable":true,"href":"https:\/\/diarieducacio.cat\/aprenentatgeservei\/wp-json\/wp\/v2\/tipo?post=1211"}],"curies":[{"name":"wp","href":"https:\/\/api.w.org\/{rel}","templated":true}]}}