{"id":1261,"date":"2023-06-20T05:00:37","date_gmt":"2023-06-20T05:00:37","guid":{"rendered":"https:\/\/diarieducacio.cat\/aprenentatgeservei\/?p=1261"},"modified":"2023-06-20T05:00:37","modified_gmt":"2023-06-20T05:00:37","slug":"educar-per-cuidar-la-vida","status":"publish","type":"post","link":"https:\/\/diarieducacio.cat\/aprenentatgeservei\/2023\/06\/20\/educar-per-cuidar-la-vida\/","title":{"rendered":"Educar per cuidar la vida"},"content":{"rendered":"<p>Els humans, com la resta d&#8217;\u00e9ssers, som interdependents. Des del naixement fins a la mort passem molts moments en els quals si no fos per la cura dels altres no sobreviur\u00edem. Tamb\u00e9 som\u00a0 ecodependents, ja que per sobreviure necessitem establir una bona relaci\u00f3 amb la naturalesa. La nostra vida tamb\u00e9 dep\u00e8n de com ens comportem amb ella, per\u00f2 hem assistit i estem assistint a un model social que prima el benefici i el guany per sobre del benestar, que opta per la competitivitat i l\u2019\u00e8xit individual per sobre de la col\u00b7laboraci\u00f3 entre les persones i d\u2019aquestes amb la resta dels \u00e9ssers vius. Una manera de fer totalment oposada a responsabilitzar-se\u00a0 per cuidar la vida, un aspecte b\u00e0sic tant per la bona conservaci\u00f3 del Planeta com per la nostra felicitat.<\/p>\n<p>En un recent informe de la revista Nature, un bon grapat de cient\u00edfics han avisat que ja hem sobrepassat 7 dels 9 aspectes b\u00e0sics per conservar-nos en el Planeta. Hem de continuar per aquest cam\u00ed? Fins ara les cures per la vida, tan necess\u00e0ries i tan poc reconegudes, han estat portades a terme en gran part per les dones que han desenvolupat una saviesa i un llegat molt necessari per tal de mantenir la vida, per\u00f2 el sistema patriarcal i econ\u00f2mic dominant ha invisibilitzat aquestes tasques, ja que el que no \u00e9s rendible en termes de mercat no interessa i les ha portat a la marginaci\u00f3 per un cost 0\u20ac o per un valor esc\u00e0s. Tanmateix, les cures per la vida \u00e9s el que ens permet i ens permetr\u00e0 viure i sobreviure tant com a esp\u00e8cie com a persones.<\/p>\n<p>Sovint, l&#8217;escola ha seguit els models socials i els valors dominants i ha oblidat i invisibilitzat, millor dit, no ha tingut present un aspecte tan important, b\u00e0sic i urgent, com \u00e9s &#8220;educar per cuidar la vida&#8221;. Una pr\u00e0ctica per la qual s&#8217;obre un important camp educatiu a rec\u00f3rrer, ja que cal posar les cures i el seu coneixement i pr\u00e0ctica en tots els \u00e0mbits educatius. Ja que les persones som tan interdependents com ecodepenents caldr\u00e0 desenvolupar valors i capacitats com ara la solidaritat, l\u2019empatia, l\u2019autoestima, la participaci\u00f3, les relacions amb la naturalesa, la just\u00edcia ecol\u00f2gica\u2026 i a tot el que ha significat el manteniment de la vida (des de parir, criar, alimentar, estimar, cuidar la terra\u2026). Aquests valors per evitar educar pel triomf tot pensant en qu\u00e8 serem uns \u201csuperherois\u201d o \u201csuperwomen\u201d \u2013aspectes que a vegades veiem molt arrelats en el pensament de certes fam\u00edlies i escoles\u2013 ans al contrari per a ser conscients de la nostra fragilitat i interdepend\u00e8ncia.<\/p>\n<blockquote><p>Les cures per la vida \u00e9s el que ens permet i ens permetr\u00e0 viure i sobreviure<\/p><\/blockquote>\n<p>Tamb\u00e9 cuidar les relacions entre els alumnes introduint activitats que ajudin a mostrar les qualitats positives, compartir moments importants de la seva vida com la mort d\u2019un familiar, el naixement d\u2019un germ\u00e0&#8230; activitats de suports mutus com ara qu\u00e8 fem amb companys que han patit un desnonament. Per a portar a terme aquestes activitats ens ajudar\u00e0 molt introduir moments tant de reflexi\u00f3 i presa de decisions col\u00b7lectiva com de meditaci\u00f3, de silenci, de trobada amb la natura i amb un mateix.<\/p>\n<p>Per\u00f2 el comprom\u00eds i l\u2019opci\u00f3 per \u201ceducar per cuidar la vida\u201d ha d\u2019anar m\u00e9s enll\u00e0 de l\u2019espai i del grup classe, ha d\u2019abastar tots els aspectes de la vida escolar, des de les relacions entre el professorat, les relacions amb les fam\u00edlies, fins a la cura dels propis espais. Pel que fa al professorat, \u00e9s important tenir tacte en la quotidianitat de la feina, demostrar empatia, respecte o atenci\u00f3 vers els companys, fugint de paternalismes i si cal, crear fons comuns o caixes de resist\u00e8ncia, tenir moments de celebraci\u00f3 i de benvinguda vers els nous companys del claustre. \u00c9s important que a l\u2019escola les cures siguin multdireccionals: tots som cuidadors i tots aprenem de tots i tots ens hem de cuidar de tots, els alumnes tamb\u00e9 s\u00f3n cuidadors. En algunes escoles han portat a terme l\u2019acompanyament d\u2019alumnes \u00a0per part d\u2019altres m\u00e9s grans, una experi\u00e8ncia que \u00e9s una bona mostra d\u2019atenci\u00f3 i acolliment per part dels seus companys.<\/p>\n<p>Un altre aspecte important \u00e9s com cuidem el nostre entorn, als espais de la pr\u00f2pia escola: la netedat, la creativitat, la cura dels patis amb flors, parterres, arbres i el petit hort, tot cuidat pels alumnes ens ajuden a tenir cura del m\u00e9s immediat i a responsabilitzar-nos tots plegats del benestar escolar. Aquesta responsabilitat en la cura del dia a dia de l\u2019escola hauria de formar part d\u2019una part important del projecte educatiu del centre. Alguns moviments educatius com ara el de l\u2019MST (Moviments dels Treballadors Sense Terra) del Brasil, aix\u00ed ho entenen.<\/p>\n<blockquote><p>La responsabilitat en la cura del dia a dia de l\u2019escola hauria de formar part d\u2019una part important del projecte educatiu del centre<\/p><\/blockquote>\n<p>Cuidar no \u00e9s nom\u00e9s quelcom que sempre hem de fer de cara a cara i tamb\u00e9 ens podem preguntar, qu\u00e8 passa m\u00e9s enll\u00e0 de l\u2019escola? Si volem educar els infants per una societat que cuidi la vida caldr\u00e0 obrir les portes de l\u2019escola i introduir coneixements que hi ha cures que no es poden fer de manera individual i que necessiten una organitzaci\u00f3 col\u00b7lectiva com ara l\u2019atenci\u00f3 a la gent gran, a les persones m\u00e9s depenents, els serveis de salut, l\u2019educaci\u00f3 per a tothom, la cura de la terra i tamb\u00e9 con\u00e8ixer les reivindicacions per una millor qualitat de vida per a tothom com ara el dret a una vivenda digne, a una alimentaci\u00f3 sana o com s\u00f3n els serveis de salut, d\u2019educaci\u00f3, el perqu\u00e8 de les desigualtats socials o revisar el tipus de vida que comporta una manca de temps, d\u2019energies i d\u2019espais per tenir i tenir-nos cures. Tamb\u00e9 hi ha cures que tenen a veure amb la just\u00edcia, amb les lleis que generen discriminaci\u00f3 o maltractaments. i promoure respostes actives per part de l\u2019escola.<\/p>\n<p>Per \u201ccuidar la vida\u201d, per\u00f2, hem de saber com est\u00e0 el Planeta. Qu\u00e8 passa amb la p\u00e8rdua de la biodiversitat, a qu\u00e8 \u00e9s deguda la crisi clim\u00e0tica, com gestionar els recursos b\u00e0sics&#8230;? i quines conseq\u00fc\u00e8ncies t\u00e9 tot plegat per la vida? A partir del coneixement i del debat, promoure respostes actives entre els alumnes com ara la creaci\u00f3 de petites comunitats energ\u00e8tiques al centre, participar en la cura dels nostres rius i boscos, saber en quines finalitats es gestiona i s\u2019explota la terra i el territori tenint en compte la qualitat de vida dels \u00e9ssers vius que hi habiten, qu\u00e8 vol dir la just\u00edcia ecol\u00f2gica i comparar-lo amb el mal que s\u2019est\u00e0 fent al Planeta tot mesurant el consum anual i la seva capacitat de reciclar &#8211; actualment la petjada de consum que hauria de ser per un any es consumeix ja pel juliol. El que consumim i fem malb\u00e9 la resta de l\u2019any correspon a una part negativa de la qual la Terra ja no podr\u00e0 recuperar amb les corresponents conseq\u00fc\u00e8ncies per les generacions futures- \u00a0poden ser unes bones activitats perqu\u00e8 els alumnes aprenguin a pensar globalment i a actuar localment.<\/p>\n<p>Obrint aquesta finestra al m\u00f3n no podem amagar la repugnant realitat de les guerres com una realitat present en la nostra societat. Una educaci\u00f3 per \u201ccuidar la vida\u201d no pot oblidar aquesta realitat i cal educar per posicionar-nos en contra. Cal que tinguem coneixement dels interessos de les guerres, les injust\u00edcies i el dolor hum\u00e0 que provoquen, per\u00f2 tamb\u00e9 el coneixement dels moviments que promouen respostes no violentes com una opci\u00f3 valenta per \u201ccuidar la vida\u201d.<\/p>\n","protected":false},"excerpt":{"rendered":"<p>Els humans, com la resta d&#8217;\u00e9ssers, som interdependents. Des del naixement fins a la mort passem molts moments en els quals si no fos per la cura dels altres no sobreviur\u00edem. Tamb\u00e9 som\u00a0 ecodependents, ja que per sobreviure necessitem establir una bona relaci\u00f3 amb la naturalesa. La nostra vida tamb\u00e9 dep\u00e8n de com ens comportem<\/p>\n","protected":false},"author":414,"featured_media":1263,"comment_status":"open","ping_status":"open","sticky":false,"template":"","format":"standard","meta":{"footnotes":""},"categories":[204],"tags":[229,230],"tipo":[],"class_list":{"0":"post-1261","1":"post","2":"type-post","3":"status-publish","4":"format-standard","5":"has-post-thumbnail","7":"category-valors","8":"tag-cures-per-la-vida","9":"tag-ecodependencia"},"yoast_head":"<!-- This site is optimized with the Yoast SEO plugin v27.5 - https:\/\/yoast.com\/product\/yoast-seo-wordpress\/ -->\n<title>Educar per cuidar la vida - Aps i educaci\u00f3 en valors<\/title>\n<meta name=\"robots\" content=\"index, follow, max-snippet:-1, max-image-preview:large, max-video-preview:-1\" \/>\n<link rel=\"canonical\" href=\"https:\/\/diarieducacio.cat\/aprenentatgeservei\/2023\/06\/20\/educar-per-cuidar-la-vida\/\" \/>\n<meta property=\"og:locale\" content=\"ca_ES\" \/>\n<meta property=\"og:type\" content=\"article\" \/>\n<meta property=\"og:title\" content=\"Educar per cuidar la vida - Aps i educaci\u00f3 en valors\" \/>\n<meta property=\"og:description\" content=\"Els humans, com la resta d&#8217;\u00e9ssers, som interdependents. Des del naixement fins a la mort passem molts moments en els quals si no fos per la cura dels altres no sobreviur\u00edem. Tamb\u00e9 som\u00a0 ecodependents, ja que per sobreviure necessitem establir una bona relaci\u00f3 amb la naturalesa. La nostra vida tamb\u00e9 dep\u00e8n de com ens comportem\" \/>\n<meta property=\"og:url\" content=\"https:\/\/diarieducacio.cat\/aprenentatgeservei\/2023\/06\/20\/educar-per-cuidar-la-vida\/\" \/>\n<meta property=\"og:site_name\" content=\"Aps i educaci\u00f3 en valors\" \/>\n<meta property=\"article:publisher\" content=\"https:\/\/www.facebook.com\/diarieducacio\/\" \/>\n<meta property=\"article:published_time\" content=\"2023-06-20T05:00:37+00:00\" \/>\n<meta property=\"og:image\" content=\"https:\/\/diarieducacio.cat\/aprenentatgeservei\/wp-content\/uploads\/sites\/22\/2023\/06\/mujeres-jovenes-que-protestan-contra-cambio-climatico-scaled-1.jpg\" \/>\n\t<meta property=\"og:image:width\" content=\"2560\" \/>\n\t<meta property=\"og:image:height\" content=\"1707\" \/>\n\t<meta property=\"og:image:type\" content=\"image\/jpeg\" \/>\n<meta name=\"author\" content=\"Agust\u00ed Corominas\" \/>\n<meta name=\"twitter:card\" content=\"summary_large_image\" \/>\n<meta name=\"twitter:creator\" content=\"@DiariEducacio\" \/>\n<meta name=\"twitter:site\" content=\"@DiariEducacio\" \/>\n<meta name=\"twitter:label1\" content=\"Escrit per\" \/>\n\t<meta name=\"twitter:data1\" content=\"Agust\u00ed Corominas\" \/>\n\t<meta name=\"twitter:label2\" content=\"Temps estimat de lectura\" \/>\n\t<meta name=\"twitter:data2\" content=\"7 minuts\" \/>\n<script type=\"application\/ld+json\" class=\"yoast-schema-graph\">{\"@context\":\"https:\\\/\\\/schema.org\",\"@graph\":[{\"@type\":\"Article\",\"@id\":\"https:\\\/\\\/diarieducacio.cat\\\/aprenentatgeservei\\\/2023\\\/06\\\/20\\\/educar-per-cuidar-la-vida\\\/#article\",\"isPartOf\":{\"@id\":\"https:\\\/\\\/diarieducacio.cat\\\/aprenentatgeservei\\\/2023\\\/06\\\/20\\\/educar-per-cuidar-la-vida\\\/\"},\"author\":{\"name\":\"Agust\u00ed Corominas\",\"@id\":\"https:\\\/\\\/diarieducacio.cat\\\/aprenentatgeservei\\\/#\\\/schema\\\/person\\\/beed536e3afb08b0edc13f867e4c3dd7\"},\"headline\":\"Educar per cuidar la vida\",\"datePublished\":\"2023-06-20T05:00:37+00:00\",\"mainEntityOfPage\":{\"@id\":\"https:\\\/\\\/diarieducacio.cat\\\/aprenentatgeservei\\\/2023\\\/06\\\/20\\\/educar-per-cuidar-la-vida\\\/\"},\"wordCount\":1323,\"commentCount\":0,\"image\":{\"@id\":\"https:\\\/\\\/diarieducacio.cat\\\/aprenentatgeservei\\\/2023\\\/06\\\/20\\\/educar-per-cuidar-la-vida\\\/#primaryimage\"},\"thumbnailUrl\":\"https:\\\/\\\/diarieducacio.cat\\\/aprenentatgeservei\\\/wp-content\\\/uploads\\\/sites\\\/22\\\/2023\\\/06\\\/mujeres-jovenes-que-protestan-contra-cambio-climatico-scaled-1.jpg\",\"keywords\":[\"cures per la vida\",\"ecodepend\u00e8ncia\"],\"articleSection\":[\"Valors\"],\"inLanguage\":\"ca\",\"potentialAction\":[{\"@type\":\"CommentAction\",\"name\":\"Comment\",\"target\":[\"https:\\\/\\\/diarieducacio.cat\\\/aprenentatgeservei\\\/2023\\\/06\\\/20\\\/educar-per-cuidar-la-vida\\\/#respond\"]}]},{\"@type\":\"WebPage\",\"@id\":\"https:\\\/\\\/diarieducacio.cat\\\/aprenentatgeservei\\\/2023\\\/06\\\/20\\\/educar-per-cuidar-la-vida\\\/\",\"url\":\"https:\\\/\\\/diarieducacio.cat\\\/aprenentatgeservei\\\/2023\\\/06\\\/20\\\/educar-per-cuidar-la-vida\\\/\",\"name\":\"Educar per cuidar la vida - Aps i educaci\u00f3 en valors\",\"isPartOf\":{\"@id\":\"https:\\\/\\\/diarieducacio.cat\\\/aprenentatgeservei\\\/#website\"},\"primaryImageOfPage\":{\"@id\":\"https:\\\/\\\/diarieducacio.cat\\\/aprenentatgeservei\\\/2023\\\/06\\\/20\\\/educar-per-cuidar-la-vida\\\/#primaryimage\"},\"image\":{\"@id\":\"https:\\\/\\\/diarieducacio.cat\\\/aprenentatgeservei\\\/2023\\\/06\\\/20\\\/educar-per-cuidar-la-vida\\\/#primaryimage\"},\"thumbnailUrl\":\"https:\\\/\\\/diarieducacio.cat\\\/aprenentatgeservei\\\/wp-content\\\/uploads\\\/sites\\\/22\\\/2023\\\/06\\\/mujeres-jovenes-que-protestan-contra-cambio-climatico-scaled-1.jpg\",\"datePublished\":\"2023-06-20T05:00:37+00:00\",\"author\":{\"@id\":\"https:\\\/\\\/diarieducacio.cat\\\/aprenentatgeservei\\\/#\\\/schema\\\/person\\\/beed536e3afb08b0edc13f867e4c3dd7\"},\"breadcrumb\":{\"@id\":\"https:\\\/\\\/diarieducacio.cat\\\/aprenentatgeservei\\\/2023\\\/06\\\/20\\\/educar-per-cuidar-la-vida\\\/#breadcrumb\"},\"inLanguage\":\"ca\",\"potentialAction\":[{\"@type\":\"ReadAction\",\"target\":[\"https:\\\/\\\/diarieducacio.cat\\\/aprenentatgeservei\\\/2023\\\/06\\\/20\\\/educar-per-cuidar-la-vida\\\/\"]}]},{\"@type\":\"ImageObject\",\"inLanguage\":\"ca\",\"@id\":\"https:\\\/\\\/diarieducacio.cat\\\/aprenentatgeservei\\\/2023\\\/06\\\/20\\\/educar-per-cuidar-la-vida\\\/#primaryimage\",\"url\":\"https:\\\/\\\/diarieducacio.cat\\\/aprenentatgeservei\\\/wp-content\\\/uploads\\\/sites\\\/22\\\/2023\\\/06\\\/mujeres-jovenes-que-protestan-contra-cambio-climatico-scaled-1.jpg\",\"contentUrl\":\"https:\\\/\\\/diarieducacio.cat\\\/aprenentatgeservei\\\/wp-content\\\/uploads\\\/sites\\\/22\\\/2023\\\/06\\\/mujeres-jovenes-que-protestan-contra-cambio-climatico-scaled-1.jpg\",\"width\":2560,\"height\":1707},{\"@type\":\"BreadcrumbList\",\"@id\":\"https:\\\/\\\/diarieducacio.cat\\\/aprenentatgeservei\\\/2023\\\/06\\\/20\\\/educar-per-cuidar-la-vida\\\/#breadcrumb\",\"itemListElement\":[{\"@type\":\"ListItem\",\"position\":1,\"name\":\"Inici\",\"item\":\"https:\\\/\\\/diarieducacio.cat\\\/aprenentatgeservei\\\/\"},{\"@type\":\"ListItem\",\"position\":2,\"name\":\"Educar per cuidar la vida\"}]},{\"@type\":\"WebSite\",\"@id\":\"https:\\\/\\\/diarieducacio.cat\\\/aprenentatgeservei\\\/#website\",\"url\":\"https:\\\/\\\/diarieducacio.cat\\\/aprenentatgeservei\\\/\",\"name\":\"Aps i educaci\u00f3 en valors\",\"description\":\"\",\"potentialAction\":[{\"@type\":\"SearchAction\",\"target\":{\"@type\":\"EntryPoint\",\"urlTemplate\":\"https:\\\/\\\/diarieducacio.cat\\\/aprenentatgeservei\\\/?s={search_term_string}\"},\"query-input\":{\"@type\":\"PropertyValueSpecification\",\"valueRequired\":true,\"valueName\":\"search_term_string\"}}],\"inLanguage\":\"ca\"},{\"@type\":\"Person\",\"@id\":\"https:\\\/\\\/diarieducacio.cat\\\/aprenentatgeservei\\\/#\\\/schema\\\/person\\\/beed536e3afb08b0edc13f867e4c3dd7\",\"name\":\"Agust\u00ed Corominas\",\"image\":{\"@type\":\"ImageObject\",\"inLanguage\":\"ca\",\"@id\":\"https:\\\/\\\/diarieducacio.cat\\\/aprenentatgeservei\\\/wp-content\\\/uploads\\\/sites\\\/22\\\/2025\\\/02\\\/agusti-corominas_avatar-96x96.jpg\",\"url\":\"https:\\\/\\\/diarieducacio.cat\\\/aprenentatgeservei\\\/wp-content\\\/uploads\\\/sites\\\/22\\\/2025\\\/02\\\/agusti-corominas_avatar-96x96.jpg\",\"contentUrl\":\"https:\\\/\\\/diarieducacio.cat\\\/aprenentatgeservei\\\/wp-content\\\/uploads\\\/sites\\\/22\\\/2025\\\/02\\\/agusti-corominas_avatar-96x96.jpg\",\"caption\":\"Agust\u00ed Corominas\"},\"description\":\"Pedagog, cineasta i un caminant per la vida\",\"url\":\"https:\\\/\\\/diarieducacio.cat\\\/aprenentatgeservei\\\/author\\\/agusticorominas\\\/\"}]}<\/script>\n<!-- \/ Yoast SEO plugin. -->","yoast_head_json":{"title":"Educar per cuidar la vida - Aps i educaci\u00f3 en valors","robots":{"index":"index","follow":"follow","max-snippet":"max-snippet:-1","max-image-preview":"max-image-preview:large","max-video-preview":"max-video-preview:-1"},"canonical":"https:\/\/diarieducacio.cat\/aprenentatgeservei\/2023\/06\/20\/educar-per-cuidar-la-vida\/","og_locale":"ca_ES","og_type":"article","og_title":"Educar per cuidar la vida - Aps i educaci\u00f3 en valors","og_description":"Els humans, com la resta d&#8217;\u00e9ssers, som interdependents. Des del naixement fins a la mort passem molts moments en els quals si no fos per la cura dels altres no sobreviur\u00edem. Tamb\u00e9 som\u00a0 ecodependents, ja que per sobreviure necessitem establir una bona relaci\u00f3 amb la naturalesa. La nostra vida tamb\u00e9 dep\u00e8n de com ens comportem","og_url":"https:\/\/diarieducacio.cat\/aprenentatgeservei\/2023\/06\/20\/educar-per-cuidar-la-vida\/","og_site_name":"Aps i educaci\u00f3 en valors","article_publisher":"https:\/\/www.facebook.com\/diarieducacio\/","article_published_time":"2023-06-20T05:00:37+00:00","og_image":[{"width":2560,"height":1707,"url":"https:\/\/diarieducacio.cat\/aprenentatgeservei\/wp-content\/uploads\/sites\/22\/2023\/06\/mujeres-jovenes-que-protestan-contra-cambio-climatico-scaled-1.jpg","type":"image\/jpeg"}],"author":"Agust\u00ed Corominas","twitter_card":"summary_large_image","twitter_creator":"@DiariEducacio","twitter_site":"@DiariEducacio","twitter_misc":{"Escrit per":"Agust\u00ed Corominas","Temps estimat de lectura":"7 minuts"},"schema":{"@context":"https:\/\/schema.org","@graph":[{"@type":"Article","@id":"https:\/\/diarieducacio.cat\/aprenentatgeservei\/2023\/06\/20\/educar-per-cuidar-la-vida\/#article","isPartOf":{"@id":"https:\/\/diarieducacio.cat\/aprenentatgeservei\/2023\/06\/20\/educar-per-cuidar-la-vida\/"},"author":{"name":"Agust\u00ed Corominas","@id":"https:\/\/diarieducacio.cat\/aprenentatgeservei\/#\/schema\/person\/beed536e3afb08b0edc13f867e4c3dd7"},"headline":"Educar per cuidar la vida","datePublished":"2023-06-20T05:00:37+00:00","mainEntityOfPage":{"@id":"https:\/\/diarieducacio.cat\/aprenentatgeservei\/2023\/06\/20\/educar-per-cuidar-la-vida\/"},"wordCount":1323,"commentCount":0,"image":{"@id":"https:\/\/diarieducacio.cat\/aprenentatgeservei\/2023\/06\/20\/educar-per-cuidar-la-vida\/#primaryimage"},"thumbnailUrl":"https:\/\/diarieducacio.cat\/aprenentatgeservei\/wp-content\/uploads\/sites\/22\/2023\/06\/mujeres-jovenes-que-protestan-contra-cambio-climatico-scaled-1.jpg","keywords":["cures per la vida","ecodepend\u00e8ncia"],"articleSection":["Valors"],"inLanguage":"ca","potentialAction":[{"@type":"CommentAction","name":"Comment","target":["https:\/\/diarieducacio.cat\/aprenentatgeservei\/2023\/06\/20\/educar-per-cuidar-la-vida\/#respond"]}]},{"@type":"WebPage","@id":"https:\/\/diarieducacio.cat\/aprenentatgeservei\/2023\/06\/20\/educar-per-cuidar-la-vida\/","url":"https:\/\/diarieducacio.cat\/aprenentatgeservei\/2023\/06\/20\/educar-per-cuidar-la-vida\/","name":"Educar per cuidar la vida - Aps i educaci\u00f3 en valors","isPartOf":{"@id":"https:\/\/diarieducacio.cat\/aprenentatgeservei\/#website"},"primaryImageOfPage":{"@id":"https:\/\/diarieducacio.cat\/aprenentatgeservei\/2023\/06\/20\/educar-per-cuidar-la-vida\/#primaryimage"},"image":{"@id":"https:\/\/diarieducacio.cat\/aprenentatgeservei\/2023\/06\/20\/educar-per-cuidar-la-vida\/#primaryimage"},"thumbnailUrl":"https:\/\/diarieducacio.cat\/aprenentatgeservei\/wp-content\/uploads\/sites\/22\/2023\/06\/mujeres-jovenes-que-protestan-contra-cambio-climatico-scaled-1.jpg","datePublished":"2023-06-20T05:00:37+00:00","author":{"@id":"https:\/\/diarieducacio.cat\/aprenentatgeservei\/#\/schema\/person\/beed536e3afb08b0edc13f867e4c3dd7"},"breadcrumb":{"@id":"https:\/\/diarieducacio.cat\/aprenentatgeservei\/2023\/06\/20\/educar-per-cuidar-la-vida\/#breadcrumb"},"inLanguage":"ca","potentialAction":[{"@type":"ReadAction","target":["https:\/\/diarieducacio.cat\/aprenentatgeservei\/2023\/06\/20\/educar-per-cuidar-la-vida\/"]}]},{"@type":"ImageObject","inLanguage":"ca","@id":"https:\/\/diarieducacio.cat\/aprenentatgeservei\/2023\/06\/20\/educar-per-cuidar-la-vida\/#primaryimage","url":"https:\/\/diarieducacio.cat\/aprenentatgeservei\/wp-content\/uploads\/sites\/22\/2023\/06\/mujeres-jovenes-que-protestan-contra-cambio-climatico-scaled-1.jpg","contentUrl":"https:\/\/diarieducacio.cat\/aprenentatgeservei\/wp-content\/uploads\/sites\/22\/2023\/06\/mujeres-jovenes-que-protestan-contra-cambio-climatico-scaled-1.jpg","width":2560,"height":1707},{"@type":"BreadcrumbList","@id":"https:\/\/diarieducacio.cat\/aprenentatgeservei\/2023\/06\/20\/educar-per-cuidar-la-vida\/#breadcrumb","itemListElement":[{"@type":"ListItem","position":1,"name":"Inici","item":"https:\/\/diarieducacio.cat\/aprenentatgeservei\/"},{"@type":"ListItem","position":2,"name":"Educar per cuidar la vida"}]},{"@type":"WebSite","@id":"https:\/\/diarieducacio.cat\/aprenentatgeservei\/#website","url":"https:\/\/diarieducacio.cat\/aprenentatgeservei\/","name":"Aps i educaci\u00f3 en valors","description":"","potentialAction":[{"@type":"SearchAction","target":{"@type":"EntryPoint","urlTemplate":"https:\/\/diarieducacio.cat\/aprenentatgeservei\/?s={search_term_string}"},"query-input":{"@type":"PropertyValueSpecification","valueRequired":true,"valueName":"search_term_string"}}],"inLanguage":"ca"},{"@type":"Person","@id":"https:\/\/diarieducacio.cat\/aprenentatgeservei\/#\/schema\/person\/beed536e3afb08b0edc13f867e4c3dd7","name":"Agust\u00ed Corominas","image":{"@type":"ImageObject","inLanguage":"ca","@id":"https:\/\/diarieducacio.cat\/aprenentatgeservei\/wp-content\/uploads\/sites\/22\/2025\/02\/agusti-corominas_avatar-96x96.jpg","url":"https:\/\/diarieducacio.cat\/aprenentatgeservei\/wp-content\/uploads\/sites\/22\/2025\/02\/agusti-corominas_avatar-96x96.jpg","contentUrl":"https:\/\/diarieducacio.cat\/aprenentatgeservei\/wp-content\/uploads\/sites\/22\/2025\/02\/agusti-corominas_avatar-96x96.jpg","caption":"Agust\u00ed Corominas"},"description":"Pedagog, cineasta i un caminant per la vida","url":"https:\/\/diarieducacio.cat\/aprenentatgeservei\/author\/agusticorominas\/"}]}},"_links":{"self":[{"href":"https:\/\/diarieducacio.cat\/aprenentatgeservei\/wp-json\/wp\/v2\/posts\/1261","targetHints":{"allow":["GET"]}}],"collection":[{"href":"https:\/\/diarieducacio.cat\/aprenentatgeservei\/wp-json\/wp\/v2\/posts"}],"about":[{"href":"https:\/\/diarieducacio.cat\/aprenentatgeservei\/wp-json\/wp\/v2\/types\/post"}],"author":[{"embeddable":true,"href":"https:\/\/diarieducacio.cat\/aprenentatgeservei\/wp-json\/wp\/v2\/users\/414"}],"replies":[{"embeddable":true,"href":"https:\/\/diarieducacio.cat\/aprenentatgeservei\/wp-json\/wp\/v2\/comments?post=1261"}],"version-history":[{"count":0,"href":"https:\/\/diarieducacio.cat\/aprenentatgeservei\/wp-json\/wp\/v2\/posts\/1261\/revisions"}],"wp:featuredmedia":[{"embeddable":true,"href":"https:\/\/diarieducacio.cat\/aprenentatgeservei\/wp-json\/wp\/v2\/media\/1263"}],"wp:attachment":[{"href":"https:\/\/diarieducacio.cat\/aprenentatgeservei\/wp-json\/wp\/v2\/media?parent=1261"}],"wp:term":[{"taxonomy":"category","embeddable":true,"href":"https:\/\/diarieducacio.cat\/aprenentatgeservei\/wp-json\/wp\/v2\/categories?post=1261"},{"taxonomy":"post_tag","embeddable":true,"href":"https:\/\/diarieducacio.cat\/aprenentatgeservei\/wp-json\/wp\/v2\/tags?post=1261"},{"taxonomy":"tipo","embeddable":true,"href":"https:\/\/diarieducacio.cat\/aprenentatgeservei\/wp-json\/wp\/v2\/tipo?post=1261"}],"curies":[{"name":"wp","href":"https:\/\/api.w.org\/{rel}","templated":true}]}}