{"id":2207,"date":"2018-07-09T22:11:44","date_gmt":"2018-07-09T22:11:44","guid":{"rendered":"https:\/\/diarieducacio.cat\/aprenentatgeservei\/?p=426"},"modified":"2018-07-09T22:11:44","modified_gmt":"2018-07-09T22:11:44","slug":"estimam-i-aixi-voldre-canviar-el-mon","status":"publish","type":"post","link":"https:\/\/diarieducacio.cat\/aprenentatgeservei\/2018\/07\/09\/estimam-i-aixi-voldre-canviar-el-mon\/","title":{"rendered":"Estima&#8217;m i aix\u00ed voldr\u00e9 canviar el m\u00f3n"},"content":{"rendered":"<figure id=\"attachment_431\" aria-describedby=\"caption-attachment-431\" style=\"width: 740px\" class=\"wp-caption aligncenter\"><a href=\"https:\/\/diarieducacio.cat\/aprenentatgeservei\/wp-content\/uploads\/sites\/19\/2018\/07\/adolescents_petra.jpg\"><img fetchpriority=\"high\" decoding=\"async\" class=\"wp-image-431 \" src=\"https:\/\/diarieducacio.cat\/aprenentatgeservei\/wp-content\/uploads\/sites\/19\/2018\/07\/adolescents_petra.jpg\" alt=\"\" width=\"740\" height=\"391\" srcset=\"https:\/\/diarieducacio.cat\/aprenentatgeservei\/wp-content\/uploads\/sites\/22\/2018\/07\/adolescents_petra.jpg 640w, https:\/\/diarieducacio.cat\/aprenentatgeservei\/wp-content\/uploads\/sites\/22\/2018\/07\/adolescents_petra-300x158.jpg 300w, https:\/\/diarieducacio.cat\/aprenentatgeservei\/wp-content\/uploads\/sites\/22\/2018\/07\/adolescents_petra-150x79.jpg 150w, https:\/\/diarieducacio.cat\/aprenentatgeservei\/wp-content\/uploads\/sites\/22\/2018\/07\/adolescents_petra-450x238.jpg 450w\" sizes=\"(max-width: 740px) 100vw, 740px\" \/><\/a><figcaption id=\"caption-attachment-431\" class=\"wp-caption-text\">Adolescents. (Foto: Petra)<\/figcaption><\/figure>\n<p>Els primers dies del mes de maig, arribava a les llibreries el meu darrer llibre sobre els mons adolescents (<em><a href=\"http:\/\/diarieducacio.cat\/jaume-funes-les-adolescencies-canvien-constantment-amb-una-unica-constant-adults-desconcertats\/\">Estima\u2019m quan menys ho mereixi&#8230;perqu\u00e8 \u00e9s quan m\u00e9s ho necessito<\/a><\/em>. Columna Edicions). M\u00e9s enll\u00e0 que el consideri una mena de testament adolescent (tinc por de no estar al dia en una realitat acceleradament canviant que necessita noves veus), es traca d\u2019un llibre que sistematitza les mirades i les atencions que els nois i noies adolescents necessiten (el resum de quatre d\u00e8cades d\u2019estar amb elles i ells). Entre aquestes, estan les mirades i les respostes \u00e8tiques. De manera espec\u00edfica, he dedicat dos cap\u00edtols singulars a reflexionar sobre l\u2019\u00e8tica adolescent i sobre la seva necessitat de cercar explicacions al m\u00f3n en el que viuen.<\/p>\n<p>Educar adolescents no \u00e9s tan sols fer una llarga gimcana dominant un conjunt d\u2019habilitats educatives. \u00c9s, fonamentalment, un repte permanent d\u2019educaci\u00f3 en valors. No. No podem deixar l\u2019\u00e8tica a un costat, com si fos un tema per a estones tranquil\u00b7les, perdudes. Forma una part central de la possibilitat d\u2019esdevenir adults \u00fatils en les seves vides.<\/p>\n<p>Els nois i noies en edats adolescents estan immersos en processos de construcci\u00f3 personal, no assumeixen o accepten el que ve de dalt sin\u00f3 que experimenten, han d\u2019escollir i decidir, es mouen alternativament entre pols contradictoris, els envaeix el malestar o la felicitat indefinida. En aquest recorregut, unes opcions o altres suposen m\u00e9s o menys patiments propis i aliens, formes de ser i de conviure amb m\u00e9s o menys compatibilitat amb el seu entorn, sortides de l\u2019adolesc\u00e8ncia o resultats finals cap a diferents tipus de ciutadans i ciutadanes joves. En la majoria de les seves cru\u00eflles, dels seus dilemes i dificultats, no \u00e9s possible ajudar-los sense fer servir els valors. Quan els pares o els educadors pensem a estar al seu costat i ser \u00fatils en les seves vides, ens preguntem no nom\u00e9s sobre com podem fer-ho sin\u00f3 amb quin sentit o amb quines pretensions, ens interroguem (haur\u00edem de fer-ho) sobre la hipot\u00e8tica bondat o maldat dels nostres consells i orientacions.<\/p>\n<p>No val, per\u00f2, qualsevol proposta. Hem de pensar en una \u00ab\u00e8tica evolutiva\u00bb. Un conjunt de valors, regles i l\u00f2giques culturals que s\u00f3n especialment v\u00e0lides per a un temps de la vida, que permeten trobar respostes als dilemes d\u2019un cicle vital. Haur\u00e0 de tenir cinc caracter\u00edstiques:<\/p>\n<p>1. Una \u00e8tica adolescent no pot ser normativa. \u00c9s a dir, no podem intentar simplement transmetre les nostres normes. Sempre estarem parlant d\u2019\u00e8tica vital, de formes de ser, actuar i comportar-se que han de connectar amb la seva vida.<\/p>\n<p>2. No pot ser simplement transmesa. Els adolescents no acceptaran l\u2019\u00e8tica com alguna cosa inevitable per viure en societat. Ha de ser activament descoberta i constru\u00efda, assajada, convertida activament en alguna cosa pr\u00f2pia.<\/p>\n<p>3. No pot ser racional, obeir a principis i postulats sistematitzats a partir de la ra\u00f3. Hem de pensar en l\u2019\u00e8tica emocional, perqu\u00e8 s\u00f3n subjectes immersos en onades d\u2019emocions i sentiments.<\/p>\n<p>4. No pot ser una proposta per a la seguretat, sin\u00f3 una aportaci\u00f3 a l\u2019educaci\u00f3 per a la gesti\u00f3 dels riscos. L\u2019\u00e8tica ha de servir-los per prendre decisions, no per crear un entorn artificial de \u00abpecat\u00bb al seu voltant.<\/p>\n<p>5. Finalment, no pot ser una proposta \u00e8tica de la individualitat. Qualsevol dels valors de refer\u00e8ncia que proposem ha de tenir a veure amb alguna comunitat. Encara s\u00f3n persones que podem i hem d\u2019educar en relaci\u00f3 amb uns altres.<\/p>\n<p>Des d\u2019una altra perspectiva, quan apliquem aquesta \u00e8tica a la comprensi\u00f3 del m\u00f3n, ho fem amb dues pretensions:<\/p>\n<p>a. evitar que la manca de criteris els converteixi en ciutadans que acceptin aviat viure segons els dictats del mercat;<\/p>\n<p>b. evitar que esdevinguin persones fr\u00e0gils de pensament, que amb molta facilitat prenguin part dels fanatismes m\u00e9s diversos.<\/p>\n<p>Al llibre tracto d\u2019insistir en qu\u00e8, de la mateixa manera que es defineix el bon adolescent com a bon escolar, tamb\u00e9 pensem que ho \u00e9s l\u2019adolescent que no q\u00fcestiona gaire la realitat que l\u2019envolta. S\u2019espera que el bon adolescent ha de treure bones notes i ser socialment conformista. Els altres, no son considerat bons adolescents, per\u00f2 ho solen ser for\u00e7a m\u00e9s i esdevenen millors joves i ciutadans.<\/p>\n<p>Destino el darrer cap\u00edtol del llibre, a suggerir com alguns dies la nostra preocupaci\u00f3 adulta hauria de canviar de signe. Si la major part del temps la nostra preocupaci\u00f3 semblava estar centrada en els embolics en qu\u00e8 es fiquen, en algun moment haur\u00edem d\u2019estar preocupats per si els fills no es fiquen en embolics. Els pares m\u00e9s angoixats haurien de ser aquells amb fills conformistes que no fan res, en cap moment, ni sols ni acompanyats, per canviar alguna cosa del m\u00f3n que els envolta, ni que sigui el del seu amic o els seus companys de classe.<\/p>\n<p>No eduquem \u00e8ticament, no fem possible uns altres joves si els nostres adolescents poden arribar a conviure amb la injust\u00edcia i no mouen un dit per reduir-la.<\/p>\n","protected":false},"excerpt":{"rendered":"<p>Educar adolescents no \u00e9s tan sols fer una llarga gimcana dominant un conjunt d\u2019habilitats educatives. \u00c9s, fonamentalment, un repte permanent d\u2019educaci\u00f3 en valors. No. No podem deixar l\u2019\u00e8tica a un costat, com si fos un tema per a estones tranquil\u00b7les, perdudes<\/p>\n","protected":false},"author":403,"featured_media":428,"comment_status":"open","ping_status":"open","sticky":false,"template":"","format":"standard","meta":{"footnotes":""},"categories":[2],"tags":[196,197,198],"tipo":[],"class_list":{"0":"post-2207","1":"post","2":"type-post","3":"status-publish","4":"format-standard","5":"has-post-thumbnail","7":"category-general","8":"tag-adolescencia","9":"tag-estimam-quan-menys-ho-mereixi-perque-es-quan-mes-ho-necessito","10":"tag-jaume-funes"},"yoast_head":"<!-- This site is optimized with the Yoast SEO plugin v27.5 - https:\/\/yoast.com\/product\/yoast-seo-wordpress\/ -->\n<title>Jaume Funes: Estima&#039;m i aix\u00ed voldr\u00e9 canviar el m\u00f3n - Aps i educaci\u00f3 en valors<\/title>\n<meta name=\"description\" content=\"Educar adolescents no \u00e9s tan sols fer una llarga gimcana dominant un conjunt d\u2019habilitats educatives. \u00c9s, fonamentalment, un repte permanent d\u2019educaci\u00f3 en valors. No. No podem deixar l\u2019\u00e8tica a un costat, com si fos un tema per a estones tranquil\u00b7les, perdudes\" \/>\n<meta name=\"robots\" content=\"index, follow, max-snippet:-1, max-image-preview:large, max-video-preview:-1\" \/>\n<link rel=\"canonical\" href=\"https:\/\/diarieducacio.cat\/aprenentatgeservei\/2018\/07\/09\/estimam-i-aixi-voldre-canviar-el-mon\/\" \/>\n<meta property=\"og:locale\" content=\"ca_ES\" \/>\n<meta property=\"og:type\" content=\"article\" \/>\n<meta property=\"og:title\" content=\"Jaume Funes: Estima&#039;m i aix\u00ed voldr\u00e9 canviar el m\u00f3n - Aps i educaci\u00f3 en valors\" \/>\n<meta property=\"og:description\" content=\"Educar adolescents no \u00e9s tan sols fer una llarga gimcana dominant un conjunt d\u2019habilitats educatives. \u00c9s, fonamentalment, un repte permanent d\u2019educaci\u00f3 en valors. No. No podem deixar l\u2019\u00e8tica a un costat, com si fos un tema per a estones tranquil\u00b7les, perdudes\" \/>\n<meta property=\"og:url\" content=\"https:\/\/diarieducacio.cat\/aprenentatgeservei\/2018\/07\/09\/estimam-i-aixi-voldre-canviar-el-mon\/\" \/>\n<meta property=\"og:site_name\" content=\"Aps i educaci\u00f3 en valors\" \/>\n<meta property=\"article:publisher\" content=\"https:\/\/www.facebook.com\/diarieducacio\/\" \/>\n<meta property=\"article:published_time\" content=\"2018-07-09T22:11:44+00:00\" \/>\n<meta property=\"og:image\" content=\"https:\/\/diarieducacio.cat\/aprenentatgeservei\/wp-content\/uploads\/sites\/22\/2018\/07\/funes.jpg\" \/>\n\t<meta property=\"og:image:width\" content=\"2500\" \/>\n\t<meta property=\"og:image:height\" content=\"1406\" \/>\n\t<meta property=\"og:image:type\" content=\"image\/jpeg\" \/>\n<meta name=\"author\" content=\"Jaume Funes\" \/>\n<meta name=\"twitter:card\" content=\"summary_large_image\" \/>\n<meta name=\"twitter:creator\" content=\"@DiariEducacio\" \/>\n<meta name=\"twitter:site\" content=\"@DiariEducacio\" \/>\n<meta name=\"twitter:label1\" content=\"Escrit per\" \/>\n\t<meta name=\"twitter:data1\" content=\"Jaume Funes\" \/>\n\t<meta name=\"twitter:label2\" content=\"Temps estimat de lectura\" \/>\n\t<meta name=\"twitter:data2\" content=\"4 minuts\" \/>\n<script type=\"application\/ld+json\" class=\"yoast-schema-graph\">{\"@context\":\"https:\\\/\\\/schema.org\",\"@graph\":[{\"@type\":\"Article\",\"@id\":\"https:\\\/\\\/diarieducacio.cat\\\/aprenentatgeservei\\\/2018\\\/07\\\/09\\\/estimam-i-aixi-voldre-canviar-el-mon\\\/#article\",\"isPartOf\":{\"@id\":\"https:\\\/\\\/diarieducacio.cat\\\/aprenentatgeservei\\\/2018\\\/07\\\/09\\\/estimam-i-aixi-voldre-canviar-el-mon\\\/\"},\"author\":{\"name\":\"Jaume Funes\",\"@id\":\"https:\\\/\\\/diarieducacio.cat\\\/aprenentatgeservei\\\/#\\\/schema\\\/person\\\/2d0c2ecde7198fd0db9e2186cc92f322\"},\"headline\":\"Estima&#8217;m i aix\u00ed voldr\u00e9 canviar el m\u00f3n\",\"datePublished\":\"2018-07-09T22:11:44+00:00\",\"mainEntityOfPage\":{\"@id\":\"https:\\\/\\\/diarieducacio.cat\\\/aprenentatgeservei\\\/2018\\\/07\\\/09\\\/estimam-i-aixi-voldre-canviar-el-mon\\\/\"},\"wordCount\":884,\"commentCount\":0,\"image\":{\"@id\":\"https:\\\/\\\/diarieducacio.cat\\\/aprenentatgeservei\\\/2018\\\/07\\\/09\\\/estimam-i-aixi-voldre-canviar-el-mon\\\/#primaryimage\"},\"thumbnailUrl\":\"https:\\\/\\\/diarieducacio.cat\\\/aprenentatgeservei\\\/wp-content\\\/uploads\\\/sites\\\/22\\\/2018\\\/07\\\/funes.jpg\",\"keywords\":[\"adolesc\u00e8ncia\",\"estima'm quan menys ho mereixi perqu\u00e8 \u00e9s quan m\u00e9s ho necessito\",\"jaume funes\"],\"articleSection\":[\"General\"],\"inLanguage\":\"ca\",\"potentialAction\":[{\"@type\":\"CommentAction\",\"name\":\"Comment\",\"target\":[\"https:\\\/\\\/diarieducacio.cat\\\/aprenentatgeservei\\\/2018\\\/07\\\/09\\\/estimam-i-aixi-voldre-canviar-el-mon\\\/#respond\"]}]},{\"@type\":\"WebPage\",\"@id\":\"https:\\\/\\\/diarieducacio.cat\\\/aprenentatgeservei\\\/2018\\\/07\\\/09\\\/estimam-i-aixi-voldre-canviar-el-mon\\\/\",\"url\":\"https:\\\/\\\/diarieducacio.cat\\\/aprenentatgeservei\\\/2018\\\/07\\\/09\\\/estimam-i-aixi-voldre-canviar-el-mon\\\/\",\"name\":\"Jaume Funes: Estima'm i aix\u00ed voldr\u00e9 canviar el m\u00f3n - Aps i educaci\u00f3 en valors\",\"isPartOf\":{\"@id\":\"https:\\\/\\\/diarieducacio.cat\\\/aprenentatgeservei\\\/#website\"},\"primaryImageOfPage\":{\"@id\":\"https:\\\/\\\/diarieducacio.cat\\\/aprenentatgeservei\\\/2018\\\/07\\\/09\\\/estimam-i-aixi-voldre-canviar-el-mon\\\/#primaryimage\"},\"image\":{\"@id\":\"https:\\\/\\\/diarieducacio.cat\\\/aprenentatgeservei\\\/2018\\\/07\\\/09\\\/estimam-i-aixi-voldre-canviar-el-mon\\\/#primaryimage\"},\"thumbnailUrl\":\"https:\\\/\\\/diarieducacio.cat\\\/aprenentatgeservei\\\/wp-content\\\/uploads\\\/sites\\\/22\\\/2018\\\/07\\\/funes.jpg\",\"datePublished\":\"2018-07-09T22:11:44+00:00\",\"author\":{\"@id\":\"https:\\\/\\\/diarieducacio.cat\\\/aprenentatgeservei\\\/#\\\/schema\\\/person\\\/2d0c2ecde7198fd0db9e2186cc92f322\"},\"description\":\"Educar adolescents no \u00e9s tan sols fer una llarga gimcana dominant un conjunt d\u2019habilitats educatives. \u00c9s, fonamentalment, un repte permanent d\u2019educaci\u00f3 en valors. No. No podem deixar l\u2019\u00e8tica a un costat, com si fos un tema per a estones tranquil\u00b7les, perdudes\",\"breadcrumb\":{\"@id\":\"https:\\\/\\\/diarieducacio.cat\\\/aprenentatgeservei\\\/2018\\\/07\\\/09\\\/estimam-i-aixi-voldre-canviar-el-mon\\\/#breadcrumb\"},\"inLanguage\":\"ca\",\"potentialAction\":[{\"@type\":\"ReadAction\",\"target\":[\"https:\\\/\\\/diarieducacio.cat\\\/aprenentatgeservei\\\/2018\\\/07\\\/09\\\/estimam-i-aixi-voldre-canviar-el-mon\\\/\"]}]},{\"@type\":\"ImageObject\",\"inLanguage\":\"ca\",\"@id\":\"https:\\\/\\\/diarieducacio.cat\\\/aprenentatgeservei\\\/2018\\\/07\\\/09\\\/estimam-i-aixi-voldre-canviar-el-mon\\\/#primaryimage\",\"url\":\"https:\\\/\\\/diarieducacio.cat\\\/aprenentatgeservei\\\/wp-content\\\/uploads\\\/sites\\\/22\\\/2018\\\/07\\\/funes.jpg\",\"contentUrl\":\"https:\\\/\\\/diarieducacio.cat\\\/aprenentatgeservei\\\/wp-content\\\/uploads\\\/sites\\\/22\\\/2018\\\/07\\\/funes.jpg\",\"width\":2500,\"height\":1406,\"caption\":\"Jaume Funes | SANDRA VICENTE\"},{\"@type\":\"BreadcrumbList\",\"@id\":\"https:\\\/\\\/diarieducacio.cat\\\/aprenentatgeservei\\\/2018\\\/07\\\/09\\\/estimam-i-aixi-voldre-canviar-el-mon\\\/#breadcrumb\",\"itemListElement\":[{\"@type\":\"ListItem\",\"position\":1,\"name\":\"Inici\",\"item\":\"https:\\\/\\\/diarieducacio.cat\\\/aprenentatgeservei\\\/\"},{\"@type\":\"ListItem\",\"position\":2,\"name\":\"Estima&#8217;m i aix\u00ed voldr\u00e9 canviar el m\u00f3n\"}]},{\"@type\":\"WebSite\",\"@id\":\"https:\\\/\\\/diarieducacio.cat\\\/aprenentatgeservei\\\/#website\",\"url\":\"https:\\\/\\\/diarieducacio.cat\\\/aprenentatgeservei\\\/\",\"name\":\"Aps i educaci\u00f3 en valors\",\"description\":\"\",\"potentialAction\":[{\"@type\":\"SearchAction\",\"target\":{\"@type\":\"EntryPoint\",\"urlTemplate\":\"https:\\\/\\\/diarieducacio.cat\\\/aprenentatgeservei\\\/?s={search_term_string}\"},\"query-input\":{\"@type\":\"PropertyValueSpecification\",\"valueRequired\":true,\"valueName\":\"search_term_string\"}}],\"inLanguage\":\"ca\"},{\"@type\":\"Person\",\"@id\":\"https:\\\/\\\/diarieducacio.cat\\\/aprenentatgeservei\\\/#\\\/schema\\\/person\\\/2d0c2ecde7198fd0db9e2186cc92f322\",\"name\":\"Jaume Funes\",\"image\":{\"@type\":\"ImageObject\",\"inLanguage\":\"ca\",\"@id\":\"https:\\\/\\\/diarieducacio.cat\\\/wp-content\\\/uploads\\\/2024\\\/11\\\/jaume-funes_avatar_4-96x96.jpg\",\"url\":\"https:\\\/\\\/diarieducacio.cat\\\/wp-content\\\/uploads\\\/2024\\\/11\\\/jaume-funes_avatar_4-96x96.jpg\",\"contentUrl\":\"https:\\\/\\\/diarieducacio.cat\\\/wp-content\\\/uploads\\\/2024\\\/11\\\/jaume-funes_avatar_4-96x96.jpg\",\"caption\":\"Jaume Funes\"},\"description\":\"Psic\u00f2leg, educador i periodista\",\"url\":\"https:\\\/\\\/diarieducacio.cat\\\/aprenentatgeservei\\\/author\\\/jaumefunes1\\\/\"}]}<\/script>\n<!-- \/ Yoast SEO plugin. -->","yoast_head_json":{"title":"Jaume Funes: Estima'm i aix\u00ed voldr\u00e9 canviar el m\u00f3n - Aps i educaci\u00f3 en valors","description":"Educar adolescents no \u00e9s tan sols fer una llarga gimcana dominant un conjunt d\u2019habilitats educatives. \u00c9s, fonamentalment, un repte permanent d\u2019educaci\u00f3 en valors. No. No podem deixar l\u2019\u00e8tica a un costat, com si fos un tema per a estones tranquil\u00b7les, perdudes","robots":{"index":"index","follow":"follow","max-snippet":"max-snippet:-1","max-image-preview":"max-image-preview:large","max-video-preview":"max-video-preview:-1"},"canonical":"https:\/\/diarieducacio.cat\/aprenentatgeservei\/2018\/07\/09\/estimam-i-aixi-voldre-canviar-el-mon\/","og_locale":"ca_ES","og_type":"article","og_title":"Jaume Funes: Estima'm i aix\u00ed voldr\u00e9 canviar el m\u00f3n - Aps i educaci\u00f3 en valors","og_description":"Educar adolescents no \u00e9s tan sols fer una llarga gimcana dominant un conjunt d\u2019habilitats educatives. \u00c9s, fonamentalment, un repte permanent d\u2019educaci\u00f3 en valors. No. No podem deixar l\u2019\u00e8tica a un costat, com si fos un tema per a estones tranquil\u00b7les, perdudes","og_url":"https:\/\/diarieducacio.cat\/aprenentatgeservei\/2018\/07\/09\/estimam-i-aixi-voldre-canviar-el-mon\/","og_site_name":"Aps i educaci\u00f3 en valors","article_publisher":"https:\/\/www.facebook.com\/diarieducacio\/","article_published_time":"2018-07-09T22:11:44+00:00","og_image":[{"width":2500,"height":1406,"url":"https:\/\/diarieducacio.cat\/aprenentatgeservei\/wp-content\/uploads\/sites\/22\/2018\/07\/funes.jpg","type":"image\/jpeg"}],"author":"Jaume Funes","twitter_card":"summary_large_image","twitter_creator":"@DiariEducacio","twitter_site":"@DiariEducacio","twitter_misc":{"Escrit per":"Jaume Funes","Temps estimat de lectura":"4 minuts"},"schema":{"@context":"https:\/\/schema.org","@graph":[{"@type":"Article","@id":"https:\/\/diarieducacio.cat\/aprenentatgeservei\/2018\/07\/09\/estimam-i-aixi-voldre-canviar-el-mon\/#article","isPartOf":{"@id":"https:\/\/diarieducacio.cat\/aprenentatgeservei\/2018\/07\/09\/estimam-i-aixi-voldre-canviar-el-mon\/"},"author":{"name":"Jaume Funes","@id":"https:\/\/diarieducacio.cat\/aprenentatgeservei\/#\/schema\/person\/2d0c2ecde7198fd0db9e2186cc92f322"},"headline":"Estima&#8217;m i aix\u00ed voldr\u00e9 canviar el m\u00f3n","datePublished":"2018-07-09T22:11:44+00:00","mainEntityOfPage":{"@id":"https:\/\/diarieducacio.cat\/aprenentatgeservei\/2018\/07\/09\/estimam-i-aixi-voldre-canviar-el-mon\/"},"wordCount":884,"commentCount":0,"image":{"@id":"https:\/\/diarieducacio.cat\/aprenentatgeservei\/2018\/07\/09\/estimam-i-aixi-voldre-canviar-el-mon\/#primaryimage"},"thumbnailUrl":"https:\/\/diarieducacio.cat\/aprenentatgeservei\/wp-content\/uploads\/sites\/22\/2018\/07\/funes.jpg","keywords":["adolesc\u00e8ncia","estima'm quan menys ho mereixi perqu\u00e8 \u00e9s quan m\u00e9s ho necessito","jaume funes"],"articleSection":["General"],"inLanguage":"ca","potentialAction":[{"@type":"CommentAction","name":"Comment","target":["https:\/\/diarieducacio.cat\/aprenentatgeservei\/2018\/07\/09\/estimam-i-aixi-voldre-canviar-el-mon\/#respond"]}]},{"@type":"WebPage","@id":"https:\/\/diarieducacio.cat\/aprenentatgeservei\/2018\/07\/09\/estimam-i-aixi-voldre-canviar-el-mon\/","url":"https:\/\/diarieducacio.cat\/aprenentatgeservei\/2018\/07\/09\/estimam-i-aixi-voldre-canviar-el-mon\/","name":"Jaume Funes: Estima'm i aix\u00ed voldr\u00e9 canviar el m\u00f3n - Aps i educaci\u00f3 en valors","isPartOf":{"@id":"https:\/\/diarieducacio.cat\/aprenentatgeservei\/#website"},"primaryImageOfPage":{"@id":"https:\/\/diarieducacio.cat\/aprenentatgeservei\/2018\/07\/09\/estimam-i-aixi-voldre-canviar-el-mon\/#primaryimage"},"image":{"@id":"https:\/\/diarieducacio.cat\/aprenentatgeservei\/2018\/07\/09\/estimam-i-aixi-voldre-canviar-el-mon\/#primaryimage"},"thumbnailUrl":"https:\/\/diarieducacio.cat\/aprenentatgeservei\/wp-content\/uploads\/sites\/22\/2018\/07\/funes.jpg","datePublished":"2018-07-09T22:11:44+00:00","author":{"@id":"https:\/\/diarieducacio.cat\/aprenentatgeservei\/#\/schema\/person\/2d0c2ecde7198fd0db9e2186cc92f322"},"description":"Educar adolescents no \u00e9s tan sols fer una llarga gimcana dominant un conjunt d\u2019habilitats educatives. \u00c9s, fonamentalment, un repte permanent d\u2019educaci\u00f3 en valors. No. No podem deixar l\u2019\u00e8tica a un costat, com si fos un tema per a estones tranquil\u00b7les, perdudes","breadcrumb":{"@id":"https:\/\/diarieducacio.cat\/aprenentatgeservei\/2018\/07\/09\/estimam-i-aixi-voldre-canviar-el-mon\/#breadcrumb"},"inLanguage":"ca","potentialAction":[{"@type":"ReadAction","target":["https:\/\/diarieducacio.cat\/aprenentatgeservei\/2018\/07\/09\/estimam-i-aixi-voldre-canviar-el-mon\/"]}]},{"@type":"ImageObject","inLanguage":"ca","@id":"https:\/\/diarieducacio.cat\/aprenentatgeservei\/2018\/07\/09\/estimam-i-aixi-voldre-canviar-el-mon\/#primaryimage","url":"https:\/\/diarieducacio.cat\/aprenentatgeservei\/wp-content\/uploads\/sites\/22\/2018\/07\/funes.jpg","contentUrl":"https:\/\/diarieducacio.cat\/aprenentatgeservei\/wp-content\/uploads\/sites\/22\/2018\/07\/funes.jpg","width":2500,"height":1406,"caption":"Jaume Funes | SANDRA VICENTE"},{"@type":"BreadcrumbList","@id":"https:\/\/diarieducacio.cat\/aprenentatgeservei\/2018\/07\/09\/estimam-i-aixi-voldre-canviar-el-mon\/#breadcrumb","itemListElement":[{"@type":"ListItem","position":1,"name":"Inici","item":"https:\/\/diarieducacio.cat\/aprenentatgeservei\/"},{"@type":"ListItem","position":2,"name":"Estima&#8217;m i aix\u00ed voldr\u00e9 canviar el m\u00f3n"}]},{"@type":"WebSite","@id":"https:\/\/diarieducacio.cat\/aprenentatgeservei\/#website","url":"https:\/\/diarieducacio.cat\/aprenentatgeservei\/","name":"Aps i educaci\u00f3 en valors","description":"","potentialAction":[{"@type":"SearchAction","target":{"@type":"EntryPoint","urlTemplate":"https:\/\/diarieducacio.cat\/aprenentatgeservei\/?s={search_term_string}"},"query-input":{"@type":"PropertyValueSpecification","valueRequired":true,"valueName":"search_term_string"}}],"inLanguage":"ca"},{"@type":"Person","@id":"https:\/\/diarieducacio.cat\/aprenentatgeservei\/#\/schema\/person\/2d0c2ecde7198fd0db9e2186cc92f322","name":"Jaume Funes","image":{"@type":"ImageObject","inLanguage":"ca","@id":"https:\/\/diarieducacio.cat\/wp-content\/uploads\/2024\/11\/jaume-funes_avatar_4-96x96.jpg","url":"https:\/\/diarieducacio.cat\/wp-content\/uploads\/2024\/11\/jaume-funes_avatar_4-96x96.jpg","contentUrl":"https:\/\/diarieducacio.cat\/wp-content\/uploads\/2024\/11\/jaume-funes_avatar_4-96x96.jpg","caption":"Jaume Funes"},"description":"Psic\u00f2leg, educador i periodista","url":"https:\/\/diarieducacio.cat\/aprenentatgeservei\/author\/jaumefunes1\/"}]}},"_links":{"self":[{"href":"https:\/\/diarieducacio.cat\/aprenentatgeservei\/wp-json\/wp\/v2\/posts\/2207","targetHints":{"allow":["GET"]}}],"collection":[{"href":"https:\/\/diarieducacio.cat\/aprenentatgeservei\/wp-json\/wp\/v2\/posts"}],"about":[{"href":"https:\/\/diarieducacio.cat\/aprenentatgeservei\/wp-json\/wp\/v2\/types\/post"}],"author":[{"embeddable":true,"href":"https:\/\/diarieducacio.cat\/aprenentatgeservei\/wp-json\/wp\/v2\/users\/403"}],"replies":[{"embeddable":true,"href":"https:\/\/diarieducacio.cat\/aprenentatgeservei\/wp-json\/wp\/v2\/comments?post=2207"}],"version-history":[{"count":0,"href":"https:\/\/diarieducacio.cat\/aprenentatgeservei\/wp-json\/wp\/v2\/posts\/2207\/revisions"}],"wp:featuredmedia":[{"embeddable":true,"href":"https:\/\/diarieducacio.cat\/aprenentatgeservei\/wp-json\/wp\/v2\/media\/428"}],"wp:attachment":[{"href":"https:\/\/diarieducacio.cat\/aprenentatgeservei\/wp-json\/wp\/v2\/media?parent=2207"}],"wp:term":[{"taxonomy":"category","embeddable":true,"href":"https:\/\/diarieducacio.cat\/aprenentatgeservei\/wp-json\/wp\/v2\/categories?post=2207"},{"taxonomy":"post_tag","embeddable":true,"href":"https:\/\/diarieducacio.cat\/aprenentatgeservei\/wp-json\/wp\/v2\/tags?post=2207"},{"taxonomy":"tipo","embeddable":true,"href":"https:\/\/diarieducacio.cat\/aprenentatgeservei\/wp-json\/wp\/v2\/tipo?post=2207"}],"curies":[{"name":"wp","href":"https:\/\/api.w.org\/{rel}","templated":true}]}}