{"id":2410,"date":"2025-04-14T05:00:00","date_gmt":"2025-04-14T03:00:00","guid":{"rendered":"https:\/\/diarieducacio.cat\/aprenentatgeservei\/?p=2410"},"modified":"2025-04-11T19:23:09","modified_gmt":"2025-04-11T17:23:09","slug":"mes-de-20-anys-daps-a-catalunya-un-clam-collectiu-per-un-aprenentatge-amb-compromis","status":"publish","type":"post","link":"https:\/\/diarieducacio.cat\/aprenentatgeservei\/2025\/04\/14\/mes-de-20-anys-daps-a-catalunya-un-clam-collectiu-per-un-aprenentatge-amb-compromis\/","title":{"rendered":"M\u00e9s de 20 anys d\u2019ApS a Catalunya!\u00a0Un clam col\u00b7lectiu per un aprenentatge amb comprom\u00eds"},"content":{"rendered":"\n<p>Aquest mes d\u2019abril ha tingut lloc la&nbsp;<em>10a Jornada d\u2019intercanvi d\u2019experi\u00e8ncies d\u2019Aprenentatge Servei (ApS)<\/em>, organitzada pel&nbsp;<a href=\"https:\/\/aprenentatgeservei.cat\/\"><strong>Centre Promotor d\u2019ApS de Catalunya<\/strong><\/a>, que ha reunit 125 persones vinculades al m\u00f3n educatiu i social. Aquesta edici\u00f3 \u00e9s especialment significativa, ja que commemora tamb\u00e9 m\u00e9s de 20 anys des de l\u2019arribada i implantaci\u00f3 del concepte d\u2019ApS a Catalunya, una traject\u00f2ria que ha consolidat aquesta metodologia com a pal de paller d\u2019una educaci\u00f3 transformadora.<\/p>\n\n\n\n<p>Amb el lema \u201cApS, mirades des de l\u2019evid\u00e8ncia\u201d, la jornada ha volgut visibilitzar els efectes positius de l\u2019ApS tant en l\u2019alumnat com en les comunitats, a partir d\u2019una combinaci\u00f3 de pr\u00e0ctiques inspiradores i recerca acad\u00e8mica.<\/p>\n\n\n\n<h3 class=\"wp-block-heading\"><strong>Una benvinguda amb mirada cr\u00edtica i esperan\u00e7adora<\/strong><\/h3>\n\n\n\n<p>Des del Centre Promotor, l\u2019Anna Escofet, va donar el tret de sortida a la jornada situant el repte de l\u2019ofensiva antipedag\u00f2gica que q\u00fcestiona les pedagogies actives. En aquest context, ha subratllat la import\u00e0ncia de defensar l\u2019ApS des de les evid\u00e8ncies, tant les recollides per la recerca com les constru\u00efdes a les aules i als barris.<\/p>\n\n\n\n<h3 class=\"wp-block-heading\">Di\u00e0legs que connecten neuroci\u00e8ncia, pedagogia i comprom\u00eds social<\/h3>\n\n\n\n<p>Un dels moments centrals de la jornada va ser la taula de di\u00e0leg entre Xus Mart\u00edn, professora de la Facultat d\u2019Educaci\u00f3 de la UB, i David Bueno, neurocient\u00edfic i director de la C\u00e0tedra de Neuroeducaci\u00f3 UB-EDU1st. Xus Mart\u00edn va defensar que l\u2019Aprenentatge Servei suposa una passa m\u00e9s en l\u2019evoluci\u00f3 de les pedagogies actives, perqu\u00e8 \u201cposa en connexi\u00f3 centres educatius i realitat\u201d. Va remarcar que l\u2019ApS genera condicions reals per a l\u2019aprenentatge, ja que \u201cla realitat ens demostra si aprenem o no, si hem canviat alguna cosa o no\u201d. Tamb\u00e9 va destacar el valor del servei com a motor motivador, precisament perqu\u00e8 comporta un repte i implica exposar-se: \u201cEl servei \u00e9s motivador perqu\u00e8 \u00e9s arriscat. Ens fa por no estar a l\u2019altura, i aix\u00f2 ens fa cr\u00e9ixer.\u201d Per Mart\u00edn, l\u2019ApS trenca amb el determinisme sociol\u00f2gic i ofereix a infants i joves l\u2019oportunitat de fer que les coses \u201cpassin de deb\u00f2\u201d.<\/p>\n\n\n\n<p>Per la seva banda, David Bueno va oferir una mirada des de la neuroci\u00e8ncia, explicant com l\u2019ApS connecta amb els mecanismes m\u00e9s eficients del cervell per aprendre: \u201cLa motivaci\u00f3 energitza el cervell. Pots treballar m\u00e9s estona sense cansar-te, i la zona del cervell que gestiona la motivaci\u00f3 s\u2019enriqueix amb la satisfacci\u00f3 i amb l\u2019optimisme.\u201d Va destacar que el vincle entre aprenentatge i emoci\u00f3 \u00e9s clau per consolidar coneixements, ja que \u201cmemoritzar sense emoci\u00f3 \u00e9s molt m\u00e9s dif\u00edcil; si vinculem l\u2019aprenentatge a una emoci\u00f3, ho recordem millor.\u201d A m\u00e9s, va subratllar que accions com explicar el que fem a altres persones, siguin infants o avis, activen m\u00e9s zones del cervell relacionades amb el raonament i afavoreixen connexions neuronals m\u00e9s \u00e0mplies i eficients. Tot plegat refor\u00e7a la idea que l\u2019ApS, quan es dissenya i acompanya b\u00e9, no nom\u00e9s transforma el context social, sin\u00f3 tamb\u00e9 el cervell que apr\u00e8n.&nbsp;<\/p>\n\n\n\n<h3 class=\"wp-block-heading\"><strong>Tallers per aprofundir en l\u2019impacte<\/strong><\/h3>\n\n\n\n<p>La jornada tamb\u00e9 va comptar amb quatre tallers simultanis que han perm\u00e8s analitzar l\u2019impacte de l\u2019Aprenentatge Servei des de diferents perspectives complement\u00e0ries: els sabers i capacitats de l\u2019alumnat, el creixement personal d\u2019infants i adolescents, els efectes positius en l\u2019entorn social, i la millora interna dels centres educatius i entitats socials. Aquests espais de treball han esdevingut un lloc clau per a la posada en com\u00fa de bones pr\u00e0ctiques, aix\u00ed com per generar reflexions cr\u00edtiques sobre les condicions que afavoreixen un ApS de qualitat, amb l\u2019objectiu de continuar avan\u00e7ant cap a una educaci\u00f3 m\u00e9s transformadora i compromesa.<\/p>\n\n\n\n<h3 class=\"wp-block-heading\"><strong>Veus joves, experi\u00e8ncies i celebraci\u00f3<\/strong><\/h3>\n\n\n\n<p>Un dels moments m\u00e9s potents de la jornada va ser el protagonitzat pels joves participants en projectes d\u2019ApS, que van compartir viv\u00e8ncies i reflexions profundes sobre la seva experi\u00e8ncia. Van expressar cap a les seves educadores la necessitat de tenir m\u00e9s temps per fer les accions i aprendre d\u2019elles, de poder-se moure entre diferents \u00e0mbits de projecte, i sobretot, van destacar com d\u2019important havia estat per a ells sentir-se b\u00e9 ajudant a altres persones. Tamb\u00e9 van posar sobre la taula la import\u00e0ncia de l\u2019empatia en el marc de les accions, de valorar totes les aportacions i d\u2019acceptar la complexitat del proc\u00e9s educatiu, que pot ser f\u00e0cil i dif\u00edcil alhora.&nbsp;<\/p>\n\n\n\n<p>A m\u00e9s, diverses experi\u00e8ncies educatives i socials van presentar els seus projectes en format p\u00f2ster. Un espai important per inspirar-nos en les experi\u00e8ncies de les altres, parlar amb altres centres i entitats per\u00a0con\u00e8ixer qu\u00e8 s\u2019est\u00e0 fent en la pr\u00e0ctica i continuar fent xarxa.<\/p>\n\n\n<div class=\"wp-block-image\">\n<figure class=\"alignright size-full\"><img fetchpriority=\"high\" decoding=\"async\" width=\"435\" height=\"577\" src=\"https:\/\/diarieducacio.cat\/aprenentatgeservei\/wp-content\/uploads\/sites\/22\/2025\/04\/Imagen-4.png\" alt=\"\" class=\"wp-image-2413\" srcset=\"https:\/\/diarieducacio.cat\/aprenentatgeservei\/wp-content\/uploads\/sites\/22\/2025\/04\/Imagen-4.png 435w, https:\/\/diarieducacio.cat\/aprenentatgeservei\/wp-content\/uploads\/sites\/22\/2025\/04\/Imagen-4-226x300.png 226w, https:\/\/diarieducacio.cat\/aprenentatgeservei\/wp-content\/uploads\/sites\/22\/2025\/04\/Imagen-4-150x199.png 150w\" sizes=\"(max-width: 435px) 100vw, 435px\" \/><\/figure>\n<\/div>\n\n\n<p>Tamb\u00e9 vam poder bufar les espelmes d\u2019aniversari amb uns pastissos molt especials elaborats en un projecte d\u2019ApS de l\u2019alumnat de cuina de Fundesplai, que tamb\u00e9 van compartir el seu proc\u00e9s d\u2019aprenentatge i com l\u2019experi\u00e8ncia educativa i la vinculaci\u00f3 real els ajuda a aprendre millor. Vam recon\u00e8ixer que els 20 anys segurament s\u00f3n m\u00e9s anys, ja que sabem que la filosofia i manera de fer de l\u2019ApS \u00e9s quelcom que ja formava part de la manera de fer d\u2019espais educatius i socials molt abans que arrib\u00e9s a Catalunya aquest concepte. Per\u00f2, reconeixem com ens ha ajudat a millorar l\u2019acci\u00f3 pedag\u00f2gica, construir coneixement, difondre bones pr\u00e0ctiques i construir comunitat. Durant aquests anys s\u00f3n moltes les administracions, entitats socials, federacions d\u2019entitats, universitats, moviments de lleure i escoltisme, centres educatius i persones individuals, que des de molts llocs han fet possible que tantes persones puguin aprendre i comprometre\u2019s amb la transformaci\u00f3 de la realitat a partir d\u2019accions d\u2019aprenentatge servei.<\/p>\n\n\n\n<h3 class=\"wp-block-heading\"><strong>Conclusions compartides per seguir avan\u00e7ant<\/strong><\/h3>\n\n\n\n<p>Durant la jornada, es van compartir conclusions preliminars d\u2019una ronda de trobades amb docents i entitats amb una llarga traject\u00f2ria en aquest \u00e0mbit. D\u2019aquestes converses n\u2019han sorgit diverses propostes de millora per continuar fent cr\u00e9ixer l\u2019ApS de qualitat als espais educatius: facilitar aspectes organitzatius, impulsar el reconeixement institucional, promoure formacions conjuntes entre centres i entitats, consolidar projectes en l&#8217;\u00e0mbit territorial i difondre bones pr\u00e0ctiques, entre d\u2019altres. Tamb\u00e9 es va posar en relleu la import\u00e0ncia de crear espais de reconeixement per a l\u2019alumnat i d\u2019impulsar l\u2019ApS en totes les etapes educatives m\u00e9s enll\u00e0 de l\u2019obligatorietat de secund\u00e0ria.\u00a0<\/p>\n\n\n\n<p>Des del Centre Promotor d\u2019ApS, es va agrair la participaci\u00f3 de totes les persones assistents i el treball constant de les comunitats educatives i socials que, dia rere dia, fan possible una educaci\u00f3 cr\u00edtica, compromesa i transformadora.<\/p>\n\n\n\n<p>Amb una mirada posada al futur, aquestes jornades continuen consolidant-se com un espai clau per al creixement i la qualitat de l\u2019ApS a Catalunya. Fins les properes!<\/p>\n","protected":false},"excerpt":{"rendered":"<p>Aquest mes d\u2019abril ha tingut lloc la&nbsp;10a Jornada d\u2019intercanvi d\u2019experi\u00e8ncies d\u2019Aprenentatge Servei (ApS), organitzada pel&nbsp;Centre Promotor d\u2019ApS de Catalunya, que ha reunit 125 persones vinculades al m\u00f3n educatiu i social. Aquesta edici\u00f3 \u00e9s especialment significativa, ja que commemora tamb\u00e9 m\u00e9s de 20 anys des de l\u2019arribada i implantaci\u00f3 del concepte d\u2019ApS a Catalunya, una traject\u00f2ria<\/p>\n","protected":false},"author":2008,"featured_media":2412,"comment_status":"open","ping_status":"open","sticky":false,"template":"","format":"standard","meta":{"footnotes":""},"categories":[203,2],"tags":[97,98,226],"tipo":[259],"class_list":{"0":"post-2410","1":"post","2":"type-post","3":"status-publish","4":"format-standard","5":"has-post-thumbnail","7":"category-comunitat","8":"category-general","9":"tag-aprenentatge-servei","10":"tag-aps","11":"tag-educacio-en-valors","12":"tipo-actualitat"},"yoast_head":"<!-- This site is optimized with the Yoast SEO plugin v27.4 - https:\/\/yoast.com\/product\/yoast-seo-wordpress\/ -->\n<title>M\u00e9s de 20 anys d\u2019ApS a Catalunya!\u00a0Un clam col\u00b7lectiu per un aprenentatge amb comprom\u00eds - Aps i educaci\u00f3 en valors<\/title>\n<meta name=\"robots\" content=\"index, follow, max-snippet:-1, max-image-preview:large, max-video-preview:-1\" \/>\n<link rel=\"canonical\" href=\"https:\/\/diarieducacio.cat\/aprenentatgeservei\/2025\/04\/14\/mes-de-20-anys-daps-a-catalunya-un-clam-collectiu-per-un-aprenentatge-amb-compromis\/\" \/>\n<meta property=\"og:locale\" content=\"ca_ES\" \/>\n<meta property=\"og:type\" content=\"article\" \/>\n<meta property=\"og:title\" content=\"M\u00e9s de 20 anys d\u2019ApS a Catalunya!\u00a0Un clam col\u00b7lectiu per un aprenentatge amb comprom\u00eds - Aps i educaci\u00f3 en valors\" \/>\n<meta property=\"og:description\" content=\"Aquest mes d\u2019abril ha tingut lloc la&nbsp;10a Jornada d\u2019intercanvi d\u2019experi\u00e8ncies d\u2019Aprenentatge Servei (ApS), organitzada pel&nbsp;Centre Promotor d\u2019ApS de Catalunya, que ha reunit 125 persones vinculades al m\u00f3n educatiu i social. Aquesta edici\u00f3 \u00e9s especialment significativa, ja que commemora tamb\u00e9 m\u00e9s de 20 anys des de l\u2019arribada i implantaci\u00f3 del concepte d\u2019ApS a Catalunya, una traject\u00f2ria\" \/>\n<meta property=\"og:url\" content=\"https:\/\/diarieducacio.cat\/aprenentatgeservei\/2025\/04\/14\/mes-de-20-anys-daps-a-catalunya-un-clam-collectiu-per-un-aprenentatge-amb-compromis\/\" \/>\n<meta property=\"og:site_name\" content=\"Aps i educaci\u00f3 en valors\" \/>\n<meta property=\"article:publisher\" content=\"https:\/\/www.facebook.com\/diarieducacio\/\" \/>\n<meta property=\"article:published_time\" content=\"2025-04-14T03:00:00+00:00\" \/>\n<meta property=\"og:image\" content=\"https:\/\/diarieducacio.cat\/aprenentatgeservei\/wp-content\/uploads\/sites\/22\/2025\/04\/Imagen-1.png\" \/>\n\t<meta property=\"og:image:width\" content=\"939\" \/>\n\t<meta property=\"og:image:height\" content=\"706\" \/>\n\t<meta property=\"og:image:type\" content=\"image\/png\" \/>\n<meta name=\"author\" content=\"Brenda B\u00e4r\" \/>\n<meta name=\"twitter:card\" content=\"summary_large_image\" \/>\n<meta name=\"twitter:creator\" content=\"@DiariEducacio\" \/>\n<meta name=\"twitter:site\" content=\"@DiariEducacio\" \/>\n<meta name=\"twitter:label1\" content=\"Escrit per\" \/>\n\t<meta name=\"twitter:data1\" content=\"Brenda B\u00e4r\" \/>\n\t<meta name=\"twitter:label2\" content=\"Temps estimat de lectura\" \/>\n\t<meta name=\"twitter:data2\" content=\"6 minuts\" \/>\n<script type=\"application\/ld+json\" class=\"yoast-schema-graph\">{\"@context\":\"https:\\\/\\\/schema.org\",\"@graph\":[{\"@type\":\"Article\",\"@id\":\"https:\\\/\\\/diarieducacio.cat\\\/aprenentatgeservei\\\/2025\\\/04\\\/14\\\/mes-de-20-anys-daps-a-catalunya-un-clam-collectiu-per-un-aprenentatge-amb-compromis\\\/#article\",\"isPartOf\":{\"@id\":\"https:\\\/\\\/diarieducacio.cat\\\/aprenentatgeservei\\\/2025\\\/04\\\/14\\\/mes-de-20-anys-daps-a-catalunya-un-clam-collectiu-per-un-aprenentatge-amb-compromis\\\/\"},\"author\":{\"name\":\"Brenda B\u00e4r\",\"@id\":\"https:\\\/\\\/diarieducacio.cat\\\/aprenentatgeservei\\\/#\\\/schema\\\/person\\\/e653d0067fd57821394ef53e42e6c758\"},\"headline\":\"M\u00e9s de 20 anys d\u2019ApS a Catalunya!\u00a0Un clam col\u00b7lectiu per un aprenentatge amb comprom\u00eds\",\"datePublished\":\"2025-04-14T03:00:00+00:00\",\"mainEntityOfPage\":{\"@id\":\"https:\\\/\\\/diarieducacio.cat\\\/aprenentatgeservei\\\/2025\\\/04\\\/14\\\/mes-de-20-anys-daps-a-catalunya-un-clam-collectiu-per-un-aprenentatge-amb-compromis\\\/\"},\"wordCount\":1209,\"commentCount\":0,\"image\":{\"@id\":\"https:\\\/\\\/diarieducacio.cat\\\/aprenentatgeservei\\\/2025\\\/04\\\/14\\\/mes-de-20-anys-daps-a-catalunya-un-clam-collectiu-per-un-aprenentatge-amb-compromis\\\/#primaryimage\"},\"thumbnailUrl\":\"https:\\\/\\\/diarieducacio.cat\\\/aprenentatgeservei\\\/wp-content\\\/uploads\\\/sites\\\/22\\\/2025\\\/04\\\/Imagen-1.png\",\"keywords\":[\"aprenentatge servei\",\"APS\",\"educaci\u00f3 en valors\"],\"articleSection\":[\"Comunitat\",\"General\"],\"inLanguage\":\"ca\",\"potentialAction\":[{\"@type\":\"CommentAction\",\"name\":\"Comment\",\"target\":[\"https:\\\/\\\/diarieducacio.cat\\\/aprenentatgeservei\\\/2025\\\/04\\\/14\\\/mes-de-20-anys-daps-a-catalunya-un-clam-collectiu-per-un-aprenentatge-amb-compromis\\\/#respond\"]}]},{\"@type\":\"WebPage\",\"@id\":\"https:\\\/\\\/diarieducacio.cat\\\/aprenentatgeservei\\\/2025\\\/04\\\/14\\\/mes-de-20-anys-daps-a-catalunya-un-clam-collectiu-per-un-aprenentatge-amb-compromis\\\/\",\"url\":\"https:\\\/\\\/diarieducacio.cat\\\/aprenentatgeservei\\\/2025\\\/04\\\/14\\\/mes-de-20-anys-daps-a-catalunya-un-clam-collectiu-per-un-aprenentatge-amb-compromis\\\/\",\"name\":\"M\u00e9s de 20 anys d\u2019ApS a Catalunya!\u00a0Un clam col\u00b7lectiu per un aprenentatge amb comprom\u00eds - Aps i educaci\u00f3 en valors\",\"isPartOf\":{\"@id\":\"https:\\\/\\\/diarieducacio.cat\\\/aprenentatgeservei\\\/#website\"},\"primaryImageOfPage\":{\"@id\":\"https:\\\/\\\/diarieducacio.cat\\\/aprenentatgeservei\\\/2025\\\/04\\\/14\\\/mes-de-20-anys-daps-a-catalunya-un-clam-collectiu-per-un-aprenentatge-amb-compromis\\\/#primaryimage\"},\"image\":{\"@id\":\"https:\\\/\\\/diarieducacio.cat\\\/aprenentatgeservei\\\/2025\\\/04\\\/14\\\/mes-de-20-anys-daps-a-catalunya-un-clam-collectiu-per-un-aprenentatge-amb-compromis\\\/#primaryimage\"},\"thumbnailUrl\":\"https:\\\/\\\/diarieducacio.cat\\\/aprenentatgeservei\\\/wp-content\\\/uploads\\\/sites\\\/22\\\/2025\\\/04\\\/Imagen-1.png\",\"datePublished\":\"2025-04-14T03:00:00+00:00\",\"author\":{\"@id\":\"https:\\\/\\\/diarieducacio.cat\\\/aprenentatgeservei\\\/#\\\/schema\\\/person\\\/e653d0067fd57821394ef53e42e6c758\"},\"breadcrumb\":{\"@id\":\"https:\\\/\\\/diarieducacio.cat\\\/aprenentatgeservei\\\/2025\\\/04\\\/14\\\/mes-de-20-anys-daps-a-catalunya-un-clam-collectiu-per-un-aprenentatge-amb-compromis\\\/#breadcrumb\"},\"inLanguage\":\"ca\",\"potentialAction\":[{\"@type\":\"ReadAction\",\"target\":[\"https:\\\/\\\/diarieducacio.cat\\\/aprenentatgeservei\\\/2025\\\/04\\\/14\\\/mes-de-20-anys-daps-a-catalunya-un-clam-collectiu-per-un-aprenentatge-amb-compromis\\\/\"]}]},{\"@type\":\"ImageObject\",\"inLanguage\":\"ca\",\"@id\":\"https:\\\/\\\/diarieducacio.cat\\\/aprenentatgeservei\\\/2025\\\/04\\\/14\\\/mes-de-20-anys-daps-a-catalunya-un-clam-collectiu-per-un-aprenentatge-amb-compromis\\\/#primaryimage\",\"url\":\"https:\\\/\\\/diarieducacio.cat\\\/aprenentatgeservei\\\/wp-content\\\/uploads\\\/sites\\\/22\\\/2025\\\/04\\\/Imagen-1.png\",\"contentUrl\":\"https:\\\/\\\/diarieducacio.cat\\\/aprenentatgeservei\\\/wp-content\\\/uploads\\\/sites\\\/22\\\/2025\\\/04\\\/Imagen-1.png\",\"width\":939,\"height\":706},{\"@type\":\"BreadcrumbList\",\"@id\":\"https:\\\/\\\/diarieducacio.cat\\\/aprenentatgeservei\\\/2025\\\/04\\\/14\\\/mes-de-20-anys-daps-a-catalunya-un-clam-collectiu-per-un-aprenentatge-amb-compromis\\\/#breadcrumb\",\"itemListElement\":[{\"@type\":\"ListItem\",\"position\":1,\"name\":\"Inici\",\"item\":\"https:\\\/\\\/diarieducacio.cat\\\/aprenentatgeservei\\\/\"},{\"@type\":\"ListItem\",\"position\":2,\"name\":\"M\u00e9s de 20 anys d\u2019ApS a Catalunya!\u00a0Un clam col\u00b7lectiu per un aprenentatge amb comprom\u00eds\"}]},{\"@type\":\"WebSite\",\"@id\":\"https:\\\/\\\/diarieducacio.cat\\\/aprenentatgeservei\\\/#website\",\"url\":\"https:\\\/\\\/diarieducacio.cat\\\/aprenentatgeservei\\\/\",\"name\":\"Aps i educaci\u00f3 en valors\",\"description\":\"\",\"potentialAction\":[{\"@type\":\"SearchAction\",\"target\":{\"@type\":\"EntryPoint\",\"urlTemplate\":\"https:\\\/\\\/diarieducacio.cat\\\/aprenentatgeservei\\\/?s={search_term_string}\"},\"query-input\":{\"@type\":\"PropertyValueSpecification\",\"valueRequired\":true,\"valueName\":\"search_term_string\"}}],\"inLanguage\":\"ca\"},{\"@type\":\"Person\",\"@id\":\"https:\\\/\\\/diarieducacio.cat\\\/aprenentatgeservei\\\/#\\\/schema\\\/person\\\/e653d0067fd57821394ef53e42e6c758\",\"name\":\"Brenda B\u00e4r\",\"image\":{\"@type\":\"ImageObject\",\"inLanguage\":\"ca\",\"@id\":\"https:\\\/\\\/diarieducacio.cat\\\/wp-content\\\/uploads\\\/2025\\\/02\\\/bbar_avatar-96x96.jpg\",\"url\":\"https:\\\/\\\/diarieducacio.cat\\\/wp-content\\\/uploads\\\/2025\\\/02\\\/bbar_avatar-96x96.jpg\",\"contentUrl\":\"https:\\\/\\\/diarieducacio.cat\\\/wp-content\\\/uploads\\\/2025\\\/02\\\/bbar_avatar-96x96.jpg\",\"caption\":\"Brenda B\u00e4r\"},\"description\":\"Membre del Grup de Recerca en Educaci\u00f3 Moral (GREM) de la Facultat d'Educaci\u00f3 de la Universitat de Barcelona\",\"url\":\"https:\\\/\\\/diarieducacio.cat\\\/aprenentatgeservei\\\/author\\\/bbar\\\/\"}]}<\/script>\n<!-- \/ Yoast SEO plugin. -->","yoast_head_json":{"title":"M\u00e9s de 20 anys d\u2019ApS a Catalunya!\u00a0Un clam col\u00b7lectiu per un aprenentatge amb comprom\u00eds - Aps i educaci\u00f3 en valors","robots":{"index":"index","follow":"follow","max-snippet":"max-snippet:-1","max-image-preview":"max-image-preview:large","max-video-preview":"max-video-preview:-1"},"canonical":"https:\/\/diarieducacio.cat\/aprenentatgeservei\/2025\/04\/14\/mes-de-20-anys-daps-a-catalunya-un-clam-collectiu-per-un-aprenentatge-amb-compromis\/","og_locale":"ca_ES","og_type":"article","og_title":"M\u00e9s de 20 anys d\u2019ApS a Catalunya!\u00a0Un clam col\u00b7lectiu per un aprenentatge amb comprom\u00eds - Aps i educaci\u00f3 en valors","og_description":"Aquest mes d\u2019abril ha tingut lloc la&nbsp;10a Jornada d\u2019intercanvi d\u2019experi\u00e8ncies d\u2019Aprenentatge Servei (ApS), organitzada pel&nbsp;Centre Promotor d\u2019ApS de Catalunya, que ha reunit 125 persones vinculades al m\u00f3n educatiu i social. Aquesta edici\u00f3 \u00e9s especialment significativa, ja que commemora tamb\u00e9 m\u00e9s de 20 anys des de l\u2019arribada i implantaci\u00f3 del concepte d\u2019ApS a Catalunya, una traject\u00f2ria","og_url":"https:\/\/diarieducacio.cat\/aprenentatgeservei\/2025\/04\/14\/mes-de-20-anys-daps-a-catalunya-un-clam-collectiu-per-un-aprenentatge-amb-compromis\/","og_site_name":"Aps i educaci\u00f3 en valors","article_publisher":"https:\/\/www.facebook.com\/diarieducacio\/","article_published_time":"2025-04-14T03:00:00+00:00","og_image":[{"width":939,"height":706,"url":"https:\/\/diarieducacio.cat\/aprenentatgeservei\/wp-content\/uploads\/sites\/22\/2025\/04\/Imagen-1.png","type":"image\/png"}],"author":"Brenda B\u00e4r","twitter_card":"summary_large_image","twitter_creator":"@DiariEducacio","twitter_site":"@DiariEducacio","twitter_misc":{"Escrit per":"Brenda B\u00e4r","Temps estimat de lectura":"6 minuts"},"schema":{"@context":"https:\/\/schema.org","@graph":[{"@type":"Article","@id":"https:\/\/diarieducacio.cat\/aprenentatgeservei\/2025\/04\/14\/mes-de-20-anys-daps-a-catalunya-un-clam-collectiu-per-un-aprenentatge-amb-compromis\/#article","isPartOf":{"@id":"https:\/\/diarieducacio.cat\/aprenentatgeservei\/2025\/04\/14\/mes-de-20-anys-daps-a-catalunya-un-clam-collectiu-per-un-aprenentatge-amb-compromis\/"},"author":{"name":"Brenda B\u00e4r","@id":"https:\/\/diarieducacio.cat\/aprenentatgeservei\/#\/schema\/person\/e653d0067fd57821394ef53e42e6c758"},"headline":"M\u00e9s de 20 anys d\u2019ApS a Catalunya!\u00a0Un clam col\u00b7lectiu per un aprenentatge amb comprom\u00eds","datePublished":"2025-04-14T03:00:00+00:00","mainEntityOfPage":{"@id":"https:\/\/diarieducacio.cat\/aprenentatgeservei\/2025\/04\/14\/mes-de-20-anys-daps-a-catalunya-un-clam-collectiu-per-un-aprenentatge-amb-compromis\/"},"wordCount":1209,"commentCount":0,"image":{"@id":"https:\/\/diarieducacio.cat\/aprenentatgeservei\/2025\/04\/14\/mes-de-20-anys-daps-a-catalunya-un-clam-collectiu-per-un-aprenentatge-amb-compromis\/#primaryimage"},"thumbnailUrl":"https:\/\/diarieducacio.cat\/aprenentatgeservei\/wp-content\/uploads\/sites\/22\/2025\/04\/Imagen-1.png","keywords":["aprenentatge servei","APS","educaci\u00f3 en valors"],"articleSection":["Comunitat","General"],"inLanguage":"ca","potentialAction":[{"@type":"CommentAction","name":"Comment","target":["https:\/\/diarieducacio.cat\/aprenentatgeservei\/2025\/04\/14\/mes-de-20-anys-daps-a-catalunya-un-clam-collectiu-per-un-aprenentatge-amb-compromis\/#respond"]}]},{"@type":"WebPage","@id":"https:\/\/diarieducacio.cat\/aprenentatgeservei\/2025\/04\/14\/mes-de-20-anys-daps-a-catalunya-un-clam-collectiu-per-un-aprenentatge-amb-compromis\/","url":"https:\/\/diarieducacio.cat\/aprenentatgeservei\/2025\/04\/14\/mes-de-20-anys-daps-a-catalunya-un-clam-collectiu-per-un-aprenentatge-amb-compromis\/","name":"M\u00e9s de 20 anys d\u2019ApS a Catalunya!\u00a0Un clam col\u00b7lectiu per un aprenentatge amb comprom\u00eds - Aps i educaci\u00f3 en valors","isPartOf":{"@id":"https:\/\/diarieducacio.cat\/aprenentatgeservei\/#website"},"primaryImageOfPage":{"@id":"https:\/\/diarieducacio.cat\/aprenentatgeservei\/2025\/04\/14\/mes-de-20-anys-daps-a-catalunya-un-clam-collectiu-per-un-aprenentatge-amb-compromis\/#primaryimage"},"image":{"@id":"https:\/\/diarieducacio.cat\/aprenentatgeservei\/2025\/04\/14\/mes-de-20-anys-daps-a-catalunya-un-clam-collectiu-per-un-aprenentatge-amb-compromis\/#primaryimage"},"thumbnailUrl":"https:\/\/diarieducacio.cat\/aprenentatgeservei\/wp-content\/uploads\/sites\/22\/2025\/04\/Imagen-1.png","datePublished":"2025-04-14T03:00:00+00:00","author":{"@id":"https:\/\/diarieducacio.cat\/aprenentatgeservei\/#\/schema\/person\/e653d0067fd57821394ef53e42e6c758"},"breadcrumb":{"@id":"https:\/\/diarieducacio.cat\/aprenentatgeservei\/2025\/04\/14\/mes-de-20-anys-daps-a-catalunya-un-clam-collectiu-per-un-aprenentatge-amb-compromis\/#breadcrumb"},"inLanguage":"ca","potentialAction":[{"@type":"ReadAction","target":["https:\/\/diarieducacio.cat\/aprenentatgeservei\/2025\/04\/14\/mes-de-20-anys-daps-a-catalunya-un-clam-collectiu-per-un-aprenentatge-amb-compromis\/"]}]},{"@type":"ImageObject","inLanguage":"ca","@id":"https:\/\/diarieducacio.cat\/aprenentatgeservei\/2025\/04\/14\/mes-de-20-anys-daps-a-catalunya-un-clam-collectiu-per-un-aprenentatge-amb-compromis\/#primaryimage","url":"https:\/\/diarieducacio.cat\/aprenentatgeservei\/wp-content\/uploads\/sites\/22\/2025\/04\/Imagen-1.png","contentUrl":"https:\/\/diarieducacio.cat\/aprenentatgeservei\/wp-content\/uploads\/sites\/22\/2025\/04\/Imagen-1.png","width":939,"height":706},{"@type":"BreadcrumbList","@id":"https:\/\/diarieducacio.cat\/aprenentatgeservei\/2025\/04\/14\/mes-de-20-anys-daps-a-catalunya-un-clam-collectiu-per-un-aprenentatge-amb-compromis\/#breadcrumb","itemListElement":[{"@type":"ListItem","position":1,"name":"Inici","item":"https:\/\/diarieducacio.cat\/aprenentatgeservei\/"},{"@type":"ListItem","position":2,"name":"M\u00e9s de 20 anys d\u2019ApS a Catalunya!\u00a0Un clam col\u00b7lectiu per un aprenentatge amb comprom\u00eds"}]},{"@type":"WebSite","@id":"https:\/\/diarieducacio.cat\/aprenentatgeservei\/#website","url":"https:\/\/diarieducacio.cat\/aprenentatgeservei\/","name":"Aps i educaci\u00f3 en valors","description":"","potentialAction":[{"@type":"SearchAction","target":{"@type":"EntryPoint","urlTemplate":"https:\/\/diarieducacio.cat\/aprenentatgeservei\/?s={search_term_string}"},"query-input":{"@type":"PropertyValueSpecification","valueRequired":true,"valueName":"search_term_string"}}],"inLanguage":"ca"},{"@type":"Person","@id":"https:\/\/diarieducacio.cat\/aprenentatgeservei\/#\/schema\/person\/e653d0067fd57821394ef53e42e6c758","name":"Brenda B\u00e4r","image":{"@type":"ImageObject","inLanguage":"ca","@id":"https:\/\/diarieducacio.cat\/wp-content\/uploads\/2025\/02\/bbar_avatar-96x96.jpg","url":"https:\/\/diarieducacio.cat\/wp-content\/uploads\/2025\/02\/bbar_avatar-96x96.jpg","contentUrl":"https:\/\/diarieducacio.cat\/wp-content\/uploads\/2025\/02\/bbar_avatar-96x96.jpg","caption":"Brenda B\u00e4r"},"description":"Membre del Grup de Recerca en Educaci\u00f3 Moral (GREM) de la Facultat d'Educaci\u00f3 de la Universitat de Barcelona","url":"https:\/\/diarieducacio.cat\/aprenentatgeservei\/author\/bbar\/"}]}},"_links":{"self":[{"href":"https:\/\/diarieducacio.cat\/aprenentatgeservei\/wp-json\/wp\/v2\/posts\/2410","targetHints":{"allow":["GET"]}}],"collection":[{"href":"https:\/\/diarieducacio.cat\/aprenentatgeservei\/wp-json\/wp\/v2\/posts"}],"about":[{"href":"https:\/\/diarieducacio.cat\/aprenentatgeservei\/wp-json\/wp\/v2\/types\/post"}],"author":[{"embeddable":true,"href":"https:\/\/diarieducacio.cat\/aprenentatgeservei\/wp-json\/wp\/v2\/users\/2008"}],"replies":[{"embeddable":true,"href":"https:\/\/diarieducacio.cat\/aprenentatgeservei\/wp-json\/wp\/v2\/comments?post=2410"}],"version-history":[{"count":3,"href":"https:\/\/diarieducacio.cat\/aprenentatgeservei\/wp-json\/wp\/v2\/posts\/2410\/revisions"}],"predecessor-version":[{"id":2421,"href":"https:\/\/diarieducacio.cat\/aprenentatgeservei\/wp-json\/wp\/v2\/posts\/2410\/revisions\/2421"}],"wp:featuredmedia":[{"embeddable":true,"href":"https:\/\/diarieducacio.cat\/aprenentatgeservei\/wp-json\/wp\/v2\/media\/2412"}],"wp:attachment":[{"href":"https:\/\/diarieducacio.cat\/aprenentatgeservei\/wp-json\/wp\/v2\/media?parent=2410"}],"wp:term":[{"taxonomy":"category","embeddable":true,"href":"https:\/\/diarieducacio.cat\/aprenentatgeservei\/wp-json\/wp\/v2\/categories?post=2410"},{"taxonomy":"post_tag","embeddable":true,"href":"https:\/\/diarieducacio.cat\/aprenentatgeservei\/wp-json\/wp\/v2\/tags?post=2410"},{"taxonomy":"tipo","embeddable":true,"href":"https:\/\/diarieducacio.cat\/aprenentatgeservei\/wp-json\/wp\/v2\/tipo?post=2410"}],"curies":[{"name":"wp","href":"https:\/\/api.w.org\/{rel}","templated":true}]}}