{"id":247,"date":"2017-01-16T22:48:38","date_gmt":"2017-01-16T22:48:38","guid":{"rendered":"https:\/\/diarieducacio.cat\/aprenentatgeservei\/?p=247"},"modified":"2017-01-16T22:48:38","modified_gmt":"2017-01-16T22:48:38","slug":"mil-valors-en-laprenentatge-servei","status":"publish","type":"post","link":"https:\/\/diarieducacio.cat\/aprenentatgeservei\/2017\/01\/16\/mil-valors-en-laprenentatge-servei\/","title":{"rendered":"Mil valors en l\u2019aprenentatge servei"},"content":{"rendered":"<p>Mil valors en l&#8217;aprenentatge servei \u00e9s una manera exagerada de parlar, naturalment, per\u00f2 les pr\u00e0ctiques educatives manifesten m\u00faltiples valors, i aix\u00f2 s\u00ed que \u00e9s ben cert. Les dues idees que presentar\u00e9 en aquest escrit estan ja dites: la primera \u00e9s que les pr\u00e0ctiques articulen una \u00e0mplia varietat de valors, i la segona \u00e9s que l&#8217;aprenentatge servei ens ofereix un complet llistat de valors.<\/p>\n<p>Les bones pr\u00e0ctiques educatives no estan fetes per transmetre un valor, ni tan sols &#8220;uns pocs&#8221; valors, encara que sovint les programem a partir d&#8217;aquesta suposici\u00f3 equivocada. Les pr\u00e0ctiques educatives s\u00f3n activitats complexes, bones per a la conviv\u00e8ncia, formatives per a les persones i creadores de cohesi\u00f3 en el grup classe. Un conjunt de valors que proporcionen als participants una varietat de compet\u00e8ncies i virtuts. En la mesura que les pr\u00e0ctiques activen funcions b\u00e0siques de la vida social, manifesten alhora molts components de valor que els atorguen tota la seva for\u00e7a d&#8217;humanitzaci\u00f3.<\/p>\n<p>Si fem assemblees de classe o activitats d&#8217;ajuda entre iguals, per citar dos exemples d&#8217;entre els molts que trobem en una escola, podem dir que de manera priorit\u00e0ria treballen el di\u00e0leg o la cura de l&#8217;altre, per\u00f2 aquests valors s\u00f3n nom\u00e9s una mostra dels molts que es mobilitzen per funcionar correctament. No hi ha assemblees sense empatia, mediaci\u00f3 i autocontrol, i no tindrem ajuda entre iguals sense paci\u00e8ncia, dedicaci\u00f3 i claredat expositiva. Dit de manera r\u00e0pida, les pr\u00e0ctiques educatives permeten aprendre alhora la varietat de valors que estan encarnats en les diferents activitats socials. El que cal, doncs, \u00e9s preveure bones pr\u00e0ctiques i cuidar el seu bon desenvolupament per tal que expressin tota la c\u00e0rrega de valors que arrosseguen.<\/p>\n<p>Hem vist que les pr\u00e0ctiques educatives activen for\u00e7a valors, la nostra primera idea; anem ara per la segona. L&#8217;aprenentatge servei \u00e9s una pr\u00e0ctica complexa que vincula el coneixement amb la realitzaci\u00f3 de tasques en favor de la comunitat. Activa una funci\u00f3 social b\u00e0sica: la producci\u00f3 i l&#8217;\u00fas de coneixements per millorar la vida de la comunitat. La traducci\u00f3 pedag\u00f2gica d&#8217;aquesta important funci\u00f3 social, el que anomenen aprenentatge servei, \u00e9s una pr\u00e0ctica educativa que solem relacionar de manera destacada amb valors com l&#8217;altruisme i la solidaritat, per\u00f2 si ens hi fixem millor, veurem com en el seu desenvolupament es posen en joc molts altres valors.<\/p>\n<p>A continuaci\u00f3 presentem un quadre en qu\u00e8 es recull el conjunt de dinamismes educatius presents en les activitats d&#8217;aprenentatge servei i, per cada un d&#8217;ells, els valors que es manifesten amb m\u00e9s claredat.<\/p>\n<p><a href=\"https:\/\/diarieducacio.cat\/aprenentatgeservei\/wp-content\/uploads\/sites\/19\/2017\/01\/Captura-de-pantalla-2017-01-16-a-las-23.44.46.png\"><img fetchpriority=\"high\" decoding=\"async\" class=\"alignnone wp-image-248 size-full\" src=\"https:\/\/diarieducacio.cat\/aprenentatgeservei\/wp-content\/uploads\/sites\/19\/2017\/01\/Captura-de-pantalla-2017-01-16-a-las-23.44.46.png\" alt=\"Captura de pantalla 2017-01-16 a la(s) 23.44.46\" width=\"654\" height=\"815\" srcset=\"https:\/\/diarieducacio.cat\/aprenentatgeservei\/wp-content\/uploads\/sites\/22\/2017\/01\/Captura-de-pantalla-2017-01-16-a-las-23.44.46.png 654w, https:\/\/diarieducacio.cat\/aprenentatgeservei\/wp-content\/uploads\/sites\/22\/2017\/01\/Captura-de-pantalla-2017-01-16-a-las-23.44.46-241x300.png 241w, https:\/\/diarieducacio.cat\/aprenentatgeservei\/wp-content\/uploads\/sites\/22\/2017\/01\/Captura-de-pantalla-2017-01-16-a-las-23.44.46-150x187.png 150w, https:\/\/diarieducacio.cat\/aprenentatgeservei\/wp-content\/uploads\/sites\/22\/2017\/01\/Captura-de-pantalla-2017-01-16-a-las-23.44.46-450x561.png 450w\" sizes=\"(max-width: 654px) 100vw, 654px\" \/><\/a><\/p>\n<p>Els dinamismes que donen forma a les activitats d&#8217;aprenentatge servei ens han perm\u00e8s presentar parelles de valors que hi estan associats. Un ampli conjunt de valors que es poden viure durant l&#8217;experi\u00e8ncia de participar en una activitat d&#8217;aprenentatge servei.<\/p>\n","protected":false},"excerpt":{"rendered":"<p>Cal preveure bones pr\u00e0ctiques i cuidar el seu bon desenvolupament per tal que expressin tota la c\u00e0rrega de valors que arrosseguen<\/p>\n","protected":false},"author":73,"featured_media":0,"comment_status":"open","ping_status":"open","sticky":false,"template":"","format":"standard","meta":{"footnotes":""},"categories":[2],"tags":[141,142,154,149,109],"tipo":[],"class_list":{"0":"post-247","1":"post","2":"type-post","3":"status-publish","4":"format-standard","6":"category-general","7":"tag-activitats","8":"tag-aprenentatge","9":"tag-escola","10":"tag-servei","11":"tag-valors"},"yoast_head":"<!-- This site is optimized with the Yoast SEO plugin v27.5 - https:\/\/yoast.com\/product\/yoast-seo-wordpress\/ -->\n<title>Mil valors en l\u2019aprenentatge servei - Aps i educaci\u00f3 en valors<\/title>\n<meta name=\"robots\" content=\"index, follow, max-snippet:-1, max-image-preview:large, max-video-preview:-1\" \/>\n<link rel=\"canonical\" href=\"https:\/\/diarieducacio.cat\/aprenentatgeservei\/2017\/01\/16\/mil-valors-en-laprenentatge-servei\/\" \/>\n<meta property=\"og:locale\" content=\"ca_ES\" \/>\n<meta property=\"og:type\" content=\"article\" \/>\n<meta property=\"og:title\" content=\"Mil valors en l\u2019aprenentatge servei - Aps i educaci\u00f3 en valors\" \/>\n<meta property=\"og:description\" content=\"Cal preveure bones pr\u00e0ctiques i cuidar el seu bon desenvolupament per tal que expressin tota la c\u00e0rrega de valors que arrosseguen\" \/>\n<meta property=\"og:url\" content=\"https:\/\/diarieducacio.cat\/aprenentatgeservei\/2017\/01\/16\/mil-valors-en-laprenentatge-servei\/\" \/>\n<meta property=\"og:site_name\" content=\"Aps i educaci\u00f3 en valors\" \/>\n<meta property=\"article:publisher\" content=\"https:\/\/www.facebook.com\/diarieducacio\/\" \/>\n<meta property=\"article:published_time\" content=\"2017-01-16T22:48:38+00:00\" \/>\n<meta property=\"og:image\" content=\"https:\/\/diarieducacio.cat\/aprenentatgeservei\/wp-content\/uploads\/sites\/22\/2017\/01\/Captura-de-pantalla-2017-01-16-a-las-23.44.46.png\" \/>\n\t<meta property=\"og:image:width\" content=\"654\" \/>\n\t<meta property=\"og:image:height\" content=\"815\" \/>\n\t<meta property=\"og:image:type\" content=\"image\/png\" \/>\n<meta name=\"author\" content=\"Josep M. Puig Rovira\" \/>\n<meta name=\"twitter:card\" content=\"summary_large_image\" \/>\n<meta name=\"twitter:creator\" content=\"@DiariEducacio\" \/>\n<meta name=\"twitter:site\" content=\"@DiariEducacio\" \/>\n<meta name=\"twitter:label1\" content=\"Escrit per\" \/>\n\t<meta name=\"twitter:data1\" content=\"Josep M. Puig Rovira\" \/>\n\t<meta name=\"twitter:label2\" content=\"Temps estimat de lectura\" \/>\n\t<meta name=\"twitter:data2\" content=\"2 minuts\" \/>\n<script type=\"application\/ld+json\" class=\"yoast-schema-graph\">{\"@context\":\"https:\\\/\\\/schema.org\",\"@graph\":[{\"@type\":\"Article\",\"@id\":\"https:\\\/\\\/diarieducacio.cat\\\/aprenentatgeservei\\\/2017\\\/01\\\/16\\\/mil-valors-en-laprenentatge-servei\\\/#article\",\"isPartOf\":{\"@id\":\"https:\\\/\\\/diarieducacio.cat\\\/aprenentatgeservei\\\/2017\\\/01\\\/16\\\/mil-valors-en-laprenentatge-servei\\\/\"},\"author\":{\"name\":\"Josep M. Puig Rovira\",\"@id\":\"https:\\\/\\\/diarieducacio.cat\\\/aprenentatgeservei\\\/#\\\/schema\\\/person\\\/fc13b9dd574cf3272c07dea1fa7b8877\"},\"headline\":\"Mil valors en l\u2019aprenentatge servei\",\"datePublished\":\"2017-01-16T22:48:38+00:00\",\"mainEntityOfPage\":{\"@id\":\"https:\\\/\\\/diarieducacio.cat\\\/aprenentatgeservei\\\/2017\\\/01\\\/16\\\/mil-valors-en-laprenentatge-servei\\\/\"},\"wordCount\":501,\"commentCount\":1,\"image\":{\"@id\":\"https:\\\/\\\/diarieducacio.cat\\\/aprenentatgeservei\\\/2017\\\/01\\\/16\\\/mil-valors-en-laprenentatge-servei\\\/#primaryimage\"},\"thumbnailUrl\":\"https:\\\/\\\/diarieducacio.cat\\\/aprenentatgeservei\\\/wp-content\\\/uploads\\\/sites\\\/19\\\/2017\\\/01\\\/Captura-de-pantalla-2017-01-16-a-las-23.44.46.png\",\"keywords\":[\"activitats\",\"aprenentatge\",\"escola\",\"servei\",\"valors\"],\"articleSection\":[\"General\"],\"inLanguage\":\"ca\",\"potentialAction\":[{\"@type\":\"CommentAction\",\"name\":\"Comment\",\"target\":[\"https:\\\/\\\/diarieducacio.cat\\\/aprenentatgeservei\\\/2017\\\/01\\\/16\\\/mil-valors-en-laprenentatge-servei\\\/#respond\"]}]},{\"@type\":\"WebPage\",\"@id\":\"https:\\\/\\\/diarieducacio.cat\\\/aprenentatgeservei\\\/2017\\\/01\\\/16\\\/mil-valors-en-laprenentatge-servei\\\/\",\"url\":\"https:\\\/\\\/diarieducacio.cat\\\/aprenentatgeservei\\\/2017\\\/01\\\/16\\\/mil-valors-en-laprenentatge-servei\\\/\",\"name\":\"Mil valors en l\u2019aprenentatge servei - Aps i educaci\u00f3 en valors\",\"isPartOf\":{\"@id\":\"https:\\\/\\\/diarieducacio.cat\\\/aprenentatgeservei\\\/#website\"},\"primaryImageOfPage\":{\"@id\":\"https:\\\/\\\/diarieducacio.cat\\\/aprenentatgeservei\\\/2017\\\/01\\\/16\\\/mil-valors-en-laprenentatge-servei\\\/#primaryimage\"},\"image\":{\"@id\":\"https:\\\/\\\/diarieducacio.cat\\\/aprenentatgeservei\\\/2017\\\/01\\\/16\\\/mil-valors-en-laprenentatge-servei\\\/#primaryimage\"},\"thumbnailUrl\":\"https:\\\/\\\/diarieducacio.cat\\\/aprenentatgeservei\\\/wp-content\\\/uploads\\\/sites\\\/19\\\/2017\\\/01\\\/Captura-de-pantalla-2017-01-16-a-las-23.44.46.png\",\"datePublished\":\"2017-01-16T22:48:38+00:00\",\"author\":{\"@id\":\"https:\\\/\\\/diarieducacio.cat\\\/aprenentatgeservei\\\/#\\\/schema\\\/person\\\/fc13b9dd574cf3272c07dea1fa7b8877\"},\"breadcrumb\":{\"@id\":\"https:\\\/\\\/diarieducacio.cat\\\/aprenentatgeservei\\\/2017\\\/01\\\/16\\\/mil-valors-en-laprenentatge-servei\\\/#breadcrumb\"},\"inLanguage\":\"ca\",\"potentialAction\":[{\"@type\":\"ReadAction\",\"target\":[\"https:\\\/\\\/diarieducacio.cat\\\/aprenentatgeservei\\\/2017\\\/01\\\/16\\\/mil-valors-en-laprenentatge-servei\\\/\"]}]},{\"@type\":\"ImageObject\",\"inLanguage\":\"ca\",\"@id\":\"https:\\\/\\\/diarieducacio.cat\\\/aprenentatgeservei\\\/2017\\\/01\\\/16\\\/mil-valors-en-laprenentatge-servei\\\/#primaryimage\",\"url\":\"https:\\\/\\\/diarieducacio.cat\\\/aprenentatgeservei\\\/wp-content\\\/uploads\\\/sites\\\/19\\\/2017\\\/01\\\/Captura-de-pantalla-2017-01-16-a-las-23.44.46.png\",\"contentUrl\":\"https:\\\/\\\/diarieducacio.cat\\\/aprenentatgeservei\\\/wp-content\\\/uploads\\\/sites\\\/19\\\/2017\\\/01\\\/Captura-de-pantalla-2017-01-16-a-las-23.44.46.png\"},{\"@type\":\"BreadcrumbList\",\"@id\":\"https:\\\/\\\/diarieducacio.cat\\\/aprenentatgeservei\\\/2017\\\/01\\\/16\\\/mil-valors-en-laprenentatge-servei\\\/#breadcrumb\",\"itemListElement\":[{\"@type\":\"ListItem\",\"position\":1,\"name\":\"Inici\",\"item\":\"https:\\\/\\\/diarieducacio.cat\\\/aprenentatgeservei\\\/\"},{\"@type\":\"ListItem\",\"position\":2,\"name\":\"Mil valors en l\u2019aprenentatge servei\"}]},{\"@type\":\"WebSite\",\"@id\":\"https:\\\/\\\/diarieducacio.cat\\\/aprenentatgeservei\\\/#website\",\"url\":\"https:\\\/\\\/diarieducacio.cat\\\/aprenentatgeservei\\\/\",\"name\":\"Aps i educaci\u00f3 en valors\",\"description\":\"\",\"potentialAction\":[{\"@type\":\"SearchAction\",\"target\":{\"@type\":\"EntryPoint\",\"urlTemplate\":\"https:\\\/\\\/diarieducacio.cat\\\/aprenentatgeservei\\\/?s={search_term_string}\"},\"query-input\":{\"@type\":\"PropertyValueSpecification\",\"valueRequired\":true,\"valueName\":\"search_term_string\"}}],\"inLanguage\":\"ca\"},{\"@type\":\"Person\",\"@id\":\"https:\\\/\\\/diarieducacio.cat\\\/aprenentatgeservei\\\/#\\\/schema\\\/person\\\/fc13b9dd574cf3272c07dea1fa7b8877\",\"name\":\"Josep M. Puig Rovira\",\"image\":{\"@type\":\"ImageObject\",\"inLanguage\":\"ca\",\"@id\":\"https:\\\/\\\/diarieducacio.cat\\\/wp-content\\\/uploads\\\/2024\\\/11\\\/josep-m.-puig-rovira_avatar-96x96.jpg\",\"url\":\"https:\\\/\\\/diarieducacio.cat\\\/wp-content\\\/uploads\\\/2024\\\/11\\\/josep-m.-puig-rovira_avatar-96x96.jpg\",\"contentUrl\":\"https:\\\/\\\/diarieducacio.cat\\\/wp-content\\\/uploads\\\/2024\\\/11\\\/josep-m.-puig-rovira_avatar-96x96.jpg\",\"caption\":\"Josep M. Puig Rovira\"},\"description\":\"Catedr\u00e0tic de teoria de l'educaci\u00f3 de la Facultat d'Educaci\u00f3 de la UB i membre del GREM (Grup de Recerca en Educaci\u00f3 Moral)\",\"url\":\"https:\\\/\\\/diarieducacio.cat\\\/aprenentatgeservei\\\/author\\\/jpuig\\\/\"}]}<\/script>\n<!-- \/ Yoast SEO plugin. -->","yoast_head_json":{"title":"Mil valors en l\u2019aprenentatge servei - Aps i educaci\u00f3 en valors","robots":{"index":"index","follow":"follow","max-snippet":"max-snippet:-1","max-image-preview":"max-image-preview:large","max-video-preview":"max-video-preview:-1"},"canonical":"https:\/\/diarieducacio.cat\/aprenentatgeservei\/2017\/01\/16\/mil-valors-en-laprenentatge-servei\/","og_locale":"ca_ES","og_type":"article","og_title":"Mil valors en l\u2019aprenentatge servei - Aps i educaci\u00f3 en valors","og_description":"Cal preveure bones pr\u00e0ctiques i cuidar el seu bon desenvolupament per tal que expressin tota la c\u00e0rrega de valors que arrosseguen","og_url":"https:\/\/diarieducacio.cat\/aprenentatgeservei\/2017\/01\/16\/mil-valors-en-laprenentatge-servei\/","og_site_name":"Aps i educaci\u00f3 en valors","article_publisher":"https:\/\/www.facebook.com\/diarieducacio\/","article_published_time":"2017-01-16T22:48:38+00:00","og_image":[{"width":654,"height":815,"url":"https:\/\/diarieducacio.cat\/aprenentatgeservei\/wp-content\/uploads\/sites\/22\/2017\/01\/Captura-de-pantalla-2017-01-16-a-las-23.44.46.png","type":"image\/png"}],"author":"Josep M. Puig Rovira","twitter_card":"summary_large_image","twitter_creator":"@DiariEducacio","twitter_site":"@DiariEducacio","twitter_misc":{"Escrit per":"Josep M. Puig Rovira","Temps estimat de lectura":"2 minuts"},"schema":{"@context":"https:\/\/schema.org","@graph":[{"@type":"Article","@id":"https:\/\/diarieducacio.cat\/aprenentatgeservei\/2017\/01\/16\/mil-valors-en-laprenentatge-servei\/#article","isPartOf":{"@id":"https:\/\/diarieducacio.cat\/aprenentatgeservei\/2017\/01\/16\/mil-valors-en-laprenentatge-servei\/"},"author":{"name":"Josep M. Puig Rovira","@id":"https:\/\/diarieducacio.cat\/aprenentatgeservei\/#\/schema\/person\/fc13b9dd574cf3272c07dea1fa7b8877"},"headline":"Mil valors en l\u2019aprenentatge servei","datePublished":"2017-01-16T22:48:38+00:00","mainEntityOfPage":{"@id":"https:\/\/diarieducacio.cat\/aprenentatgeservei\/2017\/01\/16\/mil-valors-en-laprenentatge-servei\/"},"wordCount":501,"commentCount":1,"image":{"@id":"https:\/\/diarieducacio.cat\/aprenentatgeservei\/2017\/01\/16\/mil-valors-en-laprenentatge-servei\/#primaryimage"},"thumbnailUrl":"https:\/\/diarieducacio.cat\/aprenentatgeservei\/wp-content\/uploads\/sites\/19\/2017\/01\/Captura-de-pantalla-2017-01-16-a-las-23.44.46.png","keywords":["activitats","aprenentatge","escola","servei","valors"],"articleSection":["General"],"inLanguage":"ca","potentialAction":[{"@type":"CommentAction","name":"Comment","target":["https:\/\/diarieducacio.cat\/aprenentatgeservei\/2017\/01\/16\/mil-valors-en-laprenentatge-servei\/#respond"]}]},{"@type":"WebPage","@id":"https:\/\/diarieducacio.cat\/aprenentatgeservei\/2017\/01\/16\/mil-valors-en-laprenentatge-servei\/","url":"https:\/\/diarieducacio.cat\/aprenentatgeservei\/2017\/01\/16\/mil-valors-en-laprenentatge-servei\/","name":"Mil valors en l\u2019aprenentatge servei - Aps i educaci\u00f3 en valors","isPartOf":{"@id":"https:\/\/diarieducacio.cat\/aprenentatgeservei\/#website"},"primaryImageOfPage":{"@id":"https:\/\/diarieducacio.cat\/aprenentatgeservei\/2017\/01\/16\/mil-valors-en-laprenentatge-servei\/#primaryimage"},"image":{"@id":"https:\/\/diarieducacio.cat\/aprenentatgeservei\/2017\/01\/16\/mil-valors-en-laprenentatge-servei\/#primaryimage"},"thumbnailUrl":"https:\/\/diarieducacio.cat\/aprenentatgeservei\/wp-content\/uploads\/sites\/19\/2017\/01\/Captura-de-pantalla-2017-01-16-a-las-23.44.46.png","datePublished":"2017-01-16T22:48:38+00:00","author":{"@id":"https:\/\/diarieducacio.cat\/aprenentatgeservei\/#\/schema\/person\/fc13b9dd574cf3272c07dea1fa7b8877"},"breadcrumb":{"@id":"https:\/\/diarieducacio.cat\/aprenentatgeservei\/2017\/01\/16\/mil-valors-en-laprenentatge-servei\/#breadcrumb"},"inLanguage":"ca","potentialAction":[{"@type":"ReadAction","target":["https:\/\/diarieducacio.cat\/aprenentatgeservei\/2017\/01\/16\/mil-valors-en-laprenentatge-servei\/"]}]},{"@type":"ImageObject","inLanguage":"ca","@id":"https:\/\/diarieducacio.cat\/aprenentatgeservei\/2017\/01\/16\/mil-valors-en-laprenentatge-servei\/#primaryimage","url":"https:\/\/diarieducacio.cat\/aprenentatgeservei\/wp-content\/uploads\/sites\/19\/2017\/01\/Captura-de-pantalla-2017-01-16-a-las-23.44.46.png","contentUrl":"https:\/\/diarieducacio.cat\/aprenentatgeservei\/wp-content\/uploads\/sites\/19\/2017\/01\/Captura-de-pantalla-2017-01-16-a-las-23.44.46.png"},{"@type":"BreadcrumbList","@id":"https:\/\/diarieducacio.cat\/aprenentatgeservei\/2017\/01\/16\/mil-valors-en-laprenentatge-servei\/#breadcrumb","itemListElement":[{"@type":"ListItem","position":1,"name":"Inici","item":"https:\/\/diarieducacio.cat\/aprenentatgeservei\/"},{"@type":"ListItem","position":2,"name":"Mil valors en l\u2019aprenentatge servei"}]},{"@type":"WebSite","@id":"https:\/\/diarieducacio.cat\/aprenentatgeservei\/#website","url":"https:\/\/diarieducacio.cat\/aprenentatgeservei\/","name":"Aps i educaci\u00f3 en valors","description":"","potentialAction":[{"@type":"SearchAction","target":{"@type":"EntryPoint","urlTemplate":"https:\/\/diarieducacio.cat\/aprenentatgeservei\/?s={search_term_string}"},"query-input":{"@type":"PropertyValueSpecification","valueRequired":true,"valueName":"search_term_string"}}],"inLanguage":"ca"},{"@type":"Person","@id":"https:\/\/diarieducacio.cat\/aprenentatgeservei\/#\/schema\/person\/fc13b9dd574cf3272c07dea1fa7b8877","name":"Josep M. Puig Rovira","image":{"@type":"ImageObject","inLanguage":"ca","@id":"https:\/\/diarieducacio.cat\/wp-content\/uploads\/2024\/11\/josep-m.-puig-rovira_avatar-96x96.jpg","url":"https:\/\/diarieducacio.cat\/wp-content\/uploads\/2024\/11\/josep-m.-puig-rovira_avatar-96x96.jpg","contentUrl":"https:\/\/diarieducacio.cat\/wp-content\/uploads\/2024\/11\/josep-m.-puig-rovira_avatar-96x96.jpg","caption":"Josep M. Puig Rovira"},"description":"Catedr\u00e0tic de teoria de l'educaci\u00f3 de la Facultat d'Educaci\u00f3 de la UB i membre del GREM (Grup de Recerca en Educaci\u00f3 Moral)","url":"https:\/\/diarieducacio.cat\/aprenentatgeservei\/author\/jpuig\/"}]}},"_links":{"self":[{"href":"https:\/\/diarieducacio.cat\/aprenentatgeservei\/wp-json\/wp\/v2\/posts\/247","targetHints":{"allow":["GET"]}}],"collection":[{"href":"https:\/\/diarieducacio.cat\/aprenentatgeservei\/wp-json\/wp\/v2\/posts"}],"about":[{"href":"https:\/\/diarieducacio.cat\/aprenentatgeservei\/wp-json\/wp\/v2\/types\/post"}],"author":[{"embeddable":true,"href":"https:\/\/diarieducacio.cat\/aprenentatgeservei\/wp-json\/wp\/v2\/users\/73"}],"replies":[{"embeddable":true,"href":"https:\/\/diarieducacio.cat\/aprenentatgeservei\/wp-json\/wp\/v2\/comments?post=247"}],"version-history":[{"count":0,"href":"https:\/\/diarieducacio.cat\/aprenentatgeservei\/wp-json\/wp\/v2\/posts\/247\/revisions"}],"wp:attachment":[{"href":"https:\/\/diarieducacio.cat\/aprenentatgeservei\/wp-json\/wp\/v2\/media?parent=247"}],"wp:term":[{"taxonomy":"category","embeddable":true,"href":"https:\/\/diarieducacio.cat\/aprenentatgeservei\/wp-json\/wp\/v2\/categories?post=247"},{"taxonomy":"post_tag","embeddable":true,"href":"https:\/\/diarieducacio.cat\/aprenentatgeservei\/wp-json\/wp\/v2\/tags?post=247"},{"taxonomy":"tipo","embeddable":true,"href":"https:\/\/diarieducacio.cat\/aprenentatgeservei\/wp-json\/wp\/v2\/tipo?post=247"}],"curies":[{"name":"wp","href":"https:\/\/api.w.org\/{rel}","templated":true}]}}