{"id":2578,"date":"2025-12-16T04:00:34","date_gmt":"2025-12-16T03:00:34","guid":{"rendered":"https:\/\/diarieducacio.cat\/aprenentatgeservei\/?p=2578"},"modified":"2025-12-12T04:01:30","modified_gmt":"2025-12-12T03:01:30","slug":"una-volta-al-valor-del-reconeixement-en-laps","status":"publish","type":"post","link":"https:\/\/diarieducacio.cat\/aprenentatgeservei\/2025\/12\/16\/una-volta-al-valor-del-reconeixement-en-laps\/","title":{"rendered":"Una volta al valor del reconeixement en l\u2019APS"},"content":{"rendered":"\n<p>Els nois i noies&nbsp; de 4t d&#8217;ESO que han participat en el projecte d\u2019aprenentatge servei (ApS) Connecta Jove al Prat de Llobregat han tingut l&#8217;oportunitat d&#8217;ensenyar compet\u00e8ncies digitals a la gent gran i a altres col\u00b7lectius. Aquesta iniciativa no nom\u00e9s fomenta la transmissi\u00f3 de coneixements, sin\u00f3 que tamb\u00e9 crea un espai d&#8217;intercanvi i creixement mutu entre generacions.<\/p>\n\n\n\n<p>En finalitzar el projecte, els participants es reuneixen amb el seu &#8220;alumnat&#8221; en un acte p\u00fablic de celebraci\u00f3 i cloenda. Aquest moment de retrobament \u00e9s especialment emotiu, ja que permet compartir aprenentatges, an\u00e8cdotes i destacar les experi\u00e8ncies viscudes durant el projecte.<\/p>\n\n\n\n<p>Molts joves comenten que, a trav\u00e9s de l&#8217;experi\u00e8ncia, han apr\u00e8s a ser m\u00e9s pacients i han compr\u00e8s la complexitat que comporta la tasca d&#8217;educar. Per la seva banda, la gent gran destaca la bona sintonia amb la gent jove, aix\u00ed com la seva paci\u00e8ncia i capacitat d&#8217;escolta. Aquest acte de reconeixement t\u00e9 un doble impacte: enforteix l&#8217;autoestima i la confian\u00e7a dels joves, alhora que refor\u00e7a els vincles comunitaris i fomenta la conviv\u00e8ncia, fent-los m\u00e9s conscients de la import\u00e0ncia de la ciutadania responsable i participativa.<\/p>\n\n\n\n<blockquote class=\"wp-block-quote is-layout-flow wp-block-quote-is-layout-flow\">\n<p><em>El reconeixement t\u00e9 un doble impacte: enforteix l&#8217;autoestima dels joves i refor\u00e7a els vincles comunitaris<\/em><\/p>\n<\/blockquote>\n\n\n\n<p>Un altre exemple el trobem a Cornell\u00e0 de Llobregat, on s&#8217;est\u00e0 desenvolupant un projecte d&#8217;aprenentatge servei en col\u00b7laboraci\u00f3 amb les escoles bressol municipals. En aquest cas, l&#8217;alumnat de secund\u00e0ria t\u00e9 l\u2019oportunitat de preparar materials did\u00e0ctics per sensibilitzar els m\u00e9s petits sobre la import\u00e0ncia de la cura del medi ambient. Aquest projecte requereix una gran dosi de creativitat i la capacitat d&#8217;adaptar els continguts de manera que siguin comprensibles i atractius per als infants, aix\u00ed com un ferm comprom\u00eds amb els temes ecosocials. El paper dels joves va m\u00e9s enll\u00e0 de la simple creaci\u00f3 de recursos, ja que el que es pret\u00e9n \u00e9s que esdevinguin veritables l\u00edders ambientals. Durant el desenvolupament del projecte, la tutora, a m\u00e9s de destacar la qualitat dels recursos que han creat, refor\u00e7a constantment el paper dels nois i les noies com a agents de canvi en la seva comunitat. Els anima a veure\u2019s com a protagonistes en la construcci\u00f3 d\u2019un futur m\u00e9s sostenible, fent-los conscients de l\u2019impacte que poden tenir en la vida de les noves generacions.<\/p>\n\n\n\n<p>Autors com Axel Honneth, fil\u00f2sof i soci\u00f2leg alemany, han subratllat la import\u00e0ncia del reconeixement per al desenvolupament personal i social. Honneth tamb\u00e9 ens parla d\u2019una forma de reconeixement anomenada solidaritat, que implica valorar la persona no nom\u00e9s com a ciutad\u00e0 amb drets, sin\u00f3 tamb\u00e9 per all\u00f2 que la fa \u00fanica i significativa per a la vida en societat. Recuperem tamb\u00e9 a Tonucci qui defensa que el reconeixement de la veu i la iniciativa dels infants \u00e9s fonamental per fomentar un sentiment de responsabilitat i ciutadania activa. Aix\u00ed, el valor del reconeixement, especialment en el context de l&#8217;aprenentatge servei, \u00e9s fonamental per ajudar les noies i els nois a sentir-se valorades pel que aprenen, per\u00f2 tamb\u00e9, i sobretot, per all\u00f2 que aporten a la seva comunitat i al m\u00f3n. Per tant, aquest reconeixement no hauria de ser ni un elogi ocasional ni limitar-se \u00fanicament als aprenentatges del projecte, sin\u00f3 que hauria de ser una pr\u00e0ctica intencional i cont\u00ednua, que formi part del disseny pedag\u00f2gic i subratlli el potencial individual de cada jove per a contribuir a la transformaci\u00f3 de la societat.&nbsp;<\/p>\n\n\n\n<blockquote class=\"wp-block-quote is-layout-flow wp-block-quote-is-layout-flow\">\n<p><em>Per ajudar els nois i les noies, cal valorar-los pel que aprenen i, sobretot, pel que aporten a la seva comunitat<\/em><\/p>\n<\/blockquote>\n\n\n\n<p>Tres estrat\u00e8gies que poden fer m\u00e9s tangible aquesta perspectiva del reconeixement:<\/p>\n\n\n\n<p>Evitar saltar-se la fase de celebraci\u00f3 en els projectes. Perqu\u00e8 perdem l\u2019oportunitat de fer visible el canvi, per petit que sigui, que els nois i les noies han generat en la seva comunitat. Aix\u00f2 es pot aconseguir mitjan\u00e7ant actes p\u00fablics oberts a la ciutadania o espais on puguin presentar els resultats de la seva tasca i el seu impacte en l&#8217;entorn. Aquest acte pot incloure reconeixements oficials per subratllar el seu paper com a agents de canvi i implicar-hi, a m\u00e9s a m\u00e9s del partenariat del projecte, les autoritats locals.<\/p>\n\n\n\n<p>Incorporar als nois i noies com a l\u00edders en projectes futurs. Es poden identificar infants que hagin destacat en el projecte i donar-los la responsabilitat de coordinar noves iniciatives. O tamb\u00e9 poden actuar com a mentors per acompanyar experi\u00e8ncies d\u2019altres companys i companyes.<\/p>\n\n\n\n<p>La tercera estrat\u00e8gia \u00e9s dissenyar espais o debats oberts amb la comunitat on els nois i les noies puguin expressar les seves idees sobre com millorar el seu entorn i com poden contribuir a la transformaci\u00f3 social. El reconeixement aqu\u00ed es fa a trav\u00e9s de l\u2019escolta activa i la validaci\u00f3 de les seves idees fent-los sentir part d\u2019un proc\u00e9s de decisi\u00f3 col\u00b7lectiu.<\/p>\n\n\n\n<p>Sigui com sigui, el reconeixement en els projectes d\u2019aprenentatge servei \u00e9s una pr\u00e0ctica que va m\u00e9s enll\u00e0 d\u2019un gest d\u2019aprovaci\u00f3. Ben integrat pot esdevenir una palanca que impulsi els infants i joves a implicar-se socialment proporcionant-los el sentit i la motivaci\u00f3 per afrontar els reptes actuals i els que sorgiran en el futur.<\/p>\n","protected":false},"excerpt":{"rendered":"<p>Els nois i noies&nbsp; de 4t d&#8217;ESO que han participat en el projecte d\u2019aprenentatge servei (ApS) Connecta Jove al Prat de Llobregat han tingut l&#8217;oportunitat d&#8217;ensenyar compet\u00e8ncies digitals a la gent gran i a altres col\u00b7lectius. Aquesta iniciativa no nom\u00e9s fomenta la transmissi\u00f3 de coneixements, sin\u00f3 que tamb\u00e9 crea un espai d&#8217;intercanvi i creixement mutu<\/p>\n","protected":false},"author":42,"featured_media":2579,"comment_status":"open","ping_status":"open","sticky":false,"template":"","format":"standard","meta":{"footnotes":""},"categories":[203,204],"tags":[97],"tipo":[258],"class_list":{"0":"post-2578","1":"post","2":"type-post","3":"status-publish","4":"format-standard","5":"has-post-thumbnail","7":"category-comunitat","8":"category-valors","9":"tag-aprenentatge-servei","10":"tipo-analisi"},"yoast_head":"<!-- This site is optimized with the Yoast SEO plugin v27.5 - https:\/\/yoast.com\/product\/yoast-seo-wordpress\/ -->\n<title>Una volta al valor del reconeixement en l\u2019APS - Aps i educaci\u00f3 en valors<\/title>\n<meta name=\"robots\" content=\"index, follow, max-snippet:-1, max-image-preview:large, max-video-preview:-1\" \/>\n<link rel=\"canonical\" href=\"https:\/\/diarieducacio.cat\/aprenentatgeservei\/2025\/12\/16\/una-volta-al-valor-del-reconeixement-en-laps\/\" \/>\n<meta property=\"og:locale\" content=\"ca_ES\" \/>\n<meta property=\"og:type\" content=\"article\" \/>\n<meta property=\"og:title\" content=\"Una volta al valor del reconeixement en l\u2019APS - Aps i educaci\u00f3 en valors\" \/>\n<meta property=\"og:description\" content=\"Els nois i noies&nbsp; de 4t d&#8217;ESO que han participat en el projecte d\u2019aprenentatge servei (ApS) Connecta Jove al Prat de Llobregat han tingut l&#8217;oportunitat d&#8217;ensenyar compet\u00e8ncies digitals a la gent gran i a altres col\u00b7lectius. Aquesta iniciativa no nom\u00e9s fomenta la transmissi\u00f3 de coneixements, sin\u00f3 que tamb\u00e9 crea un espai d&#8217;intercanvi i creixement mutu\" \/>\n<meta property=\"og:url\" content=\"https:\/\/diarieducacio.cat\/aprenentatgeservei\/2025\/12\/16\/una-volta-al-valor-del-reconeixement-en-laps\/\" \/>\n<meta property=\"og:site_name\" content=\"Aps i educaci\u00f3 en valors\" \/>\n<meta property=\"article:publisher\" content=\"https:\/\/www.facebook.com\/diarieducacio\/\" \/>\n<meta property=\"article:published_time\" content=\"2025-12-16T03:00:34+00:00\" \/>\n<meta property=\"og:image\" content=\"https:\/\/diarieducacio.cat\/aprenentatgeservei\/wp-content\/uploads\/sites\/22\/2025\/12\/DSC_9796.jpg\" \/>\n\t<meta property=\"og:image:width\" content=\"1000\" \/>\n\t<meta property=\"og:image:height\" content=\"664\" \/>\n\t<meta property=\"og:image:type\" content=\"image\/jpeg\" \/>\n<meta name=\"author\" content=\"Susagna Escard\u00edbul\" \/>\n<meta name=\"twitter:card\" content=\"summary_large_image\" \/>\n<meta name=\"twitter:creator\" content=\"@DiariEducacio\" \/>\n<meta name=\"twitter:site\" content=\"@DiariEducacio\" \/>\n<meta name=\"twitter:label1\" content=\"Escrit per\" \/>\n\t<meta name=\"twitter:data1\" content=\"Susagna Escard\u00edbul\" \/>\n\t<meta name=\"twitter:label2\" content=\"Temps estimat de lectura\" \/>\n\t<meta name=\"twitter:data2\" content=\"5 minuts\" \/>\n<script type=\"application\/ld+json\" class=\"yoast-schema-graph\">{\"@context\":\"https:\\\/\\\/schema.org\",\"@graph\":[{\"@type\":\"Article\",\"@id\":\"https:\\\/\\\/diarieducacio.cat\\\/aprenentatgeservei\\\/2025\\\/12\\\/16\\\/una-volta-al-valor-del-reconeixement-en-laps\\\/#article\",\"isPartOf\":{\"@id\":\"https:\\\/\\\/diarieducacio.cat\\\/aprenentatgeservei\\\/2025\\\/12\\\/16\\\/una-volta-al-valor-del-reconeixement-en-laps\\\/\"},\"author\":{\"name\":\"Susagna Escard\u00edbul\",\"@id\":\"https:\\\/\\\/diarieducacio.cat\\\/aprenentatgeservei\\\/#\\\/schema\\\/person\\\/30a77b530c3a2f827595323d6cbba212\"},\"headline\":\"Una volta al valor del reconeixement en l\u2019APS\",\"datePublished\":\"2025-12-16T03:00:34+00:00\",\"mainEntityOfPage\":{\"@id\":\"https:\\\/\\\/diarieducacio.cat\\\/aprenentatgeservei\\\/2025\\\/12\\\/16\\\/una-volta-al-valor-del-reconeixement-en-laps\\\/\"},\"wordCount\":919,\"commentCount\":0,\"image\":{\"@id\":\"https:\\\/\\\/diarieducacio.cat\\\/aprenentatgeservei\\\/2025\\\/12\\\/16\\\/una-volta-al-valor-del-reconeixement-en-laps\\\/#primaryimage\"},\"thumbnailUrl\":\"https:\\\/\\\/diarieducacio.cat\\\/aprenentatgeservei\\\/wp-content\\\/uploads\\\/sites\\\/22\\\/2025\\\/12\\\/DSC_9796.jpg\",\"keywords\":[\"aprenentatge servei\"],\"articleSection\":[\"Comunitat\",\"Valors\"],\"inLanguage\":\"ca\",\"potentialAction\":[{\"@type\":\"CommentAction\",\"name\":\"Comment\",\"target\":[\"https:\\\/\\\/diarieducacio.cat\\\/aprenentatgeservei\\\/2025\\\/12\\\/16\\\/una-volta-al-valor-del-reconeixement-en-laps\\\/#respond\"]}]},{\"@type\":\"WebPage\",\"@id\":\"https:\\\/\\\/diarieducacio.cat\\\/aprenentatgeservei\\\/2025\\\/12\\\/16\\\/una-volta-al-valor-del-reconeixement-en-laps\\\/\",\"url\":\"https:\\\/\\\/diarieducacio.cat\\\/aprenentatgeservei\\\/2025\\\/12\\\/16\\\/una-volta-al-valor-del-reconeixement-en-laps\\\/\",\"name\":\"Una volta al valor del reconeixement en l\u2019APS - Aps i educaci\u00f3 en valors\",\"isPartOf\":{\"@id\":\"https:\\\/\\\/diarieducacio.cat\\\/aprenentatgeservei\\\/#website\"},\"primaryImageOfPage\":{\"@id\":\"https:\\\/\\\/diarieducacio.cat\\\/aprenentatgeservei\\\/2025\\\/12\\\/16\\\/una-volta-al-valor-del-reconeixement-en-laps\\\/#primaryimage\"},\"image\":{\"@id\":\"https:\\\/\\\/diarieducacio.cat\\\/aprenentatgeservei\\\/2025\\\/12\\\/16\\\/una-volta-al-valor-del-reconeixement-en-laps\\\/#primaryimage\"},\"thumbnailUrl\":\"https:\\\/\\\/diarieducacio.cat\\\/aprenentatgeservei\\\/wp-content\\\/uploads\\\/sites\\\/22\\\/2025\\\/12\\\/DSC_9796.jpg\",\"datePublished\":\"2025-12-16T03:00:34+00:00\",\"author\":{\"@id\":\"https:\\\/\\\/diarieducacio.cat\\\/aprenentatgeservei\\\/#\\\/schema\\\/person\\\/30a77b530c3a2f827595323d6cbba212\"},\"breadcrumb\":{\"@id\":\"https:\\\/\\\/diarieducacio.cat\\\/aprenentatgeservei\\\/2025\\\/12\\\/16\\\/una-volta-al-valor-del-reconeixement-en-laps\\\/#breadcrumb\"},\"inLanguage\":\"ca\",\"potentialAction\":[{\"@type\":\"ReadAction\",\"target\":[\"https:\\\/\\\/diarieducacio.cat\\\/aprenentatgeservei\\\/2025\\\/12\\\/16\\\/una-volta-al-valor-del-reconeixement-en-laps\\\/\"]}]},{\"@type\":\"ImageObject\",\"inLanguage\":\"ca\",\"@id\":\"https:\\\/\\\/diarieducacio.cat\\\/aprenentatgeservei\\\/2025\\\/12\\\/16\\\/una-volta-al-valor-del-reconeixement-en-laps\\\/#primaryimage\",\"url\":\"https:\\\/\\\/diarieducacio.cat\\\/aprenentatgeservei\\\/wp-content\\\/uploads\\\/sites\\\/22\\\/2025\\\/12\\\/DSC_9796.jpg\",\"contentUrl\":\"https:\\\/\\\/diarieducacio.cat\\\/aprenentatgeservei\\\/wp-content\\\/uploads\\\/sites\\\/22\\\/2025\\\/12\\\/DSC_9796.jpg\",\"width\":1000,\"height\":664},{\"@type\":\"BreadcrumbList\",\"@id\":\"https:\\\/\\\/diarieducacio.cat\\\/aprenentatgeservei\\\/2025\\\/12\\\/16\\\/una-volta-al-valor-del-reconeixement-en-laps\\\/#breadcrumb\",\"itemListElement\":[{\"@type\":\"ListItem\",\"position\":1,\"name\":\"Inici\",\"item\":\"https:\\\/\\\/diarieducacio.cat\\\/aprenentatgeservei\\\/\"},{\"@type\":\"ListItem\",\"position\":2,\"name\":\"Una volta al valor del reconeixement en l\u2019APS\"}]},{\"@type\":\"WebSite\",\"@id\":\"https:\\\/\\\/diarieducacio.cat\\\/aprenentatgeservei\\\/#website\",\"url\":\"https:\\\/\\\/diarieducacio.cat\\\/aprenentatgeservei\\\/\",\"name\":\"Aps i educaci\u00f3 en valors\",\"description\":\"\",\"potentialAction\":[{\"@type\":\"SearchAction\",\"target\":{\"@type\":\"EntryPoint\",\"urlTemplate\":\"https:\\\/\\\/diarieducacio.cat\\\/aprenentatgeservei\\\/?s={search_term_string}\"},\"query-input\":{\"@type\":\"PropertyValueSpecification\",\"valueRequired\":true,\"valueName\":\"search_term_string\"}}],\"inLanguage\":\"ca\"},{\"@type\":\"Person\",\"@id\":\"https:\\\/\\\/diarieducacio.cat\\\/aprenentatgeservei\\\/#\\\/schema\\\/person\\\/30a77b530c3a2f827595323d6cbba212\",\"name\":\"Susagna Escard\u00edbul\",\"image\":{\"@type\":\"ImageObject\",\"inLanguage\":\"ca\",\"@id\":\"https:\\\/\\\/diarieducacio.cat\\\/wp-content\\\/uploads\\\/2024\\\/11\\\/susagna-escardibul_avatar-96x96.jpg\",\"url\":\"https:\\\/\\\/diarieducacio.cat\\\/wp-content\\\/uploads\\\/2024\\\/11\\\/susagna-escardibul_avatar-96x96.jpg\",\"contentUrl\":\"https:\\\/\\\/diarieducacio.cat\\\/wp-content\\\/uploads\\\/2024\\\/11\\\/susagna-escardibul_avatar-96x96.jpg\",\"caption\":\"Susagna Escard\u00edbul\"},\"description\":\"Pedagoga de l\u2019\u00c0rea d\u2019Innovaci\u00f3 i Continguts de Fundesplai\",\"url\":\"https:\\\/\\\/diarieducacio.cat\\\/aprenentatgeservei\\\/author\\\/sescardibul\\\/\"}]}<\/script>\n<!-- \/ Yoast SEO plugin. -->","yoast_head_json":{"title":"Una volta al valor del reconeixement en l\u2019APS - Aps i educaci\u00f3 en valors","robots":{"index":"index","follow":"follow","max-snippet":"max-snippet:-1","max-image-preview":"max-image-preview:large","max-video-preview":"max-video-preview:-1"},"canonical":"https:\/\/diarieducacio.cat\/aprenentatgeservei\/2025\/12\/16\/una-volta-al-valor-del-reconeixement-en-laps\/","og_locale":"ca_ES","og_type":"article","og_title":"Una volta al valor del reconeixement en l\u2019APS - Aps i educaci\u00f3 en valors","og_description":"Els nois i noies&nbsp; de 4t d&#8217;ESO que han participat en el projecte d\u2019aprenentatge servei (ApS) Connecta Jove al Prat de Llobregat han tingut l&#8217;oportunitat d&#8217;ensenyar compet\u00e8ncies digitals a la gent gran i a altres col\u00b7lectius. Aquesta iniciativa no nom\u00e9s fomenta la transmissi\u00f3 de coneixements, sin\u00f3 que tamb\u00e9 crea un espai d&#8217;intercanvi i creixement mutu","og_url":"https:\/\/diarieducacio.cat\/aprenentatgeservei\/2025\/12\/16\/una-volta-al-valor-del-reconeixement-en-laps\/","og_site_name":"Aps i educaci\u00f3 en valors","article_publisher":"https:\/\/www.facebook.com\/diarieducacio\/","article_published_time":"2025-12-16T03:00:34+00:00","og_image":[{"width":1000,"height":664,"url":"https:\/\/diarieducacio.cat\/aprenentatgeservei\/wp-content\/uploads\/sites\/22\/2025\/12\/DSC_9796.jpg","type":"image\/jpeg"}],"author":"Susagna Escard\u00edbul","twitter_card":"summary_large_image","twitter_creator":"@DiariEducacio","twitter_site":"@DiariEducacio","twitter_misc":{"Escrit per":"Susagna Escard\u00edbul","Temps estimat de lectura":"5 minuts"},"schema":{"@context":"https:\/\/schema.org","@graph":[{"@type":"Article","@id":"https:\/\/diarieducacio.cat\/aprenentatgeservei\/2025\/12\/16\/una-volta-al-valor-del-reconeixement-en-laps\/#article","isPartOf":{"@id":"https:\/\/diarieducacio.cat\/aprenentatgeservei\/2025\/12\/16\/una-volta-al-valor-del-reconeixement-en-laps\/"},"author":{"name":"Susagna Escard\u00edbul","@id":"https:\/\/diarieducacio.cat\/aprenentatgeservei\/#\/schema\/person\/30a77b530c3a2f827595323d6cbba212"},"headline":"Una volta al valor del reconeixement en l\u2019APS","datePublished":"2025-12-16T03:00:34+00:00","mainEntityOfPage":{"@id":"https:\/\/diarieducacio.cat\/aprenentatgeservei\/2025\/12\/16\/una-volta-al-valor-del-reconeixement-en-laps\/"},"wordCount":919,"commentCount":0,"image":{"@id":"https:\/\/diarieducacio.cat\/aprenentatgeservei\/2025\/12\/16\/una-volta-al-valor-del-reconeixement-en-laps\/#primaryimage"},"thumbnailUrl":"https:\/\/diarieducacio.cat\/aprenentatgeservei\/wp-content\/uploads\/sites\/22\/2025\/12\/DSC_9796.jpg","keywords":["aprenentatge servei"],"articleSection":["Comunitat","Valors"],"inLanguage":"ca","potentialAction":[{"@type":"CommentAction","name":"Comment","target":["https:\/\/diarieducacio.cat\/aprenentatgeservei\/2025\/12\/16\/una-volta-al-valor-del-reconeixement-en-laps\/#respond"]}]},{"@type":"WebPage","@id":"https:\/\/diarieducacio.cat\/aprenentatgeservei\/2025\/12\/16\/una-volta-al-valor-del-reconeixement-en-laps\/","url":"https:\/\/diarieducacio.cat\/aprenentatgeservei\/2025\/12\/16\/una-volta-al-valor-del-reconeixement-en-laps\/","name":"Una volta al valor del reconeixement en l\u2019APS - Aps i educaci\u00f3 en valors","isPartOf":{"@id":"https:\/\/diarieducacio.cat\/aprenentatgeservei\/#website"},"primaryImageOfPage":{"@id":"https:\/\/diarieducacio.cat\/aprenentatgeservei\/2025\/12\/16\/una-volta-al-valor-del-reconeixement-en-laps\/#primaryimage"},"image":{"@id":"https:\/\/diarieducacio.cat\/aprenentatgeservei\/2025\/12\/16\/una-volta-al-valor-del-reconeixement-en-laps\/#primaryimage"},"thumbnailUrl":"https:\/\/diarieducacio.cat\/aprenentatgeservei\/wp-content\/uploads\/sites\/22\/2025\/12\/DSC_9796.jpg","datePublished":"2025-12-16T03:00:34+00:00","author":{"@id":"https:\/\/diarieducacio.cat\/aprenentatgeservei\/#\/schema\/person\/30a77b530c3a2f827595323d6cbba212"},"breadcrumb":{"@id":"https:\/\/diarieducacio.cat\/aprenentatgeservei\/2025\/12\/16\/una-volta-al-valor-del-reconeixement-en-laps\/#breadcrumb"},"inLanguage":"ca","potentialAction":[{"@type":"ReadAction","target":["https:\/\/diarieducacio.cat\/aprenentatgeservei\/2025\/12\/16\/una-volta-al-valor-del-reconeixement-en-laps\/"]}]},{"@type":"ImageObject","inLanguage":"ca","@id":"https:\/\/diarieducacio.cat\/aprenentatgeservei\/2025\/12\/16\/una-volta-al-valor-del-reconeixement-en-laps\/#primaryimage","url":"https:\/\/diarieducacio.cat\/aprenentatgeservei\/wp-content\/uploads\/sites\/22\/2025\/12\/DSC_9796.jpg","contentUrl":"https:\/\/diarieducacio.cat\/aprenentatgeservei\/wp-content\/uploads\/sites\/22\/2025\/12\/DSC_9796.jpg","width":1000,"height":664},{"@type":"BreadcrumbList","@id":"https:\/\/diarieducacio.cat\/aprenentatgeservei\/2025\/12\/16\/una-volta-al-valor-del-reconeixement-en-laps\/#breadcrumb","itemListElement":[{"@type":"ListItem","position":1,"name":"Inici","item":"https:\/\/diarieducacio.cat\/aprenentatgeservei\/"},{"@type":"ListItem","position":2,"name":"Una volta al valor del reconeixement en l\u2019APS"}]},{"@type":"WebSite","@id":"https:\/\/diarieducacio.cat\/aprenentatgeservei\/#website","url":"https:\/\/diarieducacio.cat\/aprenentatgeservei\/","name":"Aps i educaci\u00f3 en valors","description":"","potentialAction":[{"@type":"SearchAction","target":{"@type":"EntryPoint","urlTemplate":"https:\/\/diarieducacio.cat\/aprenentatgeservei\/?s={search_term_string}"},"query-input":{"@type":"PropertyValueSpecification","valueRequired":true,"valueName":"search_term_string"}}],"inLanguage":"ca"},{"@type":"Person","@id":"https:\/\/diarieducacio.cat\/aprenentatgeservei\/#\/schema\/person\/30a77b530c3a2f827595323d6cbba212","name":"Susagna Escard\u00edbul","image":{"@type":"ImageObject","inLanguage":"ca","@id":"https:\/\/diarieducacio.cat\/wp-content\/uploads\/2024\/11\/susagna-escardibul_avatar-96x96.jpg","url":"https:\/\/diarieducacio.cat\/wp-content\/uploads\/2024\/11\/susagna-escardibul_avatar-96x96.jpg","contentUrl":"https:\/\/diarieducacio.cat\/wp-content\/uploads\/2024\/11\/susagna-escardibul_avatar-96x96.jpg","caption":"Susagna Escard\u00edbul"},"description":"Pedagoga de l\u2019\u00c0rea d\u2019Innovaci\u00f3 i Continguts de Fundesplai","url":"https:\/\/diarieducacio.cat\/aprenentatgeservei\/author\/sescardibul\/"}]}},"_links":{"self":[{"href":"https:\/\/diarieducacio.cat\/aprenentatgeservei\/wp-json\/wp\/v2\/posts\/2578","targetHints":{"allow":["GET"]}}],"collection":[{"href":"https:\/\/diarieducacio.cat\/aprenentatgeservei\/wp-json\/wp\/v2\/posts"}],"about":[{"href":"https:\/\/diarieducacio.cat\/aprenentatgeservei\/wp-json\/wp\/v2\/types\/post"}],"author":[{"embeddable":true,"href":"https:\/\/diarieducacio.cat\/aprenentatgeservei\/wp-json\/wp\/v2\/users\/42"}],"replies":[{"embeddable":true,"href":"https:\/\/diarieducacio.cat\/aprenentatgeservei\/wp-json\/wp\/v2\/comments?post=2578"}],"version-history":[{"count":3,"href":"https:\/\/diarieducacio.cat\/aprenentatgeservei\/wp-json\/wp\/v2\/posts\/2578\/revisions"}],"predecessor-version":[{"id":2583,"href":"https:\/\/diarieducacio.cat\/aprenentatgeservei\/wp-json\/wp\/v2\/posts\/2578\/revisions\/2583"}],"wp:featuredmedia":[{"embeddable":true,"href":"https:\/\/diarieducacio.cat\/aprenentatgeservei\/wp-json\/wp\/v2\/media\/2579"}],"wp:attachment":[{"href":"https:\/\/diarieducacio.cat\/aprenentatgeservei\/wp-json\/wp\/v2\/media?parent=2578"}],"wp:term":[{"taxonomy":"category","embeddable":true,"href":"https:\/\/diarieducacio.cat\/aprenentatgeservei\/wp-json\/wp\/v2\/categories?post=2578"},{"taxonomy":"post_tag","embeddable":true,"href":"https:\/\/diarieducacio.cat\/aprenentatgeservei\/wp-json\/wp\/v2\/tags?post=2578"},{"taxonomy":"tipo","embeddable":true,"href":"https:\/\/diarieducacio.cat\/aprenentatgeservei\/wp-json\/wp\/v2\/tipo?post=2578"}],"curies":[{"name":"wp","href":"https:\/\/api.w.org\/{rel}","templated":true}]}}