{"id":2587,"date":"2026-01-13T04:00:00","date_gmt":"2026-01-13T03:00:00","guid":{"rendered":"https:\/\/diarieducacio.cat\/aprenentatgeservei\/?p=2587"},"modified":"2026-01-09T13:16:15","modified_gmt":"2026-01-09T12:16:15","slug":"la-dificil-tasca-descapar-del-consumisme","status":"publish","type":"post","link":"https:\/\/diarieducacio.cat\/aprenentatgeservei\/2026\/01\/13\/la-dificil-tasca-descapar-del-consumisme\/","title":{"rendered":"La dif\u00edcil tasca d&#8217;escapar del consumisme"},"content":{"rendered":"\n<p>L&#8217;\u00faltim trimestre de l&#8217;any es diu que \u00e9s l&#8217;\u00e8poca en qu\u00e8 consumim m\u00e9s. Encara que en realitat tots els dies de la nostra vida estem immersos en una espiral de consum, \u00e9s a dir, adquirir b\u00e9ns i serveis per a satisfer les nostres necessitats, les b\u00e0siques i les sup\u00e8rflues. Tot \u00e9s objecte de consum, des de les necessitats m\u00e9s b\u00e0siques de subsist\u00e8ncia al refinament de les m\u00e9s prescindibles. El consum, o millor dit, el consumisme, perqu\u00e8 el consum es pot considerar una activitat natural i necess\u00e0ria, \u00e9s un pilar del sistema productiu. Per tant, el consumidor es converteix en un actor principal permanentment estimulat i potencialment cr\u00edtic, del creixement econ\u00f2mic.<\/p>\n\n\n\n<p>En el capitalisme modern el consumisme actua com a motor del creixement econ\u00f2mic, ja que aquest dep\u00e8n en gran manera de la demanda de b\u00e9ns i serveis pel que el consum no es pot estancar i ha d&#8217;estar en creixement constant. En una estreta relaci\u00f3 de depend\u00e8ncia amb la producci\u00f3, el sistema necessita crear cont\u00ednuament necessitats de consum, mantenir-lo i incrementar-ho obtenint m\u00e9s beneficis i subsidi\u00e0riament desenvolupament social. Amb aquest mateix objectiu, a trav\u00e9s de tots els mitjans publicitaris, al consumidor se li confon equiparant la llibertat de consum per a satisfer les seves necessitats amb la llibertat pol\u00edtica de l&#8217;individu.<\/p>\n\n\n\n<p>En aquest sentit, fa temps es va llan\u00e7ar, amb una certa intenci\u00f3 reflexiva i reactiva, la idea del consumisme com una religi\u00f3. Les necessitats de consum creades prioritzen els nostres desitjos, construeixen valors i organitzen en gran manera les nostres pr\u00e0ctiques en un imaginari de llibertat de decisi\u00f3. Seguint la met\u00e0fora, aix\u00f2 es dona en una societat de consum que es dota de grans centres comercials com a temples, d&#8217;infinitat de rituals com els moments \u00f2ptims de compra, de marques comercials gaireb\u00e9 sagrades i acceptaci\u00f3 de dogmes com la consecuci\u00f3 de la felicitat, l&#8217;equilibri emocional o l&#8217;estatus social a trav\u00e9s del consum. Sense oblidar que, per a major convicci\u00f3 del consumidor, la religi\u00f3 del consum \u00e9s universal, transcendeix cultures i sistemes pol\u00edtics i t\u00e9 grans conseq\u00fc\u00e8ncies en el medi ambient i en les desigualtats socials. Els consumidors, practicants i creients, generalment de manera inconscient i automatitzada, la mantenim en el context d&#8217;una economia social de mercat.<\/p>\n\n\n\n<blockquote class=\"wp-block-quote is-layout-flow wp-block-quote-is-layout-flow\">\n<p>El consum no \u00e9s nom\u00e9s una elecci\u00f3 individual: \u00e9s una pr\u00e0ctica social amb conseq\u00fc\u00e8ncies pol\u00edtiques<\/p>\n<\/blockquote>\n\n\n\n<p>Per\u00f2 des de la perspectiva cr\u00edtica i sostenible que ens ocupa i que el mateix sistema interessadament ja comen\u00e7a a integrar, l&#8217;objectiu principal del consum no hauria de ser el creixement i benefici econ\u00f2mic, sin\u00f3 que hauria de prioritzar m\u00e9s el benestar social i el desenvolupament hum\u00e0 sostenible. Aix\u00f2 implicaria revisar, reformular i canviar alguns elements de la met\u00e0fora anterior. Prioritzar conceptes i pr\u00e0ctiques com a desenvolupament sostenible en els \u00e0mbits econ\u00f2mic, social i ambiental, responsabilitat social i ambiental de les empreses o el decreixement sostenible amb una reducci\u00f3 de la producci\u00f3 i del consum. I per part de la ciutadania comportaria una pr\u00e0ctica de consum cr\u00edtic i responsable.<\/p>\n\n\n\n<p>Si recuperem el rol principal que t\u00e9 el consumidor en el context de la complexitat de la societat de consum se&#8217;ns planteja l\u2019interrogant que va sobrevolant des de l&#8217;inici. Un consumidor conscient i coneixedor del seu paper en el sistema productiu podria incidir en el model de desenvolupament amb una pr\u00e0ctica cr\u00edtica i \u00e8tica del consum? \u00c9s cert que el conjunt de condicionants que intervenen fa que soni una mica ut\u00f2pic. D&#8217;entrada, \u00e9s dif\u00edcil ser cr\u00edtic amb el consumisme des de la cotilla d&#8217;una societat consumista que ens envolta, ens envaeix de manera conscient i inconscient amb un sistema publicitari que s&#8217;innova permanent i el retroalimenta, i actua com una dictadura gaireb\u00e9 invisible. D&#8217;altra banda, els consumidors no som un grup homogeni ideol\u00f2gicament, ni en interessos ni en capacitat de consum pel qual es fa dif\u00edcil alguna cosa aix\u00ed com la proclama alguna vegada proposada de \u201cconsumidors del m\u00f3n uniu-vos\u201d. Una consigna que lluny de poder fer-se realitat pot portar la reflexi\u00f3 i a valorar el poder dels consumidors en la societat consumista que ens han creat.<\/p>\n\n\n\n<p>Llavors els consumidors tenim potencial per a canviar alguna cosa? Ser consumidor cr\u00edtic, responsable socialment i conseq\u00fcent en la pr\u00e0ctica no \u00e9s f\u00e0cil. Superant el pessimisme al qual ens pot portar el poder de la societat de consum sempre queda oberta una finestra d&#8217;esperan\u00e7a a partir de les possibles pr\u00e0ctiques de consum de manera individual o per col\u00b7lectius i en diferents \u00e0mbits d&#8217;actuaci\u00f3. Per consci\u00e8ncia social, per\u00f2 tamb\u00e9 per sentit com\u00fa o per por de les conseq\u00fc\u00e8ncies, una gran part dels consumidors estan oberts a acceptar diferents opcions i implicacions en accions per a un consum responsable i cr\u00edtic. S\u00f3n actuacions a t\u00edtol personal o col\u00b7lectiu i segons criteris molt diversos (estalvi personal, reducci\u00f3 de consum, conservaci\u00f3 de la biodiversitat, mobilitat sostenible, reutilitzaci\u00f3, reparaci\u00f3, reciclatge, consum de proximitat). \u00c9s un capital d&#8217;activitat social que s&#8217;ha de mantenir, promocionar, i generalitzar per a continuar alimentant l&#8217;esperan\u00e7a.<\/p>\n\n\n\n<p>Consumir de manera responsable, amb criteri social i de sostenibilitat per a for\u00e7ar o diguem fer d&#8217;oposici\u00f3 al sistema, necessita tenir presents aquestes dues dimensions d&#8217;actuaci\u00f3, la personal i la de ciutad\u00e0 amb una mirada social i de ben comuna. Encara que actor imprescindible, nom\u00e9s amb la dimensi\u00f3 personal del consumidor responsable no se solucionaria el problema del consumisme, d&#8217;una complexitat sist\u00e8mica, que necessita la dimensi\u00f3 pol\u00edtica i col\u00b7lectiva del consumidor ciutad\u00e0. El criteri social i sostenible comporta tamb\u00e9 la necessitat de comprendre i con\u00e8ixer com funciona el sistema, com es pot incidir o com fomentar o generar canvis positius per a actuar amb coneixement. Tenir consci\u00e8ncia del problema \u00e9s necessari i fonamental, per\u00f2 no \u00e9s suficient.<\/p>\n\n\n\n<blockquote class=\"wp-block-quote is-layout-flow wp-block-quote-is-layout-flow\">\n<p>Davant del consumisme com a sistema, el consumidor cr\u00edtic pot esdevenir un agent de canvi<\/p>\n<\/blockquote>\n\n\n\n<p>Per a ser consumidor cr\u00edtic i responsable en la seva pr\u00e0ctica s&#8217;ha de ser conscient de la necessitat d&#8217;un canvi en el model de desenvolupament, per\u00f2 fonamentat amb coneixements que l&#8217;expliquin i ajudin a for\u00e7ar i construir models diferents. Tamb\u00e9 ha de con\u00e8ixer el potencial d&#8217;incid\u00e8ncia i transformaci\u00f3 que tenim en la societat de consum com a consumidors, a escala individual i de manera col\u00b7lectiva a trav\u00e9s d&#8217;organitzacions, amb criteris de sostenibilitat, equitat i de la qualitat de vida, m\u00e9s enll\u00e0 del creixement econ\u00f2mic. Aix\u00f2 necessita una formaci\u00f3 i una educaci\u00f3 formal i no formal per a fomentar el pensament cr\u00edtic, desenvolupar la capacitat de reflexi\u00f3, an\u00e0lisi i q\u00fcestionament, d&#8217;interrelacionar conceptualment la sostenibilitat, de con\u00e8ixer i promoure pr\u00e0ctiques de consum sostenible. Per a formar persones capaces d&#8217;analitzar i q\u00fcestionar h\u00e0bits i pr\u00e0ctiques de consum comprenent els seus impactes, capa\u00e7os de prendre decisions i que potenci\u00efn la pr\u00e0ctica d&#8217;un consum responsable per a un desenvolupament sostenible, construint i consolidant els valors que el sustenten com, entre altres, just\u00edcia social, equitat, responsabilitat, solidaritat, cooperaci\u00f3 i empatia.<\/p>\n\n\n\n<p>En definitiva, ser conscients que en la nostra vida quotidiana estem immersos en una societat consumista \u00e9s molt important, per\u00f2 con\u00e8ixer els valors que la sustenten, com funciona i les implicacions i el potencial que tenim com a consumidors \u00e9s fonamental. Remant contra corrent malgrat els poderosos condicionants, de nostres limitis personals i de les nostres contradiccions.<\/p>\n","protected":false},"excerpt":{"rendered":"<p>L&#8217;\u00faltim trimestre de l&#8217;any es diu que \u00e9s l&#8217;\u00e8poca en qu\u00e8 consumim m\u00e9s. Encara que en realitat tots els dies de la nostra vida estem immersos en una espiral de consum, \u00e9s a dir, adquirir b\u00e9ns i serveis per a satisfer les nostres necessitats, les b\u00e0siques i les sup\u00e8rflues. Tot \u00e9s objecte de consum, des<\/p>\n","protected":false},"author":385,"featured_media":2588,"comment_status":"open","ping_status":"open","sticky":false,"template":"","format":"standard","meta":{"footnotes":""},"categories":[204],"tags":[296,226],"tipo":[257],"class_list":{"0":"post-2587","1":"post","2":"type-post","3":"status-publish","4":"format-standard","5":"has-post-thumbnail","7":"category-valors","8":"tag-consumisme","9":"tag-educacio-en-valors","10":"tipo-opinio"},"yoast_head":"<!-- This site is optimized with the Yoast SEO plugin v27.4 - https:\/\/yoast.com\/product\/yoast-seo-wordpress\/ -->\n<title>La dif\u00edcil tasca d&#039;escapar del consumisme - Aps i educaci\u00f3 en valors<\/title>\n<meta name=\"robots\" content=\"index, follow, max-snippet:-1, max-image-preview:large, max-video-preview:-1\" \/>\n<link rel=\"canonical\" href=\"https:\/\/diarieducacio.cat\/aprenentatgeservei\/2026\/01\/13\/la-dificil-tasca-descapar-del-consumisme\/\" \/>\n<meta property=\"og:locale\" content=\"ca_ES\" \/>\n<meta property=\"og:type\" content=\"article\" \/>\n<meta property=\"og:title\" content=\"La dif\u00edcil tasca d&#039;escapar del consumisme - Aps i educaci\u00f3 en valors\" \/>\n<meta property=\"og:description\" content=\"L&#8217;\u00faltim trimestre de l&#8217;any es diu que \u00e9s l&#8217;\u00e8poca en qu\u00e8 consumim m\u00e9s. Encara que en realitat tots els dies de la nostra vida estem immersos en una espiral de consum, \u00e9s a dir, adquirir b\u00e9ns i serveis per a satisfer les nostres necessitats, les b\u00e0siques i les sup\u00e8rflues. Tot \u00e9s objecte de consum, des\" \/>\n<meta property=\"og:url\" content=\"https:\/\/diarieducacio.cat\/aprenentatgeservei\/2026\/01\/13\/la-dificil-tasca-descapar-del-consumisme\/\" \/>\n<meta property=\"og:site_name\" content=\"Aps i educaci\u00f3 en valors\" \/>\n<meta property=\"article:publisher\" content=\"https:\/\/www.facebook.com\/diarieducacio\/\" \/>\n<meta property=\"article:published_time\" content=\"2026-01-13T03:00:00+00:00\" \/>\n<meta property=\"og:image\" content=\"https:\/\/diarieducacio.cat\/aprenentatgeservei\/wp-content\/uploads\/sites\/22\/2026\/01\/mujer-sosteniendo-diferentes-paquetes-de-compras.jpg\" \/>\n\t<meta property=\"og:image:width\" content=\"1000\" \/>\n\t<meta property=\"og:image:height\" content=\"668\" \/>\n\t<meta property=\"og:image:type\" content=\"image\/jpeg\" \/>\n<meta name=\"author\" content=\"Jos\u00e9 Palos\" \/>\n<meta name=\"twitter:card\" content=\"summary_large_image\" \/>\n<meta name=\"twitter:creator\" content=\"@DiariEducacio\" \/>\n<meta name=\"twitter:site\" content=\"@DiariEducacio\" \/>\n<meta name=\"twitter:label1\" content=\"Escrit per\" \/>\n\t<meta name=\"twitter:data1\" content=\"Jos\u00e9 Palos\" \/>\n\t<meta name=\"twitter:label2\" content=\"Temps estimat de lectura\" \/>\n\t<meta name=\"twitter:data2\" content=\"7 minuts\" \/>\n<script type=\"application\/ld+json\" class=\"yoast-schema-graph\">{\"@context\":\"https:\\\/\\\/schema.org\",\"@graph\":[{\"@type\":\"Article\",\"@id\":\"https:\\\/\\\/diarieducacio.cat\\\/aprenentatgeservei\\\/2026\\\/01\\\/13\\\/la-dificil-tasca-descapar-del-consumisme\\\/#article\",\"isPartOf\":{\"@id\":\"https:\\\/\\\/diarieducacio.cat\\\/aprenentatgeservei\\\/2026\\\/01\\\/13\\\/la-dificil-tasca-descapar-del-consumisme\\\/\"},\"author\":{\"name\":\"Jos\u00e9 Palos\",\"@id\":\"https:\\\/\\\/diarieducacio.cat\\\/aprenentatgeservei\\\/#\\\/schema\\\/person\\\/5e09787a0c914794b90d61114ea93eb1\"},\"headline\":\"La dif\u00edcil tasca d&#8217;escapar del consumisme\",\"datePublished\":\"2026-01-13T03:00:00+00:00\",\"mainEntityOfPage\":{\"@id\":\"https:\\\/\\\/diarieducacio.cat\\\/aprenentatgeservei\\\/2026\\\/01\\\/13\\\/la-dificil-tasca-descapar-del-consumisme\\\/\"},\"wordCount\":1308,\"commentCount\":0,\"image\":{\"@id\":\"https:\\\/\\\/diarieducacio.cat\\\/aprenentatgeservei\\\/2026\\\/01\\\/13\\\/la-dificil-tasca-descapar-del-consumisme\\\/#primaryimage\"},\"thumbnailUrl\":\"https:\\\/\\\/diarieducacio.cat\\\/aprenentatgeservei\\\/wp-content\\\/uploads\\\/sites\\\/22\\\/2026\\\/01\\\/mujer-sosteniendo-diferentes-paquetes-de-compras.jpg\",\"keywords\":[\"Consumisme\",\"educaci\u00f3 en valors\"],\"articleSection\":[\"Valors\"],\"inLanguage\":\"ca\",\"potentialAction\":[{\"@type\":\"CommentAction\",\"name\":\"Comment\",\"target\":[\"https:\\\/\\\/diarieducacio.cat\\\/aprenentatgeservei\\\/2026\\\/01\\\/13\\\/la-dificil-tasca-descapar-del-consumisme\\\/#respond\"]}]},{\"@type\":\"WebPage\",\"@id\":\"https:\\\/\\\/diarieducacio.cat\\\/aprenentatgeservei\\\/2026\\\/01\\\/13\\\/la-dificil-tasca-descapar-del-consumisme\\\/\",\"url\":\"https:\\\/\\\/diarieducacio.cat\\\/aprenentatgeservei\\\/2026\\\/01\\\/13\\\/la-dificil-tasca-descapar-del-consumisme\\\/\",\"name\":\"La dif\u00edcil tasca d'escapar del consumisme - Aps i educaci\u00f3 en valors\",\"isPartOf\":{\"@id\":\"https:\\\/\\\/diarieducacio.cat\\\/aprenentatgeservei\\\/#website\"},\"primaryImageOfPage\":{\"@id\":\"https:\\\/\\\/diarieducacio.cat\\\/aprenentatgeservei\\\/2026\\\/01\\\/13\\\/la-dificil-tasca-descapar-del-consumisme\\\/#primaryimage\"},\"image\":{\"@id\":\"https:\\\/\\\/diarieducacio.cat\\\/aprenentatgeservei\\\/2026\\\/01\\\/13\\\/la-dificil-tasca-descapar-del-consumisme\\\/#primaryimage\"},\"thumbnailUrl\":\"https:\\\/\\\/diarieducacio.cat\\\/aprenentatgeservei\\\/wp-content\\\/uploads\\\/sites\\\/22\\\/2026\\\/01\\\/mujer-sosteniendo-diferentes-paquetes-de-compras.jpg\",\"datePublished\":\"2026-01-13T03:00:00+00:00\",\"author\":{\"@id\":\"https:\\\/\\\/diarieducacio.cat\\\/aprenentatgeservei\\\/#\\\/schema\\\/person\\\/5e09787a0c914794b90d61114ea93eb1\"},\"breadcrumb\":{\"@id\":\"https:\\\/\\\/diarieducacio.cat\\\/aprenentatgeservei\\\/2026\\\/01\\\/13\\\/la-dificil-tasca-descapar-del-consumisme\\\/#breadcrumb\"},\"inLanguage\":\"ca\",\"potentialAction\":[{\"@type\":\"ReadAction\",\"target\":[\"https:\\\/\\\/diarieducacio.cat\\\/aprenentatgeservei\\\/2026\\\/01\\\/13\\\/la-dificil-tasca-descapar-del-consumisme\\\/\"]}]},{\"@type\":\"ImageObject\",\"inLanguage\":\"ca\",\"@id\":\"https:\\\/\\\/diarieducacio.cat\\\/aprenentatgeservei\\\/2026\\\/01\\\/13\\\/la-dificil-tasca-descapar-del-consumisme\\\/#primaryimage\",\"url\":\"https:\\\/\\\/diarieducacio.cat\\\/aprenentatgeservei\\\/wp-content\\\/uploads\\\/sites\\\/22\\\/2026\\\/01\\\/mujer-sosteniendo-diferentes-paquetes-de-compras.jpg\",\"contentUrl\":\"https:\\\/\\\/diarieducacio.cat\\\/aprenentatgeservei\\\/wp-content\\\/uploads\\\/sites\\\/22\\\/2026\\\/01\\\/mujer-sosteniendo-diferentes-paquetes-de-compras.jpg\",\"width\":1000,\"height\":668,\"caption\":\"Freepik\"},{\"@type\":\"BreadcrumbList\",\"@id\":\"https:\\\/\\\/diarieducacio.cat\\\/aprenentatgeservei\\\/2026\\\/01\\\/13\\\/la-dificil-tasca-descapar-del-consumisme\\\/#breadcrumb\",\"itemListElement\":[{\"@type\":\"ListItem\",\"position\":1,\"name\":\"Inici\",\"item\":\"https:\\\/\\\/diarieducacio.cat\\\/aprenentatgeservei\\\/\"},{\"@type\":\"ListItem\",\"position\":2,\"name\":\"La dif\u00edcil tasca d&#8217;escapar del consumisme\"}]},{\"@type\":\"WebSite\",\"@id\":\"https:\\\/\\\/diarieducacio.cat\\\/aprenentatgeservei\\\/#website\",\"url\":\"https:\\\/\\\/diarieducacio.cat\\\/aprenentatgeservei\\\/\",\"name\":\"Aps i educaci\u00f3 en valors\",\"description\":\"\",\"potentialAction\":[{\"@type\":\"SearchAction\",\"target\":{\"@type\":\"EntryPoint\",\"urlTemplate\":\"https:\\\/\\\/diarieducacio.cat\\\/aprenentatgeservei\\\/?s={search_term_string}\"},\"query-input\":{\"@type\":\"PropertyValueSpecification\",\"valueRequired\":true,\"valueName\":\"search_term_string\"}}],\"inLanguage\":\"ca\"},{\"@type\":\"Person\",\"@id\":\"https:\\\/\\\/diarieducacio.cat\\\/aprenentatgeservei\\\/#\\\/schema\\\/person\\\/5e09787a0c914794b90d61114ea93eb1\",\"name\":\"Jos\u00e9 Palos\",\"image\":{\"@type\":\"ImageObject\",\"inLanguage\":\"ca\",\"@id\":\"https:\\\/\\\/diarieducacio.cat\\\/aprenentatgeservei\\\/wp-content\\\/uploads\\\/sites\\\/22\\\/2025\\\/01\\\/jose-palos_avatar-96x96.jpg\",\"url\":\"https:\\\/\\\/diarieducacio.cat\\\/aprenentatgeservei\\\/wp-content\\\/uploads\\\/sites\\\/22\\\/2025\\\/01\\\/jose-palos_avatar-96x96.jpg\",\"contentUrl\":\"https:\\\/\\\/diarieducacio.cat\\\/aprenentatgeservei\\\/wp-content\\\/uploads\\\/sites\\\/22\\\/2025\\\/01\\\/jose-palos_avatar-96x96.jpg\",\"caption\":\"Jos\u00e9 Palos\"},\"description\":\"Mestre i doctor en Geografia Humana\",\"url\":\"https:\\\/\\\/diarieducacio.cat\\\/aprenentatgeservei\\\/author\\\/josepalos\\\/\"}]}<\/script>\n<!-- \/ Yoast SEO plugin. -->","yoast_head_json":{"title":"La dif\u00edcil tasca d'escapar del consumisme - Aps i educaci\u00f3 en valors","robots":{"index":"index","follow":"follow","max-snippet":"max-snippet:-1","max-image-preview":"max-image-preview:large","max-video-preview":"max-video-preview:-1"},"canonical":"https:\/\/diarieducacio.cat\/aprenentatgeservei\/2026\/01\/13\/la-dificil-tasca-descapar-del-consumisme\/","og_locale":"ca_ES","og_type":"article","og_title":"La dif\u00edcil tasca d'escapar del consumisme - Aps i educaci\u00f3 en valors","og_description":"L&#8217;\u00faltim trimestre de l&#8217;any es diu que \u00e9s l&#8217;\u00e8poca en qu\u00e8 consumim m\u00e9s. Encara que en realitat tots els dies de la nostra vida estem immersos en una espiral de consum, \u00e9s a dir, adquirir b\u00e9ns i serveis per a satisfer les nostres necessitats, les b\u00e0siques i les sup\u00e8rflues. Tot \u00e9s objecte de consum, des","og_url":"https:\/\/diarieducacio.cat\/aprenentatgeservei\/2026\/01\/13\/la-dificil-tasca-descapar-del-consumisme\/","og_site_name":"Aps i educaci\u00f3 en valors","article_publisher":"https:\/\/www.facebook.com\/diarieducacio\/","article_published_time":"2026-01-13T03:00:00+00:00","og_image":[{"width":1000,"height":668,"url":"https:\/\/diarieducacio.cat\/aprenentatgeservei\/wp-content\/uploads\/sites\/22\/2026\/01\/mujer-sosteniendo-diferentes-paquetes-de-compras.jpg","type":"image\/jpeg"}],"author":"Jos\u00e9 Palos","twitter_card":"summary_large_image","twitter_creator":"@DiariEducacio","twitter_site":"@DiariEducacio","twitter_misc":{"Escrit per":"Jos\u00e9 Palos","Temps estimat de lectura":"7 minuts"},"schema":{"@context":"https:\/\/schema.org","@graph":[{"@type":"Article","@id":"https:\/\/diarieducacio.cat\/aprenentatgeservei\/2026\/01\/13\/la-dificil-tasca-descapar-del-consumisme\/#article","isPartOf":{"@id":"https:\/\/diarieducacio.cat\/aprenentatgeservei\/2026\/01\/13\/la-dificil-tasca-descapar-del-consumisme\/"},"author":{"name":"Jos\u00e9 Palos","@id":"https:\/\/diarieducacio.cat\/aprenentatgeservei\/#\/schema\/person\/5e09787a0c914794b90d61114ea93eb1"},"headline":"La dif\u00edcil tasca d&#8217;escapar del consumisme","datePublished":"2026-01-13T03:00:00+00:00","mainEntityOfPage":{"@id":"https:\/\/diarieducacio.cat\/aprenentatgeservei\/2026\/01\/13\/la-dificil-tasca-descapar-del-consumisme\/"},"wordCount":1308,"commentCount":0,"image":{"@id":"https:\/\/diarieducacio.cat\/aprenentatgeservei\/2026\/01\/13\/la-dificil-tasca-descapar-del-consumisme\/#primaryimage"},"thumbnailUrl":"https:\/\/diarieducacio.cat\/aprenentatgeservei\/wp-content\/uploads\/sites\/22\/2026\/01\/mujer-sosteniendo-diferentes-paquetes-de-compras.jpg","keywords":["Consumisme","educaci\u00f3 en valors"],"articleSection":["Valors"],"inLanguage":"ca","potentialAction":[{"@type":"CommentAction","name":"Comment","target":["https:\/\/diarieducacio.cat\/aprenentatgeservei\/2026\/01\/13\/la-dificil-tasca-descapar-del-consumisme\/#respond"]}]},{"@type":"WebPage","@id":"https:\/\/diarieducacio.cat\/aprenentatgeservei\/2026\/01\/13\/la-dificil-tasca-descapar-del-consumisme\/","url":"https:\/\/diarieducacio.cat\/aprenentatgeservei\/2026\/01\/13\/la-dificil-tasca-descapar-del-consumisme\/","name":"La dif\u00edcil tasca d'escapar del consumisme - Aps i educaci\u00f3 en valors","isPartOf":{"@id":"https:\/\/diarieducacio.cat\/aprenentatgeservei\/#website"},"primaryImageOfPage":{"@id":"https:\/\/diarieducacio.cat\/aprenentatgeservei\/2026\/01\/13\/la-dificil-tasca-descapar-del-consumisme\/#primaryimage"},"image":{"@id":"https:\/\/diarieducacio.cat\/aprenentatgeservei\/2026\/01\/13\/la-dificil-tasca-descapar-del-consumisme\/#primaryimage"},"thumbnailUrl":"https:\/\/diarieducacio.cat\/aprenentatgeservei\/wp-content\/uploads\/sites\/22\/2026\/01\/mujer-sosteniendo-diferentes-paquetes-de-compras.jpg","datePublished":"2026-01-13T03:00:00+00:00","author":{"@id":"https:\/\/diarieducacio.cat\/aprenentatgeservei\/#\/schema\/person\/5e09787a0c914794b90d61114ea93eb1"},"breadcrumb":{"@id":"https:\/\/diarieducacio.cat\/aprenentatgeservei\/2026\/01\/13\/la-dificil-tasca-descapar-del-consumisme\/#breadcrumb"},"inLanguage":"ca","potentialAction":[{"@type":"ReadAction","target":["https:\/\/diarieducacio.cat\/aprenentatgeservei\/2026\/01\/13\/la-dificil-tasca-descapar-del-consumisme\/"]}]},{"@type":"ImageObject","inLanguage":"ca","@id":"https:\/\/diarieducacio.cat\/aprenentatgeservei\/2026\/01\/13\/la-dificil-tasca-descapar-del-consumisme\/#primaryimage","url":"https:\/\/diarieducacio.cat\/aprenentatgeservei\/wp-content\/uploads\/sites\/22\/2026\/01\/mujer-sosteniendo-diferentes-paquetes-de-compras.jpg","contentUrl":"https:\/\/diarieducacio.cat\/aprenentatgeservei\/wp-content\/uploads\/sites\/22\/2026\/01\/mujer-sosteniendo-diferentes-paquetes-de-compras.jpg","width":1000,"height":668,"caption":"Freepik"},{"@type":"BreadcrumbList","@id":"https:\/\/diarieducacio.cat\/aprenentatgeservei\/2026\/01\/13\/la-dificil-tasca-descapar-del-consumisme\/#breadcrumb","itemListElement":[{"@type":"ListItem","position":1,"name":"Inici","item":"https:\/\/diarieducacio.cat\/aprenentatgeservei\/"},{"@type":"ListItem","position":2,"name":"La dif\u00edcil tasca d&#8217;escapar del consumisme"}]},{"@type":"WebSite","@id":"https:\/\/diarieducacio.cat\/aprenentatgeservei\/#website","url":"https:\/\/diarieducacio.cat\/aprenentatgeservei\/","name":"Aps i educaci\u00f3 en valors","description":"","potentialAction":[{"@type":"SearchAction","target":{"@type":"EntryPoint","urlTemplate":"https:\/\/diarieducacio.cat\/aprenentatgeservei\/?s={search_term_string}"},"query-input":{"@type":"PropertyValueSpecification","valueRequired":true,"valueName":"search_term_string"}}],"inLanguage":"ca"},{"@type":"Person","@id":"https:\/\/diarieducacio.cat\/aprenentatgeservei\/#\/schema\/person\/5e09787a0c914794b90d61114ea93eb1","name":"Jos\u00e9 Palos","image":{"@type":"ImageObject","inLanguage":"ca","@id":"https:\/\/diarieducacio.cat\/aprenentatgeservei\/wp-content\/uploads\/sites\/22\/2025\/01\/jose-palos_avatar-96x96.jpg","url":"https:\/\/diarieducacio.cat\/aprenentatgeservei\/wp-content\/uploads\/sites\/22\/2025\/01\/jose-palos_avatar-96x96.jpg","contentUrl":"https:\/\/diarieducacio.cat\/aprenentatgeservei\/wp-content\/uploads\/sites\/22\/2025\/01\/jose-palos_avatar-96x96.jpg","caption":"Jos\u00e9 Palos"},"description":"Mestre i doctor en Geografia Humana","url":"https:\/\/diarieducacio.cat\/aprenentatgeservei\/author\/josepalos\/"}]}},"_links":{"self":[{"href":"https:\/\/diarieducacio.cat\/aprenentatgeservei\/wp-json\/wp\/v2\/posts\/2587","targetHints":{"allow":["GET"]}}],"collection":[{"href":"https:\/\/diarieducacio.cat\/aprenentatgeservei\/wp-json\/wp\/v2\/posts"}],"about":[{"href":"https:\/\/diarieducacio.cat\/aprenentatgeservei\/wp-json\/wp\/v2\/types\/post"}],"author":[{"embeddable":true,"href":"https:\/\/diarieducacio.cat\/aprenentatgeservei\/wp-json\/wp\/v2\/users\/385"}],"replies":[{"embeddable":true,"href":"https:\/\/diarieducacio.cat\/aprenentatgeservei\/wp-json\/wp\/v2\/comments?post=2587"}],"version-history":[{"count":4,"href":"https:\/\/diarieducacio.cat\/aprenentatgeservei\/wp-json\/wp\/v2\/posts\/2587\/revisions"}],"predecessor-version":[{"id":2595,"href":"https:\/\/diarieducacio.cat\/aprenentatgeservei\/wp-json\/wp\/v2\/posts\/2587\/revisions\/2595"}],"wp:featuredmedia":[{"embeddable":true,"href":"https:\/\/diarieducacio.cat\/aprenentatgeservei\/wp-json\/wp\/v2\/media\/2588"}],"wp:attachment":[{"href":"https:\/\/diarieducacio.cat\/aprenentatgeservei\/wp-json\/wp\/v2\/media?parent=2587"}],"wp:term":[{"taxonomy":"category","embeddable":true,"href":"https:\/\/diarieducacio.cat\/aprenentatgeservei\/wp-json\/wp\/v2\/categories?post=2587"},{"taxonomy":"post_tag","embeddable":true,"href":"https:\/\/diarieducacio.cat\/aprenentatgeservei\/wp-json\/wp\/v2\/tags?post=2587"},{"taxonomy":"tipo","embeddable":true,"href":"https:\/\/diarieducacio.cat\/aprenentatgeservei\/wp-json\/wp\/v2\/tipo?post=2587"}],"curies":[{"name":"wp","href":"https:\/\/api.w.org\/{rel}","templated":true}]}}