{"id":2684,"date":"2026-04-28T04:00:00","date_gmt":"2026-04-28T02:00:00","guid":{"rendered":"https:\/\/diarieducacio.cat\/aprenentatgeservei\/?p=2684"},"modified":"2026-04-27T11:38:58","modified_gmt":"2026-04-27T09:38:58","slug":"el-bon-viure-una-educacio-per-a-tota-la-vida","status":"publish","type":"post","link":"https:\/\/diarieducacio.cat\/aprenentatgeservei\/2026\/04\/28\/el-bon-viure-una-educacio-per-a-tota-la-vida\/","title":{"rendered":"El Bon Viure, una educaci\u00f3 per a tota la vida"},"content":{"rendered":"\n<p>Massa sovint hem vist com els relats educatius queden tancats en ells mateixos, com en un bucle repetitiu. Sabem que l\u2019educaci\u00f3 \u00e9s sist\u00e8mica. No podem parlar d\u2019educaci\u00f3 sense parlar d\u2019economia, dels problemes mediambientals, de les migracions, de com s\u2019est\u00e0 organitzant aquesta nova societat neofeudal, de quines alternatives estan apareixent i de quina resposta educativa donem.<\/p>\n\n\n\n<p>En moments de crisis com els que estem vivint, val la pena\u00a0veure qu\u00e8 ens poden aportar maneres de pensar diferents, sortir del nostre discurs i ampliar la mirada. Una d\u2019aquestes propostes \u00e9s la que fa uns anys ens va arribar des dels pobles andins i amaz\u00f2nics i que es consolida com una de les alternatives de vida a aquest sistema actual. Parlem del Bon Viure. Una manera d\u2019entendre el m\u00f3n i les relacions humanes que ens obre interessants espais de reflexi\u00f3 i accions educatives.<\/p>\n\n\n\n<p>Qu\u00e8 defineix el Bon Viure? Enfront del consumisme, el Bon Viure planteja l\u2019austeritat com un aspecte important per viure b\u00e9. Una austeritat que, a la vegada que cobreixi les necessitats b\u00e0siques de tothom, possibiliti les diferents formes de vida del planeta. Aix\u00ed\u00a0per viure b\u00e9 no hem d\u2019entrar en una carrera consumista, sin\u00f3\u00a0educar en un sentit cr\u00edtic dels usos que fem de l\u2019energia, dels recursos naturals, de l\u2019alimentaci\u00f3 o de com cuidem la terra. Un dels exemples \u00e9s com, enfront de l\u2019agricultura industrial dominant, el Bon Viure ens presenta una agricultura que seguint els ritmes de la terra, sigui capa\u00e7 d\u2019alimentar d\u2019una manera sana, variada i saludable la poblaci\u00f3. \u00c9s el primer pas per a una bona salut i caldria reclamar als governs una Seguretat Social perqu\u00e8 una alimentaci\u00f3 sana i de proximitat arribi a tothom.<\/p>\n\n\n\n<blockquote class=\"wp-block-quote is-layout-flow wp-block-quote-is-layout-flow\">\n<p>No hi ha bon viure possible en un m\u00f3n que no \u00e9s compartit<\/p>\n<\/blockquote>\n\n\n\n<p>Un altre pilar fonamental del Bon Viure \u00e9s la vida comunit\u00e0ria: una persona no pot viure b\u00e9 si la comunitat no viu b\u00e9. La import\u00e0ncia d\u2019una vida comunit\u00e0ria i d\u2019una \u00e8tica social i d\u2019all\u00f2 que \u00e9s com\u00fa t\u00e9 una gran import\u00e0ncia i \u00e9s una opci\u00f3 seriosa per sortir de la crisi civilitzat\u00f2ria actual.\u00a0Conjugar aquest sentit comunitari i el lligam amb la naturalesa, amb els seus l\u00edmits i amb com es reparteixen els recursos \u00e9s el que ha de configurar pol\u00edtiques p\u00fabliques d\u2019educaci\u00f3, de salut, d\u2019alimentaci\u00f3, de cultura, de vivenda i, a la vegada, tenir moments d\u2019intercanvi, de trobar-se amb els altres, de cuidar-nos&#8230; I en harmonia amb la naturalesa \u00e9s el que ens pot portar a una vida de benestar.<\/p>\n\n\n\n<p>El que \u00e9s com\u00fa\u00a0no s\u2019ha d\u2019entendre com una imposici\u00f3 moral imposada des del poder, sin\u00f3 a partir de la necessitat de desenvolupament mutu entre les persones i els altres \u00e9ssers. Tal com mostren molts els estudis m\u00e9s avan\u00e7ats, diuen que les esp\u00e8cies han superat crisis importants quan han col\u00b7laborat entre elles, no quan han lluitat per veure qui les domina, fet que les ha portat cap a l\u2019autodestrucci\u00f3.<\/p>\n\n\n\n<p>Aquesta viv\u00e8ncia d\u2019all\u00f2 que \u00e9s com\u00fa s\u2019est\u00e9n tamb\u00e9 a les relacions que hem de tenir amb la nostra casa comuna, el planeta Terra. Desenvolupar valors per a una \u00e8tica c\u00f2smica i de just\u00edcia ecol\u00f2gica tamb\u00e9 forma part del Bon Viure, entenent que nosaltres no estem sols en el m\u00f3n, som ecodependents i formem part del planeta i del cosmos i a la vegada som interdependents; ens necessitem els uns als altres i les nostres accions tenen repercussions no solament en l\u2019ara, sin\u00f3 tamb\u00e9 en el futur, com molt b\u00e9 ens descriu l\u2019\u00e8tica de les set generacions: quan facis una acci\u00f3 en la teva vida pensa en les repercussions que pot tenir fins a les set generacions futures, que la Unesco l\u2019any\u00a01997 va recollir en la declaraci\u00f3 de l\u2019\u00e8tica de les generacions.<\/p>\n\n\n\n<blockquote class=\"wp-block-quote is-layout-flow wp-block-quote-is-layout-flow\">\n<p>Educar \u00e9s aprendre a habitar el m\u00f3n amb els altres<\/p>\n<\/blockquote>\n\n\n\n<p>Tots aquests principis ens obren importants espais de reflexi\u00f3 i de debat a l\u2019hora de plantejar-nos l\u2019educaci\u00f3 en el moment actual. Com eduquem per a una vida comunit\u00e0ria fomentant la democr\u00e0cia, l\u2019acceptaci\u00f3 de la diversitat cultural, el di\u00e0leg, els lideratges \u2013tamb\u00e9 els horitzontals\u2013, la trobada; com establim les relacions emocionals i afectives amb la import\u00e0ncia que tenen les cures per a la vida, o com canviem els patrons de consum per una austeritat que asseguri els recursos per a tothom, tamb\u00e9 per a les futures generacions s\u00f3n alguns dels missatges educatius que ens aporta el Bon Viure. Una aposta que no s\u2019ha d\u2019entendre com una suma d\u2019activitats o valors independents els uns dels altres, sin\u00f3 que formen un tot. No es poden entendre els uns al marge dels altres, no podem parlar d\u2019educaci\u00f3 democr\u00e0tica si no parlem de just\u00edcia ecol\u00f2gica o no podem parlar de vida austera sense parlar de com es reparteixen els recursos que tenim disponibles&#8230;<\/p>\n\n\n\n<p>Educar per al Bon Viure no s\u2019esgota en els temps i espais escolars, sin\u00f3 que \u00e9s un\u00a0proc\u00e9s d\u2019educaci\u00f3 per a tota la vida. S\u2019aposta per recon\u00e8ixer que tothom \u00e9s v\u00e0lid i necessari en qualsevol moment, des de la infantesa fins a la mort, i cadasc\u00fa amb una actitud de sorpresa permanent davant la vida, ha d\u2019anar cercant en les diferents etapes quina \u00e9s la seva resposta vital i harmoniosa amb un mateix, amb la comunitat i amb la naturalesa.<\/p>\n\n\n\n<p>I, d\u2019aquesta manera, tal com ens ensenya el Bon Viure, anar construint una vida individual i col\u00b7lectiva com si fos la construcci\u00f3 d\u2019una obra d\u2019art.<\/p>\n\n\n\n<p><\/p>\n","protected":false},"excerpt":{"rendered":"<p>Massa sovint hem vist com els relats educatius queden tancats en ells mateixos, com en un bucle repetitiu. Sabem que l\u2019educaci\u00f3 \u00e9s sist\u00e8mica. No podem parlar d\u2019educaci\u00f3 sense parlar d\u2019economia, dels problemes mediambientals, de les migracions, de com s\u2019est\u00e0 organitzant aquesta nova societat neofeudal, de quines alternatives estan apareixent i de quina resposta educativa donem.<\/p>\n","protected":false},"author":414,"featured_media":2685,"comment_status":"open","ping_status":"open","sticky":false,"template":"","format":"standard","meta":{"footnotes":""},"categories":[203,204],"tags":[97,306,226],"tipo":[],"class_list":{"0":"post-2684","1":"post","2":"type-post","3":"status-publish","4":"format-standard","5":"has-post-thumbnail","7":"category-comunitat","8":"category-valors","9":"tag-aprenentatge-servei","10":"tag-bon-viure","11":"tag-educacio-en-valors"},"yoast_head":"<!-- This site is optimized with the Yoast SEO plugin v27.4 - https:\/\/yoast.com\/product\/yoast-seo-wordpress\/ -->\n<title>El Bon Viure, una educaci\u00f3 per a tota la vida - Aps i educaci\u00f3 en valors<\/title>\n<meta name=\"robots\" content=\"index, follow, max-snippet:-1, max-image-preview:large, max-video-preview:-1\" \/>\n<link rel=\"canonical\" href=\"https:\/\/diarieducacio.cat\/aprenentatgeservei\/2026\/04\/28\/el-bon-viure-una-educacio-per-a-tota-la-vida\/\" \/>\n<meta property=\"og:locale\" content=\"ca_ES\" \/>\n<meta property=\"og:type\" content=\"article\" \/>\n<meta property=\"og:title\" content=\"El Bon Viure, una educaci\u00f3 per a tota la vida - Aps i educaci\u00f3 en valors\" \/>\n<meta property=\"og:description\" content=\"Massa sovint hem vist com els relats educatius queden tancats en ells mateixos, com en un bucle repetitiu. Sabem que l\u2019educaci\u00f3 \u00e9s sist\u00e8mica. No podem parlar d\u2019educaci\u00f3 sense parlar d\u2019economia, dels problemes mediambientals, de les migracions, de com s\u2019est\u00e0 organitzant aquesta nova societat neofeudal, de quines alternatives estan apareixent i de quina resposta educativa donem.\" \/>\n<meta property=\"og:url\" content=\"https:\/\/diarieducacio.cat\/aprenentatgeservei\/2026\/04\/28\/el-bon-viure-una-educacio-per-a-tota-la-vida\/\" \/>\n<meta property=\"og:site_name\" content=\"Aps i educaci\u00f3 en valors\" \/>\n<meta property=\"article:publisher\" content=\"https:\/\/www.facebook.com\/diarieducacio\/\" \/>\n<meta property=\"article:published_time\" content=\"2026-04-28T02:00:00+00:00\" \/>\n<meta property=\"og:image\" content=\"https:\/\/diarieducacio.cat\/aprenentatgeservei\/wp-content\/uploads\/sites\/22\/2026\/04\/people-planting-tree-countryside.jpg\" \/>\n\t<meta property=\"og:image:width\" content=\"1000\" \/>\n\t<meta property=\"og:image:height\" content=\"667\" \/>\n\t<meta property=\"og:image:type\" content=\"image\/jpeg\" \/>\n<meta name=\"author\" content=\"Agust\u00ed Corominas\" \/>\n<meta name=\"twitter:card\" content=\"summary_large_image\" \/>\n<meta name=\"twitter:creator\" content=\"@DiariEducacio\" \/>\n<meta name=\"twitter:site\" content=\"@DiariEducacio\" \/>\n<meta name=\"twitter:label1\" content=\"Escrit per\" \/>\n\t<meta name=\"twitter:data1\" content=\"Agust\u00ed Corominas\" \/>\n\t<meta name=\"twitter:label2\" content=\"Temps estimat de lectura\" \/>\n\t<meta name=\"twitter:data2\" content=\"5 minuts\" \/>\n<script type=\"application\/ld+json\" class=\"yoast-schema-graph\">{\"@context\":\"https:\\\/\\\/schema.org\",\"@graph\":[{\"@type\":\"Article\",\"@id\":\"https:\\\/\\\/diarieducacio.cat\\\/aprenentatgeservei\\\/2026\\\/04\\\/28\\\/el-bon-viure-una-educacio-per-a-tota-la-vida\\\/#article\",\"isPartOf\":{\"@id\":\"https:\\\/\\\/diarieducacio.cat\\\/aprenentatgeservei\\\/2026\\\/04\\\/28\\\/el-bon-viure-una-educacio-per-a-tota-la-vida\\\/\"},\"author\":{\"name\":\"Agust\u00ed Corominas\",\"@id\":\"https:\\\/\\\/diarieducacio.cat\\\/aprenentatgeservei\\\/#\\\/schema\\\/person\\\/beed536e3afb08b0edc13f867e4c3dd7\"},\"headline\":\"El Bon Viure, una educaci\u00f3 per a tota la vida\",\"datePublished\":\"2026-04-28T02:00:00+00:00\",\"mainEntityOfPage\":{\"@id\":\"https:\\\/\\\/diarieducacio.cat\\\/aprenentatgeservei\\\/2026\\\/04\\\/28\\\/el-bon-viure-una-educacio-per-a-tota-la-vida\\\/\"},\"wordCount\":973,\"commentCount\":0,\"image\":{\"@id\":\"https:\\\/\\\/diarieducacio.cat\\\/aprenentatgeservei\\\/2026\\\/04\\\/28\\\/el-bon-viure-una-educacio-per-a-tota-la-vida\\\/#primaryimage\"},\"thumbnailUrl\":\"https:\\\/\\\/diarieducacio.cat\\\/aprenentatgeservei\\\/wp-content\\\/uploads\\\/sites\\\/22\\\/2026\\\/04\\\/people-planting-tree-countryside.jpg\",\"keywords\":[\"aprenentatge servei\",\"Bon Viure\",\"educaci\u00f3 en valors\"],\"articleSection\":[\"Comunitat\",\"Valors\"],\"inLanguage\":\"ca\",\"potentialAction\":[{\"@type\":\"CommentAction\",\"name\":\"Comment\",\"target\":[\"https:\\\/\\\/diarieducacio.cat\\\/aprenentatgeservei\\\/2026\\\/04\\\/28\\\/el-bon-viure-una-educacio-per-a-tota-la-vida\\\/#respond\"]}]},{\"@type\":\"WebPage\",\"@id\":\"https:\\\/\\\/diarieducacio.cat\\\/aprenentatgeservei\\\/2026\\\/04\\\/28\\\/el-bon-viure-una-educacio-per-a-tota-la-vida\\\/\",\"url\":\"https:\\\/\\\/diarieducacio.cat\\\/aprenentatgeservei\\\/2026\\\/04\\\/28\\\/el-bon-viure-una-educacio-per-a-tota-la-vida\\\/\",\"name\":\"El Bon Viure, una educaci\u00f3 per a tota la vida - Aps i educaci\u00f3 en valors\",\"isPartOf\":{\"@id\":\"https:\\\/\\\/diarieducacio.cat\\\/aprenentatgeservei\\\/#website\"},\"primaryImageOfPage\":{\"@id\":\"https:\\\/\\\/diarieducacio.cat\\\/aprenentatgeservei\\\/2026\\\/04\\\/28\\\/el-bon-viure-una-educacio-per-a-tota-la-vida\\\/#primaryimage\"},\"image\":{\"@id\":\"https:\\\/\\\/diarieducacio.cat\\\/aprenentatgeservei\\\/2026\\\/04\\\/28\\\/el-bon-viure-una-educacio-per-a-tota-la-vida\\\/#primaryimage\"},\"thumbnailUrl\":\"https:\\\/\\\/diarieducacio.cat\\\/aprenentatgeservei\\\/wp-content\\\/uploads\\\/sites\\\/22\\\/2026\\\/04\\\/people-planting-tree-countryside.jpg\",\"datePublished\":\"2026-04-28T02:00:00+00:00\",\"author\":{\"@id\":\"https:\\\/\\\/diarieducacio.cat\\\/aprenentatgeservei\\\/#\\\/schema\\\/person\\\/beed536e3afb08b0edc13f867e4c3dd7\"},\"breadcrumb\":{\"@id\":\"https:\\\/\\\/diarieducacio.cat\\\/aprenentatgeservei\\\/2026\\\/04\\\/28\\\/el-bon-viure-una-educacio-per-a-tota-la-vida\\\/#breadcrumb\"},\"inLanguage\":\"ca\",\"potentialAction\":[{\"@type\":\"ReadAction\",\"target\":[\"https:\\\/\\\/diarieducacio.cat\\\/aprenentatgeservei\\\/2026\\\/04\\\/28\\\/el-bon-viure-una-educacio-per-a-tota-la-vida\\\/\"]}]},{\"@type\":\"ImageObject\",\"inLanguage\":\"ca\",\"@id\":\"https:\\\/\\\/diarieducacio.cat\\\/aprenentatgeservei\\\/2026\\\/04\\\/28\\\/el-bon-viure-una-educacio-per-a-tota-la-vida\\\/#primaryimage\",\"url\":\"https:\\\/\\\/diarieducacio.cat\\\/aprenentatgeservei\\\/wp-content\\\/uploads\\\/sites\\\/22\\\/2026\\\/04\\\/people-planting-tree-countryside.jpg\",\"contentUrl\":\"https:\\\/\\\/diarieducacio.cat\\\/aprenentatgeservei\\\/wp-content\\\/uploads\\\/sites\\\/22\\\/2026\\\/04\\\/people-planting-tree-countryside.jpg\",\"width\":1000,\"height\":667,\"caption\":\"Freepik\"},{\"@type\":\"BreadcrumbList\",\"@id\":\"https:\\\/\\\/diarieducacio.cat\\\/aprenentatgeservei\\\/2026\\\/04\\\/28\\\/el-bon-viure-una-educacio-per-a-tota-la-vida\\\/#breadcrumb\",\"itemListElement\":[{\"@type\":\"ListItem\",\"position\":1,\"name\":\"Inici\",\"item\":\"https:\\\/\\\/diarieducacio.cat\\\/aprenentatgeservei\\\/\"},{\"@type\":\"ListItem\",\"position\":2,\"name\":\"El Bon Viure, una educaci\u00f3 per a tota la vida\"}]},{\"@type\":\"WebSite\",\"@id\":\"https:\\\/\\\/diarieducacio.cat\\\/aprenentatgeservei\\\/#website\",\"url\":\"https:\\\/\\\/diarieducacio.cat\\\/aprenentatgeservei\\\/\",\"name\":\"Aps i educaci\u00f3 en valors\",\"description\":\"\",\"potentialAction\":[{\"@type\":\"SearchAction\",\"target\":{\"@type\":\"EntryPoint\",\"urlTemplate\":\"https:\\\/\\\/diarieducacio.cat\\\/aprenentatgeservei\\\/?s={search_term_string}\"},\"query-input\":{\"@type\":\"PropertyValueSpecification\",\"valueRequired\":true,\"valueName\":\"search_term_string\"}}],\"inLanguage\":\"ca\"},{\"@type\":\"Person\",\"@id\":\"https:\\\/\\\/diarieducacio.cat\\\/aprenentatgeservei\\\/#\\\/schema\\\/person\\\/beed536e3afb08b0edc13f867e4c3dd7\",\"name\":\"Agust\u00ed Corominas\",\"image\":{\"@type\":\"ImageObject\",\"inLanguage\":\"ca\",\"@id\":\"https:\\\/\\\/diarieducacio.cat\\\/aprenentatgeservei\\\/wp-content\\\/uploads\\\/sites\\\/22\\\/2025\\\/02\\\/agusti-corominas_avatar-96x96.jpg\",\"url\":\"https:\\\/\\\/diarieducacio.cat\\\/aprenentatgeservei\\\/wp-content\\\/uploads\\\/sites\\\/22\\\/2025\\\/02\\\/agusti-corominas_avatar-96x96.jpg\",\"contentUrl\":\"https:\\\/\\\/diarieducacio.cat\\\/aprenentatgeservei\\\/wp-content\\\/uploads\\\/sites\\\/22\\\/2025\\\/02\\\/agusti-corominas_avatar-96x96.jpg\",\"caption\":\"Agust\u00ed Corominas\"},\"description\":\"Pedagog, cineasta i un caminant per la vida\",\"url\":\"https:\\\/\\\/diarieducacio.cat\\\/aprenentatgeservei\\\/author\\\/agusticorominas\\\/\"}]}<\/script>\n<!-- \/ Yoast SEO plugin. -->","yoast_head_json":{"title":"El Bon Viure, una educaci\u00f3 per a tota la vida - Aps i educaci\u00f3 en valors","robots":{"index":"index","follow":"follow","max-snippet":"max-snippet:-1","max-image-preview":"max-image-preview:large","max-video-preview":"max-video-preview:-1"},"canonical":"https:\/\/diarieducacio.cat\/aprenentatgeservei\/2026\/04\/28\/el-bon-viure-una-educacio-per-a-tota-la-vida\/","og_locale":"ca_ES","og_type":"article","og_title":"El Bon Viure, una educaci\u00f3 per a tota la vida - Aps i educaci\u00f3 en valors","og_description":"Massa sovint hem vist com els relats educatius queden tancats en ells mateixos, com en un bucle repetitiu. Sabem que l\u2019educaci\u00f3 \u00e9s sist\u00e8mica. No podem parlar d\u2019educaci\u00f3 sense parlar d\u2019economia, dels problemes mediambientals, de les migracions, de com s\u2019est\u00e0 organitzant aquesta nova societat neofeudal, de quines alternatives estan apareixent i de quina resposta educativa donem.","og_url":"https:\/\/diarieducacio.cat\/aprenentatgeservei\/2026\/04\/28\/el-bon-viure-una-educacio-per-a-tota-la-vida\/","og_site_name":"Aps i educaci\u00f3 en valors","article_publisher":"https:\/\/www.facebook.com\/diarieducacio\/","article_published_time":"2026-04-28T02:00:00+00:00","og_image":[{"width":1000,"height":667,"url":"https:\/\/diarieducacio.cat\/aprenentatgeservei\/wp-content\/uploads\/sites\/22\/2026\/04\/people-planting-tree-countryside.jpg","type":"image\/jpeg"}],"author":"Agust\u00ed Corominas","twitter_card":"summary_large_image","twitter_creator":"@DiariEducacio","twitter_site":"@DiariEducacio","twitter_misc":{"Escrit per":"Agust\u00ed Corominas","Temps estimat de lectura":"5 minuts"},"schema":{"@context":"https:\/\/schema.org","@graph":[{"@type":"Article","@id":"https:\/\/diarieducacio.cat\/aprenentatgeservei\/2026\/04\/28\/el-bon-viure-una-educacio-per-a-tota-la-vida\/#article","isPartOf":{"@id":"https:\/\/diarieducacio.cat\/aprenentatgeservei\/2026\/04\/28\/el-bon-viure-una-educacio-per-a-tota-la-vida\/"},"author":{"name":"Agust\u00ed Corominas","@id":"https:\/\/diarieducacio.cat\/aprenentatgeservei\/#\/schema\/person\/beed536e3afb08b0edc13f867e4c3dd7"},"headline":"El Bon Viure, una educaci\u00f3 per a tota la vida","datePublished":"2026-04-28T02:00:00+00:00","mainEntityOfPage":{"@id":"https:\/\/diarieducacio.cat\/aprenentatgeservei\/2026\/04\/28\/el-bon-viure-una-educacio-per-a-tota-la-vida\/"},"wordCount":973,"commentCount":0,"image":{"@id":"https:\/\/diarieducacio.cat\/aprenentatgeservei\/2026\/04\/28\/el-bon-viure-una-educacio-per-a-tota-la-vida\/#primaryimage"},"thumbnailUrl":"https:\/\/diarieducacio.cat\/aprenentatgeservei\/wp-content\/uploads\/sites\/22\/2026\/04\/people-planting-tree-countryside.jpg","keywords":["aprenentatge servei","Bon Viure","educaci\u00f3 en valors"],"articleSection":["Comunitat","Valors"],"inLanguage":"ca","potentialAction":[{"@type":"CommentAction","name":"Comment","target":["https:\/\/diarieducacio.cat\/aprenentatgeservei\/2026\/04\/28\/el-bon-viure-una-educacio-per-a-tota-la-vida\/#respond"]}]},{"@type":"WebPage","@id":"https:\/\/diarieducacio.cat\/aprenentatgeservei\/2026\/04\/28\/el-bon-viure-una-educacio-per-a-tota-la-vida\/","url":"https:\/\/diarieducacio.cat\/aprenentatgeservei\/2026\/04\/28\/el-bon-viure-una-educacio-per-a-tota-la-vida\/","name":"El Bon Viure, una educaci\u00f3 per a tota la vida - Aps i educaci\u00f3 en valors","isPartOf":{"@id":"https:\/\/diarieducacio.cat\/aprenentatgeservei\/#website"},"primaryImageOfPage":{"@id":"https:\/\/diarieducacio.cat\/aprenentatgeservei\/2026\/04\/28\/el-bon-viure-una-educacio-per-a-tota-la-vida\/#primaryimage"},"image":{"@id":"https:\/\/diarieducacio.cat\/aprenentatgeservei\/2026\/04\/28\/el-bon-viure-una-educacio-per-a-tota-la-vida\/#primaryimage"},"thumbnailUrl":"https:\/\/diarieducacio.cat\/aprenentatgeservei\/wp-content\/uploads\/sites\/22\/2026\/04\/people-planting-tree-countryside.jpg","datePublished":"2026-04-28T02:00:00+00:00","author":{"@id":"https:\/\/diarieducacio.cat\/aprenentatgeservei\/#\/schema\/person\/beed536e3afb08b0edc13f867e4c3dd7"},"breadcrumb":{"@id":"https:\/\/diarieducacio.cat\/aprenentatgeservei\/2026\/04\/28\/el-bon-viure-una-educacio-per-a-tota-la-vida\/#breadcrumb"},"inLanguage":"ca","potentialAction":[{"@type":"ReadAction","target":["https:\/\/diarieducacio.cat\/aprenentatgeservei\/2026\/04\/28\/el-bon-viure-una-educacio-per-a-tota-la-vida\/"]}]},{"@type":"ImageObject","inLanguage":"ca","@id":"https:\/\/diarieducacio.cat\/aprenentatgeservei\/2026\/04\/28\/el-bon-viure-una-educacio-per-a-tota-la-vida\/#primaryimage","url":"https:\/\/diarieducacio.cat\/aprenentatgeservei\/wp-content\/uploads\/sites\/22\/2026\/04\/people-planting-tree-countryside.jpg","contentUrl":"https:\/\/diarieducacio.cat\/aprenentatgeservei\/wp-content\/uploads\/sites\/22\/2026\/04\/people-planting-tree-countryside.jpg","width":1000,"height":667,"caption":"Freepik"},{"@type":"BreadcrumbList","@id":"https:\/\/diarieducacio.cat\/aprenentatgeservei\/2026\/04\/28\/el-bon-viure-una-educacio-per-a-tota-la-vida\/#breadcrumb","itemListElement":[{"@type":"ListItem","position":1,"name":"Inici","item":"https:\/\/diarieducacio.cat\/aprenentatgeservei\/"},{"@type":"ListItem","position":2,"name":"El Bon Viure, una educaci\u00f3 per a tota la vida"}]},{"@type":"WebSite","@id":"https:\/\/diarieducacio.cat\/aprenentatgeservei\/#website","url":"https:\/\/diarieducacio.cat\/aprenentatgeservei\/","name":"Aps i educaci\u00f3 en valors","description":"","potentialAction":[{"@type":"SearchAction","target":{"@type":"EntryPoint","urlTemplate":"https:\/\/diarieducacio.cat\/aprenentatgeservei\/?s={search_term_string}"},"query-input":{"@type":"PropertyValueSpecification","valueRequired":true,"valueName":"search_term_string"}}],"inLanguage":"ca"},{"@type":"Person","@id":"https:\/\/diarieducacio.cat\/aprenentatgeservei\/#\/schema\/person\/beed536e3afb08b0edc13f867e4c3dd7","name":"Agust\u00ed Corominas","image":{"@type":"ImageObject","inLanguage":"ca","@id":"https:\/\/diarieducacio.cat\/aprenentatgeservei\/wp-content\/uploads\/sites\/22\/2025\/02\/agusti-corominas_avatar-96x96.jpg","url":"https:\/\/diarieducacio.cat\/aprenentatgeservei\/wp-content\/uploads\/sites\/22\/2025\/02\/agusti-corominas_avatar-96x96.jpg","contentUrl":"https:\/\/diarieducacio.cat\/aprenentatgeservei\/wp-content\/uploads\/sites\/22\/2025\/02\/agusti-corominas_avatar-96x96.jpg","caption":"Agust\u00ed Corominas"},"description":"Pedagog, cineasta i un caminant per la vida","url":"https:\/\/diarieducacio.cat\/aprenentatgeservei\/author\/agusticorominas\/"}]}},"_links":{"self":[{"href":"https:\/\/diarieducacio.cat\/aprenentatgeservei\/wp-json\/wp\/v2\/posts\/2684","targetHints":{"allow":["GET"]}}],"collection":[{"href":"https:\/\/diarieducacio.cat\/aprenentatgeservei\/wp-json\/wp\/v2\/posts"}],"about":[{"href":"https:\/\/diarieducacio.cat\/aprenentatgeservei\/wp-json\/wp\/v2\/types\/post"}],"author":[{"embeddable":true,"href":"https:\/\/diarieducacio.cat\/aprenentatgeservei\/wp-json\/wp\/v2\/users\/414"}],"replies":[{"embeddable":true,"href":"https:\/\/diarieducacio.cat\/aprenentatgeservei\/wp-json\/wp\/v2\/comments?post=2684"}],"version-history":[{"count":4,"href":"https:\/\/diarieducacio.cat\/aprenentatgeservei\/wp-json\/wp\/v2\/posts\/2684\/revisions"}],"predecessor-version":[{"id":2692,"href":"https:\/\/diarieducacio.cat\/aprenentatgeservei\/wp-json\/wp\/v2\/posts\/2684\/revisions\/2692"}],"wp:featuredmedia":[{"embeddable":true,"href":"https:\/\/diarieducacio.cat\/aprenentatgeservei\/wp-json\/wp\/v2\/media\/2685"}],"wp:attachment":[{"href":"https:\/\/diarieducacio.cat\/aprenentatgeservei\/wp-json\/wp\/v2\/media?parent=2684"}],"wp:term":[{"taxonomy":"category","embeddable":true,"href":"https:\/\/diarieducacio.cat\/aprenentatgeservei\/wp-json\/wp\/v2\/categories?post=2684"},{"taxonomy":"post_tag","embeddable":true,"href":"https:\/\/diarieducacio.cat\/aprenentatgeservei\/wp-json\/wp\/v2\/tags?post=2684"},{"taxonomy":"tipo","embeddable":true,"href":"https:\/\/diarieducacio.cat\/aprenentatgeservei\/wp-json\/wp\/v2\/tipo?post=2684"}],"curies":[{"name":"wp","href":"https:\/\/api.w.org\/{rel}","templated":true}]}}