{"id":42,"date":"2015-05-13T09:27:37","date_gmt":"2015-05-13T09:27:37","guid":{"rendered":"https:\/\/diarieducacio.cat\/aprenentatgeservei\/?p=42"},"modified":"2015-05-13T09:27:37","modified_gmt":"2015-05-13T09:27:37","slug":"i-si-dotem-de-compromis-social-al-treball-per-projectes","status":"publish","type":"post","link":"https:\/\/diarieducacio.cat\/aprenentatgeservei\/2015\/05\/13\/i-si-dotem-de-compromis-social-al-treball-per-projectes\/","title":{"rendered":"I si dotem de comprom\u00eds social al treball per projectes?"},"content":{"rendered":"<p>Cada vegada s\u00f3n m\u00e9s les veus que demanen un canvi radical en la manera d\u2019ensenyar i d\u2019aprendre a l\u2019escola. La fragmentaci\u00f3 del coneixement en assignatures, la separaci\u00f3 excessiva entre els rols de mestre i alumne, els horaris r\u00edgids, la manca de reflexi\u00f3, o l\u2019exc\u00e9s d\u2019ex\u00e0mens s\u00f3n algunes de les limitacions m\u00e9s criticades. Davant d\u2019aquesta realitat, <a href=\"http:\/\/diarieducacio.cat\/adeu-a-les-assignatures-el-treball-per-projectes-convenc-cada-cop-mes-escoles\/\">el treball per projectes es percep com una metodologia que pot capgirar la din\u00e0mica escolar<\/a> habitual i facilitar nous elements que engresquin els joves.<\/p>\n<p>Les experi\u00e8ncies realitzades en escoles p\u00fabliques i concertades posen de manifest que el treball per projectes estimula la curiositat dels infants, augmenta la seva implicaci\u00f3, facilita l\u2019adquisici\u00f3 de procediments cient\u00edfics, fomenta la cooperaci\u00f3 i permet un tractament global i interdisciplinari dels temes. Aportacions, totes elles, desitjables, que donen resposta a algunes de les car\u00e8ncies detectades. Malgrat la seva indiscutible v\u00e0lua, potser paga la pena que ens demanem si aix\u00f2 \u00e9s tot el que l\u2019escola pot innovar. Perqu\u00e8, on queda el comprom\u00eds social? I la contribuci\u00f3 dels centres educatius a la construcci\u00f3 d\u2019una societat m\u00e9s justa? No seria desitjable que la recerca \u00e9s vincul\u00e9s al b\u00e9 com\u00fa? Les pedagogies innovadores no apuntaven m\u00e9s alt? No ens esperonaven a canviar el m\u00f3n?<\/p>\n<p>Els projectes\u00a0<em>amb servei<\/em>\u00a0incorporen a la investigaci\u00f3, l\u2019acci\u00f3 en benefici de la comunitat. L\u2019excel\u00b7l\u00e8ncia educativa es vincula a la incid\u00e8ncia en l\u2019entorn. Veiem alguns exemples. Una classe de sis\u00e8 investiga l\u2019Alzheimer per poder organitzar tallers d\u2019estimulaci\u00f3 en una resid\u00e8ncia d\u2019avis que pateixen la malaltia; nois i noies de deu anys fan un projecte per rehabilitar una gossera; adolescents d\u2019una Unitat d\u2019Escolaritat Compartida construeixen un rac\u00f3 de joc per a un parvulari; joves de batxillerat orienten el seu treball de recerca sobre aus en extinci\u00f3 a fer materials did\u00e0ctics i promoure una campanya de sensibilitzaci\u00f3.<\/p>\n<p>Qu\u00e8 diferencia aquests projectes d\u2019altres que no integren el servei a la comunitat? Destaquem quatre aspectes. Un, que els protagonistes deixen de considerar la realitat com quelcom est\u00e0tic i la perceben com a resultat, en part, de la seva activitat. Dos, el contacte amb necessitats reals i el repte c\u00edvic que assumeix el grup donen un nou valor a la recerca, que s\u2019obre a la sensibilitat moral i el comprom\u00eds. Tres, la finalitat priorit\u00e0ria de la investigaci\u00f3 ja no \u00e9s adquirir nous coneixements sin\u00f3 elaborar solucions a problemes concrets. I quatre, els estudiants s\u2019afronten de manera diferent als aprenentatges en descobrir que aquests s\u00f3n imprescindibles per poder \u201cfer que passin coses\u201d.<\/p>\n<p><em>Fer que passin coses<\/em>\u00a0\u00e9s un exercici de ciutadania. Tant de bo que a les escoles i instituts els joves descobreixin la import\u00e0ncia que la recerca cient\u00edfica t\u00e9 en la construcci\u00f3 d\u2019un m\u00f3n m\u00e9s just.<\/p>\n","protected":false},"excerpt":{"rendered":"<p>Els projectes amb servei incorporen a la investigaci\u00f3, l\u2019acci\u00f3 en benefici de la comunitat. L\u2019excel\u00b7l\u00e8ncia educativa es vincula a la incid\u00e8ncia en l\u2019entorn. En aquest article en detallem alguns exemples.<\/p>\n","protected":false},"author":384,"featured_media":0,"comment_status":"open","ping_status":"open","sticky":false,"template":"","format":"standard","meta":{"footnotes":""},"categories":[2],"tags":[97,106,107,108,101,109],"tipo":[],"class_list":{"0":"post-42","1":"post","2":"type-post","3":"status-publish","4":"format-standard","6":"category-general","7":"tag-aprenentatge-servei","8":"tag-ciutadania","9":"tag-educacio","10":"tag-participacio","11":"tag-projectes","12":"tag-valors"},"yoast_head":"<!-- This site is optimized with the Yoast SEO plugin v27.5 - https:\/\/yoast.com\/product\/yoast-seo-wordpress\/ -->\n<title>I si dotem de comprom\u00eds social al treball per projectes? - Aps i educaci\u00f3 en valors<\/title>\n<meta name=\"robots\" content=\"index, follow, max-snippet:-1, max-image-preview:large, max-video-preview:-1\" \/>\n<link rel=\"canonical\" href=\"https:\/\/diarieducacio.cat\/aprenentatgeservei\/2015\/05\/13\/i-si-dotem-de-compromis-social-al-treball-per-projectes\/\" \/>\n<meta property=\"og:locale\" content=\"ca_ES\" \/>\n<meta property=\"og:type\" content=\"article\" \/>\n<meta property=\"og:title\" content=\"I si dotem de comprom\u00eds social al treball per projectes? - Aps i educaci\u00f3 en valors\" \/>\n<meta property=\"og:description\" content=\"Els projectes amb servei incorporen a la investigaci\u00f3, l\u2019acci\u00f3 en benefici de la comunitat. L\u2019excel\u00b7l\u00e8ncia educativa es vincula a la incid\u00e8ncia en l\u2019entorn. En aquest article en detallem alguns exemples.\" \/>\n<meta property=\"og:url\" content=\"https:\/\/diarieducacio.cat\/aprenentatgeservei\/2015\/05\/13\/i-si-dotem-de-compromis-social-al-treball-per-projectes\/\" \/>\n<meta property=\"og:site_name\" content=\"Aps i educaci\u00f3 en valors\" \/>\n<meta property=\"article:publisher\" content=\"https:\/\/www.facebook.com\/diarieducacio\/\" \/>\n<meta property=\"article:published_time\" content=\"2015-05-13T09:27:37+00:00\" \/>\n<meta name=\"author\" content=\"Xus Mart\u00edn\" \/>\n<meta name=\"twitter:card\" content=\"summary_large_image\" \/>\n<meta name=\"twitter:creator\" content=\"@DiariEducacio\" \/>\n<meta name=\"twitter:site\" content=\"@DiariEducacio\" \/>\n<meta name=\"twitter:label1\" content=\"Escrit per\" \/>\n\t<meta name=\"twitter:data1\" content=\"Xus Mart\u00edn\" \/>\n\t<meta name=\"twitter:label2\" content=\"Temps estimat de lectura\" \/>\n\t<meta name=\"twitter:data2\" content=\"2 minuts\" \/>\n<script type=\"application\/ld+json\" class=\"yoast-schema-graph\">{\"@context\":\"https:\\\/\\\/schema.org\",\"@graph\":[{\"@type\":\"Article\",\"@id\":\"https:\\\/\\\/diarieducacio.cat\\\/aprenentatgeservei\\\/2015\\\/05\\\/13\\\/i-si-dotem-de-compromis-social-al-treball-per-projectes\\\/#article\",\"isPartOf\":{\"@id\":\"https:\\\/\\\/diarieducacio.cat\\\/aprenentatgeservei\\\/2015\\\/05\\\/13\\\/i-si-dotem-de-compromis-social-al-treball-per-projectes\\\/\"},\"author\":{\"name\":\"Xus Mart\u00edn\",\"@id\":\"https:\\\/\\\/diarieducacio.cat\\\/aprenentatgeservei\\\/#\\\/schema\\\/person\\\/f6fed02da0a1561eed867466f51fe09a\"},\"headline\":\"I si dotem de comprom\u00eds social al treball per projectes?\",\"datePublished\":\"2015-05-13T09:27:37+00:00\",\"mainEntityOfPage\":{\"@id\":\"https:\\\/\\\/diarieducacio.cat\\\/aprenentatgeservei\\\/2015\\\/05\\\/13\\\/i-si-dotem-de-compromis-social-al-treball-per-projectes\\\/\"},\"wordCount\":504,\"commentCount\":1,\"keywords\":[\"aprenentatge servei\",\"ciutadania\",\"educaci\u00f3\",\"participaci\u00f3\",\"projectes\",\"valors\"],\"articleSection\":[\"General\"],\"inLanguage\":\"ca\",\"potentialAction\":[{\"@type\":\"CommentAction\",\"name\":\"Comment\",\"target\":[\"https:\\\/\\\/diarieducacio.cat\\\/aprenentatgeservei\\\/2015\\\/05\\\/13\\\/i-si-dotem-de-compromis-social-al-treball-per-projectes\\\/#respond\"]}]},{\"@type\":\"WebPage\",\"@id\":\"https:\\\/\\\/diarieducacio.cat\\\/aprenentatgeservei\\\/2015\\\/05\\\/13\\\/i-si-dotem-de-compromis-social-al-treball-per-projectes\\\/\",\"url\":\"https:\\\/\\\/diarieducacio.cat\\\/aprenentatgeservei\\\/2015\\\/05\\\/13\\\/i-si-dotem-de-compromis-social-al-treball-per-projectes\\\/\",\"name\":\"I si dotem de comprom\u00eds social al treball per projectes? - Aps i educaci\u00f3 en valors\",\"isPartOf\":{\"@id\":\"https:\\\/\\\/diarieducacio.cat\\\/aprenentatgeservei\\\/#website\"},\"datePublished\":\"2015-05-13T09:27:37+00:00\",\"author\":{\"@id\":\"https:\\\/\\\/diarieducacio.cat\\\/aprenentatgeservei\\\/#\\\/schema\\\/person\\\/f6fed02da0a1561eed867466f51fe09a\"},\"breadcrumb\":{\"@id\":\"https:\\\/\\\/diarieducacio.cat\\\/aprenentatgeservei\\\/2015\\\/05\\\/13\\\/i-si-dotem-de-compromis-social-al-treball-per-projectes\\\/#breadcrumb\"},\"inLanguage\":\"ca\",\"potentialAction\":[{\"@type\":\"ReadAction\",\"target\":[\"https:\\\/\\\/diarieducacio.cat\\\/aprenentatgeservei\\\/2015\\\/05\\\/13\\\/i-si-dotem-de-compromis-social-al-treball-per-projectes\\\/\"]}]},{\"@type\":\"BreadcrumbList\",\"@id\":\"https:\\\/\\\/diarieducacio.cat\\\/aprenentatgeservei\\\/2015\\\/05\\\/13\\\/i-si-dotem-de-compromis-social-al-treball-per-projectes\\\/#breadcrumb\",\"itemListElement\":[{\"@type\":\"ListItem\",\"position\":1,\"name\":\"Inici\",\"item\":\"https:\\\/\\\/diarieducacio.cat\\\/aprenentatgeservei\\\/\"},{\"@type\":\"ListItem\",\"position\":2,\"name\":\"I si dotem de comprom\u00eds social al treball per projectes?\"}]},{\"@type\":\"WebSite\",\"@id\":\"https:\\\/\\\/diarieducacio.cat\\\/aprenentatgeservei\\\/#website\",\"url\":\"https:\\\/\\\/diarieducacio.cat\\\/aprenentatgeservei\\\/\",\"name\":\"Aps i educaci\u00f3 en valors\",\"description\":\"\",\"potentialAction\":[{\"@type\":\"SearchAction\",\"target\":{\"@type\":\"EntryPoint\",\"urlTemplate\":\"https:\\\/\\\/diarieducacio.cat\\\/aprenentatgeservei\\\/?s={search_term_string}\"},\"query-input\":{\"@type\":\"PropertyValueSpecification\",\"valueRequired\":true,\"valueName\":\"search_term_string\"}}],\"inLanguage\":\"ca\"},{\"@type\":\"Person\",\"@id\":\"https:\\\/\\\/diarieducacio.cat\\\/aprenentatgeservei\\\/#\\\/schema\\\/person\\\/f6fed02da0a1561eed867466f51fe09a\",\"name\":\"Xus Mart\u00edn\",\"image\":{\"@type\":\"ImageObject\",\"inLanguage\":\"ca\",\"@id\":\"https:\\\/\\\/diarieducacio.cat\\\/aprenentatgeservei\\\/wp-content\\\/uploads\\\/sites\\\/22\\\/2025\\\/06\\\/xus-martin_avatar-96x96.jpg\",\"url\":\"https:\\\/\\\/diarieducacio.cat\\\/aprenentatgeservei\\\/wp-content\\\/uploads\\\/sites\\\/22\\\/2025\\\/06\\\/xus-martin_avatar-96x96.jpg\",\"contentUrl\":\"https:\\\/\\\/diarieducacio.cat\\\/aprenentatgeservei\\\/wp-content\\\/uploads\\\/sites\\\/22\\\/2025\\\/06\\\/xus-martin_avatar-96x96.jpg\",\"caption\":\"Xus Mart\u00edn\"},\"description\":\"Professora Titular de la Facultat d'Educaci\u00f3 de la Universitat de Barcelona i membre del Centre Promotor d'ApS\",\"url\":\"https:\\\/\\\/diarieducacio.cat\\\/aprenentatgeservei\\\/author\\\/xmartin\\\/\"}]}<\/script>\n<!-- \/ Yoast SEO plugin. -->","yoast_head_json":{"title":"I si dotem de comprom\u00eds social al treball per projectes? - Aps i educaci\u00f3 en valors","robots":{"index":"index","follow":"follow","max-snippet":"max-snippet:-1","max-image-preview":"max-image-preview:large","max-video-preview":"max-video-preview:-1"},"canonical":"https:\/\/diarieducacio.cat\/aprenentatgeservei\/2015\/05\/13\/i-si-dotem-de-compromis-social-al-treball-per-projectes\/","og_locale":"ca_ES","og_type":"article","og_title":"I si dotem de comprom\u00eds social al treball per projectes? - Aps i educaci\u00f3 en valors","og_description":"Els projectes amb servei incorporen a la investigaci\u00f3, l\u2019acci\u00f3 en benefici de la comunitat. L\u2019excel\u00b7l\u00e8ncia educativa es vincula a la incid\u00e8ncia en l\u2019entorn. En aquest article en detallem alguns exemples.","og_url":"https:\/\/diarieducacio.cat\/aprenentatgeservei\/2015\/05\/13\/i-si-dotem-de-compromis-social-al-treball-per-projectes\/","og_site_name":"Aps i educaci\u00f3 en valors","article_publisher":"https:\/\/www.facebook.com\/diarieducacio\/","article_published_time":"2015-05-13T09:27:37+00:00","author":"Xus Mart\u00edn","twitter_card":"summary_large_image","twitter_creator":"@DiariEducacio","twitter_site":"@DiariEducacio","twitter_misc":{"Escrit per":"Xus Mart\u00edn","Temps estimat de lectura":"2 minuts"},"schema":{"@context":"https:\/\/schema.org","@graph":[{"@type":"Article","@id":"https:\/\/diarieducacio.cat\/aprenentatgeservei\/2015\/05\/13\/i-si-dotem-de-compromis-social-al-treball-per-projectes\/#article","isPartOf":{"@id":"https:\/\/diarieducacio.cat\/aprenentatgeservei\/2015\/05\/13\/i-si-dotem-de-compromis-social-al-treball-per-projectes\/"},"author":{"name":"Xus Mart\u00edn","@id":"https:\/\/diarieducacio.cat\/aprenentatgeservei\/#\/schema\/person\/f6fed02da0a1561eed867466f51fe09a"},"headline":"I si dotem de comprom\u00eds social al treball per projectes?","datePublished":"2015-05-13T09:27:37+00:00","mainEntityOfPage":{"@id":"https:\/\/diarieducacio.cat\/aprenentatgeservei\/2015\/05\/13\/i-si-dotem-de-compromis-social-al-treball-per-projectes\/"},"wordCount":504,"commentCount":1,"keywords":["aprenentatge servei","ciutadania","educaci\u00f3","participaci\u00f3","projectes","valors"],"articleSection":["General"],"inLanguage":"ca","potentialAction":[{"@type":"CommentAction","name":"Comment","target":["https:\/\/diarieducacio.cat\/aprenentatgeservei\/2015\/05\/13\/i-si-dotem-de-compromis-social-al-treball-per-projectes\/#respond"]}]},{"@type":"WebPage","@id":"https:\/\/diarieducacio.cat\/aprenentatgeservei\/2015\/05\/13\/i-si-dotem-de-compromis-social-al-treball-per-projectes\/","url":"https:\/\/diarieducacio.cat\/aprenentatgeservei\/2015\/05\/13\/i-si-dotem-de-compromis-social-al-treball-per-projectes\/","name":"I si dotem de comprom\u00eds social al treball per projectes? - Aps i educaci\u00f3 en valors","isPartOf":{"@id":"https:\/\/diarieducacio.cat\/aprenentatgeservei\/#website"},"datePublished":"2015-05-13T09:27:37+00:00","author":{"@id":"https:\/\/diarieducacio.cat\/aprenentatgeservei\/#\/schema\/person\/f6fed02da0a1561eed867466f51fe09a"},"breadcrumb":{"@id":"https:\/\/diarieducacio.cat\/aprenentatgeservei\/2015\/05\/13\/i-si-dotem-de-compromis-social-al-treball-per-projectes\/#breadcrumb"},"inLanguage":"ca","potentialAction":[{"@type":"ReadAction","target":["https:\/\/diarieducacio.cat\/aprenentatgeservei\/2015\/05\/13\/i-si-dotem-de-compromis-social-al-treball-per-projectes\/"]}]},{"@type":"BreadcrumbList","@id":"https:\/\/diarieducacio.cat\/aprenentatgeservei\/2015\/05\/13\/i-si-dotem-de-compromis-social-al-treball-per-projectes\/#breadcrumb","itemListElement":[{"@type":"ListItem","position":1,"name":"Inici","item":"https:\/\/diarieducacio.cat\/aprenentatgeservei\/"},{"@type":"ListItem","position":2,"name":"I si dotem de comprom\u00eds social al treball per projectes?"}]},{"@type":"WebSite","@id":"https:\/\/diarieducacio.cat\/aprenentatgeservei\/#website","url":"https:\/\/diarieducacio.cat\/aprenentatgeservei\/","name":"Aps i educaci\u00f3 en valors","description":"","potentialAction":[{"@type":"SearchAction","target":{"@type":"EntryPoint","urlTemplate":"https:\/\/diarieducacio.cat\/aprenentatgeservei\/?s={search_term_string}"},"query-input":{"@type":"PropertyValueSpecification","valueRequired":true,"valueName":"search_term_string"}}],"inLanguage":"ca"},{"@type":"Person","@id":"https:\/\/diarieducacio.cat\/aprenentatgeservei\/#\/schema\/person\/f6fed02da0a1561eed867466f51fe09a","name":"Xus Mart\u00edn","image":{"@type":"ImageObject","inLanguage":"ca","@id":"https:\/\/diarieducacio.cat\/aprenentatgeservei\/wp-content\/uploads\/sites\/22\/2025\/06\/xus-martin_avatar-96x96.jpg","url":"https:\/\/diarieducacio.cat\/aprenentatgeservei\/wp-content\/uploads\/sites\/22\/2025\/06\/xus-martin_avatar-96x96.jpg","contentUrl":"https:\/\/diarieducacio.cat\/aprenentatgeservei\/wp-content\/uploads\/sites\/22\/2025\/06\/xus-martin_avatar-96x96.jpg","caption":"Xus Mart\u00edn"},"description":"Professora Titular de la Facultat d'Educaci\u00f3 de la Universitat de Barcelona i membre del Centre Promotor d'ApS","url":"https:\/\/diarieducacio.cat\/aprenentatgeservei\/author\/xmartin\/"}]}},"_links":{"self":[{"href":"https:\/\/diarieducacio.cat\/aprenentatgeservei\/wp-json\/wp\/v2\/posts\/42","targetHints":{"allow":["GET"]}}],"collection":[{"href":"https:\/\/diarieducacio.cat\/aprenentatgeservei\/wp-json\/wp\/v2\/posts"}],"about":[{"href":"https:\/\/diarieducacio.cat\/aprenentatgeservei\/wp-json\/wp\/v2\/types\/post"}],"author":[{"embeddable":true,"href":"https:\/\/diarieducacio.cat\/aprenentatgeservei\/wp-json\/wp\/v2\/users\/384"}],"replies":[{"embeddable":true,"href":"https:\/\/diarieducacio.cat\/aprenentatgeservei\/wp-json\/wp\/v2\/comments?post=42"}],"version-history":[{"count":0,"href":"https:\/\/diarieducacio.cat\/aprenentatgeservei\/wp-json\/wp\/v2\/posts\/42\/revisions"}],"wp:attachment":[{"href":"https:\/\/diarieducacio.cat\/aprenentatgeservei\/wp-json\/wp\/v2\/media?parent=42"}],"wp:term":[{"taxonomy":"category","embeddable":true,"href":"https:\/\/diarieducacio.cat\/aprenentatgeservei\/wp-json\/wp\/v2\/categories?post=42"},{"taxonomy":"post_tag","embeddable":true,"href":"https:\/\/diarieducacio.cat\/aprenentatgeservei\/wp-json\/wp\/v2\/tags?post=42"},{"taxonomy":"tipo","embeddable":true,"href":"https:\/\/diarieducacio.cat\/aprenentatgeservei\/wp-json\/wp\/v2\/tipo?post=42"}],"curies":[{"name":"wp","href":"https:\/\/api.w.org\/{rel}","templated":true}]}}