{"id":49,"date":"2015-05-21T11:12:59","date_gmt":"2015-05-21T11:12:59","guid":{"rendered":"https:\/\/diarieducacio.cat\/aprenentatgeservei\/?p=49"},"modified":"2015-05-21T11:12:59","modified_gmt":"2015-05-21T11:12:59","slug":"quan-laprenentatge-servei-implica-responsabilitat-social","status":"publish","type":"post","link":"https:\/\/diarieducacio.cat\/aprenentatgeservei\/2015\/05\/21\/quan-laprenentatge-servei-implica-responsabilitat-social\/","title":{"rendered":"Quan l&#8217;Aprenentatge Servei implica Responsabilitat Social"},"content":{"rendered":"<p>La Facultat d\u2019Educaci\u00f3 aposta per l\u2019aprenentatge servei com una proposta educativa que vincula les tres missions de la universitat: doc\u00e8ncia, recerca i responsabilitat social. Estem conven\u00e7uts que l\u2019ApS permet formar professionals m\u00e9s competents i compromesos, afavoreix la recerca\u00a0<em>per<\/em>\u00a0i\u00a0<em>amb<\/em>\u00a0la comunitat i fa possible una universitat m\u00e9s sensible i responsable amb el seu entorn.<\/p>\n<p>\u00c9s per aix\u00f2 que des del curs 2009-2010, l\u2019antiga Facultat de Pedagogia va donar suport a diverses iniciatives d\u2019aprenentatge servei que estaven desenvolupant alguns dels seus professors i professores, va ampliar l\u2019oferta d\u2019experi\u00e8ncies i les va generalitzar a tots els seus estudis de grau. Per tal d\u2019impulsar i gestionar aquest projecte va constituir l\u2019Oficina de l\u2019ApS.<\/p>\n<p>Des d\u2019aquell curs i fins ara, l\u2019ApS s\u2019ha anat consolidant i les l\u00ednies de treball que es desenvolupen en l\u2019actualitat s\u00f3n les seg\u00fcents:<\/p>\n<ol>\n<li>Incorporaci\u00f3 de l\u2019aprenentatge servei en els estudis que s\u2019imparteixen a la nova Facultat d\u2019Educaci\u00f3.<\/li>\n<li>Establiment de relacions de col\u00b7laboraci\u00f3 amb diverses entitats socials per facilitar als estudiants espais de servei i d\u2019aprenentatge.<\/li>\n<li>Institucionalitzaci\u00f3 de l\u2019aprenentatge servei i consolidaci\u00f3 d\u2019una infraestructura sostenible que permeti impulsar la seva implantaci\u00f3.<\/li>\n<\/ol>\n<p>En relaci\u00f3 a la primera l\u00ednia de treball, el programa d\u2019ApS \u00e9s un conjunt d\u2019accions organitzatives i pedag\u00f2giques destinades a introduir aquesta metodologia en els diferents ensenyaments de la Facultat:<\/p>\n<ul>\n<li><strong>ApS a primer curs:<\/strong>\u00a0L\u2019alumnat que acaba d\u2019entrar a qualsevol dels graus de la facultat t\u00e9 la possibilitat de viure una primera experi\u00e8ncia formativa i d\u2019implicaci\u00f3 c\u00edvica lligada als seus estudis, que es valora i reconeix en cr\u00e8dits ECTS. Els projectes d\u2019ApS que s\u2019ofereixen s\u00f3n\u00a0<em>Els amics i amigues de la lectura<\/em>\u00a0(Consorci d\u2019Educaci\u00f3 de Barcelona) programa que consisteix en ajudar a alumnes de Prim\u00e0ria i Secund\u00e0ria a millorar la compet\u00e8ncia lectora i a gaudir llegint; i l\u2019acompanyament a infants i joves en risc (AFEV). Durant el curs 2013-2014 s\u2019ha comptat amb la participaci\u00f3 de 103 estudiants de primer de grau.<\/li>\n<li><strong>ApS transversal:<\/strong>\u00a0L\u2019alumnat de segon a quart de grau tenen un ventall de propostes a escollir d\u2019acord als seus interessos o necessitats formatives, que es valoren i reconeixen en cr\u00e8dits ECTS. Els estudiants poden escollir entre els 14 projectes que s\u2019ofereixen des de 2n a 4t (per exemple, Educaci\u00f3 F\u00edsica i Intervenci\u00f3 Socioeducativa amb la Direcci\u00f3 General de R\u00e8gim Penitenciari i amb la Federaci\u00f3 Catalana d\u2019Associacions de Fam\u00edlies i Persones amb Problemes de Salut Mental). El curs 2013-2014 s\u2019ha comptat amb la participaci\u00f3 de 89 estudiants.<\/li>\n<li><strong>ApS al Campus Mundet<\/strong>: Projectes que es realitzen al campus Mundet i que organitzen els professors per tal de dinamitzar i fer activitats col\u00b7laboratives entre tots els alumnes que conviuen al campus (per exemple, Mundet m\u00e9s enll\u00e0 de les aules, amb la Comissi\u00f3 de Dinamitzaci\u00f3 Cultural i Ling\u00fc\u00edstica de la Facultat). El nombre d\u2019estudiant implicats el curs 2013-201 ha estat de 11.<\/li>\n<li><strong>ApS a les assignatures:<\/strong>\u00a0El professorat d\u2019algunes assignatures dels graus i m\u00e0sters han incorporat l\u2019aprenentatge servei com un nou element a la seva metodologia docent i avaluadora. En total durant el curs 2013-2014 hi ha 15 assignatures que s\u2019imparteixen als diferents graus que incorpora la metodologia d\u2019ApS dins del seu Pla docent i uns 260 estudiants hi han estat implicats (per exemple, el projecte\u00a0<em>Inform\u00e0tica amb gent gran Centres C\u00edvics de Sagrada Familia, Fort Pienc i Sant Antoni<\/em>\u00a0amb estudiants de l\u2019assignatura\u00a0<em>Ensenyament i aprenentatge en la societat digital\u00a0<\/em>del grau de Pedagogia.<\/li>\n<li><strong>ApS als treballs de Fi de Grau i de M\u00e0ster:<\/strong>\u00a0En alguns casos pilot, en els treballs de fi de grau i de m\u00e0ster, aix\u00ed com tamb\u00e9 en el pr\u00e0cticum, s\u2019han realitzat experi\u00e8ncies destinades a incrementar la utilitat social d\u2019aquestes recerques i intervencions.<\/li>\n<\/ul>\n<p>Els reptes de futur del projecte d\u2019ApS de la Facultat d\u2019Educaci\u00f3 se centren en continuar impulsant amb la m\u00e0xima decisi\u00f3 la proposta d\u2019aprenentatge servei adre\u00e7ada a l\u2019alumnat; i fer-ho en la mesura que la considerem una de les aportacions de m\u00e9s valor pels efectes simb\u00f2lic, epistemol\u00f2gic i c\u00edvic en la formaci\u00f3 de l\u2019alumnat.<\/p>\n<p>L\u2019augment de l\u2019alumnat implicat en activitats d\u2019aprenentatge servei ha de formar part d\u2019una pol\u00edtica destinada a aconseguir que tot l\u2019alumnat de primer tingui l\u2019oportunitat de fer una experi\u00e8ncia pr\u00e0ctica relacionada amb la seva professi\u00f3. Una experi\u00e8ncia que hauria de servir de base per a les assignatures i, sobretot, per aprendre a reflexionar a partir de la pr\u00e0ctica.<\/p>\n<p>Per a m\u00e9s informaci\u00f3:\u00a0<a href=\"http:\/\/www.ub.edu\/educacio\/aps\">http:\/\/www.ub.edu\/educacio\/aps<\/a><\/p>\n","protected":false},"excerpt":{"rendered":"<p>Estem conven\u00e7uts que l\u2019ApS permet formar professionals m\u00e9s competents i compromesos, afavoreix la recerca per i amb la comunitat i fa possible una universitat m\u00e9s sensible i responsable amb el seu entorn.<\/p>\n","protected":false},"author":382,"featured_media":0,"comment_status":"open","ping_status":"open","sticky":false,"template":"","format":"standard","meta":{"footnotes":""},"categories":[2],"tags":[97,107,110,111,112,113,114],"tipo":[],"class_list":{"0":"post-49","1":"post","2":"type-post","3":"status-publish","4":"format-standard","6":"category-general","7":"tag-aprenentatge-servei","8":"tag-educacio","9":"tag-oficina-aps","10":"tag-responsabilitat-social","11":"tag-rsc","12":"tag-ub","13":"tag-universitat-de-barcelona"},"yoast_head":"<!-- This site is optimized with the Yoast SEO plugin v27.5 - https:\/\/yoast.com\/product\/yoast-seo-wordpress\/ -->\n<title>Quan l&#039;Aprenentatge Servei implica Responsabilitat Social - Aps i educaci\u00f3 en valors<\/title>\n<meta name=\"robots\" content=\"index, follow, max-snippet:-1, max-image-preview:large, max-video-preview:-1\" \/>\n<link rel=\"canonical\" href=\"https:\/\/diarieducacio.cat\/aprenentatgeservei\/2015\/05\/21\/quan-laprenentatge-servei-implica-responsabilitat-social\/\" \/>\n<meta property=\"og:locale\" content=\"ca_ES\" \/>\n<meta property=\"og:type\" content=\"article\" \/>\n<meta property=\"og:title\" content=\"Quan l&#039;Aprenentatge Servei implica Responsabilitat Social - Aps i educaci\u00f3 en valors\" \/>\n<meta property=\"og:description\" content=\"Estem conven\u00e7uts que l\u2019ApS permet formar professionals m\u00e9s competents i compromesos, afavoreix la recerca per i amb la comunitat i fa possible una universitat m\u00e9s sensible i responsable amb el seu entorn.\" \/>\n<meta property=\"og:url\" content=\"https:\/\/diarieducacio.cat\/aprenentatgeservei\/2015\/05\/21\/quan-laprenentatge-servei-implica-responsabilitat-social\/\" \/>\n<meta property=\"og:site_name\" content=\"Aps i educaci\u00f3 en valors\" \/>\n<meta property=\"article:publisher\" content=\"https:\/\/www.facebook.com\/diarieducacio\/\" \/>\n<meta property=\"article:published_time\" content=\"2015-05-21T11:12:59+00:00\" \/>\n<meta name=\"author\" content=\"Oficina d&#039;ApS de la UB\" \/>\n<meta name=\"twitter:card\" content=\"summary_large_image\" \/>\n<meta name=\"twitter:creator\" content=\"@DiariEducacio\" \/>\n<meta name=\"twitter:site\" content=\"@DiariEducacio\" \/>\n<meta name=\"twitter:label1\" content=\"Escrit per\" \/>\n\t<meta name=\"twitter:data1\" content=\"Oficina d&#039;ApS de la UB\" \/>\n\t<meta name=\"twitter:label2\" content=\"Temps estimat de lectura\" \/>\n\t<meta name=\"twitter:data2\" content=\"4 minuts\" \/>\n<script type=\"application\/ld+json\" class=\"yoast-schema-graph\">{\"@context\":\"https:\\\/\\\/schema.org\",\"@graph\":[{\"@type\":\"Article\",\"@id\":\"https:\\\/\\\/diarieducacio.cat\\\/aprenentatgeservei\\\/2015\\\/05\\\/21\\\/quan-laprenentatge-servei-implica-responsabilitat-social\\\/#article\",\"isPartOf\":{\"@id\":\"https:\\\/\\\/diarieducacio.cat\\\/aprenentatgeservei\\\/2015\\\/05\\\/21\\\/quan-laprenentatge-servei-implica-responsabilitat-social\\\/\"},\"author\":{\"name\":\"Oficina d'ApS de la UB\",\"@id\":\"https:\\\/\\\/diarieducacio.cat\\\/aprenentatgeservei\\\/#\\\/schema\\\/person\\\/06a3889bd0c6f73d530754a91fb8fe83\"},\"headline\":\"Quan l&#8217;Aprenentatge Servei implica Responsabilitat Social\",\"datePublished\":\"2015-05-21T11:12:59+00:00\",\"mainEntityOfPage\":{\"@id\":\"https:\\\/\\\/diarieducacio.cat\\\/aprenentatgeservei\\\/2015\\\/05\\\/21\\\/quan-laprenentatge-servei-implica-responsabilitat-social\\\/\"},\"wordCount\":816,\"commentCount\":0,\"keywords\":[\"aprenentatge servei\",\"educaci\u00f3\",\"oficina APS\",\"responsabilitat social\",\"rsc\",\"UB\",\"Universitat de Barcelona\"],\"articleSection\":[\"General\"],\"inLanguage\":\"ca\",\"potentialAction\":[{\"@type\":\"CommentAction\",\"name\":\"Comment\",\"target\":[\"https:\\\/\\\/diarieducacio.cat\\\/aprenentatgeservei\\\/2015\\\/05\\\/21\\\/quan-laprenentatge-servei-implica-responsabilitat-social\\\/#respond\"]}]},{\"@type\":\"WebPage\",\"@id\":\"https:\\\/\\\/diarieducacio.cat\\\/aprenentatgeservei\\\/2015\\\/05\\\/21\\\/quan-laprenentatge-servei-implica-responsabilitat-social\\\/\",\"url\":\"https:\\\/\\\/diarieducacio.cat\\\/aprenentatgeservei\\\/2015\\\/05\\\/21\\\/quan-laprenentatge-servei-implica-responsabilitat-social\\\/\",\"name\":\"Quan l'Aprenentatge Servei implica Responsabilitat Social - Aps i educaci\u00f3 en valors\",\"isPartOf\":{\"@id\":\"https:\\\/\\\/diarieducacio.cat\\\/aprenentatgeservei\\\/#website\"},\"datePublished\":\"2015-05-21T11:12:59+00:00\",\"author\":{\"@id\":\"https:\\\/\\\/diarieducacio.cat\\\/aprenentatgeservei\\\/#\\\/schema\\\/person\\\/06a3889bd0c6f73d530754a91fb8fe83\"},\"breadcrumb\":{\"@id\":\"https:\\\/\\\/diarieducacio.cat\\\/aprenentatgeservei\\\/2015\\\/05\\\/21\\\/quan-laprenentatge-servei-implica-responsabilitat-social\\\/#breadcrumb\"},\"inLanguage\":\"ca\",\"potentialAction\":[{\"@type\":\"ReadAction\",\"target\":[\"https:\\\/\\\/diarieducacio.cat\\\/aprenentatgeservei\\\/2015\\\/05\\\/21\\\/quan-laprenentatge-servei-implica-responsabilitat-social\\\/\"]}]},{\"@type\":\"BreadcrumbList\",\"@id\":\"https:\\\/\\\/diarieducacio.cat\\\/aprenentatgeservei\\\/2015\\\/05\\\/21\\\/quan-laprenentatge-servei-implica-responsabilitat-social\\\/#breadcrumb\",\"itemListElement\":[{\"@type\":\"ListItem\",\"position\":1,\"name\":\"Inici\",\"item\":\"https:\\\/\\\/diarieducacio.cat\\\/aprenentatgeservei\\\/\"},{\"@type\":\"ListItem\",\"position\":2,\"name\":\"Quan l&#8217;Aprenentatge Servei implica Responsabilitat Social\"}]},{\"@type\":\"WebSite\",\"@id\":\"https:\\\/\\\/diarieducacio.cat\\\/aprenentatgeservei\\\/#website\",\"url\":\"https:\\\/\\\/diarieducacio.cat\\\/aprenentatgeservei\\\/\",\"name\":\"Aps i educaci\u00f3 en valors\",\"description\":\"\",\"potentialAction\":[{\"@type\":\"SearchAction\",\"target\":{\"@type\":\"EntryPoint\",\"urlTemplate\":\"https:\\\/\\\/diarieducacio.cat\\\/aprenentatgeservei\\\/?s={search_term_string}\"},\"query-input\":{\"@type\":\"PropertyValueSpecification\",\"valueRequired\":true,\"valueName\":\"search_term_string\"}}],\"inLanguage\":\"ca\"},{\"@type\":\"Person\",\"@id\":\"https:\\\/\\\/diarieducacio.cat\\\/aprenentatgeservei\\\/#\\\/schema\\\/person\\\/06a3889bd0c6f73d530754a91fb8fe83\",\"name\":\"Oficina d'ApS de la UB\",\"image\":{\"@type\":\"ImageObject\",\"inLanguage\":\"ca\",\"@id\":\"https:\\\/\\\/secure.gravatar.com\\\/avatar\\\/cd7822296b950160809a9c1af8f49d56c3e739d96788febc105a5567574fb2b9?s=96&d=mm&r=g\",\"url\":\"https:\\\/\\\/secure.gravatar.com\\\/avatar\\\/cd7822296b950160809a9c1af8f49d56c3e739d96788febc105a5567574fb2b9?s=96&d=mm&r=g\",\"contentUrl\":\"https:\\\/\\\/secure.gravatar.com\\\/avatar\\\/cd7822296b950160809a9c1af8f49d56c3e739d96788febc105a5567574fb2b9?s=96&d=mm&r=g\",\"caption\":\"Oficina d'ApS de la UB\"},\"url\":\"https:\\\/\\\/diarieducacio.cat\\\/aprenentatgeservei\\\/author\\\/aprenentatgeservei\\\/\"}]}<\/script>\n<!-- \/ Yoast SEO plugin. -->","yoast_head_json":{"title":"Quan l'Aprenentatge Servei implica Responsabilitat Social - Aps i educaci\u00f3 en valors","robots":{"index":"index","follow":"follow","max-snippet":"max-snippet:-1","max-image-preview":"max-image-preview:large","max-video-preview":"max-video-preview:-1"},"canonical":"https:\/\/diarieducacio.cat\/aprenentatgeservei\/2015\/05\/21\/quan-laprenentatge-servei-implica-responsabilitat-social\/","og_locale":"ca_ES","og_type":"article","og_title":"Quan l'Aprenentatge Servei implica Responsabilitat Social - Aps i educaci\u00f3 en valors","og_description":"Estem conven\u00e7uts que l\u2019ApS permet formar professionals m\u00e9s competents i compromesos, afavoreix la recerca per i amb la comunitat i fa possible una universitat m\u00e9s sensible i responsable amb el seu entorn.","og_url":"https:\/\/diarieducacio.cat\/aprenentatgeservei\/2015\/05\/21\/quan-laprenentatge-servei-implica-responsabilitat-social\/","og_site_name":"Aps i educaci\u00f3 en valors","article_publisher":"https:\/\/www.facebook.com\/diarieducacio\/","article_published_time":"2015-05-21T11:12:59+00:00","author":"Oficina d'ApS de la UB","twitter_card":"summary_large_image","twitter_creator":"@DiariEducacio","twitter_site":"@DiariEducacio","twitter_misc":{"Escrit per":"Oficina d'ApS de la UB","Temps estimat de lectura":"4 minuts"},"schema":{"@context":"https:\/\/schema.org","@graph":[{"@type":"Article","@id":"https:\/\/diarieducacio.cat\/aprenentatgeservei\/2015\/05\/21\/quan-laprenentatge-servei-implica-responsabilitat-social\/#article","isPartOf":{"@id":"https:\/\/diarieducacio.cat\/aprenentatgeservei\/2015\/05\/21\/quan-laprenentatge-servei-implica-responsabilitat-social\/"},"author":{"name":"Oficina d'ApS de la UB","@id":"https:\/\/diarieducacio.cat\/aprenentatgeservei\/#\/schema\/person\/06a3889bd0c6f73d530754a91fb8fe83"},"headline":"Quan l&#8217;Aprenentatge Servei implica Responsabilitat Social","datePublished":"2015-05-21T11:12:59+00:00","mainEntityOfPage":{"@id":"https:\/\/diarieducacio.cat\/aprenentatgeservei\/2015\/05\/21\/quan-laprenentatge-servei-implica-responsabilitat-social\/"},"wordCount":816,"commentCount":0,"keywords":["aprenentatge servei","educaci\u00f3","oficina APS","responsabilitat social","rsc","UB","Universitat de Barcelona"],"articleSection":["General"],"inLanguage":"ca","potentialAction":[{"@type":"CommentAction","name":"Comment","target":["https:\/\/diarieducacio.cat\/aprenentatgeservei\/2015\/05\/21\/quan-laprenentatge-servei-implica-responsabilitat-social\/#respond"]}]},{"@type":"WebPage","@id":"https:\/\/diarieducacio.cat\/aprenentatgeservei\/2015\/05\/21\/quan-laprenentatge-servei-implica-responsabilitat-social\/","url":"https:\/\/diarieducacio.cat\/aprenentatgeservei\/2015\/05\/21\/quan-laprenentatge-servei-implica-responsabilitat-social\/","name":"Quan l'Aprenentatge Servei implica Responsabilitat Social - Aps i educaci\u00f3 en valors","isPartOf":{"@id":"https:\/\/diarieducacio.cat\/aprenentatgeservei\/#website"},"datePublished":"2015-05-21T11:12:59+00:00","author":{"@id":"https:\/\/diarieducacio.cat\/aprenentatgeservei\/#\/schema\/person\/06a3889bd0c6f73d530754a91fb8fe83"},"breadcrumb":{"@id":"https:\/\/diarieducacio.cat\/aprenentatgeservei\/2015\/05\/21\/quan-laprenentatge-servei-implica-responsabilitat-social\/#breadcrumb"},"inLanguage":"ca","potentialAction":[{"@type":"ReadAction","target":["https:\/\/diarieducacio.cat\/aprenentatgeservei\/2015\/05\/21\/quan-laprenentatge-servei-implica-responsabilitat-social\/"]}]},{"@type":"BreadcrumbList","@id":"https:\/\/diarieducacio.cat\/aprenentatgeservei\/2015\/05\/21\/quan-laprenentatge-servei-implica-responsabilitat-social\/#breadcrumb","itemListElement":[{"@type":"ListItem","position":1,"name":"Inici","item":"https:\/\/diarieducacio.cat\/aprenentatgeservei\/"},{"@type":"ListItem","position":2,"name":"Quan l&#8217;Aprenentatge Servei implica Responsabilitat Social"}]},{"@type":"WebSite","@id":"https:\/\/diarieducacio.cat\/aprenentatgeservei\/#website","url":"https:\/\/diarieducacio.cat\/aprenentatgeservei\/","name":"Aps i educaci\u00f3 en valors","description":"","potentialAction":[{"@type":"SearchAction","target":{"@type":"EntryPoint","urlTemplate":"https:\/\/diarieducacio.cat\/aprenentatgeservei\/?s={search_term_string}"},"query-input":{"@type":"PropertyValueSpecification","valueRequired":true,"valueName":"search_term_string"}}],"inLanguage":"ca"},{"@type":"Person","@id":"https:\/\/diarieducacio.cat\/aprenentatgeservei\/#\/schema\/person\/06a3889bd0c6f73d530754a91fb8fe83","name":"Oficina d'ApS de la UB","image":{"@type":"ImageObject","inLanguage":"ca","@id":"https:\/\/secure.gravatar.com\/avatar\/cd7822296b950160809a9c1af8f49d56c3e739d96788febc105a5567574fb2b9?s=96&d=mm&r=g","url":"https:\/\/secure.gravatar.com\/avatar\/cd7822296b950160809a9c1af8f49d56c3e739d96788febc105a5567574fb2b9?s=96&d=mm&r=g","contentUrl":"https:\/\/secure.gravatar.com\/avatar\/cd7822296b950160809a9c1af8f49d56c3e739d96788febc105a5567574fb2b9?s=96&d=mm&r=g","caption":"Oficina d'ApS de la UB"},"url":"https:\/\/diarieducacio.cat\/aprenentatgeservei\/author\/aprenentatgeservei\/"}]}},"_links":{"self":[{"href":"https:\/\/diarieducacio.cat\/aprenentatgeservei\/wp-json\/wp\/v2\/posts\/49","targetHints":{"allow":["GET"]}}],"collection":[{"href":"https:\/\/diarieducacio.cat\/aprenentatgeservei\/wp-json\/wp\/v2\/posts"}],"about":[{"href":"https:\/\/diarieducacio.cat\/aprenentatgeservei\/wp-json\/wp\/v2\/types\/post"}],"author":[{"embeddable":true,"href":"https:\/\/diarieducacio.cat\/aprenentatgeservei\/wp-json\/wp\/v2\/users\/382"}],"replies":[{"embeddable":true,"href":"https:\/\/diarieducacio.cat\/aprenentatgeservei\/wp-json\/wp\/v2\/comments?post=49"}],"version-history":[{"count":0,"href":"https:\/\/diarieducacio.cat\/aprenentatgeservei\/wp-json\/wp\/v2\/posts\/49\/revisions"}],"wp:attachment":[{"href":"https:\/\/diarieducacio.cat\/aprenentatgeservei\/wp-json\/wp\/v2\/media?parent=49"}],"wp:term":[{"taxonomy":"category","embeddable":true,"href":"https:\/\/diarieducacio.cat\/aprenentatgeservei\/wp-json\/wp\/v2\/categories?post=49"},{"taxonomy":"post_tag","embeddable":true,"href":"https:\/\/diarieducacio.cat\/aprenentatgeservei\/wp-json\/wp\/v2\/tags?post=49"},{"taxonomy":"tipo","embeddable":true,"href":"https:\/\/diarieducacio.cat\/aprenentatgeservei\/wp-json\/wp\/v2\/tipo?post=49"}],"curies":[{"name":"wp","href":"https:\/\/api.w.org\/{rel}","templated":true}]}}