{"id":492,"date":"2019-01-20T19:20:38","date_gmt":"2019-01-20T19:20:38","guid":{"rendered":"https:\/\/diarieducacio.cat\/aprenentatgeservei\/?p=492"},"modified":"2019-01-20T19:20:38","modified_gmt":"2019-01-20T19:20:38","slug":"perdonar-per-donar","status":"publish","type":"post","link":"https:\/\/diarieducacio.cat\/aprenentatgeservei\/2019\/01\/20\/perdonar-per-donar\/","title":{"rendered":"Perdonar per donar"},"content":{"rendered":"<p><a href=\"https:\/\/diarieducacio.cat\/aprenentatgeservei\/wp-content\/uploads\/sites\/19\/2019\/01\/El-mayor-regalo-e1541681531853.jpg\"><img fetchpriority=\"high\" decoding=\"async\" class=\"alignright wp-image-495\" src=\"https:\/\/diarieducacio.cat\/aprenentatgeservei\/wp-content\/uploads\/sites\/19\/2019\/01\/El-mayor-regalo-e1541681531853.jpg\" alt=\"\" width=\"300\" height=\"428\" srcset=\"https:\/\/diarieducacio.cat\/aprenentatgeservei\/wp-content\/uploads\/sites\/22\/2019\/01\/El-mayor-regalo-e1541681531853.jpg 450w, https:\/\/diarieducacio.cat\/aprenentatgeservei\/wp-content\/uploads\/sites\/22\/2019\/01\/El-mayor-regalo-e1541681531853-210x300.jpg 210w, https:\/\/diarieducacio.cat\/aprenentatgeservei\/wp-content\/uploads\/sites\/22\/2019\/01\/El-mayor-regalo-e1541681531853-150x214.jpg 150w\" sizes=\"(max-width: 300px) 100vw, 300px\" \/><\/a>Precisament <em>El mayor regalo<\/em> relata fets on tot fa pensar que no \u00e9s possible reconciliar-se. Assassinats, delictes, maltractaments&#8230; algun dels testimonis passa de dir que vol matar a qui l\u2019ha ferit a poder dir que l\u2019amor \u00e9s m\u00e9s fort que l\u2019odi.<\/p>\n<p>Recordo el cas d\u2019en Tim Gu\u00e9nard, abandonat al bosc, lligat en un arbre. Va passar per diferents institucions, maltractaments&#8230; el seu afany era sortir d\u2019all\u00ed i poder matar el seu pare. Amb els anys va escriure <em>M\u00e1s fuerte que el odio<\/em>. Explica que un dels dies que agafava el metro per anar a robar un banc, un fet el va aturar. Al mateix vag\u00f3 del metro, un pare acaronava el seu fill. En Tim es va commoure. Se li feia inversemblant, ell que havia estat maltractat pel seu pare. Explica que va seguir tot el dia aquell pare i aquell nen. No s\u2019ho creia. Era possible que un pare estim\u00e9s el seu fill. \u201cM\u00e1s fuerte que el odio\u201d. En Tim viu a hores d\u2019ara a Fran\u00e7a, amb voluntat d\u2019oferir \u201cel millor regal\u201d, el perd\u00f3.<\/p>\n<p>Un perd\u00f3 que no treu la necessitat de demanar i fer just\u00edcia. Per descomptat. Per\u00f2 en tot cas sabent que el poder judicial pot anar acompanyat del poder pedag\u00f2gic. Que l\u2019un, el de la just\u00edcia, jutja, per\u00f2 no sana. Dictamina, per\u00f2 no restaura. Castiga, per\u00f2 no repara. Institucionalitza, per\u00f2 no autentifica. Delega, per\u00f2 no reconeix. Ja deia el fil\u00f2sof Derrida que el perd\u00f3 \u00e9s injust. I no ho deia en va. Perdonar es desmarca dels par\u00e0metres racionals. \u00c9s injust en tant que no demana bescanvi, \u00e9s gratu\u00eft, trenca esquemes, va contracorrent.<\/p>\n<p>Avui hem sentit l\u2019expressi\u00f3: \u201cNo hem d\u2019oblidar, per\u00f2 sense perd\u00f3 \u00e9s impossible avan\u00e7ar\u201d. I no la diu un ciutad\u00e0 de carrer, sin\u00f3 en Joaquim Forn, preservat de la seva llibertat, des de la pres\u00f3 de Lledoners. L\u2019oblit, ja ho sabem, sols pot ser per proc\u00e9s neuronal amn\u00e8sic. El perd\u00f3 \u00e9s un acte de llibertat per damunt del ressentiment i l\u2019afany de venjan\u00e7a. Desbanca l\u2019adversari i dignifica qui el concedeix i viu. Ben b\u00e9, ressuscita de l\u2019estat de v\u00edctima.<\/p>\n<p>Podr\u00edem dir que es busca qui estigui disposat a perdonar. Qui faci bandera del dret a no tenir enemics i a no viure des de l\u2019enemistat. Potser trobarem m\u00e9s adeptes a aquesta causa entre els qui han patit greus ofenses als seus drets fonamentals que no pas entre els qui vivim emmetzinats per petites estira-i-arronses di\u00e0ries.<\/p>\n","protected":false},"excerpt":{"rendered":"<p>Em parlen de la pel\u00b7l\u00edcula \u2018El mayor regalo\u2019. Em diuen que t\u00e9 a veure amb el perd\u00f3 i la reconciliaci\u00f3 en diferents situacions de greuges, de delictes, d\u2019assassinats. Qui els ha patit i parla de perd\u00f3, ho fa sentint-se alliberat. <\/p>\n","protected":false},"author":405,"featured_media":0,"comment_status":"open","ping_status":"open","sticky":false,"template":"","format":"standard","meta":{"footnotes":""},"categories":[2],"tags":[],"tipo":[],"class_list":{"0":"post-492","1":"post","2":"type-post","3":"status-publish","4":"format-standard","6":"category-general"},"yoast_head":"<!-- This site is optimized with the Yoast SEO plugin v27.5 - https:\/\/yoast.com\/product\/yoast-seo-wordpress\/ -->\n<title>Perdonar per donar - Aps i educaci\u00f3 en valors<\/title>\n<meta name=\"robots\" content=\"index, follow, max-snippet:-1, max-image-preview:large, max-video-preview:-1\" \/>\n<link rel=\"canonical\" href=\"https:\/\/diarieducacio.cat\/aprenentatgeservei\/2019\/01\/20\/perdonar-per-donar\/\" \/>\n<meta property=\"og:locale\" content=\"ca_ES\" \/>\n<meta property=\"og:type\" content=\"article\" \/>\n<meta property=\"og:title\" content=\"Perdonar per donar - Aps i educaci\u00f3 en valors\" \/>\n<meta property=\"og:description\" content=\"Em parlen de la pel\u00b7l\u00edcula \u2018El mayor regalo\u2019. Em diuen que t\u00e9 a veure amb el perd\u00f3 i la reconciliaci\u00f3 en diferents situacions de greuges, de delictes, d\u2019assassinats. Qui els ha patit i parla de perd\u00f3, ho fa sentint-se alliberat.\" \/>\n<meta property=\"og:url\" content=\"https:\/\/diarieducacio.cat\/aprenentatgeservei\/2019\/01\/20\/perdonar-per-donar\/\" \/>\n<meta property=\"og:site_name\" content=\"Aps i educaci\u00f3 en valors\" \/>\n<meta property=\"article:publisher\" content=\"https:\/\/www.facebook.com\/diarieducacio\/\" \/>\n<meta property=\"article:published_time\" content=\"2019-01-20T19:20:38+00:00\" \/>\n<meta property=\"og:image\" content=\"https:\/\/diarieducacio.cat\/aprenentatgeservei\/wp-content\/uploads\/sites\/22\/2019\/01\/El-mayor-regalo-e1541681531853.jpg\" \/>\n\t<meta property=\"og:image:width\" content=\"450\" \/>\n\t<meta property=\"og:image:height\" content=\"642\" \/>\n\t<meta property=\"og:image:type\" content=\"image\/jpeg\" \/>\n<meta name=\"author\" content=\"Marta Burguet\" \/>\n<meta name=\"twitter:card\" content=\"summary_large_image\" \/>\n<meta name=\"twitter:creator\" content=\"@DiariEducacio\" \/>\n<meta name=\"twitter:site\" content=\"@DiariEducacio\" \/>\n<meta name=\"twitter:label1\" content=\"Escrit per\" \/>\n\t<meta name=\"twitter:data1\" content=\"Marta Burguet\" \/>\n\t<meta name=\"twitter:label2\" content=\"Temps estimat de lectura\" \/>\n\t<meta name=\"twitter:data2\" content=\"2 minuts\" \/>\n<script type=\"application\/ld+json\" class=\"yoast-schema-graph\">{\"@context\":\"https:\\\/\\\/schema.org\",\"@graph\":[{\"@type\":\"Article\",\"@id\":\"https:\\\/\\\/diarieducacio.cat\\\/aprenentatgeservei\\\/2019\\\/01\\\/20\\\/perdonar-per-donar\\\/#article\",\"isPartOf\":{\"@id\":\"https:\\\/\\\/diarieducacio.cat\\\/aprenentatgeservei\\\/2019\\\/01\\\/20\\\/perdonar-per-donar\\\/\"},\"author\":{\"name\":\"Marta Burguet\",\"@id\":\"https:\\\/\\\/diarieducacio.cat\\\/aprenentatgeservei\\\/#\\\/schema\\\/person\\\/6dbac7693a737854b871d052c9846ecb\"},\"headline\":\"Perdonar per donar\",\"datePublished\":\"2019-01-20T19:20:38+00:00\",\"mainEntityOfPage\":{\"@id\":\"https:\\\/\\\/diarieducacio.cat\\\/aprenentatgeservei\\\/2019\\\/01\\\/20\\\/perdonar-per-donar\\\/\"},\"wordCount\":439,\"commentCount\":1,\"image\":{\"@id\":\"https:\\\/\\\/diarieducacio.cat\\\/aprenentatgeservei\\\/2019\\\/01\\\/20\\\/perdonar-per-donar\\\/#primaryimage\"},\"thumbnailUrl\":\"https:\\\/\\\/diarieducacio.cat\\\/aprenentatgeservei\\\/wp-content\\\/uploads\\\/sites\\\/19\\\/2019\\\/01\\\/El-mayor-regalo-e1541681531853.jpg\",\"articleSection\":[\"General\"],\"inLanguage\":\"ca\",\"potentialAction\":[{\"@type\":\"CommentAction\",\"name\":\"Comment\",\"target\":[\"https:\\\/\\\/diarieducacio.cat\\\/aprenentatgeservei\\\/2019\\\/01\\\/20\\\/perdonar-per-donar\\\/#respond\"]}]},{\"@type\":\"WebPage\",\"@id\":\"https:\\\/\\\/diarieducacio.cat\\\/aprenentatgeservei\\\/2019\\\/01\\\/20\\\/perdonar-per-donar\\\/\",\"url\":\"https:\\\/\\\/diarieducacio.cat\\\/aprenentatgeservei\\\/2019\\\/01\\\/20\\\/perdonar-per-donar\\\/\",\"name\":\"Perdonar per donar - Aps i educaci\u00f3 en valors\",\"isPartOf\":{\"@id\":\"https:\\\/\\\/diarieducacio.cat\\\/aprenentatgeservei\\\/#website\"},\"primaryImageOfPage\":{\"@id\":\"https:\\\/\\\/diarieducacio.cat\\\/aprenentatgeservei\\\/2019\\\/01\\\/20\\\/perdonar-per-donar\\\/#primaryimage\"},\"image\":{\"@id\":\"https:\\\/\\\/diarieducacio.cat\\\/aprenentatgeservei\\\/2019\\\/01\\\/20\\\/perdonar-per-donar\\\/#primaryimage\"},\"thumbnailUrl\":\"https:\\\/\\\/diarieducacio.cat\\\/aprenentatgeservei\\\/wp-content\\\/uploads\\\/sites\\\/19\\\/2019\\\/01\\\/El-mayor-regalo-e1541681531853.jpg\",\"datePublished\":\"2019-01-20T19:20:38+00:00\",\"author\":{\"@id\":\"https:\\\/\\\/diarieducacio.cat\\\/aprenentatgeservei\\\/#\\\/schema\\\/person\\\/6dbac7693a737854b871d052c9846ecb\"},\"breadcrumb\":{\"@id\":\"https:\\\/\\\/diarieducacio.cat\\\/aprenentatgeservei\\\/2019\\\/01\\\/20\\\/perdonar-per-donar\\\/#breadcrumb\"},\"inLanguage\":\"ca\",\"potentialAction\":[{\"@type\":\"ReadAction\",\"target\":[\"https:\\\/\\\/diarieducacio.cat\\\/aprenentatgeservei\\\/2019\\\/01\\\/20\\\/perdonar-per-donar\\\/\"]}]},{\"@type\":\"ImageObject\",\"inLanguage\":\"ca\",\"@id\":\"https:\\\/\\\/diarieducacio.cat\\\/aprenentatgeservei\\\/2019\\\/01\\\/20\\\/perdonar-per-donar\\\/#primaryimage\",\"url\":\"https:\\\/\\\/diarieducacio.cat\\\/aprenentatgeservei\\\/wp-content\\\/uploads\\\/sites\\\/19\\\/2019\\\/01\\\/El-mayor-regalo-e1541681531853.jpg\",\"contentUrl\":\"https:\\\/\\\/diarieducacio.cat\\\/aprenentatgeservei\\\/wp-content\\\/uploads\\\/sites\\\/19\\\/2019\\\/01\\\/El-mayor-regalo-e1541681531853.jpg\"},{\"@type\":\"BreadcrumbList\",\"@id\":\"https:\\\/\\\/diarieducacio.cat\\\/aprenentatgeservei\\\/2019\\\/01\\\/20\\\/perdonar-per-donar\\\/#breadcrumb\",\"itemListElement\":[{\"@type\":\"ListItem\",\"position\":1,\"name\":\"Inici\",\"item\":\"https:\\\/\\\/diarieducacio.cat\\\/aprenentatgeservei\\\/\"},{\"@type\":\"ListItem\",\"position\":2,\"name\":\"Perdonar per donar\"}]},{\"@type\":\"WebSite\",\"@id\":\"https:\\\/\\\/diarieducacio.cat\\\/aprenentatgeservei\\\/#website\",\"url\":\"https:\\\/\\\/diarieducacio.cat\\\/aprenentatgeservei\\\/\",\"name\":\"Aps i educaci\u00f3 en valors\",\"description\":\"\",\"potentialAction\":[{\"@type\":\"SearchAction\",\"target\":{\"@type\":\"EntryPoint\",\"urlTemplate\":\"https:\\\/\\\/diarieducacio.cat\\\/aprenentatgeservei\\\/?s={search_term_string}\"},\"query-input\":{\"@type\":\"PropertyValueSpecification\",\"valueRequired\":true,\"valueName\":\"search_term_string\"}}],\"inLanguage\":\"ca\"},{\"@type\":\"Person\",\"@id\":\"https:\\\/\\\/diarieducacio.cat\\\/aprenentatgeservei\\\/#\\\/schema\\\/person\\\/6dbac7693a737854b871d052c9846ecb\",\"name\":\"Marta Burguet\",\"image\":{\"@type\":\"ImageObject\",\"inLanguage\":\"ca\",\"@id\":\"https:\\\/\\\/secure.gravatar.com\\\/avatar\\\/5dce560f8663b17c7a884723ba2e8dd221c842e77872fc13c436b580a07d6ab5?s=96&d=mm&r=g\",\"url\":\"https:\\\/\\\/secure.gravatar.com\\\/avatar\\\/5dce560f8663b17c7a884723ba2e8dd221c842e77872fc13c436b580a07d6ab5?s=96&d=mm&r=g\",\"contentUrl\":\"https:\\\/\\\/secure.gravatar.com\\\/avatar\\\/5dce560f8663b17c7a884723ba2e8dd221c842e77872fc13c436b580a07d6ab5?s=96&d=mm&r=g\",\"caption\":\"Marta Burguet\"},\"url\":\"https:\\\/\\\/diarieducacio.cat\\\/aprenentatgeservei\\\/author\\\/mburguet\\\/\"}]}<\/script>\n<!-- \/ Yoast SEO plugin. -->","yoast_head_json":{"title":"Perdonar per donar - Aps i educaci\u00f3 en valors","robots":{"index":"index","follow":"follow","max-snippet":"max-snippet:-1","max-image-preview":"max-image-preview:large","max-video-preview":"max-video-preview:-1"},"canonical":"https:\/\/diarieducacio.cat\/aprenentatgeservei\/2019\/01\/20\/perdonar-per-donar\/","og_locale":"ca_ES","og_type":"article","og_title":"Perdonar per donar - Aps i educaci\u00f3 en valors","og_description":"Em parlen de la pel\u00b7l\u00edcula \u2018El mayor regalo\u2019. Em diuen que t\u00e9 a veure amb el perd\u00f3 i la reconciliaci\u00f3 en diferents situacions de greuges, de delictes, d\u2019assassinats. Qui els ha patit i parla de perd\u00f3, ho fa sentint-se alliberat.","og_url":"https:\/\/diarieducacio.cat\/aprenentatgeservei\/2019\/01\/20\/perdonar-per-donar\/","og_site_name":"Aps i educaci\u00f3 en valors","article_publisher":"https:\/\/www.facebook.com\/diarieducacio\/","article_published_time":"2019-01-20T19:20:38+00:00","og_image":[{"width":450,"height":642,"url":"https:\/\/diarieducacio.cat\/aprenentatgeservei\/wp-content\/uploads\/sites\/22\/2019\/01\/El-mayor-regalo-e1541681531853.jpg","type":"image\/jpeg"}],"author":"Marta Burguet","twitter_card":"summary_large_image","twitter_creator":"@DiariEducacio","twitter_site":"@DiariEducacio","twitter_misc":{"Escrit per":"Marta Burguet","Temps estimat de lectura":"2 minuts"},"schema":{"@context":"https:\/\/schema.org","@graph":[{"@type":"Article","@id":"https:\/\/diarieducacio.cat\/aprenentatgeservei\/2019\/01\/20\/perdonar-per-donar\/#article","isPartOf":{"@id":"https:\/\/diarieducacio.cat\/aprenentatgeservei\/2019\/01\/20\/perdonar-per-donar\/"},"author":{"name":"Marta Burguet","@id":"https:\/\/diarieducacio.cat\/aprenentatgeservei\/#\/schema\/person\/6dbac7693a737854b871d052c9846ecb"},"headline":"Perdonar per donar","datePublished":"2019-01-20T19:20:38+00:00","mainEntityOfPage":{"@id":"https:\/\/diarieducacio.cat\/aprenentatgeservei\/2019\/01\/20\/perdonar-per-donar\/"},"wordCount":439,"commentCount":1,"image":{"@id":"https:\/\/diarieducacio.cat\/aprenentatgeservei\/2019\/01\/20\/perdonar-per-donar\/#primaryimage"},"thumbnailUrl":"https:\/\/diarieducacio.cat\/aprenentatgeservei\/wp-content\/uploads\/sites\/19\/2019\/01\/El-mayor-regalo-e1541681531853.jpg","articleSection":["General"],"inLanguage":"ca","potentialAction":[{"@type":"CommentAction","name":"Comment","target":["https:\/\/diarieducacio.cat\/aprenentatgeservei\/2019\/01\/20\/perdonar-per-donar\/#respond"]}]},{"@type":"WebPage","@id":"https:\/\/diarieducacio.cat\/aprenentatgeservei\/2019\/01\/20\/perdonar-per-donar\/","url":"https:\/\/diarieducacio.cat\/aprenentatgeservei\/2019\/01\/20\/perdonar-per-donar\/","name":"Perdonar per donar - Aps i educaci\u00f3 en valors","isPartOf":{"@id":"https:\/\/diarieducacio.cat\/aprenentatgeservei\/#website"},"primaryImageOfPage":{"@id":"https:\/\/diarieducacio.cat\/aprenentatgeservei\/2019\/01\/20\/perdonar-per-donar\/#primaryimage"},"image":{"@id":"https:\/\/diarieducacio.cat\/aprenentatgeservei\/2019\/01\/20\/perdonar-per-donar\/#primaryimage"},"thumbnailUrl":"https:\/\/diarieducacio.cat\/aprenentatgeservei\/wp-content\/uploads\/sites\/19\/2019\/01\/El-mayor-regalo-e1541681531853.jpg","datePublished":"2019-01-20T19:20:38+00:00","author":{"@id":"https:\/\/diarieducacio.cat\/aprenentatgeservei\/#\/schema\/person\/6dbac7693a737854b871d052c9846ecb"},"breadcrumb":{"@id":"https:\/\/diarieducacio.cat\/aprenentatgeservei\/2019\/01\/20\/perdonar-per-donar\/#breadcrumb"},"inLanguage":"ca","potentialAction":[{"@type":"ReadAction","target":["https:\/\/diarieducacio.cat\/aprenentatgeservei\/2019\/01\/20\/perdonar-per-donar\/"]}]},{"@type":"ImageObject","inLanguage":"ca","@id":"https:\/\/diarieducacio.cat\/aprenentatgeservei\/2019\/01\/20\/perdonar-per-donar\/#primaryimage","url":"https:\/\/diarieducacio.cat\/aprenentatgeservei\/wp-content\/uploads\/sites\/19\/2019\/01\/El-mayor-regalo-e1541681531853.jpg","contentUrl":"https:\/\/diarieducacio.cat\/aprenentatgeservei\/wp-content\/uploads\/sites\/19\/2019\/01\/El-mayor-regalo-e1541681531853.jpg"},{"@type":"BreadcrumbList","@id":"https:\/\/diarieducacio.cat\/aprenentatgeservei\/2019\/01\/20\/perdonar-per-donar\/#breadcrumb","itemListElement":[{"@type":"ListItem","position":1,"name":"Inici","item":"https:\/\/diarieducacio.cat\/aprenentatgeservei\/"},{"@type":"ListItem","position":2,"name":"Perdonar per donar"}]},{"@type":"WebSite","@id":"https:\/\/diarieducacio.cat\/aprenentatgeservei\/#website","url":"https:\/\/diarieducacio.cat\/aprenentatgeservei\/","name":"Aps i educaci\u00f3 en valors","description":"","potentialAction":[{"@type":"SearchAction","target":{"@type":"EntryPoint","urlTemplate":"https:\/\/diarieducacio.cat\/aprenentatgeservei\/?s={search_term_string}"},"query-input":{"@type":"PropertyValueSpecification","valueRequired":true,"valueName":"search_term_string"}}],"inLanguage":"ca"},{"@type":"Person","@id":"https:\/\/diarieducacio.cat\/aprenentatgeservei\/#\/schema\/person\/6dbac7693a737854b871d052c9846ecb","name":"Marta Burguet","image":{"@type":"ImageObject","inLanguage":"ca","@id":"https:\/\/secure.gravatar.com\/avatar\/5dce560f8663b17c7a884723ba2e8dd221c842e77872fc13c436b580a07d6ab5?s=96&d=mm&r=g","url":"https:\/\/secure.gravatar.com\/avatar\/5dce560f8663b17c7a884723ba2e8dd221c842e77872fc13c436b580a07d6ab5?s=96&d=mm&r=g","contentUrl":"https:\/\/secure.gravatar.com\/avatar\/5dce560f8663b17c7a884723ba2e8dd221c842e77872fc13c436b580a07d6ab5?s=96&d=mm&r=g","caption":"Marta Burguet"},"url":"https:\/\/diarieducacio.cat\/aprenentatgeservei\/author\/mburguet\/"}]}},"_links":{"self":[{"href":"https:\/\/diarieducacio.cat\/aprenentatgeservei\/wp-json\/wp\/v2\/posts\/492","targetHints":{"allow":["GET"]}}],"collection":[{"href":"https:\/\/diarieducacio.cat\/aprenentatgeservei\/wp-json\/wp\/v2\/posts"}],"about":[{"href":"https:\/\/diarieducacio.cat\/aprenentatgeservei\/wp-json\/wp\/v2\/types\/post"}],"author":[{"embeddable":true,"href":"https:\/\/diarieducacio.cat\/aprenentatgeservei\/wp-json\/wp\/v2\/users\/405"}],"replies":[{"embeddable":true,"href":"https:\/\/diarieducacio.cat\/aprenentatgeservei\/wp-json\/wp\/v2\/comments?post=492"}],"version-history":[{"count":0,"href":"https:\/\/diarieducacio.cat\/aprenentatgeservei\/wp-json\/wp\/v2\/posts\/492\/revisions"}],"wp:attachment":[{"href":"https:\/\/diarieducacio.cat\/aprenentatgeservei\/wp-json\/wp\/v2\/media?parent=492"}],"wp:term":[{"taxonomy":"category","embeddable":true,"href":"https:\/\/diarieducacio.cat\/aprenentatgeservei\/wp-json\/wp\/v2\/categories?post=492"},{"taxonomy":"post_tag","embeddable":true,"href":"https:\/\/diarieducacio.cat\/aprenentatgeservei\/wp-json\/wp\/v2\/tags?post=492"},{"taxonomy":"tipo","embeddable":true,"href":"https:\/\/diarieducacio.cat\/aprenentatgeservei\/wp-json\/wp\/v2\/tipo?post=492"}],"curies":[{"name":"wp","href":"https:\/\/api.w.org\/{rel}","templated":true}]}}