{"id":547,"date":"2019-06-02T21:57:57","date_gmt":"2019-06-02T21:57:57","guid":{"rendered":"https:\/\/diarieducacio.cat\/aprenentatgeservei\/?p=547"},"modified":"2019-06-02T21:57:57","modified_gmt":"2019-06-02T21:57:57","slug":"deures-drets-i-estiu","status":"publish","type":"post","link":"https:\/\/diarieducacio.cat\/aprenentatgeservei\/2019\/06\/02\/deures-drets-i-estiu\/","title":{"rendered":"Deures, drets i estiu"},"content":{"rendered":"<p>&#8220;No veig clar aix\u00f2 de que les criatures hagin de fer deures a l&#8217;estiu&#8221;, m&#8217;explicava una amiga.\u00a0&#8220;Jo era un pare conven\u00e7ut i militant antideures i resulta que aquest agost les meves filles em van demanar quaderns de vacances i s&#8217;ho van passar molt b\u00e9 omplint-los&#8221;, m&#8217;explicava una altra.<\/p>\n<p>Doncs jo s\u00ed que ho tinc clar\u00edssim. Algunes tasques haurien de ser gaireb\u00e9 <em>d&#8217;obligat compliment<\/em>: es tracta sobretot de les experi\u00e8ncies que s\u00f3n oportunitats educatives vitals fora del temps escolar, agradables i desitjades, per\u00f2 freq\u00fcentment demandants d&#8217;esfor\u00e7.<\/p>\n<p>Cal submergir-se en elles sense excuses, sense concessions a la mandra, sense por de caure, a tacar-se, a despentinar-se. L&#8217;estiu \u00e9s molt llarg, amb temps per a tot.<\/p>\n<p>Per exemple, aqu\u00ed van a manera de <em>check-list<\/em>, 20 deures de vacances amb les seves petites coartades pedag\u00f2giques, per si les necessitem:<\/p>\n<ol>\n<li>Pujar a un arbre: millora la motricitat i la concentraci\u00f3. Els garrofers i les figueres s\u00f3n molt agra\u00efts de pujar. Tampoc cal pujar a dalt de la copa!<\/li>\n<li>Fer una cabana amb sostre (no serveix un corralet) usant cordes, pedres, branques, potser teles&#8230;: millora l&#8217;orientaci\u00f3 espacial, la for\u00e7a muscular, la coordinaci\u00f3 de moviments.<\/li>\n<li>Dormir a l&#8217;aire lliure o almenys dins de la cabana, ben a\u00efllats de la humitat del s\u00f2l i protegits amb mantes o sacs de dormir: s&#8217;educa la capacitat de preveure, superar pors, organitzar-se.<\/li>\n<li>Recollir herbes arom\u00e0tiques i fer col\u00f2nia, vinagretes o infusions: millora els sentits, s&#8217;aprenen els noms de les plantes i s&#8217;exercita la paci\u00e8ncia.<\/li>\n<li>Parar la taula amb estil i harmonia i despr\u00e9s desparar-la: millora l&#8217;orientaci\u00f3 espacial, el sentit de l&#8217;est\u00e8tica i la responsabilitat.<\/li>\n<li>Lluitar amb pinyes: un joc prou agressiu i divertit, que millora la punteria i exigeix \u200b\u200bbastant autocontrol.<\/li>\n<li>Pescar capgrossos o granotes en una bassa, amb l&#8217;ajuda d&#8217;un ca\u00e7apapallones o similar: millora l&#8217;observaci\u00f3, els reflexos i la motricitat fina. B\u00e9, tampoc cal torturar els animalets: s&#8217;observen una estona i despr\u00e9s es deixen en llibertat.<\/li>\n<li>Trepitjar l&#8217;herba descal\u00e7os: millora la circulaci\u00f3, el sentit del tacte i l&#8217;atenci\u00f3, perqu\u00e8 cal anar amb compte de no clavar-se una branqueta punxeguda o una pedreta.<\/li>\n<li>Fer-se el llit: millora moltes coses, per\u00f2 sobretot les cares de felicitat que posen la mare i el pare, cosa que tamb\u00e9 \u00e9s important i necess\u00e0ria a l&#8217;estiu.<\/li>\n<li>Banyar-se en un llac o en un riu amb pedretes, bestioletes, algues, aigua gelada, la possibilitat d&#8217;una serp&#8230; Res a veure amb la piscina: tot un exercici de superaci\u00f3 personal!.<\/li>\n<li>Llegir un llibre perqu\u00e8 s\u00ed, perqu\u00e8 agrada, estirat sota un pi, escarxofat en un sof\u00e0, assegut en un gronxador: millora la imaginaci\u00f3, el llenguatge i l&#8217;atenci\u00f3.<\/li>\n<li>Curar-se un mateix despr\u00e9s de pelar-se els genolls: netejar la ferida, posar-se un desinfectant, una tireta i seguir corrent: millora l&#8217;autonomia i l&#8217;optimisme.<\/li>\n<li>Sortir a la nit amb una llanterna a ca\u00e7ar sorpreses: els ulls brillants d&#8217;un gat, una cuca de llum, un gripau&#8230; millora la vista i ajuda a superar la por a la foscor.<\/li>\n<li>Aprendre un joc de cartes en qu\u00e8 es perd, es guanya, se sumen o resten punts, hi ha estrat\u00e8gia o hi ha pura sort&#8230; Madura les relacions personals, la toler\u00e0ncia a la frustraci\u00f3, la mem\u00f2ria.<\/li>\n<li>Dedicar un temps a omplir un quadern de vacances: \u00bfper qu\u00e8 no? S\u00f3n bonics, donen idees, estimulen la mem\u00f2ria, enforteixen la concentraci\u00f3.<\/li>\n<li>Fer la compra almenys algun dia, en lloc del pare o la mare. Estimula el c\u00e0lcul, la responsabilitat, les bones maneres&#8230;<\/li>\n<li>Escriure una carta com les antigues d&#8217;abans: amb paper i bol\u00edgraf, bona lletra, sense faltes ni guixades (caldr\u00e0 fer un esborrany abans), amb dibuixos, ficant-la en un sobre, enganxant un segell, buscant una b\u00fastia per enviar-la, pensant en la persona que la rebr\u00e0. Estimula l&#8217;empatia, la bona lletra, l&#8217;ortografia, la paci\u00e8ncia, l&#8217;amabilitat.<\/li>\n<li>Modelar objectes amb fang del camp -Res de plastilina! &#8211; recollint la terra argilosa, filtrant, barrejant-la amb aigua, pastant-la al punt. Millora l&#8217;observaci\u00f3, la motricitat, l&#8217;expressi\u00f3 art\u00edstica.<\/li>\n<li>Aixecar-se molt aviat per veure la sortida del sol, gravar un v\u00eddeo del moment m\u00e0gic&#8230; Millora la connexi\u00f3 amb la natura, l&#8217;observaci\u00f3.<\/li>\n<li>Observar en silenci -aix\u00f2 \u00e9s molt important! &#8211; el cel estrellat, les fases de la lluna, identificar constel\u00b7lacions, veure caure les Perseides a l&#8217;agost. Millora l&#8217;observaci\u00f3 la paci\u00e8ncia i l&#8217;autocontrol.<\/li>\n<\/ol>\n<p>L&#8217;article 31 de la Convenci\u00f3 dels Drets dels Infants reconeix el dret de la infantesa al descans, l&#8217;esbarjo, al joc, les activitats recreatives i a la plena i lliure participaci\u00f3 en la vida cultural i de les arts.<\/p>\n<p>L&#8217;estiu \u00e9s un moment privilegiat per a exercir aquest dret, per tant, cal poder oferir als nens i nenes experi\u00e8ncies com aquestes, intenses, positives, de les que deixen petjada i es recorden tota la vida.<\/p>\n<p>No obstant aix\u00f2, molts nens i nenes no les poden gaudir: aquestes experi\u00e8ncies, complement\u00e0ries al temps lectiu a l&#8217;escola, requereixen que la fam\u00edlia tingui vacances o un m\u00ednim de temps i recursos a l&#8217;estiu per poder proporcionar-les.<\/p>\n<p>Els nostres deures com a fam\u00edlies, educadors, ciutadans, consisteixen a eliminar en el possible aquesta desigualtat d&#8217;acc\u00e9s, perqu\u00e8 tota la inf\u00e0ncia tingui dret a poder gaudir dels <em>deures d&#8217;estiu<\/em>.<\/p>\n","protected":false},"excerpt":{"rendered":"<p>Dormir a l&#8217;aire lliure, recollir herbes arom\u00e0tiques, banyar-se en un llac, fer la compra algun dia, aprendre un joc de cartes&#8230; i aix\u00ed fins a 20. Aquests &#8220;deures d&#8217;estiu&#8221; contribueixen al desenvolupament de la persona i respecten el seu dret al descans, l&#8217;esbarjo i el joc recollit a la Convenci\u00f3 dels Drets dels Infants. <\/p>\n","protected":false},"author":389,"featured_media":549,"comment_status":"open","ping_status":"open","sticky":false,"template":"","format":"standard","meta":{"footnotes":""},"categories":[2],"tags":[],"tipo":[],"class_list":{"0":"post-547","1":"post","2":"type-post","3":"status-publish","4":"format-standard","5":"has-post-thumbnail","7":"category-general"},"yoast_head":"<!-- This site is optimized with the Yoast SEO plugin v27.5 - https:\/\/yoast.com\/product\/yoast-seo-wordpress\/ -->\n<title>Deures, drets i estiu - Aps i educaci\u00f3 en valors<\/title>\n<meta name=\"robots\" content=\"index, follow, max-snippet:-1, max-image-preview:large, max-video-preview:-1\" \/>\n<link rel=\"canonical\" href=\"https:\/\/diarieducacio.cat\/aprenentatgeservei\/2019\/06\/02\/deures-drets-i-estiu\/\" \/>\n<meta property=\"og:locale\" content=\"ca_ES\" \/>\n<meta property=\"og:type\" content=\"article\" \/>\n<meta property=\"og:title\" content=\"Deures, drets i estiu - Aps i educaci\u00f3 en valors\" \/>\n<meta property=\"og:description\" content=\"Dormir a l&#039;aire lliure, recollir herbes arom\u00e0tiques, banyar-se en un llac, fer la compra algun dia, aprendre un joc de cartes... i aix\u00ed fins a 20. Aquests &quot;deures d&#039;estiu&quot; contribueixen al desenvolupament de la persona i respecten el seu dret al descans, l&#039;esbarjo i el joc recollit a la Convenci\u00f3 dels Drets dels Infants.\" \/>\n<meta property=\"og:url\" content=\"https:\/\/diarieducacio.cat\/aprenentatgeservei\/2019\/06\/02\/deures-drets-i-estiu\/\" \/>\n<meta property=\"og:site_name\" content=\"Aps i educaci\u00f3 en valors\" \/>\n<meta property=\"article:publisher\" content=\"https:\/\/www.facebook.com\/diarieducacio\/\" \/>\n<meta property=\"article:published_time\" content=\"2019-06-02T21:57:57+00:00\" \/>\n<meta property=\"og:image\" content=\"https:\/\/diarieducacio.cat\/aprenentatgeservei\/wp-content\/uploads\/sites\/22\/2019\/05\/estiu.jpg\" \/>\n\t<meta property=\"og:image:width\" content=\"1257\" \/>\n\t<meta property=\"og:image:height\" content=\"835\" \/>\n\t<meta property=\"og:image:type\" content=\"image\/jpeg\" \/>\n<meta name=\"author\" content=\"Roser Batlle\" \/>\n<meta name=\"twitter:card\" content=\"summary_large_image\" \/>\n<meta name=\"twitter:creator\" content=\"@DiariEducacio\" \/>\n<meta name=\"twitter:site\" content=\"@DiariEducacio\" \/>\n<meta name=\"twitter:label1\" content=\"Escrit per\" \/>\n\t<meta name=\"twitter:data1\" content=\"Roser Batlle\" \/>\n\t<meta name=\"twitter:label2\" content=\"Temps estimat de lectura\" \/>\n\t<meta name=\"twitter:data2\" content=\"4 minuts\" \/>\n<script type=\"application\/ld+json\" class=\"yoast-schema-graph\">{\"@context\":\"https:\\\/\\\/schema.org\",\"@graph\":[{\"@type\":\"Article\",\"@id\":\"https:\\\/\\\/diarieducacio.cat\\\/aprenentatgeservei\\\/2019\\\/06\\\/02\\\/deures-drets-i-estiu\\\/#article\",\"isPartOf\":{\"@id\":\"https:\\\/\\\/diarieducacio.cat\\\/aprenentatgeservei\\\/2019\\\/06\\\/02\\\/deures-drets-i-estiu\\\/\"},\"author\":{\"name\":\"Roser Batlle\",\"@id\":\"https:\\\/\\\/diarieducacio.cat\\\/aprenentatgeservei\\\/#\\\/schema\\\/person\\\/7bdff92e1898304b3dc17ac1bdc76051\"},\"headline\":\"Deures, drets i estiu\",\"datePublished\":\"2019-06-02T21:57:57+00:00\",\"mainEntityOfPage\":{\"@id\":\"https:\\\/\\\/diarieducacio.cat\\\/aprenentatgeservei\\\/2019\\\/06\\\/02\\\/deures-drets-i-estiu\\\/\"},\"wordCount\":920,\"commentCount\":4,\"image\":{\"@id\":\"https:\\\/\\\/diarieducacio.cat\\\/aprenentatgeservei\\\/2019\\\/06\\\/02\\\/deures-drets-i-estiu\\\/#primaryimage\"},\"thumbnailUrl\":\"https:\\\/\\\/diarieducacio.cat\\\/aprenentatgeservei\\\/wp-content\\\/uploads\\\/sites\\\/22\\\/2019\\\/05\\\/estiu.jpg\",\"articleSection\":[\"General\"],\"inLanguage\":\"ca\",\"potentialAction\":[{\"@type\":\"CommentAction\",\"name\":\"Comment\",\"target\":[\"https:\\\/\\\/diarieducacio.cat\\\/aprenentatgeservei\\\/2019\\\/06\\\/02\\\/deures-drets-i-estiu\\\/#respond\"]}]},{\"@type\":\"WebPage\",\"@id\":\"https:\\\/\\\/diarieducacio.cat\\\/aprenentatgeservei\\\/2019\\\/06\\\/02\\\/deures-drets-i-estiu\\\/\",\"url\":\"https:\\\/\\\/diarieducacio.cat\\\/aprenentatgeservei\\\/2019\\\/06\\\/02\\\/deures-drets-i-estiu\\\/\",\"name\":\"Deures, drets i estiu - Aps i educaci\u00f3 en valors\",\"isPartOf\":{\"@id\":\"https:\\\/\\\/diarieducacio.cat\\\/aprenentatgeservei\\\/#website\"},\"primaryImageOfPage\":{\"@id\":\"https:\\\/\\\/diarieducacio.cat\\\/aprenentatgeservei\\\/2019\\\/06\\\/02\\\/deures-drets-i-estiu\\\/#primaryimage\"},\"image\":{\"@id\":\"https:\\\/\\\/diarieducacio.cat\\\/aprenentatgeservei\\\/2019\\\/06\\\/02\\\/deures-drets-i-estiu\\\/#primaryimage\"},\"thumbnailUrl\":\"https:\\\/\\\/diarieducacio.cat\\\/aprenentatgeservei\\\/wp-content\\\/uploads\\\/sites\\\/22\\\/2019\\\/05\\\/estiu.jpg\",\"datePublished\":\"2019-06-02T21:57:57+00:00\",\"author\":{\"@id\":\"https:\\\/\\\/diarieducacio.cat\\\/aprenentatgeservei\\\/#\\\/schema\\\/person\\\/7bdff92e1898304b3dc17ac1bdc76051\"},\"breadcrumb\":{\"@id\":\"https:\\\/\\\/diarieducacio.cat\\\/aprenentatgeservei\\\/2019\\\/06\\\/02\\\/deures-drets-i-estiu\\\/#breadcrumb\"},\"inLanguage\":\"ca\",\"potentialAction\":[{\"@type\":\"ReadAction\",\"target\":[\"https:\\\/\\\/diarieducacio.cat\\\/aprenentatgeservei\\\/2019\\\/06\\\/02\\\/deures-drets-i-estiu\\\/\"]}]},{\"@type\":\"ImageObject\",\"inLanguage\":\"ca\",\"@id\":\"https:\\\/\\\/diarieducacio.cat\\\/aprenentatgeservei\\\/2019\\\/06\\\/02\\\/deures-drets-i-estiu\\\/#primaryimage\",\"url\":\"https:\\\/\\\/diarieducacio.cat\\\/aprenentatgeservei\\\/wp-content\\\/uploads\\\/sites\\\/22\\\/2019\\\/05\\\/estiu.jpg\",\"contentUrl\":\"https:\\\/\\\/diarieducacio.cat\\\/aprenentatgeservei\\\/wp-content\\\/uploads\\\/sites\\\/22\\\/2019\\\/05\\\/estiu.jpg\",\"width\":1257,\"height\":835,\"caption\":\"iStock\"},{\"@type\":\"BreadcrumbList\",\"@id\":\"https:\\\/\\\/diarieducacio.cat\\\/aprenentatgeservei\\\/2019\\\/06\\\/02\\\/deures-drets-i-estiu\\\/#breadcrumb\",\"itemListElement\":[{\"@type\":\"ListItem\",\"position\":1,\"name\":\"Inici\",\"item\":\"https:\\\/\\\/diarieducacio.cat\\\/aprenentatgeservei\\\/\"},{\"@type\":\"ListItem\",\"position\":2,\"name\":\"Deures, drets i estiu\"}]},{\"@type\":\"WebSite\",\"@id\":\"https:\\\/\\\/diarieducacio.cat\\\/aprenentatgeservei\\\/#website\",\"url\":\"https:\\\/\\\/diarieducacio.cat\\\/aprenentatgeservei\\\/\",\"name\":\"Aps i educaci\u00f3 en valors\",\"description\":\"\",\"potentialAction\":[{\"@type\":\"SearchAction\",\"target\":{\"@type\":\"EntryPoint\",\"urlTemplate\":\"https:\\\/\\\/diarieducacio.cat\\\/aprenentatgeservei\\\/?s={search_term_string}\"},\"query-input\":{\"@type\":\"PropertyValueSpecification\",\"valueRequired\":true,\"valueName\":\"search_term_string\"}}],\"inLanguage\":\"ca\"},{\"@type\":\"Person\",\"@id\":\"https:\\\/\\\/diarieducacio.cat\\\/aprenentatgeservei\\\/#\\\/schema\\\/person\\\/7bdff92e1898304b3dc17ac1bdc76051\",\"name\":\"Roser Batlle\",\"image\":{\"@type\":\"ImageObject\",\"inLanguage\":\"ca\",\"@id\":\"https:\\\/\\\/diarieducacio.cat\\\/wp-content\\\/uploads\\\/2024\\\/11\\\/roser-batlle_avatar-96x96.jpg\",\"url\":\"https:\\\/\\\/diarieducacio.cat\\\/wp-content\\\/uploads\\\/2024\\\/11\\\/roser-batlle_avatar-96x96.jpg\",\"contentUrl\":\"https:\\\/\\\/diarieducacio.cat\\\/wp-content\\\/uploads\\\/2024\\\/11\\\/roser-batlle_avatar-96x96.jpg\",\"caption\":\"Roser Batlle\"},\"description\":\"Red Espa\u00f1ola de Aprendizaje-Servicio\",\"url\":\"https:\\\/\\\/diarieducacio.cat\\\/aprenentatgeservei\\\/author\\\/rbatlle\\\/\"}]}<\/script>\n<!-- \/ Yoast SEO plugin. -->","yoast_head_json":{"title":"Deures, drets i estiu - Aps i educaci\u00f3 en valors","robots":{"index":"index","follow":"follow","max-snippet":"max-snippet:-1","max-image-preview":"max-image-preview:large","max-video-preview":"max-video-preview:-1"},"canonical":"https:\/\/diarieducacio.cat\/aprenentatgeservei\/2019\/06\/02\/deures-drets-i-estiu\/","og_locale":"ca_ES","og_type":"article","og_title":"Deures, drets i estiu - Aps i educaci\u00f3 en valors","og_description":"Dormir a l'aire lliure, recollir herbes arom\u00e0tiques, banyar-se en un llac, fer la compra algun dia, aprendre un joc de cartes... i aix\u00ed fins a 20. Aquests \"deures d'estiu\" contribueixen al desenvolupament de la persona i respecten el seu dret al descans, l'esbarjo i el joc recollit a la Convenci\u00f3 dels Drets dels Infants.","og_url":"https:\/\/diarieducacio.cat\/aprenentatgeservei\/2019\/06\/02\/deures-drets-i-estiu\/","og_site_name":"Aps i educaci\u00f3 en valors","article_publisher":"https:\/\/www.facebook.com\/diarieducacio\/","article_published_time":"2019-06-02T21:57:57+00:00","og_image":[{"width":1257,"height":835,"url":"https:\/\/diarieducacio.cat\/aprenentatgeservei\/wp-content\/uploads\/sites\/22\/2019\/05\/estiu.jpg","type":"image\/jpeg"}],"author":"Roser Batlle","twitter_card":"summary_large_image","twitter_creator":"@DiariEducacio","twitter_site":"@DiariEducacio","twitter_misc":{"Escrit per":"Roser Batlle","Temps estimat de lectura":"4 minuts"},"schema":{"@context":"https:\/\/schema.org","@graph":[{"@type":"Article","@id":"https:\/\/diarieducacio.cat\/aprenentatgeservei\/2019\/06\/02\/deures-drets-i-estiu\/#article","isPartOf":{"@id":"https:\/\/diarieducacio.cat\/aprenentatgeservei\/2019\/06\/02\/deures-drets-i-estiu\/"},"author":{"name":"Roser Batlle","@id":"https:\/\/diarieducacio.cat\/aprenentatgeservei\/#\/schema\/person\/7bdff92e1898304b3dc17ac1bdc76051"},"headline":"Deures, drets i estiu","datePublished":"2019-06-02T21:57:57+00:00","mainEntityOfPage":{"@id":"https:\/\/diarieducacio.cat\/aprenentatgeservei\/2019\/06\/02\/deures-drets-i-estiu\/"},"wordCount":920,"commentCount":4,"image":{"@id":"https:\/\/diarieducacio.cat\/aprenentatgeservei\/2019\/06\/02\/deures-drets-i-estiu\/#primaryimage"},"thumbnailUrl":"https:\/\/diarieducacio.cat\/aprenentatgeservei\/wp-content\/uploads\/sites\/22\/2019\/05\/estiu.jpg","articleSection":["General"],"inLanguage":"ca","potentialAction":[{"@type":"CommentAction","name":"Comment","target":["https:\/\/diarieducacio.cat\/aprenentatgeservei\/2019\/06\/02\/deures-drets-i-estiu\/#respond"]}]},{"@type":"WebPage","@id":"https:\/\/diarieducacio.cat\/aprenentatgeservei\/2019\/06\/02\/deures-drets-i-estiu\/","url":"https:\/\/diarieducacio.cat\/aprenentatgeservei\/2019\/06\/02\/deures-drets-i-estiu\/","name":"Deures, drets i estiu - Aps i educaci\u00f3 en valors","isPartOf":{"@id":"https:\/\/diarieducacio.cat\/aprenentatgeservei\/#website"},"primaryImageOfPage":{"@id":"https:\/\/diarieducacio.cat\/aprenentatgeservei\/2019\/06\/02\/deures-drets-i-estiu\/#primaryimage"},"image":{"@id":"https:\/\/diarieducacio.cat\/aprenentatgeservei\/2019\/06\/02\/deures-drets-i-estiu\/#primaryimage"},"thumbnailUrl":"https:\/\/diarieducacio.cat\/aprenentatgeservei\/wp-content\/uploads\/sites\/22\/2019\/05\/estiu.jpg","datePublished":"2019-06-02T21:57:57+00:00","author":{"@id":"https:\/\/diarieducacio.cat\/aprenentatgeservei\/#\/schema\/person\/7bdff92e1898304b3dc17ac1bdc76051"},"breadcrumb":{"@id":"https:\/\/diarieducacio.cat\/aprenentatgeservei\/2019\/06\/02\/deures-drets-i-estiu\/#breadcrumb"},"inLanguage":"ca","potentialAction":[{"@type":"ReadAction","target":["https:\/\/diarieducacio.cat\/aprenentatgeservei\/2019\/06\/02\/deures-drets-i-estiu\/"]}]},{"@type":"ImageObject","inLanguage":"ca","@id":"https:\/\/diarieducacio.cat\/aprenentatgeservei\/2019\/06\/02\/deures-drets-i-estiu\/#primaryimage","url":"https:\/\/diarieducacio.cat\/aprenentatgeservei\/wp-content\/uploads\/sites\/22\/2019\/05\/estiu.jpg","contentUrl":"https:\/\/diarieducacio.cat\/aprenentatgeservei\/wp-content\/uploads\/sites\/22\/2019\/05\/estiu.jpg","width":1257,"height":835,"caption":"iStock"},{"@type":"BreadcrumbList","@id":"https:\/\/diarieducacio.cat\/aprenentatgeservei\/2019\/06\/02\/deures-drets-i-estiu\/#breadcrumb","itemListElement":[{"@type":"ListItem","position":1,"name":"Inici","item":"https:\/\/diarieducacio.cat\/aprenentatgeservei\/"},{"@type":"ListItem","position":2,"name":"Deures, drets i estiu"}]},{"@type":"WebSite","@id":"https:\/\/diarieducacio.cat\/aprenentatgeservei\/#website","url":"https:\/\/diarieducacio.cat\/aprenentatgeservei\/","name":"Aps i educaci\u00f3 en valors","description":"","potentialAction":[{"@type":"SearchAction","target":{"@type":"EntryPoint","urlTemplate":"https:\/\/diarieducacio.cat\/aprenentatgeservei\/?s={search_term_string}"},"query-input":{"@type":"PropertyValueSpecification","valueRequired":true,"valueName":"search_term_string"}}],"inLanguage":"ca"},{"@type":"Person","@id":"https:\/\/diarieducacio.cat\/aprenentatgeservei\/#\/schema\/person\/7bdff92e1898304b3dc17ac1bdc76051","name":"Roser Batlle","image":{"@type":"ImageObject","inLanguage":"ca","@id":"https:\/\/diarieducacio.cat\/wp-content\/uploads\/2024\/11\/roser-batlle_avatar-96x96.jpg","url":"https:\/\/diarieducacio.cat\/wp-content\/uploads\/2024\/11\/roser-batlle_avatar-96x96.jpg","contentUrl":"https:\/\/diarieducacio.cat\/wp-content\/uploads\/2024\/11\/roser-batlle_avatar-96x96.jpg","caption":"Roser Batlle"},"description":"Red Espa\u00f1ola de Aprendizaje-Servicio","url":"https:\/\/diarieducacio.cat\/aprenentatgeservei\/author\/rbatlle\/"}]}},"_links":{"self":[{"href":"https:\/\/diarieducacio.cat\/aprenentatgeservei\/wp-json\/wp\/v2\/posts\/547","targetHints":{"allow":["GET"]}}],"collection":[{"href":"https:\/\/diarieducacio.cat\/aprenentatgeservei\/wp-json\/wp\/v2\/posts"}],"about":[{"href":"https:\/\/diarieducacio.cat\/aprenentatgeservei\/wp-json\/wp\/v2\/types\/post"}],"author":[{"embeddable":true,"href":"https:\/\/diarieducacio.cat\/aprenentatgeservei\/wp-json\/wp\/v2\/users\/389"}],"replies":[{"embeddable":true,"href":"https:\/\/diarieducacio.cat\/aprenentatgeservei\/wp-json\/wp\/v2\/comments?post=547"}],"version-history":[{"count":0,"href":"https:\/\/diarieducacio.cat\/aprenentatgeservei\/wp-json\/wp\/v2\/posts\/547\/revisions"}],"wp:featuredmedia":[{"embeddable":true,"href":"https:\/\/diarieducacio.cat\/aprenentatgeservei\/wp-json\/wp\/v2\/media\/549"}],"wp:attachment":[{"href":"https:\/\/diarieducacio.cat\/aprenentatgeservei\/wp-json\/wp\/v2\/media?parent=547"}],"wp:term":[{"taxonomy":"category","embeddable":true,"href":"https:\/\/diarieducacio.cat\/aprenentatgeservei\/wp-json\/wp\/v2\/categories?post=547"},{"taxonomy":"post_tag","embeddable":true,"href":"https:\/\/diarieducacio.cat\/aprenentatgeservei\/wp-json\/wp\/v2\/tags?post=547"},{"taxonomy":"tipo","embeddable":true,"href":"https:\/\/diarieducacio.cat\/aprenentatgeservei\/wp-json\/wp\/v2\/tipo?post=547"}],"curies":[{"name":"wp","href":"https:\/\/api.w.org\/{rel}","templated":true}]}}