{"id":55,"date":"2015-05-22T09:24:19","date_gmt":"2015-05-22T09:24:19","guid":{"rendered":"https:\/\/diarieducacio.cat\/aprenentatgeservei\/?p=55"},"modified":"2015-05-22T09:24:19","modified_gmt":"2015-05-22T09:24:19","slug":"aprenentatge-servei-o-com-arrelar-se-al-territori","status":"publish","type":"post","link":"https:\/\/diarieducacio.cat\/aprenentatgeservei\/2015\/05\/22\/aprenentatge-servei-o-com-arrelar-se-al-territori\/","title":{"rendered":"Aprenentatge servei o com arrelar-se al territori"},"content":{"rendered":"<p>Una de les conclusions de la meva tesi (Palos, J.1992), coincident amb altres estudis, es que la poblaci\u00f3 se sent principalment dels territoris m\u00e9s propers a on desenvolupen les seves experi\u00e8ncies vitals . El sentiment de pertinen\u00e7a a un lloc, al barri, al poble, diguem en termes generals a un territori, es genera a partir de l\u2019actuaci\u00f3 directa en ell, de la participaci\u00f3 en la seva transformaci\u00f3, de fer aquell espai un espai viscut a on s\u2019han deixat empremtes personals i vincles emocionals.<\/p>\n<p>Tamb\u00e9, com a conclusi\u00f3, hi ha una correlaci\u00f3 entre la major satisfacci\u00f3 de resid\u00e8ncia en un lloc, generada per un seguit de factors topof\u00edlics, el major sentiment de pertinen\u00e7a i el desig de la seva millora amb actituds positives vers aquell lloc. Aquesta satisfacci\u00f3 es converteix en un factor d\u2019inclusi\u00f3 en el territori i en la comunitat a on es viu.<\/p>\n<p>La pedagogia de l\u2019Aprenentatge Servei es basa en l\u2019aprenentatge a partir de l\u2019experi\u00e8ncia i de la participaci\u00f3 en el context. \u00c9s per aix\u00f2, i s\u2019ha de remarcar, que els projectes d\u2019Aprenentatge Servei es fonamenten en dos aspectes molt importants per generar satisfacci\u00f3 de resid\u00e8ncia i sentiment de pertinen\u00e7a: la implicaci\u00f3 en el territori i\/o comunitat a partir del servei; i la construcci\u00f3 d\u2019uns aprenentatges amb significat tamb\u00e9 per estar lligats al servei a la comunitat i al territori, i que per tant tenen un gran component vivencial i emotiu. El context, el territori, amb les seves particularitats i necessitats, en aquests projectes es converteix en un espai com\u00fa, amb una dimensi\u00f3 educativa i pol\u00edtica molt important a on es poden construir coneixements i valors. Es pot dir que, com a resultat, s\u2019afavoreix una aprehensi\u00f3 del territori en totes les seves dimensions amb una vocaci\u00f3 de millora.<\/p>\n<p>L\u2019Aprenentatge Servei, en la seva vocaci\u00f3 inclusora i cohesionadora del territori, \u00e9s una proposta que afavoreix que l\u2019educaci\u00f3 i els aprenentatges generats en els centres educatius siguin \u201cen\u201d i \u201cper a\u201d per\u00f2 especialment \u201camb\u201d el territori del que formen part indissociable. El desenvolupament dels projectes \u201camb\u201d el territori, del que formen part els centres i entitats amb vocaci\u00f3 educadora, genera una consci\u00e8ncia en els participants d\u2019haver deixat la seva empremta positiva, s\u2019incrementa la satisfacci\u00f3 de viure i pert\u00e0nyer i com ja s\u2019ha dit, per\u00f2 insisteixo, es potencia la seva actitud i comportament positiu, i d\u2019estima dels espais viscuts. Diguem tamb\u00e9 que posa en valor el paper de l\u2019escola com a constructora de projectes comuns amb una dimensi\u00f3 pol\u00edtica a trav\u00e9s de l\u2019educaci\u00f3 personal i del desenvolupament de la ciutadania en els seus contextos territorials.<\/p>\n","protected":false},"excerpt":{"rendered":"<p>El sentiment de pertinen\u00e7a a un lloc, al barri, al poble, diguem en termes generals a un territori, es genera a partir de l\u2019actuaci\u00f3 directa en ell, de la participaci\u00f3 en la seva transformaci\u00f3<\/p>\n","protected":false},"author":385,"featured_media":0,"comment_status":"open","ping_status":"open","sticky":false,"template":"","format":"standard","meta":{"footnotes":""},"categories":[2],"tags":[115,98,107,116,101,109],"tipo":[],"class_list":{"0":"post-55","1":"post","2":"type-post","3":"status-publish","4":"format-standard","6":"category-general","7":"tag-aprenentatgeservei","8":"tag-aps","9":"tag-educacio","10":"tag-pertinenca","11":"tag-projectes","12":"tag-valors"},"yoast_head":"<!-- This site is optimized with the Yoast SEO plugin v27.5 - https:\/\/yoast.com\/product\/yoast-seo-wordpress\/ -->\n<title>Aprenentatge servei o com arrelar-se al territori - Aps i educaci\u00f3 en valors<\/title>\n<meta name=\"robots\" content=\"index, follow, max-snippet:-1, max-image-preview:large, max-video-preview:-1\" \/>\n<link rel=\"canonical\" href=\"https:\/\/diarieducacio.cat\/aprenentatgeservei\/2015\/05\/22\/aprenentatge-servei-o-com-arrelar-se-al-territori\/\" \/>\n<meta property=\"og:locale\" content=\"ca_ES\" \/>\n<meta property=\"og:type\" content=\"article\" \/>\n<meta property=\"og:title\" content=\"Aprenentatge servei o com arrelar-se al territori - Aps i educaci\u00f3 en valors\" \/>\n<meta property=\"og:description\" content=\"El sentiment de pertinen\u00e7a a un lloc, al barri, al poble, diguem en termes generals a un territori, es genera a partir de l\u2019actuaci\u00f3 directa en ell, de la participaci\u00f3 en la seva transformaci\u00f3\" \/>\n<meta property=\"og:url\" content=\"https:\/\/diarieducacio.cat\/aprenentatgeservei\/2015\/05\/22\/aprenentatge-servei-o-com-arrelar-se-al-territori\/\" \/>\n<meta property=\"og:site_name\" content=\"Aps i educaci\u00f3 en valors\" \/>\n<meta property=\"article:publisher\" content=\"https:\/\/www.facebook.com\/diarieducacio\/\" \/>\n<meta property=\"article:published_time\" content=\"2015-05-22T09:24:19+00:00\" \/>\n<meta name=\"author\" content=\"Jos\u00e9 Palos\" \/>\n<meta name=\"twitter:card\" content=\"summary_large_image\" \/>\n<meta name=\"twitter:creator\" content=\"@DiariEducacio\" \/>\n<meta name=\"twitter:site\" content=\"@DiariEducacio\" \/>\n<meta name=\"twitter:label1\" content=\"Escrit per\" \/>\n\t<meta name=\"twitter:data1\" content=\"Jos\u00e9 Palos\" \/>\n\t<meta name=\"twitter:label2\" content=\"Temps estimat de lectura\" \/>\n\t<meta name=\"twitter:data2\" content=\"2 minuts\" \/>\n<script type=\"application\/ld+json\" class=\"yoast-schema-graph\">{\"@context\":\"https:\\\/\\\/schema.org\",\"@graph\":[{\"@type\":\"Article\",\"@id\":\"https:\\\/\\\/diarieducacio.cat\\\/aprenentatgeservei\\\/2015\\\/05\\\/22\\\/aprenentatge-servei-o-com-arrelar-se-al-territori\\\/#article\",\"isPartOf\":{\"@id\":\"https:\\\/\\\/diarieducacio.cat\\\/aprenentatgeservei\\\/2015\\\/05\\\/22\\\/aprenentatge-servei-o-com-arrelar-se-al-territori\\\/\"},\"author\":{\"name\":\"Jos\u00e9 Palos\",\"@id\":\"https:\\\/\\\/diarieducacio.cat\\\/aprenentatgeservei\\\/#\\\/schema\\\/person\\\/5e09787a0c914794b90d61114ea93eb1\"},\"headline\":\"Aprenentatge servei o com arrelar-se al territori\",\"datePublished\":\"2015-05-22T09:24:19+00:00\",\"mainEntityOfPage\":{\"@id\":\"https:\\\/\\\/diarieducacio.cat\\\/aprenentatgeservei\\\/2015\\\/05\\\/22\\\/aprenentatge-servei-o-com-arrelar-se-al-territori\\\/\"},\"wordCount\":463,\"commentCount\":0,\"keywords\":[\"aprenentatgeservei\",\"APS\",\"educaci\u00f3\",\"pertinen\u00e7a\",\"projectes\",\"valors\"],\"articleSection\":[\"General\"],\"inLanguage\":\"ca\",\"potentialAction\":[{\"@type\":\"CommentAction\",\"name\":\"Comment\",\"target\":[\"https:\\\/\\\/diarieducacio.cat\\\/aprenentatgeservei\\\/2015\\\/05\\\/22\\\/aprenentatge-servei-o-com-arrelar-se-al-territori\\\/#respond\"]}]},{\"@type\":\"WebPage\",\"@id\":\"https:\\\/\\\/diarieducacio.cat\\\/aprenentatgeservei\\\/2015\\\/05\\\/22\\\/aprenentatge-servei-o-com-arrelar-se-al-territori\\\/\",\"url\":\"https:\\\/\\\/diarieducacio.cat\\\/aprenentatgeservei\\\/2015\\\/05\\\/22\\\/aprenentatge-servei-o-com-arrelar-se-al-territori\\\/\",\"name\":\"Aprenentatge servei o com arrelar-se al territori - Aps i educaci\u00f3 en valors\",\"isPartOf\":{\"@id\":\"https:\\\/\\\/diarieducacio.cat\\\/aprenentatgeservei\\\/#website\"},\"datePublished\":\"2015-05-22T09:24:19+00:00\",\"author\":{\"@id\":\"https:\\\/\\\/diarieducacio.cat\\\/aprenentatgeservei\\\/#\\\/schema\\\/person\\\/5e09787a0c914794b90d61114ea93eb1\"},\"breadcrumb\":{\"@id\":\"https:\\\/\\\/diarieducacio.cat\\\/aprenentatgeservei\\\/2015\\\/05\\\/22\\\/aprenentatge-servei-o-com-arrelar-se-al-territori\\\/#breadcrumb\"},\"inLanguage\":\"ca\",\"potentialAction\":[{\"@type\":\"ReadAction\",\"target\":[\"https:\\\/\\\/diarieducacio.cat\\\/aprenentatgeservei\\\/2015\\\/05\\\/22\\\/aprenentatge-servei-o-com-arrelar-se-al-territori\\\/\"]}]},{\"@type\":\"BreadcrumbList\",\"@id\":\"https:\\\/\\\/diarieducacio.cat\\\/aprenentatgeservei\\\/2015\\\/05\\\/22\\\/aprenentatge-servei-o-com-arrelar-se-al-territori\\\/#breadcrumb\",\"itemListElement\":[{\"@type\":\"ListItem\",\"position\":1,\"name\":\"Inici\",\"item\":\"https:\\\/\\\/diarieducacio.cat\\\/aprenentatgeservei\\\/\"},{\"@type\":\"ListItem\",\"position\":2,\"name\":\"Aprenentatge servei o com arrelar-se al territori\"}]},{\"@type\":\"WebSite\",\"@id\":\"https:\\\/\\\/diarieducacio.cat\\\/aprenentatgeservei\\\/#website\",\"url\":\"https:\\\/\\\/diarieducacio.cat\\\/aprenentatgeservei\\\/\",\"name\":\"Aps i educaci\u00f3 en valors\",\"description\":\"\",\"potentialAction\":[{\"@type\":\"SearchAction\",\"target\":{\"@type\":\"EntryPoint\",\"urlTemplate\":\"https:\\\/\\\/diarieducacio.cat\\\/aprenentatgeservei\\\/?s={search_term_string}\"},\"query-input\":{\"@type\":\"PropertyValueSpecification\",\"valueRequired\":true,\"valueName\":\"search_term_string\"}}],\"inLanguage\":\"ca\"},{\"@type\":\"Person\",\"@id\":\"https:\\\/\\\/diarieducacio.cat\\\/aprenentatgeservei\\\/#\\\/schema\\\/person\\\/5e09787a0c914794b90d61114ea93eb1\",\"name\":\"Jos\u00e9 Palos\",\"image\":{\"@type\":\"ImageObject\",\"inLanguage\":\"ca\",\"@id\":\"https:\\\/\\\/diarieducacio.cat\\\/aprenentatgeservei\\\/wp-content\\\/uploads\\\/sites\\\/22\\\/2025\\\/01\\\/jose-palos_avatar-96x96.jpg\",\"url\":\"https:\\\/\\\/diarieducacio.cat\\\/aprenentatgeservei\\\/wp-content\\\/uploads\\\/sites\\\/22\\\/2025\\\/01\\\/jose-palos_avatar-96x96.jpg\",\"contentUrl\":\"https:\\\/\\\/diarieducacio.cat\\\/aprenentatgeservei\\\/wp-content\\\/uploads\\\/sites\\\/22\\\/2025\\\/01\\\/jose-palos_avatar-96x96.jpg\",\"caption\":\"Jos\u00e9 Palos\"},\"description\":\"Mestre i doctor en Geografia Humana\",\"url\":\"https:\\\/\\\/diarieducacio.cat\\\/aprenentatgeservei\\\/author\\\/josepalos\\\/\"}]}<\/script>\n<!-- \/ Yoast SEO plugin. -->","yoast_head_json":{"title":"Aprenentatge servei o com arrelar-se al territori - Aps i educaci\u00f3 en valors","robots":{"index":"index","follow":"follow","max-snippet":"max-snippet:-1","max-image-preview":"max-image-preview:large","max-video-preview":"max-video-preview:-1"},"canonical":"https:\/\/diarieducacio.cat\/aprenentatgeservei\/2015\/05\/22\/aprenentatge-servei-o-com-arrelar-se-al-territori\/","og_locale":"ca_ES","og_type":"article","og_title":"Aprenentatge servei o com arrelar-se al territori - Aps i educaci\u00f3 en valors","og_description":"El sentiment de pertinen\u00e7a a un lloc, al barri, al poble, diguem en termes generals a un territori, es genera a partir de l\u2019actuaci\u00f3 directa en ell, de la participaci\u00f3 en la seva transformaci\u00f3","og_url":"https:\/\/diarieducacio.cat\/aprenentatgeservei\/2015\/05\/22\/aprenentatge-servei-o-com-arrelar-se-al-territori\/","og_site_name":"Aps i educaci\u00f3 en valors","article_publisher":"https:\/\/www.facebook.com\/diarieducacio\/","article_published_time":"2015-05-22T09:24:19+00:00","author":"Jos\u00e9 Palos","twitter_card":"summary_large_image","twitter_creator":"@DiariEducacio","twitter_site":"@DiariEducacio","twitter_misc":{"Escrit per":"Jos\u00e9 Palos","Temps estimat de lectura":"2 minuts"},"schema":{"@context":"https:\/\/schema.org","@graph":[{"@type":"Article","@id":"https:\/\/diarieducacio.cat\/aprenentatgeservei\/2015\/05\/22\/aprenentatge-servei-o-com-arrelar-se-al-territori\/#article","isPartOf":{"@id":"https:\/\/diarieducacio.cat\/aprenentatgeservei\/2015\/05\/22\/aprenentatge-servei-o-com-arrelar-se-al-territori\/"},"author":{"name":"Jos\u00e9 Palos","@id":"https:\/\/diarieducacio.cat\/aprenentatgeservei\/#\/schema\/person\/5e09787a0c914794b90d61114ea93eb1"},"headline":"Aprenentatge servei o com arrelar-se al territori","datePublished":"2015-05-22T09:24:19+00:00","mainEntityOfPage":{"@id":"https:\/\/diarieducacio.cat\/aprenentatgeservei\/2015\/05\/22\/aprenentatge-servei-o-com-arrelar-se-al-territori\/"},"wordCount":463,"commentCount":0,"keywords":["aprenentatgeservei","APS","educaci\u00f3","pertinen\u00e7a","projectes","valors"],"articleSection":["General"],"inLanguage":"ca","potentialAction":[{"@type":"CommentAction","name":"Comment","target":["https:\/\/diarieducacio.cat\/aprenentatgeservei\/2015\/05\/22\/aprenentatge-servei-o-com-arrelar-se-al-territori\/#respond"]}]},{"@type":"WebPage","@id":"https:\/\/diarieducacio.cat\/aprenentatgeservei\/2015\/05\/22\/aprenentatge-servei-o-com-arrelar-se-al-territori\/","url":"https:\/\/diarieducacio.cat\/aprenentatgeservei\/2015\/05\/22\/aprenentatge-servei-o-com-arrelar-se-al-territori\/","name":"Aprenentatge servei o com arrelar-se al territori - Aps i educaci\u00f3 en valors","isPartOf":{"@id":"https:\/\/diarieducacio.cat\/aprenentatgeservei\/#website"},"datePublished":"2015-05-22T09:24:19+00:00","author":{"@id":"https:\/\/diarieducacio.cat\/aprenentatgeservei\/#\/schema\/person\/5e09787a0c914794b90d61114ea93eb1"},"breadcrumb":{"@id":"https:\/\/diarieducacio.cat\/aprenentatgeservei\/2015\/05\/22\/aprenentatge-servei-o-com-arrelar-se-al-territori\/#breadcrumb"},"inLanguage":"ca","potentialAction":[{"@type":"ReadAction","target":["https:\/\/diarieducacio.cat\/aprenentatgeservei\/2015\/05\/22\/aprenentatge-servei-o-com-arrelar-se-al-territori\/"]}]},{"@type":"BreadcrumbList","@id":"https:\/\/diarieducacio.cat\/aprenentatgeservei\/2015\/05\/22\/aprenentatge-servei-o-com-arrelar-se-al-territori\/#breadcrumb","itemListElement":[{"@type":"ListItem","position":1,"name":"Inici","item":"https:\/\/diarieducacio.cat\/aprenentatgeservei\/"},{"@type":"ListItem","position":2,"name":"Aprenentatge servei o com arrelar-se al territori"}]},{"@type":"WebSite","@id":"https:\/\/diarieducacio.cat\/aprenentatgeservei\/#website","url":"https:\/\/diarieducacio.cat\/aprenentatgeservei\/","name":"Aps i educaci\u00f3 en valors","description":"","potentialAction":[{"@type":"SearchAction","target":{"@type":"EntryPoint","urlTemplate":"https:\/\/diarieducacio.cat\/aprenentatgeservei\/?s={search_term_string}"},"query-input":{"@type":"PropertyValueSpecification","valueRequired":true,"valueName":"search_term_string"}}],"inLanguage":"ca"},{"@type":"Person","@id":"https:\/\/diarieducacio.cat\/aprenentatgeservei\/#\/schema\/person\/5e09787a0c914794b90d61114ea93eb1","name":"Jos\u00e9 Palos","image":{"@type":"ImageObject","inLanguage":"ca","@id":"https:\/\/diarieducacio.cat\/aprenentatgeservei\/wp-content\/uploads\/sites\/22\/2025\/01\/jose-palos_avatar-96x96.jpg","url":"https:\/\/diarieducacio.cat\/aprenentatgeservei\/wp-content\/uploads\/sites\/22\/2025\/01\/jose-palos_avatar-96x96.jpg","contentUrl":"https:\/\/diarieducacio.cat\/aprenentatgeservei\/wp-content\/uploads\/sites\/22\/2025\/01\/jose-palos_avatar-96x96.jpg","caption":"Jos\u00e9 Palos"},"description":"Mestre i doctor en Geografia Humana","url":"https:\/\/diarieducacio.cat\/aprenentatgeservei\/author\/josepalos\/"}]}},"_links":{"self":[{"href":"https:\/\/diarieducacio.cat\/aprenentatgeservei\/wp-json\/wp\/v2\/posts\/55","targetHints":{"allow":["GET"]}}],"collection":[{"href":"https:\/\/diarieducacio.cat\/aprenentatgeservei\/wp-json\/wp\/v2\/posts"}],"about":[{"href":"https:\/\/diarieducacio.cat\/aprenentatgeservei\/wp-json\/wp\/v2\/types\/post"}],"author":[{"embeddable":true,"href":"https:\/\/diarieducacio.cat\/aprenentatgeservei\/wp-json\/wp\/v2\/users\/385"}],"replies":[{"embeddable":true,"href":"https:\/\/diarieducacio.cat\/aprenentatgeservei\/wp-json\/wp\/v2\/comments?post=55"}],"version-history":[{"count":0,"href":"https:\/\/diarieducacio.cat\/aprenentatgeservei\/wp-json\/wp\/v2\/posts\/55\/revisions"}],"wp:attachment":[{"href":"https:\/\/diarieducacio.cat\/aprenentatgeservei\/wp-json\/wp\/v2\/media?parent=55"}],"wp:term":[{"taxonomy":"category","embeddable":true,"href":"https:\/\/diarieducacio.cat\/aprenentatgeservei\/wp-json\/wp\/v2\/categories?post=55"},{"taxonomy":"post_tag","embeddable":true,"href":"https:\/\/diarieducacio.cat\/aprenentatgeservei\/wp-json\/wp\/v2\/tags?post=55"},{"taxonomy":"tipo","embeddable":true,"href":"https:\/\/diarieducacio.cat\/aprenentatgeservei\/wp-json\/wp\/v2\/tipo?post=55"}],"curies":[{"name":"wp","href":"https:\/\/api.w.org\/{rel}","templated":true}]}}