{"id":557,"date":"2019-06-24T22:27:02","date_gmt":"2019-06-24T22:27:02","guid":{"rendered":"https:\/\/diarieducacio.cat\/aprenentatgeservei\/?p=557"},"modified":"2019-06-24T22:27:02","modified_gmt":"2019-06-24T22:27:02","slug":"ignicio-i-aps","status":"publish","type":"post","link":"https:\/\/diarieducacio.cat\/aprenentatgeservei\/2019\/06\/24\/ignicio-i-aps\/","title":{"rendered":"Ignici\u00f3 i ApS"},"content":{"rendered":"<figure id=\"attachment_558\" aria-describedby=\"caption-attachment-558\" style=\"width: 1203px\" class=\"wp-caption aligncenter\"><a href=\"https:\/\/diarieducacio.cat\/aprenentatgeservei\/wp-content\/uploads\/sites\/19\/2019\/06\/iStock-471574846.jpg\"><img fetchpriority=\"high\" decoding=\"async\" class=\"wp-image-558 size-full\" src=\"https:\/\/diarieducacio.cat\/aprenentatgeservei\/wp-content\/uploads\/sites\/19\/2019\/06\/iStock-471574846.jpg\" alt=\"\" width=\"1203\" height=\"871\" srcset=\"https:\/\/diarieducacio.cat\/aprenentatgeservei\/wp-content\/uploads\/sites\/22\/2019\/06\/iStock-471574846.jpg 1203w, https:\/\/diarieducacio.cat\/aprenentatgeservei\/wp-content\/uploads\/sites\/22\/2019\/06\/iStock-471574846-300x217.jpg 300w, https:\/\/diarieducacio.cat\/aprenentatgeservei\/wp-content\/uploads\/sites\/22\/2019\/06\/iStock-471574846-1024x741.jpg 1024w, https:\/\/diarieducacio.cat\/aprenentatgeservei\/wp-content\/uploads\/sites\/22\/2019\/06\/iStock-471574846-768x556.jpg 768w, https:\/\/diarieducacio.cat\/aprenentatgeservei\/wp-content\/uploads\/sites\/22\/2019\/06\/iStock-471574846-150x109.jpg 150w, https:\/\/diarieducacio.cat\/aprenentatgeservei\/wp-content\/uploads\/sites\/22\/2019\/06\/iStock-471574846-450x326.jpg 450w, https:\/\/diarieducacio.cat\/aprenentatgeservei\/wp-content\/uploads\/sites\/22\/2019\/06\/iStock-471574846-1200x869.jpg 1200w\" sizes=\"(max-width: 1203px) 100vw, 1203px\" \/><\/a><figcaption id=\"caption-attachment-558\" class=\"wp-caption-text\">iStock<\/figcaption><\/figure>\n<p>Imagineu que tenim un motor de combusti\u00f3 convencional, amb combustible a disposici\u00f3 i un disseny que li permet transformar l\u2019energia qu\u00edmica en energia mec\u00e0nica. El tenim acoblat a una caixa amb rodes que anomenem cotxe, un sistema de carreteres per circular i la voluntat de fer un viatge per con\u00e8ixer el pa\u00eds. Ho tenim tot a punt per iniciar un recorregut engrescador, per\u00f2 no podem donar per fet que ho aconseguirem. Per tal que el motor es posi en marxa cal una \u00ednfima per\u00f2 essencial condici\u00f3: una petita font d\u2019energia externa que encengui la barreja de carburant i oxigen. La ignici\u00f3 del motor dep\u00e8n d\u2019una espurna que desencadenar\u00e0 la combusti\u00f3, que despr\u00e9s es mantindr\u00e0 sense la pres\u00e8ncia cont\u00ednua de la guspira inicial. La ignici\u00f3 \u00e9s, doncs, l\u2019acci\u00f3 d\u2019encendre o activar un proc\u00e9s.<\/p>\n<p>El concepte d\u2019ignici\u00f3 s\u2019ha usat de manera metaf\u00f2rica per descriure com l\u2019aparici\u00f3 d\u2019un petit esdeveniment puntual actua damunt les condicions en qu\u00e8 es troba un sistema i desencadena un canvi de gran abast en el seu funcionament. S\u2019ha aplicat sovint en pol\u00edtica per descriure revoltes a partir d\u2019una situaci\u00f3 de malestar i d\u2019un fet detonant. Per\u00f2 tamb\u00e9 recentment en neuroci\u00e8ncia per estudiar la manera com un grup de c\u00e8l\u00b7lules d\u2019una \u00e0rea local del cervell afecten el funcionament global. Crec que la met\u00e0fora de la ignici\u00f3 ens serveix tamb\u00e9 per descriure el repte principal que avui ens planteja l\u2019aprenentatge servei.<\/p>\n<p>L\u2019aprenentatge servei \u00e9s una metodologia educativa que combina el servei a la comunitat amb un conjunt d\u2019aprenentatges acad\u00e8mics i no acad\u00e8mics. De fet, \u00e9s m\u00e9s que una metodologia, \u00e9s tamb\u00e9 una filosofia de l\u2019educaci\u00f3 i una manera de connectar els centres educatius i la comunitat. La hist\u00f2ria de l\u2019aprenentatge servei en el nostre pa\u00eds compr\u00e8n una primera \u00e8poca destinada a donar-lo a con\u00e8ixer i fer les primeres proves, una segona en qu\u00e8 es multipliquen les experi\u00e8ncies i es converteix en pol\u00edtica p\u00fablica, i una tercera preocupada per arrelar-lo de manera sostenible en pobles, ciutats i barris. Per explicar el repte que se\u2019ns planteja en aquesta tercera etapa, el concepte d\u2019ignici\u00f3 pot ajudar-nos a entendre les dificultats que trobem i les possibilitats que tenim a les mans.<\/p>\n<p>L\u2019aprenentatge servei no podr\u00e0 generalitzar-se de manera sostenible si no aconsegueix bastir una xarxa local que connecti els diferents actors implicats en els projectes. En aquests moments comptem amb prou elements per comen\u00e7ar a teixir aquestes xarxes. Tenim una idea clara de qu\u00e8 \u00e9s l\u2019aprenentatge servei, sabem com incorporar-lo en els centres educatius, hi ha experi\u00e8ncies d\u2019\u00e8xit sobre com les entitats socials dissenyen projectes, s\u2019acumulen casos de cooperaci\u00f3 entre centres i entitats, tenim una normativa legal sobre com aplicar l\u2019aprenentatge servei a l\u2019educaci\u00f3 secund\u00e0ria (el Servei Comunitari), hi ha voluntat d\u2019aplicar-lo tamb\u00e9 a d\u2019altres edats i en altres situacions educatives (per exemple, el lleure), hi ha t\u00e8cnics d\u2019educaci\u00f3 i t\u00e8cnics municipals que tenen l\u2019enc\u00e0rrec d\u2019impulsar l\u2019aprenentatge servei, algunes administracions municipals han expressat i fet operativa una clara voluntat pol\u00edtica a favor de l\u2019aprenentatge servei, hi ha educadors i altres persones que s\u2019han implicat m\u00e9s enll\u00e0 de la seva obligaci\u00f3 per fer possible l\u2019arrelament local d\u2019aquesta metodologia, i ben segur que tenim encara altres elements disposats a treballar per l\u2019aprenentatge servei.<\/p>\n<p>Malgrat tot, tenim tamb\u00e9 dificultats per aconseguir que aquests elements es connectin en una xarxa local i es llencin a treballar conjuntament per definir projectes, repetir-los, generalitzar-los i donar-los continu\u00eftat. Tornant a la nostra met\u00e0fora, comptem amb l\u2019autom\u00f2bil, el combustible i la voluntat de viatjar, per\u00f2 ens falta l\u2019empenta inicial: la ignici\u00f3 del motor perqu\u00e8 comenci la combusti\u00f3 i el moviment. En el cas de l\u2019aprenentatge servei, tenim prou elements per bastir i fer funcionar una xarxa que l\u2019implanti localment amb garanties, per\u00f2 costa activar la xarxa. La pregunta que ens fem \u00e9s evident: Qu\u00e8 falta per aconseguir que arrenquin les xarxes locals d\u2019aprenentatge servei? Quin tipus d\u2019espurna aconseguiria connectar i moure les xarxes? Quines accions afavoririen que els elements a favor de l\u2019aprenentatge servei entrin en ignici\u00f3? Com articulem els elements disponibles per implantar localment l\u2019aprenentatge servei?<\/p>\n<p>Sembla que de la mateixa manera que un motor requereix una petita aportaci\u00f3 d\u2019energia exterior per entrar en ignici\u00f3 i funcionar, als elements de la xarxa de l\u2019aprenentatge servei tamb\u00e9 els cal una intervenci\u00f3 exterior, limitada per\u00f2 prou intensa, que ajudi a posar en marxa la xarxa, i que un cop acabada la feina pugui retirar-se perqu\u00e8 la xarxa sola segueixi funcionant sense aturar-se. Si volem una xarxa per a l\u2019aprenentatge servei no podem confiar que disposar dels elements sigui suficient per tenir-la realment. \u00c9s necessari afegir una intervenci\u00f3 singular que ajudi a cohesionar-la i l\u2019activi. Aquest \u00e9s el cam\u00ed que han recorregut les experi\u00e8ncies locals m\u00e9s exitoses.<\/p>\n<p>Aquesta espurna o intervenci\u00f3 exterior, que no \u00e9s per sempre i que intenta fer emergir les qualitats d\u2019una xarxa, no consisteix en una formaci\u00f3 convencional centrada a impartir un curs i explicar un conjunt d\u2019idees, sin\u00f3 que actua com un l\u00edder facilitador que, amb t\u00e8cniques pr\u00f2pies de l\u2019assessorament educatiu, l\u2019acci\u00f3 comunit\u00e0ria, l\u2019animaci\u00f3 sociocultural o la intervenci\u00f3 social, ajuda a fer que siguin els actors locals els que vagin construint per si mateixos la seva xarxa per a l\u2019aprenentatge servei. No \u00e9s el moment aqu\u00ed d\u2019explicar els principis, les estrat\u00e8gies i les t\u00e8cniques que es poden utilitzar per impulsar aquest proc\u00e9s d\u2019apoderament de les forces locals. Per\u00f2 s\u00ed per afirmar que poden ser l\u2019espurna que activi la ignici\u00f3 de la xarxa local de l\u2019aprenentatge servei. Per tant, i per acabar, podem formular la hip\u00f2tesi que voldr\u00edem sotmetre a debat: per activar una xarxa local que arreli i faci sostenible l\u2019aprenentatge servei sovint \u00e9s necess\u00e0ria una intervenci\u00f3 temporal de persones externes que, actuant com a l\u00edders facilitadors, ajudin a activar i cohesionar les forces locals a favor de l\u2019aprenentatge servei.<\/p>\n","protected":false},"excerpt":{"rendered":"<p>L\u2019aprenentatge servei no podr\u00e0 generalitzar-se de manera sostenible si no aconsegueix bastir una xarxa local que connecti els diferents actors implicats en els projectes. Comptem amb prou elements per comen\u00e7ar a teixir aquestes xarxes.<\/p>\n","protected":false},"author":73,"featured_media":0,"comment_status":"open","ping_status":"open","sticky":false,"template":"","format":"standard","meta":{"footnotes":""},"categories":[2],"tags":[],"tipo":[],"class_list":{"0":"post-557","1":"post","2":"type-post","3":"status-publish","4":"format-standard","6":"category-general"},"yoast_head":"<!-- This site is optimized with the Yoast SEO plugin v27.4 - https:\/\/yoast.com\/product\/yoast-seo-wordpress\/ -->\n<title>Ignici\u00f3 i ApS - Aps i educaci\u00f3 en valors<\/title>\n<meta name=\"robots\" content=\"index, follow, max-snippet:-1, max-image-preview:large, max-video-preview:-1\" \/>\n<link rel=\"canonical\" href=\"https:\/\/diarieducacio.cat\/aprenentatgeservei\/2019\/06\/24\/ignicio-i-aps\/\" \/>\n<meta property=\"og:locale\" content=\"ca_ES\" \/>\n<meta property=\"og:type\" content=\"article\" \/>\n<meta property=\"og:title\" content=\"Ignici\u00f3 i ApS - Aps i educaci\u00f3 en valors\" \/>\n<meta property=\"og:description\" content=\"L\u2019aprenentatge servei no podr\u00e0 generalitzar-se de manera sostenible si no aconsegueix bastir una xarxa local que connecti els diferents actors implicats en els projectes. Comptem amb prou elements per comen\u00e7ar a teixir aquestes xarxes.\" \/>\n<meta property=\"og:url\" content=\"https:\/\/diarieducacio.cat\/aprenentatgeservei\/2019\/06\/24\/ignicio-i-aps\/\" \/>\n<meta property=\"og:site_name\" content=\"Aps i educaci\u00f3 en valors\" \/>\n<meta property=\"article:publisher\" content=\"https:\/\/www.facebook.com\/diarieducacio\/\" \/>\n<meta property=\"article:published_time\" content=\"2019-06-24T22:27:02+00:00\" \/>\n<meta property=\"og:image\" content=\"https:\/\/diarieducacio.cat\/aprenentatgeservei\/wp-content\/uploads\/sites\/22\/2019\/06\/iStock-471574846.jpg\" \/>\n\t<meta property=\"og:image:width\" content=\"1203\" \/>\n\t<meta property=\"og:image:height\" content=\"871\" \/>\n\t<meta property=\"og:image:type\" content=\"image\/jpeg\" \/>\n<meta name=\"author\" content=\"Josep M. Puig Rovira\" \/>\n<meta name=\"twitter:card\" content=\"summary_large_image\" \/>\n<meta name=\"twitter:creator\" content=\"@DiariEducacio\" \/>\n<meta name=\"twitter:site\" content=\"@DiariEducacio\" \/>\n<meta name=\"twitter:label1\" content=\"Escrit per\" \/>\n\t<meta name=\"twitter:data1\" content=\"Josep M. Puig Rovira\" \/>\n\t<meta name=\"twitter:label2\" content=\"Temps estimat de lectura\" \/>\n\t<meta name=\"twitter:data2\" content=\"5 minuts\" \/>\n<script type=\"application\/ld+json\" class=\"yoast-schema-graph\">{\"@context\":\"https:\\\/\\\/schema.org\",\"@graph\":[{\"@type\":\"Article\",\"@id\":\"https:\\\/\\\/diarieducacio.cat\\\/aprenentatgeservei\\\/2019\\\/06\\\/24\\\/ignicio-i-aps\\\/#article\",\"isPartOf\":{\"@id\":\"https:\\\/\\\/diarieducacio.cat\\\/aprenentatgeservei\\\/2019\\\/06\\\/24\\\/ignicio-i-aps\\\/\"},\"author\":{\"name\":\"Josep M. Puig Rovira\",\"@id\":\"https:\\\/\\\/diarieducacio.cat\\\/aprenentatgeservei\\\/#\\\/schema\\\/person\\\/fc13b9dd574cf3272c07dea1fa7b8877\"},\"headline\":\"Ignici\u00f3 i ApS\",\"datePublished\":\"2019-06-24T22:27:02+00:00\",\"mainEntityOfPage\":{\"@id\":\"https:\\\/\\\/diarieducacio.cat\\\/aprenentatgeservei\\\/2019\\\/06\\\/24\\\/ignicio-i-aps\\\/\"},\"wordCount\":1072,\"commentCount\":0,\"image\":{\"@id\":\"https:\\\/\\\/diarieducacio.cat\\\/aprenentatgeservei\\\/2019\\\/06\\\/24\\\/ignicio-i-aps\\\/#primaryimage\"},\"thumbnailUrl\":\"https:\\\/\\\/diarieducacio.cat\\\/aprenentatgeservei\\\/wp-content\\\/uploads\\\/sites\\\/19\\\/2019\\\/06\\\/iStock-471574846.jpg\",\"articleSection\":[\"General\"],\"inLanguage\":\"ca\",\"potentialAction\":[{\"@type\":\"CommentAction\",\"name\":\"Comment\",\"target\":[\"https:\\\/\\\/diarieducacio.cat\\\/aprenentatgeservei\\\/2019\\\/06\\\/24\\\/ignicio-i-aps\\\/#respond\"]}]},{\"@type\":\"WebPage\",\"@id\":\"https:\\\/\\\/diarieducacio.cat\\\/aprenentatgeservei\\\/2019\\\/06\\\/24\\\/ignicio-i-aps\\\/\",\"url\":\"https:\\\/\\\/diarieducacio.cat\\\/aprenentatgeservei\\\/2019\\\/06\\\/24\\\/ignicio-i-aps\\\/\",\"name\":\"Ignici\u00f3 i ApS - Aps i educaci\u00f3 en valors\",\"isPartOf\":{\"@id\":\"https:\\\/\\\/diarieducacio.cat\\\/aprenentatgeservei\\\/#website\"},\"primaryImageOfPage\":{\"@id\":\"https:\\\/\\\/diarieducacio.cat\\\/aprenentatgeservei\\\/2019\\\/06\\\/24\\\/ignicio-i-aps\\\/#primaryimage\"},\"image\":{\"@id\":\"https:\\\/\\\/diarieducacio.cat\\\/aprenentatgeservei\\\/2019\\\/06\\\/24\\\/ignicio-i-aps\\\/#primaryimage\"},\"thumbnailUrl\":\"https:\\\/\\\/diarieducacio.cat\\\/aprenentatgeservei\\\/wp-content\\\/uploads\\\/sites\\\/19\\\/2019\\\/06\\\/iStock-471574846.jpg\",\"datePublished\":\"2019-06-24T22:27:02+00:00\",\"author\":{\"@id\":\"https:\\\/\\\/diarieducacio.cat\\\/aprenentatgeservei\\\/#\\\/schema\\\/person\\\/fc13b9dd574cf3272c07dea1fa7b8877\"},\"breadcrumb\":{\"@id\":\"https:\\\/\\\/diarieducacio.cat\\\/aprenentatgeservei\\\/2019\\\/06\\\/24\\\/ignicio-i-aps\\\/#breadcrumb\"},\"inLanguage\":\"ca\",\"potentialAction\":[{\"@type\":\"ReadAction\",\"target\":[\"https:\\\/\\\/diarieducacio.cat\\\/aprenentatgeservei\\\/2019\\\/06\\\/24\\\/ignicio-i-aps\\\/\"]}]},{\"@type\":\"ImageObject\",\"inLanguage\":\"ca\",\"@id\":\"https:\\\/\\\/diarieducacio.cat\\\/aprenentatgeservei\\\/2019\\\/06\\\/24\\\/ignicio-i-aps\\\/#primaryimage\",\"url\":\"https:\\\/\\\/diarieducacio.cat\\\/aprenentatgeservei\\\/wp-content\\\/uploads\\\/sites\\\/19\\\/2019\\\/06\\\/iStock-471574846.jpg\",\"contentUrl\":\"https:\\\/\\\/diarieducacio.cat\\\/aprenentatgeservei\\\/wp-content\\\/uploads\\\/sites\\\/19\\\/2019\\\/06\\\/iStock-471574846.jpg\"},{\"@type\":\"BreadcrumbList\",\"@id\":\"https:\\\/\\\/diarieducacio.cat\\\/aprenentatgeservei\\\/2019\\\/06\\\/24\\\/ignicio-i-aps\\\/#breadcrumb\",\"itemListElement\":[{\"@type\":\"ListItem\",\"position\":1,\"name\":\"Inici\",\"item\":\"https:\\\/\\\/diarieducacio.cat\\\/aprenentatgeservei\\\/\"},{\"@type\":\"ListItem\",\"position\":2,\"name\":\"Ignici\u00f3 i ApS\"}]},{\"@type\":\"WebSite\",\"@id\":\"https:\\\/\\\/diarieducacio.cat\\\/aprenentatgeservei\\\/#website\",\"url\":\"https:\\\/\\\/diarieducacio.cat\\\/aprenentatgeservei\\\/\",\"name\":\"Aps i educaci\u00f3 en valors\",\"description\":\"\",\"potentialAction\":[{\"@type\":\"SearchAction\",\"target\":{\"@type\":\"EntryPoint\",\"urlTemplate\":\"https:\\\/\\\/diarieducacio.cat\\\/aprenentatgeservei\\\/?s={search_term_string}\"},\"query-input\":{\"@type\":\"PropertyValueSpecification\",\"valueRequired\":true,\"valueName\":\"search_term_string\"}}],\"inLanguage\":\"ca\"},{\"@type\":\"Person\",\"@id\":\"https:\\\/\\\/diarieducacio.cat\\\/aprenentatgeservei\\\/#\\\/schema\\\/person\\\/fc13b9dd574cf3272c07dea1fa7b8877\",\"name\":\"Josep M. Puig Rovira\",\"image\":{\"@type\":\"ImageObject\",\"inLanguage\":\"ca\",\"@id\":\"https:\\\/\\\/diarieducacio.cat\\\/wp-content\\\/uploads\\\/2024\\\/11\\\/josep-m.-puig-rovira_avatar-96x96.jpg\",\"url\":\"https:\\\/\\\/diarieducacio.cat\\\/wp-content\\\/uploads\\\/2024\\\/11\\\/josep-m.-puig-rovira_avatar-96x96.jpg\",\"contentUrl\":\"https:\\\/\\\/diarieducacio.cat\\\/wp-content\\\/uploads\\\/2024\\\/11\\\/josep-m.-puig-rovira_avatar-96x96.jpg\",\"caption\":\"Josep M. Puig Rovira\"},\"description\":\"Catedr\u00e0tic de teoria de l'educaci\u00f3 de la Facultat d'Educaci\u00f3 de la UB i membre del GREM (Grup de Recerca en Educaci\u00f3 Moral)\",\"url\":\"https:\\\/\\\/diarieducacio.cat\\\/aprenentatgeservei\\\/author\\\/jpuig\\\/\"}]}<\/script>\n<!-- \/ Yoast SEO plugin. -->","yoast_head_json":{"title":"Ignici\u00f3 i ApS - Aps i educaci\u00f3 en valors","robots":{"index":"index","follow":"follow","max-snippet":"max-snippet:-1","max-image-preview":"max-image-preview:large","max-video-preview":"max-video-preview:-1"},"canonical":"https:\/\/diarieducacio.cat\/aprenentatgeservei\/2019\/06\/24\/ignicio-i-aps\/","og_locale":"ca_ES","og_type":"article","og_title":"Ignici\u00f3 i ApS - Aps i educaci\u00f3 en valors","og_description":"L\u2019aprenentatge servei no podr\u00e0 generalitzar-se de manera sostenible si no aconsegueix bastir una xarxa local que connecti els diferents actors implicats en els projectes. Comptem amb prou elements per comen\u00e7ar a teixir aquestes xarxes.","og_url":"https:\/\/diarieducacio.cat\/aprenentatgeservei\/2019\/06\/24\/ignicio-i-aps\/","og_site_name":"Aps i educaci\u00f3 en valors","article_publisher":"https:\/\/www.facebook.com\/diarieducacio\/","article_published_time":"2019-06-24T22:27:02+00:00","og_image":[{"width":1203,"height":871,"url":"https:\/\/diarieducacio.cat\/aprenentatgeservei\/wp-content\/uploads\/sites\/22\/2019\/06\/iStock-471574846.jpg","type":"image\/jpeg"}],"author":"Josep M. Puig Rovira","twitter_card":"summary_large_image","twitter_creator":"@DiariEducacio","twitter_site":"@DiariEducacio","twitter_misc":{"Escrit per":"Josep M. Puig Rovira","Temps estimat de lectura":"5 minuts"},"schema":{"@context":"https:\/\/schema.org","@graph":[{"@type":"Article","@id":"https:\/\/diarieducacio.cat\/aprenentatgeservei\/2019\/06\/24\/ignicio-i-aps\/#article","isPartOf":{"@id":"https:\/\/diarieducacio.cat\/aprenentatgeservei\/2019\/06\/24\/ignicio-i-aps\/"},"author":{"name":"Josep M. Puig Rovira","@id":"https:\/\/diarieducacio.cat\/aprenentatgeservei\/#\/schema\/person\/fc13b9dd574cf3272c07dea1fa7b8877"},"headline":"Ignici\u00f3 i ApS","datePublished":"2019-06-24T22:27:02+00:00","mainEntityOfPage":{"@id":"https:\/\/diarieducacio.cat\/aprenentatgeservei\/2019\/06\/24\/ignicio-i-aps\/"},"wordCount":1072,"commentCount":0,"image":{"@id":"https:\/\/diarieducacio.cat\/aprenentatgeservei\/2019\/06\/24\/ignicio-i-aps\/#primaryimage"},"thumbnailUrl":"https:\/\/diarieducacio.cat\/aprenentatgeservei\/wp-content\/uploads\/sites\/19\/2019\/06\/iStock-471574846.jpg","articleSection":["General"],"inLanguage":"ca","potentialAction":[{"@type":"CommentAction","name":"Comment","target":["https:\/\/diarieducacio.cat\/aprenentatgeservei\/2019\/06\/24\/ignicio-i-aps\/#respond"]}]},{"@type":"WebPage","@id":"https:\/\/diarieducacio.cat\/aprenentatgeservei\/2019\/06\/24\/ignicio-i-aps\/","url":"https:\/\/diarieducacio.cat\/aprenentatgeservei\/2019\/06\/24\/ignicio-i-aps\/","name":"Ignici\u00f3 i ApS - Aps i educaci\u00f3 en valors","isPartOf":{"@id":"https:\/\/diarieducacio.cat\/aprenentatgeservei\/#website"},"primaryImageOfPage":{"@id":"https:\/\/diarieducacio.cat\/aprenentatgeservei\/2019\/06\/24\/ignicio-i-aps\/#primaryimage"},"image":{"@id":"https:\/\/diarieducacio.cat\/aprenentatgeservei\/2019\/06\/24\/ignicio-i-aps\/#primaryimage"},"thumbnailUrl":"https:\/\/diarieducacio.cat\/aprenentatgeservei\/wp-content\/uploads\/sites\/19\/2019\/06\/iStock-471574846.jpg","datePublished":"2019-06-24T22:27:02+00:00","author":{"@id":"https:\/\/diarieducacio.cat\/aprenentatgeservei\/#\/schema\/person\/fc13b9dd574cf3272c07dea1fa7b8877"},"breadcrumb":{"@id":"https:\/\/diarieducacio.cat\/aprenentatgeservei\/2019\/06\/24\/ignicio-i-aps\/#breadcrumb"},"inLanguage":"ca","potentialAction":[{"@type":"ReadAction","target":["https:\/\/diarieducacio.cat\/aprenentatgeservei\/2019\/06\/24\/ignicio-i-aps\/"]}]},{"@type":"ImageObject","inLanguage":"ca","@id":"https:\/\/diarieducacio.cat\/aprenentatgeservei\/2019\/06\/24\/ignicio-i-aps\/#primaryimage","url":"https:\/\/diarieducacio.cat\/aprenentatgeservei\/wp-content\/uploads\/sites\/19\/2019\/06\/iStock-471574846.jpg","contentUrl":"https:\/\/diarieducacio.cat\/aprenentatgeservei\/wp-content\/uploads\/sites\/19\/2019\/06\/iStock-471574846.jpg"},{"@type":"BreadcrumbList","@id":"https:\/\/diarieducacio.cat\/aprenentatgeservei\/2019\/06\/24\/ignicio-i-aps\/#breadcrumb","itemListElement":[{"@type":"ListItem","position":1,"name":"Inici","item":"https:\/\/diarieducacio.cat\/aprenentatgeservei\/"},{"@type":"ListItem","position":2,"name":"Ignici\u00f3 i ApS"}]},{"@type":"WebSite","@id":"https:\/\/diarieducacio.cat\/aprenentatgeservei\/#website","url":"https:\/\/diarieducacio.cat\/aprenentatgeservei\/","name":"Aps i educaci\u00f3 en valors","description":"","potentialAction":[{"@type":"SearchAction","target":{"@type":"EntryPoint","urlTemplate":"https:\/\/diarieducacio.cat\/aprenentatgeservei\/?s={search_term_string}"},"query-input":{"@type":"PropertyValueSpecification","valueRequired":true,"valueName":"search_term_string"}}],"inLanguage":"ca"},{"@type":"Person","@id":"https:\/\/diarieducacio.cat\/aprenentatgeservei\/#\/schema\/person\/fc13b9dd574cf3272c07dea1fa7b8877","name":"Josep M. Puig Rovira","image":{"@type":"ImageObject","inLanguage":"ca","@id":"https:\/\/diarieducacio.cat\/wp-content\/uploads\/2024\/11\/josep-m.-puig-rovira_avatar-96x96.jpg","url":"https:\/\/diarieducacio.cat\/wp-content\/uploads\/2024\/11\/josep-m.-puig-rovira_avatar-96x96.jpg","contentUrl":"https:\/\/diarieducacio.cat\/wp-content\/uploads\/2024\/11\/josep-m.-puig-rovira_avatar-96x96.jpg","caption":"Josep M. Puig Rovira"},"description":"Catedr\u00e0tic de teoria de l'educaci\u00f3 de la Facultat d'Educaci\u00f3 de la UB i membre del GREM (Grup de Recerca en Educaci\u00f3 Moral)","url":"https:\/\/diarieducacio.cat\/aprenentatgeservei\/author\/jpuig\/"}]}},"_links":{"self":[{"href":"https:\/\/diarieducacio.cat\/aprenentatgeservei\/wp-json\/wp\/v2\/posts\/557","targetHints":{"allow":["GET"]}}],"collection":[{"href":"https:\/\/diarieducacio.cat\/aprenentatgeservei\/wp-json\/wp\/v2\/posts"}],"about":[{"href":"https:\/\/diarieducacio.cat\/aprenentatgeservei\/wp-json\/wp\/v2\/types\/post"}],"author":[{"embeddable":true,"href":"https:\/\/diarieducacio.cat\/aprenentatgeservei\/wp-json\/wp\/v2\/users\/73"}],"replies":[{"embeddable":true,"href":"https:\/\/diarieducacio.cat\/aprenentatgeservei\/wp-json\/wp\/v2\/comments?post=557"}],"version-history":[{"count":0,"href":"https:\/\/diarieducacio.cat\/aprenentatgeservei\/wp-json\/wp\/v2\/posts\/557\/revisions"}],"wp:attachment":[{"href":"https:\/\/diarieducacio.cat\/aprenentatgeservei\/wp-json\/wp\/v2\/media?parent=557"}],"wp:term":[{"taxonomy":"category","embeddable":true,"href":"https:\/\/diarieducacio.cat\/aprenentatgeservei\/wp-json\/wp\/v2\/categories?post=557"},{"taxonomy":"post_tag","embeddable":true,"href":"https:\/\/diarieducacio.cat\/aprenentatgeservei\/wp-json\/wp\/v2\/tags?post=557"},{"taxonomy":"tipo","embeddable":true,"href":"https:\/\/diarieducacio.cat\/aprenentatgeservei\/wp-json\/wp\/v2\/tipo?post=557"}],"curies":[{"name":"wp","href":"https:\/\/api.w.org\/{rel}","templated":true}]}}