{"id":566,"date":"2019-10-16T22:43:34","date_gmt":"2019-10-16T22:43:34","guid":{"rendered":"https:\/\/diarieducacio.cat\/aprenentatgeservei\/?p=566"},"modified":"2019-10-16T22:43:34","modified_gmt":"2019-10-16T22:43:34","slug":"la-cura-dun-mateix-la-cura-de-laltre-i-leducacio-de-la-responsabilitat","status":"publish","type":"post","link":"https:\/\/diarieducacio.cat\/aprenentatgeservei\/2019\/10\/16\/la-cura-dun-mateix-la-cura-de-laltre-i-leducacio-de-la-responsabilitat\/","title":{"rendered":"La cura d&#8217;un mateix, la cura de l\u2019altre i l\u2019educaci\u00f3 de la responsabilitat"},"content":{"rendered":"<p><a href=\"https:\/\/diarieducacio.cat\/aprenentatgeservei\/wp-content\/uploads\/sites\/19\/2019\/10\/073_converted-1.jpg\"><\/a><\/p>\n<p>Una de les propostes del <a href=\"https:\/\/diarieducacio.cat\/aprenentatgeservei\/2018\/10\/08\/manifest-per-una-educacio-democratica-en-valors\/\">Manifest per una educaci\u00f3 democr\u00e0tica en valors<\/a> fet p\u00fablic ara fa un any es refereix a la promoci\u00f3 d\u2019un \u00fas responsable i cr\u00edtic dels recursos i eines digitals i dels mitjans de comunicaci\u00f3. Afirma que avui internet i els mitjans tenen un paper essencial en la formaci\u00f3 dels m\u00e9s joves i que aquests no s\u00f3n sempre espais democr\u00e0tics, ni els continguts que circulen s\u00f3n sempre vera\u00e7os i respectuosos. Cal garantir que l\u2019educaci\u00f3 prepari per comprendre cr\u00edticament la informaci\u00f3 disponible i\u00a0 tenir criteri propi.<\/p>\n<p>Les xarxes socials ens posen en contacte amb persones de diferents llocs, edats i maneres de pensar i fer, ens obre a un m\u00f3n de diversitat ric. Per\u00f2 tamb\u00e9 \u00e9s cert que obre un gran finestral on \u00e9s f\u00e0cil que les persones construeixin conviccions i prefer\u00e8ncies polaritzades a partir del que diuen o pensen els que m\u00e9s pres\u00e8ncia tenen. Tamb\u00e9 generant cercles de confian\u00e7a m\u00fatua que sens dubte poden ser virtuosos i positius per\u00f2 que tamb\u00e9 poden generar relacions de dominaci\u00f3, contr\u00e0ries al respecte a la nostra singularitat. Del que tracta l\u2019educaci\u00f3 en valors \u00e9s de propiciar les condicions perqu\u00e8 cada persona pugui compartir lliurement i crear valors, no perdre\u2019s en el que <em>es diu<\/em> o <em>es fa<\/em>, tenir criteri propi i saber discernir. I cal educar per fer-ho de manera \u00e8ticament responsable, entenent el terme responsabilitat en el sentit que li d\u00f3na Levinas com generada per la interpel\u00b7laci\u00f3 \u00e8tica de l\u2019altre.<\/p>\n<p>Des de l&#8217;educaci\u00f3 en valors i per la ciutadania defensem el conreu de l&#8217;autonomia i del sentit de pertinen\u00e7a, de la persona i la comunitat. Per\u00f2 solament amb sentit de pertinen\u00e7a i autonomia la hist\u00f2ria demostra que no s\u2019eviten ni els totalitarismes ni els populismes, ni podrem evitar els efectes perversos de les noves formes de repressi\u00f3 i anul\u00b7laci\u00f3 de la subjectivitat com s\u00f3n els derivats, per exemple, de la <em>postveritat<\/em> i del biopoder. Cal fer un \u00e8mfasi especial en l\u2019educaci\u00f3 de la responsabilitat que ha de fer possible fer-se c\u00e0rrec i tenir cura de l\u2019altre i cura d\u2019un mateix, respectar la dignitat i cercar el b\u00e9 com\u00fa.<\/p>\n<p>Cal tenir cura d\u2019un mateix i rebutjar tot intent de ser tractat com a objectes i de perdre la nostra subjectivitat. Cal aprendre a saber no acceptar cap relaci\u00f3 abusiva de poder que falti al respecte i minvi la dignitat i la llibertat que com a persones tenim. I tamb\u00e9 a resistir davant dels efectes de la manipulaci\u00f3 informativa que mostren veritats que no ho s\u00f3n, aprofitant la manca de capacitat critica i d\u2019inter\u00e8s per saber de la ciutadania.<\/p>\n<p>Per aix\u00f2 \u00e9s important educar, per tal de ser agents actius en la cura d\u2019un mateix en aquest m\u00f3n on, per exemple, les relacions de poder abusives entre les persones en forma de viol\u00e8ncia supremacista estan presents des d\u2019edats molt primerenques, la manca de respecte als drets b\u00e0sics de ciutadania \u2013els comportaments d\u2019alguns col\u00b7lectius i governs envers les persones migrants\u2013 s\u2019ha convertit en una not\u00edcia m\u00e9s, o l\u2019exercici de poder pol\u00edtic i econ\u00f2mic ignora la dignitat de les persones i integra l&#8217;aporof\u00f2bia com a mals menors de la nostra societat.<\/p>\n<p>Cal pensament cr\u00edtic per desmuntar els discursos i arguments de tot all\u00f2 que es presenta com a veritat i no ho \u00e9s, desfer les falses relacions d\u2019afecte i estima que amaguen relacions de dominaci\u00f3 i submissi\u00f3 entre persones, i aprendre a argumentar amb qualitat, determinaci\u00f3, respecte i desafiament si cal, per resistir i respondre davant de situacions que ens depreci\u00efn com a subjectes de drets, deures i sentiments.<\/p>\n<p>Cal educar en valors oferint recursos per denunciar la falta de drets, indignar-nos i reaccionar quan som v\u00edctimes d\u2019un tracte no respectu\u00f3s, i per ser \u00e8ticament responsables. L\u2019objectiu \u00e9s formar persones ciutadanes curoses de la cura d\u2019un mateix, resistents a tot intent de dominaci\u00f3 que sense afeblir la seva identitat ni renunciar a la seva autonomia siguin capaces de comprometre\u2019s en projectes comuns.<\/p>\n<p>Cal insistir en la rellev\u00e0ncia de la cura d\u2019un mateix i fer-ho des de l\u2019educaci\u00f3 de la responsabilitat, que \u00e9s la clau de l\u2019educaci\u00f3 en valors i per la ciutadania. Educar per l\u2019exercici d\u2019una responsabilitat \u00e8tica i reflexiva com a fonament de l&#8217;educaci\u00f3 de l\u2019autonomia, la pertinen\u00e7a a la comunitat, i la cura d\u2019un mateix.<\/p>\n","protected":false},"excerpt":{"rendered":"<p>Cal educar en valors oferint recursos per denunciar la falta de drets, indignar-nos i reaccionar quan som v\u00edctimes d\u2019un tracte no respectu\u00f3s. L\u2019objectiu \u00e9s formar persones resistents a tot intent de dominaci\u00f3 que siguin capaces de comprometre\u2019s en projectes comuns.<\/p>\n","protected":false},"author":404,"featured_media":1823,"comment_status":"open","ping_status":"open","sticky":false,"template":"","format":"standard","meta":{"footnotes":""},"categories":[2],"tags":[],"tipo":[],"class_list":{"0":"post-566","1":"post","2":"type-post","3":"status-publish","4":"format-standard","5":"has-post-thumbnail","7":"category-general"},"yoast_head":"<!-- This site is optimized with the Yoast SEO plugin v27.4 - https:\/\/yoast.com\/product\/yoast-seo-wordpress\/ -->\n<title>La cura d&#039;un mateix, la cura de l\u2019altre i l\u2019educaci\u00f3 de la responsabilitat - Aps i educaci\u00f3 en valors<\/title>\n<meta name=\"robots\" content=\"index, follow, max-snippet:-1, max-image-preview:large, max-video-preview:-1\" \/>\n<link rel=\"canonical\" href=\"https:\/\/diarieducacio.cat\/aprenentatgeservei\/2019\/10\/16\/la-cura-dun-mateix-la-cura-de-laltre-i-leducacio-de-la-responsabilitat\/\" \/>\n<meta property=\"og:locale\" content=\"ca_ES\" \/>\n<meta property=\"og:type\" content=\"article\" \/>\n<meta property=\"og:title\" content=\"La cura d&#039;un mateix, la cura de l\u2019altre i l\u2019educaci\u00f3 de la responsabilitat - Aps i educaci\u00f3 en valors\" \/>\n<meta property=\"og:description\" content=\"Cal educar en valors oferint recursos per denunciar la falta de drets, indignar-nos i reaccionar quan som v\u00edctimes d\u2019un tracte no respectu\u00f3s. L\u2019objectiu \u00e9s formar persones resistents a tot intent de dominaci\u00f3 que siguin capaces de comprometre\u2019s en projectes comuns.\" \/>\n<meta property=\"og:url\" content=\"https:\/\/diarieducacio.cat\/aprenentatgeservei\/2019\/10\/16\/la-cura-dun-mateix-la-cura-de-laltre-i-leducacio-de-la-responsabilitat\/\" \/>\n<meta property=\"og:site_name\" content=\"Aps i educaci\u00f3 en valors\" \/>\n<meta property=\"article:publisher\" content=\"https:\/\/www.facebook.com\/diarieducacio\/\" \/>\n<meta property=\"article:published_time\" content=\"2019-10-16T22:43:34+00:00\" \/>\n<meta property=\"og:image\" content=\"https:\/\/diarieducacio.cat\/aprenentatgeservei\/wp-content\/uploads\/sites\/22\/2019\/10\/073_converted-1.jpg\" \/>\n\t<meta property=\"og:image:width\" content=\"1359\" \/>\n\t<meta property=\"og:image:height\" content=\"776\" \/>\n\t<meta property=\"og:image:type\" content=\"image\/jpeg\" \/>\n<meta name=\"author\" content=\"Miquel Mart\u00ednez\" \/>\n<meta name=\"twitter:card\" content=\"summary_large_image\" \/>\n<meta name=\"twitter:creator\" content=\"@DiariEducacio\" \/>\n<meta name=\"twitter:site\" content=\"@DiariEducacio\" \/>\n<meta name=\"twitter:label1\" content=\"Escrit per\" \/>\n\t<meta name=\"twitter:data1\" content=\"Miquel Mart\u00ednez\" \/>\n\t<meta name=\"twitter:label2\" content=\"Temps estimat de lectura\" \/>\n\t<meta name=\"twitter:data2\" content=\"4 minuts\" \/>\n<script type=\"application\/ld+json\" class=\"yoast-schema-graph\">{\"@context\":\"https:\\\/\\\/schema.org\",\"@graph\":[{\"@type\":\"Article\",\"@id\":\"https:\\\/\\\/diarieducacio.cat\\\/aprenentatgeservei\\\/2019\\\/10\\\/16\\\/la-cura-dun-mateix-la-cura-de-laltre-i-leducacio-de-la-responsabilitat\\\/#article\",\"isPartOf\":{\"@id\":\"https:\\\/\\\/diarieducacio.cat\\\/aprenentatgeservei\\\/2019\\\/10\\\/16\\\/la-cura-dun-mateix-la-cura-de-laltre-i-leducacio-de-la-responsabilitat\\\/\"},\"author\":{\"name\":\"Miquel Mart\u00ednez\",\"@id\":\"https:\\\/\\\/diarieducacio.cat\\\/aprenentatgeservei\\\/#\\\/schema\\\/person\\\/3a978cb0728662d923325017f0651fd6\"},\"headline\":\"La cura d&#8217;un mateix, la cura de l\u2019altre i l\u2019educaci\u00f3 de la responsabilitat\",\"datePublished\":\"2019-10-16T22:43:34+00:00\",\"mainEntityOfPage\":{\"@id\":\"https:\\\/\\\/diarieducacio.cat\\\/aprenentatgeservei\\\/2019\\\/10\\\/16\\\/la-cura-dun-mateix-la-cura-de-laltre-i-leducacio-de-la-responsabilitat\\\/\"},\"wordCount\":793,\"commentCount\":0,\"image\":{\"@id\":\"https:\\\/\\\/diarieducacio.cat\\\/aprenentatgeservei\\\/2019\\\/10\\\/16\\\/la-cura-dun-mateix-la-cura-de-laltre-i-leducacio-de-la-responsabilitat\\\/#primaryimage\"},\"thumbnailUrl\":\"https:\\\/\\\/diarieducacio.cat\\\/aprenentatgeservei\\\/wp-content\\\/uploads\\\/sites\\\/22\\\/2019\\\/10\\\/073_converted-1.jpg\",\"articleSection\":[\"General\"],\"inLanguage\":\"ca\",\"potentialAction\":[{\"@type\":\"CommentAction\",\"name\":\"Comment\",\"target\":[\"https:\\\/\\\/diarieducacio.cat\\\/aprenentatgeservei\\\/2019\\\/10\\\/16\\\/la-cura-dun-mateix-la-cura-de-laltre-i-leducacio-de-la-responsabilitat\\\/#respond\"]}]},{\"@type\":\"WebPage\",\"@id\":\"https:\\\/\\\/diarieducacio.cat\\\/aprenentatgeservei\\\/2019\\\/10\\\/16\\\/la-cura-dun-mateix-la-cura-de-laltre-i-leducacio-de-la-responsabilitat\\\/\",\"url\":\"https:\\\/\\\/diarieducacio.cat\\\/aprenentatgeservei\\\/2019\\\/10\\\/16\\\/la-cura-dun-mateix-la-cura-de-laltre-i-leducacio-de-la-responsabilitat\\\/\",\"name\":\"La cura d'un mateix, la cura de l\u2019altre i l\u2019educaci\u00f3 de la responsabilitat - Aps i educaci\u00f3 en valors\",\"isPartOf\":{\"@id\":\"https:\\\/\\\/diarieducacio.cat\\\/aprenentatgeservei\\\/#website\"},\"primaryImageOfPage\":{\"@id\":\"https:\\\/\\\/diarieducacio.cat\\\/aprenentatgeservei\\\/2019\\\/10\\\/16\\\/la-cura-dun-mateix-la-cura-de-laltre-i-leducacio-de-la-responsabilitat\\\/#primaryimage\"},\"image\":{\"@id\":\"https:\\\/\\\/diarieducacio.cat\\\/aprenentatgeservei\\\/2019\\\/10\\\/16\\\/la-cura-dun-mateix-la-cura-de-laltre-i-leducacio-de-la-responsabilitat\\\/#primaryimage\"},\"thumbnailUrl\":\"https:\\\/\\\/diarieducacio.cat\\\/aprenentatgeservei\\\/wp-content\\\/uploads\\\/sites\\\/22\\\/2019\\\/10\\\/073_converted-1.jpg\",\"datePublished\":\"2019-10-16T22:43:34+00:00\",\"author\":{\"@id\":\"https:\\\/\\\/diarieducacio.cat\\\/aprenentatgeservei\\\/#\\\/schema\\\/person\\\/3a978cb0728662d923325017f0651fd6\"},\"breadcrumb\":{\"@id\":\"https:\\\/\\\/diarieducacio.cat\\\/aprenentatgeservei\\\/2019\\\/10\\\/16\\\/la-cura-dun-mateix-la-cura-de-laltre-i-leducacio-de-la-responsabilitat\\\/#breadcrumb\"},\"inLanguage\":\"ca\",\"potentialAction\":[{\"@type\":\"ReadAction\",\"target\":[\"https:\\\/\\\/diarieducacio.cat\\\/aprenentatgeservei\\\/2019\\\/10\\\/16\\\/la-cura-dun-mateix-la-cura-de-laltre-i-leducacio-de-la-responsabilitat\\\/\"]}]},{\"@type\":\"ImageObject\",\"inLanguage\":\"ca\",\"@id\":\"https:\\\/\\\/diarieducacio.cat\\\/aprenentatgeservei\\\/2019\\\/10\\\/16\\\/la-cura-dun-mateix-la-cura-de-laltre-i-leducacio-de-la-responsabilitat\\\/#primaryimage\",\"url\":\"https:\\\/\\\/diarieducacio.cat\\\/aprenentatgeservei\\\/wp-content\\\/uploads\\\/sites\\\/22\\\/2019\\\/10\\\/073_converted-1.jpg\",\"contentUrl\":\"https:\\\/\\\/diarieducacio.cat\\\/aprenentatgeservei\\\/wp-content\\\/uploads\\\/sites\\\/22\\\/2019\\\/10\\\/073_converted-1.jpg\",\"width\":1359,\"height\":776},{\"@type\":\"BreadcrumbList\",\"@id\":\"https:\\\/\\\/diarieducacio.cat\\\/aprenentatgeservei\\\/2019\\\/10\\\/16\\\/la-cura-dun-mateix-la-cura-de-laltre-i-leducacio-de-la-responsabilitat\\\/#breadcrumb\",\"itemListElement\":[{\"@type\":\"ListItem\",\"position\":1,\"name\":\"Inici\",\"item\":\"https:\\\/\\\/diarieducacio.cat\\\/aprenentatgeservei\\\/\"},{\"@type\":\"ListItem\",\"position\":2,\"name\":\"La cura d&#8217;un mateix, la cura de l\u2019altre i l\u2019educaci\u00f3 de la responsabilitat\"}]},{\"@type\":\"WebSite\",\"@id\":\"https:\\\/\\\/diarieducacio.cat\\\/aprenentatgeservei\\\/#website\",\"url\":\"https:\\\/\\\/diarieducacio.cat\\\/aprenentatgeservei\\\/\",\"name\":\"Aps i educaci\u00f3 en valors\",\"description\":\"\",\"potentialAction\":[{\"@type\":\"SearchAction\",\"target\":{\"@type\":\"EntryPoint\",\"urlTemplate\":\"https:\\\/\\\/diarieducacio.cat\\\/aprenentatgeservei\\\/?s={search_term_string}\"},\"query-input\":{\"@type\":\"PropertyValueSpecification\",\"valueRequired\":true,\"valueName\":\"search_term_string\"}}],\"inLanguage\":\"ca\"},{\"@type\":\"Person\",\"@id\":\"https:\\\/\\\/diarieducacio.cat\\\/aprenentatgeservei\\\/#\\\/schema\\\/person\\\/3a978cb0728662d923325017f0651fd6\",\"name\":\"Miquel Mart\u00ednez\",\"image\":{\"@type\":\"ImageObject\",\"inLanguage\":\"ca\",\"@id\":\"https:\\\/\\\/diarieducacio.cat\\\/aprenentatgeservei\\\/wp-content\\\/uploads\\\/sites\\\/22\\\/2025\\\/04\\\/miquel-martinez_avatar-96x96.jpg\",\"url\":\"https:\\\/\\\/diarieducacio.cat\\\/aprenentatgeservei\\\/wp-content\\\/uploads\\\/sites\\\/22\\\/2025\\\/04\\\/miquel-martinez_avatar-96x96.jpg\",\"contentUrl\":\"https:\\\/\\\/diarieducacio.cat\\\/aprenentatgeservei\\\/wp-content\\\/uploads\\\/sites\\\/22\\\/2025\\\/04\\\/miquel-martinez_avatar-96x96.jpg\",\"caption\":\"Miquel Mart\u00ednez\"},\"description\":\"Catedr\u00e0tic de Pedagogia, col\u00b7laborador del GREM i de la Universitat de Barcelona.\",\"url\":\"https:\\\/\\\/diarieducacio.cat\\\/aprenentatgeservei\\\/author\\\/miquelmartinez\\\/\"}]}<\/script>\n<!-- \/ Yoast SEO plugin. -->","yoast_head_json":{"title":"La cura d'un mateix, la cura de l\u2019altre i l\u2019educaci\u00f3 de la responsabilitat - Aps i educaci\u00f3 en valors","robots":{"index":"index","follow":"follow","max-snippet":"max-snippet:-1","max-image-preview":"max-image-preview:large","max-video-preview":"max-video-preview:-1"},"canonical":"https:\/\/diarieducacio.cat\/aprenentatgeservei\/2019\/10\/16\/la-cura-dun-mateix-la-cura-de-laltre-i-leducacio-de-la-responsabilitat\/","og_locale":"ca_ES","og_type":"article","og_title":"La cura d'un mateix, la cura de l\u2019altre i l\u2019educaci\u00f3 de la responsabilitat - Aps i educaci\u00f3 en valors","og_description":"Cal educar en valors oferint recursos per denunciar la falta de drets, indignar-nos i reaccionar quan som v\u00edctimes d\u2019un tracte no respectu\u00f3s. L\u2019objectiu \u00e9s formar persones resistents a tot intent de dominaci\u00f3 que siguin capaces de comprometre\u2019s en projectes comuns.","og_url":"https:\/\/diarieducacio.cat\/aprenentatgeservei\/2019\/10\/16\/la-cura-dun-mateix-la-cura-de-laltre-i-leducacio-de-la-responsabilitat\/","og_site_name":"Aps i educaci\u00f3 en valors","article_publisher":"https:\/\/www.facebook.com\/diarieducacio\/","article_published_time":"2019-10-16T22:43:34+00:00","og_image":[{"width":1359,"height":776,"url":"https:\/\/diarieducacio.cat\/aprenentatgeservei\/wp-content\/uploads\/sites\/22\/2019\/10\/073_converted-1.jpg","type":"image\/jpeg"}],"author":"Miquel Mart\u00ednez","twitter_card":"summary_large_image","twitter_creator":"@DiariEducacio","twitter_site":"@DiariEducacio","twitter_misc":{"Escrit per":"Miquel Mart\u00ednez","Temps estimat de lectura":"4 minuts"},"schema":{"@context":"https:\/\/schema.org","@graph":[{"@type":"Article","@id":"https:\/\/diarieducacio.cat\/aprenentatgeservei\/2019\/10\/16\/la-cura-dun-mateix-la-cura-de-laltre-i-leducacio-de-la-responsabilitat\/#article","isPartOf":{"@id":"https:\/\/diarieducacio.cat\/aprenentatgeservei\/2019\/10\/16\/la-cura-dun-mateix-la-cura-de-laltre-i-leducacio-de-la-responsabilitat\/"},"author":{"name":"Miquel Mart\u00ednez","@id":"https:\/\/diarieducacio.cat\/aprenentatgeservei\/#\/schema\/person\/3a978cb0728662d923325017f0651fd6"},"headline":"La cura d&#8217;un mateix, la cura de l\u2019altre i l\u2019educaci\u00f3 de la responsabilitat","datePublished":"2019-10-16T22:43:34+00:00","mainEntityOfPage":{"@id":"https:\/\/diarieducacio.cat\/aprenentatgeservei\/2019\/10\/16\/la-cura-dun-mateix-la-cura-de-laltre-i-leducacio-de-la-responsabilitat\/"},"wordCount":793,"commentCount":0,"image":{"@id":"https:\/\/diarieducacio.cat\/aprenentatgeservei\/2019\/10\/16\/la-cura-dun-mateix-la-cura-de-laltre-i-leducacio-de-la-responsabilitat\/#primaryimage"},"thumbnailUrl":"https:\/\/diarieducacio.cat\/aprenentatgeservei\/wp-content\/uploads\/sites\/22\/2019\/10\/073_converted-1.jpg","articleSection":["General"],"inLanguage":"ca","potentialAction":[{"@type":"CommentAction","name":"Comment","target":["https:\/\/diarieducacio.cat\/aprenentatgeservei\/2019\/10\/16\/la-cura-dun-mateix-la-cura-de-laltre-i-leducacio-de-la-responsabilitat\/#respond"]}]},{"@type":"WebPage","@id":"https:\/\/diarieducacio.cat\/aprenentatgeservei\/2019\/10\/16\/la-cura-dun-mateix-la-cura-de-laltre-i-leducacio-de-la-responsabilitat\/","url":"https:\/\/diarieducacio.cat\/aprenentatgeservei\/2019\/10\/16\/la-cura-dun-mateix-la-cura-de-laltre-i-leducacio-de-la-responsabilitat\/","name":"La cura d'un mateix, la cura de l\u2019altre i l\u2019educaci\u00f3 de la responsabilitat - Aps i educaci\u00f3 en valors","isPartOf":{"@id":"https:\/\/diarieducacio.cat\/aprenentatgeservei\/#website"},"primaryImageOfPage":{"@id":"https:\/\/diarieducacio.cat\/aprenentatgeservei\/2019\/10\/16\/la-cura-dun-mateix-la-cura-de-laltre-i-leducacio-de-la-responsabilitat\/#primaryimage"},"image":{"@id":"https:\/\/diarieducacio.cat\/aprenentatgeservei\/2019\/10\/16\/la-cura-dun-mateix-la-cura-de-laltre-i-leducacio-de-la-responsabilitat\/#primaryimage"},"thumbnailUrl":"https:\/\/diarieducacio.cat\/aprenentatgeservei\/wp-content\/uploads\/sites\/22\/2019\/10\/073_converted-1.jpg","datePublished":"2019-10-16T22:43:34+00:00","author":{"@id":"https:\/\/diarieducacio.cat\/aprenentatgeservei\/#\/schema\/person\/3a978cb0728662d923325017f0651fd6"},"breadcrumb":{"@id":"https:\/\/diarieducacio.cat\/aprenentatgeservei\/2019\/10\/16\/la-cura-dun-mateix-la-cura-de-laltre-i-leducacio-de-la-responsabilitat\/#breadcrumb"},"inLanguage":"ca","potentialAction":[{"@type":"ReadAction","target":["https:\/\/diarieducacio.cat\/aprenentatgeservei\/2019\/10\/16\/la-cura-dun-mateix-la-cura-de-laltre-i-leducacio-de-la-responsabilitat\/"]}]},{"@type":"ImageObject","inLanguage":"ca","@id":"https:\/\/diarieducacio.cat\/aprenentatgeservei\/2019\/10\/16\/la-cura-dun-mateix-la-cura-de-laltre-i-leducacio-de-la-responsabilitat\/#primaryimage","url":"https:\/\/diarieducacio.cat\/aprenentatgeservei\/wp-content\/uploads\/sites\/22\/2019\/10\/073_converted-1.jpg","contentUrl":"https:\/\/diarieducacio.cat\/aprenentatgeservei\/wp-content\/uploads\/sites\/22\/2019\/10\/073_converted-1.jpg","width":1359,"height":776},{"@type":"BreadcrumbList","@id":"https:\/\/diarieducacio.cat\/aprenentatgeservei\/2019\/10\/16\/la-cura-dun-mateix-la-cura-de-laltre-i-leducacio-de-la-responsabilitat\/#breadcrumb","itemListElement":[{"@type":"ListItem","position":1,"name":"Inici","item":"https:\/\/diarieducacio.cat\/aprenentatgeservei\/"},{"@type":"ListItem","position":2,"name":"La cura d&#8217;un mateix, la cura de l\u2019altre i l\u2019educaci\u00f3 de la responsabilitat"}]},{"@type":"WebSite","@id":"https:\/\/diarieducacio.cat\/aprenentatgeservei\/#website","url":"https:\/\/diarieducacio.cat\/aprenentatgeservei\/","name":"Aps i educaci\u00f3 en valors","description":"","potentialAction":[{"@type":"SearchAction","target":{"@type":"EntryPoint","urlTemplate":"https:\/\/diarieducacio.cat\/aprenentatgeservei\/?s={search_term_string}"},"query-input":{"@type":"PropertyValueSpecification","valueRequired":true,"valueName":"search_term_string"}}],"inLanguage":"ca"},{"@type":"Person","@id":"https:\/\/diarieducacio.cat\/aprenentatgeservei\/#\/schema\/person\/3a978cb0728662d923325017f0651fd6","name":"Miquel Mart\u00ednez","image":{"@type":"ImageObject","inLanguage":"ca","@id":"https:\/\/diarieducacio.cat\/aprenentatgeservei\/wp-content\/uploads\/sites\/22\/2025\/04\/miquel-martinez_avatar-96x96.jpg","url":"https:\/\/diarieducacio.cat\/aprenentatgeservei\/wp-content\/uploads\/sites\/22\/2025\/04\/miquel-martinez_avatar-96x96.jpg","contentUrl":"https:\/\/diarieducacio.cat\/aprenentatgeservei\/wp-content\/uploads\/sites\/22\/2025\/04\/miquel-martinez_avatar-96x96.jpg","caption":"Miquel Mart\u00ednez"},"description":"Catedr\u00e0tic de Pedagogia, col\u00b7laborador del GREM i de la Universitat de Barcelona.","url":"https:\/\/diarieducacio.cat\/aprenentatgeservei\/author\/miquelmartinez\/"}]}},"_links":{"self":[{"href":"https:\/\/diarieducacio.cat\/aprenentatgeservei\/wp-json\/wp\/v2\/posts\/566","targetHints":{"allow":["GET"]}}],"collection":[{"href":"https:\/\/diarieducacio.cat\/aprenentatgeservei\/wp-json\/wp\/v2\/posts"}],"about":[{"href":"https:\/\/diarieducacio.cat\/aprenentatgeservei\/wp-json\/wp\/v2\/types\/post"}],"author":[{"embeddable":true,"href":"https:\/\/diarieducacio.cat\/aprenentatgeservei\/wp-json\/wp\/v2\/users\/404"}],"replies":[{"embeddable":true,"href":"https:\/\/diarieducacio.cat\/aprenentatgeservei\/wp-json\/wp\/v2\/comments?post=566"}],"version-history":[{"count":0,"href":"https:\/\/diarieducacio.cat\/aprenentatgeservei\/wp-json\/wp\/v2\/posts\/566\/revisions"}],"wp:featuredmedia":[{"embeddable":true,"href":"https:\/\/diarieducacio.cat\/aprenentatgeservei\/wp-json\/wp\/v2\/media\/1823"}],"wp:attachment":[{"href":"https:\/\/diarieducacio.cat\/aprenentatgeservei\/wp-json\/wp\/v2\/media?parent=566"}],"wp:term":[{"taxonomy":"category","embeddable":true,"href":"https:\/\/diarieducacio.cat\/aprenentatgeservei\/wp-json\/wp\/v2\/categories?post=566"},{"taxonomy":"post_tag","embeddable":true,"href":"https:\/\/diarieducacio.cat\/aprenentatgeservei\/wp-json\/wp\/v2\/tags?post=566"},{"taxonomy":"tipo","embeddable":true,"href":"https:\/\/diarieducacio.cat\/aprenentatgeservei\/wp-json\/wp\/v2\/tipo?post=566"}],"curies":[{"name":"wp","href":"https:\/\/api.w.org\/{rel}","templated":true}]}}