{"id":577,"date":"2019-11-11T23:21:36","date_gmt":"2019-11-11T23:21:36","guid":{"rendered":"https:\/\/diarieducacio.cat\/aprenentatgeservei\/?p=577"},"modified":"2019-11-11T23:21:36","modified_gmt":"2019-11-11T23:21:36","slug":"el-colegio","status":"publish","type":"post","link":"https:\/\/diarieducacio.cat\/aprenentatgeservei\/2019\/11\/11\/el-colegio\/","title":{"rendered":"&#8216;El colegio&#8217;"},"content":{"rendered":"<p>Amb el temps, s\u2019ha volgut identificar el <em>Colegio Nacional de Buenos Aires<\/em> amb valors com el rigor, l\u2019excel\u00b7l\u00e8ncia i la llibertat. Prestigi \u00e9s una de les paraules que m\u00e9s ressonen en boca de les seves autoritats, entre els seus claustres i escalinates de marbre de principis de segle XIX. Una instituci\u00f3 que \u201c<em>ha dado una pl\u00e9yade de creadores, escritores, artistas, cient\u00edficos, economistas, los dos primeros Premios Nobel argentinos, cuatro presidentes y, sobre todo, mucha gente de bien<\/em>\u201d, segons la <a href=\"http:\/\/www.uba.ar\/academicos\/contenidos.php?id=80\">web de la UBA<\/a>. En el meu cas, com que no pretenc guanyar el premi Nobel ni ser president de cap pa\u00eds, us vull explicar els valors que vaig aprendre al <em>colegio<\/em> i tamb\u00e9 algunes contradiccions que hi vaig viure.<\/p>\n<p>Diu Rilke al jove poeta: intenti estimar les preguntes m\u00e9s que buscar les respostes, visqui ara les preguntes. Crec que <em>el colegio<\/em> ens va ensenyar a estimar les preguntes. Hav\u00edem de llegir, hav\u00edem d\u2019escoltar, per\u00f2 sobretot ens hav\u00edem de fer preguntes i dialogar sobre el que escolt\u00e0vem i el que lleg\u00edem. Vam aprendre el valor de viure les preguntes. Implicant-nos, posant cos i \u00e0nima en aix\u00f2 que ens q\u00fcestion\u00e0vem quan \u00e9rem adolescents. Vam aprendre, potser sense adonar-nos massa, que el coneixement \u00e9s transformaci\u00f3 o no \u00e9s res que valgui la pena.<\/p>\n<p>Tot i aix\u00ed, sempre vaig viure amb recel i incomoditat aquella confian\u00e7a omnipotent en el saber que es transmetia al <em>colegio<\/em>. M\u00e9s quan semblava que aix\u00f2 devia formar part de la nostra identitat com alumnes: \u201cAquest no \u00e9s un institut qualsevol, aqu\u00ed s\u2019estudia com a la universitat\u201d, ens deien m\u00e9s d\u2019una vegada. Per\u00f2 l\u2019excel\u00b7l\u00e8ncia no es porta b\u00e9 amb la difer\u00e8ncia. El coneixement, el progr\u00e9s, l\u2019exig\u00e8ncia, quan no accepten la difer\u00e8ncia, es transformen en tanques per qualsevol adolescent en la cerca de la seva identitat. Potser, fruit de la contradicci\u00f3 i d&#8217;un toc de frustraci\u00f3, vaig aprendre que la difer\u00e8ncia i l\u2019equitat s\u00f3n valors nuclears en la promoci\u00f3 d\u2019una educaci\u00f3 de qualitat.<\/p>\n<p>Una altra paraula, un altre valor que ha quedat associat al <em>colegio<\/em>, almenys per mi, \u00e9s el comprom\u00eds. Al <em>colegio<\/em> calia comprometre\u2019s, el <em>colegio<\/em> era un instituci\u00f3 que empenyia al comprom\u00eds. Pol\u00edtic i de qualsevol altra mena. Hav\u00edem de prendre decisions, fins i tot quan aix\u00f2 implicava tensionar la instituci\u00f3. Per un adolescent, que la instituci\u00f3 reconegu\u00e9s el nostre dret i la nostra capacitat de prendre decisions suposava un gran valor. El <em>colegio<\/em> reconeixia en la pr\u00e0ctica que les institucions viuen en la permanent tensi\u00f3 entre regles i persones.<\/p>\n<p>Per aix\u00f2 em vaig preocupar, per\u00f2 tamb\u00e9 emocionar, quan un grup d\u2019alumnes del <em>colegio<\/em> va denunciar fa poc l\u2019assetjament sexual que havien patit per part d\u2019alguns professors. Recordo que al <em>colegio<\/em> hi havia persones \u00edntegres, persones honestes que educaven en valors. I no nom\u00e9s el professorat de les assignatures \u201ccompromeses\u201d (recordo al Carlos, professor d&#8217;handbol, que ens va saber transmetre valors fonamentals a trav\u00e9s de l\u2019esport). Per\u00f2 \u00e9s clar, segurament, al <em>colegio<\/em> tamb\u00e9 hi havia altres persones que abusaven del seu poder. I ara penso que en el seu moment no ens en vam saber adonar.<\/p>\n<p>Per\u00f2 si algun valor he d\u2019associar a la comunitat que vam transitar pel <em>colegio<\/em> fa anys \u00e9s l\u2019amistat. Diu Fabi\u00e1n Casas que el m\u00f3n \u00e9s un lloc hostil i que els amics s\u00f3n un escut contra aquesta hostilitat. \u00c9s una bona definici\u00f3 del que significa l\u2019amistat, especialment quan ets adolescent, i tamb\u00e9 quan estudies al <em>colegio<\/em>. Moltes de les persones que hi vaig con\u00e8ixer no eren, no s\u00f3n amics de cap de setmana. Eren i s\u00f3n persones que van transformar la meva vida des de l\u2019amistat, i que encara ho continuen fent. Avui ja no som al <em>colegio<\/em> per\u00f2 els valors que hi vaig aprendre (i les contradiccions que hi vaig viure) ens acompanyen amb m\u00e9s for\u00e7a.<\/p>\n<p style=\"text-align: center\">_________________________________________________________________________________<\/p>\n<p style=\"text-align: right\"><em>El Colegio Nacional de Buenos Aires\u00a0 (CNBA) \u00e9s un col\u00b7legi p\u00fablic d&#8217;ensenyament secundari laic, dependent de la Universidad de Buenos Aires. T\u00e9 com a origen el Colegio de San Ignacio creat pels jesu\u00eftes en \u00e8poca colonial i el 1863 es funda amb el seu nom actual. Per accedir al CNBA cal realitzar un curs d&#8217;ingr\u00e9s durant un any, a trav\u00e9s de el qual accedeixen 500 alumnes que es reparteixen en tres torns (mat\u00ed, tarda i vespert\u00ed). T\u00e9 en total aproximadament 2.200 alumnes. Ofereix la possibilitat de cursar un sis\u00e8 any, equivalent a el cicle b\u00e0sic com\u00fa d&#8217;acc\u00e9s a la Universidad de Buenos Aires. Est\u00e0 situat en un edifici hist\u00f2ric de centre de Buenos Aires i compta amb un camp d&#8217;esports, a m\u00e9s de diverses activitats extraescolars. M\u00e9s informaci\u00f3 (<a href=\"https:\/\/es.wikipedia.org\/wiki\/Colegio_Nacional_de_Buenos_Aires\">enlla\u00e7 article Wikipedia<\/a>).<\/em><\/p>\n","protected":false},"excerpt":{"rendered":"<p>A l\u2019Argentina, alguns pocs instituts d\u2019educaci\u00f3 secund\u00e0ria depenen org\u00e0nicament de la Universidad de Buenos Aires (UBA). Instituts p\u00fablics \u201cpreuniversitaris\u201d, s\u2019autoanomenen. El Colegio Nacional de Buenos Aires n\u2019\u00e9s un. Els alumnes li d\u00e8iem simplement El colegio, en una barreja de vanitat i orgull. Del colegio no podia haver-ne un altre.<\/p>\n","protected":false},"author":406,"featured_media":578,"comment_status":"open","ping_status":"open","sticky":false,"template":"","format":"standard","meta":{"footnotes":""},"categories":[2],"tags":[],"tipo":[],"class_list":{"0":"post-577","1":"post","2":"type-post","3":"status-publish","4":"format-standard","5":"has-post-thumbnail","7":"category-general"},"yoast_head":"<!-- This site is optimized with the Yoast SEO plugin v27.4 - https:\/\/yoast.com\/product\/yoast-seo-wordpress\/ -->\n<title>&#039;El colegio&#039; - Aps i educaci\u00f3 en valors<\/title>\n<meta name=\"robots\" content=\"index, follow, max-snippet:-1, max-image-preview:large, max-video-preview:-1\" \/>\n<link rel=\"canonical\" href=\"https:\/\/diarieducacio.cat\/aprenentatgeservei\/2019\/11\/11\/el-colegio\/\" \/>\n<meta property=\"og:locale\" content=\"ca_ES\" \/>\n<meta property=\"og:type\" content=\"article\" \/>\n<meta property=\"og:title\" content=\"&#039;El colegio&#039; - Aps i educaci\u00f3 en valors\" \/>\n<meta property=\"og:description\" content=\"A l\u2019Argentina, alguns pocs instituts d\u2019educaci\u00f3 secund\u00e0ria depenen org\u00e0nicament de la Universidad de Buenos Aires (UBA). Instituts p\u00fablics \u201cpreuniversitaris\u201d, s\u2019autoanomenen. El Colegio Nacional de Buenos Aires n\u2019\u00e9s un. Els alumnes li d\u00e8iem simplement El colegio, en una barreja de vanitat i orgull. Del colegio no podia haver-ne un altre.\" \/>\n<meta property=\"og:url\" content=\"https:\/\/diarieducacio.cat\/aprenentatgeservei\/2019\/11\/11\/el-colegio\/\" \/>\n<meta property=\"og:site_name\" content=\"Aps i educaci\u00f3 en valors\" \/>\n<meta property=\"article:publisher\" content=\"https:\/\/www.facebook.com\/diarieducacio\/\" \/>\n<meta property=\"article:published_time\" content=\"2019-11-11T23:21:36+00:00\" \/>\n<meta property=\"og:image\" content=\"https:\/\/diarieducacio.cat\/aprenentatgeservei\/wp-content\/uploads\/sites\/22\/2019\/11\/1200px-Colegio_Nacional_Buenos_Aires.jpg\" \/>\n\t<meta property=\"og:image:width\" content=\"1200\" \/>\n\t<meta property=\"og:image:height\" content=\"856\" \/>\n\t<meta property=\"og:image:type\" content=\"image\/jpeg\" \/>\n<meta name=\"author\" content=\"Nicol\u00e1s Barbieri\" \/>\n<meta name=\"twitter:card\" content=\"summary_large_image\" \/>\n<meta name=\"twitter:creator\" content=\"@DiariEducacio\" \/>\n<meta name=\"twitter:site\" content=\"@DiariEducacio\" \/>\n<meta name=\"twitter:label1\" content=\"Escrit per\" \/>\n\t<meta name=\"twitter:data1\" content=\"Nicol\u00e1s Barbieri\" \/>\n\t<meta name=\"twitter:label2\" content=\"Temps estimat de lectura\" \/>\n\t<meta name=\"twitter:data2\" content=\"4 minuts\" \/>\n<script type=\"application\/ld+json\" class=\"yoast-schema-graph\">{\"@context\":\"https:\\\/\\\/schema.org\",\"@graph\":[{\"@type\":\"Article\",\"@id\":\"https:\\\/\\\/diarieducacio.cat\\\/aprenentatgeservei\\\/2019\\\/11\\\/11\\\/el-colegio\\\/#article\",\"isPartOf\":{\"@id\":\"https:\\\/\\\/diarieducacio.cat\\\/aprenentatgeservei\\\/2019\\\/11\\\/11\\\/el-colegio\\\/\"},\"author\":{\"name\":\"Nicol\u00e1s Barbieri\",\"@id\":\"https:\\\/\\\/diarieducacio.cat\\\/aprenentatgeservei\\\/#\\\/schema\\\/person\\\/31eeb10491ef5dbb25b70b5102591e65\"},\"headline\":\"&#8216;El colegio&#8217;\",\"datePublished\":\"2019-11-11T23:21:36+00:00\",\"mainEntityOfPage\":{\"@id\":\"https:\\\/\\\/diarieducacio.cat\\\/aprenentatgeservei\\\/2019\\\/11\\\/11\\\/el-colegio\\\/\"},\"wordCount\":829,\"commentCount\":0,\"image\":{\"@id\":\"https:\\\/\\\/diarieducacio.cat\\\/aprenentatgeservei\\\/2019\\\/11\\\/11\\\/el-colegio\\\/#primaryimage\"},\"thumbnailUrl\":\"https:\\\/\\\/diarieducacio.cat\\\/aprenentatgeservei\\\/wp-content\\\/uploads\\\/sites\\\/22\\\/2019\\\/11\\\/1200px-Colegio_Nacional_Buenos_Aires.jpg\",\"articleSection\":[\"General\"],\"inLanguage\":\"ca\",\"potentialAction\":[{\"@type\":\"CommentAction\",\"name\":\"Comment\",\"target\":[\"https:\\\/\\\/diarieducacio.cat\\\/aprenentatgeservei\\\/2019\\\/11\\\/11\\\/el-colegio\\\/#respond\"]}]},{\"@type\":\"WebPage\",\"@id\":\"https:\\\/\\\/diarieducacio.cat\\\/aprenentatgeservei\\\/2019\\\/11\\\/11\\\/el-colegio\\\/\",\"url\":\"https:\\\/\\\/diarieducacio.cat\\\/aprenentatgeservei\\\/2019\\\/11\\\/11\\\/el-colegio\\\/\",\"name\":\"'El colegio' - Aps i educaci\u00f3 en valors\",\"isPartOf\":{\"@id\":\"https:\\\/\\\/diarieducacio.cat\\\/aprenentatgeservei\\\/#website\"},\"primaryImageOfPage\":{\"@id\":\"https:\\\/\\\/diarieducacio.cat\\\/aprenentatgeservei\\\/2019\\\/11\\\/11\\\/el-colegio\\\/#primaryimage\"},\"image\":{\"@id\":\"https:\\\/\\\/diarieducacio.cat\\\/aprenentatgeservei\\\/2019\\\/11\\\/11\\\/el-colegio\\\/#primaryimage\"},\"thumbnailUrl\":\"https:\\\/\\\/diarieducacio.cat\\\/aprenentatgeservei\\\/wp-content\\\/uploads\\\/sites\\\/22\\\/2019\\\/11\\\/1200px-Colegio_Nacional_Buenos_Aires.jpg\",\"datePublished\":\"2019-11-11T23:21:36+00:00\",\"author\":{\"@id\":\"https:\\\/\\\/diarieducacio.cat\\\/aprenentatgeservei\\\/#\\\/schema\\\/person\\\/31eeb10491ef5dbb25b70b5102591e65\"},\"breadcrumb\":{\"@id\":\"https:\\\/\\\/diarieducacio.cat\\\/aprenentatgeservei\\\/2019\\\/11\\\/11\\\/el-colegio\\\/#breadcrumb\"},\"inLanguage\":\"ca\",\"potentialAction\":[{\"@type\":\"ReadAction\",\"target\":[\"https:\\\/\\\/diarieducacio.cat\\\/aprenentatgeservei\\\/2019\\\/11\\\/11\\\/el-colegio\\\/\"]}]},{\"@type\":\"ImageObject\",\"inLanguage\":\"ca\",\"@id\":\"https:\\\/\\\/diarieducacio.cat\\\/aprenentatgeservei\\\/2019\\\/11\\\/11\\\/el-colegio\\\/#primaryimage\",\"url\":\"https:\\\/\\\/diarieducacio.cat\\\/aprenentatgeservei\\\/wp-content\\\/uploads\\\/sites\\\/22\\\/2019\\\/11\\\/1200px-Colegio_Nacional_Buenos_Aires.jpg\",\"contentUrl\":\"https:\\\/\\\/diarieducacio.cat\\\/aprenentatgeservei\\\/wp-content\\\/uploads\\\/sites\\\/22\\\/2019\\\/11\\\/1200px-Colegio_Nacional_Buenos_Aires.jpg\",\"width\":1200,\"height\":856,\"caption\":\"El Colegio | Foto: Wikipedia\"},{\"@type\":\"BreadcrumbList\",\"@id\":\"https:\\\/\\\/diarieducacio.cat\\\/aprenentatgeservei\\\/2019\\\/11\\\/11\\\/el-colegio\\\/#breadcrumb\",\"itemListElement\":[{\"@type\":\"ListItem\",\"position\":1,\"name\":\"Inici\",\"item\":\"https:\\\/\\\/diarieducacio.cat\\\/aprenentatgeservei\\\/\"},{\"@type\":\"ListItem\",\"position\":2,\"name\":\"&#8216;El colegio&#8217;\"}]},{\"@type\":\"WebSite\",\"@id\":\"https:\\\/\\\/diarieducacio.cat\\\/aprenentatgeservei\\\/#website\",\"url\":\"https:\\\/\\\/diarieducacio.cat\\\/aprenentatgeservei\\\/\",\"name\":\"Aps i educaci\u00f3 en valors\",\"description\":\"\",\"potentialAction\":[{\"@type\":\"SearchAction\",\"target\":{\"@type\":\"EntryPoint\",\"urlTemplate\":\"https:\\\/\\\/diarieducacio.cat\\\/aprenentatgeservei\\\/?s={search_term_string}\"},\"query-input\":{\"@type\":\"PropertyValueSpecification\",\"valueRequired\":true,\"valueName\":\"search_term_string\"}}],\"inLanguage\":\"ca\"},{\"@type\":\"Person\",\"@id\":\"https:\\\/\\\/diarieducacio.cat\\\/aprenentatgeservei\\\/#\\\/schema\\\/person\\\/31eeb10491ef5dbb25b70b5102591e65\",\"name\":\"Nicol\u00e1s Barbieri\",\"image\":{\"@type\":\"ImageObject\",\"inLanguage\":\"ca\",\"@id\":\"https:\\\/\\\/secure.gravatar.com\\\/avatar\\\/82167e1ecdd7ad42dfbaf1a7c2b6492ceccb15b86fda5528135cd52e829bb233?s=96&d=mm&r=g\",\"url\":\"https:\\\/\\\/secure.gravatar.com\\\/avatar\\\/82167e1ecdd7ad42dfbaf1a7c2b6492ceccb15b86fda5528135cd52e829bb233?s=96&d=mm&r=g\",\"contentUrl\":\"https:\\\/\\\/secure.gravatar.com\\\/avatar\\\/82167e1ecdd7ad42dfbaf1a7c2b6492ceccb15b86fda5528135cd52e829bb233?s=96&d=mm&r=g\",\"caption\":\"Nicol\u00e1s Barbieri\"},\"url\":\"https:\\\/\\\/diarieducacio.cat\\\/aprenentatgeservei\\\/author\\\/nbarbieri\\\/\"}]}<\/script>\n<!-- \/ Yoast SEO plugin. -->","yoast_head_json":{"title":"'El colegio' - Aps i educaci\u00f3 en valors","robots":{"index":"index","follow":"follow","max-snippet":"max-snippet:-1","max-image-preview":"max-image-preview:large","max-video-preview":"max-video-preview:-1"},"canonical":"https:\/\/diarieducacio.cat\/aprenentatgeservei\/2019\/11\/11\/el-colegio\/","og_locale":"ca_ES","og_type":"article","og_title":"'El colegio' - Aps i educaci\u00f3 en valors","og_description":"A l\u2019Argentina, alguns pocs instituts d\u2019educaci\u00f3 secund\u00e0ria depenen org\u00e0nicament de la Universidad de Buenos Aires (UBA). Instituts p\u00fablics \u201cpreuniversitaris\u201d, s\u2019autoanomenen. El Colegio Nacional de Buenos Aires n\u2019\u00e9s un. Els alumnes li d\u00e8iem simplement El colegio, en una barreja de vanitat i orgull. Del colegio no podia haver-ne un altre.","og_url":"https:\/\/diarieducacio.cat\/aprenentatgeservei\/2019\/11\/11\/el-colegio\/","og_site_name":"Aps i educaci\u00f3 en valors","article_publisher":"https:\/\/www.facebook.com\/diarieducacio\/","article_published_time":"2019-11-11T23:21:36+00:00","og_image":[{"width":1200,"height":856,"url":"https:\/\/diarieducacio.cat\/aprenentatgeservei\/wp-content\/uploads\/sites\/22\/2019\/11\/1200px-Colegio_Nacional_Buenos_Aires.jpg","type":"image\/jpeg"}],"author":"Nicol\u00e1s Barbieri","twitter_card":"summary_large_image","twitter_creator":"@DiariEducacio","twitter_site":"@DiariEducacio","twitter_misc":{"Escrit per":"Nicol\u00e1s Barbieri","Temps estimat de lectura":"4 minuts"},"schema":{"@context":"https:\/\/schema.org","@graph":[{"@type":"Article","@id":"https:\/\/diarieducacio.cat\/aprenentatgeservei\/2019\/11\/11\/el-colegio\/#article","isPartOf":{"@id":"https:\/\/diarieducacio.cat\/aprenentatgeservei\/2019\/11\/11\/el-colegio\/"},"author":{"name":"Nicol\u00e1s Barbieri","@id":"https:\/\/diarieducacio.cat\/aprenentatgeservei\/#\/schema\/person\/31eeb10491ef5dbb25b70b5102591e65"},"headline":"&#8216;El colegio&#8217;","datePublished":"2019-11-11T23:21:36+00:00","mainEntityOfPage":{"@id":"https:\/\/diarieducacio.cat\/aprenentatgeservei\/2019\/11\/11\/el-colegio\/"},"wordCount":829,"commentCount":0,"image":{"@id":"https:\/\/diarieducacio.cat\/aprenentatgeservei\/2019\/11\/11\/el-colegio\/#primaryimage"},"thumbnailUrl":"https:\/\/diarieducacio.cat\/aprenentatgeservei\/wp-content\/uploads\/sites\/22\/2019\/11\/1200px-Colegio_Nacional_Buenos_Aires.jpg","articleSection":["General"],"inLanguage":"ca","potentialAction":[{"@type":"CommentAction","name":"Comment","target":["https:\/\/diarieducacio.cat\/aprenentatgeservei\/2019\/11\/11\/el-colegio\/#respond"]}]},{"@type":"WebPage","@id":"https:\/\/diarieducacio.cat\/aprenentatgeservei\/2019\/11\/11\/el-colegio\/","url":"https:\/\/diarieducacio.cat\/aprenentatgeservei\/2019\/11\/11\/el-colegio\/","name":"'El colegio' - Aps i educaci\u00f3 en valors","isPartOf":{"@id":"https:\/\/diarieducacio.cat\/aprenentatgeservei\/#website"},"primaryImageOfPage":{"@id":"https:\/\/diarieducacio.cat\/aprenentatgeservei\/2019\/11\/11\/el-colegio\/#primaryimage"},"image":{"@id":"https:\/\/diarieducacio.cat\/aprenentatgeservei\/2019\/11\/11\/el-colegio\/#primaryimage"},"thumbnailUrl":"https:\/\/diarieducacio.cat\/aprenentatgeservei\/wp-content\/uploads\/sites\/22\/2019\/11\/1200px-Colegio_Nacional_Buenos_Aires.jpg","datePublished":"2019-11-11T23:21:36+00:00","author":{"@id":"https:\/\/diarieducacio.cat\/aprenentatgeservei\/#\/schema\/person\/31eeb10491ef5dbb25b70b5102591e65"},"breadcrumb":{"@id":"https:\/\/diarieducacio.cat\/aprenentatgeservei\/2019\/11\/11\/el-colegio\/#breadcrumb"},"inLanguage":"ca","potentialAction":[{"@type":"ReadAction","target":["https:\/\/diarieducacio.cat\/aprenentatgeservei\/2019\/11\/11\/el-colegio\/"]}]},{"@type":"ImageObject","inLanguage":"ca","@id":"https:\/\/diarieducacio.cat\/aprenentatgeservei\/2019\/11\/11\/el-colegio\/#primaryimage","url":"https:\/\/diarieducacio.cat\/aprenentatgeservei\/wp-content\/uploads\/sites\/22\/2019\/11\/1200px-Colegio_Nacional_Buenos_Aires.jpg","contentUrl":"https:\/\/diarieducacio.cat\/aprenentatgeservei\/wp-content\/uploads\/sites\/22\/2019\/11\/1200px-Colegio_Nacional_Buenos_Aires.jpg","width":1200,"height":856,"caption":"El Colegio | Foto: Wikipedia"},{"@type":"BreadcrumbList","@id":"https:\/\/diarieducacio.cat\/aprenentatgeservei\/2019\/11\/11\/el-colegio\/#breadcrumb","itemListElement":[{"@type":"ListItem","position":1,"name":"Inici","item":"https:\/\/diarieducacio.cat\/aprenentatgeservei\/"},{"@type":"ListItem","position":2,"name":"&#8216;El colegio&#8217;"}]},{"@type":"WebSite","@id":"https:\/\/diarieducacio.cat\/aprenentatgeservei\/#website","url":"https:\/\/diarieducacio.cat\/aprenentatgeservei\/","name":"Aps i educaci\u00f3 en valors","description":"","potentialAction":[{"@type":"SearchAction","target":{"@type":"EntryPoint","urlTemplate":"https:\/\/diarieducacio.cat\/aprenentatgeservei\/?s={search_term_string}"},"query-input":{"@type":"PropertyValueSpecification","valueRequired":true,"valueName":"search_term_string"}}],"inLanguage":"ca"},{"@type":"Person","@id":"https:\/\/diarieducacio.cat\/aprenentatgeservei\/#\/schema\/person\/31eeb10491ef5dbb25b70b5102591e65","name":"Nicol\u00e1s Barbieri","image":{"@type":"ImageObject","inLanguage":"ca","@id":"https:\/\/secure.gravatar.com\/avatar\/82167e1ecdd7ad42dfbaf1a7c2b6492ceccb15b86fda5528135cd52e829bb233?s=96&d=mm&r=g","url":"https:\/\/secure.gravatar.com\/avatar\/82167e1ecdd7ad42dfbaf1a7c2b6492ceccb15b86fda5528135cd52e829bb233?s=96&d=mm&r=g","contentUrl":"https:\/\/secure.gravatar.com\/avatar\/82167e1ecdd7ad42dfbaf1a7c2b6492ceccb15b86fda5528135cd52e829bb233?s=96&d=mm&r=g","caption":"Nicol\u00e1s Barbieri"},"url":"https:\/\/diarieducacio.cat\/aprenentatgeservei\/author\/nbarbieri\/"}]}},"_links":{"self":[{"href":"https:\/\/diarieducacio.cat\/aprenentatgeservei\/wp-json\/wp\/v2\/posts\/577","targetHints":{"allow":["GET"]}}],"collection":[{"href":"https:\/\/diarieducacio.cat\/aprenentatgeservei\/wp-json\/wp\/v2\/posts"}],"about":[{"href":"https:\/\/diarieducacio.cat\/aprenentatgeservei\/wp-json\/wp\/v2\/types\/post"}],"author":[{"embeddable":true,"href":"https:\/\/diarieducacio.cat\/aprenentatgeservei\/wp-json\/wp\/v2\/users\/406"}],"replies":[{"embeddable":true,"href":"https:\/\/diarieducacio.cat\/aprenentatgeservei\/wp-json\/wp\/v2\/comments?post=577"}],"version-history":[{"count":0,"href":"https:\/\/diarieducacio.cat\/aprenentatgeservei\/wp-json\/wp\/v2\/posts\/577\/revisions"}],"wp:featuredmedia":[{"embeddable":true,"href":"https:\/\/diarieducacio.cat\/aprenentatgeservei\/wp-json\/wp\/v2\/media\/578"}],"wp:attachment":[{"href":"https:\/\/diarieducacio.cat\/aprenentatgeservei\/wp-json\/wp\/v2\/media?parent=577"}],"wp:term":[{"taxonomy":"category","embeddable":true,"href":"https:\/\/diarieducacio.cat\/aprenentatgeservei\/wp-json\/wp\/v2\/categories?post=577"},{"taxonomy":"post_tag","embeddable":true,"href":"https:\/\/diarieducacio.cat\/aprenentatgeservei\/wp-json\/wp\/v2\/tags?post=577"},{"taxonomy":"tipo","embeddable":true,"href":"https:\/\/diarieducacio.cat\/aprenentatgeservei\/wp-json\/wp\/v2\/tipo?post=577"}],"curies":[{"name":"wp","href":"https:\/\/api.w.org\/{rel}","templated":true}]}}