{"id":665,"date":"2020-05-28T20:13:41","date_gmt":"2020-05-28T20:13:41","guid":{"rendered":"https:\/\/diarieducacio.cat\/aprenentatgeservei\/?p=665"},"modified":"2020-05-28T20:13:41","modified_gmt":"2020-05-28T20:13:41","slug":"per-una-ciutat-reparadora","status":"publish","type":"post","link":"https:\/\/diarieducacio.cat\/aprenentatgeservei\/2020\/05\/28\/per-una-ciutat-reparadora\/","title":{"rendered":"Per una ciutat reparadora"},"content":{"rendered":"<p>Definicions de ciutat en podem trobar moltes depenent de l\u2019enfocament, per\u00f2 aqu\u00ed nom\u00e9s ressaltarem l\u2019estreta relaci\u00f3 entre els elements f\u00edsics i estructurals de la ciutat i les din\u00e0miques socials i personals dels seus habitants.<\/p>\n<p>La seva trama, les seves construccions i el disseny dels seus espais i llocs de relacions condicionen la vida, les experi\u00e8ncies i els comportaments de les persones que hi viuen. I a la inversa, la vida de les persones amb el pas del temps tamb\u00e9 condiciona la seva estructura, l\u2019\u00fas dels seus espais i l\u2019adequaci\u00f3 a les necessitats socials. Tot plegat, en aquesta interdepend\u00e8ncia es generar\u00e0 un conflicte entre els recursos i el potencial que tingui la ciutat per solucionar les noves necessitats i respondre a les expectatives socials.<\/p>\n<p>La ciutat \u00e9s el resultat de la interacci\u00f3 entre els elements f\u00edsics, els socials i els personals i aix\u00f2 normalment es desenvolupa en una xarxa de llocs d\u2019activitat, de relacions i d\u2019experi\u00e8ncies personals. Per tant, la ciutat, a m\u00e9s d\u2019incidir en la qualitat de vida, tamb\u00e9 incideix en gran mesura en la manera de pensar, sentir i actuar dels ciutadans. Tindria sentit esperar que el seu disseny i planificaci\u00f3 estigu\u00e9s pensat per afavorir la vida dels ciutadans que hi resideixen.<\/p>\n<p>Per\u00f2 la l\u00f2gica del disseny, construcci\u00f3 i extensi\u00f3 de les ciutats no ha estat pensada per facilitar i donar qualitat a la vida de les persones. Hist\u00f2ricament la \u00a0l\u00f2gica ha seguit criteris econ\u00f2mics, d\u2019\u00fas i rendibilitat del sol, de mobilitat del tr\u00e0nsit, de desenvolupament comercial, etc. Les intervencions per millorar la qualitat de vida generalment venen a posteriori, amb totes les seves limitacions per transformar els espais urbans en espais de vida que facilitin, entre altres, les relacions personals, la cohesi\u00f3 interna, la inclusi\u00f3 ciutadana, l\u2019esbarjo no comercial, la proximitat dels serveis. \u00c9s a dir, el que seria una ciutat m\u00e9s humana que situ\u00ef les persones i la conviv\u00e8ncia en el centre de la seva l\u00f2gica de desenvolupament.<\/p>\n<p>Una ciutat pensada per a les persones i sostenible ambientalment hauria de pensar de forma sistem\u00e0tica en el seu disseny en integrar i facilitar el desenvolupament del que podr\u00edem considerar drets b\u00e0sics dels ciutadans. Aix\u00f2 vol dir pensar en alguns aspectes com:<\/p>\n<ul>\n<li>La necessitat d\u2019incloure la participaci\u00f3 de la comunitat en el disseny dels espais.<\/li>\n<li>L\u2019acc\u00e9s a un habitatge digne, a un centre de salut i una educaci\u00f3 p\u00fablica.<\/li>\n<li>Cobrir necessitats de la vida quotidiana com els espais i llocs de relaci\u00f3, rutes i espais d\u2019esbarjo, espais de trobada i generaci\u00f3 de comunitat. I en aquestes necessitats tenir present variables com el sexe, l\u2019edat, la proximitat, la mobilitat i accessibilitat, nivell econ\u00f2mic, la cultura, l\u2019est\u00e8tica, etc.<\/li>\n<li>Facilitar les relacions i la participaci\u00f3 en la vida comunal amb centres socials, culturals, ve\u00efnals, etc.<\/li>\n<\/ul>\n<p>Suposadament una ciutat m\u00e9s humana hauria d\u2019assegurar a tothom les necessitats b\u00e0siques i intentar fer desapar\u00e8ixer les desigualtats socials i econ\u00f2miques, per\u00f2 aquestes s\u00f3n el resultat del sistema econ\u00f2mic i les ciutats, que s\u00f3n tamb\u00e9 un producte seu, no tenen suficient for\u00e7a i capacitat d\u2019incid\u00e8ncia en aquestes injust\u00edcies. Una de les manifestacions m\u00e9s impactant de les desigualtats en la ciutat \u00e9s la segregaci\u00f3 urbana que acaba persistint en el temps i en la representaci\u00f3 mental que tenen els seus habitants de l\u2019espai urb\u00e0.<\/p>\n<p>\u00c9s per aix\u00f2, per aquestes limitacions, que es fa necessari pensar en la funci\u00f3 reparadora de la ciutat per als seus habitants a l\u2019hora de dissenyar, planificar i remodelar els seus espais. Una funci\u00f3 reparadora, de restituci\u00f3, que lluny de poder eliminar les desigualtats socials es pot traduir en una millora de la qualitat de vida urbana i en una forma de recuperar la ciutat per als seus habitants. Es tracta d\u2019oferir espais p\u00fablics amb potencial transformador, d\u2019esbarjo, de contacte, de comunicaci\u00f3, de relaxaci\u00f3 i de seguretat que contribuiran a l\u2019apropiaci\u00f3 de la ciutat. Entre altres accions per desenvolupar aquesta funci\u00f3, es podria pensar en:<\/p>\n<ul>\n<li>Fomentar la rehabilitaci\u00f3 i renovaci\u00f3 d\u2019edificis i espais per evitar l\u2019increment de la marginalitat.<\/li>\n<li>Recuperar, com habitables, espais i edificacions del centre urb\u00e0.<\/li>\n<li>Crear o recuperar espais, edificis o entitats per facilitar l\u2019oci, la cultura, la inclusi\u00f3 i la cohesi\u00f3 social en els barris.<\/li>\n<li>Fomentar o recuperar la plurifuncionalitat dels barris o sectors urbans.<\/li>\n<li>Crear zones de vianants.<\/li>\n<li>Crear espais lliures (jardins, parcs, places) properes.<\/li>\n<li>Facilitar i diversificar el transport p\u00fablic interurb\u00e0.<\/li>\n<li>Apropar i facilitar l\u2019acc\u00e9s als serveis b\u00e0sics.<\/li>\n<li>Facilitar informaci\u00f3 per con\u00e8ixer i accedir a tots els recursos i ajuts de l\u2019administraci\u00f3.<\/li>\n<li>Oferir diversitat d\u2019espais i activitats socials, culturals, esbarjo i esportives properes.<\/li>\n<\/ul>\n<p>La funci\u00f3 reparadora de la ciutat implica pensar en millorar la qualitat de vida dels ciutadans, per\u00f2 no nom\u00e9s en aspectes f\u00edsics sin\u00f3 tamb\u00e9 en termes perceptius de millora de la satisfacci\u00f3 de viure-hi. Aquestes actuacions que s\u2019apunten, i de les quals segur les administracions ja en s\u00f3n conscients, ajuden a fomentar les actituds positives envers l\u2019espai urb\u00e0 i el sentiment de pertinen\u00e7a La ciutat \u00e9s un espai d\u2019experi\u00e8ncies i projectes personals que necessita, perqu\u00e8 es puguin dur a terme de forma satisfact\u00f2ria, un projecte col\u00b7lectiu de ciutat que sigui sostenible.<\/p>\n","protected":false},"excerpt":{"rendered":"<p>La ciutat \u00e9s un espai constru\u00eft on resideixen, es concentren i realitzen les seves activitats grans col\u00b7lectius de ciutadans. \u00c9s una realitat f\u00edsica per\u00f2 tamb\u00e9 es una construcci\u00f3 social i com a tal t\u00e9 ideologia, cultura, valors i un entramat de relacions socials i econ\u00f2miques complexes. <\/p>\n","protected":false},"author":385,"featured_media":666,"comment_status":"open","ping_status":"open","sticky":false,"template":"","format":"standard","meta":{"footnotes":""},"categories":[2],"tags":[],"tipo":[],"class_list":{"0":"post-665","1":"post","2":"type-post","3":"status-publish","4":"format-standard","5":"has-post-thumbnail","7":"category-general"},"yoast_head":"<!-- This site is optimized with the Yoast SEO plugin v27.5 - https:\/\/yoast.com\/product\/yoast-seo-wordpress\/ -->\n<title>Per una ciutat reparadora - Aps i educaci\u00f3 en valors<\/title>\n<meta name=\"robots\" content=\"index, follow, max-snippet:-1, max-image-preview:large, max-video-preview:-1\" \/>\n<link rel=\"canonical\" href=\"https:\/\/diarieducacio.cat\/aprenentatgeservei\/2020\/05\/28\/per-una-ciutat-reparadora\/\" \/>\n<meta property=\"og:locale\" content=\"ca_ES\" \/>\n<meta property=\"og:type\" content=\"article\" \/>\n<meta property=\"og:title\" content=\"Per una ciutat reparadora - Aps i educaci\u00f3 en valors\" \/>\n<meta property=\"og:description\" content=\"La ciutat \u00e9s un espai constru\u00eft on resideixen, es concentren i realitzen les seves activitats grans col\u00b7lectius de ciutadans. \u00c9s una realitat f\u00edsica per\u00f2 tamb\u00e9 es una construcci\u00f3 social i com a tal t\u00e9 ideologia, cultura, valors i un entramat de relacions socials i econ\u00f2miques complexes.\" \/>\n<meta property=\"og:url\" content=\"https:\/\/diarieducacio.cat\/aprenentatgeservei\/2020\/05\/28\/per-una-ciutat-reparadora\/\" \/>\n<meta property=\"og:site_name\" content=\"Aps i educaci\u00f3 en valors\" \/>\n<meta property=\"article:publisher\" content=\"https:\/\/www.facebook.com\/diarieducacio\/\" \/>\n<meta property=\"article:published_time\" content=\"2020-05-28T20:13:41+00:00\" \/>\n<meta property=\"og:image\" content=\"https:\/\/diarieducacio.cat\/aprenentatgeservei\/wp-content\/uploads\/sites\/22\/2020\/05\/iStock-961004270.jpg\" \/>\n\t<meta property=\"og:image:width\" content=\"1253\" \/>\n\t<meta property=\"og:image:height\" content=\"836\" \/>\n\t<meta property=\"og:image:type\" content=\"image\/jpeg\" \/>\n<meta name=\"author\" content=\"Jos\u00e9 Palos\" \/>\n<meta name=\"twitter:card\" content=\"summary_large_image\" \/>\n<meta name=\"twitter:creator\" content=\"@DiariEducacio\" \/>\n<meta name=\"twitter:site\" content=\"@DiariEducacio\" \/>\n<meta name=\"twitter:label1\" content=\"Escrit per\" \/>\n\t<meta name=\"twitter:data1\" content=\"Jos\u00e9 Palos\" \/>\n\t<meta name=\"twitter:label2\" content=\"Temps estimat de lectura\" \/>\n\t<meta name=\"twitter:data2\" content=\"5 minuts\" \/>\n<script type=\"application\/ld+json\" class=\"yoast-schema-graph\">{\"@context\":\"https:\\\/\\\/schema.org\",\"@graph\":[{\"@type\":\"Article\",\"@id\":\"https:\\\/\\\/diarieducacio.cat\\\/aprenentatgeservei\\\/2020\\\/05\\\/28\\\/per-una-ciutat-reparadora\\\/#article\",\"isPartOf\":{\"@id\":\"https:\\\/\\\/diarieducacio.cat\\\/aprenentatgeservei\\\/2020\\\/05\\\/28\\\/per-una-ciutat-reparadora\\\/\"},\"author\":{\"name\":\"Jos\u00e9 Palos\",\"@id\":\"https:\\\/\\\/diarieducacio.cat\\\/aprenentatgeservei\\\/#\\\/schema\\\/person\\\/5e09787a0c914794b90d61114ea93eb1\"},\"headline\":\"Per una ciutat reparadora\",\"datePublished\":\"2020-05-28T20:13:41+00:00\",\"mainEntityOfPage\":{\"@id\":\"https:\\\/\\\/diarieducacio.cat\\\/aprenentatgeservei\\\/2020\\\/05\\\/28\\\/per-una-ciutat-reparadora\\\/\"},\"wordCount\":918,\"commentCount\":0,\"image\":{\"@id\":\"https:\\\/\\\/diarieducacio.cat\\\/aprenentatgeservei\\\/2020\\\/05\\\/28\\\/per-una-ciutat-reparadora\\\/#primaryimage\"},\"thumbnailUrl\":\"https:\\\/\\\/diarieducacio.cat\\\/aprenentatgeservei\\\/wp-content\\\/uploads\\\/sites\\\/22\\\/2020\\\/05\\\/iStock-961004270.jpg\",\"articleSection\":[\"General\"],\"inLanguage\":\"ca\",\"potentialAction\":[{\"@type\":\"CommentAction\",\"name\":\"Comment\",\"target\":[\"https:\\\/\\\/diarieducacio.cat\\\/aprenentatgeservei\\\/2020\\\/05\\\/28\\\/per-una-ciutat-reparadora\\\/#respond\"]}]},{\"@type\":\"WebPage\",\"@id\":\"https:\\\/\\\/diarieducacio.cat\\\/aprenentatgeservei\\\/2020\\\/05\\\/28\\\/per-una-ciutat-reparadora\\\/\",\"url\":\"https:\\\/\\\/diarieducacio.cat\\\/aprenentatgeservei\\\/2020\\\/05\\\/28\\\/per-una-ciutat-reparadora\\\/\",\"name\":\"Per una ciutat reparadora - Aps i educaci\u00f3 en valors\",\"isPartOf\":{\"@id\":\"https:\\\/\\\/diarieducacio.cat\\\/aprenentatgeservei\\\/#website\"},\"primaryImageOfPage\":{\"@id\":\"https:\\\/\\\/diarieducacio.cat\\\/aprenentatgeservei\\\/2020\\\/05\\\/28\\\/per-una-ciutat-reparadora\\\/#primaryimage\"},\"image\":{\"@id\":\"https:\\\/\\\/diarieducacio.cat\\\/aprenentatgeservei\\\/2020\\\/05\\\/28\\\/per-una-ciutat-reparadora\\\/#primaryimage\"},\"thumbnailUrl\":\"https:\\\/\\\/diarieducacio.cat\\\/aprenentatgeservei\\\/wp-content\\\/uploads\\\/sites\\\/22\\\/2020\\\/05\\\/iStock-961004270.jpg\",\"datePublished\":\"2020-05-28T20:13:41+00:00\",\"author\":{\"@id\":\"https:\\\/\\\/diarieducacio.cat\\\/aprenentatgeservei\\\/#\\\/schema\\\/person\\\/5e09787a0c914794b90d61114ea93eb1\"},\"breadcrumb\":{\"@id\":\"https:\\\/\\\/diarieducacio.cat\\\/aprenentatgeservei\\\/2020\\\/05\\\/28\\\/per-una-ciutat-reparadora\\\/#breadcrumb\"},\"inLanguage\":\"ca\",\"potentialAction\":[{\"@type\":\"ReadAction\",\"target\":[\"https:\\\/\\\/diarieducacio.cat\\\/aprenentatgeservei\\\/2020\\\/05\\\/28\\\/per-una-ciutat-reparadora\\\/\"]}]},{\"@type\":\"ImageObject\",\"inLanguage\":\"ca\",\"@id\":\"https:\\\/\\\/diarieducacio.cat\\\/aprenentatgeservei\\\/2020\\\/05\\\/28\\\/per-una-ciutat-reparadora\\\/#primaryimage\",\"url\":\"https:\\\/\\\/diarieducacio.cat\\\/aprenentatgeservei\\\/wp-content\\\/uploads\\\/sites\\\/22\\\/2020\\\/05\\\/iStock-961004270.jpg\",\"contentUrl\":\"https:\\\/\\\/diarieducacio.cat\\\/aprenentatgeservei\\\/wp-content\\\/uploads\\\/sites\\\/22\\\/2020\\\/05\\\/iStock-961004270.jpg\",\"width\":1253,\"height\":836,\"caption\":\"Barcelona | iStock\"},{\"@type\":\"BreadcrumbList\",\"@id\":\"https:\\\/\\\/diarieducacio.cat\\\/aprenentatgeservei\\\/2020\\\/05\\\/28\\\/per-una-ciutat-reparadora\\\/#breadcrumb\",\"itemListElement\":[{\"@type\":\"ListItem\",\"position\":1,\"name\":\"Inici\",\"item\":\"https:\\\/\\\/diarieducacio.cat\\\/aprenentatgeservei\\\/\"},{\"@type\":\"ListItem\",\"position\":2,\"name\":\"Per una ciutat reparadora\"}]},{\"@type\":\"WebSite\",\"@id\":\"https:\\\/\\\/diarieducacio.cat\\\/aprenentatgeservei\\\/#website\",\"url\":\"https:\\\/\\\/diarieducacio.cat\\\/aprenentatgeservei\\\/\",\"name\":\"Aps i educaci\u00f3 en valors\",\"description\":\"\",\"potentialAction\":[{\"@type\":\"SearchAction\",\"target\":{\"@type\":\"EntryPoint\",\"urlTemplate\":\"https:\\\/\\\/diarieducacio.cat\\\/aprenentatgeservei\\\/?s={search_term_string}\"},\"query-input\":{\"@type\":\"PropertyValueSpecification\",\"valueRequired\":true,\"valueName\":\"search_term_string\"}}],\"inLanguage\":\"ca\"},{\"@type\":\"Person\",\"@id\":\"https:\\\/\\\/diarieducacio.cat\\\/aprenentatgeservei\\\/#\\\/schema\\\/person\\\/5e09787a0c914794b90d61114ea93eb1\",\"name\":\"Jos\u00e9 Palos\",\"image\":{\"@type\":\"ImageObject\",\"inLanguage\":\"ca\",\"@id\":\"https:\\\/\\\/diarieducacio.cat\\\/aprenentatgeservei\\\/wp-content\\\/uploads\\\/sites\\\/22\\\/2025\\\/01\\\/jose-palos_avatar-96x96.jpg\",\"url\":\"https:\\\/\\\/diarieducacio.cat\\\/aprenentatgeservei\\\/wp-content\\\/uploads\\\/sites\\\/22\\\/2025\\\/01\\\/jose-palos_avatar-96x96.jpg\",\"contentUrl\":\"https:\\\/\\\/diarieducacio.cat\\\/aprenentatgeservei\\\/wp-content\\\/uploads\\\/sites\\\/22\\\/2025\\\/01\\\/jose-palos_avatar-96x96.jpg\",\"caption\":\"Jos\u00e9 Palos\"},\"description\":\"Mestre i doctor en Geografia Humana\",\"url\":\"https:\\\/\\\/diarieducacio.cat\\\/aprenentatgeservei\\\/author\\\/josepalos\\\/\"}]}<\/script>\n<!-- \/ Yoast SEO plugin. -->","yoast_head_json":{"title":"Per una ciutat reparadora - Aps i educaci\u00f3 en valors","robots":{"index":"index","follow":"follow","max-snippet":"max-snippet:-1","max-image-preview":"max-image-preview:large","max-video-preview":"max-video-preview:-1"},"canonical":"https:\/\/diarieducacio.cat\/aprenentatgeservei\/2020\/05\/28\/per-una-ciutat-reparadora\/","og_locale":"ca_ES","og_type":"article","og_title":"Per una ciutat reparadora - Aps i educaci\u00f3 en valors","og_description":"La ciutat \u00e9s un espai constru\u00eft on resideixen, es concentren i realitzen les seves activitats grans col\u00b7lectius de ciutadans. \u00c9s una realitat f\u00edsica per\u00f2 tamb\u00e9 es una construcci\u00f3 social i com a tal t\u00e9 ideologia, cultura, valors i un entramat de relacions socials i econ\u00f2miques complexes.","og_url":"https:\/\/diarieducacio.cat\/aprenentatgeservei\/2020\/05\/28\/per-una-ciutat-reparadora\/","og_site_name":"Aps i educaci\u00f3 en valors","article_publisher":"https:\/\/www.facebook.com\/diarieducacio\/","article_published_time":"2020-05-28T20:13:41+00:00","og_image":[{"width":1253,"height":836,"url":"https:\/\/diarieducacio.cat\/aprenentatgeservei\/wp-content\/uploads\/sites\/22\/2020\/05\/iStock-961004270.jpg","type":"image\/jpeg"}],"author":"Jos\u00e9 Palos","twitter_card":"summary_large_image","twitter_creator":"@DiariEducacio","twitter_site":"@DiariEducacio","twitter_misc":{"Escrit per":"Jos\u00e9 Palos","Temps estimat de lectura":"5 minuts"},"schema":{"@context":"https:\/\/schema.org","@graph":[{"@type":"Article","@id":"https:\/\/diarieducacio.cat\/aprenentatgeservei\/2020\/05\/28\/per-una-ciutat-reparadora\/#article","isPartOf":{"@id":"https:\/\/diarieducacio.cat\/aprenentatgeservei\/2020\/05\/28\/per-una-ciutat-reparadora\/"},"author":{"name":"Jos\u00e9 Palos","@id":"https:\/\/diarieducacio.cat\/aprenentatgeservei\/#\/schema\/person\/5e09787a0c914794b90d61114ea93eb1"},"headline":"Per una ciutat reparadora","datePublished":"2020-05-28T20:13:41+00:00","mainEntityOfPage":{"@id":"https:\/\/diarieducacio.cat\/aprenentatgeservei\/2020\/05\/28\/per-una-ciutat-reparadora\/"},"wordCount":918,"commentCount":0,"image":{"@id":"https:\/\/diarieducacio.cat\/aprenentatgeservei\/2020\/05\/28\/per-una-ciutat-reparadora\/#primaryimage"},"thumbnailUrl":"https:\/\/diarieducacio.cat\/aprenentatgeservei\/wp-content\/uploads\/sites\/22\/2020\/05\/iStock-961004270.jpg","articleSection":["General"],"inLanguage":"ca","potentialAction":[{"@type":"CommentAction","name":"Comment","target":["https:\/\/diarieducacio.cat\/aprenentatgeservei\/2020\/05\/28\/per-una-ciutat-reparadora\/#respond"]}]},{"@type":"WebPage","@id":"https:\/\/diarieducacio.cat\/aprenentatgeservei\/2020\/05\/28\/per-una-ciutat-reparadora\/","url":"https:\/\/diarieducacio.cat\/aprenentatgeservei\/2020\/05\/28\/per-una-ciutat-reparadora\/","name":"Per una ciutat reparadora - Aps i educaci\u00f3 en valors","isPartOf":{"@id":"https:\/\/diarieducacio.cat\/aprenentatgeservei\/#website"},"primaryImageOfPage":{"@id":"https:\/\/diarieducacio.cat\/aprenentatgeservei\/2020\/05\/28\/per-una-ciutat-reparadora\/#primaryimage"},"image":{"@id":"https:\/\/diarieducacio.cat\/aprenentatgeservei\/2020\/05\/28\/per-una-ciutat-reparadora\/#primaryimage"},"thumbnailUrl":"https:\/\/diarieducacio.cat\/aprenentatgeservei\/wp-content\/uploads\/sites\/22\/2020\/05\/iStock-961004270.jpg","datePublished":"2020-05-28T20:13:41+00:00","author":{"@id":"https:\/\/diarieducacio.cat\/aprenentatgeservei\/#\/schema\/person\/5e09787a0c914794b90d61114ea93eb1"},"breadcrumb":{"@id":"https:\/\/diarieducacio.cat\/aprenentatgeservei\/2020\/05\/28\/per-una-ciutat-reparadora\/#breadcrumb"},"inLanguage":"ca","potentialAction":[{"@type":"ReadAction","target":["https:\/\/diarieducacio.cat\/aprenentatgeservei\/2020\/05\/28\/per-una-ciutat-reparadora\/"]}]},{"@type":"ImageObject","inLanguage":"ca","@id":"https:\/\/diarieducacio.cat\/aprenentatgeservei\/2020\/05\/28\/per-una-ciutat-reparadora\/#primaryimage","url":"https:\/\/diarieducacio.cat\/aprenentatgeservei\/wp-content\/uploads\/sites\/22\/2020\/05\/iStock-961004270.jpg","contentUrl":"https:\/\/diarieducacio.cat\/aprenentatgeservei\/wp-content\/uploads\/sites\/22\/2020\/05\/iStock-961004270.jpg","width":1253,"height":836,"caption":"Barcelona | iStock"},{"@type":"BreadcrumbList","@id":"https:\/\/diarieducacio.cat\/aprenentatgeservei\/2020\/05\/28\/per-una-ciutat-reparadora\/#breadcrumb","itemListElement":[{"@type":"ListItem","position":1,"name":"Inici","item":"https:\/\/diarieducacio.cat\/aprenentatgeservei\/"},{"@type":"ListItem","position":2,"name":"Per una ciutat reparadora"}]},{"@type":"WebSite","@id":"https:\/\/diarieducacio.cat\/aprenentatgeservei\/#website","url":"https:\/\/diarieducacio.cat\/aprenentatgeservei\/","name":"Aps i educaci\u00f3 en valors","description":"","potentialAction":[{"@type":"SearchAction","target":{"@type":"EntryPoint","urlTemplate":"https:\/\/diarieducacio.cat\/aprenentatgeservei\/?s={search_term_string}"},"query-input":{"@type":"PropertyValueSpecification","valueRequired":true,"valueName":"search_term_string"}}],"inLanguage":"ca"},{"@type":"Person","@id":"https:\/\/diarieducacio.cat\/aprenentatgeservei\/#\/schema\/person\/5e09787a0c914794b90d61114ea93eb1","name":"Jos\u00e9 Palos","image":{"@type":"ImageObject","inLanguage":"ca","@id":"https:\/\/diarieducacio.cat\/aprenentatgeservei\/wp-content\/uploads\/sites\/22\/2025\/01\/jose-palos_avatar-96x96.jpg","url":"https:\/\/diarieducacio.cat\/aprenentatgeservei\/wp-content\/uploads\/sites\/22\/2025\/01\/jose-palos_avatar-96x96.jpg","contentUrl":"https:\/\/diarieducacio.cat\/aprenentatgeservei\/wp-content\/uploads\/sites\/22\/2025\/01\/jose-palos_avatar-96x96.jpg","caption":"Jos\u00e9 Palos"},"description":"Mestre i doctor en Geografia Humana","url":"https:\/\/diarieducacio.cat\/aprenentatgeservei\/author\/josepalos\/"}]}},"_links":{"self":[{"href":"https:\/\/diarieducacio.cat\/aprenentatgeservei\/wp-json\/wp\/v2\/posts\/665","targetHints":{"allow":["GET"]}}],"collection":[{"href":"https:\/\/diarieducacio.cat\/aprenentatgeservei\/wp-json\/wp\/v2\/posts"}],"about":[{"href":"https:\/\/diarieducacio.cat\/aprenentatgeservei\/wp-json\/wp\/v2\/types\/post"}],"author":[{"embeddable":true,"href":"https:\/\/diarieducacio.cat\/aprenentatgeservei\/wp-json\/wp\/v2\/users\/385"}],"replies":[{"embeddable":true,"href":"https:\/\/diarieducacio.cat\/aprenentatgeservei\/wp-json\/wp\/v2\/comments?post=665"}],"version-history":[{"count":0,"href":"https:\/\/diarieducacio.cat\/aprenentatgeservei\/wp-json\/wp\/v2\/posts\/665\/revisions"}],"wp:featuredmedia":[{"embeddable":true,"href":"https:\/\/diarieducacio.cat\/aprenentatgeservei\/wp-json\/wp\/v2\/media\/666"}],"wp:attachment":[{"href":"https:\/\/diarieducacio.cat\/aprenentatgeservei\/wp-json\/wp\/v2\/media?parent=665"}],"wp:term":[{"taxonomy":"category","embeddable":true,"href":"https:\/\/diarieducacio.cat\/aprenentatgeservei\/wp-json\/wp\/v2\/categories?post=665"},{"taxonomy":"post_tag","embeddable":true,"href":"https:\/\/diarieducacio.cat\/aprenentatgeservei\/wp-json\/wp\/v2\/tags?post=665"},{"taxonomy":"tipo","embeddable":true,"href":"https:\/\/diarieducacio.cat\/aprenentatgeservei\/wp-json\/wp\/v2\/tipo?post=665"}],"curies":[{"name":"wp","href":"https:\/\/api.w.org\/{rel}","templated":true}]}}