{"id":709,"date":"2020-09-30T17:20:26","date_gmt":"2020-09-30T17:20:26","guid":{"rendered":"https:\/\/diarieducacio.cat\/aprenentatgeservei\/?p=709"},"modified":"2020-09-30T17:20:26","modified_gmt":"2020-09-30T17:20:26","slug":"aprendre-per-transformar","status":"publish","type":"post","link":"https:\/\/diarieducacio.cat\/aprenentatgeservei\/2020\/09\/30\/aprendre-per-transformar\/","title":{"rendered":"Aprendre per transformar"},"content":{"rendered":"<p>Noies i nois arriben amb les motxilles plenes (que no buides) d&#8217;experi\u00e8ncies, relacions, activitats, emocions, i coneixements per\u00f2 tamb\u00e9 d&#8217;ensurts i abs\u00e8ncies que han anat elaborant durant una travessa que se&#8217;ls ha fet llarga i feixuga i que, a les postres, no sempre han ent\u00e8s. Nom\u00e9s alguns d&#8217;aquests coneixements, pocs, estan directament vinculats als aprenentatges escolars.<\/p>\n<p>Psic\u00f2legs infantils ja ens han advertit de la despesa emocional que la Covid ha tingut en la canalla i de la necessitat que des de les escoles es tingui cura del seu benestar, i es doni temps perqu\u00e8 qui vulgui pugui posar paraules i compartir la seva experi\u00e8ncia.<\/p>\n<p>Mestres i educadors de tots els cicles s&#8217;afanyen a crear espais reparadors que des de la quotidianitat ajudin als infants i adolescents a pair all\u00f2 que han viscut per\u00f2 tamb\u00e9 a trobar les eines que els permetin afrontar amb prud\u00e8ncia, per\u00f2 sense por, la vida. Espais on la cooperaci\u00f3, l&#8217;ajuda entre iguals, la calidesa en les relacions, el reconeixement de cada un dels membres del grup, o el respecte als diferents ritmes tenen m\u00e9s sentit que mai. Tamb\u00e9 \u00e9s el moment de decidir quins han de ser els aprenentatges claus, i com es treballaran al llarg del curs.<\/p>\n<p>En un moment en que la societat s&#8217;afronta a un problema sanitari sense precedents, per\u00f2 tamb\u00e9 social, l&#8217;escola no pot mirar cap una altra banda, o funcionar com si res no hagu\u00e9s passat o entossudir-se en recuperar all\u00f2 que l&#8217;any passat \u201ctocava\u201d i no es va fer.<\/p>\n<p>Es en aquesta situaci\u00f3 convulsa i incerta on la <em>recerca cooperativa orientada al b\u00e9 com\u00fa<\/em> que defensava John Dewey ens sembla m\u00e9s oportuna que mai. Una vella (i bella) proposta que ens pot ajudar a entomar amb \u00e8xit una de les funcions de la instituci\u00f3 escolar: transmetre a les noves generacions els coneixements que la societat considera necessaris per la vida en com\u00fa.<\/p>\n<p>Els projectes integrats, els projectes de treball, la ci\u00e8ncia ciutadana i d&#8217;altres propostes metodol\u00f2giques recullen, en bona part, l\u2019esperit de la recerca cooperativa, si b\u00e9 no totes, ni sempre, apunten al b\u00e9 com\u00fa. I \u00e9s precisament l&#8217;orientaci\u00f3 social la que modifica radicalment un projecte i la que, en aquests moment, pot ajudar als nois i noies a entendre, assumir i preparar-se per fer front a la situaci\u00f3 actual marcada per la pand\u00e8mia.<\/p>\n<p>Defensem els projectes de treball (i propostes afins) com a metodologia especialment efica\u00e7 per aconseguir una formaci\u00f3 humana i intel\u00b7lectual de qualitat. I ho fem apel\u00b7lant al seu comprom\u00eds amb tres drets que considerem b\u00e0sics en la inf\u00e0ncia i l\u2019adolesc\u00e8ncia: el dret a aprendre, el dret a (poder) confiar en els altres i el dret a sentir-se \u00fatil a la comunitat.<\/p>\n<h4><strong>Dret a aprendre<\/strong><\/h4>\n<p>L\u2019activitat de recerca, pr\u00f2pia dels projectes de treball, afavoreix els\u00a0 aprenentatges en la mesura que estimula la funci\u00f3 activa del pensament. Mentre investiguen, els infants es plantegen interrogants, formulen hip\u00f2tesis, es comprometen amb la cerca de respostes, recopilen informaci\u00f3, la contrasten, organitzen, observen, experimenten i duen a terme altres procediments que exigeixen una intensa activitat intel\u00b7lectual. La interdepend\u00e8ncia positiva entre els diferents membres del grup afavoreix la implicaci\u00f3 de cadascun d\u2019ells en la recerca.<\/p>\n<p>A nivell did\u00e0ctic els projectes permeten entomar problemes de manera globalitzada fugint de la fragmentaci\u00f3 de sabers i de la compartimentalitzaci\u00f3 dels coneixements pr\u00f2pia de les assignatures. Quan els projectes incorporen la projecci\u00f3 social els aprenentatges s\u2019intensifiquen en la mesura que esdevenen imprescindibles per millorar una situaci\u00f3 determinada.<\/p>\n<h4><strong>Dret a confiar en els altres <\/strong><\/h4>\n<p>Establir relacions basades en el respecte i la confian\u00e7a \u00e9s clau per un bon desenvolupament de la personalitat. Relacions amb els adults per\u00f2 tamb\u00e9 amb els iguals.<\/p>\n<p>Els projectes de treball generen interaccions continues amb els companys, afavoreixen viv\u00e8ncies positives de reconeixement individual i faciliten mostres d\u2019afecte i de companyonia. Tamb\u00e9 situacions de desacord i malentesos que els nois i noies han d\u2019aprendre a gestionar. La confian\u00e7a en cada membre del grup, la responsabilitat davant els iguals i el sentiment de col\u00b7lectivitat es construeixen a mesura que avan\u00e7a el projecte.<\/p>\n<p>El fet que la recerca s\u2019orienti al benefici de la comunitat eixampla el cercle de relacions, incorporant altres persones amb les que els nois i noies estableixen vincles afectius. Si b\u00e9 la proximitat f\u00edsica ho facilita, durant el confinament moltes escoles ens han mostrat que no imprescindible. El projecte \u201ccontes per gent gran\u201d, que incorpora la lectura de contes per tel\u00e8fon a avis que viuen sols, \u00e9s un bon exemple.<\/p>\n<h4><strong>Dret a sentir-se \u00fatil a la comunitat<\/strong><\/h4>\n<p>La construcci\u00f3 d\u2019un autoconcepte positiu dep\u00e8n de molts factors. Probablement un dels m\u00e9s importants sigui l\u2019experi\u00e8ncia de \u201cser capa\u00e7 de\u201d. Sovint en educaci\u00f3 s\u2019ha primat el recolzament als infants i s\u2019ha menystingut l\u2019impacte que tenen en la seva formaci\u00f3 les situacions en les que s\u00f3n ells qui ajuden als altres.<\/p>\n<p>Els projectes amb servei a la comunitat proporcionen a infants i adolescents l\u2019experi\u00e8ncia de ser \u00fatils i de tenir quelcom de valor a oferir a la societat. Els permeten contribuir en la realitat de la qual participen, i desenvolupar el comprom\u00eds social i la responsabilitat davant els esdeveniments i problemes que els envolten. S\u00f3n tamb\u00e9 font de satisfacci\u00f3 i generadores d\u2019autoestima en adonar-se\u2019n que amb esfor\u00e7 i generositat es pot millorar el benestar d\u2019altres persones o optimitzar l\u2019entorn.<\/p>\n<p>I , a m\u00e9s, els participants en un projecte de treball amb projecci\u00f3 social descobreixen que la recerca i els aprenentatges tenen una dimensi\u00f3 \u00e8tica que els dota de sentit i que mai no s\u2019hauria d\u2019obviar.<\/p>\n<p>Som conscients que les mesures de seguretat necess\u00e0ries per combatre la pand\u00e8mia fan dif\u00edcil el contacte directe de l\u2019alumnat amb les entitats de l\u2019entorn, per\u00f2 tamb\u00e9 que aquest contacte proper no \u00e9s requisit imprescindible per implicar-se en projectes de recerca amb servei a la comunitat.<\/p>\n<p>A modus d\u2019exemple (o d\u2019inspiraci\u00f3) en <a href=\"https:\/\/diarieducacio.cat\/aprenentatgeservei\/2020\/07\/15\/aps-durant-el-confinament-aprendre-ciutadania-i-guanyar-resiliencia\">aquest link<\/a> podeu trobar nombroses experi\u00e8ncies d\u2019aprenentatge servei protagonitzades, per alumnes de diferents edats, durant les setmanes de confinament viscudes el curs anterior.<\/p>\n","protected":false},"excerpt":{"rendered":"<p>Recentment ha comen\u00e7at el que ser\u00e0 el curs escolar m\u00e9s an\u00f2mal de la hist\u00f2ria. Infants i adolescents han trepitjat escoles i instituts per primera vegada en sis mesos. Sis mesos \u2013vacances incloses\u2013 que cada fam\u00edlia ha sortejat com ha pogut. I cada equip docent tamb\u00e9. <\/p>\n","protected":false},"author":384,"featured_media":711,"comment_status":"open","ping_status":"open","sticky":false,"template":"","format":"standard","meta":{"footnotes":""},"categories":[2],"tags":[],"tipo":[],"class_list":{"0":"post-709","1":"post","2":"type-post","3":"status-publish","4":"format-standard","5":"has-post-thumbnail","7":"category-general"},"yoast_head":"<!-- This site is optimized with the Yoast SEO plugin v27.4 - https:\/\/yoast.com\/product\/yoast-seo-wordpress\/ -->\n<title>Aprendre per transformar - Aps i educaci\u00f3 en valors<\/title>\n<meta name=\"robots\" content=\"index, follow, max-snippet:-1, max-image-preview:large, max-video-preview:-1\" \/>\n<link rel=\"canonical\" href=\"https:\/\/diarieducacio.cat\/aprenentatgeservei\/2020\/09\/30\/aprendre-per-transformar\/\" \/>\n<meta property=\"og:locale\" content=\"ca_ES\" \/>\n<meta property=\"og:type\" content=\"article\" \/>\n<meta property=\"og:title\" content=\"Aprendre per transformar - Aps i educaci\u00f3 en valors\" \/>\n<meta property=\"og:description\" content=\"Recentment ha comen\u00e7at el que ser\u00e0 el curs escolar m\u00e9s an\u00f2mal de la hist\u00f2ria. Infants i adolescents han trepitjat escoles i instituts per primera vegada en sis mesos. Sis mesos \u2013vacances incloses\u2013 que cada fam\u00edlia ha sortejat com ha pogut. I cada equip docent tamb\u00e9.\" \/>\n<meta property=\"og:url\" content=\"https:\/\/diarieducacio.cat\/aprenentatgeservei\/2020\/09\/30\/aprendre-per-transformar\/\" \/>\n<meta property=\"og:site_name\" content=\"Aps i educaci\u00f3 en valors\" \/>\n<meta property=\"article:publisher\" content=\"https:\/\/www.facebook.com\/diarieducacio\/\" \/>\n<meta property=\"article:published_time\" content=\"2020-09-30T17:20:26+00:00\" \/>\n<meta property=\"og:image\" content=\"https:\/\/diarieducacio.cat\/aprenentatgeservei\/wp-content\/uploads\/sites\/22\/2020\/09\/iStock-1225940345.jpg\" \/>\n\t<meta property=\"og:image:width\" content=\"1254\" \/>\n\t<meta property=\"og:image:height\" content=\"836\" \/>\n\t<meta property=\"og:image:type\" content=\"image\/jpeg\" \/>\n<meta name=\"author\" content=\"Xus Mart\u00edn\" \/>\n<meta name=\"twitter:card\" content=\"summary_large_image\" \/>\n<meta name=\"twitter:creator\" content=\"@DiariEducacio\" \/>\n<meta name=\"twitter:site\" content=\"@DiariEducacio\" \/>\n<meta name=\"twitter:label1\" content=\"Escrit per\" \/>\n\t<meta name=\"twitter:data1\" content=\"Xus Mart\u00edn\" \/>\n\t<meta name=\"twitter:label2\" content=\"Temps estimat de lectura\" \/>\n\t<meta name=\"twitter:data2\" content=\"5 minuts\" \/>\n<script type=\"application\/ld+json\" class=\"yoast-schema-graph\">{\"@context\":\"https:\\\/\\\/schema.org\",\"@graph\":[{\"@type\":\"Article\",\"@id\":\"https:\\\/\\\/diarieducacio.cat\\\/aprenentatgeservei\\\/2020\\\/09\\\/30\\\/aprendre-per-transformar\\\/#article\",\"isPartOf\":{\"@id\":\"https:\\\/\\\/diarieducacio.cat\\\/aprenentatgeservei\\\/2020\\\/09\\\/30\\\/aprendre-per-transformar\\\/\"},\"author\":{\"name\":\"Xus Mart\u00edn\",\"@id\":\"https:\\\/\\\/diarieducacio.cat\\\/aprenentatgeservei\\\/#\\\/schema\\\/person\\\/f6fed02da0a1561eed867466f51fe09a\"},\"headline\":\"Aprendre per transformar\",\"datePublished\":\"2020-09-30T17:20:26+00:00\",\"mainEntityOfPage\":{\"@id\":\"https:\\\/\\\/diarieducacio.cat\\\/aprenentatgeservei\\\/2020\\\/09\\\/30\\\/aprendre-per-transformar\\\/\"},\"wordCount\":1063,\"commentCount\":0,\"image\":{\"@id\":\"https:\\\/\\\/diarieducacio.cat\\\/aprenentatgeservei\\\/2020\\\/09\\\/30\\\/aprendre-per-transformar\\\/#primaryimage\"},\"thumbnailUrl\":\"https:\\\/\\\/diarieducacio.cat\\\/aprenentatgeservei\\\/wp-content\\\/uploads\\\/sites\\\/22\\\/2020\\\/09\\\/iStock-1225940345.jpg\",\"articleSection\":[\"General\"],\"inLanguage\":\"ca\",\"potentialAction\":[{\"@type\":\"CommentAction\",\"name\":\"Comment\",\"target\":[\"https:\\\/\\\/diarieducacio.cat\\\/aprenentatgeservei\\\/2020\\\/09\\\/30\\\/aprendre-per-transformar\\\/#respond\"]}]},{\"@type\":\"WebPage\",\"@id\":\"https:\\\/\\\/diarieducacio.cat\\\/aprenentatgeservei\\\/2020\\\/09\\\/30\\\/aprendre-per-transformar\\\/\",\"url\":\"https:\\\/\\\/diarieducacio.cat\\\/aprenentatgeservei\\\/2020\\\/09\\\/30\\\/aprendre-per-transformar\\\/\",\"name\":\"Aprendre per transformar - Aps i educaci\u00f3 en valors\",\"isPartOf\":{\"@id\":\"https:\\\/\\\/diarieducacio.cat\\\/aprenentatgeservei\\\/#website\"},\"primaryImageOfPage\":{\"@id\":\"https:\\\/\\\/diarieducacio.cat\\\/aprenentatgeservei\\\/2020\\\/09\\\/30\\\/aprendre-per-transformar\\\/#primaryimage\"},\"image\":{\"@id\":\"https:\\\/\\\/diarieducacio.cat\\\/aprenentatgeservei\\\/2020\\\/09\\\/30\\\/aprendre-per-transformar\\\/#primaryimage\"},\"thumbnailUrl\":\"https:\\\/\\\/diarieducacio.cat\\\/aprenentatgeservei\\\/wp-content\\\/uploads\\\/sites\\\/22\\\/2020\\\/09\\\/iStock-1225940345.jpg\",\"datePublished\":\"2020-09-30T17:20:26+00:00\",\"author\":{\"@id\":\"https:\\\/\\\/diarieducacio.cat\\\/aprenentatgeservei\\\/#\\\/schema\\\/person\\\/f6fed02da0a1561eed867466f51fe09a\"},\"breadcrumb\":{\"@id\":\"https:\\\/\\\/diarieducacio.cat\\\/aprenentatgeservei\\\/2020\\\/09\\\/30\\\/aprendre-per-transformar\\\/#breadcrumb\"},\"inLanguage\":\"ca\",\"potentialAction\":[{\"@type\":\"ReadAction\",\"target\":[\"https:\\\/\\\/diarieducacio.cat\\\/aprenentatgeservei\\\/2020\\\/09\\\/30\\\/aprendre-per-transformar\\\/\"]}]},{\"@type\":\"ImageObject\",\"inLanguage\":\"ca\",\"@id\":\"https:\\\/\\\/diarieducacio.cat\\\/aprenentatgeservei\\\/2020\\\/09\\\/30\\\/aprendre-per-transformar\\\/#primaryimage\",\"url\":\"https:\\\/\\\/diarieducacio.cat\\\/aprenentatgeservei\\\/wp-content\\\/uploads\\\/sites\\\/22\\\/2020\\\/09\\\/iStock-1225940345.jpg\",\"contentUrl\":\"https:\\\/\\\/diarieducacio.cat\\\/aprenentatgeservei\\\/wp-content\\\/uploads\\\/sites\\\/22\\\/2020\\\/09\\\/iStock-1225940345.jpg\",\"width\":1254,\"height\":836,\"caption\":\"iStock\"},{\"@type\":\"BreadcrumbList\",\"@id\":\"https:\\\/\\\/diarieducacio.cat\\\/aprenentatgeservei\\\/2020\\\/09\\\/30\\\/aprendre-per-transformar\\\/#breadcrumb\",\"itemListElement\":[{\"@type\":\"ListItem\",\"position\":1,\"name\":\"Inici\",\"item\":\"https:\\\/\\\/diarieducacio.cat\\\/aprenentatgeservei\\\/\"},{\"@type\":\"ListItem\",\"position\":2,\"name\":\"Aprendre per transformar\"}]},{\"@type\":\"WebSite\",\"@id\":\"https:\\\/\\\/diarieducacio.cat\\\/aprenentatgeservei\\\/#website\",\"url\":\"https:\\\/\\\/diarieducacio.cat\\\/aprenentatgeservei\\\/\",\"name\":\"Aps i educaci\u00f3 en valors\",\"description\":\"\",\"potentialAction\":[{\"@type\":\"SearchAction\",\"target\":{\"@type\":\"EntryPoint\",\"urlTemplate\":\"https:\\\/\\\/diarieducacio.cat\\\/aprenentatgeservei\\\/?s={search_term_string}\"},\"query-input\":{\"@type\":\"PropertyValueSpecification\",\"valueRequired\":true,\"valueName\":\"search_term_string\"}}],\"inLanguage\":\"ca\"},{\"@type\":\"Person\",\"@id\":\"https:\\\/\\\/diarieducacio.cat\\\/aprenentatgeservei\\\/#\\\/schema\\\/person\\\/f6fed02da0a1561eed867466f51fe09a\",\"name\":\"Xus Mart\u00edn\",\"image\":{\"@type\":\"ImageObject\",\"inLanguage\":\"ca\",\"@id\":\"https:\\\/\\\/diarieducacio.cat\\\/aprenentatgeservei\\\/wp-content\\\/uploads\\\/sites\\\/22\\\/2025\\\/06\\\/xus-martin_avatar-96x96.jpg\",\"url\":\"https:\\\/\\\/diarieducacio.cat\\\/aprenentatgeservei\\\/wp-content\\\/uploads\\\/sites\\\/22\\\/2025\\\/06\\\/xus-martin_avatar-96x96.jpg\",\"contentUrl\":\"https:\\\/\\\/diarieducacio.cat\\\/aprenentatgeservei\\\/wp-content\\\/uploads\\\/sites\\\/22\\\/2025\\\/06\\\/xus-martin_avatar-96x96.jpg\",\"caption\":\"Xus Mart\u00edn\"},\"description\":\"Professora Titular de la Facultat d'Educaci\u00f3 de la Universitat de Barcelona i membre del Centre Promotor d'ApS\",\"url\":\"https:\\\/\\\/diarieducacio.cat\\\/aprenentatgeservei\\\/author\\\/xmartin\\\/\"}]}<\/script>\n<!-- \/ Yoast SEO plugin. -->","yoast_head_json":{"title":"Aprendre per transformar - Aps i educaci\u00f3 en valors","robots":{"index":"index","follow":"follow","max-snippet":"max-snippet:-1","max-image-preview":"max-image-preview:large","max-video-preview":"max-video-preview:-1"},"canonical":"https:\/\/diarieducacio.cat\/aprenentatgeservei\/2020\/09\/30\/aprendre-per-transformar\/","og_locale":"ca_ES","og_type":"article","og_title":"Aprendre per transformar - Aps i educaci\u00f3 en valors","og_description":"Recentment ha comen\u00e7at el que ser\u00e0 el curs escolar m\u00e9s an\u00f2mal de la hist\u00f2ria. Infants i adolescents han trepitjat escoles i instituts per primera vegada en sis mesos. Sis mesos \u2013vacances incloses\u2013 que cada fam\u00edlia ha sortejat com ha pogut. I cada equip docent tamb\u00e9.","og_url":"https:\/\/diarieducacio.cat\/aprenentatgeservei\/2020\/09\/30\/aprendre-per-transformar\/","og_site_name":"Aps i educaci\u00f3 en valors","article_publisher":"https:\/\/www.facebook.com\/diarieducacio\/","article_published_time":"2020-09-30T17:20:26+00:00","og_image":[{"width":1254,"height":836,"url":"https:\/\/diarieducacio.cat\/aprenentatgeservei\/wp-content\/uploads\/sites\/22\/2020\/09\/iStock-1225940345.jpg","type":"image\/jpeg"}],"author":"Xus Mart\u00edn","twitter_card":"summary_large_image","twitter_creator":"@DiariEducacio","twitter_site":"@DiariEducacio","twitter_misc":{"Escrit per":"Xus Mart\u00edn","Temps estimat de lectura":"5 minuts"},"schema":{"@context":"https:\/\/schema.org","@graph":[{"@type":"Article","@id":"https:\/\/diarieducacio.cat\/aprenentatgeservei\/2020\/09\/30\/aprendre-per-transformar\/#article","isPartOf":{"@id":"https:\/\/diarieducacio.cat\/aprenentatgeservei\/2020\/09\/30\/aprendre-per-transformar\/"},"author":{"name":"Xus Mart\u00edn","@id":"https:\/\/diarieducacio.cat\/aprenentatgeservei\/#\/schema\/person\/f6fed02da0a1561eed867466f51fe09a"},"headline":"Aprendre per transformar","datePublished":"2020-09-30T17:20:26+00:00","mainEntityOfPage":{"@id":"https:\/\/diarieducacio.cat\/aprenentatgeservei\/2020\/09\/30\/aprendre-per-transformar\/"},"wordCount":1063,"commentCount":0,"image":{"@id":"https:\/\/diarieducacio.cat\/aprenentatgeservei\/2020\/09\/30\/aprendre-per-transformar\/#primaryimage"},"thumbnailUrl":"https:\/\/diarieducacio.cat\/aprenentatgeservei\/wp-content\/uploads\/sites\/22\/2020\/09\/iStock-1225940345.jpg","articleSection":["General"],"inLanguage":"ca","potentialAction":[{"@type":"CommentAction","name":"Comment","target":["https:\/\/diarieducacio.cat\/aprenentatgeservei\/2020\/09\/30\/aprendre-per-transformar\/#respond"]}]},{"@type":"WebPage","@id":"https:\/\/diarieducacio.cat\/aprenentatgeservei\/2020\/09\/30\/aprendre-per-transformar\/","url":"https:\/\/diarieducacio.cat\/aprenentatgeservei\/2020\/09\/30\/aprendre-per-transformar\/","name":"Aprendre per transformar - Aps i educaci\u00f3 en valors","isPartOf":{"@id":"https:\/\/diarieducacio.cat\/aprenentatgeservei\/#website"},"primaryImageOfPage":{"@id":"https:\/\/diarieducacio.cat\/aprenentatgeservei\/2020\/09\/30\/aprendre-per-transformar\/#primaryimage"},"image":{"@id":"https:\/\/diarieducacio.cat\/aprenentatgeservei\/2020\/09\/30\/aprendre-per-transformar\/#primaryimage"},"thumbnailUrl":"https:\/\/diarieducacio.cat\/aprenentatgeservei\/wp-content\/uploads\/sites\/22\/2020\/09\/iStock-1225940345.jpg","datePublished":"2020-09-30T17:20:26+00:00","author":{"@id":"https:\/\/diarieducacio.cat\/aprenentatgeservei\/#\/schema\/person\/f6fed02da0a1561eed867466f51fe09a"},"breadcrumb":{"@id":"https:\/\/diarieducacio.cat\/aprenentatgeservei\/2020\/09\/30\/aprendre-per-transformar\/#breadcrumb"},"inLanguage":"ca","potentialAction":[{"@type":"ReadAction","target":["https:\/\/diarieducacio.cat\/aprenentatgeservei\/2020\/09\/30\/aprendre-per-transformar\/"]}]},{"@type":"ImageObject","inLanguage":"ca","@id":"https:\/\/diarieducacio.cat\/aprenentatgeservei\/2020\/09\/30\/aprendre-per-transformar\/#primaryimage","url":"https:\/\/diarieducacio.cat\/aprenentatgeservei\/wp-content\/uploads\/sites\/22\/2020\/09\/iStock-1225940345.jpg","contentUrl":"https:\/\/diarieducacio.cat\/aprenentatgeservei\/wp-content\/uploads\/sites\/22\/2020\/09\/iStock-1225940345.jpg","width":1254,"height":836,"caption":"iStock"},{"@type":"BreadcrumbList","@id":"https:\/\/diarieducacio.cat\/aprenentatgeservei\/2020\/09\/30\/aprendre-per-transformar\/#breadcrumb","itemListElement":[{"@type":"ListItem","position":1,"name":"Inici","item":"https:\/\/diarieducacio.cat\/aprenentatgeservei\/"},{"@type":"ListItem","position":2,"name":"Aprendre per transformar"}]},{"@type":"WebSite","@id":"https:\/\/diarieducacio.cat\/aprenentatgeservei\/#website","url":"https:\/\/diarieducacio.cat\/aprenentatgeservei\/","name":"Aps i educaci\u00f3 en valors","description":"","potentialAction":[{"@type":"SearchAction","target":{"@type":"EntryPoint","urlTemplate":"https:\/\/diarieducacio.cat\/aprenentatgeservei\/?s={search_term_string}"},"query-input":{"@type":"PropertyValueSpecification","valueRequired":true,"valueName":"search_term_string"}}],"inLanguage":"ca"},{"@type":"Person","@id":"https:\/\/diarieducacio.cat\/aprenentatgeservei\/#\/schema\/person\/f6fed02da0a1561eed867466f51fe09a","name":"Xus Mart\u00edn","image":{"@type":"ImageObject","inLanguage":"ca","@id":"https:\/\/diarieducacio.cat\/aprenentatgeservei\/wp-content\/uploads\/sites\/22\/2025\/06\/xus-martin_avatar-96x96.jpg","url":"https:\/\/diarieducacio.cat\/aprenentatgeservei\/wp-content\/uploads\/sites\/22\/2025\/06\/xus-martin_avatar-96x96.jpg","contentUrl":"https:\/\/diarieducacio.cat\/aprenentatgeservei\/wp-content\/uploads\/sites\/22\/2025\/06\/xus-martin_avatar-96x96.jpg","caption":"Xus Mart\u00edn"},"description":"Professora Titular de la Facultat d'Educaci\u00f3 de la Universitat de Barcelona i membre del Centre Promotor d'ApS","url":"https:\/\/diarieducacio.cat\/aprenentatgeservei\/author\/xmartin\/"}]}},"_links":{"self":[{"href":"https:\/\/diarieducacio.cat\/aprenentatgeservei\/wp-json\/wp\/v2\/posts\/709","targetHints":{"allow":["GET"]}}],"collection":[{"href":"https:\/\/diarieducacio.cat\/aprenentatgeservei\/wp-json\/wp\/v2\/posts"}],"about":[{"href":"https:\/\/diarieducacio.cat\/aprenentatgeservei\/wp-json\/wp\/v2\/types\/post"}],"author":[{"embeddable":true,"href":"https:\/\/diarieducacio.cat\/aprenentatgeservei\/wp-json\/wp\/v2\/users\/384"}],"replies":[{"embeddable":true,"href":"https:\/\/diarieducacio.cat\/aprenentatgeservei\/wp-json\/wp\/v2\/comments?post=709"}],"version-history":[{"count":0,"href":"https:\/\/diarieducacio.cat\/aprenentatgeservei\/wp-json\/wp\/v2\/posts\/709\/revisions"}],"wp:featuredmedia":[{"embeddable":true,"href":"https:\/\/diarieducacio.cat\/aprenentatgeservei\/wp-json\/wp\/v2\/media\/711"}],"wp:attachment":[{"href":"https:\/\/diarieducacio.cat\/aprenentatgeservei\/wp-json\/wp\/v2\/media?parent=709"}],"wp:term":[{"taxonomy":"category","embeddable":true,"href":"https:\/\/diarieducacio.cat\/aprenentatgeservei\/wp-json\/wp\/v2\/categories?post=709"},{"taxonomy":"post_tag","embeddable":true,"href":"https:\/\/diarieducacio.cat\/aprenentatgeservei\/wp-json\/wp\/v2\/tags?post=709"},{"taxonomy":"tipo","embeddable":true,"href":"https:\/\/diarieducacio.cat\/aprenentatgeservei\/wp-json\/wp\/v2\/tipo?post=709"}],"curies":[{"name":"wp","href":"https:\/\/api.w.org\/{rel}","templated":true}]}}