{"id":71,"date":"2015-06-03T09:11:23","date_gmt":"2015-06-03T09:11:23","guid":{"rendered":"https:\/\/diarieducacio.cat\/aprenentatgeservei\/?p=71"},"modified":"2015-06-03T09:11:23","modified_gmt":"2015-06-03T09:11:23","slug":"fonamentant-laps-una-perspectiva-sociologica","status":"publish","type":"post","link":"https:\/\/diarieducacio.cat\/aprenentatgeservei\/2015\/06\/03\/fonamentant-laps-una-perspectiva-sociologica\/","title":{"rendered":"Fonamentant l&#8217;ApS: una perspectiva sociol\u00f2gica"},"content":{"rendered":"<p>L\u2019 ApS, com hem dit en altres ocasions, obeeix a un model educatiu en el qual s\u2019activen els principis de l\u2019experi\u00e8ncia, l\u2019altruisme, la participaci\u00f3 i es fomenta l\u2019exercici responsable de la llibertat. L\u2019ApS \u00e9s una escola de ciutadania, una via inspirada en el \u201cpragmatisme cr\u00edtic\u201d nord-americ\u00e0 (John Dewey) i en la \u201ccr\u00edtica de la racionalitat instrumental\u201d de tradici\u00f3 europea ( Max Weber). En ells trobem elements de car\u00e0cter te\u00f2ric que fonamenten, des d\u2019una perspectiva sociol\u00f2gica comparada (Jaeger,J. 2010) el nostres projectes.<\/p>\n<p><strong>Una pr\u00e0ctica significativa<\/strong><\/p>\n<p>La nostra \u00e9s una acci\u00f3 pensada, dissenyada i avaluada, amb criteris i objectius expl\u00edcits. Som actius, no activistes. No ens interessa l\u2019acci\u00f3 per l\u2019acci\u00f3, sin\u00f3 una pr\u00e0ctica educativa dotada de significaci\u00f3, orientada cap a unes finalitats, al servei d\u2019 interessos col\u00b7lectius de la comunitat. Cerquem fer realitat all\u00f2 que entenem com a raonable en una situaci\u00f3 donada, mitjan\u00e7ant el respecte als agents implicats, el di\u00e0leg i la cooperaci\u00f3. Treballem, a m\u00e9s a m\u00e9s, amb aquella visi\u00f3 pragm\u00e0tica i experimental que sap estar atenta als problemes i a les necessitats socials concretes de l\u2019entorn m\u00e9s proper. Ens agrada que les coses siguin clares i distintes: una cosa s\u00f3n els mitjans (all\u00f2 que \u00e9s instrumental) i altra els fins (el que \u00e9s substantiu) (Weber,M. ,1979).<\/p>\n<p><strong>M\u00e9s enll\u00e0 de la crisi econ\u00f2mica<\/strong><\/p>\n<p>Analitzem el moment hist\u00f2ric en qu\u00e8 ens trobem com un temps d\u2019 eclipsi d\u2019all\u00f2 p\u00fablic i com\u00fa, com una \u00e8poca de crisi del model de civilitzaci\u00f3 occidental, de la m\u00e0 de la burocratitzaci\u00f3 de la vida p\u00fablica, de la despersonalitzaci\u00f3 de les relacions socials, de la super-especialitzaci\u00f3 i de la p\u00e8rdua de les llibertats. Una aut\u00e8ntica escissi\u00f3 o ruptura amb les tradicions culturals de la comuna civilitzaci\u00f3 europea, que demana atenci\u00f3 a l\u2019emerg\u00e8ncia d\u2019elements d\u2019una \u201cnova modernitat\u201d(Beck,U.,2007). S\u2019imposa l\u2019acceptaci\u00f3 cr\u00edtica dall\u00f2 que \u00e9s real, no des dels discursos i les teories generals, sin\u00f3 amb aquella visi\u00f3 pragmatista, dotada d\u2019un cert optimisme vital que ens porta a treballar \u201c junts\u201d i donar prioritat a la construcci\u00f3 o rehabilitaci\u00f3 del subjecte social concret, de les persones i els pobles com a subjectes de drets individuals, socials i culturals (Foucault, M., 2001; Touraine, A., 2009). En definitiva, es tracta de revaloritzar aquells elements culturals i els valors de l\u2019humanisme cl\u00e0ssic que segueixen nodrint la conviv\u00e8ncia civil.<\/p>\n<p><strong>Primacia del m\u00f3n de la vida<\/strong><\/p>\n<p>Afirmem la primacia del \u201cm\u00f3n de la vida\u201d; la necessitat d\u2019adaptar-se amb normalitat a les noves condicions i exig\u00e8ncies de la societat del coneixement en qu\u00e8 ens movem. Vivim en una societat del risc globalitzat (Beck,U., 1998 ) en la qual la lluita per la pau, el respecte, la cooperaci\u00f3 en la vida comunit\u00e0ria han esdevingut una urg\u00e8ncia perent\u00f2ria. La participaci\u00f3 de totes les persones involucrades en l\u2019acci\u00f3 i l\u2019emancipaci\u00f3 dels subjectes en l\u2019acci\u00f3 democr\u00e0tica han d\u2019anar de la m\u00e0. Ens toca fer l\u2019elogi de l\u2019artes\u00e0, del taller i la feina ben feta entre tots junts; de valorar la import\u00e0ncia de la quotidianitat, de la sensibilitat i de les plurals expressions de les cultures. \u00c9s imprescindible tenir una base social ampla, que ens permeti refer el teixit social i incidir en la construcci\u00f3 dels subjectes, mitjan\u00e7ant l\u2019acci\u00f3 solidaria, a peu de barris, pobles i ciutats. En el m\u00f3n de la vida, com deia Max Weber, hi ha \u201cresidus de valors i forces culturals\u201d a les quals estar atents (la \u201cpersonalitat\u201d, la \u201ccultura\u201d, el \u201cpian\u00edssimo\u201dde les esferes m\u00ednimes de la vida\u2026).<\/p>\n<p><strong>Una estrat\u00e8gia del \u201ccom\u00fa\u201d com a espai p\u00fablic de relacions interpersonals estructurat democr\u00e0ticament<\/strong><\/p>\n<p>La nostra visi\u00f3 ens porta a recentrar el treball en les persones i en la comunitat i a posar en valor la mediaci\u00f3 cultural i social i la conviv\u00e8ncia basada en el respecte mutu. No \u00e9s tan sols una q\u00fcesti\u00f3 de resist\u00e8ncia \/ resili\u00e8ncia a partir de valors tradicionals als que aferrar-se, davant la desfeta de la personalitzaci\u00f3 i d\u2019una socialitzaci\u00f3 que fa aig\u00fces arreu. \u00c9s, tamb\u00e9 i principalment, un problema de formaci\u00f3 de persones compromeses amb la comunitat, de reeducaci\u00f3 de la societat per ella mateixa (\u201cprogressive education\u201d) (Dewey, J. 1975). Es tracta de potenciar la creaci\u00f3 espais d\u2019acci\u00f3 comunit\u00e0ria, que incrementin la flu\u00efdesa en la comunicaci\u00f3, el sentit de pertinen\u00e7a, el voluntariat i les xarxes socials. En definitiva, amb l\u2019ApS adoptem una nova perspectiva: la d\u2019una societat civil, que afirma el principi de personalitzaci\u00f3 en un nou marc comunitari, amb noves regles de joc, nous i renovats valors, nous agents i noves institucions.<\/p>\n<p><strong>REFER\u00c8NCIES:<\/strong><\/p>\n<p>Beck, U. (1998) La sociedad del riesgo.Hacia una nueva modernidad.Paid\u00f3s, Barcelona.<br \/>\nDewey, J. (1975) Democracia y educaci\u00f3n. Morata, Madrid.<br \/>\nFoucault, M. (2001) La hermen\u00e9utica del sujeto. Akal, Madrid.<br \/>\nJaeger, F. \u201cLa comparaci\u00f3n de sociedades en la historia de las ideas\u201d.<br \/>\nEn J.Scriewer i H. Kaeble. Coords.<br \/>\n(2010) La comparaci\u00f3n en las ciencias sociales e hist\u00f3ricas .<br \/>\nBarcelona ,Octaedro.<br \/>\nTouraine, A. (2009) La mirada social. Un marco de pensamiento distinto para el siglo<br \/>\nXXI . Paidos, Barcelona.<br \/>\nWeber, M. (1979) Econom\u00eda y sociedad.Esbozo de sociologia comprensiva.Fondo<br \/>\nde Cultura Econ\u00f3mica, M\u00e9jico.<\/p>\n","protected":false},"excerpt":{"rendered":"<p>amb l\u2019ApS adoptem una nova perspectiva: la d\u2019una societat civil, que afirma el principi de personalitzaci\u00f3 en un nou marc comunitari, amb noves regles de joc, nous i renovats valors, nous agents i noves institucions<\/p>\n","protected":false},"author":100,"featured_media":0,"comment_status":"open","ping_status":"open","sticky":false,"template":"","format":"standard","meta":{"footnotes":""},"categories":[2],"tags":[97,98,123,101],"tipo":[],"class_list":{"0":"post-71","1":"post","2":"type-post","3":"status-publish","4":"format-standard","6":"category-general","7":"tag-aprenentatge-servei","8":"tag-aps","9":"tag-practica","10":"tag-projectes"},"yoast_head":"<!-- This site is optimized with the Yoast SEO plugin v27.5 - https:\/\/yoast.com\/product\/yoast-seo-wordpress\/ -->\n<title>Fonamentant l&#039;ApS: una perspectiva sociol\u00f2gica - Aps i educaci\u00f3 en valors<\/title>\n<meta name=\"robots\" content=\"index, follow, max-snippet:-1, max-image-preview:large, max-video-preview:-1\" \/>\n<link rel=\"canonical\" href=\"https:\/\/diarieducacio.cat\/aprenentatgeservei\/2015\/06\/03\/fonamentant-laps-una-perspectiva-sociologica\/\" \/>\n<meta property=\"og:locale\" content=\"ca_ES\" \/>\n<meta property=\"og:type\" content=\"article\" \/>\n<meta property=\"og:title\" content=\"Fonamentant l&#039;ApS: una perspectiva sociol\u00f2gica - Aps i educaci\u00f3 en valors\" \/>\n<meta property=\"og:description\" content=\"amb l\u2019ApS adoptem una nova perspectiva: la d\u2019una societat civil, que afirma el principi de personalitzaci\u00f3 en un nou marc comunitari, amb noves regles de joc, nous i renovats valors, nous agents i noves institucions\" \/>\n<meta property=\"og:url\" content=\"https:\/\/diarieducacio.cat\/aprenentatgeservei\/2015\/06\/03\/fonamentant-laps-una-perspectiva-sociologica\/\" \/>\n<meta property=\"og:site_name\" content=\"Aps i educaci\u00f3 en valors\" \/>\n<meta property=\"article:publisher\" content=\"https:\/\/www.facebook.com\/diarieducacio\/\" \/>\n<meta property=\"article:published_time\" content=\"2015-06-03T09:11:23+00:00\" \/>\n<meta name=\"author\" content=\"Salvador Carrasco Calvo\" \/>\n<meta name=\"twitter:card\" content=\"summary_large_image\" \/>\n<meta name=\"twitter:creator\" content=\"@&#039;@CatalunyaPlural\" \/>\n<meta name=\"twitter:site\" content=\"@DiariEducacio\" \/>\n<meta name=\"twitter:label1\" content=\"Escrit per\" \/>\n\t<meta name=\"twitter:data1\" content=\"Salvador Carrasco Calvo\" \/>\n\t<meta name=\"twitter:label2\" content=\"Temps estimat de lectura\" \/>\n\t<meta name=\"twitter:data2\" content=\"5 minuts\" \/>\n<script type=\"application\/ld+json\" class=\"yoast-schema-graph\">{\"@context\":\"https:\\\/\\\/schema.org\",\"@graph\":[{\"@type\":\"Article\",\"@id\":\"https:\\\/\\\/diarieducacio.cat\\\/aprenentatgeservei\\\/2015\\\/06\\\/03\\\/fonamentant-laps-una-perspectiva-sociologica\\\/#article\",\"isPartOf\":{\"@id\":\"https:\\\/\\\/diarieducacio.cat\\\/aprenentatgeservei\\\/2015\\\/06\\\/03\\\/fonamentant-laps-una-perspectiva-sociologica\\\/\"},\"author\":{\"name\":\"Salvador Carrasco Calvo\",\"@id\":\"https:\\\/\\\/diarieducacio.cat\\\/aprenentatgeservei\\\/#\\\/schema\\\/person\\\/4726e6f1764d1e51aaa81b801273612f\"},\"headline\":\"Fonamentant l&#8217;ApS: una perspectiva sociol\u00f2gica\",\"datePublished\":\"2015-06-03T09:11:23+00:00\",\"mainEntityOfPage\":{\"@id\":\"https:\\\/\\\/diarieducacio.cat\\\/aprenentatgeservei\\\/2015\\\/06\\\/03\\\/fonamentant-laps-una-perspectiva-sociologica\\\/\"},\"wordCount\":910,\"commentCount\":0,\"keywords\":[\"aprenentatge servei\",\"APS\",\"pr\u00e0ctica\",\"projectes\"],\"articleSection\":[\"General\"],\"inLanguage\":\"ca\",\"potentialAction\":[{\"@type\":\"CommentAction\",\"name\":\"Comment\",\"target\":[\"https:\\\/\\\/diarieducacio.cat\\\/aprenentatgeservei\\\/2015\\\/06\\\/03\\\/fonamentant-laps-una-perspectiva-sociologica\\\/#respond\"]}]},{\"@type\":\"WebPage\",\"@id\":\"https:\\\/\\\/diarieducacio.cat\\\/aprenentatgeservei\\\/2015\\\/06\\\/03\\\/fonamentant-laps-una-perspectiva-sociologica\\\/\",\"url\":\"https:\\\/\\\/diarieducacio.cat\\\/aprenentatgeservei\\\/2015\\\/06\\\/03\\\/fonamentant-laps-una-perspectiva-sociologica\\\/\",\"name\":\"Fonamentant l'ApS: una perspectiva sociol\u00f2gica - Aps i educaci\u00f3 en valors\",\"isPartOf\":{\"@id\":\"https:\\\/\\\/diarieducacio.cat\\\/aprenentatgeservei\\\/#website\"},\"datePublished\":\"2015-06-03T09:11:23+00:00\",\"author\":{\"@id\":\"https:\\\/\\\/diarieducacio.cat\\\/aprenentatgeservei\\\/#\\\/schema\\\/person\\\/4726e6f1764d1e51aaa81b801273612f\"},\"breadcrumb\":{\"@id\":\"https:\\\/\\\/diarieducacio.cat\\\/aprenentatgeservei\\\/2015\\\/06\\\/03\\\/fonamentant-laps-una-perspectiva-sociologica\\\/#breadcrumb\"},\"inLanguage\":\"ca\",\"potentialAction\":[{\"@type\":\"ReadAction\",\"target\":[\"https:\\\/\\\/diarieducacio.cat\\\/aprenentatgeservei\\\/2015\\\/06\\\/03\\\/fonamentant-laps-una-perspectiva-sociologica\\\/\"]}]},{\"@type\":\"BreadcrumbList\",\"@id\":\"https:\\\/\\\/diarieducacio.cat\\\/aprenentatgeservei\\\/2015\\\/06\\\/03\\\/fonamentant-laps-una-perspectiva-sociologica\\\/#breadcrumb\",\"itemListElement\":[{\"@type\":\"ListItem\",\"position\":1,\"name\":\"Inici\",\"item\":\"https:\\\/\\\/diarieducacio.cat\\\/aprenentatgeservei\\\/\"},{\"@type\":\"ListItem\",\"position\":2,\"name\":\"Fonamentant l&#8217;ApS: una perspectiva sociol\u00f2gica\"}]},{\"@type\":\"WebSite\",\"@id\":\"https:\\\/\\\/diarieducacio.cat\\\/aprenentatgeservei\\\/#website\",\"url\":\"https:\\\/\\\/diarieducacio.cat\\\/aprenentatgeservei\\\/\",\"name\":\"Aps i educaci\u00f3 en valors\",\"description\":\"\",\"potentialAction\":[{\"@type\":\"SearchAction\",\"target\":{\"@type\":\"EntryPoint\",\"urlTemplate\":\"https:\\\/\\\/diarieducacio.cat\\\/aprenentatgeservei\\\/?s={search_term_string}\"},\"query-input\":{\"@type\":\"PropertyValueSpecification\",\"valueRequired\":true,\"valueName\":\"search_term_string\"}}],\"inLanguage\":\"ca\"},{\"@type\":\"Person\",\"@id\":\"https:\\\/\\\/diarieducacio.cat\\\/aprenentatgeservei\\\/#\\\/schema\\\/person\\\/4726e6f1764d1e51aaa81b801273612f\",\"name\":\"Salvador Carrasco Calvo\",\"image\":{\"@type\":\"ImageObject\",\"inLanguage\":\"ca\",\"@id\":\"https:\\\/\\\/diarieducacio.cat\\\/wp-content\\\/uploads\\\/2024\\\/11\\\/salvador-carrasco-calvo_avatar-96x96.jpg\",\"url\":\"https:\\\/\\\/diarieducacio.cat\\\/wp-content\\\/uploads\\\/2024\\\/11\\\/salvador-carrasco-calvo_avatar-96x96.jpg\",\"contentUrl\":\"https:\\\/\\\/diarieducacio.cat\\\/wp-content\\\/uploads\\\/2024\\\/11\\\/salvador-carrasco-calvo_avatar-96x96.jpg\",\"caption\":\"Salvador Carrasco Calvo\"},\"description\":\"Patr\u00f3 de Fundesplai. Va ser catedr\u00e0tic del Departament de Sociologia i An\u00e0lisi de les Organitzacions, i cap de la Secci\u00f3 de Formaci\u00f3 del Professoral Universitari de l'Institut de Ci\u00e8ncies de l'Educaci\u00f3 (UB)\",\"sameAs\":[\"https:\\\/\\\/x.com\\\/'@CatalunyaPlural\"],\"url\":\"https:\\\/\\\/diarieducacio.cat\\\/aprenentatgeservei\\\/author\\\/scarrasco\\\/\"}]}<\/script>\n<!-- \/ Yoast SEO plugin. -->","yoast_head_json":{"title":"Fonamentant l'ApS: una perspectiva sociol\u00f2gica - Aps i educaci\u00f3 en valors","robots":{"index":"index","follow":"follow","max-snippet":"max-snippet:-1","max-image-preview":"max-image-preview:large","max-video-preview":"max-video-preview:-1"},"canonical":"https:\/\/diarieducacio.cat\/aprenentatgeservei\/2015\/06\/03\/fonamentant-laps-una-perspectiva-sociologica\/","og_locale":"ca_ES","og_type":"article","og_title":"Fonamentant l'ApS: una perspectiva sociol\u00f2gica - Aps i educaci\u00f3 en valors","og_description":"amb l\u2019ApS adoptem una nova perspectiva: la d\u2019una societat civil, que afirma el principi de personalitzaci\u00f3 en un nou marc comunitari, amb noves regles de joc, nous i renovats valors, nous agents i noves institucions","og_url":"https:\/\/diarieducacio.cat\/aprenentatgeservei\/2015\/06\/03\/fonamentant-laps-una-perspectiva-sociologica\/","og_site_name":"Aps i educaci\u00f3 en valors","article_publisher":"https:\/\/www.facebook.com\/diarieducacio\/","article_published_time":"2015-06-03T09:11:23+00:00","author":"Salvador Carrasco Calvo","twitter_card":"summary_large_image","twitter_creator":"@'@CatalunyaPlural","twitter_site":"@DiariEducacio","twitter_misc":{"Escrit per":"Salvador Carrasco Calvo","Temps estimat de lectura":"5 minuts"},"schema":{"@context":"https:\/\/schema.org","@graph":[{"@type":"Article","@id":"https:\/\/diarieducacio.cat\/aprenentatgeservei\/2015\/06\/03\/fonamentant-laps-una-perspectiva-sociologica\/#article","isPartOf":{"@id":"https:\/\/diarieducacio.cat\/aprenentatgeservei\/2015\/06\/03\/fonamentant-laps-una-perspectiva-sociologica\/"},"author":{"name":"Salvador Carrasco Calvo","@id":"https:\/\/diarieducacio.cat\/aprenentatgeservei\/#\/schema\/person\/4726e6f1764d1e51aaa81b801273612f"},"headline":"Fonamentant l&#8217;ApS: una perspectiva sociol\u00f2gica","datePublished":"2015-06-03T09:11:23+00:00","mainEntityOfPage":{"@id":"https:\/\/diarieducacio.cat\/aprenentatgeservei\/2015\/06\/03\/fonamentant-laps-una-perspectiva-sociologica\/"},"wordCount":910,"commentCount":0,"keywords":["aprenentatge servei","APS","pr\u00e0ctica","projectes"],"articleSection":["General"],"inLanguage":"ca","potentialAction":[{"@type":"CommentAction","name":"Comment","target":["https:\/\/diarieducacio.cat\/aprenentatgeservei\/2015\/06\/03\/fonamentant-laps-una-perspectiva-sociologica\/#respond"]}]},{"@type":"WebPage","@id":"https:\/\/diarieducacio.cat\/aprenentatgeservei\/2015\/06\/03\/fonamentant-laps-una-perspectiva-sociologica\/","url":"https:\/\/diarieducacio.cat\/aprenentatgeservei\/2015\/06\/03\/fonamentant-laps-una-perspectiva-sociologica\/","name":"Fonamentant l'ApS: una perspectiva sociol\u00f2gica - Aps i educaci\u00f3 en valors","isPartOf":{"@id":"https:\/\/diarieducacio.cat\/aprenentatgeservei\/#website"},"datePublished":"2015-06-03T09:11:23+00:00","author":{"@id":"https:\/\/diarieducacio.cat\/aprenentatgeservei\/#\/schema\/person\/4726e6f1764d1e51aaa81b801273612f"},"breadcrumb":{"@id":"https:\/\/diarieducacio.cat\/aprenentatgeservei\/2015\/06\/03\/fonamentant-laps-una-perspectiva-sociologica\/#breadcrumb"},"inLanguage":"ca","potentialAction":[{"@type":"ReadAction","target":["https:\/\/diarieducacio.cat\/aprenentatgeservei\/2015\/06\/03\/fonamentant-laps-una-perspectiva-sociologica\/"]}]},{"@type":"BreadcrumbList","@id":"https:\/\/diarieducacio.cat\/aprenentatgeservei\/2015\/06\/03\/fonamentant-laps-una-perspectiva-sociologica\/#breadcrumb","itemListElement":[{"@type":"ListItem","position":1,"name":"Inici","item":"https:\/\/diarieducacio.cat\/aprenentatgeservei\/"},{"@type":"ListItem","position":2,"name":"Fonamentant l&#8217;ApS: una perspectiva sociol\u00f2gica"}]},{"@type":"WebSite","@id":"https:\/\/diarieducacio.cat\/aprenentatgeservei\/#website","url":"https:\/\/diarieducacio.cat\/aprenentatgeservei\/","name":"Aps i educaci\u00f3 en valors","description":"","potentialAction":[{"@type":"SearchAction","target":{"@type":"EntryPoint","urlTemplate":"https:\/\/diarieducacio.cat\/aprenentatgeservei\/?s={search_term_string}"},"query-input":{"@type":"PropertyValueSpecification","valueRequired":true,"valueName":"search_term_string"}}],"inLanguage":"ca"},{"@type":"Person","@id":"https:\/\/diarieducacio.cat\/aprenentatgeservei\/#\/schema\/person\/4726e6f1764d1e51aaa81b801273612f","name":"Salvador Carrasco Calvo","image":{"@type":"ImageObject","inLanguage":"ca","@id":"https:\/\/diarieducacio.cat\/wp-content\/uploads\/2024\/11\/salvador-carrasco-calvo_avatar-96x96.jpg","url":"https:\/\/diarieducacio.cat\/wp-content\/uploads\/2024\/11\/salvador-carrasco-calvo_avatar-96x96.jpg","contentUrl":"https:\/\/diarieducacio.cat\/wp-content\/uploads\/2024\/11\/salvador-carrasco-calvo_avatar-96x96.jpg","caption":"Salvador Carrasco Calvo"},"description":"Patr\u00f3 de Fundesplai. Va ser catedr\u00e0tic del Departament de Sociologia i An\u00e0lisi de les Organitzacions, i cap de la Secci\u00f3 de Formaci\u00f3 del Professoral Universitari de l'Institut de Ci\u00e8ncies de l'Educaci\u00f3 (UB)","sameAs":["https:\/\/x.com\/'@CatalunyaPlural"],"url":"https:\/\/diarieducacio.cat\/aprenentatgeservei\/author\/scarrasco\/"}]}},"_links":{"self":[{"href":"https:\/\/diarieducacio.cat\/aprenentatgeservei\/wp-json\/wp\/v2\/posts\/71","targetHints":{"allow":["GET"]}}],"collection":[{"href":"https:\/\/diarieducacio.cat\/aprenentatgeservei\/wp-json\/wp\/v2\/posts"}],"about":[{"href":"https:\/\/diarieducacio.cat\/aprenentatgeservei\/wp-json\/wp\/v2\/types\/post"}],"author":[{"embeddable":true,"href":"https:\/\/diarieducacio.cat\/aprenentatgeservei\/wp-json\/wp\/v2\/users\/100"}],"replies":[{"embeddable":true,"href":"https:\/\/diarieducacio.cat\/aprenentatgeservei\/wp-json\/wp\/v2\/comments?post=71"}],"version-history":[{"count":0,"href":"https:\/\/diarieducacio.cat\/aprenentatgeservei\/wp-json\/wp\/v2\/posts\/71\/revisions"}],"wp:attachment":[{"href":"https:\/\/diarieducacio.cat\/aprenentatgeservei\/wp-json\/wp\/v2\/media?parent=71"}],"wp:term":[{"taxonomy":"category","embeddable":true,"href":"https:\/\/diarieducacio.cat\/aprenentatgeservei\/wp-json\/wp\/v2\/categories?post=71"},{"taxonomy":"post_tag","embeddable":true,"href":"https:\/\/diarieducacio.cat\/aprenentatgeservei\/wp-json\/wp\/v2\/tags?post=71"},{"taxonomy":"tipo","embeddable":true,"href":"https:\/\/diarieducacio.cat\/aprenentatgeservei\/wp-json\/wp\/v2\/tipo?post=71"}],"curies":[{"name":"wp","href":"https:\/\/api.w.org\/{rel}","templated":true}]}}