{"id":718,"date":"2020-10-27T16:32:59","date_gmt":"2020-10-27T16:32:59","guid":{"rendered":"https:\/\/diarieducacio.cat\/aprenentatgeservei\/?p=718"},"modified":"2020-10-27T16:32:59","modified_gmt":"2020-10-27T16:32:59","slug":"a-espatlles-de-gegants","status":"publish","type":"post","link":"https:\/\/diarieducacio.cat\/aprenentatgeservei\/2020\/10\/27\/a-espatlles-de-gegants\/","title":{"rendered":"A espatlles de gegants"},"content":{"rendered":"<p>L\u2019\u00e9sser hum\u00e0 del present \u00e9s fruit del continuum de la hist\u00f2ria. Alg\u00fa va dir que anem a espatlles de gegants, referint-se a que els nostres nombrosos avantpassats han forjat el coneixement, la cultura en qu\u00e8 vivim, els aven\u00e7os cient\u00edfics, els llenguatges, els costums, etc\u00e8tera. La frase \u201c<em>s<\/em><em>i he pogut veure m\u00e9s lluny que els altres, nom\u00e9s \u00e9s perqu\u00e8 em trobo sobre les espatlles de gegants.\u201d<\/em> s\u2019atribueix al f\u00edsic, matem\u00e0tic i fil\u00f2sof Sir Isaac Newton (Anglaterra, 1642-1727). Tot i aix\u00f2, ja hi havia qui l&#8217;atribu\u00cfa, al segle XI, al fil\u00f2sof bret\u00f3 Bernard de Chartres. I segurament es podria mirar m\u00e9s enrere. La frase \u201ca espatlles de gegants\u201d va ser el lema del cercador \u201cGoogle acad\u00e8mic\u201d, dedicat a la cerca de textos indexats en bases de dades de literatura cient\u00edfica. I \u00e9s que, les publicacions que es fan\u00a0 des de l\u2019acad\u00e8mia, van farcides de refer\u00e8ncies a altres autors -els gegants- que aporten les idees necess\u00e0ries sobre les quals es construeix nou coneixement. I citant-los, reconeixem el m\u00e8rit dels autors, precisament. Hi ha un reconeixement d\u2019autoria que fa que no manllevem idees fent veure que s\u00f3n nostres.<\/p>\n<p>Seguint una idea del fil\u00f2sof irland\u00e8s Richard Kearney<a href=\"#_ftn1\" name=\"_ftnref1\"><sup>[1]<\/sup><\/a>, el concepte d\u2019<em>autor<\/em> sorgeix amb la modernitat, un cop va posar-se l\u2019accent en l\u2019home com a centre de tota mesura -l\u2019Humanisme-, quan es va recon\u00e8ixer com a creador -a banda de D\u00e9u- i com a \u00e9sser que es forma i es basa en el pensament i en la ra\u00f3 -Il\u00b7lustraci\u00f3-. Quan va comen\u00e7ar a escriure idees pr\u00f2pies, no les dels grans llibres de la paraula divina, \u00e9s quan l\u2019\u00e9sser hum\u00e0 va ser autor i, per tant, va tenir la necessitat de reconeixement com a tal. I per aix\u00f2 es citen i es referencien les idees i les paraules d\u2019altri: per atribuir les seves idees. I si no es fa, es diu que es fa plagi.<\/p>\n<p>Per tal d\u2019anar a espatlles de gegants i anar fent el reconeixement de les idees i de les paraules que no s\u00f3n nostres, hem de citar i referenciar quan sigui necessari. Recordo que, a principis dels anys 90, una professora de literatura castellana ens recriminava que \u201cfusil\u00e1bamos\u201d els treballs que li lliur\u00e0vem sobre les novel\u00b7les que hav\u00edem d\u2019estudiar. Aleshores ning\u00fa tenia Internet. Com pod\u00edem donar resposta a les seves demandes tan complexes sobre el context de l\u2019obra, l\u2019autor, l\u2019estructura del text,\u00a0 als personatges, etc.? Doncs acud\u00edem a l\u2019enciclop\u00e8dia (en paper) i f\u00e8iem el que pod\u00edem. Anar a la biblioteca a buscar algun llibre ja era tota una proesa, perqu\u00e8 n\u2019hi havia pocs i \u00e9rem molts estudiants. \u201cEsto es una fusilada\u201d es referia a que f\u00e8iem plagi. No cit\u00e0vem correctament o ni tan sols cit\u00e0vem. Tampoc ens mostraven com fer-ho.<\/p>\n<p>Amb el sorgiment del format digital, aquestes \u201cfusiladas\u201d encara s\u2019han fet m\u00e9s f\u00e0cils de fer. Si abans ho hav\u00edem de copiar lletra per lletra, actualment es poden copiar fragments (par\u00e0grafs o p\u00e0gines), o fins i tot treballs sencers, nom\u00e9s amb la combinaci\u00f3 de tecles ctrl+c i ctrl+v. Per trobar solucions al fenomen, en els darrers anys han sorgit programes de detecci\u00f3 autom\u00e0tica de plagi com Turnitin o Urkund, que estan sent integrats per les institucions educatives per tal de facilitar als docents la identificaci\u00f3 de plagi. Aquest programes indiquen quins fragments s\u00f3n literals i no han estat referenciats, aix\u00ed com quin percentatge del treball \u00e9s considerat plagi. Per\u00f2 aquest \u00e9s un m\u00e8tode reactiu i, penso fermament que com a educadors, haur\u00edem de poder trobar una soluci\u00f3 m\u00e9s formativa.<\/p>\n<p>Una de les possibles causes del plagi \u00e9s la manca d\u2019alfabetitzaci\u00f3 en escriptura acad\u00e8mica i de recerca. Sembla l\u00f2gic que, per evitar aquestes conductes que atempten contra els drets d\u2019autoria i l\u2019\u00e8tica acad\u00e8mica, \u00e9s important ensenyar aquestes compet\u00e8ncies als estudiants. No \u00e9s que es faci plagi amb intenci\u00f3 delictiva, si no que sovint \u00e9s per desconeixement. A m\u00e9s, els programes de detecci\u00f3 autom\u00e0tica no serveixen per evitar-lo, a no ser que siguin emprats de manera formativa pels propis docents, mostrant exemples de qu\u00e8 \u00e9s plagi i de com evitar-lo mitjan\u00e7ant una referenciaci\u00f3 correcta i el parafraseig.<\/p>\n<p>Finalment, hi ha una forma de conducta no \u00e8tica, relacionada amb el plagi, que implica pagar a un tercer perqu\u00e8 escrigui per tu. Sovint es vehicula a trav\u00e9s de serveis que es publiciten a la xarxa -sense cap vergonya- amb l\u2019argument que aix\u00ed es pot lliurar un treball de fi de grau o m\u00e0ster o tesi sense que hi hagi risc de ser detectat per programes anti-plagi. Encara que no sigui un robatori directe, s\u00ed que ho \u00e9s indirectament. En aquest cas, fa falta una formaci\u00f3 sobre l\u2019\u00e8tica acad\u00e8mica.<\/p>\n<p>Alguns potser recordareu el duo de <em>dance-pop<\/em> Milli Vanilli a finals dels 80. El 1990 van guanyar el premi Grammy a millor artista revelaci\u00f3 despr\u00e9s d\u2019un parell d\u2019anys d\u2019\u00e8xit de vendes internacionals. Va esclatar l\u2019esc\u00e0ndol quan es va saber que ells no eren els compositors d\u2019aquelles can\u00e7ons i ni tan sols n\u2019eren els cantants reals. Nom\u00e9s eren uns cossos que ballaven fent <em>play-back<\/em> i s\u2019enduien la fama i uns r\u00e8dits milionaris. Davant de l\u2019engany maj\u00fascul, aquest fou l\u2019\u00fanic cas on es va retirar un premi Grammy a alg\u00fa. Per fer una analogia, aquests serveis de pagament per l\u2019escriptura de treballs, no deixen de ser creadors de Milli Vanillis an\u00f2nims.<\/p>\n<p><iframe src=\"https:\/\/www.youtube.com\/embed\/ZbUENJ5FjBk\" width=\"560\" height=\"315\" frameborder=\"0\" allowfullscreen=\"allowfullscreen\"><span data-mce-type=\"bookmark\" style=\"width: 0px;overflow: hidden;line-height: 0\" class=\"mce_SELRES_start\">\ufeff<\/span><\/iframe><\/p>\n<p>El plagi \u00e9s dins i fora el m\u00f3n educatiu. Hi ha casos on s\u00ed que ha estat intencional de cara a obtenir qualificacions o t\u00edtols. <a href=\"https:\/\/www.ara.cat\/internacional\/plagi-coneguts-treballs-academics-politics_0_965303667.html\">Dos ministres del govern alemany<\/a> (una d\u2019elles la d\u2019Educaci\u00f3) van dimitir per plagi a la seva tesi doctoral. La pr\u00f2pia primat\u00f2loga, et\u00f2loga i antrop\u00f2logia <a href=\"https:\/\/www.elperiodico.cat\/ca\/gent\/20130321\/primatologa-jane-goodall-va-plagiar-internet-nou-llibre-2345605\">Jane Goodall va recon\u00e8ixer haver com\u00e8s plagi<\/a> en un dels seus darrers llibres. Tamb\u00e9 hi ha un plagi quotidi\u00e0 en el contingut digital, com el que corre per les xarxes i mitjans socials. En incomptables vegades veiem com es copien idees o contingut de tuits sense atribuir la font original, entrades de blogs plagiades, c\u00f2pies d\u2019imatges amb drets d\u2019autor, perfils de LinkedIn \u201cafusellats\u201d, entre d\u2019altres. I, sovint, no disposem d\u2019eines que ens protegeixin del plagi que ocorre contra nosaltres directament. No hi ha res a fer per a denunciar-ho, m\u00e9s enll\u00e0 de fer-ho p\u00fablic a les xarxes.<\/p>\n<p>L\u2019educaci\u00f3 pot tenir molta incid\u00e8ncia a l\u2019hora de fomentar les compet\u00e8ncies informacionals i digitals i\u00a0 l\u2019\u00e8tica acad\u00e8mica. Com a docents, hem de fomentar el consum, la creaci\u00f3 i la socialitzaci\u00f3 critica d\u2019informaci\u00f3. Tamb\u00e9 hem de proporcionar estrat\u00e8gies de cerca d\u2019informaci\u00f3 i per a la seva reutilitzaci\u00f3 que atribueixi, quan calgui, l\u2019autoria, reconeixent drets d\u2019autor, promovent l\u2019\u00fas de llic\u00e8ncies creative commons i que facilitin un coneixement obert real, accessible a tothom. Des de l\u2019educaci\u00f3 formal, tenim el deure de promoure aquestes compet\u00e8ncies en la societat digital si volem seguir avan\u00e7ant a espatlles de gegants.<\/p>\n<p>&#8212;&#8212;&#8212;&#8212;&#8212;&#8211;<\/p>\n<p><a href=\"#_ftnref1\" name=\"_ftn1\"><sup>[1]<\/sup><\/a> Del seu llibre de 1988 \u201cThe wake of imagination\u201d. Kearney, R. (1988). The wake of imagination. Minneapolis: University of Minnesota Press.<\/p>\n","protected":false},"excerpt":{"rendered":"<p>Una de les possibles causes del plagi \u00e9s la manca d\u2019alfabetitzaci\u00f3 en escriptura acad\u00e8mica i de recerca. Sembla l\u00f2gic que, per evitar aquestes conductes que atempten contra els drets d\u2019autoria i l\u2019\u00e8tica acad\u00e8mica, \u00e9s necessari ensenyar aquestes compet\u00e8ncies.<\/p>\n","protected":false},"author":400,"featured_media":719,"comment_status":"open","ping_status":"open","sticky":false,"template":"","format":"standard","meta":{"footnotes":""},"categories":[2],"tags":[],"tipo":[],"class_list":{"0":"post-718","1":"post","2":"type-post","3":"status-publish","4":"format-standard","5":"has-post-thumbnail","7":"category-general"},"yoast_head":"<!-- This site is optimized with the Yoast SEO plugin v27.4 - https:\/\/yoast.com\/product\/yoast-seo-wordpress\/ -->\n<title>A espatlles de gegants - Aps i educaci\u00f3 en valors<\/title>\n<meta name=\"robots\" content=\"index, follow, max-snippet:-1, max-image-preview:large, max-video-preview:-1\" \/>\n<link rel=\"canonical\" href=\"https:\/\/diarieducacio.cat\/aprenentatgeservei\/2020\/10\/27\/a-espatlles-de-gegants\/\" \/>\n<meta property=\"og:locale\" content=\"ca_ES\" \/>\n<meta property=\"og:type\" content=\"article\" \/>\n<meta property=\"og:title\" content=\"A espatlles de gegants - Aps i educaci\u00f3 en valors\" \/>\n<meta property=\"og:description\" content=\"Una de les possibles causes del plagi \u00e9s la manca d\u2019alfabetitzaci\u00f3 en escriptura acad\u00e8mica i de recerca. Sembla l\u00f2gic que, per evitar aquestes conductes que atempten contra els drets d\u2019autoria i l\u2019\u00e8tica acad\u00e8mica, \u00e9s necessari ensenyar aquestes compet\u00e8ncies.\" \/>\n<meta property=\"og:url\" content=\"https:\/\/diarieducacio.cat\/aprenentatgeservei\/2020\/10\/27\/a-espatlles-de-gegants\/\" \/>\n<meta property=\"og:site_name\" content=\"Aps i educaci\u00f3 en valors\" \/>\n<meta property=\"article:publisher\" content=\"https:\/\/www.facebook.com\/diarieducacio\/\" \/>\n<meta property=\"article:published_time\" content=\"2020-10-27T16:32:59+00:00\" \/>\n<meta property=\"og:image\" content=\"https:\/\/diarieducacio.cat\/aprenentatgeservei\/wp-content\/uploads\/sites\/22\/2020\/10\/iStock-1059722518.jpg\" \/>\n\t<meta property=\"og:image:width\" content=\"1182\" \/>\n\t<meta property=\"og:image:height\" content=\"887\" \/>\n\t<meta property=\"og:image:type\" content=\"image\/jpeg\" \/>\n<meta name=\"author\" content=\"Marc Fuertes Alpiste\" \/>\n<meta name=\"twitter:card\" content=\"summary_large_image\" \/>\n<meta name=\"twitter:creator\" content=\"@DiariEducacio\" \/>\n<meta name=\"twitter:site\" content=\"@DiariEducacio\" \/>\n<meta name=\"twitter:label1\" content=\"Escrit per\" \/>\n\t<meta name=\"twitter:data1\" content=\"Marc Fuertes Alpiste\" \/>\n\t<meta name=\"twitter:label2\" content=\"Temps estimat de lectura\" \/>\n\t<meta name=\"twitter:data2\" content=\"6 minuts\" \/>\n<script type=\"application\/ld+json\" class=\"yoast-schema-graph\">{\"@context\":\"https:\\\/\\\/schema.org\",\"@graph\":[{\"@type\":\"Article\",\"@id\":\"https:\\\/\\\/diarieducacio.cat\\\/aprenentatgeservei\\\/2020\\\/10\\\/27\\\/a-espatlles-de-gegants\\\/#article\",\"isPartOf\":{\"@id\":\"https:\\\/\\\/diarieducacio.cat\\\/aprenentatgeservei\\\/2020\\\/10\\\/27\\\/a-espatlles-de-gegants\\\/\"},\"author\":{\"name\":\"Marc Fuertes Alpiste\",\"@id\":\"https:\\\/\\\/diarieducacio.cat\\\/aprenentatgeservei\\\/#\\\/schema\\\/person\\\/e012317915546506012282feb194bd78\"},\"headline\":\"A espatlles de gegants\",\"datePublished\":\"2020-10-27T16:32:59+00:00\",\"mainEntityOfPage\":{\"@id\":\"https:\\\/\\\/diarieducacio.cat\\\/aprenentatgeservei\\\/2020\\\/10\\\/27\\\/a-espatlles-de-gegants\\\/\"},\"wordCount\":1266,\"commentCount\":0,\"image\":{\"@id\":\"https:\\\/\\\/diarieducacio.cat\\\/aprenentatgeservei\\\/2020\\\/10\\\/27\\\/a-espatlles-de-gegants\\\/#primaryimage\"},\"thumbnailUrl\":\"https:\\\/\\\/diarieducacio.cat\\\/aprenentatgeservei\\\/wp-content\\\/uploads\\\/sites\\\/22\\\/2020\\\/10\\\/iStock-1059722518.jpg\",\"articleSection\":[\"General\"],\"inLanguage\":\"ca\",\"potentialAction\":[{\"@type\":\"CommentAction\",\"name\":\"Comment\",\"target\":[\"https:\\\/\\\/diarieducacio.cat\\\/aprenentatgeservei\\\/2020\\\/10\\\/27\\\/a-espatlles-de-gegants\\\/#respond\"]}]},{\"@type\":\"WebPage\",\"@id\":\"https:\\\/\\\/diarieducacio.cat\\\/aprenentatgeservei\\\/2020\\\/10\\\/27\\\/a-espatlles-de-gegants\\\/\",\"url\":\"https:\\\/\\\/diarieducacio.cat\\\/aprenentatgeservei\\\/2020\\\/10\\\/27\\\/a-espatlles-de-gegants\\\/\",\"name\":\"A espatlles de gegants - Aps i educaci\u00f3 en valors\",\"isPartOf\":{\"@id\":\"https:\\\/\\\/diarieducacio.cat\\\/aprenentatgeservei\\\/#website\"},\"primaryImageOfPage\":{\"@id\":\"https:\\\/\\\/diarieducacio.cat\\\/aprenentatgeservei\\\/2020\\\/10\\\/27\\\/a-espatlles-de-gegants\\\/#primaryimage\"},\"image\":{\"@id\":\"https:\\\/\\\/diarieducacio.cat\\\/aprenentatgeservei\\\/2020\\\/10\\\/27\\\/a-espatlles-de-gegants\\\/#primaryimage\"},\"thumbnailUrl\":\"https:\\\/\\\/diarieducacio.cat\\\/aprenentatgeservei\\\/wp-content\\\/uploads\\\/sites\\\/22\\\/2020\\\/10\\\/iStock-1059722518.jpg\",\"datePublished\":\"2020-10-27T16:32:59+00:00\",\"author\":{\"@id\":\"https:\\\/\\\/diarieducacio.cat\\\/aprenentatgeservei\\\/#\\\/schema\\\/person\\\/e012317915546506012282feb194bd78\"},\"breadcrumb\":{\"@id\":\"https:\\\/\\\/diarieducacio.cat\\\/aprenentatgeservei\\\/2020\\\/10\\\/27\\\/a-espatlles-de-gegants\\\/#breadcrumb\"},\"inLanguage\":\"ca\",\"potentialAction\":[{\"@type\":\"ReadAction\",\"target\":[\"https:\\\/\\\/diarieducacio.cat\\\/aprenentatgeservei\\\/2020\\\/10\\\/27\\\/a-espatlles-de-gegants\\\/\"]}]},{\"@type\":\"ImageObject\",\"inLanguage\":\"ca\",\"@id\":\"https:\\\/\\\/diarieducacio.cat\\\/aprenentatgeservei\\\/2020\\\/10\\\/27\\\/a-espatlles-de-gegants\\\/#primaryimage\",\"url\":\"https:\\\/\\\/diarieducacio.cat\\\/aprenentatgeservei\\\/wp-content\\\/uploads\\\/sites\\\/22\\\/2020\\\/10\\\/iStock-1059722518.jpg\",\"contentUrl\":\"https:\\\/\\\/diarieducacio.cat\\\/aprenentatgeservei\\\/wp-content\\\/uploads\\\/sites\\\/22\\\/2020\\\/10\\\/iStock-1059722518.jpg\",\"width\":1182,\"height\":887,\"caption\":\"Copy - paste concept, ctrl c, ctrl v\"},{\"@type\":\"BreadcrumbList\",\"@id\":\"https:\\\/\\\/diarieducacio.cat\\\/aprenentatgeservei\\\/2020\\\/10\\\/27\\\/a-espatlles-de-gegants\\\/#breadcrumb\",\"itemListElement\":[{\"@type\":\"ListItem\",\"position\":1,\"name\":\"Inici\",\"item\":\"https:\\\/\\\/diarieducacio.cat\\\/aprenentatgeservei\\\/\"},{\"@type\":\"ListItem\",\"position\":2,\"name\":\"A espatlles de gegants\"}]},{\"@type\":\"WebSite\",\"@id\":\"https:\\\/\\\/diarieducacio.cat\\\/aprenentatgeservei\\\/#website\",\"url\":\"https:\\\/\\\/diarieducacio.cat\\\/aprenentatgeservei\\\/\",\"name\":\"Aps i educaci\u00f3 en valors\",\"description\":\"\",\"potentialAction\":[{\"@type\":\"SearchAction\",\"target\":{\"@type\":\"EntryPoint\",\"urlTemplate\":\"https:\\\/\\\/diarieducacio.cat\\\/aprenentatgeservei\\\/?s={search_term_string}\"},\"query-input\":{\"@type\":\"PropertyValueSpecification\",\"valueRequired\":true,\"valueName\":\"search_term_string\"}}],\"inLanguage\":\"ca\"},{\"@type\":\"Person\",\"@id\":\"https:\\\/\\\/diarieducacio.cat\\\/aprenentatgeservei\\\/#\\\/schema\\\/person\\\/e012317915546506012282feb194bd78\",\"name\":\"Marc Fuertes Alpiste\",\"image\":{\"@type\":\"ImageObject\",\"inLanguage\":\"ca\",\"@id\":\"https:\\\/\\\/secure.gravatar.com\\\/avatar\\\/a9b253da66a3cf5fd72c52d8051fc69b11dc13bc70d3e26f63d519e9ceb17367?s=96&d=mm&r=g\",\"url\":\"https:\\\/\\\/secure.gravatar.com\\\/avatar\\\/a9b253da66a3cf5fd72c52d8051fc69b11dc13bc70d3e26f63d519e9ceb17367?s=96&d=mm&r=g\",\"contentUrl\":\"https:\\\/\\\/secure.gravatar.com\\\/avatar\\\/a9b253da66a3cf5fd72c52d8051fc69b11dc13bc70d3e26f63d519e9ceb17367?s=96&d=mm&r=g\",\"caption\":\"Marc Fuertes Alpiste\"},\"url\":\"https:\\\/\\\/diarieducacio.cat\\\/aprenentatgeservei\\\/author\\\/mfuertes\\\/\"}]}<\/script>\n<!-- \/ Yoast SEO plugin. -->","yoast_head_json":{"title":"A espatlles de gegants - Aps i educaci\u00f3 en valors","robots":{"index":"index","follow":"follow","max-snippet":"max-snippet:-1","max-image-preview":"max-image-preview:large","max-video-preview":"max-video-preview:-1"},"canonical":"https:\/\/diarieducacio.cat\/aprenentatgeservei\/2020\/10\/27\/a-espatlles-de-gegants\/","og_locale":"ca_ES","og_type":"article","og_title":"A espatlles de gegants - Aps i educaci\u00f3 en valors","og_description":"Una de les possibles causes del plagi \u00e9s la manca d\u2019alfabetitzaci\u00f3 en escriptura acad\u00e8mica i de recerca. Sembla l\u00f2gic que, per evitar aquestes conductes que atempten contra els drets d\u2019autoria i l\u2019\u00e8tica acad\u00e8mica, \u00e9s necessari ensenyar aquestes compet\u00e8ncies.","og_url":"https:\/\/diarieducacio.cat\/aprenentatgeservei\/2020\/10\/27\/a-espatlles-de-gegants\/","og_site_name":"Aps i educaci\u00f3 en valors","article_publisher":"https:\/\/www.facebook.com\/diarieducacio\/","article_published_time":"2020-10-27T16:32:59+00:00","og_image":[{"width":1182,"height":887,"url":"https:\/\/diarieducacio.cat\/aprenentatgeservei\/wp-content\/uploads\/sites\/22\/2020\/10\/iStock-1059722518.jpg","type":"image\/jpeg"}],"author":"Marc Fuertes Alpiste","twitter_card":"summary_large_image","twitter_creator":"@DiariEducacio","twitter_site":"@DiariEducacio","twitter_misc":{"Escrit per":"Marc Fuertes Alpiste","Temps estimat de lectura":"6 minuts"},"schema":{"@context":"https:\/\/schema.org","@graph":[{"@type":"Article","@id":"https:\/\/diarieducacio.cat\/aprenentatgeservei\/2020\/10\/27\/a-espatlles-de-gegants\/#article","isPartOf":{"@id":"https:\/\/diarieducacio.cat\/aprenentatgeservei\/2020\/10\/27\/a-espatlles-de-gegants\/"},"author":{"name":"Marc Fuertes Alpiste","@id":"https:\/\/diarieducacio.cat\/aprenentatgeservei\/#\/schema\/person\/e012317915546506012282feb194bd78"},"headline":"A espatlles de gegants","datePublished":"2020-10-27T16:32:59+00:00","mainEntityOfPage":{"@id":"https:\/\/diarieducacio.cat\/aprenentatgeservei\/2020\/10\/27\/a-espatlles-de-gegants\/"},"wordCount":1266,"commentCount":0,"image":{"@id":"https:\/\/diarieducacio.cat\/aprenentatgeservei\/2020\/10\/27\/a-espatlles-de-gegants\/#primaryimage"},"thumbnailUrl":"https:\/\/diarieducacio.cat\/aprenentatgeservei\/wp-content\/uploads\/sites\/22\/2020\/10\/iStock-1059722518.jpg","articleSection":["General"],"inLanguage":"ca","potentialAction":[{"@type":"CommentAction","name":"Comment","target":["https:\/\/diarieducacio.cat\/aprenentatgeservei\/2020\/10\/27\/a-espatlles-de-gegants\/#respond"]}]},{"@type":"WebPage","@id":"https:\/\/diarieducacio.cat\/aprenentatgeservei\/2020\/10\/27\/a-espatlles-de-gegants\/","url":"https:\/\/diarieducacio.cat\/aprenentatgeservei\/2020\/10\/27\/a-espatlles-de-gegants\/","name":"A espatlles de gegants - Aps i educaci\u00f3 en valors","isPartOf":{"@id":"https:\/\/diarieducacio.cat\/aprenentatgeservei\/#website"},"primaryImageOfPage":{"@id":"https:\/\/diarieducacio.cat\/aprenentatgeservei\/2020\/10\/27\/a-espatlles-de-gegants\/#primaryimage"},"image":{"@id":"https:\/\/diarieducacio.cat\/aprenentatgeservei\/2020\/10\/27\/a-espatlles-de-gegants\/#primaryimage"},"thumbnailUrl":"https:\/\/diarieducacio.cat\/aprenentatgeservei\/wp-content\/uploads\/sites\/22\/2020\/10\/iStock-1059722518.jpg","datePublished":"2020-10-27T16:32:59+00:00","author":{"@id":"https:\/\/diarieducacio.cat\/aprenentatgeservei\/#\/schema\/person\/e012317915546506012282feb194bd78"},"breadcrumb":{"@id":"https:\/\/diarieducacio.cat\/aprenentatgeservei\/2020\/10\/27\/a-espatlles-de-gegants\/#breadcrumb"},"inLanguage":"ca","potentialAction":[{"@type":"ReadAction","target":["https:\/\/diarieducacio.cat\/aprenentatgeservei\/2020\/10\/27\/a-espatlles-de-gegants\/"]}]},{"@type":"ImageObject","inLanguage":"ca","@id":"https:\/\/diarieducacio.cat\/aprenentatgeservei\/2020\/10\/27\/a-espatlles-de-gegants\/#primaryimage","url":"https:\/\/diarieducacio.cat\/aprenentatgeservei\/wp-content\/uploads\/sites\/22\/2020\/10\/iStock-1059722518.jpg","contentUrl":"https:\/\/diarieducacio.cat\/aprenentatgeservei\/wp-content\/uploads\/sites\/22\/2020\/10\/iStock-1059722518.jpg","width":1182,"height":887,"caption":"Copy - paste concept, ctrl c, ctrl v"},{"@type":"BreadcrumbList","@id":"https:\/\/diarieducacio.cat\/aprenentatgeservei\/2020\/10\/27\/a-espatlles-de-gegants\/#breadcrumb","itemListElement":[{"@type":"ListItem","position":1,"name":"Inici","item":"https:\/\/diarieducacio.cat\/aprenentatgeservei\/"},{"@type":"ListItem","position":2,"name":"A espatlles de gegants"}]},{"@type":"WebSite","@id":"https:\/\/diarieducacio.cat\/aprenentatgeservei\/#website","url":"https:\/\/diarieducacio.cat\/aprenentatgeservei\/","name":"Aps i educaci\u00f3 en valors","description":"","potentialAction":[{"@type":"SearchAction","target":{"@type":"EntryPoint","urlTemplate":"https:\/\/diarieducacio.cat\/aprenentatgeservei\/?s={search_term_string}"},"query-input":{"@type":"PropertyValueSpecification","valueRequired":true,"valueName":"search_term_string"}}],"inLanguage":"ca"},{"@type":"Person","@id":"https:\/\/diarieducacio.cat\/aprenentatgeservei\/#\/schema\/person\/e012317915546506012282feb194bd78","name":"Marc Fuertes Alpiste","image":{"@type":"ImageObject","inLanguage":"ca","@id":"https:\/\/secure.gravatar.com\/avatar\/a9b253da66a3cf5fd72c52d8051fc69b11dc13bc70d3e26f63d519e9ceb17367?s=96&d=mm&r=g","url":"https:\/\/secure.gravatar.com\/avatar\/a9b253da66a3cf5fd72c52d8051fc69b11dc13bc70d3e26f63d519e9ceb17367?s=96&d=mm&r=g","contentUrl":"https:\/\/secure.gravatar.com\/avatar\/a9b253da66a3cf5fd72c52d8051fc69b11dc13bc70d3e26f63d519e9ceb17367?s=96&d=mm&r=g","caption":"Marc Fuertes Alpiste"},"url":"https:\/\/diarieducacio.cat\/aprenentatgeservei\/author\/mfuertes\/"}]}},"_links":{"self":[{"href":"https:\/\/diarieducacio.cat\/aprenentatgeservei\/wp-json\/wp\/v2\/posts\/718","targetHints":{"allow":["GET"]}}],"collection":[{"href":"https:\/\/diarieducacio.cat\/aprenentatgeservei\/wp-json\/wp\/v2\/posts"}],"about":[{"href":"https:\/\/diarieducacio.cat\/aprenentatgeservei\/wp-json\/wp\/v2\/types\/post"}],"author":[{"embeddable":true,"href":"https:\/\/diarieducacio.cat\/aprenentatgeservei\/wp-json\/wp\/v2\/users\/400"}],"replies":[{"embeddable":true,"href":"https:\/\/diarieducacio.cat\/aprenentatgeservei\/wp-json\/wp\/v2\/comments?post=718"}],"version-history":[{"count":0,"href":"https:\/\/diarieducacio.cat\/aprenentatgeservei\/wp-json\/wp\/v2\/posts\/718\/revisions"}],"wp:featuredmedia":[{"embeddable":true,"href":"https:\/\/diarieducacio.cat\/aprenentatgeservei\/wp-json\/wp\/v2\/media\/719"}],"wp:attachment":[{"href":"https:\/\/diarieducacio.cat\/aprenentatgeservei\/wp-json\/wp\/v2\/media?parent=718"}],"wp:term":[{"taxonomy":"category","embeddable":true,"href":"https:\/\/diarieducacio.cat\/aprenentatgeservei\/wp-json\/wp\/v2\/categories?post=718"},{"taxonomy":"post_tag","embeddable":true,"href":"https:\/\/diarieducacio.cat\/aprenentatgeservei\/wp-json\/wp\/v2\/tags?post=718"},{"taxonomy":"tipo","embeddable":true,"href":"https:\/\/diarieducacio.cat\/aprenentatgeservei\/wp-json\/wp\/v2\/tipo?post=718"}],"curies":[{"name":"wp","href":"https:\/\/api.w.org\/{rel}","templated":true}]}}