{"id":724,"date":"2020-11-18T17:47:32","date_gmt":"2020-11-18T17:47:32","guid":{"rendered":"https:\/\/diarieducacio.cat\/aprenentatgeservei\/?p=724"},"modified":"2020-11-18T17:47:32","modified_gmt":"2020-11-18T17:47:32","slug":"llums-i-ombres-del-servei-a-la-comunitat-diferents-enfocaments","status":"publish","type":"post","link":"https:\/\/diarieducacio.cat\/aprenentatgeservei\/2020\/11\/18\/llums-i-ombres-del-servei-a-la-comunitat-diferents-enfocaments\/","title":{"rendered":"Llums i ombres del servei a la comunitat (diferents enfocaments)"},"content":{"rendered":"<p>De tots \u00e9s sabut que el terme <em>servei<\/em> s&#8217;aplica a moltes coses que no tenen res a veure: Aix\u00ed, entre d&#8217;altres situacions, discutim si en tal pa\u00eds \u00e9s o no obligatori el servei militar; al restaurant, preguntem on est\u00e0 el servei; ens informen a quina hora \u00e9s el servei religi\u00f3s; constatem la qualitat dels serveis p\u00fablics de la nostra ciutat i felicitem a una amiga que ha muntat la seva pr\u00f2pia empresa de serveis. El terme <em>servei<\/em> pot utilitzar-se correctament en sentit militar, religi\u00f3s, p\u00fablic o comercial, i en tots aquests sentits dispars hi \u00e9s present la idea de cosa \u00fatil, necess\u00e0ria o que interessa per un motiu o un altre.<\/p>\n<p>Tamb\u00e9 cal distingir entre un <em>acte c\u00edvic<\/em>, espontani i propi de la bona ciutadania (per exemple, atendre un ve\u00ed que t\u00e9 dificultats per travessar el carrer; cursar una den\u00fancia a les autoritats municipals, o assistir a una manifestaci\u00f3) del que \u00e9s un <em>servei a la comunitat<\/em>, que implica una activitat programada, d&#8217;una certa durada i comprom\u00eds sostingut per part dels participants.<\/p>\n<p>En un sentit social, el servei s&#8217;ent\u00e9n conceptualment com <strong>una acci\u00f3 solid\u00e0ria i desinteressada a favor de la comunitat<\/strong>. Aquest \u00e9s el concepte que utilitzen els moviments socials i de voluntariat, aix\u00ed com els programes i iniciatives de servei c\u00edvic o servei civil. Com paraig\u00fces conceptual, admet diversos matisos i pot enfocar-se des de diversos punts de vista, que marcaran prioritats \u00e8tiques, pol\u00edtiques o pedag\u00f2giques diferents, per exemple en relaci\u00f3 a l&#8217;obligatorietat \u00a0o a l&#8217;abs\u00e8ncia de remuneraci\u00f3.<\/p>\n<p>Hi ha un cert consens internacional a l&#8217;hora de diferenciar <em>voluntariat<\/em> i <em>servei c\u00edvic<\/em>, actuacions ambdues identificables amb el concepte de servei a la comunitat.<\/p>\n<p><strong>El voluntariat<\/strong> es refereix, sobretot, a una actuaci\u00f3 altruista i desinteressada en favor del b\u00e9 com\u00fa, que es realitza en el temps lliure de la persona i que \u00e9s compatible amb la pr\u00e0ctica laboral normal en altres \u00e0mbits. Seria el cas, per exemple, d&#8217;un empleat de la banca que dedica una o dues tardes a la setmana a col\u00b7laborar com a voluntari en un hospital, sense rebre per aix\u00f2 cap remuneraci\u00f3.<\/p>\n<p>\u00c9s, per tant, una pr\u00e0ctica limitada en el temps, de relativament poca intensitat en tant que no representa l&#8217;activitat principal de la persona, encara que requereixi un fort comprom\u00eds. \u00c9s clar que aix\u00f2 de la intensitat pot variar substancialment quan la persona es jubila i compta amb m\u00e9s temps o b\u00e9 quan entra en un per\u00edode de no treball i decideix aprofitar-ho per intensificar la seva dedicaci\u00f3 a les tasques de voluntariat.<\/p>\n<p><strong>El servei c\u00edvic o servei ciutad\u00e0 voluntari<\/strong>, per contra, representa un per\u00edode de la vida intens destinat a una causa social, que la persona escull volunt\u00e0riament, i que \u00e9s fins a cert punt incompatible amb una activitat laboral normal, almenys a temps complet.<\/p>\n<p>Per aquesta ra\u00f3, la persona que realitza aquest tipus de servei sol rebre algun tipus de compensaci\u00f3 econ\u00f2mica, no considerada com a salari. <em>El servei ciutad\u00e0 voluntari \u00e9s un per\u00edode organitzat de comprom\u00eds significatiu i una contribuci\u00f3 a la comunitat local, nacional o mundial, reconegut i valorat per la societat amb una m\u00ednima compensaci\u00f3 monet\u00e0ria per al participant<\/em><a href=\"#_ftn1\" name=\"_ftnref1\"><em><strong>[1]<\/strong><\/em><\/a>.<\/p>\n<p>Freq\u00fcentment, el servei c\u00edvic, en tant que pol\u00edtica p\u00fablica, s&#8217;ha originat com a alternativa a el servei militar o b\u00e9 com a conseq\u00fc\u00e8ncia de la desaparici\u00f3 d&#8217;aquest.<\/p>\n<p>Una de les confusions entre ambdues pr\u00e0ctiques \u00e9s que tant en una com en una altra als participants se&#8217;ls sol cridar <em>voluntaris<\/em>. Per evitar aquestes confusions, en alguns pa\u00efsos es comen\u00e7a a anomenar <em>membres<\/em> als participants del servei c\u00edvic nacional.<\/p>\n<p>En<strong> l&#8217;aprenentatge servei, <\/strong>el servei a la comunitat se situa en<strong> una tercera via<\/strong>, diferent a les dues anteriors, perqu\u00e8 es vincula espec\u00edficament a la formaci\u00f3 de la persona. Situats en aquesta metodologia en destaquem tres enfocaments, que no s\u00f3n oposats ni excloents, sin\u00f3 que col\u00b7loquen accents particulars sobre una mateixa idea de servei a la comunitat:<\/p>\n<ul>\n<li>el servei a la comunitat com a <strong>activitat de voluntariat<\/strong>.<\/li>\n<li>el servei a la comunitat com a <strong>intervenci\u00f3 ciutadana<\/strong>.<\/li>\n<li>el servei a la comunitat com a <strong>responsabilitat social<\/strong>.<\/li>\n<\/ul>\n<p>Per aclarir les petites difer\u00e8ncies entre aquests tres enfocaments, potser \u00e9s \u00fatil aclarir pr\u00e8viament l&#8217;antin\u00f2mia subjacent en ells: em refereixo a <strong>l&#8217;antin\u00f2mia del <em>deure<\/em> de servir versus el <em>dret <\/em>a servir<\/strong>.<\/p>\n<p><strong>El servei a la comunitat ent\u00e8s com a activitat de voluntariat<\/strong> posa l&#8217;accent en <em>el deure de servir<\/em>, s&#8217;enfoca com ajuda desinteressada als altres, a la qual un se sent moralment obligat. \u00c9s l&#8217;enfocament predominant en el que popularment s&#8217;ent\u00e9n per voluntariat i en ell la causa a la qual se serveix \u00e9s la prioritat per a aquells que executen el servei. Quan les pr\u00e0ctiques d&#8217;aprenentatge-servei s&#8217;orienten sota aquest enfocament, prioritzen els valors i actituds prosocials associats a el fet de desenvolupar un servei: empatia, altruisme, sensibilitat social, capacitat de comprometre &#8230;<\/p>\n<p><strong>El servei a la comunitat com a intervenci\u00f3 ciutadana <\/strong>posa l&#8217;accent en <em>el dret a realitzar un servei<\/em>, i aquest s&#8217;interpreta sobretot com a expressi\u00f3 genu\u00efna de maduresa democr\u00e0tica i de participaci\u00f3 activa. \u00c9s l&#8217;enfocament predominant en les iniciatives d&#8217;intervenci\u00f3 ciutadana, en les quals la prioritat est\u00e0 en el protagonisme d&#8217;aquells que realitzen el servei. Quan les pr\u00e0ctiques d&#8217;aprenentatge-servei s&#8217;orienten sota aquest enfocament es prioritzen les actituds, habilitats socials i valors relacionades amb l&#8217;exercici de la ciutadania activa: esperit cr\u00edtic, autonomia, creativitat, treball en grup, presa de decisions, capacitat organitzativa &#8230;<\/p>\n<p><strong>El servei a la comunitat com a responsabilitat social<\/strong> tendeix a combinar els altres dos enfocaments, perqu\u00e8 en l&#8217;antin\u00f2mia <em>deure de servir versus dret a servir<\/em><strong>, <\/strong>tots dos accents tenen una justificaci\u00f3 \u00e8tica impecable. Sota aquest enfocament, el servei s&#8217;associa directament a la valor de la solidaritat, per la qual cosa freq\u00fcentment es qualifica de solidari, per\u00f2 s&#8217;evita la temptaci\u00f3 messi\u00e0nica prioritzant el significat humil per\u00f2 comprom\u00e8s de la paraula contribuir. Contribuir \u00e9s <strong>un deure c\u00edvic<\/strong>: <em>deixar el m\u00f3n una mica millor de com l&#8217;hem trobat<\/em><strong>; i \u00e9s un dret:<\/strong> <em>participar en democr\u00e0cia<\/em>. Contribuir no \u00e9s salvar el m\u00f3n ni arreglar tots els problemes, sin\u00f3 aportar alguna millora.<\/p>\n<h3>Els riscos socials i filos\u00f2fics en les pr\u00e0ctiques de servei<\/h3>\n<p>Un servei a la comunitat \u00e9s una pr\u00e0ctica democr\u00e0tica delicada, no exempta de riscos, que adquireixen una especial import\u00e0ncia quan els protagonistes del servei s\u00f3n infants i joves, m\u00e9s vulnerables, amb major tend\u00e8ncia al maniqueisme, amb major dificultat per separar l&#8217;ut\u00f2pic del viable .<\/p>\n<p>Un determinat servei a la comunitat pot ser, senzillament contraproduent. I un bon servei a la comunitat pot ser arru\u00efnat quan s&#8217;interpreta i es viu amb una actitud incorrecta. Com encertadament assenyala <strong>Mar\u00eda Nieves Tapia<\/strong>, experta internacional en aprenentatge-servei, <em>amb males pr\u00e0ctiques de servei a la comunitat els joves poden aprendre la lli\u00e7\u00f3 equivocada<\/em>.<a href=\"#_ftn2\" name=\"_ftnref2\">[2]<\/a><\/p>\n<p>En el context educatiu de <strong>l&#8217;aprenentatge servei<\/strong> els riscos socials i filos\u00f2fics m\u00e9s freq\u00fcents poden ser:<\/p>\n<p><strong>Messianisme:<\/strong> De vegades per un exc\u00e9s d&#8217;ingenu\u00eftat i altres vegades per fanatisme, es pot generar la fantasia de creure que salvarem el m\u00f3n o que l&#8217;acci\u00f3 tindr\u00e0 una import\u00e0ncia extraordin\u00e0ria. Com que els infantsi joves s\u00f3n vulnerables a aquest tipus de fantasies, cal anar amb compte de no crear expectatives desproporcionades ni alimentar la sup\u00e8rbia de creure&#8217;s superherois.<\/p>\n<p><strong>Autosufici\u00e8ncia:<\/strong> Creure que nosaltres sols podem realitzar el servei sense col\u00b7laborar amb les entitats o institucions de l&#8217;entorn. O creure que un servei en el qual els joves ho fan tot \u00e9s m\u00e9s interessant i educatiu -sota la coartada d&#8217;un protagonisme juvenil mal ent\u00e8s &#8211; que un servei on cal treballar en xarxa i entendre&#8217;s amb altres persones. Cal recordar sempre que els projectes d&#8217;aprenentatge servei no nom\u00e9s s\u00f3n educatius, sin\u00f3 que tamb\u00e9 s\u00f3n projectes de desenvolupament comunitari. La ra\u00f3 pedag\u00f2gica de cercar la m\u00e0xima autonomia dels nois i noies no pot portar-nos a prescindir de les entitats socials compromeses en l&#8217;entorn.<\/p>\n<p><strong>Imprud\u00e8ncia:<\/strong> Plantejar-se serveis massa complexos per al nivell de comprensi\u00f3, maduresa emocional o capacitat f\u00edsica i condicions de seguretat dels nois i noies. Cal ajustar molt b\u00e9 el servei perqu\u00e8 sigui raonable de dur a terme amb menors d&#8217;edat. A m\u00e9s, els projectes molt ambiciosos comporten un major risc de frac\u00e0s, amb la desmotivaci\u00f3 conseq\u00fcent.<\/p>\n<p><strong>Frivolitat:<\/strong> Dur a terme projectes socials que generen expectatives i il\u00b7lusi\u00f3 en l&#8217;entorn i despr\u00e9s deixar-los penjats perqu\u00e8 no s&#8217;ha plantejat la necessitat de continu\u00eftat. Aix\u00f2 \u00e9s especialment greu quan afecta persones vulnerables, com gent gran o persones en situaci\u00f3 de marginaci\u00f3 o soledat. No \u00e9s just, encara que pogui semblar atractiu i m\u00e9s divertit, &#8220;picotejar&#8221; accions solid\u00e0ries com qui consumeix ara una bossa de crispetes, despr\u00e9s una bossa de pipes i, potser m\u00e9s endavant, provar els anacards. Caure en aquest error revela falta de sensibilitat social, que just \u00e9s el que vol combatre l&#8217;aprenentatge servei.<\/p>\n<p><strong>Assistencialisme:<\/strong> Pensar el servei en clau caritativa o de manifestaci\u00f3 de la generositat personal i grupal, sense tenir prou en compte la perspectiva de reciprocitat -es rep tant o m\u00e9s del que es d\u00f3na- ni la perspectiva de promoci\u00f3 i dignitat de les persones destinat\u00e0ries, veient en elles nom\u00e9s les seves limitacions i mancances, per\u00f2 no els seus valors i potencialitats.<\/p>\n<h3>Per acabar<\/h3>\n<p>Corre per les xarxes aquesta an\u00e8cdota de Margaret Mead:<\/p>\n<blockquote><p><strong><em>Un estudiant li va preguntar a l&#8217;antrop\u00f2loga Margaret Mead quin considerava que va ser el primer senyal de civilitzaci\u00f3 humana. L&#8217;estudiant esperava una resposta tipus &#8220;llances per ca\u00e7ar&#8221;, &#8220;xarxes per pescar&#8221; o &#8220;atuells per cuinar&#8221;.<\/em><\/strong><\/p>\n<p><strong><em>Per\u00f2 no, la doctora Mead va dir que el primer senyal de civilitzaci\u00f3 va ser la troballa d&#8217;un f\u00e8mur que havia estat fracturat i despr\u00e9s havia curat. Mead va explicar que en el regne animal, si et trenques un os, est\u00e0s mort. No pots escapar del perill, no pots arribar al riu per beure aigua, ni pots ca\u00e7ar per menjar. Et converteixes en presa per un predador. Cap animal \u00e9s capa\u00e7 de tenir un os trencat i sobreviure prou per sanar-lo.<\/em><\/strong><\/p>\n<p><strong><em>Un f\u00e8mur que va estar trencat i va ser curat, vol dir que alg\u00fa es va quedar un temps per atendre aquesta persona ferida, va netejar la seva ferida, la va portar a un lloc segur, li va donar de menjar i beure i va estar al seu costat fins a la seva recuperaci\u00f3.<\/em><\/strong><\/p>\n<p><strong><em>&#8220;Ajudar a alg\u00fa en moments dif\u00edcils o quan ho necessita \u00e9s quan comen\u00e7a la civilitzaci\u00f3&#8221; va dir la doctora Mead. Som civilitzats i mostrem el millor de la nostra humanitat quan servim al pro\u00efsme<\/em>.<\/strong><\/p><\/blockquote>\n<p>Efectivament, el servei als altres, a la comunitat, beu de les fonts de l&#8217;\u00e8tica de la cura i de la fraternitat i \u00e9s la m\u00e9s clara senyal de civilitat, per aix\u00f2 cal que ocupi un espai rellevant en l&#8217;educaci\u00f3.<\/p>\n<p>I per desplegar tota la seva for\u00e7a educativa requereix ser interpretat no nom\u00e9s com una metodologia educativa, sin\u00f3 com una de les claus de l&#8217;educaci\u00f3 profundament humana i transformadora.<\/p>\n<p>&#8212;&#8212;&#8212;&#8212;&#8212;&#8212;&#8212;&#8211;<\/p>\n<p><a href=\"#_ftnref1\" name=\"_ftn1\">[1]<\/a>\u00a0\u00a0\u00a0 SHERRADEN, M. <em>Civic Service: Issues, Outlook, and Institution Building<\/em>. Perspective. St. Louis, MO: Centre for Social Development, Washington University, 2001.<\/p>\n<p><a href=\"#_ftnref2\" name=\"_ftn2\">[2]<\/a> TAPIA, M.N. <em>C\u00f3mo desarrollar proyectos de aprendizaje y servicio solidario en educaci\u00f3n media: secundaria y ense\u00f1anza t\u00e9cnica<\/em> : Buenos Aires-Montevideo, noviembre de 2016 \/ CLAYSS, 2017.<\/p>\n","protected":false},"excerpt":{"rendered":"<p>El servei a la comunitat beu de les fonts de l&#8217;\u00e8tica de la cura i de la fraternitat i \u00e9s la m\u00e9s clara senyal de civilitat, per aix\u00f2 cal que ocupi un espai rellevant en l&#8217;educaci\u00f3. Per\u00f2 \u00e9s una pr\u00e0ctica no est\u00e0 exempta de riscos: messianisme, autosufici\u00e8ncia, frivolitat, assistencialisme&#8230;<\/p>\n","protected":false},"author":389,"featured_media":728,"comment_status":"open","ping_status":"open","sticky":false,"template":"","format":"standard","meta":{"footnotes":""},"categories":[2],"tags":[],"tipo":[],"class_list":{"0":"post-724","1":"post","2":"type-post","3":"status-publish","4":"format-standard","5":"has-post-thumbnail","7":"category-general"},"yoast_head":"<!-- This site is optimized with the Yoast SEO plugin v27.4 - https:\/\/yoast.com\/product\/yoast-seo-wordpress\/ -->\n<title>Llums i ombres del servei a la comunitat (diferents enfocaments) - Aps i educaci\u00f3 en valors<\/title>\n<meta name=\"robots\" content=\"index, follow, max-snippet:-1, max-image-preview:large, max-video-preview:-1\" \/>\n<link rel=\"canonical\" href=\"https:\/\/diarieducacio.cat\/aprenentatgeservei\/2020\/11\/18\/llums-i-ombres-del-servei-a-la-comunitat-diferents-enfocaments\/\" \/>\n<meta property=\"og:locale\" content=\"ca_ES\" \/>\n<meta property=\"og:type\" content=\"article\" \/>\n<meta property=\"og:title\" content=\"Llums i ombres del servei a la comunitat (diferents enfocaments) - Aps i educaci\u00f3 en valors\" \/>\n<meta property=\"og:description\" content=\"El servei a la comunitat beu de les fonts de l&#039;\u00e8tica de la cura i de la fraternitat i \u00e9s la m\u00e9s clara senyal de civilitat, per aix\u00f2 cal que ocupi un espai rellevant en l&#039;educaci\u00f3. Per\u00f2 \u00e9s una pr\u00e0ctica no est\u00e0 exempta de riscos: messianisme, autosufici\u00e8ncia, frivolitat, assistencialisme...\" \/>\n<meta property=\"og:url\" content=\"https:\/\/diarieducacio.cat\/aprenentatgeservei\/2020\/11\/18\/llums-i-ombres-del-servei-a-la-comunitat-diferents-enfocaments\/\" \/>\n<meta property=\"og:site_name\" content=\"Aps i educaci\u00f3 en valors\" \/>\n<meta property=\"article:publisher\" content=\"https:\/\/www.facebook.com\/diarieducacio\/\" \/>\n<meta property=\"article:published_time\" content=\"2020-11-18T17:47:32+00:00\" \/>\n<meta property=\"og:image\" content=\"https:\/\/diarieducacio.cat\/aprenentatgeservei\/wp-content\/uploads\/sites\/22\/2020\/11\/iStock-1220618738.jpg\" \/>\n\t<meta property=\"og:image:width\" content=\"1672\" \/>\n\t<meta property=\"og:image:height\" content=\"627\" \/>\n\t<meta property=\"og:image:type\" content=\"image\/jpeg\" \/>\n<meta name=\"author\" content=\"Roser Batlle\" \/>\n<meta name=\"twitter:card\" content=\"summary_large_image\" \/>\n<meta name=\"twitter:creator\" content=\"@DiariEducacio\" \/>\n<meta name=\"twitter:site\" content=\"@DiariEducacio\" \/>\n<meta name=\"twitter:label1\" content=\"Escrit per\" \/>\n\t<meta name=\"twitter:data1\" content=\"Roser Batlle\" \/>\n\t<meta name=\"twitter:label2\" content=\"Temps estimat de lectura\" \/>\n\t<meta name=\"twitter:data2\" content=\"10 minuts\" \/>\n<script type=\"application\/ld+json\" class=\"yoast-schema-graph\">{\"@context\":\"https:\\\/\\\/schema.org\",\"@graph\":[{\"@type\":\"Article\",\"@id\":\"https:\\\/\\\/diarieducacio.cat\\\/aprenentatgeservei\\\/2020\\\/11\\\/18\\\/llums-i-ombres-del-servei-a-la-comunitat-diferents-enfocaments\\\/#article\",\"isPartOf\":{\"@id\":\"https:\\\/\\\/diarieducacio.cat\\\/aprenentatgeservei\\\/2020\\\/11\\\/18\\\/llums-i-ombres-del-servei-a-la-comunitat-diferents-enfocaments\\\/\"},\"author\":{\"name\":\"Roser Batlle\",\"@id\":\"https:\\\/\\\/diarieducacio.cat\\\/aprenentatgeservei\\\/#\\\/schema\\\/person\\\/7bdff92e1898304b3dc17ac1bdc76051\"},\"headline\":\"Llums i ombres del servei a la comunitat (diferents enfocaments)\",\"datePublished\":\"2020-11-18T17:47:32+00:00\",\"mainEntityOfPage\":{\"@id\":\"https:\\\/\\\/diarieducacio.cat\\\/aprenentatgeservei\\\/2020\\\/11\\\/18\\\/llums-i-ombres-del-servei-a-la-comunitat-diferents-enfocaments\\\/\"},\"wordCount\":2003,\"commentCount\":0,\"image\":{\"@id\":\"https:\\\/\\\/diarieducacio.cat\\\/aprenentatgeservei\\\/2020\\\/11\\\/18\\\/llums-i-ombres-del-servei-a-la-comunitat-diferents-enfocaments\\\/#primaryimage\"},\"thumbnailUrl\":\"https:\\\/\\\/diarieducacio.cat\\\/aprenentatgeservei\\\/wp-content\\\/uploads\\\/sites\\\/22\\\/2020\\\/11\\\/iStock-1220618738.jpg\",\"articleSection\":[\"General\"],\"inLanguage\":\"ca\",\"potentialAction\":[{\"@type\":\"CommentAction\",\"name\":\"Comment\",\"target\":[\"https:\\\/\\\/diarieducacio.cat\\\/aprenentatgeservei\\\/2020\\\/11\\\/18\\\/llums-i-ombres-del-servei-a-la-comunitat-diferents-enfocaments\\\/#respond\"]}]},{\"@type\":\"WebPage\",\"@id\":\"https:\\\/\\\/diarieducacio.cat\\\/aprenentatgeservei\\\/2020\\\/11\\\/18\\\/llums-i-ombres-del-servei-a-la-comunitat-diferents-enfocaments\\\/\",\"url\":\"https:\\\/\\\/diarieducacio.cat\\\/aprenentatgeservei\\\/2020\\\/11\\\/18\\\/llums-i-ombres-del-servei-a-la-comunitat-diferents-enfocaments\\\/\",\"name\":\"Llums i ombres del servei a la comunitat (diferents enfocaments) - Aps i educaci\u00f3 en valors\",\"isPartOf\":{\"@id\":\"https:\\\/\\\/diarieducacio.cat\\\/aprenentatgeservei\\\/#website\"},\"primaryImageOfPage\":{\"@id\":\"https:\\\/\\\/diarieducacio.cat\\\/aprenentatgeservei\\\/2020\\\/11\\\/18\\\/llums-i-ombres-del-servei-a-la-comunitat-diferents-enfocaments\\\/#primaryimage\"},\"image\":{\"@id\":\"https:\\\/\\\/diarieducacio.cat\\\/aprenentatgeservei\\\/2020\\\/11\\\/18\\\/llums-i-ombres-del-servei-a-la-comunitat-diferents-enfocaments\\\/#primaryimage\"},\"thumbnailUrl\":\"https:\\\/\\\/diarieducacio.cat\\\/aprenentatgeservei\\\/wp-content\\\/uploads\\\/sites\\\/22\\\/2020\\\/11\\\/iStock-1220618738.jpg\",\"datePublished\":\"2020-11-18T17:47:32+00:00\",\"author\":{\"@id\":\"https:\\\/\\\/diarieducacio.cat\\\/aprenentatgeservei\\\/#\\\/schema\\\/person\\\/7bdff92e1898304b3dc17ac1bdc76051\"},\"breadcrumb\":{\"@id\":\"https:\\\/\\\/diarieducacio.cat\\\/aprenentatgeservei\\\/2020\\\/11\\\/18\\\/llums-i-ombres-del-servei-a-la-comunitat-diferents-enfocaments\\\/#breadcrumb\"},\"inLanguage\":\"ca\",\"potentialAction\":[{\"@type\":\"ReadAction\",\"target\":[\"https:\\\/\\\/diarieducacio.cat\\\/aprenentatgeservei\\\/2020\\\/11\\\/18\\\/llums-i-ombres-del-servei-a-la-comunitat-diferents-enfocaments\\\/\"]}]},{\"@type\":\"ImageObject\",\"inLanguage\":\"ca\",\"@id\":\"https:\\\/\\\/diarieducacio.cat\\\/aprenentatgeservei\\\/2020\\\/11\\\/18\\\/llums-i-ombres-del-servei-a-la-comunitat-diferents-enfocaments\\\/#primaryimage\",\"url\":\"https:\\\/\\\/diarieducacio.cat\\\/aprenentatgeservei\\\/wp-content\\\/uploads\\\/sites\\\/22\\\/2020\\\/11\\\/iStock-1220618738.jpg\",\"contentUrl\":\"https:\\\/\\\/diarieducacio.cat\\\/aprenentatgeservei\\\/wp-content\\\/uploads\\\/sites\\\/22\\\/2020\\\/11\\\/iStock-1220618738.jpg\",\"width\":1672,\"height\":627,\"caption\":\"iStock\"},{\"@type\":\"BreadcrumbList\",\"@id\":\"https:\\\/\\\/diarieducacio.cat\\\/aprenentatgeservei\\\/2020\\\/11\\\/18\\\/llums-i-ombres-del-servei-a-la-comunitat-diferents-enfocaments\\\/#breadcrumb\",\"itemListElement\":[{\"@type\":\"ListItem\",\"position\":1,\"name\":\"Inici\",\"item\":\"https:\\\/\\\/diarieducacio.cat\\\/aprenentatgeservei\\\/\"},{\"@type\":\"ListItem\",\"position\":2,\"name\":\"Llums i ombres del servei a la comunitat (diferents enfocaments)\"}]},{\"@type\":\"WebSite\",\"@id\":\"https:\\\/\\\/diarieducacio.cat\\\/aprenentatgeservei\\\/#website\",\"url\":\"https:\\\/\\\/diarieducacio.cat\\\/aprenentatgeservei\\\/\",\"name\":\"Aps i educaci\u00f3 en valors\",\"description\":\"\",\"potentialAction\":[{\"@type\":\"SearchAction\",\"target\":{\"@type\":\"EntryPoint\",\"urlTemplate\":\"https:\\\/\\\/diarieducacio.cat\\\/aprenentatgeservei\\\/?s={search_term_string}\"},\"query-input\":{\"@type\":\"PropertyValueSpecification\",\"valueRequired\":true,\"valueName\":\"search_term_string\"}}],\"inLanguage\":\"ca\"},{\"@type\":\"Person\",\"@id\":\"https:\\\/\\\/diarieducacio.cat\\\/aprenentatgeservei\\\/#\\\/schema\\\/person\\\/7bdff92e1898304b3dc17ac1bdc76051\",\"name\":\"Roser Batlle\",\"image\":{\"@type\":\"ImageObject\",\"inLanguage\":\"ca\",\"@id\":\"https:\\\/\\\/diarieducacio.cat\\\/wp-content\\\/uploads\\\/2024\\\/11\\\/roser-batlle_avatar-96x96.jpg\",\"url\":\"https:\\\/\\\/diarieducacio.cat\\\/wp-content\\\/uploads\\\/2024\\\/11\\\/roser-batlle_avatar-96x96.jpg\",\"contentUrl\":\"https:\\\/\\\/diarieducacio.cat\\\/wp-content\\\/uploads\\\/2024\\\/11\\\/roser-batlle_avatar-96x96.jpg\",\"caption\":\"Roser Batlle\"},\"description\":\"Red Espa\u00f1ola de Aprendizaje-Servicio\",\"url\":\"https:\\\/\\\/diarieducacio.cat\\\/aprenentatgeservei\\\/author\\\/rbatlle\\\/\"}]}<\/script>\n<!-- \/ Yoast SEO plugin. -->","yoast_head_json":{"title":"Llums i ombres del servei a la comunitat (diferents enfocaments) - Aps i educaci\u00f3 en valors","robots":{"index":"index","follow":"follow","max-snippet":"max-snippet:-1","max-image-preview":"max-image-preview:large","max-video-preview":"max-video-preview:-1"},"canonical":"https:\/\/diarieducacio.cat\/aprenentatgeservei\/2020\/11\/18\/llums-i-ombres-del-servei-a-la-comunitat-diferents-enfocaments\/","og_locale":"ca_ES","og_type":"article","og_title":"Llums i ombres del servei a la comunitat (diferents enfocaments) - Aps i educaci\u00f3 en valors","og_description":"El servei a la comunitat beu de les fonts de l'\u00e8tica de la cura i de la fraternitat i \u00e9s la m\u00e9s clara senyal de civilitat, per aix\u00f2 cal que ocupi un espai rellevant en l'educaci\u00f3. Per\u00f2 \u00e9s una pr\u00e0ctica no est\u00e0 exempta de riscos: messianisme, autosufici\u00e8ncia, frivolitat, assistencialisme...","og_url":"https:\/\/diarieducacio.cat\/aprenentatgeservei\/2020\/11\/18\/llums-i-ombres-del-servei-a-la-comunitat-diferents-enfocaments\/","og_site_name":"Aps i educaci\u00f3 en valors","article_publisher":"https:\/\/www.facebook.com\/diarieducacio\/","article_published_time":"2020-11-18T17:47:32+00:00","og_image":[{"width":1672,"height":627,"url":"https:\/\/diarieducacio.cat\/aprenentatgeservei\/wp-content\/uploads\/sites\/22\/2020\/11\/iStock-1220618738.jpg","type":"image\/jpeg"}],"author":"Roser Batlle","twitter_card":"summary_large_image","twitter_creator":"@DiariEducacio","twitter_site":"@DiariEducacio","twitter_misc":{"Escrit per":"Roser Batlle","Temps estimat de lectura":"10 minuts"},"schema":{"@context":"https:\/\/schema.org","@graph":[{"@type":"Article","@id":"https:\/\/diarieducacio.cat\/aprenentatgeservei\/2020\/11\/18\/llums-i-ombres-del-servei-a-la-comunitat-diferents-enfocaments\/#article","isPartOf":{"@id":"https:\/\/diarieducacio.cat\/aprenentatgeservei\/2020\/11\/18\/llums-i-ombres-del-servei-a-la-comunitat-diferents-enfocaments\/"},"author":{"name":"Roser Batlle","@id":"https:\/\/diarieducacio.cat\/aprenentatgeservei\/#\/schema\/person\/7bdff92e1898304b3dc17ac1bdc76051"},"headline":"Llums i ombres del servei a la comunitat (diferents enfocaments)","datePublished":"2020-11-18T17:47:32+00:00","mainEntityOfPage":{"@id":"https:\/\/diarieducacio.cat\/aprenentatgeservei\/2020\/11\/18\/llums-i-ombres-del-servei-a-la-comunitat-diferents-enfocaments\/"},"wordCount":2003,"commentCount":0,"image":{"@id":"https:\/\/diarieducacio.cat\/aprenentatgeservei\/2020\/11\/18\/llums-i-ombres-del-servei-a-la-comunitat-diferents-enfocaments\/#primaryimage"},"thumbnailUrl":"https:\/\/diarieducacio.cat\/aprenentatgeservei\/wp-content\/uploads\/sites\/22\/2020\/11\/iStock-1220618738.jpg","articleSection":["General"],"inLanguage":"ca","potentialAction":[{"@type":"CommentAction","name":"Comment","target":["https:\/\/diarieducacio.cat\/aprenentatgeservei\/2020\/11\/18\/llums-i-ombres-del-servei-a-la-comunitat-diferents-enfocaments\/#respond"]}]},{"@type":"WebPage","@id":"https:\/\/diarieducacio.cat\/aprenentatgeservei\/2020\/11\/18\/llums-i-ombres-del-servei-a-la-comunitat-diferents-enfocaments\/","url":"https:\/\/diarieducacio.cat\/aprenentatgeservei\/2020\/11\/18\/llums-i-ombres-del-servei-a-la-comunitat-diferents-enfocaments\/","name":"Llums i ombres del servei a la comunitat (diferents enfocaments) - Aps i educaci\u00f3 en valors","isPartOf":{"@id":"https:\/\/diarieducacio.cat\/aprenentatgeservei\/#website"},"primaryImageOfPage":{"@id":"https:\/\/diarieducacio.cat\/aprenentatgeservei\/2020\/11\/18\/llums-i-ombres-del-servei-a-la-comunitat-diferents-enfocaments\/#primaryimage"},"image":{"@id":"https:\/\/diarieducacio.cat\/aprenentatgeservei\/2020\/11\/18\/llums-i-ombres-del-servei-a-la-comunitat-diferents-enfocaments\/#primaryimage"},"thumbnailUrl":"https:\/\/diarieducacio.cat\/aprenentatgeservei\/wp-content\/uploads\/sites\/22\/2020\/11\/iStock-1220618738.jpg","datePublished":"2020-11-18T17:47:32+00:00","author":{"@id":"https:\/\/diarieducacio.cat\/aprenentatgeservei\/#\/schema\/person\/7bdff92e1898304b3dc17ac1bdc76051"},"breadcrumb":{"@id":"https:\/\/diarieducacio.cat\/aprenentatgeservei\/2020\/11\/18\/llums-i-ombres-del-servei-a-la-comunitat-diferents-enfocaments\/#breadcrumb"},"inLanguage":"ca","potentialAction":[{"@type":"ReadAction","target":["https:\/\/diarieducacio.cat\/aprenentatgeservei\/2020\/11\/18\/llums-i-ombres-del-servei-a-la-comunitat-diferents-enfocaments\/"]}]},{"@type":"ImageObject","inLanguage":"ca","@id":"https:\/\/diarieducacio.cat\/aprenentatgeservei\/2020\/11\/18\/llums-i-ombres-del-servei-a-la-comunitat-diferents-enfocaments\/#primaryimage","url":"https:\/\/diarieducacio.cat\/aprenentatgeservei\/wp-content\/uploads\/sites\/22\/2020\/11\/iStock-1220618738.jpg","contentUrl":"https:\/\/diarieducacio.cat\/aprenentatgeservei\/wp-content\/uploads\/sites\/22\/2020\/11\/iStock-1220618738.jpg","width":1672,"height":627,"caption":"iStock"},{"@type":"BreadcrumbList","@id":"https:\/\/diarieducacio.cat\/aprenentatgeservei\/2020\/11\/18\/llums-i-ombres-del-servei-a-la-comunitat-diferents-enfocaments\/#breadcrumb","itemListElement":[{"@type":"ListItem","position":1,"name":"Inici","item":"https:\/\/diarieducacio.cat\/aprenentatgeservei\/"},{"@type":"ListItem","position":2,"name":"Llums i ombres del servei a la comunitat (diferents enfocaments)"}]},{"@type":"WebSite","@id":"https:\/\/diarieducacio.cat\/aprenentatgeservei\/#website","url":"https:\/\/diarieducacio.cat\/aprenentatgeservei\/","name":"Aps i educaci\u00f3 en valors","description":"","potentialAction":[{"@type":"SearchAction","target":{"@type":"EntryPoint","urlTemplate":"https:\/\/diarieducacio.cat\/aprenentatgeservei\/?s={search_term_string}"},"query-input":{"@type":"PropertyValueSpecification","valueRequired":true,"valueName":"search_term_string"}}],"inLanguage":"ca"},{"@type":"Person","@id":"https:\/\/diarieducacio.cat\/aprenentatgeservei\/#\/schema\/person\/7bdff92e1898304b3dc17ac1bdc76051","name":"Roser Batlle","image":{"@type":"ImageObject","inLanguage":"ca","@id":"https:\/\/diarieducacio.cat\/wp-content\/uploads\/2024\/11\/roser-batlle_avatar-96x96.jpg","url":"https:\/\/diarieducacio.cat\/wp-content\/uploads\/2024\/11\/roser-batlle_avatar-96x96.jpg","contentUrl":"https:\/\/diarieducacio.cat\/wp-content\/uploads\/2024\/11\/roser-batlle_avatar-96x96.jpg","caption":"Roser Batlle"},"description":"Red Espa\u00f1ola de Aprendizaje-Servicio","url":"https:\/\/diarieducacio.cat\/aprenentatgeservei\/author\/rbatlle\/"}]}},"_links":{"self":[{"href":"https:\/\/diarieducacio.cat\/aprenentatgeservei\/wp-json\/wp\/v2\/posts\/724","targetHints":{"allow":["GET"]}}],"collection":[{"href":"https:\/\/diarieducacio.cat\/aprenentatgeservei\/wp-json\/wp\/v2\/posts"}],"about":[{"href":"https:\/\/diarieducacio.cat\/aprenentatgeservei\/wp-json\/wp\/v2\/types\/post"}],"author":[{"embeddable":true,"href":"https:\/\/diarieducacio.cat\/aprenentatgeservei\/wp-json\/wp\/v2\/users\/389"}],"replies":[{"embeddable":true,"href":"https:\/\/diarieducacio.cat\/aprenentatgeservei\/wp-json\/wp\/v2\/comments?post=724"}],"version-history":[{"count":0,"href":"https:\/\/diarieducacio.cat\/aprenentatgeservei\/wp-json\/wp\/v2\/posts\/724\/revisions"}],"wp:featuredmedia":[{"embeddable":true,"href":"https:\/\/diarieducacio.cat\/aprenentatgeservei\/wp-json\/wp\/v2\/media\/728"}],"wp:attachment":[{"href":"https:\/\/diarieducacio.cat\/aprenentatgeservei\/wp-json\/wp\/v2\/media?parent=724"}],"wp:term":[{"taxonomy":"category","embeddable":true,"href":"https:\/\/diarieducacio.cat\/aprenentatgeservei\/wp-json\/wp\/v2\/categories?post=724"},{"taxonomy":"post_tag","embeddable":true,"href":"https:\/\/diarieducacio.cat\/aprenentatgeservei\/wp-json\/wp\/v2\/tags?post=724"},{"taxonomy":"tipo","embeddable":true,"href":"https:\/\/diarieducacio.cat\/aprenentatgeservei\/wp-json\/wp\/v2\/tipo?post=724"}],"curies":[{"name":"wp","href":"https:\/\/api.w.org\/{rel}","templated":true}]}}