{"id":81,"date":"2015-06-19T06:52:02","date_gmt":"2015-06-19T06:52:02","guid":{"rendered":"https:\/\/diarieducacio.cat\/aprenentatgeservei\/?p=81"},"modified":"2015-06-19T06:52:02","modified_gmt":"2015-06-19T06:52:02","slug":"biabanca-banquers-etics-a-laula","status":"publish","type":"post","link":"https:\/\/diarieducacio.cat\/aprenentatgeservei\/2015\/06\/19\/biabanca-banquers-etics-a-laula\/","title":{"rendered":"Biabanca: banquers (\u00e8tics) a l&#8217;aula!"},"content":{"rendered":"<figure id=\"attachment_82\" aria-describedby=\"caption-attachment-82\" style=\"width: 363px\" class=\"wp-caption alignright\"><a href=\"https:\/\/diarieducacio.cat\/aprenentatgeservei\/wp-content\/uploads\/sites\/19\/2015\/06\/IMG_6067.jpg\"><img fetchpriority=\"high\" decoding=\"async\" class=\" wp-image-82\" src=\"https:\/\/diarieducacio.cat\/aprenentatgeservei\/wp-content\/uploads\/sites\/19\/2015\/06\/IMG_6067-300x225.jpg\" alt=\"L\u2019oficina de \u2018Biabanca\u2019, la banca \u00e8tica de l\u2019institut Miquel Biada de Matar\u00f3\" width=\"363\" height=\"272\" srcset=\"https:\/\/diarieducacio.cat\/aprenentatgeservei\/wp-content\/uploads\/sites\/22\/2015\/06\/IMG_6067-300x225.jpg 300w, https:\/\/diarieducacio.cat\/aprenentatgeservei\/wp-content\/uploads\/sites\/22\/2015\/06\/IMG_6067-1024x768.jpg 1024w, https:\/\/diarieducacio.cat\/aprenentatgeservei\/wp-content\/uploads\/sites\/22\/2015\/06\/IMG_6067-768x576.jpg 768w, https:\/\/diarieducacio.cat\/aprenentatgeservei\/wp-content\/uploads\/sites\/22\/2015\/06\/IMG_6067-150x113.jpg 150w, https:\/\/diarieducacio.cat\/aprenentatgeservei\/wp-content\/uploads\/sites\/22\/2015\/06\/IMG_6067-450x338.jpg 450w, https:\/\/diarieducacio.cat\/aprenentatgeservei\/wp-content\/uploads\/sites\/22\/2015\/06\/IMG_6067-1200x900.jpg 1200w, https:\/\/diarieducacio.cat\/aprenentatgeservei\/wp-content\/uploads\/sites\/22\/2015\/06\/IMG_6067.jpg 1280w\" sizes=\"(max-width: 363px) 100vw, 363px\" \/><\/a><figcaption id=\"caption-attachment-82\" class=\"wp-caption-text\">L\u2019oficina de \u2018Biabanca\u2019, la banca \u00e8tica de l\u2019institut Miquel Biada de Matar\u00f3<\/figcaption><\/figure>\n<p>Institut, banc, \u00e8tica. Tres conceptes aparentment dispersos i allunyats que s\u00f3n la matriu de Biabanca, la banca \u00e8tica creada per l\u2019institut Miquel Biada de Matar\u00f3. Tres idees que, per un any, han transformat la vida dels alumnes que l\u2019han desenvolupat i que els han despertat l\u2019inter\u00e8s per una q\u00fcesti\u00f3 tan controvertida com s\u00f3n els bancs i el seu funcionament avui en dia.<\/p>\n<p>Ja fa anys que l\u2019institut Miquel Biada desenvolupa projectes d\u2019aprenentatge servei, molts dels quals vinculats a l\u2019intercanvi intergeneracional amb gent gran. Enguany, per\u00f2, des de l\u2019assignatura optativa d\u2019Emprenedoria de tercer d\u2019ESO, han volgut fer un pas m\u00e9s i gr\u00e0cies a una ajuda econ\u00f2mica del Centre Promotor d\u2019Aprenentatge Servei, subvencionada per Oiko Credit, han pogut realitzar un projecte vinculat amb la banca \u00e8tica. L\u2019educaci\u00f3 financera ha estat el pilar de l\u2019aprenentatge servei d\u2019aquest curs i l\u2019objectiu, tal com explica Maite Villaverde, una de les coordinadores del projecte, ha estat \u201ccrear una oficina d\u2019una banca \u00e8tica al nostre institut\u201d.<\/p>\n<p><strong>Una oficina banc\u00e0ria a l\u2019institut<\/strong><\/p>\n<p>La banca \u00e8tica la integren aquelles entitats banc\u00e0ries que treballen en pro de les finances \u00e8tiques i que procuren que el desenvolupament de projectes socials i ambientals siguin compatibles amb la rendibilitat econ\u00f2mica. Aquests bancs, minoritaris i sovint desconeguts, practiquen una pol\u00edtica de transpar\u00e8ncia molt major que en les entitats banc\u00e0ries tradicionals, ja que consideren que els seus usuaris tenen el dret a saber en qu\u00e8 s\u2019inverteixen els seus diners i, per tant, eviten involucrar-se en el finan\u00e7ament d\u2019empreses d\u2019armament o de petroleres, com fan alguns bancs.<\/p>\n<p>Com han extrapolat aquestes caracter\u00edstiques a un institut? A priori, pot semblar una idea absurda, per\u00f2 l\u2019envergadura del projecte ha traspassat les fronteres de les aules. Despr\u00e9s d\u2019adquirir un espai i convertir-lo en l\u2019oficina d\u2019un banc, els alumnes han passat per un proc\u00e9s d\u2019aprenentatge significatiu sobre el sistema financer i la banca \u00e8tica, per aprendre, sobretot, \u201cque existeixen alternatives als bancs convencionals\u201d, segons Villaverde.<\/p>\n<p><strong>Sortir de l\u2019aula, factor crucial\u00a0<\/strong><\/p>\n<p>La Mireia \u00e9s una estudiant de tercer d\u2019ESO que ha participat en aquest projecte. S\u2019hi va apuntar sense saber ben b\u00e9 de qu\u00e8 es tractaria i amb el curs a punt d\u2019acabar-se, est\u00e0 contenta amb l\u2019experi\u00e8ncia. \u201cSom m\u00e9s cr\u00edtics amb els bancs i amb qu\u00e8 fan amb els nostres diners\u201d, explica la jove que valora especialment \u201cel treball en equip i fora de l\u2019aula\u201d que s\u2019ha realitzat. Preguntada per si ha apr\u00e8s moltes coses, reflexiona un segon i afirma conven\u00e7uda que probablement \u201cmolt m\u00e9s que en una classe normal\u201d perqu\u00e8 en aquest projecte \u201cno hem hagut de vomitar res en un examen, sin\u00f3 que ho hem posat en pr\u00e0ctica i aix\u00f2 ens ha servit per veure qu\u00e8 som capa\u00e7os de fer\u201d.<\/p>\n<p>L\u2019experi\u00e8ncia adquirida per la Mireia \u00e9s un exemple de l\u2019envergadura del projecte. A l\u2019institut Miquel Biada hi estudien centenars d\u2019alumnes, una xifra molt gran. Malgrat Biabanca \u00e9s nom\u00e9s l\u2019oficina de banca \u00e8tica, la transversalitat del projecte ha superat aix\u00f2 i ha implicat alumnes de tercer d\u2019ESO i de Formaci\u00f3 Professional. Aquests \u00faltims tenen, en el seu pla d\u2019estudis, una assignatura durant la qual s\u2019ha de crear un model de negoci. El microcr\u00e8dit que els fa falta per tirar endavant aquest model hipot\u00e8tic de negoci l\u2019atorgar\u00e0 la Biabanca, alhora que avaluar\u00e0 el projecte i valorar\u00e0 la seva vessant \u00e8tica. \u201cAix\u00f2 implica que els alumnes de cicles construeixin una empresa que ja d\u2019entrada contempli principis \u00e8tics i de responsabilitat social\u201d, explica Villaverde, que tamb\u00e9 destaca el paper dels \u201cbanquers\u201d, ja que \u201chauran de decidir si concedeixen el finan\u00e7ament i assessoraran per millorar encara m\u00e9s el negoci\u201d.<\/p>\n<p><strong>\u201cEmpoderar-se\u201d<\/strong><\/p>\n<p>Aix\u00ed doncs, l\u2019estudi previ del sector en qu\u00e8 s\u2019havia de desenvolupar el projecte \u2013l\u2019\u00e8tica-, i l\u2019an\u00e0lisi del sistema financer \u2013 en un nivell b\u00e0sic \u2013 van fer n\u00e9ixer Biabanca, una banca \u00e8tica fict\u00edcia, per\u00f2 \u00fatil en termes d\u2019aprenentatge, servei i valors ja que l\u2019experi\u00e8ncia es pot extrapolar \u2013 salvant les dist\u00e0ncies \u2013 a la vida real. Anna \u00dabeda, una altra de les professores vinculades al projecte, considera que \u00e9s aqu\u00ed on rau l\u2019\u00e8xit, en el fet que es tracta \u201cd\u2019un aprenentatge significatiu i \u00fatil\u201d.<\/p>\n<p>Amb les premisses i l\u2019esquema d\u2019actuaci\u00f3 damunt la taula, els alumnes van \u201ctreballar en equip sense for\u00e7ar-los, de forma aut\u00f2noma\u201d, segons \u00dabeda. Sense adonar-se\u2019n, s\u2019han conegut millor i s\u2019han relacionat com no ho havien fet abans, alhora que \u201cs\u2019han empoderat, s\u2019han autoanalitzat i han vist que s\u00f3n capa\u00e7os de fer moltes coses\u201d.<\/p>\n<p>El fet de sentir-se \u00fatils per a la societat en la que viuen \u00e9s, al cap i a la fi, un altre dels objectius de l\u2019educaci\u00f3 perqu\u00e8 es descobreixen a ells mateixos i a la capacitat que poden tenir per transformar el seu entorn en un futur.<\/p>\n","protected":false},"excerpt":{"rendered":"<p>L\u2019institut Miquel Biada de Matar\u00f3 crea una banca \u00e8tica fict\u00edcia al centre i desenvolupa un projecte transversal que implica alumnes d\u2019ESO i de formaci\u00f3 professional<\/p>\n","protected":false},"author":383,"featured_media":0,"comment_status":"open","ping_status":"open","sticky":false,"template":"","format":"standard","meta":{"footnotes":""},"categories":[2],"tags":[97,98,124,125,126,127,128,129,130,131,132,109],"tipo":[],"class_list":{"0":"post-81","1":"post","2":"type-post","3":"status-publish","4":"format-standard","6":"category-general","7":"tag-aprenentatge-servei","8":"tag-aps","9":"tag-banca-etica","10":"tag-biabanca","11":"tag-formacio-professional","12":"tag-fp","13":"tag-institut-miquel-biada","14":"tag-miquel-biada","15":"tag-oiko-credit","16":"tag-secundaria","17":"tag-transversal","18":"tag-valors"},"yoast_head":"<!-- This site is optimized with the Yoast SEO plugin v27.5 - https:\/\/yoast.com\/product\/yoast-seo-wordpress\/ -->\n<title>Biabanca: banquers (\u00e8tics) a l&#039;aula! - Aps i educaci\u00f3 en valors<\/title>\n<meta name=\"robots\" content=\"index, follow, max-snippet:-1, max-image-preview:large, max-video-preview:-1\" \/>\n<link rel=\"canonical\" href=\"https:\/\/diarieducacio.cat\/aprenentatgeservei\/2015\/06\/19\/biabanca-banquers-etics-a-laula\/\" \/>\n<meta property=\"og:locale\" content=\"ca_ES\" \/>\n<meta property=\"og:type\" content=\"article\" \/>\n<meta property=\"og:title\" content=\"Biabanca: banquers (\u00e8tics) a l&#039;aula! - Aps i educaci\u00f3 en valors\" \/>\n<meta property=\"og:description\" content=\"L\u2019institut Miquel Biada de Matar\u00f3 crea una banca \u00e8tica fict\u00edcia al centre i desenvolupa un projecte transversal que implica alumnes d\u2019ESO i de formaci\u00f3 professional\" \/>\n<meta property=\"og:url\" content=\"https:\/\/diarieducacio.cat\/aprenentatgeservei\/2015\/06\/19\/biabanca-banquers-etics-a-laula\/\" \/>\n<meta property=\"og:site_name\" content=\"Aps i educaci\u00f3 en valors\" \/>\n<meta property=\"article:publisher\" content=\"https:\/\/www.facebook.com\/diarieducacio\/\" \/>\n<meta property=\"article:published_time\" content=\"2015-06-19T06:52:02+00:00\" \/>\n<meta property=\"og:image\" content=\"https:\/\/diarieducacio.cat\/aprenentatgeservei\/wp-content\/uploads\/sites\/22\/2015\/06\/IMG_6067.jpg\" \/>\n\t<meta property=\"og:image:width\" content=\"1280\" \/>\n\t<meta property=\"og:image:height\" content=\"960\" \/>\n\t<meta property=\"og:image:type\" content=\"image\/jpeg\" \/>\n<meta name=\"author\" content=\"Mireia Biel\" \/>\n<meta name=\"twitter:card\" content=\"summary_large_image\" \/>\n<meta name=\"twitter:creator\" content=\"@DiariEducacio\" \/>\n<meta name=\"twitter:site\" content=\"@DiariEducacio\" \/>\n<meta name=\"twitter:label1\" content=\"Escrit per\" \/>\n\t<meta name=\"twitter:data1\" content=\"Mireia Biel\" \/>\n\t<meta name=\"twitter:label2\" content=\"Temps estimat de lectura\" \/>\n\t<meta name=\"twitter:data2\" content=\"4 minuts\" \/>\n<script type=\"application\/ld+json\" class=\"yoast-schema-graph\">{\"@context\":\"https:\\\/\\\/schema.org\",\"@graph\":[{\"@type\":\"Article\",\"@id\":\"https:\\\/\\\/diarieducacio.cat\\\/aprenentatgeservei\\\/2015\\\/06\\\/19\\\/biabanca-banquers-etics-a-laula\\\/#article\",\"isPartOf\":{\"@id\":\"https:\\\/\\\/diarieducacio.cat\\\/aprenentatgeservei\\\/2015\\\/06\\\/19\\\/biabanca-banquers-etics-a-laula\\\/\"},\"author\":{\"name\":\"Mireia Biel\",\"@id\":\"https:\\\/\\\/diarieducacio.cat\\\/aprenentatgeservei\\\/#\\\/schema\\\/person\\\/b9e07ad94911325613be716a2c3c66ab\"},\"headline\":\"Biabanca: banquers (\u00e8tics) a l&#8217;aula!\",\"datePublished\":\"2015-06-19T06:52:02+00:00\",\"mainEntityOfPage\":{\"@id\":\"https:\\\/\\\/diarieducacio.cat\\\/aprenentatgeservei\\\/2015\\\/06\\\/19\\\/biabanca-banquers-etics-a-laula\\\/\"},\"wordCount\":890,\"commentCount\":0,\"image\":{\"@id\":\"https:\\\/\\\/diarieducacio.cat\\\/aprenentatgeservei\\\/2015\\\/06\\\/19\\\/biabanca-banquers-etics-a-laula\\\/#primaryimage\"},\"thumbnailUrl\":\"https:\\\/\\\/diarieducacio.cat\\\/aprenentatgeservei\\\/wp-content\\\/uploads\\\/sites\\\/19\\\/2015\\\/06\\\/IMG_6067-300x225.jpg\",\"keywords\":[\"aprenentatge servei\",\"APS\",\"Banca \u00e8tica\",\"Biabanca\",\"formaci\u00f3 professional\",\"FP\",\"Institut Miquel Biada\",\"Miquel Biada\",\"oiko credit\",\"secund\u00e0ria\",\"transversal\",\"valors\"],\"articleSection\":[\"General\"],\"inLanguage\":\"ca\",\"potentialAction\":[{\"@type\":\"CommentAction\",\"name\":\"Comment\",\"target\":[\"https:\\\/\\\/diarieducacio.cat\\\/aprenentatgeservei\\\/2015\\\/06\\\/19\\\/biabanca-banquers-etics-a-laula\\\/#respond\"]}]},{\"@type\":\"WebPage\",\"@id\":\"https:\\\/\\\/diarieducacio.cat\\\/aprenentatgeservei\\\/2015\\\/06\\\/19\\\/biabanca-banquers-etics-a-laula\\\/\",\"url\":\"https:\\\/\\\/diarieducacio.cat\\\/aprenentatgeservei\\\/2015\\\/06\\\/19\\\/biabanca-banquers-etics-a-laula\\\/\",\"name\":\"Biabanca: banquers (\u00e8tics) a l'aula! - Aps i educaci\u00f3 en valors\",\"isPartOf\":{\"@id\":\"https:\\\/\\\/diarieducacio.cat\\\/aprenentatgeservei\\\/#website\"},\"primaryImageOfPage\":{\"@id\":\"https:\\\/\\\/diarieducacio.cat\\\/aprenentatgeservei\\\/2015\\\/06\\\/19\\\/biabanca-banquers-etics-a-laula\\\/#primaryimage\"},\"image\":{\"@id\":\"https:\\\/\\\/diarieducacio.cat\\\/aprenentatgeservei\\\/2015\\\/06\\\/19\\\/biabanca-banquers-etics-a-laula\\\/#primaryimage\"},\"thumbnailUrl\":\"https:\\\/\\\/diarieducacio.cat\\\/aprenentatgeservei\\\/wp-content\\\/uploads\\\/sites\\\/19\\\/2015\\\/06\\\/IMG_6067-300x225.jpg\",\"datePublished\":\"2015-06-19T06:52:02+00:00\",\"author\":{\"@id\":\"https:\\\/\\\/diarieducacio.cat\\\/aprenentatgeservei\\\/#\\\/schema\\\/person\\\/b9e07ad94911325613be716a2c3c66ab\"},\"breadcrumb\":{\"@id\":\"https:\\\/\\\/diarieducacio.cat\\\/aprenentatgeservei\\\/2015\\\/06\\\/19\\\/biabanca-banquers-etics-a-laula\\\/#breadcrumb\"},\"inLanguage\":\"ca\",\"potentialAction\":[{\"@type\":\"ReadAction\",\"target\":[\"https:\\\/\\\/diarieducacio.cat\\\/aprenentatgeservei\\\/2015\\\/06\\\/19\\\/biabanca-banquers-etics-a-laula\\\/\"]}]},{\"@type\":\"ImageObject\",\"inLanguage\":\"ca\",\"@id\":\"https:\\\/\\\/diarieducacio.cat\\\/aprenentatgeservei\\\/2015\\\/06\\\/19\\\/biabanca-banquers-etics-a-laula\\\/#primaryimage\",\"url\":\"https:\\\/\\\/diarieducacio.cat\\\/aprenentatgeservei\\\/wp-content\\\/uploads\\\/sites\\\/22\\\/2015\\\/06\\\/IMG_6067.jpg\",\"contentUrl\":\"https:\\\/\\\/diarieducacio.cat\\\/aprenentatgeservei\\\/wp-content\\\/uploads\\\/sites\\\/22\\\/2015\\\/06\\\/IMG_6067.jpg\",\"width\":1280,\"height\":960,\"caption\":\"L\u2019oficina de \u2018Biabanca\u2019, la banca \u00e8tica de l\u2019institut Miquel Biada de Matar\u00f3\"},{\"@type\":\"BreadcrumbList\",\"@id\":\"https:\\\/\\\/diarieducacio.cat\\\/aprenentatgeservei\\\/2015\\\/06\\\/19\\\/biabanca-banquers-etics-a-laula\\\/#breadcrumb\",\"itemListElement\":[{\"@type\":\"ListItem\",\"position\":1,\"name\":\"Inici\",\"item\":\"https:\\\/\\\/diarieducacio.cat\\\/aprenentatgeservei\\\/\"},{\"@type\":\"ListItem\",\"position\":2,\"name\":\"Biabanca: banquers (\u00e8tics) a l&#8217;aula!\"}]},{\"@type\":\"WebSite\",\"@id\":\"https:\\\/\\\/diarieducacio.cat\\\/aprenentatgeservei\\\/#website\",\"url\":\"https:\\\/\\\/diarieducacio.cat\\\/aprenentatgeservei\\\/\",\"name\":\"Aps i educaci\u00f3 en valors\",\"description\":\"\",\"potentialAction\":[{\"@type\":\"SearchAction\",\"target\":{\"@type\":\"EntryPoint\",\"urlTemplate\":\"https:\\\/\\\/diarieducacio.cat\\\/aprenentatgeservei\\\/?s={search_term_string}\"},\"query-input\":{\"@type\":\"PropertyValueSpecification\",\"valueRequired\":true,\"valueName\":\"search_term_string\"}}],\"inLanguage\":\"ca\"},{\"@type\":\"Person\",\"@id\":\"https:\\\/\\\/diarieducacio.cat\\\/aprenentatgeservei\\\/#\\\/schema\\\/person\\\/b9e07ad94911325613be716a2c3c66ab\",\"name\":\"Mireia Biel\",\"image\":{\"@type\":\"ImageObject\",\"inLanguage\":\"ca\",\"@id\":\"https:\\\/\\\/secure.gravatar.com\\\/avatar\\\/f0cab6ef3056f8b0cda6e483f5ff203ad74cee9df0cbf4ad56b9deec716ae213?s=96&d=mm&r=g\",\"url\":\"https:\\\/\\\/secure.gravatar.com\\\/avatar\\\/f0cab6ef3056f8b0cda6e483f5ff203ad74cee9df0cbf4ad56b9deec716ae213?s=96&d=mm&r=g\",\"contentUrl\":\"https:\\\/\\\/secure.gravatar.com\\\/avatar\\\/f0cab6ef3056f8b0cda6e483f5ff203ad74cee9df0cbf4ad56b9deec716ae213?s=96&d=mm&r=g\",\"caption\":\"Mireia Biel\"},\"url\":\"https:\\\/\\\/diarieducacio.cat\\\/aprenentatgeservei\\\/author\\\/mireiabiel\\\/\"}]}<\/script>\n<!-- \/ Yoast SEO plugin. -->","yoast_head_json":{"title":"Biabanca: banquers (\u00e8tics) a l'aula! - Aps i educaci\u00f3 en valors","robots":{"index":"index","follow":"follow","max-snippet":"max-snippet:-1","max-image-preview":"max-image-preview:large","max-video-preview":"max-video-preview:-1"},"canonical":"https:\/\/diarieducacio.cat\/aprenentatgeservei\/2015\/06\/19\/biabanca-banquers-etics-a-laula\/","og_locale":"ca_ES","og_type":"article","og_title":"Biabanca: banquers (\u00e8tics) a l'aula! - Aps i educaci\u00f3 en valors","og_description":"L\u2019institut Miquel Biada de Matar\u00f3 crea una banca \u00e8tica fict\u00edcia al centre i desenvolupa un projecte transversal que implica alumnes d\u2019ESO i de formaci\u00f3 professional","og_url":"https:\/\/diarieducacio.cat\/aprenentatgeservei\/2015\/06\/19\/biabanca-banquers-etics-a-laula\/","og_site_name":"Aps i educaci\u00f3 en valors","article_publisher":"https:\/\/www.facebook.com\/diarieducacio\/","article_published_time":"2015-06-19T06:52:02+00:00","og_image":[{"width":1280,"height":960,"url":"https:\/\/diarieducacio.cat\/aprenentatgeservei\/wp-content\/uploads\/sites\/22\/2015\/06\/IMG_6067.jpg","type":"image\/jpeg"}],"author":"Mireia Biel","twitter_card":"summary_large_image","twitter_creator":"@DiariEducacio","twitter_site":"@DiariEducacio","twitter_misc":{"Escrit per":"Mireia Biel","Temps estimat de lectura":"4 minuts"},"schema":{"@context":"https:\/\/schema.org","@graph":[{"@type":"Article","@id":"https:\/\/diarieducacio.cat\/aprenentatgeservei\/2015\/06\/19\/biabanca-banquers-etics-a-laula\/#article","isPartOf":{"@id":"https:\/\/diarieducacio.cat\/aprenentatgeservei\/2015\/06\/19\/biabanca-banquers-etics-a-laula\/"},"author":{"name":"Mireia Biel","@id":"https:\/\/diarieducacio.cat\/aprenentatgeservei\/#\/schema\/person\/b9e07ad94911325613be716a2c3c66ab"},"headline":"Biabanca: banquers (\u00e8tics) a l&#8217;aula!","datePublished":"2015-06-19T06:52:02+00:00","mainEntityOfPage":{"@id":"https:\/\/diarieducacio.cat\/aprenentatgeservei\/2015\/06\/19\/biabanca-banquers-etics-a-laula\/"},"wordCount":890,"commentCount":0,"image":{"@id":"https:\/\/diarieducacio.cat\/aprenentatgeservei\/2015\/06\/19\/biabanca-banquers-etics-a-laula\/#primaryimage"},"thumbnailUrl":"https:\/\/diarieducacio.cat\/aprenentatgeservei\/wp-content\/uploads\/sites\/19\/2015\/06\/IMG_6067-300x225.jpg","keywords":["aprenentatge servei","APS","Banca \u00e8tica","Biabanca","formaci\u00f3 professional","FP","Institut Miquel Biada","Miquel Biada","oiko credit","secund\u00e0ria","transversal","valors"],"articleSection":["General"],"inLanguage":"ca","potentialAction":[{"@type":"CommentAction","name":"Comment","target":["https:\/\/diarieducacio.cat\/aprenentatgeservei\/2015\/06\/19\/biabanca-banquers-etics-a-laula\/#respond"]}]},{"@type":"WebPage","@id":"https:\/\/diarieducacio.cat\/aprenentatgeservei\/2015\/06\/19\/biabanca-banquers-etics-a-laula\/","url":"https:\/\/diarieducacio.cat\/aprenentatgeservei\/2015\/06\/19\/biabanca-banquers-etics-a-laula\/","name":"Biabanca: banquers (\u00e8tics) a l'aula! - Aps i educaci\u00f3 en valors","isPartOf":{"@id":"https:\/\/diarieducacio.cat\/aprenentatgeservei\/#website"},"primaryImageOfPage":{"@id":"https:\/\/diarieducacio.cat\/aprenentatgeservei\/2015\/06\/19\/biabanca-banquers-etics-a-laula\/#primaryimage"},"image":{"@id":"https:\/\/diarieducacio.cat\/aprenentatgeservei\/2015\/06\/19\/biabanca-banquers-etics-a-laula\/#primaryimage"},"thumbnailUrl":"https:\/\/diarieducacio.cat\/aprenentatgeservei\/wp-content\/uploads\/sites\/19\/2015\/06\/IMG_6067-300x225.jpg","datePublished":"2015-06-19T06:52:02+00:00","author":{"@id":"https:\/\/diarieducacio.cat\/aprenentatgeservei\/#\/schema\/person\/b9e07ad94911325613be716a2c3c66ab"},"breadcrumb":{"@id":"https:\/\/diarieducacio.cat\/aprenentatgeservei\/2015\/06\/19\/biabanca-banquers-etics-a-laula\/#breadcrumb"},"inLanguage":"ca","potentialAction":[{"@type":"ReadAction","target":["https:\/\/diarieducacio.cat\/aprenentatgeservei\/2015\/06\/19\/biabanca-banquers-etics-a-laula\/"]}]},{"@type":"ImageObject","inLanguage":"ca","@id":"https:\/\/diarieducacio.cat\/aprenentatgeservei\/2015\/06\/19\/biabanca-banquers-etics-a-laula\/#primaryimage","url":"https:\/\/diarieducacio.cat\/aprenentatgeservei\/wp-content\/uploads\/sites\/22\/2015\/06\/IMG_6067.jpg","contentUrl":"https:\/\/diarieducacio.cat\/aprenentatgeservei\/wp-content\/uploads\/sites\/22\/2015\/06\/IMG_6067.jpg","width":1280,"height":960,"caption":"L\u2019oficina de \u2018Biabanca\u2019, la banca \u00e8tica de l\u2019institut Miquel Biada de Matar\u00f3"},{"@type":"BreadcrumbList","@id":"https:\/\/diarieducacio.cat\/aprenentatgeservei\/2015\/06\/19\/biabanca-banquers-etics-a-laula\/#breadcrumb","itemListElement":[{"@type":"ListItem","position":1,"name":"Inici","item":"https:\/\/diarieducacio.cat\/aprenentatgeservei\/"},{"@type":"ListItem","position":2,"name":"Biabanca: banquers (\u00e8tics) a l&#8217;aula!"}]},{"@type":"WebSite","@id":"https:\/\/diarieducacio.cat\/aprenentatgeservei\/#website","url":"https:\/\/diarieducacio.cat\/aprenentatgeservei\/","name":"Aps i educaci\u00f3 en valors","description":"","potentialAction":[{"@type":"SearchAction","target":{"@type":"EntryPoint","urlTemplate":"https:\/\/diarieducacio.cat\/aprenentatgeservei\/?s={search_term_string}"},"query-input":{"@type":"PropertyValueSpecification","valueRequired":true,"valueName":"search_term_string"}}],"inLanguage":"ca"},{"@type":"Person","@id":"https:\/\/diarieducacio.cat\/aprenentatgeservei\/#\/schema\/person\/b9e07ad94911325613be716a2c3c66ab","name":"Mireia Biel","image":{"@type":"ImageObject","inLanguage":"ca","@id":"https:\/\/secure.gravatar.com\/avatar\/f0cab6ef3056f8b0cda6e483f5ff203ad74cee9df0cbf4ad56b9deec716ae213?s=96&d=mm&r=g","url":"https:\/\/secure.gravatar.com\/avatar\/f0cab6ef3056f8b0cda6e483f5ff203ad74cee9df0cbf4ad56b9deec716ae213?s=96&d=mm&r=g","contentUrl":"https:\/\/secure.gravatar.com\/avatar\/f0cab6ef3056f8b0cda6e483f5ff203ad74cee9df0cbf4ad56b9deec716ae213?s=96&d=mm&r=g","caption":"Mireia Biel"},"url":"https:\/\/diarieducacio.cat\/aprenentatgeservei\/author\/mireiabiel\/"}]}},"_links":{"self":[{"href":"https:\/\/diarieducacio.cat\/aprenentatgeservei\/wp-json\/wp\/v2\/posts\/81","targetHints":{"allow":["GET"]}}],"collection":[{"href":"https:\/\/diarieducacio.cat\/aprenentatgeservei\/wp-json\/wp\/v2\/posts"}],"about":[{"href":"https:\/\/diarieducacio.cat\/aprenentatgeservei\/wp-json\/wp\/v2\/types\/post"}],"author":[{"embeddable":true,"href":"https:\/\/diarieducacio.cat\/aprenentatgeservei\/wp-json\/wp\/v2\/users\/383"}],"replies":[{"embeddable":true,"href":"https:\/\/diarieducacio.cat\/aprenentatgeservei\/wp-json\/wp\/v2\/comments?post=81"}],"version-history":[{"count":0,"href":"https:\/\/diarieducacio.cat\/aprenentatgeservei\/wp-json\/wp\/v2\/posts\/81\/revisions"}],"wp:attachment":[{"href":"https:\/\/diarieducacio.cat\/aprenentatgeservei\/wp-json\/wp\/v2\/media?parent=81"}],"wp:term":[{"taxonomy":"category","embeddable":true,"href":"https:\/\/diarieducacio.cat\/aprenentatgeservei\/wp-json\/wp\/v2\/categories?post=81"},{"taxonomy":"post_tag","embeddable":true,"href":"https:\/\/diarieducacio.cat\/aprenentatgeservei\/wp-json\/wp\/v2\/tags?post=81"},{"taxonomy":"tipo","embeddable":true,"href":"https:\/\/diarieducacio.cat\/aprenentatgeservei\/wp-json\/wp\/v2\/tipo?post=81"}],"curies":[{"name":"wp","href":"https:\/\/api.w.org\/{rel}","templated":true}]}}