{"id":85,"date":"2015-06-23T05:20:44","date_gmt":"2015-06-23T05:20:44","guid":{"rendered":"https:\/\/diarieducacio.cat\/aprenentatgeservei\/?p=85"},"modified":"2015-06-23T05:20:44","modified_gmt":"2015-06-23T05:20:44","slug":"esplais-cultura-i-aps","status":"publish","type":"post","link":"https:\/\/diarieducacio.cat\/aprenentatgeservei\/2015\/06\/23\/esplais-cultura-i-aps\/","title":{"rendered":"Esplais, cultura i ApS"},"content":{"rendered":"<p>L\u2019ApS permet posar en valor elements culturals i valors humanistes, alhora que afirma la \u201cprimacia del m\u00f3n de la vida\u201d, la v\u00e0lua de la feina pacient i ben feta, la import\u00e0ncia de la quotidianitat, de la sensibilitat i la subjectivitat.<\/p>\n<p>L\u2019ApS \u00e9s una eina \u00fatil per al desenvolupament de compet\u00e8ncies socials dels joves;\u00a0permet aprofundir en els continguts dels sabers implicats, en la mida en qu\u00e8 els aprenentatges proposats s\u00f3n significatius i, en la mida en qu\u00e8 el servei respon a necessitats socials reals. Tamb\u00e9 \u00e9s una \u201cescola de civisme\u201d, contribueix a la projecci\u00f3 social del coneixement, a la millora de la relaci\u00f3 educaci\u00f3\/societat i a la realitzaci\u00f3 de noves experi\u00e8ncies que enriqueixen la conviv\u00e8ncia ciutadana.<\/p>\n<p>L\u2019ApS \u00e9s congruent amb les aspiracions a una educaci\u00f3 de qualitat; amb la preocupaci\u00f3 per posar als joves en el centre de les preocupacions i interessos educatius; amb una pregona valoraci\u00f3 de la indagaci\u00f3, la innovaci\u00f3 i el treball original i ben fet.<\/p>\n<p>La realitzaci\u00f3 de projectes d\u2019ApS d\u00f3na peu a la reflexi\u00f3 sobre q\u00fcestions a les que acostumem a donar poca import\u00e0ncia. Efectivament, des de la pr\u00e0ctica de l\u2019educaci\u00f3 en el lleure constatem que realitzant experi\u00e8ncies d\u2019ApS \u201chem repensat les nostres\u00a0activitats des de noves perspectives\u201d, per haver:<\/p>\n<ul>\n<li><em>descobert nous llenguatges\u00a0<\/em>en l\u2019educaci\u00f3, per la via d\u2019 un aprenentatge innovador i creatiu<\/li>\n<li><em>reconstru\u00eft i repensat velles tradicions culturals, per a projectar-les<\/em>\u00a0a la societat actual<\/li>\n<li>obert noves possibilitats d\u2019<em>integrar<\/em>\u00a0<em>creaci\u00f3, recerca, indagaci\u00f3 i innovaci\u00f3<\/em>\u00a0educativa<\/li>\n<li><em>gestionat la complexitat<\/em>\u00a0dels nostres projectes, des del disseny, al desenvolupament i avaluaci\u00f3 de l\u2019impacte socio-educatiu<\/li>\n<li>explicitat els\u00a0<em>aprenentatges que considerem m\u00e9s significatius<\/em>\u00a0per als serveis que ens proposem prestar<\/li>\n<li>pensat molt la\u00a0<em>viabilitat i sostenibilitat<\/em>\u00a0dels projectes que ens proposem dur a terme<\/li>\n<li>buscat les\u00a0<em>complicitats<\/em>\u00a0necess\u00e0ries al moment de la projecci\u00f3 social i el comprom\u00eds al servei de la comunitat<\/li>\n<\/ul>\n<p>Els projectes d\u2019ApS han enriquit la nostra experi\u00e8ncia i han obert la nostra ment a nous interrogants i nous reptes. En l\u00ednies generals, els esplais que fan projectes d\u2019ApS estan satisfets, milloren i progressen en una direcci\u00f3 que considerem positiva.<\/p>\n","protected":false},"excerpt":{"rendered":"<p>Els projectes d\u2019ApS enriqueixen la nostra experi\u00e8ncia i obren la nostra ment a nous interrogants i nous reptes<\/p>\n","protected":false},"author":100,"featured_media":0,"comment_status":"open","ping_status":"open","sticky":false,"template":"","format":"standard","meta":{"footnotes":""},"categories":[2],"tags":[],"tipo":[],"class_list":{"0":"post-85","1":"post","2":"type-post","3":"status-publish","4":"format-standard","6":"category-general"},"yoast_head":"<!-- This site is optimized with the Yoast SEO plugin v27.5 - https:\/\/yoast.com\/product\/yoast-seo-wordpress\/ -->\n<title>Esplais, cultura i ApS - Aps i educaci\u00f3 en valors<\/title>\n<meta name=\"robots\" content=\"index, follow, max-snippet:-1, max-image-preview:large, max-video-preview:-1\" \/>\n<link rel=\"canonical\" href=\"https:\/\/diarieducacio.cat\/aprenentatgeservei\/2015\/06\/23\/esplais-cultura-i-aps\/\" \/>\n<meta property=\"og:locale\" content=\"ca_ES\" \/>\n<meta property=\"og:type\" content=\"article\" \/>\n<meta property=\"og:title\" content=\"Esplais, cultura i ApS - Aps i educaci\u00f3 en valors\" \/>\n<meta property=\"og:description\" content=\"Els projectes d\u2019ApS enriqueixen la nostra experi\u00e8ncia i obren la nostra ment a nous interrogants i nous reptes\" \/>\n<meta property=\"og:url\" content=\"https:\/\/diarieducacio.cat\/aprenentatgeservei\/2015\/06\/23\/esplais-cultura-i-aps\/\" \/>\n<meta property=\"og:site_name\" content=\"Aps i educaci\u00f3 en valors\" \/>\n<meta property=\"article:publisher\" content=\"https:\/\/www.facebook.com\/diarieducacio\/\" \/>\n<meta property=\"article:published_time\" content=\"2015-06-23T05:20:44+00:00\" \/>\n<meta name=\"author\" content=\"Salvador Carrasco Calvo\" \/>\n<meta name=\"twitter:card\" content=\"summary_large_image\" \/>\n<meta name=\"twitter:creator\" content=\"@&#039;@CatalunyaPlural\" \/>\n<meta name=\"twitter:site\" content=\"@DiariEducacio\" \/>\n<meta name=\"twitter:label1\" content=\"Escrit per\" \/>\n\t<meta name=\"twitter:data1\" content=\"Salvador Carrasco Calvo\" \/>\n\t<meta name=\"twitter:label2\" content=\"Temps estimat de lectura\" \/>\n\t<meta name=\"twitter:data2\" content=\"2 minuts\" \/>\n<script type=\"application\/ld+json\" class=\"yoast-schema-graph\">{\"@context\":\"https:\\\/\\\/schema.org\",\"@graph\":[{\"@type\":\"Article\",\"@id\":\"https:\\\/\\\/diarieducacio.cat\\\/aprenentatgeservei\\\/2015\\\/06\\\/23\\\/esplais-cultura-i-aps\\\/#article\",\"isPartOf\":{\"@id\":\"https:\\\/\\\/diarieducacio.cat\\\/aprenentatgeservei\\\/2015\\\/06\\\/23\\\/esplais-cultura-i-aps\\\/\"},\"author\":{\"name\":\"Salvador Carrasco Calvo\",\"@id\":\"https:\\\/\\\/diarieducacio.cat\\\/aprenentatgeservei\\\/#\\\/schema\\\/person\\\/4726e6f1764d1e51aaa81b801273612f\"},\"headline\":\"Esplais, cultura i ApS\",\"datePublished\":\"2015-06-23T05:20:44+00:00\",\"mainEntityOfPage\":{\"@id\":\"https:\\\/\\\/diarieducacio.cat\\\/aprenentatgeservei\\\/2015\\\/06\\\/23\\\/esplais-cultura-i-aps\\\/\"},\"wordCount\":378,\"commentCount\":0,\"articleSection\":[\"General\"],\"inLanguage\":\"ca\",\"potentialAction\":[{\"@type\":\"CommentAction\",\"name\":\"Comment\",\"target\":[\"https:\\\/\\\/diarieducacio.cat\\\/aprenentatgeservei\\\/2015\\\/06\\\/23\\\/esplais-cultura-i-aps\\\/#respond\"]}]},{\"@type\":\"WebPage\",\"@id\":\"https:\\\/\\\/diarieducacio.cat\\\/aprenentatgeservei\\\/2015\\\/06\\\/23\\\/esplais-cultura-i-aps\\\/\",\"url\":\"https:\\\/\\\/diarieducacio.cat\\\/aprenentatgeservei\\\/2015\\\/06\\\/23\\\/esplais-cultura-i-aps\\\/\",\"name\":\"Esplais, cultura i ApS - Aps i educaci\u00f3 en valors\",\"isPartOf\":{\"@id\":\"https:\\\/\\\/diarieducacio.cat\\\/aprenentatgeservei\\\/#website\"},\"datePublished\":\"2015-06-23T05:20:44+00:00\",\"author\":{\"@id\":\"https:\\\/\\\/diarieducacio.cat\\\/aprenentatgeservei\\\/#\\\/schema\\\/person\\\/4726e6f1764d1e51aaa81b801273612f\"},\"breadcrumb\":{\"@id\":\"https:\\\/\\\/diarieducacio.cat\\\/aprenentatgeservei\\\/2015\\\/06\\\/23\\\/esplais-cultura-i-aps\\\/#breadcrumb\"},\"inLanguage\":\"ca\",\"potentialAction\":[{\"@type\":\"ReadAction\",\"target\":[\"https:\\\/\\\/diarieducacio.cat\\\/aprenentatgeservei\\\/2015\\\/06\\\/23\\\/esplais-cultura-i-aps\\\/\"]}]},{\"@type\":\"BreadcrumbList\",\"@id\":\"https:\\\/\\\/diarieducacio.cat\\\/aprenentatgeservei\\\/2015\\\/06\\\/23\\\/esplais-cultura-i-aps\\\/#breadcrumb\",\"itemListElement\":[{\"@type\":\"ListItem\",\"position\":1,\"name\":\"Inici\",\"item\":\"https:\\\/\\\/diarieducacio.cat\\\/aprenentatgeservei\\\/\"},{\"@type\":\"ListItem\",\"position\":2,\"name\":\"Esplais, cultura i ApS\"}]},{\"@type\":\"WebSite\",\"@id\":\"https:\\\/\\\/diarieducacio.cat\\\/aprenentatgeservei\\\/#website\",\"url\":\"https:\\\/\\\/diarieducacio.cat\\\/aprenentatgeservei\\\/\",\"name\":\"Aps i educaci\u00f3 en valors\",\"description\":\"\",\"potentialAction\":[{\"@type\":\"SearchAction\",\"target\":{\"@type\":\"EntryPoint\",\"urlTemplate\":\"https:\\\/\\\/diarieducacio.cat\\\/aprenentatgeservei\\\/?s={search_term_string}\"},\"query-input\":{\"@type\":\"PropertyValueSpecification\",\"valueRequired\":true,\"valueName\":\"search_term_string\"}}],\"inLanguage\":\"ca\"},{\"@type\":\"Person\",\"@id\":\"https:\\\/\\\/diarieducacio.cat\\\/aprenentatgeservei\\\/#\\\/schema\\\/person\\\/4726e6f1764d1e51aaa81b801273612f\",\"name\":\"Salvador Carrasco Calvo\",\"image\":{\"@type\":\"ImageObject\",\"inLanguage\":\"ca\",\"@id\":\"https:\\\/\\\/diarieducacio.cat\\\/wp-content\\\/uploads\\\/2024\\\/11\\\/salvador-carrasco-calvo_avatar-96x96.jpg\",\"url\":\"https:\\\/\\\/diarieducacio.cat\\\/wp-content\\\/uploads\\\/2024\\\/11\\\/salvador-carrasco-calvo_avatar-96x96.jpg\",\"contentUrl\":\"https:\\\/\\\/diarieducacio.cat\\\/wp-content\\\/uploads\\\/2024\\\/11\\\/salvador-carrasco-calvo_avatar-96x96.jpg\",\"caption\":\"Salvador Carrasco Calvo\"},\"description\":\"Patr\u00f3 de Fundesplai. Va ser catedr\u00e0tic del Departament de Sociologia i An\u00e0lisi de les Organitzacions, i cap de la Secci\u00f3 de Formaci\u00f3 del Professoral Universitari de l'Institut de Ci\u00e8ncies de l'Educaci\u00f3 (UB)\",\"sameAs\":[\"https:\\\/\\\/x.com\\\/'@CatalunyaPlural\"],\"url\":\"https:\\\/\\\/diarieducacio.cat\\\/aprenentatgeservei\\\/author\\\/scarrasco\\\/\"}]}<\/script>\n<!-- \/ Yoast SEO plugin. -->","yoast_head_json":{"title":"Esplais, cultura i ApS - Aps i educaci\u00f3 en valors","robots":{"index":"index","follow":"follow","max-snippet":"max-snippet:-1","max-image-preview":"max-image-preview:large","max-video-preview":"max-video-preview:-1"},"canonical":"https:\/\/diarieducacio.cat\/aprenentatgeservei\/2015\/06\/23\/esplais-cultura-i-aps\/","og_locale":"ca_ES","og_type":"article","og_title":"Esplais, cultura i ApS - Aps i educaci\u00f3 en valors","og_description":"Els projectes d\u2019ApS enriqueixen la nostra experi\u00e8ncia i obren la nostra ment a nous interrogants i nous reptes","og_url":"https:\/\/diarieducacio.cat\/aprenentatgeservei\/2015\/06\/23\/esplais-cultura-i-aps\/","og_site_name":"Aps i educaci\u00f3 en valors","article_publisher":"https:\/\/www.facebook.com\/diarieducacio\/","article_published_time":"2015-06-23T05:20:44+00:00","author":"Salvador Carrasco Calvo","twitter_card":"summary_large_image","twitter_creator":"@'@CatalunyaPlural","twitter_site":"@DiariEducacio","twitter_misc":{"Escrit per":"Salvador Carrasco Calvo","Temps estimat de lectura":"2 minuts"},"schema":{"@context":"https:\/\/schema.org","@graph":[{"@type":"Article","@id":"https:\/\/diarieducacio.cat\/aprenentatgeservei\/2015\/06\/23\/esplais-cultura-i-aps\/#article","isPartOf":{"@id":"https:\/\/diarieducacio.cat\/aprenentatgeservei\/2015\/06\/23\/esplais-cultura-i-aps\/"},"author":{"name":"Salvador Carrasco Calvo","@id":"https:\/\/diarieducacio.cat\/aprenentatgeservei\/#\/schema\/person\/4726e6f1764d1e51aaa81b801273612f"},"headline":"Esplais, cultura i ApS","datePublished":"2015-06-23T05:20:44+00:00","mainEntityOfPage":{"@id":"https:\/\/diarieducacio.cat\/aprenentatgeservei\/2015\/06\/23\/esplais-cultura-i-aps\/"},"wordCount":378,"commentCount":0,"articleSection":["General"],"inLanguage":"ca","potentialAction":[{"@type":"CommentAction","name":"Comment","target":["https:\/\/diarieducacio.cat\/aprenentatgeservei\/2015\/06\/23\/esplais-cultura-i-aps\/#respond"]}]},{"@type":"WebPage","@id":"https:\/\/diarieducacio.cat\/aprenentatgeservei\/2015\/06\/23\/esplais-cultura-i-aps\/","url":"https:\/\/diarieducacio.cat\/aprenentatgeservei\/2015\/06\/23\/esplais-cultura-i-aps\/","name":"Esplais, cultura i ApS - Aps i educaci\u00f3 en valors","isPartOf":{"@id":"https:\/\/diarieducacio.cat\/aprenentatgeservei\/#website"},"datePublished":"2015-06-23T05:20:44+00:00","author":{"@id":"https:\/\/diarieducacio.cat\/aprenentatgeservei\/#\/schema\/person\/4726e6f1764d1e51aaa81b801273612f"},"breadcrumb":{"@id":"https:\/\/diarieducacio.cat\/aprenentatgeservei\/2015\/06\/23\/esplais-cultura-i-aps\/#breadcrumb"},"inLanguage":"ca","potentialAction":[{"@type":"ReadAction","target":["https:\/\/diarieducacio.cat\/aprenentatgeservei\/2015\/06\/23\/esplais-cultura-i-aps\/"]}]},{"@type":"BreadcrumbList","@id":"https:\/\/diarieducacio.cat\/aprenentatgeservei\/2015\/06\/23\/esplais-cultura-i-aps\/#breadcrumb","itemListElement":[{"@type":"ListItem","position":1,"name":"Inici","item":"https:\/\/diarieducacio.cat\/aprenentatgeservei\/"},{"@type":"ListItem","position":2,"name":"Esplais, cultura i ApS"}]},{"@type":"WebSite","@id":"https:\/\/diarieducacio.cat\/aprenentatgeservei\/#website","url":"https:\/\/diarieducacio.cat\/aprenentatgeservei\/","name":"Aps i educaci\u00f3 en valors","description":"","potentialAction":[{"@type":"SearchAction","target":{"@type":"EntryPoint","urlTemplate":"https:\/\/diarieducacio.cat\/aprenentatgeservei\/?s={search_term_string}"},"query-input":{"@type":"PropertyValueSpecification","valueRequired":true,"valueName":"search_term_string"}}],"inLanguage":"ca"},{"@type":"Person","@id":"https:\/\/diarieducacio.cat\/aprenentatgeservei\/#\/schema\/person\/4726e6f1764d1e51aaa81b801273612f","name":"Salvador Carrasco Calvo","image":{"@type":"ImageObject","inLanguage":"ca","@id":"https:\/\/diarieducacio.cat\/wp-content\/uploads\/2024\/11\/salvador-carrasco-calvo_avatar-96x96.jpg","url":"https:\/\/diarieducacio.cat\/wp-content\/uploads\/2024\/11\/salvador-carrasco-calvo_avatar-96x96.jpg","contentUrl":"https:\/\/diarieducacio.cat\/wp-content\/uploads\/2024\/11\/salvador-carrasco-calvo_avatar-96x96.jpg","caption":"Salvador Carrasco Calvo"},"description":"Patr\u00f3 de Fundesplai. Va ser catedr\u00e0tic del Departament de Sociologia i An\u00e0lisi de les Organitzacions, i cap de la Secci\u00f3 de Formaci\u00f3 del Professoral Universitari de l'Institut de Ci\u00e8ncies de l'Educaci\u00f3 (UB)","sameAs":["https:\/\/x.com\/'@CatalunyaPlural"],"url":"https:\/\/diarieducacio.cat\/aprenentatgeservei\/author\/scarrasco\/"}]}},"_links":{"self":[{"href":"https:\/\/diarieducacio.cat\/aprenentatgeservei\/wp-json\/wp\/v2\/posts\/85","targetHints":{"allow":["GET"]}}],"collection":[{"href":"https:\/\/diarieducacio.cat\/aprenentatgeservei\/wp-json\/wp\/v2\/posts"}],"about":[{"href":"https:\/\/diarieducacio.cat\/aprenentatgeservei\/wp-json\/wp\/v2\/types\/post"}],"author":[{"embeddable":true,"href":"https:\/\/diarieducacio.cat\/aprenentatgeservei\/wp-json\/wp\/v2\/users\/100"}],"replies":[{"embeddable":true,"href":"https:\/\/diarieducacio.cat\/aprenentatgeservei\/wp-json\/wp\/v2\/comments?post=85"}],"version-history":[{"count":0,"href":"https:\/\/diarieducacio.cat\/aprenentatgeservei\/wp-json\/wp\/v2\/posts\/85\/revisions"}],"wp:attachment":[{"href":"https:\/\/diarieducacio.cat\/aprenentatgeservei\/wp-json\/wp\/v2\/media?parent=85"}],"wp:term":[{"taxonomy":"category","embeddable":true,"href":"https:\/\/diarieducacio.cat\/aprenentatgeservei\/wp-json\/wp\/v2\/categories?post=85"},{"taxonomy":"post_tag","embeddable":true,"href":"https:\/\/diarieducacio.cat\/aprenentatgeservei\/wp-json\/wp\/v2\/tags?post=85"},{"taxonomy":"tipo","embeddable":true,"href":"https:\/\/diarieducacio.cat\/aprenentatgeservei\/wp-json\/wp\/v2\/tipo?post=85"}],"curies":[{"name":"wp","href":"https:\/\/api.w.org\/{rel}","templated":true}]}}