{"id":921,"date":"2021-11-08T06:29:38","date_gmt":"2021-11-08T06:29:38","guid":{"rendered":"https:\/\/diarieducacio.cat\/aprenentatgeservei\/?p=921"},"modified":"2021-11-08T06:29:38","modified_gmt":"2021-11-08T06:29:38","slug":"repensar-lus-de-lespai-public-per-a-generar-comunitat","status":"publish","type":"post","link":"https:\/\/diarieducacio.cat\/aprenentatgeservei\/2021\/11\/08\/repensar-lus-de-lespai-public-per-a-generar-comunitat\/","title":{"rendered":"Repensar l&#8217;\u00fas de l&#8217;espai p\u00fablic per a generar comunitat"},"content":{"rendered":"<p>D&#8217;acord amb algunes an\u00e0lisis r\u00e0pides dels fets, que per cert no s\u00f3n nous, les causes d&#8217;aquests comportaments massius i violents en alguns casos, tenen a veure amb una sortida explosiva del per\u00edode angoixant i coercitiu de la pand\u00e8mia de la covid19. Amb la cr\u00edtica situaci\u00f3 econ\u00f2mica general, que s&#8217;ha encebat m\u00e9s en la poblaci\u00f3 jove amb escasses perspectives de futur professional, d&#8217;independ\u00e8ncia econ\u00f2mica i desenvolupament personal. Amb la rebel\u00b7lia pr\u00f2pia de la joventut incentivada per l&#8217;anterior i facilitada en el seu volum i intensitat per les xarxes socials. Una rebel\u00b7lia davant un m\u00f3n i unes normatives dels adults, que no s\u00f3n seves, que els culpabilitzen permanentment i els exclouen. Evidentment la soluci\u00f3 policial sola sembla que no serveix, alimenta la rebel\u00b7lia.<\/p>\n<p>A aquestes causes segur que es podrien afegir algunes m\u00e9s, per\u00f2 em sembla rellevant tamb\u00e9 afegir la urg\u00e8ncia per satisfer les necessitats individuals d&#8217;oci, les trobades f\u00edsiques massives i una descompressi\u00f3 vital. Necessitats pr\u00f2pies de la nostra societat consumista que s&#8217;han convertit en un agarri f\u00e0cil en aquests moments dif\u00edcils i que venen a manifestar la rebel\u00b7lia i el distanciament de la poblaci\u00f3 m\u00e9s jove amb la societat dels adults en forma de grans i explosives concentracions. Segons diuen sembla que aquesta forma d&#8217;oci i de relacionar-se ha vingut per a quedar-se, al marge que les normatives restrictives per la pand\u00e8mia desapareguin i l&#8217;activitat econ\u00f2mica es vagi restablint.<\/p>\n<p>Per\u00f2 aquestes grans concentracions de joves, que ara sembla ser el m\u00e9s impactant per les seves conseq\u00fc\u00e8ncies, no s\u00f3n els \u00fanics casos d&#8217;ocupaci\u00f3 d&#8217;espai p\u00fablic. Les manifestacions reivindicatives, festes populars, campanyes, curses populars, ampliacions de terrasses de bars, etc., tamb\u00e9 tensionen en major o menor mesura la conviv\u00e8ncia i tornen a posar de manifest la necessitat de continuar reflexionant sobre l&#8217;\u00fas dels espais p\u00fablics i de revisar les normatives amb l&#8217;objectiu de millorar la conviv\u00e8ncia i generar comunitat. En una societat on la propietat privada \u00e9s un pilar sagrat i profundament interioritzada, la pr\u00e0ctica ens diu que el ciutad\u00e0 considera que t\u00e9 dret al lliure \u00fas de l&#8217;espai p\u00fablic, per\u00f2 relativitza i delega la seva responsabilitat.<\/p>\n<p>Aquest espai p\u00fablic al qual tots tenim dret \u00e9s el territori i els llocs de trobada, de relaci\u00f3, on tots podem estar o circular lliurement. Tamb\u00e9 ho s\u00f3n altres espais poc visibles en la trama urbana (solars, aparcaments, edificis abandonats, punts de trobada) on s&#8217;estableixen relacions intenses entre grups espec\u00edfics de poblaci\u00f3. Aquests tenen veritable significat per a molts col\u00b7lectius i no els podem oblidar a l&#8217;hora de definir l&#8217;ess\u00e8ncia i gesti\u00f3 de l&#8217;espai p\u00fablic de la ciutat com a espai com\u00fa de conviv\u00e8ncia. Sense oblidar les xarxes socials que s&#8217;han convertit en un espai p\u00fablic per excel\u00b7l\u00e8ncia i seria un tema a part.<\/p>\n<p>Per tant, en una necess\u00e0ria recuperaci\u00f3 d&#8217;aquest enfocada a millorar la conviv\u00e8ncia i crear comunitat, s&#8217;hauria de tenir una mirada inclusiva que abasti les diferents dimensions d&#8217;an\u00e0lisi, la f\u00edsica i territorial, la pol\u00edtica, l&#8217;econ\u00f2mica, la social i generacional i la cultural. Una mirada que tamb\u00e9 tingui present variables com el g\u00e8nere, l&#8217;edat, la cultura o els recursos econ\u00f2mics. Ser\u00e0 la poblaci\u00f3 amb la seva apropiaci\u00f3 qui li donar\u00e0 el significat espec\u00edfic a l&#8217;espai, qui el convertir\u00e0 en espai cordial, de conflicte o indiferent. Per aix\u00f2 \u00e9s important con\u00e8ixer i comprendre les necessitats i interessos dels usuaris per poder oferir espais comuns que ajudin a consolidar una ciutadania respectuosa amb all\u00f2 p\u00fablic i que la ciutadania conegui les possibilitats que li ofereix la ciutat a trav\u00e9s dels seus espais p\u00fablics, m\u00e9s enll\u00e0 de la satisfacci\u00f3 immediata de l&#8217;oci.<\/p>\n<blockquote><p>\u00c9s important con\u00e8ixer i comprendre les necessitats i interessos dels usuaris per poder oferir espais comuns que ajudin a consolidar una ciutadania respectuosa amb all\u00f2 p\u00fablic<\/p><\/blockquote>\n<p>Aix\u00f2 suposa atorgar a l&#8217;espai p\u00fablic una funci\u00f3 constructora de valors i solucions de necessitats o problemes comuns, i per tant la necessitat de pensar o repensar amb aquesta intencionalitat la seva gesti\u00f3 i \u00fas. Perqu\u00e8 com a context de relaci\u00f3 i comunicaci\u00f3 la implicaci\u00f3 de la ciutadania en la seva gesti\u00f3 aportaria un gran potencial per a donar cos a una comunitat m\u00e9s activa, cr\u00edtica, participativa, compromesa, conscient i respectuosa de la diversitat. La seva aprehensi\u00f3 t\u00e9 un gran potencial en la construcci\u00f3 d&#8217;identitats i sentiments de pertinen\u00e7a que incrementa la cura i la responsabilitat per all\u00f2 que \u00e9s p\u00fablic.<\/p>\n<p>Existeixen experi\u00e8ncies, protagonitzades per moviments socials i tamb\u00e9 per les administracions, que intenten recuperar l&#8217;espai p\u00fablic per a la ciutadania mitjan\u00e7ant projectes i activitats d&#8217;apoderament i promoci\u00f3 de la gesti\u00f3 comunit\u00e0ria dels espais p\u00fablics. S\u00f3n experi\u00e8ncies en les quals, en diferent grau, participen moviments socials, entitats, associacions, t\u00e8cnics, pol\u00edtics, que entenen que l&#8217;espai p\u00fablic ha de ser un espai com\u00fa on els ciutadans puguin desenvolupar el seu dret a la ciutat.<\/p>\n<p>Pensar i obrir espais p\u00fablics involucrant en la seva gesti\u00f3 als sectors de poblaci\u00f3 implicats facilita la seva aprehensi\u00f3 i responsabilitat cap a ells. Aix\u00f2 suposa convenir amb associacions o col\u00b7lectius, delegar en ells i que aquests adquireixin un comprom\u00eds de responsabilitat cap a les activitats. Algunes propostes apunten a la import\u00e0ncia d&#8217;involucrar al sector de poblaci\u00f3 jove en la distribuci\u00f3 de recursos econ\u00f2mics destinats a l&#8217;oci, cultura, esports, etc., i en la selecci\u00f3, organitzaci\u00f3 i gesti\u00f3 d&#8217;activitats i dels espais on es vagi a desenvolupar.<\/p>\n<p>Mantenir obertes les biblioteques en horari nocturn, obrir parcs municipals degudament condicionats a la nit; mantenir oberts a la nit instal\u00b7lacions esportives i gimnasos, obrir els patis dels col\u00b7legis i instituts per a \u00fas de la comunitat, adequar espais a la platja, o aparcaments buits i solars, per a activitats d&#8217;oci; tancar avingudes o carrers al tr\u00e0nsit i convertir-lo en zones per als vianants o per activitat l\u00fadic\/cultural durant el cap de setmana, s\u00f3n uns exemples en pr\u00e0ctica amb resultats diversos. Per\u00f2 l&#8217;important \u00e9s que promouen l&#8217;ampliaci\u00f3 i oferta d&#8217;espais, la diversificaci\u00f3 de projectes i activitats, i la participaci\u00f3, gesti\u00f3 i responsabilitat de la comunitat en elles i en l&#8217;\u00fas de l&#8217;espai p\u00fablic.<\/p>\n<p>Altres suggeriments, possiblement vinculables a les propostes anteriors, \u00e9s el foment i promoci\u00f3 dels recursos humans i culturals d&#8217;\u00e0mbit local en activitats com ara concerts, teatre, esdeveniments esportius, pintures murals, manteniment de jardins, disseny i adequaci\u00f3 de places, etc. O en un altre ordre programar activitats intergeneracionals com a intercanvi d&#8217;experi\u00e8ncies o coneixement i ajuda m\u00fatua, en el marc de la diversitat d&#8217;associacions de persones majors o associacions de joves.<\/p>\n<p>Les reflexions i propostes anteriors que s&#8217;emporten o han dut a terme en diferents llocs, amb graus diferents d&#8217;\u00e8xit, estan orientades a transferir o retornar l&#8217;espai p\u00fablic al ciutad\u00e0 amb la seguretat que ajudar\u00e0 a millorar la conviv\u00e8ncia i a consolidar la idea que l&#8217;espai p\u00fablic \u00e9s un espai com\u00fa.<\/p>\n","protected":false},"excerpt":{"rendered":"<p>D&#8217;acord amb algunes an\u00e0lisis r\u00e0pides dels fets, que per cert no s\u00f3n nous, les causes d&#8217;aquests comportaments massius i violents en alguns casos, tenen a veure amb una sortida explosiva del per\u00edode angoixant i coercitiu de la pand\u00e8mia de la covid19. Amb la cr\u00edtica situaci\u00f3 econ\u00f2mica general, que s&#8217;ha encebat m\u00e9s en la poblaci\u00f3 jove<\/p>\n","protected":false},"author":385,"featured_media":1844,"comment_status":"open","ping_status":"open","sticky":false,"template":"","format":"standard","meta":{"footnotes":""},"categories":[203],"tags":[],"tipo":[],"class_list":{"0":"post-921","1":"post","2":"type-post","3":"status-publish","4":"format-standard","5":"has-post-thumbnail","7":"category-comunitat"},"yoast_head":"<!-- This site is optimized with the Yoast SEO plugin v27.5 - https:\/\/yoast.com\/product\/yoast-seo-wordpress\/ -->\n<title>Repensar l&#039;\u00fas de l&#039;espai p\u00fablic per a generar comunitat - Aps i educaci\u00f3 en valors<\/title>\n<meta name=\"robots\" content=\"index, follow, max-snippet:-1, max-image-preview:large, max-video-preview:-1\" \/>\n<link rel=\"canonical\" href=\"https:\/\/diarieducacio.cat\/aprenentatgeservei\/2021\/11\/08\/repensar-lus-de-lespai-public-per-a-generar-comunitat\/\" \/>\n<meta property=\"og:locale\" content=\"ca_ES\" \/>\n<meta property=\"og:type\" content=\"article\" \/>\n<meta property=\"og:title\" content=\"Repensar l&#039;\u00fas de l&#039;espai p\u00fablic per a generar comunitat - Aps i educaci\u00f3 en valors\" \/>\n<meta property=\"og:description\" content=\"D&#8217;acord amb algunes an\u00e0lisis r\u00e0pides dels fets, que per cert no s\u00f3n nous, les causes d&#8217;aquests comportaments massius i violents en alguns casos, tenen a veure amb una sortida explosiva del per\u00edode angoixant i coercitiu de la pand\u00e8mia de la covid19. Amb la cr\u00edtica situaci\u00f3 econ\u00f2mica general, que s&#8217;ha encebat m\u00e9s en la poblaci\u00f3 jove\" \/>\n<meta property=\"og:url\" content=\"https:\/\/diarieducacio.cat\/aprenentatgeservei\/2021\/11\/08\/repensar-lus-de-lespai-public-per-a-generar-comunitat\/\" \/>\n<meta property=\"og:site_name\" content=\"Aps i educaci\u00f3 en valors\" \/>\n<meta property=\"article:publisher\" content=\"https:\/\/www.facebook.com\/diarieducacio\/\" \/>\n<meta property=\"article:published_time\" content=\"2021-11-08T06:29:38+00:00\" \/>\n<meta property=\"og:image\" content=\"https:\/\/diarieducacio.cat\/aprenentatgeservei\/wp-content\/uploads\/sites\/22\/2021\/11\/iStock-1133285226.jpg\" \/>\n\t<meta property=\"og:image:width\" content=\"1254\" \/>\n\t<meta property=\"og:image:height\" content=\"836\" \/>\n\t<meta property=\"og:image:type\" content=\"image\/jpeg\" \/>\n<meta name=\"author\" content=\"Jos\u00e9 Palos\" \/>\n<meta name=\"twitter:card\" content=\"summary_large_image\" \/>\n<meta name=\"twitter:creator\" content=\"@DiariEducacio\" \/>\n<meta name=\"twitter:site\" content=\"@DiariEducacio\" \/>\n<meta name=\"twitter:label1\" content=\"Escrit per\" \/>\n\t<meta name=\"twitter:data1\" content=\"Jos\u00e9 Palos\" \/>\n\t<meta name=\"twitter:label2\" content=\"Temps estimat de lectura\" \/>\n\t<meta name=\"twitter:data2\" content=\"6 minuts\" \/>\n<script type=\"application\/ld+json\" class=\"yoast-schema-graph\">{\"@context\":\"https:\\\/\\\/schema.org\",\"@graph\":[{\"@type\":\"Article\",\"@id\":\"https:\\\/\\\/diarieducacio.cat\\\/aprenentatgeservei\\\/2021\\\/11\\\/08\\\/repensar-lus-de-lespai-public-per-a-generar-comunitat\\\/#article\",\"isPartOf\":{\"@id\":\"https:\\\/\\\/diarieducacio.cat\\\/aprenentatgeservei\\\/2021\\\/11\\\/08\\\/repensar-lus-de-lespai-public-per-a-generar-comunitat\\\/\"},\"author\":{\"name\":\"Jos\u00e9 Palos\",\"@id\":\"https:\\\/\\\/diarieducacio.cat\\\/aprenentatgeservei\\\/#\\\/schema\\\/person\\\/5e09787a0c914794b90d61114ea93eb1\"},\"headline\":\"Repensar l&#8217;\u00fas de l&#8217;espai p\u00fablic per a generar comunitat\",\"datePublished\":\"2021-11-08T06:29:38+00:00\",\"mainEntityOfPage\":{\"@id\":\"https:\\\/\\\/diarieducacio.cat\\\/aprenentatgeservei\\\/2021\\\/11\\\/08\\\/repensar-lus-de-lespai-public-per-a-generar-comunitat\\\/\"},\"wordCount\":1256,\"commentCount\":0,\"image\":{\"@id\":\"https:\\\/\\\/diarieducacio.cat\\\/aprenentatgeservei\\\/2021\\\/11\\\/08\\\/repensar-lus-de-lespai-public-per-a-generar-comunitat\\\/#primaryimage\"},\"thumbnailUrl\":\"https:\\\/\\\/diarieducacio.cat\\\/aprenentatgeservei\\\/wp-content\\\/uploads\\\/sites\\\/22\\\/2021\\\/11\\\/iStock-1133285226.jpg\",\"articleSection\":[\"Comunitat\"],\"inLanguage\":\"ca\",\"potentialAction\":[{\"@type\":\"CommentAction\",\"name\":\"Comment\",\"target\":[\"https:\\\/\\\/diarieducacio.cat\\\/aprenentatgeservei\\\/2021\\\/11\\\/08\\\/repensar-lus-de-lespai-public-per-a-generar-comunitat\\\/#respond\"]}]},{\"@type\":\"WebPage\",\"@id\":\"https:\\\/\\\/diarieducacio.cat\\\/aprenentatgeservei\\\/2021\\\/11\\\/08\\\/repensar-lus-de-lespai-public-per-a-generar-comunitat\\\/\",\"url\":\"https:\\\/\\\/diarieducacio.cat\\\/aprenentatgeservei\\\/2021\\\/11\\\/08\\\/repensar-lus-de-lespai-public-per-a-generar-comunitat\\\/\",\"name\":\"Repensar l'\u00fas de l'espai p\u00fablic per a generar comunitat - Aps i educaci\u00f3 en valors\",\"isPartOf\":{\"@id\":\"https:\\\/\\\/diarieducacio.cat\\\/aprenentatgeservei\\\/#website\"},\"primaryImageOfPage\":{\"@id\":\"https:\\\/\\\/diarieducacio.cat\\\/aprenentatgeservei\\\/2021\\\/11\\\/08\\\/repensar-lus-de-lespai-public-per-a-generar-comunitat\\\/#primaryimage\"},\"image\":{\"@id\":\"https:\\\/\\\/diarieducacio.cat\\\/aprenentatgeservei\\\/2021\\\/11\\\/08\\\/repensar-lus-de-lespai-public-per-a-generar-comunitat\\\/#primaryimage\"},\"thumbnailUrl\":\"https:\\\/\\\/diarieducacio.cat\\\/aprenentatgeservei\\\/wp-content\\\/uploads\\\/sites\\\/22\\\/2021\\\/11\\\/iStock-1133285226.jpg\",\"datePublished\":\"2021-11-08T06:29:38+00:00\",\"author\":{\"@id\":\"https:\\\/\\\/diarieducacio.cat\\\/aprenentatgeservei\\\/#\\\/schema\\\/person\\\/5e09787a0c914794b90d61114ea93eb1\"},\"breadcrumb\":{\"@id\":\"https:\\\/\\\/diarieducacio.cat\\\/aprenentatgeservei\\\/2021\\\/11\\\/08\\\/repensar-lus-de-lespai-public-per-a-generar-comunitat\\\/#breadcrumb\"},\"inLanguage\":\"ca\",\"potentialAction\":[{\"@type\":\"ReadAction\",\"target\":[\"https:\\\/\\\/diarieducacio.cat\\\/aprenentatgeservei\\\/2021\\\/11\\\/08\\\/repensar-lus-de-lespai-public-per-a-generar-comunitat\\\/\"]}]},{\"@type\":\"ImageObject\",\"inLanguage\":\"ca\",\"@id\":\"https:\\\/\\\/diarieducacio.cat\\\/aprenentatgeservei\\\/2021\\\/11\\\/08\\\/repensar-lus-de-lespai-public-per-a-generar-comunitat\\\/#primaryimage\",\"url\":\"https:\\\/\\\/diarieducacio.cat\\\/aprenentatgeservei\\\/wp-content\\\/uploads\\\/sites\\\/22\\\/2021\\\/11\\\/iStock-1133285226.jpg\",\"contentUrl\":\"https:\\\/\\\/diarieducacio.cat\\\/aprenentatgeservei\\\/wp-content\\\/uploads\\\/sites\\\/22\\\/2021\\\/11\\\/iStock-1133285226.jpg\",\"width\":1254,\"height\":836,\"caption\":\"iStock\"},{\"@type\":\"BreadcrumbList\",\"@id\":\"https:\\\/\\\/diarieducacio.cat\\\/aprenentatgeservei\\\/2021\\\/11\\\/08\\\/repensar-lus-de-lespai-public-per-a-generar-comunitat\\\/#breadcrumb\",\"itemListElement\":[{\"@type\":\"ListItem\",\"position\":1,\"name\":\"Inici\",\"item\":\"https:\\\/\\\/diarieducacio.cat\\\/aprenentatgeservei\\\/\"},{\"@type\":\"ListItem\",\"position\":2,\"name\":\"Repensar l&#8217;\u00fas de l&#8217;espai p\u00fablic per a generar comunitat\"}]},{\"@type\":\"WebSite\",\"@id\":\"https:\\\/\\\/diarieducacio.cat\\\/aprenentatgeservei\\\/#website\",\"url\":\"https:\\\/\\\/diarieducacio.cat\\\/aprenentatgeservei\\\/\",\"name\":\"Aps i educaci\u00f3 en valors\",\"description\":\"\",\"potentialAction\":[{\"@type\":\"SearchAction\",\"target\":{\"@type\":\"EntryPoint\",\"urlTemplate\":\"https:\\\/\\\/diarieducacio.cat\\\/aprenentatgeservei\\\/?s={search_term_string}\"},\"query-input\":{\"@type\":\"PropertyValueSpecification\",\"valueRequired\":true,\"valueName\":\"search_term_string\"}}],\"inLanguage\":\"ca\"},{\"@type\":\"Person\",\"@id\":\"https:\\\/\\\/diarieducacio.cat\\\/aprenentatgeservei\\\/#\\\/schema\\\/person\\\/5e09787a0c914794b90d61114ea93eb1\",\"name\":\"Jos\u00e9 Palos\",\"image\":{\"@type\":\"ImageObject\",\"inLanguage\":\"ca\",\"@id\":\"https:\\\/\\\/diarieducacio.cat\\\/aprenentatgeservei\\\/wp-content\\\/uploads\\\/sites\\\/22\\\/2025\\\/01\\\/jose-palos_avatar-96x96.jpg\",\"url\":\"https:\\\/\\\/diarieducacio.cat\\\/aprenentatgeservei\\\/wp-content\\\/uploads\\\/sites\\\/22\\\/2025\\\/01\\\/jose-palos_avatar-96x96.jpg\",\"contentUrl\":\"https:\\\/\\\/diarieducacio.cat\\\/aprenentatgeservei\\\/wp-content\\\/uploads\\\/sites\\\/22\\\/2025\\\/01\\\/jose-palos_avatar-96x96.jpg\",\"caption\":\"Jos\u00e9 Palos\"},\"description\":\"Mestre i doctor en Geografia Humana\",\"url\":\"https:\\\/\\\/diarieducacio.cat\\\/aprenentatgeservei\\\/author\\\/josepalos\\\/\"}]}<\/script>\n<!-- \/ Yoast SEO plugin. -->","yoast_head_json":{"title":"Repensar l'\u00fas de l'espai p\u00fablic per a generar comunitat - Aps i educaci\u00f3 en valors","robots":{"index":"index","follow":"follow","max-snippet":"max-snippet:-1","max-image-preview":"max-image-preview:large","max-video-preview":"max-video-preview:-1"},"canonical":"https:\/\/diarieducacio.cat\/aprenentatgeservei\/2021\/11\/08\/repensar-lus-de-lespai-public-per-a-generar-comunitat\/","og_locale":"ca_ES","og_type":"article","og_title":"Repensar l'\u00fas de l'espai p\u00fablic per a generar comunitat - Aps i educaci\u00f3 en valors","og_description":"D&#8217;acord amb algunes an\u00e0lisis r\u00e0pides dels fets, que per cert no s\u00f3n nous, les causes d&#8217;aquests comportaments massius i violents en alguns casos, tenen a veure amb una sortida explosiva del per\u00edode angoixant i coercitiu de la pand\u00e8mia de la covid19. Amb la cr\u00edtica situaci\u00f3 econ\u00f2mica general, que s&#8217;ha encebat m\u00e9s en la poblaci\u00f3 jove","og_url":"https:\/\/diarieducacio.cat\/aprenentatgeservei\/2021\/11\/08\/repensar-lus-de-lespai-public-per-a-generar-comunitat\/","og_site_name":"Aps i educaci\u00f3 en valors","article_publisher":"https:\/\/www.facebook.com\/diarieducacio\/","article_published_time":"2021-11-08T06:29:38+00:00","og_image":[{"width":1254,"height":836,"url":"https:\/\/diarieducacio.cat\/aprenentatgeservei\/wp-content\/uploads\/sites\/22\/2021\/11\/iStock-1133285226.jpg","type":"image\/jpeg"}],"author":"Jos\u00e9 Palos","twitter_card":"summary_large_image","twitter_creator":"@DiariEducacio","twitter_site":"@DiariEducacio","twitter_misc":{"Escrit per":"Jos\u00e9 Palos","Temps estimat de lectura":"6 minuts"},"schema":{"@context":"https:\/\/schema.org","@graph":[{"@type":"Article","@id":"https:\/\/diarieducacio.cat\/aprenentatgeservei\/2021\/11\/08\/repensar-lus-de-lespai-public-per-a-generar-comunitat\/#article","isPartOf":{"@id":"https:\/\/diarieducacio.cat\/aprenentatgeservei\/2021\/11\/08\/repensar-lus-de-lespai-public-per-a-generar-comunitat\/"},"author":{"name":"Jos\u00e9 Palos","@id":"https:\/\/diarieducacio.cat\/aprenentatgeservei\/#\/schema\/person\/5e09787a0c914794b90d61114ea93eb1"},"headline":"Repensar l&#8217;\u00fas de l&#8217;espai p\u00fablic per a generar comunitat","datePublished":"2021-11-08T06:29:38+00:00","mainEntityOfPage":{"@id":"https:\/\/diarieducacio.cat\/aprenentatgeservei\/2021\/11\/08\/repensar-lus-de-lespai-public-per-a-generar-comunitat\/"},"wordCount":1256,"commentCount":0,"image":{"@id":"https:\/\/diarieducacio.cat\/aprenentatgeservei\/2021\/11\/08\/repensar-lus-de-lespai-public-per-a-generar-comunitat\/#primaryimage"},"thumbnailUrl":"https:\/\/diarieducacio.cat\/aprenentatgeservei\/wp-content\/uploads\/sites\/22\/2021\/11\/iStock-1133285226.jpg","articleSection":["Comunitat"],"inLanguage":"ca","potentialAction":[{"@type":"CommentAction","name":"Comment","target":["https:\/\/diarieducacio.cat\/aprenentatgeservei\/2021\/11\/08\/repensar-lus-de-lespai-public-per-a-generar-comunitat\/#respond"]}]},{"@type":"WebPage","@id":"https:\/\/diarieducacio.cat\/aprenentatgeservei\/2021\/11\/08\/repensar-lus-de-lespai-public-per-a-generar-comunitat\/","url":"https:\/\/diarieducacio.cat\/aprenentatgeservei\/2021\/11\/08\/repensar-lus-de-lespai-public-per-a-generar-comunitat\/","name":"Repensar l'\u00fas de l'espai p\u00fablic per a generar comunitat - Aps i educaci\u00f3 en valors","isPartOf":{"@id":"https:\/\/diarieducacio.cat\/aprenentatgeservei\/#website"},"primaryImageOfPage":{"@id":"https:\/\/diarieducacio.cat\/aprenentatgeservei\/2021\/11\/08\/repensar-lus-de-lespai-public-per-a-generar-comunitat\/#primaryimage"},"image":{"@id":"https:\/\/diarieducacio.cat\/aprenentatgeservei\/2021\/11\/08\/repensar-lus-de-lespai-public-per-a-generar-comunitat\/#primaryimage"},"thumbnailUrl":"https:\/\/diarieducacio.cat\/aprenentatgeservei\/wp-content\/uploads\/sites\/22\/2021\/11\/iStock-1133285226.jpg","datePublished":"2021-11-08T06:29:38+00:00","author":{"@id":"https:\/\/diarieducacio.cat\/aprenentatgeservei\/#\/schema\/person\/5e09787a0c914794b90d61114ea93eb1"},"breadcrumb":{"@id":"https:\/\/diarieducacio.cat\/aprenentatgeservei\/2021\/11\/08\/repensar-lus-de-lespai-public-per-a-generar-comunitat\/#breadcrumb"},"inLanguage":"ca","potentialAction":[{"@type":"ReadAction","target":["https:\/\/diarieducacio.cat\/aprenentatgeservei\/2021\/11\/08\/repensar-lus-de-lespai-public-per-a-generar-comunitat\/"]}]},{"@type":"ImageObject","inLanguage":"ca","@id":"https:\/\/diarieducacio.cat\/aprenentatgeservei\/2021\/11\/08\/repensar-lus-de-lespai-public-per-a-generar-comunitat\/#primaryimage","url":"https:\/\/diarieducacio.cat\/aprenentatgeservei\/wp-content\/uploads\/sites\/22\/2021\/11\/iStock-1133285226.jpg","contentUrl":"https:\/\/diarieducacio.cat\/aprenentatgeservei\/wp-content\/uploads\/sites\/22\/2021\/11\/iStock-1133285226.jpg","width":1254,"height":836,"caption":"iStock"},{"@type":"BreadcrumbList","@id":"https:\/\/diarieducacio.cat\/aprenentatgeservei\/2021\/11\/08\/repensar-lus-de-lespai-public-per-a-generar-comunitat\/#breadcrumb","itemListElement":[{"@type":"ListItem","position":1,"name":"Inici","item":"https:\/\/diarieducacio.cat\/aprenentatgeservei\/"},{"@type":"ListItem","position":2,"name":"Repensar l&#8217;\u00fas de l&#8217;espai p\u00fablic per a generar comunitat"}]},{"@type":"WebSite","@id":"https:\/\/diarieducacio.cat\/aprenentatgeservei\/#website","url":"https:\/\/diarieducacio.cat\/aprenentatgeservei\/","name":"Aps i educaci\u00f3 en valors","description":"","potentialAction":[{"@type":"SearchAction","target":{"@type":"EntryPoint","urlTemplate":"https:\/\/diarieducacio.cat\/aprenentatgeservei\/?s={search_term_string}"},"query-input":{"@type":"PropertyValueSpecification","valueRequired":true,"valueName":"search_term_string"}}],"inLanguage":"ca"},{"@type":"Person","@id":"https:\/\/diarieducacio.cat\/aprenentatgeservei\/#\/schema\/person\/5e09787a0c914794b90d61114ea93eb1","name":"Jos\u00e9 Palos","image":{"@type":"ImageObject","inLanguage":"ca","@id":"https:\/\/diarieducacio.cat\/aprenentatgeservei\/wp-content\/uploads\/sites\/22\/2025\/01\/jose-palos_avatar-96x96.jpg","url":"https:\/\/diarieducacio.cat\/aprenentatgeservei\/wp-content\/uploads\/sites\/22\/2025\/01\/jose-palos_avatar-96x96.jpg","contentUrl":"https:\/\/diarieducacio.cat\/aprenentatgeservei\/wp-content\/uploads\/sites\/22\/2025\/01\/jose-palos_avatar-96x96.jpg","caption":"Jos\u00e9 Palos"},"description":"Mestre i doctor en Geografia Humana","url":"https:\/\/diarieducacio.cat\/aprenentatgeservei\/author\/josepalos\/"}]}},"_links":{"self":[{"href":"https:\/\/diarieducacio.cat\/aprenentatgeservei\/wp-json\/wp\/v2\/posts\/921","targetHints":{"allow":["GET"]}}],"collection":[{"href":"https:\/\/diarieducacio.cat\/aprenentatgeservei\/wp-json\/wp\/v2\/posts"}],"about":[{"href":"https:\/\/diarieducacio.cat\/aprenentatgeservei\/wp-json\/wp\/v2\/types\/post"}],"author":[{"embeddable":true,"href":"https:\/\/diarieducacio.cat\/aprenentatgeservei\/wp-json\/wp\/v2\/users\/385"}],"replies":[{"embeddable":true,"href":"https:\/\/diarieducacio.cat\/aprenentatgeservei\/wp-json\/wp\/v2\/comments?post=921"}],"version-history":[{"count":0,"href":"https:\/\/diarieducacio.cat\/aprenentatgeservei\/wp-json\/wp\/v2\/posts\/921\/revisions"}],"wp:featuredmedia":[{"embeddable":true,"href":"https:\/\/diarieducacio.cat\/aprenentatgeservei\/wp-json\/wp\/v2\/media\/1844"}],"wp:attachment":[{"href":"https:\/\/diarieducacio.cat\/aprenentatgeservei\/wp-json\/wp\/v2\/media?parent=921"}],"wp:term":[{"taxonomy":"category","embeddable":true,"href":"https:\/\/diarieducacio.cat\/aprenentatgeservei\/wp-json\/wp\/v2\/categories?post=921"},{"taxonomy":"post_tag","embeddable":true,"href":"https:\/\/diarieducacio.cat\/aprenentatgeservei\/wp-json\/wp\/v2\/tags?post=921"},{"taxonomy":"tipo","embeddable":true,"href":"https:\/\/diarieducacio.cat\/aprenentatgeservei\/wp-json\/wp\/v2\/tipo?post=921"}],"curies":[{"name":"wp","href":"https:\/\/api.w.org\/{rel}","templated":true}]}}