{"id":1139,"date":"2022-07-07T04:00:00","date_gmt":"2022-07-07T02:00:00","guid":{"rendered":"https:\/\/diarieducacio.cat\/ArtsEducacio\/?p=1139"},"modified":"2024-08-08T12:03:52","modified_gmt":"2024-08-08T10:03:52","slug":"el-teatre-que-ve-7-espectacles-per-a-public-escolar","status":"publish","type":"post","link":"https:\/\/diarieducacio.cat\/artseducacio\/2022\/07\/07\/el-teatre-que-ve-7-espectacles-per-a-public-escolar\/","title":{"rendered":"El teatre que ve, 7 espectacles per a p\u00fablic escolar"},"content":{"rendered":"<p>Cada cop hi ha m\u00e9s oferta teatral per als centres educatius, des de ben petits els infants ja poden gaudir de les arts esc\u00e8niques. A la ciutat de Barcelona hi ha teatres amb un llarg recorregut en la programaci\u00f3 per a escoles, d&#8217;altres obren les seves propostes teatrals tamb\u00e9 a joves i a teatres de la prov\u00edncia es representen obres de gran qualitat gr\u00e0cies al programa Anem al teatre de la Diputaci\u00f3 de Barcelona.<\/p>\n<p>A banda de les funcions escolars, els programadors escolars elaboren guies did\u00e0ctiques per treballar\u00a0els espectacles\u00a0abans i despr\u00e9s d&#8217;anar al teatre, tamb\u00e9 n&#8217;hi ha que ofereixen col\u00b7loquis amb la companyia\u00a0a l&#8217;acabar\u00a0la funci\u00f3 i d&#8217;altres fins i tot, imparteixen tallers teatrals pedag\u00f2gics a on l&#8217;alumnat pot pujar dalt d&#8217;un escenari. I \u00e9s que com b\u00e9 reflexionava fa uns dies Gisela\u00a0<span class=\"hiddenSpellError\">Juanet<\/span>\u00a0en el seu article d&#8217;opini\u00f3 Per qu\u00e8 els centres educatius van al teatre?: &#8220;els darrers estudis ens indiquen que al nostre pa\u00eds nom\u00e9s un 6% de la poblaci\u00f3 va habitualment al teatre. Quan llegeixo aquestes dades sempre en faig una lectura positiva. Hi ha molt cam\u00ed de millora i, per tant,\u00a0el repte \u00e9s gran i engrescador.&#8221;<\/p>\n<p>Aix\u00ed que pensant en la\u00a0<span class=\"hiddenGreenError\">propera temporada<\/span>\u00a022\/23 aqu\u00ed us deixem una selecci\u00f3 de 7 espectacles per a p\u00fablic escolar des dels m\u00e9s petits fins a secund\u00e0ria, Batxillerat i Cicles Formatius. Propostes teatrals a on hi ha drames, musicals, dansa i de tem\u00e0tiques actuals i arriscades.<\/p>\n<hr \/>\n<h3>M\u00fasica cl\u00e0ssica des de petits<br \/>\n<span class=\"hiddenSpellError\">BaBeBra<\/span>\u00a0&amp; Mozart al Palau de la M\u00fasica<\/h3>\n<h6>27 i 31 d&#8217;octubre de 2022; 19, 20 i 21 d&#8217;abril de 2023<\/h6>\n<figure id=\"attachment_1141\" aria-describedby=\"caption-attachment-1141\" style=\"width: 759px\" class=\"wp-caption aligncenter\"><img fetchpriority=\"high\" decoding=\"async\" class=\"wp-image-1141 size-full\" src=\"http:\/\/diarieducacio.cat\/ArtsEducacio\/wp-content\/uploads\/sites\/69\/2022\/07\/full_inner_page.jpeg\" alt=\"\" width=\"759\" height=\"426\" srcset=\"https:\/\/diarieducacio.cat\/artseducacio\/wp-content\/uploads\/sites\/20\/2022\/07\/full_inner_page.jpeg 759w, https:\/\/diarieducacio.cat\/artseducacio\/wp-content\/uploads\/sites\/20\/2022\/07\/full_inner_page-300x168.jpeg 300w, https:\/\/diarieducacio.cat\/artseducacio\/wp-content\/uploads\/sites\/20\/2022\/07\/full_inner_page-150x84.jpeg 150w, https:\/\/diarieducacio.cat\/artseducacio\/wp-content\/uploads\/sites\/20\/2022\/07\/full_inner_page-450x253.jpeg 450w\" sizes=\"(max-width: 759px) 100vw, 759px\" \/><figcaption id=\"caption-attachment-1141\" class=\"wp-caption-text\">BaBeBra &amp; Mozart \/ Il\u00b7lustraci\u00f3: Palau de la Musica catalana<\/figcaption><\/figure>\n<p>&nbsp;<\/p>\n<p>En la programaci\u00f3 per escoles 22\/23 del Palau de la M\u00fasica hi ha una estrena ben especial que aposta per acostar la m\u00fasica cl\u00e0ssica als m\u00e9s petits.\u00a0Es tracta\u00a0d&#8217;un concert preciosista i alhora trepidant de format ac\u00fastic en homenatge a la m\u00fasica cl\u00e0ssica centre-europea: Mozart, Bach, Beethoven i Brahms. Per\u00f2 tamb\u00e9 hi ha espai per noves versions d&#8217;est\u00e8tiques modernes perqu\u00e8 petits i acompanyants gaudeixin de la m\u00fasica cl\u00e0ssica.<\/p>\n<p>Una proposta pensada per a despertar l&#8217;o\u00efda dels infants de primer i segon cicle d&#8217;infantil, amb proximitat esc\u00e8nica i gran sensibilitat art\u00edstica. Aqu\u00ed podran descobrir la infinitat de sonoritats i efectes que es poden realitzar amb la veu, el cos i els instruments. A m\u00e9s de con\u00e8ixer nous instruments musicals i les seves caracter\u00edstiques t\u00edmbriques.<\/p>\n<p><a href=\"https:\/\/www.palaumusica.cat\/ca\/babebra-mozart_1026163\" target=\"_blank\" rel=\"noopener\">M\u00e9s\u00a0<span class=\"hiddenSpellError\">informaci\u00f3<\/span><\/a><\/p>\n<hr \/>\n<h3>Una reflexi\u00f3 sobre la soledat i la vellesa<br \/>\nGaletes de formatge al SAT! Sant Andreu Teatre<\/h3>\n<h6>11, 13 i 14 d\u2019octubre<\/h6>\n<p>Aquest any el\u00a0<span class=\"hiddenSpellError\">SAT<\/span>! Sant Andreu Teatre celebra el seu 20\u00e8 aniversari i inicia la seva programaci\u00f3 escolar amb una de les companyies de titelles amb m\u00e9s prestigi del pa\u00eds,\u00a0<span class=\"hiddenSpellError\">Txo<\/span>\u00a0Titelles. Al mes d&#8217;octubre porten el seu nou espectacle, Galetes de formatge, una hist\u00f2ria sobre la soledat i la vellesa que convida als nens i nenes de cicle inicial i cicle mitj\u00e0 reflexionar sobre l&#8217;empatia, l&#8217;amistat i el respecte per la vida.<\/p>\n<figure id=\"attachment_1142\" aria-describedby=\"caption-attachment-1142\" style=\"width: 640px\" class=\"wp-caption aligncenter\"><img decoding=\"async\" class=\"wp-image-1142 size-full\" src=\"http:\/\/diarieducacio.cat\/ArtsEducacio\/wp-content\/uploads\/sites\/69\/2022\/07\/16_galetes_formatge-2.jpeg\" alt=\"\" width=\"640\" height=\"440\" srcset=\"https:\/\/diarieducacio.cat\/artseducacio\/wp-content\/uploads\/sites\/20\/2022\/07\/16_galetes_formatge-2.jpeg 640w, https:\/\/diarieducacio.cat\/artseducacio\/wp-content\/uploads\/sites\/20\/2022\/07\/16_galetes_formatge-2-300x206.jpeg 300w, https:\/\/diarieducacio.cat\/artseducacio\/wp-content\/uploads\/sites\/20\/2022\/07\/16_galetes_formatge-2-150x103.jpeg 150w, https:\/\/diarieducacio.cat\/artseducacio\/wp-content\/uploads\/sites\/20\/2022\/07\/16_galetes_formatge-2-450x309.jpeg 450w\" sizes=\"(max-width: 640px) 100vw, 640px\" \/><figcaption id=\"caption-attachment-1142\" class=\"wp-caption-text\">Fragment espectacle Galetes de formatge \/ Foto: Txo\u00a0Titelles<\/figcaption><\/figure>\n<p>Aquesta\u00a0\u00e9s\u00a0la hist\u00f2ria d&#8217;un senyor gran, l&#8217;Ignasi, que viu sol. El seu dia a dia est\u00e0 ple de petits rituals que el mantenen actiu i ben despert. Un d&#8217;aquests \u00e9s l&#8217;hora del berenar a on cada dia gaudeix d&#8217;una tassa de te acompanyada d&#8217;unes delicioses galetes de formatge. Per\u00f2, un dia t\u00e9 una sorpresa, la capsa de galetes est\u00e0 buida i foradada&#8230; aviat en descobrir\u00e0 el culpable i far\u00e0 un nou amic.<\/p>\n<p><a href=\"https:\/\/www.sat-teatre.cat\/escoles\/programa\/galetes-de-formatge\/\" target=\"_blank\" rel=\"noopener\">M\u00e9s informaci\u00f3<\/a><\/p>\n<hr \/>\n<h3>Un ritual participatiu sobre el clima i el cicle de la vida<br \/>\nRave en el Teatre Lliure<\/h3>\n<h6>Del 15 de <span class=\"hiddenSpellError\">febrer<\/span>\u00a0al 5 de mar\u00e7 de\u00a02023<\/h6>\n<p>El Teatre Lliure tamb\u00e9 aposta per al p\u00fablic infantil i juvenil. A part dels espectacles familiars, dins del seu projecte educatiu la temporada vinent faran una forta aposta i \u00e9s que dedicaran una de les seves 3 sales, l\u2019Espai Lliure (la sala petita de Montju\u00efc), exclusivament a El Lliure del futur, el programa educatiu del Teatre Lliure, per a les escoles i al Programa de resid\u00e8ncies (formaci\u00f3 per als artistes).<\/p>\n<p>Dins del programa educatiu de la temporada vinent hi ha Rave creat i dirigit per <span class=\"hiddenSpellError\">Silvia<\/span>\u00a0<span class=\"hiddenSpellError\">Delagneau<\/span>. Una proposta participativa sobre el clima i el cicle de la vida.<\/p>\n<figure id=\"attachment_1143\" aria-describedby=\"caption-attachment-1143\" style=\"width: 800px\" class=\"wp-caption aligncenter\"><img decoding=\"async\" class=\"wp-image-1143\" src=\"http:\/\/diarieducacio.cat\/ArtsEducacio\/wp-content\/uploads\/sites\/69\/2022\/07\/Rave_collage_copy-Hugo-CornellesLa-firma-Si\u0301lvia-Poch.-962x1024.jpg\" alt=\"\" width=\"800\" height=\"851\" \/><figcaption id=\"caption-attachment-1143\" class=\"wp-caption-text\">Rave \/ Il\u00b7lustraci\u00f3: Si\u0301lvia Poch<\/figcaption><\/figure>\n<p>De vegades, com que portem a la motxilla un paraigua o una capelina, ens importa un rave si plou o fa sol, si les bruixes es pentinen. Tant se&#8217;ns en dona naps com cols, que el cel sigui rogent o que una flor no faci estiu, quan tenim on aixoplugar-nos i una bona estufa o algun ventilador per aclimatar-nos. Per\u00f2 resulta que la primavera la sang altera i sovint prenem el rave per les fulles quan pensem que el m\u00f3n gira al voltant nostre sense incloure&#8217;ns en els seus cicles. I \u00e9s que la vida \u00e9s una festa sense treva en la qual no deixen de ballar el mar amb la lluna, els n\u00favols amb els tubercles, les tempestes amb les flors, els ocells amb els peixos, les gebrades amb els c\u00f2dols, els turons amb les criatures.<\/p>\n<p>Un espectacle recomanat per a nens i nenes de 6 a 10 anys que segueix la principal\u00a0m\u00e0xima\u00a0del Teatre Lliure amb infants i joves: oferir experi\u00e8ncies significatives en les arts de l&#8217;escena abans, durant i despr\u00e9s d&#8217;anar al teatre. Per al Teatre Lliure, les arts esc\u00e8niques han de formar part dels continguts curriculars de totes les edats perqu\u00e8 s\u00f3n un motor de coneixement, de sensibilitat i de foment de l&#8217;esperit cr\u00edtic.<\/p>\n<p><a href=\"https:\/\/www.teatrelliure.com\/ca\/rave\" target=\"_blank\" rel=\"noopener\">M\u00e9s informaci\u00f3<\/a><\/p>\n<hr \/>\n<h3>Un espectacle de dansa del compositor catal\u00e0 Robert Gerhard<br \/>\nLa nit de Sant Joan en el Gran Teatre Liceu<\/h3>\n<h6>Abril i maig de 2023<\/h6>\n<p>El Petit Liceu estrena aquesta temporada La nit de Sant Joan, una proposta per\u00a0<span class=\"hiddenSpellError\">conectar<\/span>\u00a0el p\u00fablic m\u00e9s jove, infants a partir de\u00a0vuit\u00a0anys, amb la m\u00fasica i la dansa. Aquest nou espectacle interpreta l&#8217;obra\u00a0<span class=\"hiddenSpellError\">Soir\u00e9es<\/span>\u00a0de\u00a0<span class=\"hiddenSpellError\">Barcelone<\/span>\u00a0d&#8217;un dels compositors catalans m\u00e9s universals, Robert Gerhard. Una col\u00b7laboraci\u00f3 del Liceu amb la Diputaci\u00f3 de Barcelona i l&#8217;Institut del Teatre.<\/p>\n<figure id=\"attachment_1144\" aria-describedby=\"caption-attachment-1144\" style=\"width: 751px\" class=\"wp-caption aligncenter\"><img loading=\"lazy\" decoding=\"async\" class=\"wp-image-1144 size-full\" src=\"http:\/\/diarieducacio.cat\/ArtsEducacio\/wp-content\/uploads\/sites\/69\/2022\/07\/image.png\" alt=\"\" width=\"751\" height=\"496\" srcset=\"https:\/\/diarieducacio.cat\/artseducacio\/wp-content\/uploads\/sites\/20\/2022\/07\/image.png 751w, https:\/\/diarieducacio.cat\/artseducacio\/wp-content\/uploads\/sites\/20\/2022\/07\/image-300x198.png 300w, https:\/\/diarieducacio.cat\/artseducacio\/wp-content\/uploads\/sites\/20\/2022\/07\/image-150x99.png 150w, https:\/\/diarieducacio.cat\/artseducacio\/wp-content\/uploads\/sites\/20\/2022\/07\/image-450x297.png 450w\" sizes=\"(max-width: 751px) 100vw, 751px\" \/><figcaption id=\"caption-attachment-1144\" class=\"wp-caption-text\">Fragment espectacle La nit de Sant Joan \/ Foto: Gran Teatre Liceu<\/figcaption><\/figure>\n<p>Una posada en escena plena de for\u00e7a, energia i vitalitat amb gui\u00f3 de Ventura Gasol. I amb la coreografia <span class=\"hiddenGrammarError\">de Antonio<\/span>\u00a0<span class=\"hiddenSpellError\">Ruz<\/span>\u00a0a on el p\u00fablic reconeixer\u00e0 elements que ens connecten amb les nostres tradicions, com poden ser el simbolisme del foc, la sardana, els castells o les figures del bestiari.<br \/>\n<span class=\"hiddenSpellError\">Soir\u00e9es<\/span>\u00a0de\u00a0<span class=\"hiddenSpellError\">Barcelone<\/span>\u00a0\u00e9s la segona creaci\u00f3 per a ballet de Robert Gerhard.<\/p>\n<p>Es tracta d&#8217;una obra per a piano inspirada en la m\u00fasica tradicional catalana on f\u00e0cilment podem identificar danses i melodies del nostre folklore.<\/p>\n<p><a href=\"https:\/\/www.liceubarcelona.cat\/es\/temporada-2022-23\/petit-liceu-escolar\/la-nit-de-sant-joan\" target=\"_blank\" rel=\"noopener\">M\u00e9s informaci\u00f3<\/a><\/p>\n<hr \/>\n<h3>Per trencar tab\u00fas sobre els estereotips de g\u00e8nere i la mentalitat sexista<br \/>\n<span class=\"hiddenSpellError\">&#8216;Girls like that&#8217; <\/span>al Teatre Tantarantana<\/h3>\n<h6>Del 18 al 27 d&#8217;octubre (dimarts, dimecres i dijous<span class=\"hiddenGrammarError\" style=\"padding-bottom: 2px;background-image: url('..\/..\/..\/..\/..\/images\/squiggle.png');background-position: left bottom;cursor: default;color: #000000;font-family: 'Open Sans', Helvetica, Arial, sans-serif;font-size: 16px;font-style: normal;font-weight: 300;letter-spacing: normal;text-align: start;text-indent: 0px;text-transform: none\">)<\/span><\/h6>\n<p>El Teatre Tantarantana \u00e9s un centre de creaci\u00f3 i exhibici\u00f3 teatral amb\u00a0vint-i-nou\u00a0anys de traject\u00f2ria i des de 2017 reconegut com a F\u00e0brica de Creaci\u00f3. Aquesta obra arriscada i compromesa ens narra l&#8217;amistat d&#8217;un grup d&#8217;amigues, i com aquesta canvia quan la foto despullada d&#8217;una d&#8217;elles es fa viral a l&#8217;institut on van. Aix\u00ed veurem l&#8217;evoluci\u00f3 d&#8217;aquestes noies i com els esdeveniments acaben revelant la fragilitat dels vincles que les unien. Com a contrapunt a aquesta veu coral, al llarg de l&#8217;espectacle coneixerem una s\u00e8rie de dones de diferents moments del segle XX que han lluitat en favor de la igualtat de les dones.<\/p>\n<figure id=\"attachment_1145\" aria-describedby=\"caption-attachment-1145\" style=\"width: 799px\" class=\"wp-caption aligncenter\"><img loading=\"lazy\" decoding=\"async\" class=\"wp-image-1145 \" src=\"http:\/\/diarieducacio.cat\/ArtsEducacio\/wp-content\/uploads\/sites\/69\/2022\/07\/web_noies-aquestes-1024x683.png\" alt=\"\" width=\"799\" height=\"611\" \/><figcaption id=\"caption-attachment-1145\" class=\"wp-caption-text\">GIRLS LIKE\u00a0THAT \/ Foto: Teatre Tantarantana<\/figcaption><\/figure>\n<p>Un episodi d&#8217;assetjament on les din\u00e0miques i pressions de grup acaben silenciant els dubtes i castigant la dissid\u00e8ncia. Tot i que l&#8217;assetjament a les aules ha existit sempre, les noves tecnologies i les xarxes socials han donat pas a\u00a0altres\u00a0formes d&#8217;assetjament que sovint deriven en depressi\u00f3 adolescent, falta d&#8217;autoestima i en molts casos, en su\u00efcidi.<\/p>\n<p>Amb aquest espectacle\u00a0<span class=\"hiddenSpellError\">Evan<\/span>\u00a0<span class=\"hiddenSpellError\">Placey<\/span>\u00a0ens mostra una jove generaci\u00f3 de noies que ha rebut els beneficis de la lluita feminista, per\u00f2 que \u00e9s captiva d&#8217;un imaginari en qu\u00e8 la dona ha de ser un objecte de desig, per\u00f2 sense transgredir les regles imposades per la mirada tradicional del patriarcat. Una proposta per a secund\u00e0ria i batxillerat que vol trencar tab\u00fas sobre els estereotips de g\u00e8nere i reflexiona sobre el &#8220;<span class=\"hiddenSpellError\">slut<\/span>\u00a0<span class=\"hiddenSpellError\">shaming<\/span>&#8221; (estigmatitzaci\u00f3 sexual).<\/p>\n<p><a href=\"http:\/\/tantarantana.com\/production\/girls-like-that\/\" target=\"_blank\" rel=\"noopener\">M\u00e9s informaci\u00f3<\/a><\/p>\n<hr \/>\n<h3>Pares Normals al Teatre Poliorama<br \/>\nUn musical d&#8217;Els amics de les arts, Marc\u00a0<span class=\"hiddenGrammarError\">Artigau<\/span>\u00a0i Minoria Absoluta<\/h3>\n<h6>Del 24 de novembre a l&#8217;1 de desembre 2022<\/h6>\n<p>Abans d&#8217;acabar el curs escolar el Teatre Poliorama presenta la nova temporada escolar al professorat de tota Catalunya amb una gala, aquest 2022 n&#8217;ha celebrat la\u00a0<span class=\"hiddenGrammarError\">10\u00aa<\/span>\u00a0edici\u00f3. Durant tots aquests anys, el Poliorama ha aplegat m\u00e9s de 354.000 alumnes, amb 63 espectacles i un total de 486 representacions.<\/p>\n<p>De les 13 propostes d&#8217;enguany que abracen tots els cicles educatius, cal destacar Pares Normals, un musical amb can\u00e7ons originals i especialment composades\u00a0per Els Amics de les Arts. L&#8217;obra parla de grans temes com la paternitat i maternitat, la mort i l&#8217;amor, des de l&#8217;humor i la sensibilitat. Aquest ha estat escrit a vuit mans entre Daniel Alegret, Joan Enric Barcel\u00f3 i Ferran Piqu\u00e9 junt amb Marc\u00a0<span class=\"hiddenGrammarError\">Artigau<\/span>.<\/p>\n<figure id=\"attachment_1146\" aria-describedby=\"caption-attachment-1146\" style=\"width: 1000px\" class=\"wp-caption aligncenter\"><img loading=\"lazy\" decoding=\"async\" class=\"wp-image-1146 size-full\" src=\"http:\/\/diarieducacio.cat\/ArtsEducacio\/wp-content\/uploads\/sites\/69\/2022\/07\/I22-Pares-normals_8_per_v3.jpg\" alt=\"\" width=\"1000\" height=\"422\" srcset=\"https:\/\/diarieducacio.cat\/artseducacio\/wp-content\/uploads\/sites\/20\/2022\/07\/I22-Pares-normals_8_per_v3.jpg 1000w, https:\/\/diarieducacio.cat\/artseducacio\/wp-content\/uploads\/sites\/20\/2022\/07\/I22-Pares-normals_8_per_v3-300x127.jpg 300w, https:\/\/diarieducacio.cat\/artseducacio\/wp-content\/uploads\/sites\/20\/2022\/07\/I22-Pares-normals_8_per_v3-768x324.jpg 768w, https:\/\/diarieducacio.cat\/artseducacio\/wp-content\/uploads\/sites\/20\/2022\/07\/I22-Pares-normals_8_per_v3-150x63.jpg 150w, https:\/\/diarieducacio.cat\/artseducacio\/wp-content\/uploads\/sites\/20\/2022\/07\/I22-Pares-normals_8_per_v3-450x190.jpg 450w\" sizes=\"(max-width: 1000px) 100vw, 1000px\" \/><figcaption id=\"caption-attachment-1146\" class=\"wp-caption-text\">Actors i actrius de Pares Normals \/ Foto: Teatre Poliorama<\/figcaption><\/figure>\n<p>Pares Normals \u00e9s la hist\u00f2ria de l&#8217;Aran, un noi d&#8217;uns trenta anys que ha decidit fer la seva vida a quil\u00f2metres de dist\u00e0ncia dels seus pares. L&#8217;Aran \u00e9s advocat, viu a Chicago amb la seva parella, la Nora, i estan a punt de casar-se. Aix\u00f2 \u00e9s el que ha vingut a explicar als pares en un viatge llampec a Barcelona. A m\u00e9s, avui \u00e9s un dia especial, perqu\u00e8 ells \u2014ja jubilats\u2014 inauguren\u00a0<span class=\"hiddenGrammarError\">El Moixiganga<\/span>, la il\u00b7lusi\u00f3 de la seva vida: un karaoke.<\/p>\n<p>Per\u00f2 un accident ben absurd far\u00e0 que l&#8217;Aran hagi de replantejar-se tota la seva exist\u00e8ncia. A partir d&#8217;aqu\u00ed comen\u00e7ar\u00e0 un viatge ple d&#8217;aventures, on l&#8217;Aran s&#8217;haur\u00e0 de posar a prova i on coneixer\u00e0 la Laia, una noia amb qui t\u00e9 moltes m\u00e9s coses en com\u00fa del que sembla a primera vista. I ser\u00e0 a l&#8217;altra punta del m\u00f3n, on l&#8217;Aran s&#8217;adonar\u00e0 que\u00a0vol en aquesta vida i de qui s\u00f3n realment els seus pares.<\/p>\n<p><a href=\"https:\/\/www.topgrups.com\/ca\/programacio\/c\/1020-pares-normals.html\" target=\"_blank\" rel=\"noopener\">M\u00e9s informaci\u00f3<\/a><\/p>\n<hr \/>\n<h3>Una adaptaci\u00f3 teatral de la novel\u00b7la d&#8217;\u00e8xit La\u00a0<span class=\"hiddenSpellError\">tresse<\/span>\u00a0de\u00a0<span class=\"hiddenSpellError\">Laetitia<\/span>\u00a0<span class=\"hiddenSpellError\">Colombani<\/span><br \/>\nLa trena al Teatre Goya<\/h3>\n<h6>Setembre i novembre de 2022<\/h6>\n<p><span class=\"hiddenSpellError\">COOLTIVA<\/span>&#8216;T \u00e9s la programaci\u00f3 teatral per centres educatius del Grup Focus i Viu el Teatre. Aquesta t\u00e9 com a finalitat obrir a les escoles una gran programaci\u00f3 de qualitat com a eina pedag\u00f2gica i d&#8217;entreteniment per a fer cr\u00e9ixer als m\u00e9s petits i joves i acompanyar-los donant valor a la creativitat, al pensament cr\u00edtic i el valor de la cultura.<\/p>\n<p>La temporada anterior es va iniciar el projecte amb una primera proposta de programaci\u00f3 pel curs 2021-2022 que es va dur a terme en els quatre teatres del\u00a0Grup Focus:\u00a0Teatre Condal,\u00a0Teatre Romea,\u00a0Teatre Goya\u00a0i\u00a0La Villarroel\u00a0amb uns resultats magn\u00edfics: \u00a0Un total de 13 espectacles i m\u00e9s de 15.000 espectadors de 0 anys fins als 18 anys amb propostes pedag\u00f2giques per a cada espectacle, dissenyades pel departament del servei educatiu de l\u2019organitzaci\u00f3\u00a0Viu el Teatre, avalat pel segell de qualitat pedag\u00f2gica de l\u2019UB.<\/p>\n<p>En aquest segon any de vida trobem una petita joia dirigida a alumnes de Batxillerat, l&#8217;adaptaci\u00f3 teatral de l&#8217;\u00e8xit editorial de l&#8217;escriptora <span class=\"hiddenSpellError\">Laetitia<\/span>\u00a0<span class=\"hiddenSpellError\">Colombani<\/span>\u00a0sota la direcci\u00f3 de Clara Segura.<\/p>\n<figure id=\"attachment_1147\" aria-describedby=\"caption-attachment-1147\" style=\"width: 787px\" class=\"wp-caption aligncenter\"><img loading=\"lazy\" decoding=\"async\" class=\"wp-image-1147 \" src=\"http:\/\/diarieducacio.cat\/ArtsEducacio\/wp-content\/uploads\/sites\/69\/2022\/07\/4457_La_trena-compressed.jpg-1279x853-1-1024x683.jpg\" alt=\"\" width=\"787\" height=\"619\" \/><figcaption id=\"caption-attachment-1147\" class=\"wp-caption-text\">Actrius i directora de La Trena \/ Foto: La Perla 29<\/figcaption><\/figure>\n<p>Aquesta \u00e9s la hist\u00f2ria de tres dones que, nascudes en continents molt dispars, comparteixen unes idees i sentiments que les uneixen en un poder\u00f3s anhel de llibertat. La <span class=\"hiddenSpellError\">Smita<\/span>\u00a0de\u00a0l&#8217;\u00cdndia, la\u00a0<span class=\"hiddenSpellError\">Giulia<\/span>\u00a0d&#8217;It\u00e0lia i la\u00a0<span class=\"hiddenSpellError\">Sarah<\/span>\u00a0del Canad\u00e0\u00a0no es coneixen, per\u00f2 tenen en com\u00fa l&#8217;empenta i la tenacitat de les dones que rebutgen el que el dest\u00ed els ha reservat i es rebel\u00b7len contra les circumst\u00e0ncies que les oprimeixen. Com fils invisibles, els seus camins s&#8217;entrellacen, formant una trena que simbolitza la voluntat indestructible de viure amb esperan\u00e7a i il\u00b7lusi\u00f3.<\/p>\n<p><a href=\"https:\/\/www.promentrada.com\/ca\/product\/4306\/?zone=1&amp;category=95\" target=\"_blank\" rel=\"noopener\">M\u00e9s informaci\u00f3<\/a><\/p>\n","protected":false},"excerpt":{"rendered":"<p>Cada cop hi ha m\u00e9s oferta teatral per als centres educatius, des de ben petits els infants ja poden gaudir de les arts esc\u00e8niques. A la ciutat de Barcelona hi ha teatres amb un llarg recorregut en la programaci\u00f3 per a escoles, d&#8217;altres obren les seves propostes teatrals tamb\u00e9 a joves i a teatres de<\/p>\n","protected":false},"author":63,"featured_media":1148,"comment_status":"open","ping_status":"open","sticky":false,"template":"","format":"standard","meta":{"footnotes":""},"categories":[107,295],"tags":[203,182,141,121,198],"tipo":[221],"class_list":{"0":"post-1139","1":"post","2":"type-post","3":"status-publish","4":"format-standard","5":"has-post-thumbnail","7":"category-materials-i-recursos","8":"category-reportatge","9":"tag-art-i-cultura","10":"tag-art-i-educacio","11":"tag-arts-esceniques","12":"tag-cultura-i-escola","13":"tag-teatre-i-escola","14":"tipo-reportatge"},"yoast_head":"<!-- This site is optimized with the Yoast SEO plugin v27.5 - https:\/\/yoast.com\/product\/yoast-seo-wordpress\/ -->\n<title>El teatre que ve, 7 espectacles per a p\u00fablic escolar - Arts &amp; Educaci\u00f3<\/title>\n<meta name=\"robots\" content=\"index, follow, max-snippet:-1, max-image-preview:large, max-video-preview:-1\" \/>\n<link rel=\"canonical\" href=\"https:\/\/diarieducacio.cat\/artseducacio\/2022\/07\/07\/el-teatre-que-ve-7-espectacles-per-a-public-escolar\/\" \/>\n<meta property=\"og:locale\" content=\"ca_ES\" \/>\n<meta property=\"og:type\" content=\"article\" \/>\n<meta property=\"og:title\" content=\"El teatre que ve, 7 espectacles per a p\u00fablic escolar - Arts &amp; Educaci\u00f3\" \/>\n<meta property=\"og:description\" content=\"Cada cop hi ha m\u00e9s oferta teatral per als centres educatius, des de ben petits els infants ja poden gaudir de les arts esc\u00e8niques. A la ciutat de Barcelona hi ha teatres amb un llarg recorregut en la programaci\u00f3 per a escoles, d&#8217;altres obren les seves propostes teatrals tamb\u00e9 a joves i a teatres de\" \/>\n<meta property=\"og:url\" content=\"https:\/\/diarieducacio.cat\/artseducacio\/2022\/07\/07\/el-teatre-que-ve-7-espectacles-per-a-public-escolar\/\" \/>\n<meta property=\"og:site_name\" content=\"Arts &amp; Educaci\u00f3\" \/>\n<meta property=\"article:publisher\" content=\"https:\/\/www.facebook.com\/diarieducacio\/\" \/>\n<meta property=\"article:published_time\" content=\"2022-07-07T02:00:00+00:00\" \/>\n<meta property=\"article:modified_time\" content=\"2024-08-08T10:03:52+00:00\" \/>\n<meta property=\"og:image\" content=\"https:\/\/diarieducacio.cat\/artseducacio\/wp-content\/uploads\/sites\/20\/2022\/07\/Captura-de-pantalla-2022-07-05-a-les-23.38.24.png\" \/>\n\t<meta property=\"og:image:width\" content=\"1000\" \/>\n\t<meta property=\"og:image:height\" content=\"754\" \/>\n\t<meta property=\"og:image:type\" content=\"image\/png\" \/>\n<meta name=\"author\" content=\"Mar Dom\u00e8nech\" \/>\n<meta name=\"twitter:card\" content=\"summary_large_image\" \/>\n<meta name=\"twitter:creator\" content=\"@DiariEducacio\" \/>\n<meta name=\"twitter:site\" content=\"@DiariEducacio\" \/>\n<meta name=\"twitter:label1\" content=\"Escrit per\" \/>\n\t<meta name=\"twitter:data1\" content=\"Mar Dom\u00e8nech\" \/>\n\t<meta name=\"twitter:label2\" content=\"Temps estimat de lectura\" \/>\n\t<meta name=\"twitter:data2\" content=\"11 minuts\" \/>\n<script type=\"application\/ld+json\" class=\"yoast-schema-graph\">{\"@context\":\"https:\\\/\\\/schema.org\",\"@graph\":[{\"@type\":\"Article\",\"@id\":\"https:\\\/\\\/diarieducacio.cat\\\/artseducacio\\\/2022\\\/07\\\/07\\\/el-teatre-que-ve-7-espectacles-per-a-public-escolar\\\/#article\",\"isPartOf\":{\"@id\":\"https:\\\/\\\/diarieducacio.cat\\\/artseducacio\\\/2022\\\/07\\\/07\\\/el-teatre-que-ve-7-espectacles-per-a-public-escolar\\\/\"},\"author\":{\"name\":\"Mar Dom\u00e8nech\",\"@id\":\"https:\\\/\\\/diarieducacio.cat\\\/artseducacio\\\/#\\\/schema\\\/person\\\/eb83688c9eebc3ca52379b6608685c89\"},\"headline\":\"El teatre que ve, 7 espectacles per a p\u00fablic escolar\",\"datePublished\":\"2022-07-07T02:00:00+00:00\",\"dateModified\":\"2024-08-08T10:03:52+00:00\",\"mainEntityOfPage\":{\"@id\":\"https:\\\/\\\/diarieducacio.cat\\\/artseducacio\\\/2022\\\/07\\\/07\\\/el-teatre-que-ve-7-espectacles-per-a-public-escolar\\\/\"},\"wordCount\":2196,\"commentCount\":0,\"image\":{\"@id\":\"https:\\\/\\\/diarieducacio.cat\\\/artseducacio\\\/2022\\\/07\\\/07\\\/el-teatre-que-ve-7-espectacles-per-a-public-escolar\\\/#primaryimage\"},\"thumbnailUrl\":\"https:\\\/\\\/diarieducacio.cat\\\/artseducacio\\\/wp-content\\\/uploads\\\/sites\\\/20\\\/2022\\\/07\\\/Captura-de-pantalla-2022-07-05-a-les-23.38.24.png\",\"keywords\":[\"art i cultura\",\"art i educaci\u00f3\",\"arts esc\u00e8niques\",\"cultura i escola\",\"teatre i escola\"],\"articleSection\":[\"Materials i recursos\",\"Reportatge\"],\"inLanguage\":\"ca\",\"potentialAction\":[{\"@type\":\"CommentAction\",\"name\":\"Comment\",\"target\":[\"https:\\\/\\\/diarieducacio.cat\\\/artseducacio\\\/2022\\\/07\\\/07\\\/el-teatre-que-ve-7-espectacles-per-a-public-escolar\\\/#respond\"]}]},{\"@type\":\"WebPage\",\"@id\":\"https:\\\/\\\/diarieducacio.cat\\\/artseducacio\\\/2022\\\/07\\\/07\\\/el-teatre-que-ve-7-espectacles-per-a-public-escolar\\\/\",\"url\":\"https:\\\/\\\/diarieducacio.cat\\\/artseducacio\\\/2022\\\/07\\\/07\\\/el-teatre-que-ve-7-espectacles-per-a-public-escolar\\\/\",\"name\":\"El teatre que ve, 7 espectacles per a p\u00fablic escolar - Arts & Educaci\u00f3\",\"isPartOf\":{\"@id\":\"https:\\\/\\\/diarieducacio.cat\\\/artseducacio\\\/#website\"},\"primaryImageOfPage\":{\"@id\":\"https:\\\/\\\/diarieducacio.cat\\\/artseducacio\\\/2022\\\/07\\\/07\\\/el-teatre-que-ve-7-espectacles-per-a-public-escolar\\\/#primaryimage\"},\"image\":{\"@id\":\"https:\\\/\\\/diarieducacio.cat\\\/artseducacio\\\/2022\\\/07\\\/07\\\/el-teatre-que-ve-7-espectacles-per-a-public-escolar\\\/#primaryimage\"},\"thumbnailUrl\":\"https:\\\/\\\/diarieducacio.cat\\\/artseducacio\\\/wp-content\\\/uploads\\\/sites\\\/20\\\/2022\\\/07\\\/Captura-de-pantalla-2022-07-05-a-les-23.38.24.png\",\"datePublished\":\"2022-07-07T02:00:00+00:00\",\"dateModified\":\"2024-08-08T10:03:52+00:00\",\"author\":{\"@id\":\"https:\\\/\\\/diarieducacio.cat\\\/artseducacio\\\/#\\\/schema\\\/person\\\/eb83688c9eebc3ca52379b6608685c89\"},\"breadcrumb\":{\"@id\":\"https:\\\/\\\/diarieducacio.cat\\\/artseducacio\\\/2022\\\/07\\\/07\\\/el-teatre-que-ve-7-espectacles-per-a-public-escolar\\\/#breadcrumb\"},\"inLanguage\":\"ca\",\"potentialAction\":[{\"@type\":\"ReadAction\",\"target\":[\"https:\\\/\\\/diarieducacio.cat\\\/artseducacio\\\/2022\\\/07\\\/07\\\/el-teatre-que-ve-7-espectacles-per-a-public-escolar\\\/\"]}]},{\"@type\":\"ImageObject\",\"inLanguage\":\"ca\",\"@id\":\"https:\\\/\\\/diarieducacio.cat\\\/artseducacio\\\/2022\\\/07\\\/07\\\/el-teatre-que-ve-7-espectacles-per-a-public-escolar\\\/#primaryimage\",\"url\":\"https:\\\/\\\/diarieducacio.cat\\\/artseducacio\\\/wp-content\\\/uploads\\\/sites\\\/20\\\/2022\\\/07\\\/Captura-de-pantalla-2022-07-05-a-les-23.38.24.png\",\"contentUrl\":\"https:\\\/\\\/diarieducacio.cat\\\/artseducacio\\\/wp-content\\\/uploads\\\/sites\\\/20\\\/2022\\\/07\\\/Captura-de-pantalla-2022-07-05-a-les-23.38.24.png\",\"width\":1000,\"height\":754,\"caption\":\"Funci\u00f3 escolar d'Espectacles amb classe \\\/ Foto: Top Grup\"},{\"@type\":\"BreadcrumbList\",\"@id\":\"https:\\\/\\\/diarieducacio.cat\\\/artseducacio\\\/2022\\\/07\\\/07\\\/el-teatre-que-ve-7-espectacles-per-a-public-escolar\\\/#breadcrumb\",\"itemListElement\":[{\"@type\":\"ListItem\",\"position\":1,\"name\":\"Inici\",\"item\":\"https:\\\/\\\/diarieducacio.cat\\\/artseducacio\\\/\"},{\"@type\":\"ListItem\",\"position\":2,\"name\":\"El teatre que ve, 7 espectacles per a p\u00fablic escolar\"}]},{\"@type\":\"WebSite\",\"@id\":\"https:\\\/\\\/diarieducacio.cat\\\/artseducacio\\\/#website\",\"url\":\"https:\\\/\\\/diarieducacio.cat\\\/artseducacio\\\/\",\"name\":\"Arts & Educaci\u00f3\",\"description\":\"Un blog de El Diari de l&#039;Educaci\u00f3\",\"potentialAction\":[{\"@type\":\"SearchAction\",\"target\":{\"@type\":\"EntryPoint\",\"urlTemplate\":\"https:\\\/\\\/diarieducacio.cat\\\/artseducacio\\\/?s={search_term_string}\"},\"query-input\":{\"@type\":\"PropertyValueSpecification\",\"valueRequired\":true,\"valueName\":\"search_term_string\"}}],\"inLanguage\":\"ca\"},{\"@type\":\"Person\",\"@id\":\"https:\\\/\\\/diarieducacio.cat\\\/artseducacio\\\/#\\\/schema\\\/person\\\/eb83688c9eebc3ca52379b6608685c89\",\"name\":\"Mar Dom\u00e8nech\",\"image\":{\"@type\":\"ImageObject\",\"inLanguage\":\"ca\",\"@id\":\"https:\\\/\\\/diarieducacio.cat\\\/wp-content\\\/uploads\\\/2024\\\/11\\\/mar-domenech_avatar-96x96.jpg\",\"url\":\"https:\\\/\\\/diarieducacio.cat\\\/wp-content\\\/uploads\\\/2024\\\/11\\\/mar-domenech_avatar-96x96.jpg\",\"contentUrl\":\"https:\\\/\\\/diarieducacio.cat\\\/wp-content\\\/uploads\\\/2024\\\/11\\\/mar-domenech_avatar-96x96.jpg\",\"caption\":\"Mar Dom\u00e8nech\"},\"description\":\"Coordinadora del blog Arts i Educaci\u00f3. Periodista infantil i familiar. Especialitzada en temes d'educaci\u00f3, cultura en fam\u00edlia, literatura infantil i disseny per a petits.\",\"url\":\"https:\\\/\\\/diarieducacio.cat\\\/artseducacio\\\/author\\\/mardomenech\\\/\"}]}<\/script>\n<!-- \/ Yoast SEO plugin. -->","yoast_head_json":{"title":"El teatre que ve, 7 espectacles per a p\u00fablic escolar - Arts & Educaci\u00f3","robots":{"index":"index","follow":"follow","max-snippet":"max-snippet:-1","max-image-preview":"max-image-preview:large","max-video-preview":"max-video-preview:-1"},"canonical":"https:\/\/diarieducacio.cat\/artseducacio\/2022\/07\/07\/el-teatre-que-ve-7-espectacles-per-a-public-escolar\/","og_locale":"ca_ES","og_type":"article","og_title":"El teatre que ve, 7 espectacles per a p\u00fablic escolar - Arts & Educaci\u00f3","og_description":"Cada cop hi ha m\u00e9s oferta teatral per als centres educatius, des de ben petits els infants ja poden gaudir de les arts esc\u00e8niques. A la ciutat de Barcelona hi ha teatres amb un llarg recorregut en la programaci\u00f3 per a escoles, d&#8217;altres obren les seves propostes teatrals tamb\u00e9 a joves i a teatres de","og_url":"https:\/\/diarieducacio.cat\/artseducacio\/2022\/07\/07\/el-teatre-que-ve-7-espectacles-per-a-public-escolar\/","og_site_name":"Arts & Educaci\u00f3","article_publisher":"https:\/\/www.facebook.com\/diarieducacio\/","article_published_time":"2022-07-07T02:00:00+00:00","article_modified_time":"2024-08-08T10:03:52+00:00","og_image":[{"width":1000,"height":754,"url":"https:\/\/diarieducacio.cat\/artseducacio\/wp-content\/uploads\/sites\/20\/2022\/07\/Captura-de-pantalla-2022-07-05-a-les-23.38.24.png","type":"image\/png"}],"author":"Mar Dom\u00e8nech","twitter_card":"summary_large_image","twitter_creator":"@DiariEducacio","twitter_site":"@DiariEducacio","twitter_misc":{"Escrit per":"Mar Dom\u00e8nech","Temps estimat de lectura":"11 minuts"},"schema":{"@context":"https:\/\/schema.org","@graph":[{"@type":"Article","@id":"https:\/\/diarieducacio.cat\/artseducacio\/2022\/07\/07\/el-teatre-que-ve-7-espectacles-per-a-public-escolar\/#article","isPartOf":{"@id":"https:\/\/diarieducacio.cat\/artseducacio\/2022\/07\/07\/el-teatre-que-ve-7-espectacles-per-a-public-escolar\/"},"author":{"name":"Mar Dom\u00e8nech","@id":"https:\/\/diarieducacio.cat\/artseducacio\/#\/schema\/person\/eb83688c9eebc3ca52379b6608685c89"},"headline":"El teatre que ve, 7 espectacles per a p\u00fablic escolar","datePublished":"2022-07-07T02:00:00+00:00","dateModified":"2024-08-08T10:03:52+00:00","mainEntityOfPage":{"@id":"https:\/\/diarieducacio.cat\/artseducacio\/2022\/07\/07\/el-teatre-que-ve-7-espectacles-per-a-public-escolar\/"},"wordCount":2196,"commentCount":0,"image":{"@id":"https:\/\/diarieducacio.cat\/artseducacio\/2022\/07\/07\/el-teatre-que-ve-7-espectacles-per-a-public-escolar\/#primaryimage"},"thumbnailUrl":"https:\/\/diarieducacio.cat\/artseducacio\/wp-content\/uploads\/sites\/20\/2022\/07\/Captura-de-pantalla-2022-07-05-a-les-23.38.24.png","keywords":["art i cultura","art i educaci\u00f3","arts esc\u00e8niques","cultura i escola","teatre i escola"],"articleSection":["Materials i recursos","Reportatge"],"inLanguage":"ca","potentialAction":[{"@type":"CommentAction","name":"Comment","target":["https:\/\/diarieducacio.cat\/artseducacio\/2022\/07\/07\/el-teatre-que-ve-7-espectacles-per-a-public-escolar\/#respond"]}]},{"@type":"WebPage","@id":"https:\/\/diarieducacio.cat\/artseducacio\/2022\/07\/07\/el-teatre-que-ve-7-espectacles-per-a-public-escolar\/","url":"https:\/\/diarieducacio.cat\/artseducacio\/2022\/07\/07\/el-teatre-que-ve-7-espectacles-per-a-public-escolar\/","name":"El teatre que ve, 7 espectacles per a p\u00fablic escolar - Arts & Educaci\u00f3","isPartOf":{"@id":"https:\/\/diarieducacio.cat\/artseducacio\/#website"},"primaryImageOfPage":{"@id":"https:\/\/diarieducacio.cat\/artseducacio\/2022\/07\/07\/el-teatre-que-ve-7-espectacles-per-a-public-escolar\/#primaryimage"},"image":{"@id":"https:\/\/diarieducacio.cat\/artseducacio\/2022\/07\/07\/el-teatre-que-ve-7-espectacles-per-a-public-escolar\/#primaryimage"},"thumbnailUrl":"https:\/\/diarieducacio.cat\/artseducacio\/wp-content\/uploads\/sites\/20\/2022\/07\/Captura-de-pantalla-2022-07-05-a-les-23.38.24.png","datePublished":"2022-07-07T02:00:00+00:00","dateModified":"2024-08-08T10:03:52+00:00","author":{"@id":"https:\/\/diarieducacio.cat\/artseducacio\/#\/schema\/person\/eb83688c9eebc3ca52379b6608685c89"},"breadcrumb":{"@id":"https:\/\/diarieducacio.cat\/artseducacio\/2022\/07\/07\/el-teatre-que-ve-7-espectacles-per-a-public-escolar\/#breadcrumb"},"inLanguage":"ca","potentialAction":[{"@type":"ReadAction","target":["https:\/\/diarieducacio.cat\/artseducacio\/2022\/07\/07\/el-teatre-que-ve-7-espectacles-per-a-public-escolar\/"]}]},{"@type":"ImageObject","inLanguage":"ca","@id":"https:\/\/diarieducacio.cat\/artseducacio\/2022\/07\/07\/el-teatre-que-ve-7-espectacles-per-a-public-escolar\/#primaryimage","url":"https:\/\/diarieducacio.cat\/artseducacio\/wp-content\/uploads\/sites\/20\/2022\/07\/Captura-de-pantalla-2022-07-05-a-les-23.38.24.png","contentUrl":"https:\/\/diarieducacio.cat\/artseducacio\/wp-content\/uploads\/sites\/20\/2022\/07\/Captura-de-pantalla-2022-07-05-a-les-23.38.24.png","width":1000,"height":754,"caption":"Funci\u00f3 escolar d'Espectacles amb classe \/ Foto: Top Grup"},{"@type":"BreadcrumbList","@id":"https:\/\/diarieducacio.cat\/artseducacio\/2022\/07\/07\/el-teatre-que-ve-7-espectacles-per-a-public-escolar\/#breadcrumb","itemListElement":[{"@type":"ListItem","position":1,"name":"Inici","item":"https:\/\/diarieducacio.cat\/artseducacio\/"},{"@type":"ListItem","position":2,"name":"El teatre que ve, 7 espectacles per a p\u00fablic escolar"}]},{"@type":"WebSite","@id":"https:\/\/diarieducacio.cat\/artseducacio\/#website","url":"https:\/\/diarieducacio.cat\/artseducacio\/","name":"Arts & Educaci\u00f3","description":"Un blog de El Diari de l&#039;Educaci\u00f3","potentialAction":[{"@type":"SearchAction","target":{"@type":"EntryPoint","urlTemplate":"https:\/\/diarieducacio.cat\/artseducacio\/?s={search_term_string}"},"query-input":{"@type":"PropertyValueSpecification","valueRequired":true,"valueName":"search_term_string"}}],"inLanguage":"ca"},{"@type":"Person","@id":"https:\/\/diarieducacio.cat\/artseducacio\/#\/schema\/person\/eb83688c9eebc3ca52379b6608685c89","name":"Mar Dom\u00e8nech","image":{"@type":"ImageObject","inLanguage":"ca","@id":"https:\/\/diarieducacio.cat\/wp-content\/uploads\/2024\/11\/mar-domenech_avatar-96x96.jpg","url":"https:\/\/diarieducacio.cat\/wp-content\/uploads\/2024\/11\/mar-domenech_avatar-96x96.jpg","contentUrl":"https:\/\/diarieducacio.cat\/wp-content\/uploads\/2024\/11\/mar-domenech_avatar-96x96.jpg","caption":"Mar Dom\u00e8nech"},"description":"Coordinadora del blog Arts i Educaci\u00f3. Periodista infantil i familiar. Especialitzada en temes d'educaci\u00f3, cultura en fam\u00edlia, literatura infantil i disseny per a petits.","url":"https:\/\/diarieducacio.cat\/artseducacio\/author\/mardomenech\/"}]}},"_links":{"self":[{"href":"https:\/\/diarieducacio.cat\/artseducacio\/wp-json\/wp\/v2\/posts\/1139","targetHints":{"allow":["GET"]}}],"collection":[{"href":"https:\/\/diarieducacio.cat\/artseducacio\/wp-json\/wp\/v2\/posts"}],"about":[{"href":"https:\/\/diarieducacio.cat\/artseducacio\/wp-json\/wp\/v2\/types\/post"}],"author":[{"embeddable":true,"href":"https:\/\/diarieducacio.cat\/artseducacio\/wp-json\/wp\/v2\/users\/63"}],"replies":[{"embeddable":true,"href":"https:\/\/diarieducacio.cat\/artseducacio\/wp-json\/wp\/v2\/comments?post=1139"}],"version-history":[{"count":1,"href":"https:\/\/diarieducacio.cat\/artseducacio\/wp-json\/wp\/v2\/posts\/1139\/revisions"}],"predecessor-version":[{"id":2586,"href":"https:\/\/diarieducacio.cat\/artseducacio\/wp-json\/wp\/v2\/posts\/1139\/revisions\/2586"}],"wp:featuredmedia":[{"embeddable":true,"href":"https:\/\/diarieducacio.cat\/artseducacio\/wp-json\/wp\/v2\/media\/1148"}],"wp:attachment":[{"href":"https:\/\/diarieducacio.cat\/artseducacio\/wp-json\/wp\/v2\/media?parent=1139"}],"wp:term":[{"taxonomy":"category","embeddable":true,"href":"https:\/\/diarieducacio.cat\/artseducacio\/wp-json\/wp\/v2\/categories?post=1139"},{"taxonomy":"post_tag","embeddable":true,"href":"https:\/\/diarieducacio.cat\/artseducacio\/wp-json\/wp\/v2\/tags?post=1139"},{"taxonomy":"tipo","embeddable":true,"href":"https:\/\/diarieducacio.cat\/artseducacio\/wp-json\/wp\/v2\/tipo?post=1139"}],"curies":[{"name":"wp","href":"https:\/\/api.w.org\/{rel}","templated":true}]}}