{"id":1516,"date":"2023-03-23T15:50:25","date_gmt":"2023-03-23T14:50:25","guid":{"rendered":"https:\/\/diarieducacio.cat\/ArtsEducacio\/?p=1516"},"modified":"2024-08-08T12:03:54","modified_gmt":"2024-08-08T10:03:54","slug":"conversa-amb-cinc-directores-dequipaments-i-festivals-culturals-darreu-de-catalunya","status":"publish","type":"post","link":"https:\/\/diarieducacio.cat\/artseducacio\/2023\/03\/23\/conversa-amb-cinc-directores-dequipaments-i-festivals-culturals-darreu-de-catalunya\/","title":{"rendered":"Conversa amb cinc directores d&#8217;equipaments i festivals culturals d&#8217;arreu de Catalunya"},"content":{"rendered":"<p>L&#8217;<span class=\"hiddenSpellError\">ICUB<\/span>, l&#8217;Institut de Cultura de Barcelona, ha publicat per quart any consecutiu el recull de dades de g\u00e8nere i cultura i les xifres conclouen que en la majoria d&#8217;\u00e0mbits culturals hi participen majorit\u00e0riament dones. Especialment en els tallers dels centres c\u00edvics a on del total de les inscripcions\u00a0el 2022\u00a0un 82% van ser de dones i un 17% d&#8217;homes. A les biblioteques la pres\u00e8ncia femenina tamb\u00e9 \u00e9s m\u00e9s evident, de\u00a0totes les persones\u00a0que tenen carnet, un 57% s\u00f3n dones i un 43% homes, i als clubs de lectura hi participen un 76% de dones. Als museus, les visitants tamb\u00e9 varen ser m\u00e9s que no pas els homes que hi varen entrar: un 54,6% per un 44,8%.<\/p>\n<p>Per\u00f2 les dones no nom\u00e9s s\u00f3n les m\u00e9s participatives en l&#8217;\u00e0mbit cultural, tamb\u00e9 s\u00f3n les que ocupen m\u00e9s llocs de treball dins d&#8217;aquest sector professional. Per aix\u00f2, no \u00e9s estrany veure com cada cop m\u00e9s dones arriben a llocs de lideratge en equipaments i propostes culturals. Tal com mostra l&#8217;estudi <a href=\"https:\/\/conca.gencat.cat\/ca\/detall\/publicacio\/RC5-La-paritat-en-els-llocs-de-lideratge-de-la-cultura-catalana-00001\" target=\"_blank\" rel=\"noopener\">RC5 La paritat en els llocs de lideratge de la cultura catalana<\/a> publicat pel CoNCA l&#8217;any 2022, &#8220;es pot afirmar que la majoria de les institucions p\u00fabliques culturals de Catalunya compleixen amb la paritat en els \u00f2rgans de govern establerta a la Llei 17\/2015, mentre en el sector privat i l&#8217;associatiu queden molt lluny de disposar d&#8217;una representativitat igualit\u00e0ria de sexes en\u00a0aquest\u00a0repartiment&#8221;.<\/p>\n<p>Per poder analitzar totes aquestes dades, l&#8217;actualitat que vivim i en quin punt ens trobem en la igualtat entre homes i dones en la nostra societat parlem amb cinc dones directores d&#8217;equipaments i propostes culturals de Catalunya. Elles s\u00f3n Marion Betriu, directora del Festival\u00a0<span class=\"hiddenSpellError\">TNT<\/span>\u00a0&#8211; Terrassa Noves Tend\u00e8ncies; M\u00f2nica Borrell, directora del\u00a0<span class=\"hiddenSpellError\">MNAT<\/span>, Museu Nacional Arqueol\u00f2gic de Tarragona; Gl\u00f2ria Granell i Judit Badia, codirectores del Mot, Festival de literatura de Girona i Olot; Joana\u00a0<span class=\"hiddenSpellError\">Hurtado<\/span>, directora de la F\u00e0brica i Centre d&#8217;Art Contemporani de Barcelona Fabra i Coats; i Carme Portaceli, directora art\u00edstica del Teatre Nacional de Catalunya.<\/p>\n<p><strong>Tot i que en el m\u00f3n cultural, com en el de l\u2019educaci\u00f3, hi treballa una gran majoria de dones, sembla que la paritat costa d\u2019arribar en els c\u00e0rrecs m\u00e9s de lideratge o directius. Qu\u00e8 o qui ho impedeix? Per qu\u00e8 passa?<\/strong><\/p>\n<p><strong>Marion Betriu:<\/strong> En primer lloc, cal tenir en compte que el sostre de vidre \u00e9s una realitat. Tot i els canvis que en les \u00faltimes d\u00e8cades s&#8217;han anat produint, la cultura patriarcal\u00a0continua constituint\u00a0un obstacle per a les dones, particularment quan es tracta d&#8217;accedir a llocs de poder. \u00c9s cert que en el m\u00f3n de l&#8217;educaci\u00f3 i la cultura la pres\u00e8ncia de les dones \u00e9s m\u00e9s important, fet que facilita el canvi de mentalitat respecte a l&#8217;ocupaci\u00f3 de llocs directius per part de les dones, per\u00f2 encara seguim, en general, molt dominats per les velles in\u00e8rcies i els estereotips de g\u00e8nere, segons els quals, la capacitat de comandament i de lideratge correspon als homes, mentre que les dones som m\u00e9s avesades a escoltar, a realitzar labors de mediaci\u00f3 o d&#8217;administraci\u00f3 general, \u00e9s a dir, tasques menys estrat\u00e8giques i de presa de decisions.<\/p>\n<p><strong>M\u00f2nica Borrell:<\/strong> Anys enrere era m\u00e9s cr\u00edtica i ara reconec que soc m\u00e9s positiva al respecte, per\u00f2 no podem abaixar la gu\u00e0rdia perqu\u00e8 tots els drets que aconseguim en termes de feminisme sempre s\u00f3n febles, nom\u00e9s cal veure qu\u00e8 passa en altres pa\u00efsos del m\u00f3n. \u00c9s cert que en el m\u00f3n de la cultura i en l&#8217;art cada cop hi ha m\u00e9s dones amb c\u00e0rrecs directius. Penso que aix\u00f2 passa, no perqu\u00e8 hi hagi unes quotes marcades, sin\u00f3 perqu\u00e8 \u00e9s un sector molt feminitzat i amb prou anys de professi\u00f3 i traject\u00f2ria de les candidates que ho fan possible. Per\u00f2 a Catalunya encara veiem grans institucions que els costa arribar a aquest \u00faltim gra\u00f3.<\/p>\n<p><strong>Gl\u00f2ria Granell:<\/strong>\u00a0L&#8217;administraci\u00f3\u00a0p\u00fablica t\u00e9 clar que la cosa ha de ser parit\u00e0ria, i per tant hi ha moltes dones directores de propostes culturals. Per\u00f2 en el sector privat, especialment en teatre o m\u00fasica, no passa tant perqu\u00e8 \u00e9s m\u00e9s agressiu i hi entra un factor m\u00e9s de negoci que s&#8217;associa m\u00e9s al perfil mascul\u00ed.<\/p>\n<p><strong>Judit Badia:<\/strong> En el nostre cas no hem trobat massa retic\u00e8ncies, de fet, la Gl\u00f2ria ja \u00e9s directora de l&#8217;escola d&#8217;humanitats de Girona i jo soc directora de la biblioteca d&#8217;Olot, i quan vam proposar el Festival hi van confiar de seguida. A nosaltres, ens enorgulleix molt poder dir que tot l&#8217;equip del MOT \u00e9s femen\u00ed des dels inicis, el 2014.<\/p>\n<p><strong>Joana\u00a0<span class=\"hiddenSpellError\">Hurtado<\/span>:<\/strong> Jo crec que tot passa pel gran tema del patriarcat. El tenim encara molt inoculat, \u00e9s subtil i inconscient. Encara hi ha aquesta visi\u00f3 que si les dones s\u00f3n mares, no donen tant de si i aix\u00f2 provoca que el lideratge ja vagi condicionat per aquestes mirades. I a la vegada, som les mateixes dones que ens presentem poc perqu\u00e8 pensem que si hi ha qualsevol home, aquest segur que estar\u00e0 per davant i tindr\u00e0 m\u00e9s for\u00e7a. Per\u00f2, m\u00e9s enll\u00e0 de la discriminaci\u00f3 oberta, clara i manifesta que moltes vegades es dona, jo crec que cada vegada m\u00e9s s&#8217;est\u00e0 intentant revertir i fer-ho tot m\u00e9s paritari.<\/p>\n<p><strong>Carme Portaceli: <\/strong>Sempre \u00e9s dif\u00edcil de superar aquest sostre perqu\u00e8 hi ha una din\u00e0mica social que fa que, en general, se&#8217;ns vegi menys a les dones que als homes. En el cas del teatre, per exemple, en l&#8217;\u00e0mbit de\u00a0la cr\u00edtica quan un home dirigeix un espectacle que \u00e9s tot un \u00e8xit es parla molt d&#8217;ell i se l&#8217;alava, en canvi, quan \u00e9s una dona la directora, se li treu protagonisme parlant tamb\u00e9 dels actors, etc.<\/p>\n<p><strong>En els darrers anys les administracions han realitzat diversos estudis per a analitzar la situaci\u00f3. Per\u00f2 s&#8217;estan prenent prou mesures per part de l&#8217;administraci\u00f3? Qu\u00e8 creus que encara no es fa i s&#8217;hauria de fer?<\/strong><\/p>\n<p><strong>Marion Betriu:<\/strong> Es podria dir que des de fa alguns anys -potser uns cinc, des de la gran manifestaci\u00f3 feminista del 2018- es percep certa voluntat pol\u00edtica en promoure les dones en llocs directius. Ara b\u00e9, com \u00e9s evident, els aven\u00e7os continuen sent t\u00edmids i no n&#8217;hi ha prou en posar dones al capdavant d&#8217;institucions i sentir que amb aix\u00f2 estem revertint la situaci\u00f3. El canvi ha d&#8217;anar acompanyat d&#8217;un canvi de mentalitat i potser, tamb\u00e9, i com diu Marina Garc\u00e9s, d&#8217;un canvi\u00a0en relaci\u00f3 amb\u00a0la submissi\u00f3 a la cultura de l&#8217;\u00e8xit i, per tant, un canvi relacionat amb el valor del treball i de l<span class=\"hiddenGrammarError\">&#8216;<\/span>(<span class=\"hiddenGrammarError\">auto)explotaci\u00f3<\/span>. Pel que fa a mesures concretes, penso que s&#8217;haurien de realitzar aven\u00e7os amb pol\u00edtiques de conciliaci\u00f3, invertir en cursos de formaci\u00f3 en pol\u00edtiques d&#8217;igualtat\u00a0tant\u00a0en l&#8217;administraci\u00f3 com en l&#8217;empresa privada\u00a0perqu\u00e8\u00a0hi hagi una major sensibilitzaci\u00f3\u00a0perqu\u00e8\u00a0tothom pugui con\u00e8ixer que \u00e9s el que s&#8217;est\u00e0 fent en mat\u00e8ria d&#8217;igualtat.<\/p>\n<p><strong>M\u00f2nica Borrell:<\/strong> S&#8217;ha d&#8217;actuar m\u00e9s i \u00e9s important que hi hagi un context social que faciliti aquesta igualtat d&#8217;oportunitats, aspiracions o perspectiva professional. Per\u00f2 \u00e9s una cosa que s&#8217;ha de fer d&#8217;una manera m\u00e9s \u00e0mplia i m\u00e9s transversal\u00a0en l&#8217;\u00e0mbit social, tractant temes educatius, de models, de mitjans de comunicaci\u00f3, etc.<\/p>\n<p><strong>Gl\u00f2ria Granell:<\/strong> En el cas de Girona, jo formo part del grup de G\u00e8nere i Cultura i estem treballant molt en aquesta l\u00ednia. S&#8217;est\u00e0 duent a terme una diagnosi per veure com est\u00e0 la ciutat en termes d&#8217;igualtat de g\u00e8nere, i a partir d&#8217;aqu\u00ed es faran propostes d&#8217;actuaci\u00f3. En jornades de formaci\u00f3 veig que ja es treballen eines perqu\u00e8 aix\u00f2 vagi avan\u00e7ant, \u00e9s un cam\u00ed llarg, per\u00f2 s&#8217;est\u00e0 fent de mica en mica i \u00e9s positiu. Estem en el millor moment fins ara, per\u00f2 penso que n&#8217;han de venir de millors.<\/p>\n<p><strong>Joana\u00a0<span class=\"hiddenSpellError\">Hurtado<\/span>:<\/strong> Jo penso que l&#8217;administraci\u00f3 est\u00e0 molt i molt verda, es podria fer tant i no es fa&#8230; Segur que l&#8217;empresa privada encara est\u00e0 pitjor, per\u00f2 tant de bo es fessin m\u00e9s coses i s&#8217;innov\u00e9s m\u00e9s en aquest sentit tant en l&#8217;empresa p\u00fablica com en la privada. Crec que actualment s&#8217;est\u00e0 fent m\u00e9s una neteja de fa\u00e7ana que una implicaci\u00f3 constant i transversal en la realitat di\u00e0ria que encara vivim. Cal m\u00e9s formaci\u00f3 i tamb\u00e9 molta lectura al respecte&#8230; i aix\u00ed canviar la perspectiva de tothom qui treballa en una empresa. El llenguatge inclusiu i paritari \u00e9s fonamental, aquest per mi \u00e9s la punta de l&#8217;iceberg.<\/p>\n<p><strong>Carme Portaceli:<\/strong> Hi ha una discriminaci\u00f3 positiva en molts \u00e0mbits que ens \u00e9s favorable. Per\u00f2 calen m\u00e9s mesures necess\u00e0ries per deixar de fer coses que s&#8217;han fet fins ara. L&#8217;administraci\u00f3 p\u00fablica potser s\u00ed que est\u00e0 prenent mesures amb la llei de paritat, per\u00f2 penso que \u00e9s tant o m\u00e9s important que tamb\u00e9 ho faci l&#8217;empresa privada. Aquestes s\u00f3n les \u00faniques mesures que de moment podem adoptar\u00a0tant s\u00ed com no, per\u00f2 \u00e9s cert que encara es poden fer m\u00e9s coses.<\/p>\n<p><strong>I si ens comparem amb altres pa\u00efsos d\u2019Europa, Estats Units, etc. estem realment a la cua?<\/strong><\/p>\n<p><strong>Marion Betriu:<\/strong> En l&#8217;\u00e0mbit global, en mat\u00e8ria de progr\u00e9s en igualtat de g\u00e8nere, Espanya no es troba a la cua i, incl\u00fas, en algunes dimensions, les dades s\u00f3n molt positives en comparaci\u00f3 a altres pa\u00efsos d&#8217;Europa i de la resta del m\u00f3n. Cal tenir en compte que, si b\u00e9 Espanya va entrar en democr\u00e0cia de forma tardana respecte a la majoria de pa\u00efsos europeus, les pol\u00edtiques en igualtat de g\u00e8nere han estat un dels punts forts en la conformaci\u00f3 de l&#8217;estat del benestar, especialment a partir del segle XXI amb l&#8217;aprovaci\u00f3 de les lleis org\u00e0niques contra la viol\u00e8ncia de g\u00e8nere i la llei per a la promoci\u00f3 de la igualtat efectiva entre homes i dones, aix\u00ed com la creaci\u00f3 d&#8217;un Ministeri d&#8217;Igualtat. Existeix, a m\u00e9s, un teixit d&#8217;associacions i de col\u00b7lectius socials feministes molt important. Respecte al m\u00f3n de la cultura, crec que el principal problema a Espanya t\u00e9 a veure amb la defici\u00e8ncia de la pol\u00edtica cultural. \u00c9s dif\u00edcil realitzar aven\u00e7os en relaci\u00f3 amb el feminisme en el m\u00f3n cultural si ens trobem amb mancances molt rellevants en termes de finan\u00e7ament, de criteri cultural, d&#8217;aposta per fer cr\u00e9ixer el sector cultural i impulsar la seva diversitat i riquesa. En aquest sentit, s\u00f3n envejables les pol\u00edtiques culturals dels pa\u00efsos n\u00f2rdics, de Fran\u00e7a, Alemanya o B\u00e8lgica, on es dediquen pressupostos m\u00e9s rellevants a la cultura, on es protegeixen millor els artistes i la pr\u00e0ctica cultural t\u00e9 un pes social molt m\u00e9s notori. Evidentment, les dones hem d&#8217;estar representades en les institucions i en el sector cultural perqu\u00e8 la nostra veu s&#8217;escolti i duem a terme una transici\u00f3 cap a un model cultural m\u00e9s igualitari, per\u00f2 necessitem que l&#8217;aposta cultural existeixi pr\u00e8viament.<\/p>\n<p><strong>M\u00f2nica Borrell:<\/strong> Et diria que no estem tan malament, per\u00f2\u00a0no tinc dades objectives.\u00a0De totes maneres, no crec pas que estiguem a la cua, en trobades sectorials amb\u00a0altres\u00a0pa\u00efsos penso que no estem tan malament. Estem en un nivell professional que ens podem comparar amb altres pa\u00efsos.<\/p>\n<p><strong>Joana\u00a0<span class=\"hiddenSpellError\">Hurtado<\/span>:<\/strong> S\u00ed que veig que en alguns temes legals, per exemple, no fem ni un pas endavant respecte a altres pa\u00efsos. Penso ara mateix en la Llei d&#8217;igualtat de permisos per a mares i pares monoparentals que just fa dies ha sortit la resoluci\u00f3. El nostre pa\u00eds demostra que en aquest aspecte ja li est\u00e0 b\u00e9 continuar sent patriarcal, en un pa\u00eds n\u00f2rdic aix\u00f2 no passa. All\u00e0 van m\u00e9s avan\u00e7ats i la conciliaci\u00f3 \u00e9s una realitat, els conceptes de lideratge i maternitat els tenen integrats i no estan renyits, \u00e9s un mite que aqu\u00ed encara no hem aconseguit assolir. Hi ha moltes m\u00e9s directores i les taxes de natalitat s\u00f3n elevad\u00edssimes, i per tant s\u00ed que es pot.<\/p>\n<p><strong>Carme Portaceli:<\/strong> Jo volto molt per Europa i tinc relaci\u00f3 amb molts pa\u00efsos i penso que no estem a la cua. Per\u00f2 \u00e9s cert que hem estat molts anys a la cua, per\u00f2 anem millorant. Els Estats Units estan molt pitjor que nosaltres, perqu\u00e8 a m\u00e9s enll\u00e0 confonen les dones amb les minories, les posen al mateix sac. I d&#8217;aix\u00f2 res de res, no som una minoria de cap manera si representem el 50%.<\/p>\n<p><strong>En el vostre dia a dia us trobeu amb obstacles, faltes de consideraci\u00f3, etc. pel fet de ser dones? O al rev\u00e9s. creieu que sou tracta amb m\u00e9s respecte? I com sou vosaltres com a directives, les dones som m\u00e9s emp\u00e0tiques?<\/strong><\/p>\n<p><strong>Marion Betriu:<\/strong> En el m\u00f3n cultural els equips estan molt feminitzats, sobretot en c\u00e0rrecs intermedis, i aix\u00f2 genera sororitat i un canvi en la manera de fer les coses i de pensar els projectes. Jo proposo un lideratge menys vertical, menys autoritari, concebut des de la presa de decisions i la responsabilitat compartida, la confian\u00e7a m\u00fatua. No crec en els lideratges autoritaris ni personalistes, crec en la generositat per damunt de totes les coses.<\/p>\n<p><strong>M\u00f2nica Borrell:<\/strong> Es donen a vegades circumst\u00e0ncies, alguns comentaris, situacions, etc. que penses &#8220;si fos home aix\u00f2 no ho\u00a0<span class=\"hiddenGreenError\" style=\"padding-bottom: 2px;background-image: url('..\/..\/..\/..\/..\/images\/squiggle_green.png');background-position: left bottom;cursor: default;color: #000000;font-family: 'Open Sans', Helvetica, Arial, sans-serif;font-size: 16px;font-style: normal;font-weight: 300;letter-spacing: normal;text-align: start;text-indent: 0px;text-transform: none\">dirien<\/span>&#8220;. Per\u00f2 en realitat no m&#8217;he trobat en massa situacions d&#8217;obstacles o de cr\u00edtica per ser dona. No m&#8217;he trobat amb res denunciable o una discriminaci\u00f3 important. Tamb\u00e9 penso que em trobo en un sector amb un c\u00e0rrec de lideratge que \u00e9s com\u00fa, no de sobte i, per tant, aix\u00f2 ajuda. Se&#8217;t respecta com a directora perqu\u00e8 no se surt de la norma. Per\u00f2 la idea \u00e9s que aix\u00f2 es normalitzi en tots els sectors, s&#8217;ha de continuar guanyant terreny. S\u00ed que penso que \u00e9s cert que les dones dirigim de forma m\u00e9s emp\u00e0tica, per\u00f2 aqu\u00ed s\u00ed que m&#8217;agradaria que alg\u00fa fes un estudi d&#8217;estils directius i de lideratge, perqu\u00e8 potser estem generalitzant.<\/p>\n<p><strong>Gl\u00f2ria Granell:<\/strong> No ens hem trobat mai amb cap\u00a0classe\u00a0de discriminaci\u00f3 per ser dona. Per\u00f2 tamb\u00e9 \u00e9s cert que estem en un sector molt femen\u00ed. \u00c9s cert, que\u00a0el\u00a0lideratge femen\u00ed \u00e9s m\u00e9s emp\u00e0tic i agra\u00eft. Nosaltres som dues directores que passem molts entrebancs i moltes complexitats de\u00a0tota mena\u00a0fins que el projecte arriba a port. Per\u00f2, ens cuidem i ens escoltem molt una altra, mirem molt per la salut emocional del nostre equip. Penso que aquesta cura la portem adherida de forma natural.<\/p>\n<p><strong>Joana\u00a0<span class=\"hiddenSpellError\">Hurtado<\/span>:<\/strong>\u00a0En l&#8217;\u00e0mbit protocol\u00b7lari\u00a0s\u00ed que a vegades m&#8217;he trobat en situacions d&#8217;aquest estil.\u00a0La s\u00edndrome\u00a0de la impostora te&#8217;l fan sentir constantment. Jo he sentit frases com: No vull ser paternalista&#8230; i per mi aix\u00f2, \u00e9s una falta de respecte i de confian\u00e7a. S\u00f3n frases que es diuen i que estan molt integrades, que acaben minant molt a les persones a qui van dirigides. Jo no me&#8217;n refio massa que les dones l\u00edders siguin m\u00e9s emp\u00e0tiques. No \u00e9s ben b\u00e9 aix\u00ed, \u00e9s m\u00e9s un tema generacional. Hi ha dones que no afluixen aquest rol tan masclista. Per\u00f2 s\u00ed que \u00e9s cert que hi ha un lideratge m\u00e9s emp\u00e0tic, de corresponsabilitat, d&#8217;escolta, generositat i de treball en equip. S\u00f3n dones que han ent\u00e8s que liderar no \u00e9s manar.<\/p>\n<p><strong>Carme Portaceli:<\/strong> Actualment, no visc situacions de menyspreu, per\u00f2\u00a0s\u00ed que al llarg de la meva vida professional m&#8217;he trobat en situacions d&#8217;invisibilitat en molts aspectes. I aix\u00f2 passa perqu\u00e8 no ens volen admirar, tot el que fan ells \u00e9s important, el que fem nosaltres sempre ho \u00e9s menys. Aquesta dificultat existeix,\u00a0a poc a poc\u00a0l&#8217;anem\u00a0resolent, per\u00f2\u00a0encara \u00e9s aix\u00ed.\u00a0Quant a\u00a0lideratge \u00e9s cert que les dones som m\u00e9s emp\u00e0tiques i de tracte m\u00e9s amable. Jo parlo en general, nosaltres per una q\u00fcesti\u00f3 d&#8217;educaci\u00f3 no estem acostumades a posar-nos davant de ning\u00fa, nosaltres estem acostumades, per sort i per desgr\u00e0cia, a tenir en consideraci\u00f3 a tots els que tenim al voltant, per aix\u00f2, els cuidem, els observem, etc.<\/p>\n<p><strong>Al llarg de la hist\u00f2ria el paper de la dona en l&#8217;art, teatre, m\u00fasica, literatura, etc. ha anat quedant sempre amagat i aix\u00ed ho demostren les col\u00b7leccions de museus, etc. Cal recuperar el temps perdut i donar prioritat a les dones per fer just\u00edcia, o aix\u00ed acabem causant un greuge comparatiu amb els homes del m\u00f3n cultural. Quina seria la soluci\u00f3 m\u00e9s equilibrada?<\/strong><\/p>\n<p><strong>Marion Betriu:<\/strong> En el m\u00f3n cultural, penso que les mesures de discriminaci\u00f3 positiva s\u00f3n absolutament necess\u00e0ries per continuar avan\u00e7ant en una transici\u00f3 que hem iniciat, per\u00f2 que no hem concl\u00f2s en cap cas. Al mateix temps, els criteris qualitatius no poden deixar d&#8217;existir a l&#8217;hora de valorar la professionalitat de les persones i l&#8217;inter\u00e8s art\u00edstic de les obres que formen part del nostre m\u00f3n cultural. Considero que l&#8217;enderrocament dels prejudicis i dels estereotips de g\u00e8nere s\u00f3n la base perqu\u00e8 trobem solucions equilibrades, tant en el m\u00f3n de la cultura com en altres \u00e0mbits, i per aix\u00f2 hem de continuar treballant per donar visibilitat a dones artistes, adoptar una visi\u00f3 feminista i aplicar-la en la nostra feina, desterrar prejudicis i actituds sexistes a trav\u00e9s de la cultura i contribuir, en definitiva, a projectar la imatge d&#8217;una societat m\u00e9s igualit\u00e0ria perqu\u00e8 creiem que ser\u00e0 una societat millor. D&#8217;altra banda, en el camp de les arts vives i nous formats, que \u00e9s al qual em dedico jo, s\u00ed que trobo una forta pres\u00e8ncia de dones creadores, superior en la majoria de programacions a la dels homes. S\u00f3n elles les que estan proposant mirades m\u00e9s noves, refrescants, originals i reflexions m\u00e9s profundes i pertinents.<\/p>\n<p><strong>M\u00f2nica Borrell:<\/strong> No arribarem mai a atacar o a menystenir els homes com s&#8217;ha fet amb les dones fins ara, aix\u00f2 no passar\u00e0. Cal fer una lectura antropol\u00f2gica, hist\u00f2rica i de la societat diferent, perqu\u00e8 vivim en uns altres temps. Simplement, cal reivindicar figures femenines que fins ara estaven invisibilitzades, per\u00f2 s\u00ed que existien. Hi ha museus que, a poc a poc, han anat rescatant figures femenines. Per\u00f2 tamb\u00e9 cal explicar en quin context vivien i com era viure en aquella \u00e8poca. No podem reivindicar nom\u00e9s el 8 de mar\u00e7, cal fer coses pol\u00edtiques m\u00e9s transversals, etc. I sobretot, escoltar la gent de les noves generacions per tenir nous models comunicatius i actualitzats.<\/p>\n<p><strong>Judit Badia:<\/strong> Penso que dep\u00e8n molt dels mons laborals en els quals ens movem. No s&#8217;ha de perdre la qualificaci\u00f3 professional, el g\u00e8nere hauria d&#8217;anar en segon terme perqu\u00e8 fos equitatiu i equilibrat. No per ser dones se&#8217;ns han de facilitar les coses. Potser s\u00ed que hi ha algunes professions que s\u00ed que s&#8217;hauria d&#8217;incentivar per tal que siguin m\u00e9s igualit\u00e0ries i tenir referents de tota mena. En algun moment s&#8217;ha d&#8217;anar revertint. Fins ara ha passat una mica amb els homes i aqu\u00ed estem, i no hem de caure en aquest error. El dia que no passi doncs ja no n&#8217;haurem de parlar, i penso que aix\u00f2 ser\u00e0 igual.<\/p>\n<p><strong>Joana\u00a0<span class=\"hiddenSpellError\">Hurtado<\/span>:<\/strong> Mira doncs si passa quina pena&#8230;, per\u00f2 crec que no ser\u00e0 aix\u00ed. A poc a poc ens anem posant les ulleres de filtre, per exemple en jurats de premis a on he participat s\u00ed que si estan sortint massa homes, fas una segona mirada per intentar ser m\u00e9s igualit\u00e0ria. Jo crec que en aquest sentit estem comen\u00e7ant i no crec que els homes hi surtin perdent o quedin amagats, el contrari per fi comen\u00e7arem a ser igualitaris.<\/p>\n<p><strong>Carme Portaceli:<\/strong> S\u00ed que pot ser que passi! Tota la vida han estat a on estaven perqu\u00e8 eren homes, tampoc passar\u00e0 res que ara nosaltres podem intentar estar a on ens toca per ser dones. En molts pa\u00efsos ser dona continua sent sin\u00f2nim de casar-se per tenir fills, i res m\u00e9s. Per aix\u00f2 serveix la discriminaci\u00f3 positiva, per trencar una din\u00e0mica que encara est\u00e0 per tot arreu. I cal fer canvis a tot arreu. A la premsa, en especial a la del m\u00f3n dels esports, hi ha titulars que s\u00f3n insultants per les dones. Com si no f\u00f3ssim capaces d&#8217;arribar a les mateixes metes que els homes. \u00c9s per tot aix\u00f2 que cal que ens tinguin en compte expressament perqu\u00e8 si no, no ho fan. Cal continuar lluitant, perqu\u00e8 penso que ara \u00e9s un moment dif\u00edcil. S&#8217;estan barrejant moltes coses i no estan ajudant gens a la igualtat i al moment reivindicatiu. Ens volen dividir, i no estem dividides, estem totes juntes en aix\u00f2.<\/p>\n","protected":false},"excerpt":{"rendered":"<p>L&#8217;ICUB, l&#8217;Institut de Cultura de Barcelona, ha publicat per quart any consecutiu el recull de dades de g\u00e8nere i cultura i les xifres conclouen que en la majoria d&#8217;\u00e0mbits culturals hi participen majorit\u00e0riament dones. Especialment en els tallers dels centres c\u00edvics a on del total de les inscripcions\u00a0el 2022\u00a0un 82% van ser de dones i<\/p>\n","protected":false},"author":63,"featured_media":1523,"comment_status":"open","ping_status":"open","sticky":false,"template":"","format":"standard","meta":{"footnotes":""},"categories":[296,102],"tags":[203,182,96,97,117,284],"tipo":[222],"class_list":{"0":"post-1516","1":"post","2":"type-post","3":"status-publish","4":"format-standard","5":"has-post-thumbnail","7":"category-actualitat","8":"category-parlem-amb","9":"tag-art-i-cultura","10":"tag-art-i-educacio","11":"tag-cultura-bcn","12":"tag-cultura-escola","13":"tag-educacio-artistica-i-cultural","14":"tag-equipaments-culturals","15":"tipo-actualitat"},"yoast_head":"<!-- This site is optimized with the Yoast SEO plugin v27.5 - https:\/\/yoast.com\/product\/yoast-seo-wordpress\/ -->\n<title>Conversa amb cinc directores d&#039;equipaments i festivals culturals d&#039;arreu de Catalunya - Arts &amp; Educaci\u00f3<\/title>\n<meta name=\"robots\" content=\"index, follow, max-snippet:-1, max-image-preview:large, max-video-preview:-1\" \/>\n<link rel=\"canonical\" href=\"https:\/\/diarieducacio.cat\/artseducacio\/2023\/03\/23\/conversa-amb-cinc-directores-dequipaments-i-festivals-culturals-darreu-de-catalunya\/\" \/>\n<meta property=\"og:locale\" content=\"ca_ES\" \/>\n<meta property=\"og:type\" content=\"article\" \/>\n<meta property=\"og:title\" content=\"Conversa amb cinc directores d&#039;equipaments i festivals culturals d&#039;arreu de Catalunya - Arts &amp; Educaci\u00f3\" \/>\n<meta property=\"og:description\" content=\"L&#8217;ICUB, l&#8217;Institut de Cultura de Barcelona, ha publicat per quart any consecutiu el recull de dades de g\u00e8nere i cultura i les xifres conclouen que en la majoria d&#8217;\u00e0mbits culturals hi participen majorit\u00e0riament dones. Especialment en els tallers dels centres c\u00edvics a on del total de les inscripcions\u00a0el 2022\u00a0un 82% van ser de dones i\" \/>\n<meta property=\"og:url\" content=\"https:\/\/diarieducacio.cat\/artseducacio\/2023\/03\/23\/conversa-amb-cinc-directores-dequipaments-i-festivals-culturals-darreu-de-catalunya\/\" \/>\n<meta property=\"og:site_name\" content=\"Arts &amp; Educaci\u00f3\" \/>\n<meta property=\"article:publisher\" content=\"https:\/\/www.facebook.com\/diarieducacio\/\" \/>\n<meta property=\"article:published_time\" content=\"2023-03-23T14:50:25+00:00\" \/>\n<meta property=\"article:modified_time\" content=\"2024-08-08T10:03:54+00:00\" \/>\n<meta property=\"og:image\" content=\"https:\/\/diarieducacio.cat\/artseducacio\/wp-content\/uploads\/sites\/20\/2023\/03\/Entrevista-6.jpg\" \/>\n\t<meta property=\"og:image:width\" content=\"1220\" \/>\n\t<meta property=\"og:image:height\" content=\"709\" \/>\n\t<meta property=\"og:image:type\" content=\"image\/jpeg\" \/>\n<meta name=\"author\" content=\"Mar Dom\u00e8nech\" \/>\n<meta name=\"twitter:card\" content=\"summary_large_image\" \/>\n<meta name=\"twitter:creator\" content=\"@DiariEducacio\" \/>\n<meta name=\"twitter:site\" content=\"@DiariEducacio\" \/>\n<meta name=\"twitter:label1\" content=\"Escrit per\" \/>\n\t<meta name=\"twitter:data1\" content=\"Mar Dom\u00e8nech\" \/>\n\t<meta name=\"twitter:label2\" content=\"Temps estimat de lectura\" \/>\n\t<meta name=\"twitter:data2\" content=\"18 minuts\" \/>\n<script type=\"application\/ld+json\" class=\"yoast-schema-graph\">{\"@context\":\"https:\\\/\\\/schema.org\",\"@graph\":[{\"@type\":\"Article\",\"@id\":\"https:\\\/\\\/diarieducacio.cat\\\/artseducacio\\\/2023\\\/03\\\/23\\\/conversa-amb-cinc-directores-dequipaments-i-festivals-culturals-darreu-de-catalunya\\\/#article\",\"isPartOf\":{\"@id\":\"https:\\\/\\\/diarieducacio.cat\\\/artseducacio\\\/2023\\\/03\\\/23\\\/conversa-amb-cinc-directores-dequipaments-i-festivals-culturals-darreu-de-catalunya\\\/\"},\"author\":{\"name\":\"Mar Dom\u00e8nech\",\"@id\":\"https:\\\/\\\/diarieducacio.cat\\\/artseducacio\\\/#\\\/schema\\\/person\\\/eb83688c9eebc3ca52379b6608685c89\"},\"headline\":\"Conversa amb cinc directores d&#8217;equipaments i festivals culturals d&#8217;arreu de Catalunya\",\"datePublished\":\"2023-03-23T14:50:25+00:00\",\"dateModified\":\"2024-08-08T10:03:54+00:00\",\"mainEntityOfPage\":{\"@id\":\"https:\\\/\\\/diarieducacio.cat\\\/artseducacio\\\/2023\\\/03\\\/23\\\/conversa-amb-cinc-directores-dequipaments-i-festivals-culturals-darreu-de-catalunya\\\/\"},\"wordCount\":3646,\"commentCount\":0,\"image\":{\"@id\":\"https:\\\/\\\/diarieducacio.cat\\\/artseducacio\\\/2023\\\/03\\\/23\\\/conversa-amb-cinc-directores-dequipaments-i-festivals-culturals-darreu-de-catalunya\\\/#primaryimage\"},\"thumbnailUrl\":\"https:\\\/\\\/diarieducacio.cat\\\/artseducacio\\\/wp-content\\\/uploads\\\/sites\\\/20\\\/2023\\\/03\\\/Entrevista-6.jpg\",\"keywords\":[\"art i cultura\",\"art i educaci\u00f3\",\"CULTURA BCN\",\"CULTURA ESCOLA\",\"educaci\u00f3 art\u00edstica i cultural\",\"equipaments culturals\"],\"articleSection\":[\"Actualitat\",\"Parlem amb\"],\"inLanguage\":\"ca\",\"potentialAction\":[{\"@type\":\"CommentAction\",\"name\":\"Comment\",\"target\":[\"https:\\\/\\\/diarieducacio.cat\\\/artseducacio\\\/2023\\\/03\\\/23\\\/conversa-amb-cinc-directores-dequipaments-i-festivals-culturals-darreu-de-catalunya\\\/#respond\"]}]},{\"@type\":\"WebPage\",\"@id\":\"https:\\\/\\\/diarieducacio.cat\\\/artseducacio\\\/2023\\\/03\\\/23\\\/conversa-amb-cinc-directores-dequipaments-i-festivals-culturals-darreu-de-catalunya\\\/\",\"url\":\"https:\\\/\\\/diarieducacio.cat\\\/artseducacio\\\/2023\\\/03\\\/23\\\/conversa-amb-cinc-directores-dequipaments-i-festivals-culturals-darreu-de-catalunya\\\/\",\"name\":\"Conversa amb cinc directores d'equipaments i festivals culturals d'arreu de Catalunya - Arts & Educaci\u00f3\",\"isPartOf\":{\"@id\":\"https:\\\/\\\/diarieducacio.cat\\\/artseducacio\\\/#website\"},\"primaryImageOfPage\":{\"@id\":\"https:\\\/\\\/diarieducacio.cat\\\/artseducacio\\\/2023\\\/03\\\/23\\\/conversa-amb-cinc-directores-dequipaments-i-festivals-culturals-darreu-de-catalunya\\\/#primaryimage\"},\"image\":{\"@id\":\"https:\\\/\\\/diarieducacio.cat\\\/artseducacio\\\/2023\\\/03\\\/23\\\/conversa-amb-cinc-directores-dequipaments-i-festivals-culturals-darreu-de-catalunya\\\/#primaryimage\"},\"thumbnailUrl\":\"https:\\\/\\\/diarieducacio.cat\\\/artseducacio\\\/wp-content\\\/uploads\\\/sites\\\/20\\\/2023\\\/03\\\/Entrevista-6.jpg\",\"datePublished\":\"2023-03-23T14:50:25+00:00\",\"dateModified\":\"2024-08-08T10:03:54+00:00\",\"author\":{\"@id\":\"https:\\\/\\\/diarieducacio.cat\\\/artseducacio\\\/#\\\/schema\\\/person\\\/eb83688c9eebc3ca52379b6608685c89\"},\"breadcrumb\":{\"@id\":\"https:\\\/\\\/diarieducacio.cat\\\/artseducacio\\\/2023\\\/03\\\/23\\\/conversa-amb-cinc-directores-dequipaments-i-festivals-culturals-darreu-de-catalunya\\\/#breadcrumb\"},\"inLanguage\":\"ca\",\"potentialAction\":[{\"@type\":\"ReadAction\",\"target\":[\"https:\\\/\\\/diarieducacio.cat\\\/artseducacio\\\/2023\\\/03\\\/23\\\/conversa-amb-cinc-directores-dequipaments-i-festivals-culturals-darreu-de-catalunya\\\/\"]}]},{\"@type\":\"ImageObject\",\"inLanguage\":\"ca\",\"@id\":\"https:\\\/\\\/diarieducacio.cat\\\/artseducacio\\\/2023\\\/03\\\/23\\\/conversa-amb-cinc-directores-dequipaments-i-festivals-culturals-darreu-de-catalunya\\\/#primaryimage\",\"url\":\"https:\\\/\\\/diarieducacio.cat\\\/artseducacio\\\/wp-content\\\/uploads\\\/sites\\\/20\\\/2023\\\/03\\\/Entrevista-6.jpg\",\"contentUrl\":\"https:\\\/\\\/diarieducacio.cat\\\/artseducacio\\\/wp-content\\\/uploads\\\/sites\\\/20\\\/2023\\\/03\\\/Entrevista-6.jpg\",\"width\":1220,\"height\":709,\"caption\":\"D'esquerra a dreta: Marion Betriu, directora del Festival TNT - Terrassa Noves Tend\u00e8ncies; M\u00f2nica Borrell, directora del MNAT, Museu Nacional Arqueol\u00f2gic de Tarragona; Carme Portaceli, directora art\u00edstica del Teatre Nacional de Catalunya; Joana Hurtado, directora de la F\u00e0brica i Centre d'Art Contemporani de Barcelona Fabra i Coats; i Gl\u00f2ria Granell i Judit Badia, codirectores del Mot, Festival de literatura de Girona i Olot \\\/ Imatges cedides\"},{\"@type\":\"BreadcrumbList\",\"@id\":\"https:\\\/\\\/diarieducacio.cat\\\/artseducacio\\\/2023\\\/03\\\/23\\\/conversa-amb-cinc-directores-dequipaments-i-festivals-culturals-darreu-de-catalunya\\\/#breadcrumb\",\"itemListElement\":[{\"@type\":\"ListItem\",\"position\":1,\"name\":\"Inici\",\"item\":\"https:\\\/\\\/diarieducacio.cat\\\/artseducacio\\\/\"},{\"@type\":\"ListItem\",\"position\":2,\"name\":\"Conversa amb cinc directores d&#8217;equipaments i festivals culturals d&#8217;arreu de Catalunya\"}]},{\"@type\":\"WebSite\",\"@id\":\"https:\\\/\\\/diarieducacio.cat\\\/artseducacio\\\/#website\",\"url\":\"https:\\\/\\\/diarieducacio.cat\\\/artseducacio\\\/\",\"name\":\"Arts & Educaci\u00f3\",\"description\":\"Un blog de El Diari de l&#039;Educaci\u00f3\",\"potentialAction\":[{\"@type\":\"SearchAction\",\"target\":{\"@type\":\"EntryPoint\",\"urlTemplate\":\"https:\\\/\\\/diarieducacio.cat\\\/artseducacio\\\/?s={search_term_string}\"},\"query-input\":{\"@type\":\"PropertyValueSpecification\",\"valueRequired\":true,\"valueName\":\"search_term_string\"}}],\"inLanguage\":\"ca\"},{\"@type\":\"Person\",\"@id\":\"https:\\\/\\\/diarieducacio.cat\\\/artseducacio\\\/#\\\/schema\\\/person\\\/eb83688c9eebc3ca52379b6608685c89\",\"name\":\"Mar Dom\u00e8nech\",\"image\":{\"@type\":\"ImageObject\",\"inLanguage\":\"ca\",\"@id\":\"https:\\\/\\\/diarieducacio.cat\\\/wp-content\\\/uploads\\\/2024\\\/11\\\/mar-domenech_avatar-96x96.jpg\",\"url\":\"https:\\\/\\\/diarieducacio.cat\\\/wp-content\\\/uploads\\\/2024\\\/11\\\/mar-domenech_avatar-96x96.jpg\",\"contentUrl\":\"https:\\\/\\\/diarieducacio.cat\\\/wp-content\\\/uploads\\\/2024\\\/11\\\/mar-domenech_avatar-96x96.jpg\",\"caption\":\"Mar Dom\u00e8nech\"},\"description\":\"Coordinadora del blog Arts i Educaci\u00f3. Periodista infantil i familiar. Especialitzada en temes d'educaci\u00f3, cultura en fam\u00edlia, literatura infantil i disseny per a petits.\",\"url\":\"https:\\\/\\\/diarieducacio.cat\\\/artseducacio\\\/author\\\/mardomenech\\\/\"}]}<\/script>\n<!-- \/ Yoast SEO plugin. -->","yoast_head_json":{"title":"Conversa amb cinc directores d'equipaments i festivals culturals d'arreu de Catalunya - Arts & Educaci\u00f3","robots":{"index":"index","follow":"follow","max-snippet":"max-snippet:-1","max-image-preview":"max-image-preview:large","max-video-preview":"max-video-preview:-1"},"canonical":"https:\/\/diarieducacio.cat\/artseducacio\/2023\/03\/23\/conversa-amb-cinc-directores-dequipaments-i-festivals-culturals-darreu-de-catalunya\/","og_locale":"ca_ES","og_type":"article","og_title":"Conversa amb cinc directores d'equipaments i festivals culturals d'arreu de Catalunya - Arts & Educaci\u00f3","og_description":"L&#8217;ICUB, l&#8217;Institut de Cultura de Barcelona, ha publicat per quart any consecutiu el recull de dades de g\u00e8nere i cultura i les xifres conclouen que en la majoria d&#8217;\u00e0mbits culturals hi participen majorit\u00e0riament dones. Especialment en els tallers dels centres c\u00edvics a on del total de les inscripcions\u00a0el 2022\u00a0un 82% van ser de dones i","og_url":"https:\/\/diarieducacio.cat\/artseducacio\/2023\/03\/23\/conversa-amb-cinc-directores-dequipaments-i-festivals-culturals-darreu-de-catalunya\/","og_site_name":"Arts & Educaci\u00f3","article_publisher":"https:\/\/www.facebook.com\/diarieducacio\/","article_published_time":"2023-03-23T14:50:25+00:00","article_modified_time":"2024-08-08T10:03:54+00:00","og_image":[{"width":1220,"height":709,"url":"https:\/\/diarieducacio.cat\/artseducacio\/wp-content\/uploads\/sites\/20\/2023\/03\/Entrevista-6.jpg","type":"image\/jpeg"}],"author":"Mar Dom\u00e8nech","twitter_card":"summary_large_image","twitter_creator":"@DiariEducacio","twitter_site":"@DiariEducacio","twitter_misc":{"Escrit per":"Mar Dom\u00e8nech","Temps estimat de lectura":"18 minuts"},"schema":{"@context":"https:\/\/schema.org","@graph":[{"@type":"Article","@id":"https:\/\/diarieducacio.cat\/artseducacio\/2023\/03\/23\/conversa-amb-cinc-directores-dequipaments-i-festivals-culturals-darreu-de-catalunya\/#article","isPartOf":{"@id":"https:\/\/diarieducacio.cat\/artseducacio\/2023\/03\/23\/conversa-amb-cinc-directores-dequipaments-i-festivals-culturals-darreu-de-catalunya\/"},"author":{"name":"Mar Dom\u00e8nech","@id":"https:\/\/diarieducacio.cat\/artseducacio\/#\/schema\/person\/eb83688c9eebc3ca52379b6608685c89"},"headline":"Conversa amb cinc directores d&#8217;equipaments i festivals culturals d&#8217;arreu de Catalunya","datePublished":"2023-03-23T14:50:25+00:00","dateModified":"2024-08-08T10:03:54+00:00","mainEntityOfPage":{"@id":"https:\/\/diarieducacio.cat\/artseducacio\/2023\/03\/23\/conversa-amb-cinc-directores-dequipaments-i-festivals-culturals-darreu-de-catalunya\/"},"wordCount":3646,"commentCount":0,"image":{"@id":"https:\/\/diarieducacio.cat\/artseducacio\/2023\/03\/23\/conversa-amb-cinc-directores-dequipaments-i-festivals-culturals-darreu-de-catalunya\/#primaryimage"},"thumbnailUrl":"https:\/\/diarieducacio.cat\/artseducacio\/wp-content\/uploads\/sites\/20\/2023\/03\/Entrevista-6.jpg","keywords":["art i cultura","art i educaci\u00f3","CULTURA BCN","CULTURA ESCOLA","educaci\u00f3 art\u00edstica i cultural","equipaments culturals"],"articleSection":["Actualitat","Parlem amb"],"inLanguage":"ca","potentialAction":[{"@type":"CommentAction","name":"Comment","target":["https:\/\/diarieducacio.cat\/artseducacio\/2023\/03\/23\/conversa-amb-cinc-directores-dequipaments-i-festivals-culturals-darreu-de-catalunya\/#respond"]}]},{"@type":"WebPage","@id":"https:\/\/diarieducacio.cat\/artseducacio\/2023\/03\/23\/conversa-amb-cinc-directores-dequipaments-i-festivals-culturals-darreu-de-catalunya\/","url":"https:\/\/diarieducacio.cat\/artseducacio\/2023\/03\/23\/conversa-amb-cinc-directores-dequipaments-i-festivals-culturals-darreu-de-catalunya\/","name":"Conversa amb cinc directores d'equipaments i festivals culturals d'arreu de Catalunya - Arts & Educaci\u00f3","isPartOf":{"@id":"https:\/\/diarieducacio.cat\/artseducacio\/#website"},"primaryImageOfPage":{"@id":"https:\/\/diarieducacio.cat\/artseducacio\/2023\/03\/23\/conversa-amb-cinc-directores-dequipaments-i-festivals-culturals-darreu-de-catalunya\/#primaryimage"},"image":{"@id":"https:\/\/diarieducacio.cat\/artseducacio\/2023\/03\/23\/conversa-amb-cinc-directores-dequipaments-i-festivals-culturals-darreu-de-catalunya\/#primaryimage"},"thumbnailUrl":"https:\/\/diarieducacio.cat\/artseducacio\/wp-content\/uploads\/sites\/20\/2023\/03\/Entrevista-6.jpg","datePublished":"2023-03-23T14:50:25+00:00","dateModified":"2024-08-08T10:03:54+00:00","author":{"@id":"https:\/\/diarieducacio.cat\/artseducacio\/#\/schema\/person\/eb83688c9eebc3ca52379b6608685c89"},"breadcrumb":{"@id":"https:\/\/diarieducacio.cat\/artseducacio\/2023\/03\/23\/conversa-amb-cinc-directores-dequipaments-i-festivals-culturals-darreu-de-catalunya\/#breadcrumb"},"inLanguage":"ca","potentialAction":[{"@type":"ReadAction","target":["https:\/\/diarieducacio.cat\/artseducacio\/2023\/03\/23\/conversa-amb-cinc-directores-dequipaments-i-festivals-culturals-darreu-de-catalunya\/"]}]},{"@type":"ImageObject","inLanguage":"ca","@id":"https:\/\/diarieducacio.cat\/artseducacio\/2023\/03\/23\/conversa-amb-cinc-directores-dequipaments-i-festivals-culturals-darreu-de-catalunya\/#primaryimage","url":"https:\/\/diarieducacio.cat\/artseducacio\/wp-content\/uploads\/sites\/20\/2023\/03\/Entrevista-6.jpg","contentUrl":"https:\/\/diarieducacio.cat\/artseducacio\/wp-content\/uploads\/sites\/20\/2023\/03\/Entrevista-6.jpg","width":1220,"height":709,"caption":"D'esquerra a dreta: Marion Betriu, directora del Festival TNT - Terrassa Noves Tend\u00e8ncies; M\u00f2nica Borrell, directora del MNAT, Museu Nacional Arqueol\u00f2gic de Tarragona; Carme Portaceli, directora art\u00edstica del Teatre Nacional de Catalunya; Joana Hurtado, directora de la F\u00e0brica i Centre d'Art Contemporani de Barcelona Fabra i Coats; i Gl\u00f2ria Granell i Judit Badia, codirectores del Mot, Festival de literatura de Girona i Olot \/ Imatges cedides"},{"@type":"BreadcrumbList","@id":"https:\/\/diarieducacio.cat\/artseducacio\/2023\/03\/23\/conversa-amb-cinc-directores-dequipaments-i-festivals-culturals-darreu-de-catalunya\/#breadcrumb","itemListElement":[{"@type":"ListItem","position":1,"name":"Inici","item":"https:\/\/diarieducacio.cat\/artseducacio\/"},{"@type":"ListItem","position":2,"name":"Conversa amb cinc directores d&#8217;equipaments i festivals culturals d&#8217;arreu de Catalunya"}]},{"@type":"WebSite","@id":"https:\/\/diarieducacio.cat\/artseducacio\/#website","url":"https:\/\/diarieducacio.cat\/artseducacio\/","name":"Arts & Educaci\u00f3","description":"Un blog de El Diari de l&#039;Educaci\u00f3","potentialAction":[{"@type":"SearchAction","target":{"@type":"EntryPoint","urlTemplate":"https:\/\/diarieducacio.cat\/artseducacio\/?s={search_term_string}"},"query-input":{"@type":"PropertyValueSpecification","valueRequired":true,"valueName":"search_term_string"}}],"inLanguage":"ca"},{"@type":"Person","@id":"https:\/\/diarieducacio.cat\/artseducacio\/#\/schema\/person\/eb83688c9eebc3ca52379b6608685c89","name":"Mar Dom\u00e8nech","image":{"@type":"ImageObject","inLanguage":"ca","@id":"https:\/\/diarieducacio.cat\/wp-content\/uploads\/2024\/11\/mar-domenech_avatar-96x96.jpg","url":"https:\/\/diarieducacio.cat\/wp-content\/uploads\/2024\/11\/mar-domenech_avatar-96x96.jpg","contentUrl":"https:\/\/diarieducacio.cat\/wp-content\/uploads\/2024\/11\/mar-domenech_avatar-96x96.jpg","caption":"Mar Dom\u00e8nech"},"description":"Coordinadora del blog Arts i Educaci\u00f3. Periodista infantil i familiar. Especialitzada en temes d'educaci\u00f3, cultura en fam\u00edlia, literatura infantil i disseny per a petits.","url":"https:\/\/diarieducacio.cat\/artseducacio\/author\/mardomenech\/"}]}},"_links":{"self":[{"href":"https:\/\/diarieducacio.cat\/artseducacio\/wp-json\/wp\/v2\/posts\/1516","targetHints":{"allow":["GET"]}}],"collection":[{"href":"https:\/\/diarieducacio.cat\/artseducacio\/wp-json\/wp\/v2\/posts"}],"about":[{"href":"https:\/\/diarieducacio.cat\/artseducacio\/wp-json\/wp\/v2\/types\/post"}],"author":[{"embeddable":true,"href":"https:\/\/diarieducacio.cat\/artseducacio\/wp-json\/wp\/v2\/users\/63"}],"replies":[{"embeddable":true,"href":"https:\/\/diarieducacio.cat\/artseducacio\/wp-json\/wp\/v2\/comments?post=1516"}],"version-history":[{"count":1,"href":"https:\/\/diarieducacio.cat\/artseducacio\/wp-json\/wp\/v2\/posts\/1516\/revisions"}],"predecessor-version":[{"id":2608,"href":"https:\/\/diarieducacio.cat\/artseducacio\/wp-json\/wp\/v2\/posts\/1516\/revisions\/2608"}],"wp:featuredmedia":[{"embeddable":true,"href":"https:\/\/diarieducacio.cat\/artseducacio\/wp-json\/wp\/v2\/media\/1523"}],"wp:attachment":[{"href":"https:\/\/diarieducacio.cat\/artseducacio\/wp-json\/wp\/v2\/media?parent=1516"}],"wp:term":[{"taxonomy":"category","embeddable":true,"href":"https:\/\/diarieducacio.cat\/artseducacio\/wp-json\/wp\/v2\/categories?post=1516"},{"taxonomy":"post_tag","embeddable":true,"href":"https:\/\/diarieducacio.cat\/artseducacio\/wp-json\/wp\/v2\/tags?post=1516"},{"taxonomy":"tipo","embeddable":true,"href":"https:\/\/diarieducacio.cat\/artseducacio\/wp-json\/wp\/v2\/tipo?post=1516"}],"curies":[{"name":"wp","href":"https:\/\/api.w.org\/{rel}","templated":true}]}}