{"id":2701,"date":"2024-04-23T16:47:02","date_gmt":"2024-04-23T14:47:02","guid":{"rendered":"https:\/\/diarieducacio.cat\/ArtsEducacio\/?p=1933"},"modified":"2024-08-08T12:03:57","modified_gmt":"2024-08-08T10:03:57","slug":"nuria-obiols-abans-dopinar-i-cancel%c2%b7lar-cal-llegir-molt","status":"publish","type":"post","link":"https:\/\/diarieducacio.cat\/artseducacio\/2024\/04\/23\/nuria-obiols-abans-dopinar-i-cancel%c2%b7lar-cal-llegir-molt\/","title":{"rendered":"N\u00faria Obiols : \u00abAbans d\u2019opinar i cancel\u00b7lar, cal llegir molt!\u00bb"},"content":{"rendered":"<p>Abans de decidir si cancel\u00b7lar un conte o no cal haver llegit molt, aquesta \u00e9s una de les conclusions que arriba N\u00faria Obiols amb el llibre <em>Contes i cancel\u00b7laci\u00f3 cultural. Controv\u00e8rsies i perspectives sobre els continguts dels contes. <\/em>Aquest ofereix una mirada poli\u00e8drica de diferents autors i professionals vinculats a la literatura infantil i juvenil des de la creaci\u00f3, per\u00f2 tamb\u00e9 l\u2019escola i la biblioteca escolar. \u00c9s un cant coral i un recull de perspectives molt diferents entre si. Una an\u00e0lisi molt necess\u00e0ria perqu\u00e8 la cancel\u00b7laci\u00f3 cultural dels contes continua sent una q\u00fcesti\u00f3 no resolta que cal seguir debatent. Per aix\u00f2, al blog d&#8217;Arts&amp;Educaci\u00f3 hem volgut entrevistar N\u00faria Obiols i recollir el seu punt de vista sobre aquesta q\u00fcesti\u00f3.<\/p>\n<p><strong>Per qu\u00e8 actualment l'&#8221;adequaci\u00f3&#8221; de la literatura infantil i juvenil est\u00e0 en boca de tothom?<\/strong><\/p>\n<p>Ara com ara, no \u00e9s nom\u00e9s l&#8217;adequaci\u00f3 de la literatura infantil i juvenil que est\u00e0 en boca de tothom, tamb\u00e9 ho est\u00e0 l&#8217;adequaci\u00f3 de la cultura. \u00c9s un tema constant, la censura i la cancel\u00b7laci\u00f3 est\u00e0 a tot arreu quan no \u00e9s All\u00f2 que el vent s&#8217;endugu\u00e9, \u00e9s Com matar a un rossinyol o fins i tot una can\u00e7\u00f3 dels Rolling Stones. Afecta\u00a0una enorme quantitat de fets i creacions culturals. El que canvia s\u00f3n nom\u00e9s els arguments.<\/p>\n<p><strong>Quan un conte \u00e9s adequat o no? Qui ho pot decidir?<\/strong><\/p>\n<p>Hi ha molts experts en literatura infantil i juvenil que parlen d&#8217;aquest tema, per\u00f2 a mi m&#8217;agrada especialment la veu de\u00a0<span class=\"hiddenSpellError\">Perry<\/span>\u00a0<span class=\"hiddenSpellError\">Nodelman<\/span> que ho fa des de la met\u00e0fora de l&#8217;adult amagat. Com molt b\u00e9 diu ell, la literatura infantil i juvenil \u00e9s un reflex de l&#8217;adult amagat. L&#8217;adult que crea el conte ho fa pressuposant l&#8217;infant que el llegir\u00e0. Segons com es concep a l&#8217;infant es crea literatura infantil i juvenil.<\/p>\n<blockquote><p>L&#8217;adult que crea el conte ho fa pressuposant l&#8217;infant que el llegir\u00e0. Segons com es concep a l&#8217;infant es crea literatura infantil i juvenil<\/p><\/blockquote>\n<p>Aquestes q\u00fcestions les decideixen els adults. N&#8217;hi ha que les seves prioritats s\u00f3n la qualitat de la literatura infantil i juvenil, per\u00f2 hi ha a vegades que el que es prioritza \u00e9s que la lectura tingui un valor, que tracti segons quins temes i per descomptat tamb\u00e9 es t\u00e9 compte el gust i inter\u00e8s de l&#8217;infant. Aix\u00f2 \u00e9s el que pesa m\u00e9s o menys a l&#8217;hora de decidir la que \u00e9s adequada o no.<\/p>\n<p><strong>\u00c9s nom\u00e9s un tema pol\u00edtic? O va m\u00e9s enll\u00e0? Al m\u00f3n adult hi ha un munt de temes i continguts censurables. Per qu\u00e8 aquests se salten totes les normes? I, en canvi, la literatura infantil ara ens la mirem en lupa?<\/strong><\/p>\n<p>\u00c9s cert que veiem que la cancel\u00b7laci\u00f3 cultural \u00e9s un tema pol\u00edtic, hi ha perspectives pol\u00edtiques que fan que s&#8217;acabin cancel\u00b7lant exposicions, actes, etc. La q\u00fcesti\u00f3 \u00e9s que al parlar de literatura infantil i juvenil, quan apareix la inf\u00e0ncia pel mig, apareix la preocupaci\u00f3 dels adults sobre l&#8217;educaci\u00f3 que reben les generacions futures. \u00c9s evident que no hi ha un consens generalitzat i, per tant, hi ha diferents opinions.<\/p>\n<p>No \u00e9s del tot cert, ara hi ha un filtre molt potent a tots nivells. Tamb\u00e9 pels adults. Tots nosaltres vam llegir llibres amb 15 i 16 anys que ens van agradar molt, per\u00f2 que si ho llegim ara veiem coses que abans ens passaven per alt. Quan es dona aquest grinyol \u00e9s molt positiu perqu\u00e8 en el fons indica que hem crescut, que hem evolucionat.<\/p>\n<p><strong>Ens han de preocupar les tend\u00e8ncies de cancel\u00b7laci\u00f3 que ja es porten a terme a altres pa\u00efsos com als Estats Units?<\/strong><\/p>\n<p>Les pol\u00e8miques dels Estats Units ja fa temps que ens arriben. De fet, hi ha una fotografia que circulava fa temps, que es veuen dues nenes assegudes, una amb un conte de la caputxeta vermella i una altra amb una arma. I aquesta ens portava a reflexionar com pot ser que en un pa\u00eds a on les armes estan permeses, s&#8217;acabin censuren certes lectures.<\/p>\n<p>Hem vist pol\u00e8miques amb Harry Potter, Roald Dahl&#8230; S\u00f3n not\u00edcies incendi\u00e0ries i cridaneres, per\u00f2 tamb\u00e9 \u00e9s veritat que hi ha un morbo una mica exagerat i que busquen cridar l&#8217;atenci\u00f3. Per\u00f2 no tothom \u00e9s aix\u00ed, hi ha molts americans amb el cap ben centrat!<\/p>\n<p><strong>En el primer article del llibre just parleu de com m\u00e9s cultura i coneixement es t\u00e9 menys ganes de cancel\u00b7lar. Per qu\u00e8?<\/strong><\/p>\n<p>Aix\u00f2 va sortir d&#8217;unes recerques que vam fer amb mestres de prim\u00e0ria i amb estudiants d&#8217;educaci\u00f3 de diferents centres universitaris. Una de les dades que vam treure i que ens va sorprendre i alegrar a la vegada, \u00e9s que el coneixement cultural que tenia la persona influenciava molt el seu posicionament pel que fa a la cancel\u00b7laci\u00f3 cultural.<\/p>\n<blockquote><p>El coneixement cultural que tenia la persona influenciava molt el seu posicionament pel que fa a la cancel\u00b7laci\u00f3 cultural<\/p><\/blockquote>\n<p>La ignor\u00e0ncia ens fa cometre moltes errades. En el llibre tamb\u00e9 fem veure com el conte popular acaba sent una de les principals v\u00edctimes d&#8217;aquesta cancel\u00b7laci\u00f3. I en el fons es dona perqu\u00e8 hi ha un desconeixement molt gran d&#8217;aquest.<\/p>\n<p><strong>Per qu\u00e8 \u00e9s important no cancel\u00b7lar els contes populars quan realment veiem que no segueixen les normes socials actuals? Llegir-los pot confondre als infants?<\/strong><\/p>\n<p>A vegades, es cancel\u00b7len contes populars dient que s\u00f3n sexistes, racistes, etc., per\u00f2 en realitat qui els critica est\u00e0 fent m\u00e9s refer\u00e8ncia a la pel\u00b7l\u00edcula basada en el conte que el mateix conte popular en si. Aix\u00f2 ens porta a veure que el conte popular es coneix poc. \u00c9s el gran desconegut i en el fons estem assistint a la p\u00e8rdua d&#8217;aquest llegat cultural.<\/p>\n<p>Hi ha grans experts que han estudiat el conte popular, i subratllen com aquest \u00e9s un univers gran i complex amb un gran simbolisme, i molt ric en aquest sentit. No ens el podem deixar perdre. Jo sempre insisteixo que el conte popular amb tota la seva riquesa \u00e9s un llegat que no es pot perdre, i que s\u2019hauria d\u2019ampliar i que haur\u00edem de fer una aposta, educativament parlant, per tal d\u2019ampliar-lo.<\/p>\n<blockquote><p>El conte popular amb tota la seva riquesa \u00e9s un llegat que no es pot perdre, i que s\u2019hauria d\u2019ampliar i que haur\u00edem de fer una aposta, educativament parlant, per tal d\u2019ampliar-lo.<\/p><\/blockquote>\n<p>Cal tenir present que els contes populars continuen sent els que m\u00e9s agraden als infants perqu\u00e8 els ajuda a entendre\u2019s a si mateixos i entendre el m\u00f3n en el qual viuen, els dona molt d\u2019optimisme per viure.<\/p>\n<p><strong>Per\u00f2 clar, precisament criteri literari \u00e9s el que encara no tenen els primers lectors. Com els podem acompanyar en la lectura\u00a0de contes\u00a0d&#8217;altres \u00e8poques passades?<\/strong><\/p>\n<p>Cal que l&#8217;adult que acompanya a l&#8217;infant realment l&#8217;interessi la literatura infantil i en llegeixi, tamb\u00e9 literatura en general. Perqu\u00e8 aquesta \u00e9s l&#8217;\u00fanica manera d&#8217;acabar tenint un criteri i aix\u00ed poder valorar la seva qualitat liter\u00e0ria.<\/p>\n<p>Si fem una bona selecci\u00f3, ajudarem que l&#8217;infant tingui un bon gust literari. Cal llegir molt abans de parlar. L&#8217;adult s&#8217;ha d&#8217;amarar de literatura, i en el moment que l&#8217;adult llegeix encomana el gust per la lectura als infants. I segons el gust de cadasc\u00fa tindrem una biblioteca particular o una altra.<\/p>\n<p>Un cop tenim aquest gust per la lectura, si llegim molt, acabarem descobrint obres de temps passats que \u00f2bviament tenen elements que ens grinyolen. Per\u00f2 els sabrem donar el seu context. Tot plegat forma part de l&#8217;univers literari i ens enriqueix molt culturalment parlant.<\/p>\n<p>Est\u00e0 clar que volem una societat lliure de sexismes, racisme, etc. Volem caminar cap aqu\u00ed i aquest \u00e9s l&#8217;horitz\u00f3. Per\u00f2 la pregunta clau \u00e9s s\u00ed cancel\u00b7lant i prohibint realment ho aconseguirem.<\/p>\n<p><strong>Ens podem trobar amb llibres actuals que no estan actualitzats en temes de g\u00e8nere, social, etc. Aquests tamb\u00e9\u00a0es poden censurar?<\/strong><\/p>\n<p>No els podem censurar. En el fons el que ens hem de preguntar \u00e9s m\u00e9s la por que ens fan aquests llibres, per\u00f2 si realment ens formem i detectem aquests elements no actualitzats ja \u00e9s suficient. Cal educar b\u00e9 i deixar de tenir por.<\/p>\n<p><strong>I els mestres, bibliotecaris, llibreters, etc. Tenen prou formaci\u00f3?<\/strong><\/p>\n<p>Ells reben formaci\u00f3, i hi ha professionals molt implicats en l&#8217;\u00e0mbit de la literatura infantil i, per tant, s\u00f3n persones que ja es formen cont\u00ednuament. La formaci\u00f3 la van complementant i aix\u00ed van creixent. Les persones que treballen amb literatura infantil al final es mouen per canals molt diversificats que els permeten anar-se formant cont\u00ednuament. N&#8217;hi ha molts, m\u00e9s o menys formals.<\/p>\n<p>Per\u00f2 \u00e9s cert que es troben sovint amb queixes i dubtes de fam\u00edlies que els q\u00fcestionen les seves seleccions liter\u00e0ries, etc. Plantejar dubtes \u00e9s una cosa molt raonable i molt necess\u00e0ria, tothom t\u00e9 dubtes de com fer millor les coses i m\u00e9s quan hi ha l&#8217;educaci\u00f3 dels nostres fills pel mig. Est\u00e0 b\u00e9 que les persones plantegin els seus dubtes i neguits a les persones que en saben. \u00c9s all\u00e0 a on han d&#8217;anar a preguntar.<\/p>\n<blockquote><p>Est\u00e0 b\u00e9 que les persones plantegin els seus dubtes i neguits a les persones que en saben. \u00c9s all\u00e0 a on han d&#8217;anar a preguntar<\/p><\/blockquote>\n<p><strong>Sovint s\u00f3n les fam\u00edlies que exigeixen censura a les biblioteques escolars. Per\u00f2 realment tenen alguna cosa a dir?<\/strong><\/p>\n<p>\u00c9s cert que a vegades es plantegen queixes, per\u00f2 no \u00e9s una gran representativitat. Cal destacar que s\u00f3n fets puntuals que fan un gran eco, per\u00f2 no \u00e9s la norma general. La gent est\u00e0 disposada a escoltar.<\/p>\n<p>Tamb\u00e9 cal dir que la cancel\u00b7laci\u00f3 com a tal tamb\u00e9 passa poc, no obstant aix\u00f2, fa molt de soroll medi\u00e0tic. La gran majoria de gent acaba dient que s\u00ed que \u00e9s cert, aix\u00ed i tot, prefereixen no retirar perqu\u00e8 en definitiva ens ajuda a fer entendre, etc.<\/p>\n<p>Retirar o treure de la circulaci\u00f3\u00a0fets culturals poques vegades acaba passant. Millor posar un advertiment o debatre. En el fons encara hi ha molt sentit com\u00fa.<\/p>\n<p><strong>Les editorials poden arribar a revisar textos originals per adaptar-los en l&#8217;actualitat? Aix\u00f2 no queda protegit pels drets d&#8217;autor!?<\/strong><\/p>\n<p>A totes les editorials es passen moments de revisi\u00f3 de textos. \u00c9s normal que de tant en tant es revisin i s&#8217;adaptin en l&#8217;actualitat seguint una s\u00e8rie de criteris. Aquests criteris canvien molt entre editorials.<\/p>\n<p>El cas de Roald Dahl va ser un cas especial, i \u00e9s que s&#8217;hi van barrejar interessos d&#8217;una associaci\u00f3, la\u00a0<span class=\"hiddenGreenError\">Inclusive<\/span>\u00a0<span class=\"hiddenSpellError\">Minds<\/span>\u00a0que \u00e9s la que va llan\u00e7ar la iniciativa. Al final la decisi\u00f3 es va prendre m\u00e9s per interessos econ\u00f2mics que seguint un criteri de revisi\u00f3 dels textos de Roald Dahl.<\/p>\n<p>A m\u00e9s, cada autor \u00e9s fill de la seva \u00e8poca i, per tant, aix\u00f2 cal tenir-ho present i entendre-ho. Tot autor s&#8217;ha de contextualitzar dins la seva \u00e8poca, la seva producci\u00f3 liter\u00e0ria est\u00e0 influenciada i reflecteix estil i situacions del moment\u00a0en qu\u00e8\u00a0es va escriure.<\/p>\n","protected":false},"excerpt":{"rendered":"<p>Abans de decidir si cancel\u00b7lar un conte o no cal haver llegit molt, aquesta \u00e9s una de les conclusions que arriba N\u00faria Obiols amb el llibre Contes i cancel\u00b7laci\u00f3 cultural. Controv\u00e8rsies i perspectives sobre els continguts dels contes. Aquest ofereix una mirada poli\u00e8drica de diferents autors i professionals vinculats a la literatura infantil i juvenil<\/p>\n","protected":false},"author":63,"featured_media":2702,"comment_status":"open","ping_status":"open","sticky":false,"template":"","format":"standard","meta":{"footnotes":""},"categories":[102],"tags":[203,182,112,97,121,113,198],"tipo":[],"class_list":{"0":"post-2701","1":"post","2":"type-post","3":"status-publish","4":"format-standard","5":"has-post-thumbnail","7":"category-parlem-amb","8":"tag-art-i-cultura","9":"tag-art-i-educacio","10":"tag-contes","11":"tag-cultura-escola","12":"tag-cultura-i-escola","13":"tag-literatura-infantil-i-juvenil","14":"tag-teatre-i-escola"},"yoast_head":"<!-- This site is optimized with the Yoast SEO plugin v27.4 - https:\/\/yoast.com\/product\/yoast-seo-wordpress\/ -->\n<title>N\u00faria Obiols : \u00abAbans d\u2019opinar i cancel\u00b7lar, cal llegir molt!\u00bb - Arts &amp; Educaci\u00f3<\/title>\n<meta name=\"robots\" content=\"index, follow, max-snippet:-1, max-image-preview:large, max-video-preview:-1\" \/>\n<link rel=\"canonical\" href=\"https:\/\/diarieducacio.cat\/artseducacio\/2024\/04\/23\/nuria-obiols-abans-dopinar-i-cancel\u00b7lar-cal-llegir-molt\/\" \/>\n<meta property=\"og:locale\" content=\"ca_ES\" \/>\n<meta property=\"og:type\" content=\"article\" \/>\n<meta property=\"og:title\" content=\"N\u00faria Obiols : \u00abAbans d\u2019opinar i cancel\u00b7lar, cal llegir molt!\u00bb - Arts &amp; Educaci\u00f3\" \/>\n<meta property=\"og:description\" content=\"Abans de decidir si cancel\u00b7lar un conte o no cal haver llegit molt, aquesta \u00e9s una de les conclusions que arriba N\u00faria Obiols amb el llibre Contes i cancel\u00b7laci\u00f3 cultural. Controv\u00e8rsies i perspectives sobre els continguts dels contes. Aquest ofereix una mirada poli\u00e8drica de diferents autors i professionals vinculats a la literatura infantil i juvenil\" \/>\n<meta property=\"og:url\" content=\"https:\/\/diarieducacio.cat\/artseducacio\/2024\/04\/23\/nuria-obiols-abans-dopinar-i-cancel\u00b7lar-cal-llegir-molt\/\" \/>\n<meta property=\"og:site_name\" content=\"Arts &amp; Educaci\u00f3\" \/>\n<meta property=\"article:publisher\" content=\"https:\/\/www.facebook.com\/diarieducacio\/\" \/>\n<meta property=\"article:published_time\" content=\"2024-04-23T14:47:02+00:00\" \/>\n<meta property=\"article:modified_time\" content=\"2024-08-08T10:03:57+00:00\" \/>\n<meta property=\"og:image\" content=\"https:\/\/diarieducacio.cat\/artseducacio\/wp-content\/uploads\/sites\/20\/2024\/04\/Foto-Obiols-marina-batista.jpg\" \/>\n\t<meta property=\"og:image:width\" content=\"960\" \/>\n\t<meta property=\"og:image:height\" content=\"720\" \/>\n\t<meta property=\"og:image:type\" content=\"image\/jpeg\" \/>\n<meta name=\"author\" content=\"Mar Dom\u00e8nech\" \/>\n<meta name=\"twitter:card\" content=\"summary_large_image\" \/>\n<meta name=\"twitter:creator\" content=\"@DiariEducacio\" \/>\n<meta name=\"twitter:site\" content=\"@DiariEducacio\" \/>\n<meta name=\"twitter:label1\" content=\"Escrit per\" \/>\n\t<meta name=\"twitter:data1\" content=\"Mar Dom\u00e8nech\" \/>\n\t<meta name=\"twitter:label2\" content=\"Temps estimat de lectura\" \/>\n\t<meta name=\"twitter:data2\" content=\"9 minuts\" \/>\n<script type=\"application\/ld+json\" class=\"yoast-schema-graph\">{\"@context\":\"https:\\\/\\\/schema.org\",\"@graph\":[{\"@type\":\"Article\",\"@id\":\"https:\\\/\\\/diarieducacio.cat\\\/artseducacio\\\/2024\\\/04\\\/23\\\/nuria-obiols-abans-dopinar-i-cancel%c2%b7lar-cal-llegir-molt\\\/#article\",\"isPartOf\":{\"@id\":\"https:\\\/\\\/diarieducacio.cat\\\/artseducacio\\\/2024\\\/04\\\/23\\\/nuria-obiols-abans-dopinar-i-cancel%c2%b7lar-cal-llegir-molt\\\/\"},\"author\":{\"name\":\"Mar Dom\u00e8nech\",\"@id\":\"https:\\\/\\\/diarieducacio.cat\\\/artseducacio\\\/#\\\/schema\\\/person\\\/eb83688c9eebc3ca52379b6608685c89\"},\"headline\":\"N\u00faria Obiols : \u00abAbans d\u2019opinar i cancel\u00b7lar, cal llegir molt!\u00bb\",\"datePublished\":\"2024-04-23T14:47:02+00:00\",\"dateModified\":\"2024-08-08T10:03:57+00:00\",\"mainEntityOfPage\":{\"@id\":\"https:\\\/\\\/diarieducacio.cat\\\/artseducacio\\\/2024\\\/04\\\/23\\\/nuria-obiols-abans-dopinar-i-cancel%c2%b7lar-cal-llegir-molt\\\/\"},\"wordCount\":1930,\"commentCount\":0,\"image\":{\"@id\":\"https:\\\/\\\/diarieducacio.cat\\\/artseducacio\\\/2024\\\/04\\\/23\\\/nuria-obiols-abans-dopinar-i-cancel%c2%b7lar-cal-llegir-molt\\\/#primaryimage\"},\"thumbnailUrl\":\"https:\\\/\\\/diarieducacio.cat\\\/artseducacio\\\/wp-content\\\/uploads\\\/sites\\\/20\\\/2024\\\/04\\\/Foto-Obiols-marina-batista.jpg\",\"keywords\":[\"art i cultura\",\"art i educaci\u00f3\",\"contes\",\"CULTURA ESCOLA\",\"cultura i escola\",\"literatura infantil i juvenil\",\"teatre i escola\"],\"articleSection\":[\"Parlem amb\"],\"inLanguage\":\"ca\",\"potentialAction\":[{\"@type\":\"CommentAction\",\"name\":\"Comment\",\"target\":[\"https:\\\/\\\/diarieducacio.cat\\\/artseducacio\\\/2024\\\/04\\\/23\\\/nuria-obiols-abans-dopinar-i-cancel%c2%b7lar-cal-llegir-molt\\\/#respond\"]}]},{\"@type\":\"WebPage\",\"@id\":\"https:\\\/\\\/diarieducacio.cat\\\/artseducacio\\\/2024\\\/04\\\/23\\\/nuria-obiols-abans-dopinar-i-cancel%c2%b7lar-cal-llegir-molt\\\/\",\"url\":\"https:\\\/\\\/diarieducacio.cat\\\/artseducacio\\\/2024\\\/04\\\/23\\\/nuria-obiols-abans-dopinar-i-cancel%c2%b7lar-cal-llegir-molt\\\/\",\"name\":\"N\u00faria Obiols : \u00abAbans d\u2019opinar i cancel\u00b7lar, cal llegir molt!\u00bb - Arts & Educaci\u00f3\",\"isPartOf\":{\"@id\":\"https:\\\/\\\/diarieducacio.cat\\\/artseducacio\\\/#website\"},\"primaryImageOfPage\":{\"@id\":\"https:\\\/\\\/diarieducacio.cat\\\/artseducacio\\\/2024\\\/04\\\/23\\\/nuria-obiols-abans-dopinar-i-cancel%c2%b7lar-cal-llegir-molt\\\/#primaryimage\"},\"image\":{\"@id\":\"https:\\\/\\\/diarieducacio.cat\\\/artseducacio\\\/2024\\\/04\\\/23\\\/nuria-obiols-abans-dopinar-i-cancel%c2%b7lar-cal-llegir-molt\\\/#primaryimage\"},\"thumbnailUrl\":\"https:\\\/\\\/diarieducacio.cat\\\/artseducacio\\\/wp-content\\\/uploads\\\/sites\\\/20\\\/2024\\\/04\\\/Foto-Obiols-marina-batista.jpg\",\"datePublished\":\"2024-04-23T14:47:02+00:00\",\"dateModified\":\"2024-08-08T10:03:57+00:00\",\"author\":{\"@id\":\"https:\\\/\\\/diarieducacio.cat\\\/artseducacio\\\/#\\\/schema\\\/person\\\/eb83688c9eebc3ca52379b6608685c89\"},\"breadcrumb\":{\"@id\":\"https:\\\/\\\/diarieducacio.cat\\\/artseducacio\\\/2024\\\/04\\\/23\\\/nuria-obiols-abans-dopinar-i-cancel%c2%b7lar-cal-llegir-molt\\\/#breadcrumb\"},\"inLanguage\":\"ca\",\"potentialAction\":[{\"@type\":\"ReadAction\",\"target\":[\"https:\\\/\\\/diarieducacio.cat\\\/artseducacio\\\/2024\\\/04\\\/23\\\/nuria-obiols-abans-dopinar-i-cancel%c2%b7lar-cal-llegir-molt\\\/\"]}]},{\"@type\":\"ImageObject\",\"inLanguage\":\"ca\",\"@id\":\"https:\\\/\\\/diarieducacio.cat\\\/artseducacio\\\/2024\\\/04\\\/23\\\/nuria-obiols-abans-dopinar-i-cancel%c2%b7lar-cal-llegir-molt\\\/#primaryimage\",\"url\":\"https:\\\/\\\/diarieducacio.cat\\\/artseducacio\\\/wp-content\\\/uploads\\\/sites\\\/20\\\/2024\\\/04\\\/Foto-Obiols-marina-batista.jpg\",\"contentUrl\":\"https:\\\/\\\/diarieducacio.cat\\\/artseducacio\\\/wp-content\\\/uploads\\\/sites\\\/20\\\/2024\\\/04\\\/Foto-Obiols-marina-batista.jpg\",\"width\":960,\"height\":720,\"caption\":\"N\u00faria Obiols a la seva biblioteca particular | Marina Batista\"},{\"@type\":\"BreadcrumbList\",\"@id\":\"https:\\\/\\\/diarieducacio.cat\\\/artseducacio\\\/2024\\\/04\\\/23\\\/nuria-obiols-abans-dopinar-i-cancel%c2%b7lar-cal-llegir-molt\\\/#breadcrumb\",\"itemListElement\":[{\"@type\":\"ListItem\",\"position\":1,\"name\":\"Inici\",\"item\":\"https:\\\/\\\/diarieducacio.cat\\\/artseducacio\\\/\"},{\"@type\":\"ListItem\",\"position\":2,\"name\":\"N\u00faria Obiols : \u00abAbans d\u2019opinar i cancel\u00b7lar, cal llegir molt!\u00bb\"}]},{\"@type\":\"WebSite\",\"@id\":\"https:\\\/\\\/diarieducacio.cat\\\/artseducacio\\\/#website\",\"url\":\"https:\\\/\\\/diarieducacio.cat\\\/artseducacio\\\/\",\"name\":\"Arts & Educaci\u00f3\",\"description\":\"Un blog de El Diari de l&#039;Educaci\u00f3\",\"potentialAction\":[{\"@type\":\"SearchAction\",\"target\":{\"@type\":\"EntryPoint\",\"urlTemplate\":\"https:\\\/\\\/diarieducacio.cat\\\/artseducacio\\\/?s={search_term_string}\"},\"query-input\":{\"@type\":\"PropertyValueSpecification\",\"valueRequired\":true,\"valueName\":\"search_term_string\"}}],\"inLanguage\":\"ca\"},{\"@type\":\"Person\",\"@id\":\"https:\\\/\\\/diarieducacio.cat\\\/artseducacio\\\/#\\\/schema\\\/person\\\/eb83688c9eebc3ca52379b6608685c89\",\"name\":\"Mar Dom\u00e8nech\",\"image\":{\"@type\":\"ImageObject\",\"inLanguage\":\"ca\",\"@id\":\"https:\\\/\\\/diarieducacio.cat\\\/wp-content\\\/uploads\\\/2024\\\/11\\\/mar-domenech_avatar-96x96.jpg\",\"url\":\"https:\\\/\\\/diarieducacio.cat\\\/wp-content\\\/uploads\\\/2024\\\/11\\\/mar-domenech_avatar-96x96.jpg\",\"contentUrl\":\"https:\\\/\\\/diarieducacio.cat\\\/wp-content\\\/uploads\\\/2024\\\/11\\\/mar-domenech_avatar-96x96.jpg\",\"caption\":\"Mar Dom\u00e8nech\"},\"description\":\"Coordinadora del blog Arts i Educaci\u00f3. Periodista infantil i familiar. Especialitzada en temes d'educaci\u00f3, cultura en fam\u00edlia, literatura infantil i disseny per a petits.\",\"url\":\"https:\\\/\\\/diarieducacio.cat\\\/artseducacio\\\/author\\\/mardomenech\\\/\"}]}<\/script>\n<!-- \/ Yoast SEO plugin. -->","yoast_head_json":{"title":"N\u00faria Obiols : \u00abAbans d\u2019opinar i cancel\u00b7lar, cal llegir molt!\u00bb - Arts & Educaci\u00f3","robots":{"index":"index","follow":"follow","max-snippet":"max-snippet:-1","max-image-preview":"max-image-preview:large","max-video-preview":"max-video-preview:-1"},"canonical":"https:\/\/diarieducacio.cat\/artseducacio\/2024\/04\/23\/nuria-obiols-abans-dopinar-i-cancel\u00b7lar-cal-llegir-molt\/","og_locale":"ca_ES","og_type":"article","og_title":"N\u00faria Obiols : \u00abAbans d\u2019opinar i cancel\u00b7lar, cal llegir molt!\u00bb - Arts & Educaci\u00f3","og_description":"Abans de decidir si cancel\u00b7lar un conte o no cal haver llegit molt, aquesta \u00e9s una de les conclusions que arriba N\u00faria Obiols amb el llibre Contes i cancel\u00b7laci\u00f3 cultural. Controv\u00e8rsies i perspectives sobre els continguts dels contes. Aquest ofereix una mirada poli\u00e8drica de diferents autors i professionals vinculats a la literatura infantil i juvenil","og_url":"https:\/\/diarieducacio.cat\/artseducacio\/2024\/04\/23\/nuria-obiols-abans-dopinar-i-cancel\u00b7lar-cal-llegir-molt\/","og_site_name":"Arts & Educaci\u00f3","article_publisher":"https:\/\/www.facebook.com\/diarieducacio\/","article_published_time":"2024-04-23T14:47:02+00:00","article_modified_time":"2024-08-08T10:03:57+00:00","og_image":[{"width":960,"height":720,"url":"https:\/\/diarieducacio.cat\/artseducacio\/wp-content\/uploads\/sites\/20\/2024\/04\/Foto-Obiols-marina-batista.jpg","type":"image\/jpeg"}],"author":"Mar Dom\u00e8nech","twitter_card":"summary_large_image","twitter_creator":"@DiariEducacio","twitter_site":"@DiariEducacio","twitter_misc":{"Escrit per":"Mar Dom\u00e8nech","Temps estimat de lectura":"9 minuts"},"schema":{"@context":"https:\/\/schema.org","@graph":[{"@type":"Article","@id":"https:\/\/diarieducacio.cat\/artseducacio\/2024\/04\/23\/nuria-obiols-abans-dopinar-i-cancel%c2%b7lar-cal-llegir-molt\/#article","isPartOf":{"@id":"https:\/\/diarieducacio.cat\/artseducacio\/2024\/04\/23\/nuria-obiols-abans-dopinar-i-cancel%c2%b7lar-cal-llegir-molt\/"},"author":{"name":"Mar Dom\u00e8nech","@id":"https:\/\/diarieducacio.cat\/artseducacio\/#\/schema\/person\/eb83688c9eebc3ca52379b6608685c89"},"headline":"N\u00faria Obiols : \u00abAbans d\u2019opinar i cancel\u00b7lar, cal llegir molt!\u00bb","datePublished":"2024-04-23T14:47:02+00:00","dateModified":"2024-08-08T10:03:57+00:00","mainEntityOfPage":{"@id":"https:\/\/diarieducacio.cat\/artseducacio\/2024\/04\/23\/nuria-obiols-abans-dopinar-i-cancel%c2%b7lar-cal-llegir-molt\/"},"wordCount":1930,"commentCount":0,"image":{"@id":"https:\/\/diarieducacio.cat\/artseducacio\/2024\/04\/23\/nuria-obiols-abans-dopinar-i-cancel%c2%b7lar-cal-llegir-molt\/#primaryimage"},"thumbnailUrl":"https:\/\/diarieducacio.cat\/artseducacio\/wp-content\/uploads\/sites\/20\/2024\/04\/Foto-Obiols-marina-batista.jpg","keywords":["art i cultura","art i educaci\u00f3","contes","CULTURA ESCOLA","cultura i escola","literatura infantil i juvenil","teatre i escola"],"articleSection":["Parlem amb"],"inLanguage":"ca","potentialAction":[{"@type":"CommentAction","name":"Comment","target":["https:\/\/diarieducacio.cat\/artseducacio\/2024\/04\/23\/nuria-obiols-abans-dopinar-i-cancel%c2%b7lar-cal-llegir-molt\/#respond"]}]},{"@type":"WebPage","@id":"https:\/\/diarieducacio.cat\/artseducacio\/2024\/04\/23\/nuria-obiols-abans-dopinar-i-cancel%c2%b7lar-cal-llegir-molt\/","url":"https:\/\/diarieducacio.cat\/artseducacio\/2024\/04\/23\/nuria-obiols-abans-dopinar-i-cancel%c2%b7lar-cal-llegir-molt\/","name":"N\u00faria Obiols : \u00abAbans d\u2019opinar i cancel\u00b7lar, cal llegir molt!\u00bb - Arts & Educaci\u00f3","isPartOf":{"@id":"https:\/\/diarieducacio.cat\/artseducacio\/#website"},"primaryImageOfPage":{"@id":"https:\/\/diarieducacio.cat\/artseducacio\/2024\/04\/23\/nuria-obiols-abans-dopinar-i-cancel%c2%b7lar-cal-llegir-molt\/#primaryimage"},"image":{"@id":"https:\/\/diarieducacio.cat\/artseducacio\/2024\/04\/23\/nuria-obiols-abans-dopinar-i-cancel%c2%b7lar-cal-llegir-molt\/#primaryimage"},"thumbnailUrl":"https:\/\/diarieducacio.cat\/artseducacio\/wp-content\/uploads\/sites\/20\/2024\/04\/Foto-Obiols-marina-batista.jpg","datePublished":"2024-04-23T14:47:02+00:00","dateModified":"2024-08-08T10:03:57+00:00","author":{"@id":"https:\/\/diarieducacio.cat\/artseducacio\/#\/schema\/person\/eb83688c9eebc3ca52379b6608685c89"},"breadcrumb":{"@id":"https:\/\/diarieducacio.cat\/artseducacio\/2024\/04\/23\/nuria-obiols-abans-dopinar-i-cancel%c2%b7lar-cal-llegir-molt\/#breadcrumb"},"inLanguage":"ca","potentialAction":[{"@type":"ReadAction","target":["https:\/\/diarieducacio.cat\/artseducacio\/2024\/04\/23\/nuria-obiols-abans-dopinar-i-cancel%c2%b7lar-cal-llegir-molt\/"]}]},{"@type":"ImageObject","inLanguage":"ca","@id":"https:\/\/diarieducacio.cat\/artseducacio\/2024\/04\/23\/nuria-obiols-abans-dopinar-i-cancel%c2%b7lar-cal-llegir-molt\/#primaryimage","url":"https:\/\/diarieducacio.cat\/artseducacio\/wp-content\/uploads\/sites\/20\/2024\/04\/Foto-Obiols-marina-batista.jpg","contentUrl":"https:\/\/diarieducacio.cat\/artseducacio\/wp-content\/uploads\/sites\/20\/2024\/04\/Foto-Obiols-marina-batista.jpg","width":960,"height":720,"caption":"N\u00faria Obiols a la seva biblioteca particular | Marina Batista"},{"@type":"BreadcrumbList","@id":"https:\/\/diarieducacio.cat\/artseducacio\/2024\/04\/23\/nuria-obiols-abans-dopinar-i-cancel%c2%b7lar-cal-llegir-molt\/#breadcrumb","itemListElement":[{"@type":"ListItem","position":1,"name":"Inici","item":"https:\/\/diarieducacio.cat\/artseducacio\/"},{"@type":"ListItem","position":2,"name":"N\u00faria Obiols : \u00abAbans d\u2019opinar i cancel\u00b7lar, cal llegir molt!\u00bb"}]},{"@type":"WebSite","@id":"https:\/\/diarieducacio.cat\/artseducacio\/#website","url":"https:\/\/diarieducacio.cat\/artseducacio\/","name":"Arts & Educaci\u00f3","description":"Un blog de El Diari de l&#039;Educaci\u00f3","potentialAction":[{"@type":"SearchAction","target":{"@type":"EntryPoint","urlTemplate":"https:\/\/diarieducacio.cat\/artseducacio\/?s={search_term_string}"},"query-input":{"@type":"PropertyValueSpecification","valueRequired":true,"valueName":"search_term_string"}}],"inLanguage":"ca"},{"@type":"Person","@id":"https:\/\/diarieducacio.cat\/artseducacio\/#\/schema\/person\/eb83688c9eebc3ca52379b6608685c89","name":"Mar Dom\u00e8nech","image":{"@type":"ImageObject","inLanguage":"ca","@id":"https:\/\/diarieducacio.cat\/wp-content\/uploads\/2024\/11\/mar-domenech_avatar-96x96.jpg","url":"https:\/\/diarieducacio.cat\/wp-content\/uploads\/2024\/11\/mar-domenech_avatar-96x96.jpg","contentUrl":"https:\/\/diarieducacio.cat\/wp-content\/uploads\/2024\/11\/mar-domenech_avatar-96x96.jpg","caption":"Mar Dom\u00e8nech"},"description":"Coordinadora del blog Arts i Educaci\u00f3. Periodista infantil i familiar. Especialitzada en temes d'educaci\u00f3, cultura en fam\u00edlia, literatura infantil i disseny per a petits.","url":"https:\/\/diarieducacio.cat\/artseducacio\/author\/mardomenech\/"}]}},"_links":{"self":[{"href":"https:\/\/diarieducacio.cat\/artseducacio\/wp-json\/wp\/v2\/posts\/2701","targetHints":{"allow":["GET"]}}],"collection":[{"href":"https:\/\/diarieducacio.cat\/artseducacio\/wp-json\/wp\/v2\/posts"}],"about":[{"href":"https:\/\/diarieducacio.cat\/artseducacio\/wp-json\/wp\/v2\/types\/post"}],"author":[{"embeddable":true,"href":"https:\/\/diarieducacio.cat\/artseducacio\/wp-json\/wp\/v2\/users\/63"}],"replies":[{"embeddable":true,"href":"https:\/\/diarieducacio.cat\/artseducacio\/wp-json\/wp\/v2\/comments?post=2701"}],"version-history":[{"count":1,"href":"https:\/\/diarieducacio.cat\/artseducacio\/wp-json\/wp\/v2\/posts\/2701\/revisions"}],"predecessor-version":[{"id":2744,"href":"https:\/\/diarieducacio.cat\/artseducacio\/wp-json\/wp\/v2\/posts\/2701\/revisions\/2744"}],"wp:featuredmedia":[{"embeddable":true,"href":"https:\/\/diarieducacio.cat\/artseducacio\/wp-json\/wp\/v2\/media\/2702"}],"wp:attachment":[{"href":"https:\/\/diarieducacio.cat\/artseducacio\/wp-json\/wp\/v2\/media?parent=2701"}],"wp:term":[{"taxonomy":"category","embeddable":true,"href":"https:\/\/diarieducacio.cat\/artseducacio\/wp-json\/wp\/v2\/categories?post=2701"},{"taxonomy":"post_tag","embeddable":true,"href":"https:\/\/diarieducacio.cat\/artseducacio\/wp-json\/wp\/v2\/tags?post=2701"},{"taxonomy":"tipo","embeddable":true,"href":"https:\/\/diarieducacio.cat\/artseducacio\/wp-json\/wp\/v2\/tipo?post=2701"}],"curies":[{"name":"wp","href":"https:\/\/api.w.org\/{rel}","templated":true}]}}