{"id":2703,"date":"2024-05-02T19:53:52","date_gmt":"2024-05-02T17:53:52","guid":{"rendered":"https:\/\/diarieducacio.cat\/ArtsEducacio\/?p=1947"},"modified":"2024-08-08T12:03:57","modified_gmt":"2024-08-08T10:03:57","slug":"el-poder-suggestiu-de-lanimacio","status":"publish","type":"post","link":"https:\/\/diarieducacio.cat\/artseducacio\/2024\/05\/02\/el-poder-suggestiu-de-lanimacio\/","title":{"rendered":"El poder suggestiu de l\u2019animaci\u00f3"},"content":{"rendered":"<p>Juliette i Carme s\u00f3n les protagonistes d\u2019aquesta aventura que barreja el m\u00f3n real amb la ficci\u00f3 liter\u00e0ria amb una for\u00e7a imaginativa fascinant, on destaca un \u00fas sublim de la m\u00fasica, que acompanya significativament les emocions dels personatges, i un univers psicod\u00e8lic de colors llampants i hipn\u00f2tics. Les germanes, de quatre i vuit anys, passaran el cap de setmana amb l\u2019amiga de la seva mare, l\u2019Agn\u00e8s, que es dedica a la il\u00b7lustraci\u00f3 de contes infantils. Mentre la dona fa una becaina abans de celebrar l\u2019aniversari de la petita, les nenes intenten combatre l\u2019avorriment llegint un dels seus llibres, i gr\u00e0cies al poder del vent, que passar\u00e0 les p\u00e0gines del volum que la Juliette observa amb admiraci\u00f3, un dels personatges creats per l\u2019escriptora aterrar\u00e0 a l\u2019habitaci\u00f3 trencant la frontera entre els dos mons. D\u2019aquesta manera, la Carme i la Juliette s\u2019endinsen en un intens viatge pel fant\u00e0stic univers imaginat per l\u2019Agn\u00e8s, on descobreixen l\u2019origen de Selma, una de les protagonistes de la saga, i tamb\u00e9, el gran poder de la ficci\u00f3, una porta que et brinda la possibilitat de viure m\u00e9s enll\u00e0 de la realitat.<\/p>\n<p>El p\u00fablic infantil tendeix a percebre aquest tipus de produccions amb la ment molt m\u00e9s oberta que les persones adultes. Les capacitats de l\u2019animaci\u00f3 per irrompre en la seva percepci\u00f3 del m\u00f3n, encara en construcci\u00f3, s\u00f3n molt \u00fatils a l\u2019hora d\u2019entomar algunes tem\u00e0tiques rellevants des d\u2019un prisma juganer i atractiu. El potencial d\u2019encoratjar la imaginaci\u00f3 dels infants \u00e9s inestimable, ja que no nom\u00e9s col\u00b7laborem en el seu desenvolupament art\u00edstic i creatiu, sin\u00f3 que tamb\u00e9 els obrim un imaginari que els pot ser efica\u00e7 a l\u2019hora d\u2019afrontar la gesti\u00f3 emocional en moments delicats. L\u2019oportunitat de comunicar-se i, per tant, relacionar-se a trav\u00e9s d\u2019altres llenguatges que escapen de la restricci\u00f3 del pla m\u00e9s realista, esdev\u00e9 una magn\u00edfica eina per a l\u2019evoluci\u00f3 de les habilitats cognitives, aix\u00ed com per a l\u2019activaci\u00f3 d\u2019una creativitat alliberadora que contribueix en la seva autonomia.<\/p>\n<p>El film est\u00e0 inundat de referents femenins que proposen una necess\u00e0ria diversitat de models. Per una banda, les protagonistes, convertides en gates en arribar a aquest nou cosmos, poden servir com a mirall de qualsevol criatura d\u2019una edat aproximada. La Juliette representa la inconsci\u00e8ncia infantil, la il\u00b7lusi\u00f3 desenfrenada d\u2019una nena amb l\u2019afany de descobrir; mentre que la Carme, m\u00e9s madura i preocupada pel benestar de la seva germana petita, simbolitza la rebel\u00b7li\u00f3 quan l\u2019alcalde del poble on van a parar intenta casar-la amb el seu fill. La mare de les nenes, entrenadora de futbol, i la seva amiga, escriptora, sorgeixen com a exemples de dones amb feines apassionants, aix\u00ed com la Selma, cantant d\u2019\u00f2pera que en la seva vida terrenal s\u2019havia dedicat a la ci\u00e8ncia, viatjant arreu del globus analitzant les tempestes, un dels motius claus de la pel\u00b7l\u00edcula. Els personatges masculins, en canvi, com el mag Sirocco, l\u2019alcalde o els habitants del poble, queden menys desenvolupats, posant el focus, sobretot, en el bruixot, a qui anirem descobrint a poc a poc mentre acompanyem les joves, subratllant la import\u00e0ncia de no creure en les aparences i fugir dels prejudicis, vetllant per la creen\u00e7a que tothom t\u00e9 una hist\u00f2ria al darrere que sovint \u00e9s la clau del seu comportament.<\/p>\n<p>La construcci\u00f3 d\u2019aquest regne surrealista convida els nens i les nenes a creure en el poder m\u00e0gic de la imaginaci\u00f3, on la rigidesa de les normes queden en un segon pla per donar espai a les extraordin\u00e0ries funcions de la llibertat creativa. Amb una il\u00b7lustraci\u00f3 que beu del cinema de Miyazaki i del referent del c\u00f2mic franc\u00e8s Moebius, Chieux erigeix una animaci\u00f3 v\u00edvida que mostra el viatge de Carme i Juliette des de dos punts de vista: l\u2019aventura trepidant que viuen a trav\u00e9s de la ficci\u00f3 inventada per l\u2019Agn\u00e8s, per\u00f2 tamb\u00e9 el periple emocional al qual hauran de fer front. Viurem l\u2019alegria irrefrenable d\u2019habitar un imaginari sorprenent, aix\u00ed com la for\u00e7a de l\u2019amor i les complexitats del dol, representats amb enginy i esperan\u00e7a, proposant l\u2019habilitat de crear hist\u00f2ries com a remei infal\u00b7lible per a la superaci\u00f3 personal i l\u2019aprenentatge vital.<\/p>\n","protected":false},"excerpt":{"rendered":"<p>Juliette i Carme s\u00f3n les protagonistes d\u2019aquesta aventura que barreja el m\u00f3n real amb la ficci\u00f3 liter\u00e0ria amb una for\u00e7a imaginativa fascinant, on destaca un \u00fas sublim de la m\u00fasica, que acompanya significativament les emocions dels personatges, i un univers psicod\u00e8lic de colors llampants i hipn\u00f2tics. Les germanes, de quatre i vuit anys, passaran el<\/p>\n","protected":false},"author":1191,"featured_media":2704,"comment_status":"open","ping_status":"open","sticky":false,"template":"","format":"standard","meta":{"footnotes":""},"categories":[130],"tags":[203,182,292,97,127,117],"tipo":[],"class_list":{"0":"post-2703","1":"post","2":"type-post","3":"status-publish","4":"format-standard","5":"has-post-thumbnail","7":"category-nous-punts-de-vista","8":"tag-art-i-cultura","9":"tag-art-i-educacio","10":"tag-cinema","11":"tag-cultura-escola","12":"tag-cultura-i-educacio","13":"tag-educacio-artistica-i-cultural"},"yoast_head":"<!-- This site is optimized with the Yoast SEO plugin v27.5 - https:\/\/yoast.com\/product\/yoast-seo-wordpress\/ -->\n<title>El poder suggestiu de l\u2019animaci\u00f3 - Arts &amp; Educaci\u00f3<\/title>\n<meta name=\"robots\" content=\"index, follow, max-snippet:-1, max-image-preview:large, max-video-preview:-1\" \/>\n<link rel=\"canonical\" href=\"https:\/\/diarieducacio.cat\/artseducacio\/2024\/05\/02\/el-poder-suggestiu-de-lanimacio\/\" \/>\n<meta property=\"og:locale\" content=\"ca_ES\" \/>\n<meta property=\"og:type\" content=\"article\" \/>\n<meta property=\"og:title\" content=\"El poder suggestiu de l\u2019animaci\u00f3 - Arts &amp; Educaci\u00f3\" \/>\n<meta property=\"og:description\" content=\"Juliette i Carme s\u00f3n les protagonistes d\u2019aquesta aventura que barreja el m\u00f3n real amb la ficci\u00f3 liter\u00e0ria amb una for\u00e7a imaginativa fascinant, on destaca un \u00fas sublim de la m\u00fasica, que acompanya significativament les emocions dels personatges, i un univers psicod\u00e8lic de colors llampants i hipn\u00f2tics. Les germanes, de quatre i vuit anys, passaran el\" \/>\n<meta property=\"og:url\" content=\"https:\/\/diarieducacio.cat\/artseducacio\/2024\/05\/02\/el-poder-suggestiu-de-lanimacio\/\" \/>\n<meta property=\"og:site_name\" content=\"Arts &amp; Educaci\u00f3\" \/>\n<meta property=\"article:publisher\" content=\"https:\/\/www.facebook.com\/diarieducacio\/\" \/>\n<meta property=\"article:published_time\" content=\"2024-05-02T17:53:52+00:00\" \/>\n<meta property=\"article:modified_time\" content=\"2024-08-08T10:03:57+00:00\" \/>\n<meta property=\"og:image\" content=\"https:\/\/diarieducacio.cat\/artseducacio\/wp-content\/uploads\/sites\/20\/2024\/05\/Sirocco.jpg\" \/>\n\t<meta property=\"og:image:width\" content=\"1200\" \/>\n\t<meta property=\"og:image:height\" content=\"925\" \/>\n\t<meta property=\"og:image:type\" content=\"image\/jpeg\" \/>\n<meta name=\"author\" content=\"Belit Lago\" \/>\n<meta name=\"twitter:card\" content=\"summary_large_image\" \/>\n<meta name=\"twitter:creator\" content=\"@DiariEducacio\" \/>\n<meta name=\"twitter:site\" content=\"@DiariEducacio\" \/>\n<meta name=\"twitter:label1\" content=\"Escrit per\" \/>\n\t<meta name=\"twitter:data1\" content=\"Belit Lago\" \/>\n\t<meta name=\"twitter:label2\" content=\"Temps estimat de lectura\" \/>\n\t<meta name=\"twitter:data2\" content=\"4 minuts\" \/>\n<script type=\"application\/ld+json\" class=\"yoast-schema-graph\">{\"@context\":\"https:\\\/\\\/schema.org\",\"@graph\":[{\"@type\":\"Article\",\"@id\":\"https:\\\/\\\/diarieducacio.cat\\\/artseducacio\\\/2024\\\/05\\\/02\\\/el-poder-suggestiu-de-lanimacio\\\/#article\",\"isPartOf\":{\"@id\":\"https:\\\/\\\/diarieducacio.cat\\\/artseducacio\\\/2024\\\/05\\\/02\\\/el-poder-suggestiu-de-lanimacio\\\/\"},\"author\":{\"name\":\"Belit Lago\",\"@id\":\"https:\\\/\\\/diarieducacio.cat\\\/artseducacio\\\/#\\\/schema\\\/person\\\/e4ff4b27c8f857640dca0762d1684aef\"},\"headline\":\"El poder suggestiu de l\u2019animaci\u00f3\",\"datePublished\":\"2024-05-02T17:53:52+00:00\",\"dateModified\":\"2024-08-08T10:03:57+00:00\",\"mainEntityOfPage\":{\"@id\":\"https:\\\/\\\/diarieducacio.cat\\\/artseducacio\\\/2024\\\/05\\\/02\\\/el-poder-suggestiu-de-lanimacio\\\/\"},\"wordCount\":760,\"commentCount\":0,\"image\":{\"@id\":\"https:\\\/\\\/diarieducacio.cat\\\/artseducacio\\\/2024\\\/05\\\/02\\\/el-poder-suggestiu-de-lanimacio\\\/#primaryimage\"},\"thumbnailUrl\":\"https:\\\/\\\/diarieducacio.cat\\\/artseducacio\\\/wp-content\\\/uploads\\\/sites\\\/20\\\/2024\\\/05\\\/Sirocco.jpg\",\"keywords\":[\"art i cultura\",\"art i educaci\u00f3\",\"cinema\",\"CULTURA ESCOLA\",\"cultura i educaci\u00f3\",\"educaci\u00f3 art\u00edstica i cultural\"],\"articleSection\":[\"Nous punts de vista\"],\"inLanguage\":\"ca\",\"potentialAction\":[{\"@type\":\"CommentAction\",\"name\":\"Comment\",\"target\":[\"https:\\\/\\\/diarieducacio.cat\\\/artseducacio\\\/2024\\\/05\\\/02\\\/el-poder-suggestiu-de-lanimacio\\\/#respond\"]}]},{\"@type\":\"WebPage\",\"@id\":\"https:\\\/\\\/diarieducacio.cat\\\/artseducacio\\\/2024\\\/05\\\/02\\\/el-poder-suggestiu-de-lanimacio\\\/\",\"url\":\"https:\\\/\\\/diarieducacio.cat\\\/artseducacio\\\/2024\\\/05\\\/02\\\/el-poder-suggestiu-de-lanimacio\\\/\",\"name\":\"El poder suggestiu de l\u2019animaci\u00f3 - Arts & Educaci\u00f3\",\"isPartOf\":{\"@id\":\"https:\\\/\\\/diarieducacio.cat\\\/artseducacio\\\/#website\"},\"primaryImageOfPage\":{\"@id\":\"https:\\\/\\\/diarieducacio.cat\\\/artseducacio\\\/2024\\\/05\\\/02\\\/el-poder-suggestiu-de-lanimacio\\\/#primaryimage\"},\"image\":{\"@id\":\"https:\\\/\\\/diarieducacio.cat\\\/artseducacio\\\/2024\\\/05\\\/02\\\/el-poder-suggestiu-de-lanimacio\\\/#primaryimage\"},\"thumbnailUrl\":\"https:\\\/\\\/diarieducacio.cat\\\/artseducacio\\\/wp-content\\\/uploads\\\/sites\\\/20\\\/2024\\\/05\\\/Sirocco.jpg\",\"datePublished\":\"2024-05-02T17:53:52+00:00\",\"dateModified\":\"2024-08-08T10:03:57+00:00\",\"author\":{\"@id\":\"https:\\\/\\\/diarieducacio.cat\\\/artseducacio\\\/#\\\/schema\\\/person\\\/e4ff4b27c8f857640dca0762d1684aef\"},\"breadcrumb\":{\"@id\":\"https:\\\/\\\/diarieducacio.cat\\\/artseducacio\\\/2024\\\/05\\\/02\\\/el-poder-suggestiu-de-lanimacio\\\/#breadcrumb\"},\"inLanguage\":\"ca\",\"potentialAction\":[{\"@type\":\"ReadAction\",\"target\":[\"https:\\\/\\\/diarieducacio.cat\\\/artseducacio\\\/2024\\\/05\\\/02\\\/el-poder-suggestiu-de-lanimacio\\\/\"]}]},{\"@type\":\"ImageObject\",\"inLanguage\":\"ca\",\"@id\":\"https:\\\/\\\/diarieducacio.cat\\\/artseducacio\\\/2024\\\/05\\\/02\\\/el-poder-suggestiu-de-lanimacio\\\/#primaryimage\",\"url\":\"https:\\\/\\\/diarieducacio.cat\\\/artseducacio\\\/wp-content\\\/uploads\\\/sites\\\/20\\\/2024\\\/05\\\/Sirocco.jpg\",\"contentUrl\":\"https:\\\/\\\/diarieducacio.cat\\\/artseducacio\\\/wp-content\\\/uploads\\\/sites\\\/20\\\/2024\\\/05\\\/Sirocco.jpg\",\"width\":1200,\"height\":925},{\"@type\":\"BreadcrumbList\",\"@id\":\"https:\\\/\\\/diarieducacio.cat\\\/artseducacio\\\/2024\\\/05\\\/02\\\/el-poder-suggestiu-de-lanimacio\\\/#breadcrumb\",\"itemListElement\":[{\"@type\":\"ListItem\",\"position\":1,\"name\":\"Inici\",\"item\":\"https:\\\/\\\/diarieducacio.cat\\\/artseducacio\\\/\"},{\"@type\":\"ListItem\",\"position\":2,\"name\":\"El poder suggestiu de l\u2019animaci\u00f3\"}]},{\"@type\":\"WebSite\",\"@id\":\"https:\\\/\\\/diarieducacio.cat\\\/artseducacio\\\/#website\",\"url\":\"https:\\\/\\\/diarieducacio.cat\\\/artseducacio\\\/\",\"name\":\"Arts & Educaci\u00f3\",\"description\":\"Un blog de El Diari de l&#039;Educaci\u00f3\",\"potentialAction\":[{\"@type\":\"SearchAction\",\"target\":{\"@type\":\"EntryPoint\",\"urlTemplate\":\"https:\\\/\\\/diarieducacio.cat\\\/artseducacio\\\/?s={search_term_string}\"},\"query-input\":{\"@type\":\"PropertyValueSpecification\",\"valueRequired\":true,\"valueName\":\"search_term_string\"}}],\"inLanguage\":\"ca\"},{\"@type\":\"Person\",\"@id\":\"https:\\\/\\\/diarieducacio.cat\\\/artseducacio\\\/#\\\/schema\\\/person\\\/e4ff4b27c8f857640dca0762d1684aef\",\"name\":\"Belit Lago\",\"image\":{\"@type\":\"ImageObject\",\"inLanguage\":\"ca\",\"@id\":\"https:\\\/\\\/diarieducacio.cat\\\/artseducacio\\\/wp-content\\\/uploads\\\/sites\\\/20\\\/2025\\\/01\\\/blago_avatar-96x96.jpg\",\"url\":\"https:\\\/\\\/diarieducacio.cat\\\/artseducacio\\\/wp-content\\\/uploads\\\/sites\\\/20\\\/2025\\\/01\\\/blago_avatar-96x96.jpg\",\"contentUrl\":\"https:\\\/\\\/diarieducacio.cat\\\/artseducacio\\\/wp-content\\\/uploads\\\/sites\\\/20\\\/2025\\\/01\\\/blago_avatar-96x96.jpg\",\"caption\":\"Belit Lago\"},\"description\":\"Docent i cr\u00edtica de cinema\",\"url\":\"https:\\\/\\\/diarieducacio.cat\\\/artseducacio\\\/author\\\/blago\\\/\"}]}<\/script>\n<!-- \/ Yoast SEO plugin. -->","yoast_head_json":{"title":"El poder suggestiu de l\u2019animaci\u00f3 - Arts & Educaci\u00f3","robots":{"index":"index","follow":"follow","max-snippet":"max-snippet:-1","max-image-preview":"max-image-preview:large","max-video-preview":"max-video-preview:-1"},"canonical":"https:\/\/diarieducacio.cat\/artseducacio\/2024\/05\/02\/el-poder-suggestiu-de-lanimacio\/","og_locale":"ca_ES","og_type":"article","og_title":"El poder suggestiu de l\u2019animaci\u00f3 - Arts & Educaci\u00f3","og_description":"Juliette i Carme s\u00f3n les protagonistes d\u2019aquesta aventura que barreja el m\u00f3n real amb la ficci\u00f3 liter\u00e0ria amb una for\u00e7a imaginativa fascinant, on destaca un \u00fas sublim de la m\u00fasica, que acompanya significativament les emocions dels personatges, i un univers psicod\u00e8lic de colors llampants i hipn\u00f2tics. Les germanes, de quatre i vuit anys, passaran el","og_url":"https:\/\/diarieducacio.cat\/artseducacio\/2024\/05\/02\/el-poder-suggestiu-de-lanimacio\/","og_site_name":"Arts & Educaci\u00f3","article_publisher":"https:\/\/www.facebook.com\/diarieducacio\/","article_published_time":"2024-05-02T17:53:52+00:00","article_modified_time":"2024-08-08T10:03:57+00:00","og_image":[{"width":1200,"height":925,"url":"https:\/\/diarieducacio.cat\/artseducacio\/wp-content\/uploads\/sites\/20\/2024\/05\/Sirocco.jpg","type":"image\/jpeg"}],"author":"Belit Lago","twitter_card":"summary_large_image","twitter_creator":"@DiariEducacio","twitter_site":"@DiariEducacio","twitter_misc":{"Escrit per":"Belit Lago","Temps estimat de lectura":"4 minuts"},"schema":{"@context":"https:\/\/schema.org","@graph":[{"@type":"Article","@id":"https:\/\/diarieducacio.cat\/artseducacio\/2024\/05\/02\/el-poder-suggestiu-de-lanimacio\/#article","isPartOf":{"@id":"https:\/\/diarieducacio.cat\/artseducacio\/2024\/05\/02\/el-poder-suggestiu-de-lanimacio\/"},"author":{"name":"Belit Lago","@id":"https:\/\/diarieducacio.cat\/artseducacio\/#\/schema\/person\/e4ff4b27c8f857640dca0762d1684aef"},"headline":"El poder suggestiu de l\u2019animaci\u00f3","datePublished":"2024-05-02T17:53:52+00:00","dateModified":"2024-08-08T10:03:57+00:00","mainEntityOfPage":{"@id":"https:\/\/diarieducacio.cat\/artseducacio\/2024\/05\/02\/el-poder-suggestiu-de-lanimacio\/"},"wordCount":760,"commentCount":0,"image":{"@id":"https:\/\/diarieducacio.cat\/artseducacio\/2024\/05\/02\/el-poder-suggestiu-de-lanimacio\/#primaryimage"},"thumbnailUrl":"https:\/\/diarieducacio.cat\/artseducacio\/wp-content\/uploads\/sites\/20\/2024\/05\/Sirocco.jpg","keywords":["art i cultura","art i educaci\u00f3","cinema","CULTURA ESCOLA","cultura i educaci\u00f3","educaci\u00f3 art\u00edstica i cultural"],"articleSection":["Nous punts de vista"],"inLanguage":"ca","potentialAction":[{"@type":"CommentAction","name":"Comment","target":["https:\/\/diarieducacio.cat\/artseducacio\/2024\/05\/02\/el-poder-suggestiu-de-lanimacio\/#respond"]}]},{"@type":"WebPage","@id":"https:\/\/diarieducacio.cat\/artseducacio\/2024\/05\/02\/el-poder-suggestiu-de-lanimacio\/","url":"https:\/\/diarieducacio.cat\/artseducacio\/2024\/05\/02\/el-poder-suggestiu-de-lanimacio\/","name":"El poder suggestiu de l\u2019animaci\u00f3 - Arts & Educaci\u00f3","isPartOf":{"@id":"https:\/\/diarieducacio.cat\/artseducacio\/#website"},"primaryImageOfPage":{"@id":"https:\/\/diarieducacio.cat\/artseducacio\/2024\/05\/02\/el-poder-suggestiu-de-lanimacio\/#primaryimage"},"image":{"@id":"https:\/\/diarieducacio.cat\/artseducacio\/2024\/05\/02\/el-poder-suggestiu-de-lanimacio\/#primaryimage"},"thumbnailUrl":"https:\/\/diarieducacio.cat\/artseducacio\/wp-content\/uploads\/sites\/20\/2024\/05\/Sirocco.jpg","datePublished":"2024-05-02T17:53:52+00:00","dateModified":"2024-08-08T10:03:57+00:00","author":{"@id":"https:\/\/diarieducacio.cat\/artseducacio\/#\/schema\/person\/e4ff4b27c8f857640dca0762d1684aef"},"breadcrumb":{"@id":"https:\/\/diarieducacio.cat\/artseducacio\/2024\/05\/02\/el-poder-suggestiu-de-lanimacio\/#breadcrumb"},"inLanguage":"ca","potentialAction":[{"@type":"ReadAction","target":["https:\/\/diarieducacio.cat\/artseducacio\/2024\/05\/02\/el-poder-suggestiu-de-lanimacio\/"]}]},{"@type":"ImageObject","inLanguage":"ca","@id":"https:\/\/diarieducacio.cat\/artseducacio\/2024\/05\/02\/el-poder-suggestiu-de-lanimacio\/#primaryimage","url":"https:\/\/diarieducacio.cat\/artseducacio\/wp-content\/uploads\/sites\/20\/2024\/05\/Sirocco.jpg","contentUrl":"https:\/\/diarieducacio.cat\/artseducacio\/wp-content\/uploads\/sites\/20\/2024\/05\/Sirocco.jpg","width":1200,"height":925},{"@type":"BreadcrumbList","@id":"https:\/\/diarieducacio.cat\/artseducacio\/2024\/05\/02\/el-poder-suggestiu-de-lanimacio\/#breadcrumb","itemListElement":[{"@type":"ListItem","position":1,"name":"Inici","item":"https:\/\/diarieducacio.cat\/artseducacio\/"},{"@type":"ListItem","position":2,"name":"El poder suggestiu de l\u2019animaci\u00f3"}]},{"@type":"WebSite","@id":"https:\/\/diarieducacio.cat\/artseducacio\/#website","url":"https:\/\/diarieducacio.cat\/artseducacio\/","name":"Arts & Educaci\u00f3","description":"Un blog de El Diari de l&#039;Educaci\u00f3","potentialAction":[{"@type":"SearchAction","target":{"@type":"EntryPoint","urlTemplate":"https:\/\/diarieducacio.cat\/artseducacio\/?s={search_term_string}"},"query-input":{"@type":"PropertyValueSpecification","valueRequired":true,"valueName":"search_term_string"}}],"inLanguage":"ca"},{"@type":"Person","@id":"https:\/\/diarieducacio.cat\/artseducacio\/#\/schema\/person\/e4ff4b27c8f857640dca0762d1684aef","name":"Belit Lago","image":{"@type":"ImageObject","inLanguage":"ca","@id":"https:\/\/diarieducacio.cat\/artseducacio\/wp-content\/uploads\/sites\/20\/2025\/01\/blago_avatar-96x96.jpg","url":"https:\/\/diarieducacio.cat\/artseducacio\/wp-content\/uploads\/sites\/20\/2025\/01\/blago_avatar-96x96.jpg","contentUrl":"https:\/\/diarieducacio.cat\/artseducacio\/wp-content\/uploads\/sites\/20\/2025\/01\/blago_avatar-96x96.jpg","caption":"Belit Lago"},"description":"Docent i cr\u00edtica de cinema","url":"https:\/\/diarieducacio.cat\/artseducacio\/author\/blago\/"}]}},"_links":{"self":[{"href":"https:\/\/diarieducacio.cat\/artseducacio\/wp-json\/wp\/v2\/posts\/2703","targetHints":{"allow":["GET"]}}],"collection":[{"href":"https:\/\/diarieducacio.cat\/artseducacio\/wp-json\/wp\/v2\/posts"}],"about":[{"href":"https:\/\/diarieducacio.cat\/artseducacio\/wp-json\/wp\/v2\/types\/post"}],"author":[{"embeddable":true,"href":"https:\/\/diarieducacio.cat\/artseducacio\/wp-json\/wp\/v2\/users\/1191"}],"replies":[{"embeddable":true,"href":"https:\/\/diarieducacio.cat\/artseducacio\/wp-json\/wp\/v2\/comments?post=2703"}],"version-history":[{"count":1,"href":"https:\/\/diarieducacio.cat\/artseducacio\/wp-json\/wp\/v2\/posts\/2703\/revisions"}],"predecessor-version":[{"id":2745,"href":"https:\/\/diarieducacio.cat\/artseducacio\/wp-json\/wp\/v2\/posts\/2703\/revisions\/2745"}],"wp:featuredmedia":[{"embeddable":true,"href":"https:\/\/diarieducacio.cat\/artseducacio\/wp-json\/wp\/v2\/media\/2704"}],"wp:attachment":[{"href":"https:\/\/diarieducacio.cat\/artseducacio\/wp-json\/wp\/v2\/media?parent=2703"}],"wp:term":[{"taxonomy":"category","embeddable":true,"href":"https:\/\/diarieducacio.cat\/artseducacio\/wp-json\/wp\/v2\/categories?post=2703"},{"taxonomy":"post_tag","embeddable":true,"href":"https:\/\/diarieducacio.cat\/artseducacio\/wp-json\/wp\/v2\/tags?post=2703"},{"taxonomy":"tipo","embeddable":true,"href":"https:\/\/diarieducacio.cat\/artseducacio\/wp-json\/wp\/v2\/tipo?post=2703"}],"curies":[{"name":"wp","href":"https:\/\/api.w.org\/{rel}","templated":true}]}}