{"id":2709,"date":"2024-05-17T10:59:51","date_gmt":"2024-05-17T08:59:51","guid":{"rendered":"https:\/\/diarieducacio.cat\/ArtsEducacio\/?p=1966"},"modified":"2024-08-08T12:03:57","modified_gmt":"2024-08-08T10:03:57","slug":"els-bons-docents","status":"publish","type":"post","link":"https:\/\/diarieducacio.cat\/artseducacio\/2024\/05\/17\/els-bons-docents\/","title":{"rendered":"Els bons docents"},"content":{"rendered":"<p>Els bons professors i les bones professores es divorcien, tenen problemes de comunicaci\u00f3 amb els fills, pateixen estr\u00e8s, pensen en si val la pena continuar fent classes, tenen dies bons i dolents, i s\u2019aixequen per anar a l\u2019escola o l\u2019institut tot prioritzant el benestar i l\u2019aprenentatge de l\u2019alumnat, aix\u00ed com el companyerisme amb la resta de docents.<\/p>\n<p>\u2018Los buenos profesores\u2019 \u00e9s la nova pel\u00b7l\u00edcula de Thomas Lilti, en qu\u00e8 Pierre, Meriem, Fouad, Sophie, Sandrine, Alix i Sofiane se\u2019ns presenten com un grup de professors compromesos. Se\u2019ls uneix Benjamin, el nou profe de matem\u00e0tiques, que est\u00e0 fent una supl\u00e8ncia, no t\u00e9 experi\u00e8ncia i r\u00e0pidament coneix les dificultats de portar una classe amb 30 alumnes, a vegades amb \u00e8xit i altres amb aut\u00e8ntics problemes que van m\u00e9s enll\u00e0 de les parets del centre educatiu.<\/p>\n<p>La pel\u00b7l\u00edcula mostra la passi\u00f3 per l\u2019ensenyament i tamb\u00e9 la fragilitat. Aporta la visi\u00f3 del professorat, que tamb\u00e9 duu les seves motxilles familiars i personals, amb les seves pors i els seus somnis.<\/p>\n<p><iframe title=\"LOS BUENOS PROFESORES. Tr\u00e1iler oficial (VOSE). 17 de mayo en cines.\" width=\"788\" height=\"443\" src=\"https:\/\/www.youtube.com\/embed\/LD2KlRY6rvQ?feature=oembed\" frameborder=\"0\" allow=\"accelerometer; autoplay; clipboard-write; encrypted-media; gyroscope; picture-in-picture; web-share\" referrerpolicy=\"strict-origin-when-cross-origin\" allowfullscreen><\/iframe><\/p>\n<p>D&#8217;aquesta manera, el cineaste i metgeThomas Lilti, conegut per films com \u2018Hip\u00f2crates\u2019 i \u2018Un doctor al camp\u2019, fa un retrat coral d\u2019un grup de docents, posant el focus en Benjamin (Vincent Lacoste) i en petites trames de cadascuna de la vida de la resta de companys i companyes.<\/p>\n<p>Benjamin mira de buscar l&#8217;atenci\u00f3 dels estudiants i, per aix\u00f2, acaba cercant tutorials a Internet i assaja com fer les classes. Hi ha altres perfils: el del veter\u00e0 que sap posar ordre per\u00f2 no sap si ho est\u00e0 fent b\u00e9, el de la mestra vocacional que comparteix la cust\u00f2dia del seu fill petit amb el seu ex, el de la professora preocupada per les classes i pel seu fill adolescent i agressiu, o el de la parella d\u2019educadors f\u00edsics que d\u2019alguna manera i sense dir-ho amb paraules t\u00e9 una gran complicitat.<\/p>\n<p>El t\u00edtol original de la pel\u00b7l\u00edcula \u00e9s \u2018Un m\u00e9tier s\u00e9rieux\u2019 (\u2018Una feina seriosa\u2019) i s&#8217;apropa al que vol mostrar Lilti: la implicaci\u00f3 d&#8217;uns personatges que ho volen fer b\u00e9 perqu\u00e8 tenen la responsabilitat de guiar els joves. Tot i les difer\u00e8ncies, el professorat es fa costat debatent, discutint i, sobretot, aportant empatia.<\/p>\n","protected":false},"excerpt":{"rendered":"<p>Els bons professors i les bones professores es divorcien, tenen problemes de comunicaci\u00f3 amb els fills, pateixen estr\u00e8s, pensen en si val la pena continuar fent classes, tenen dies bons i dolents, i s\u2019aixequen per anar a l\u2019escola o l\u2019institut tot prioritzant el benestar i l\u2019aprenentatge de l\u2019alumnat, aix\u00ed com el companyerisme amb la resta<\/p>\n","protected":false},"author":24,"featured_media":2710,"comment_status":"open","ping_status":"open","sticky":false,"template":"","format":"standard","meta":{"footnotes":""},"categories":[107],"tags":[292],"tipo":[],"class_list":{"0":"post-2709","1":"post","2":"type-post","3":"status-publish","4":"format-standard","5":"has-post-thumbnail","7":"category-materials-i-recursos","8":"tag-cinema"},"yoast_head":"<!-- This site is optimized with the Yoast SEO plugin v27.4 - https:\/\/yoast.com\/product\/yoast-seo-wordpress\/ -->\n<title>Els bons docents - Arts &amp; Educaci\u00f3<\/title>\n<meta name=\"robots\" content=\"index, follow, max-snippet:-1, max-image-preview:large, max-video-preview:-1\" \/>\n<link rel=\"canonical\" href=\"https:\/\/diarieducacio.cat\/artseducacio\/2024\/05\/17\/els-bons-docents\/\" \/>\n<meta property=\"og:locale\" content=\"ca_ES\" \/>\n<meta property=\"og:type\" content=\"article\" \/>\n<meta property=\"og:title\" content=\"Els bons docents - Arts &amp; Educaci\u00f3\" \/>\n<meta property=\"og:description\" content=\"Els bons professors i les bones professores es divorcien, tenen problemes de comunicaci\u00f3 amb els fills, pateixen estr\u00e8s, pensen en si val la pena continuar fent classes, tenen dies bons i dolents, i s\u2019aixequen per anar a l\u2019escola o l\u2019institut tot prioritzant el benestar i l\u2019aprenentatge de l\u2019alumnat, aix\u00ed com el companyerisme amb la resta\" \/>\n<meta property=\"og:url\" content=\"https:\/\/diarieducacio.cat\/artseducacio\/2024\/05\/17\/els-bons-docents\/\" \/>\n<meta property=\"og:site_name\" content=\"Arts &amp; Educaci\u00f3\" \/>\n<meta property=\"article:publisher\" content=\"https:\/\/www.facebook.com\/diarieducacio\/\" \/>\n<meta property=\"article:published_time\" content=\"2024-05-17T08:59:51+00:00\" \/>\n<meta property=\"article:modified_time\" content=\"2024-08-08T10:03:57+00:00\" \/>\n<meta property=\"og:image\" content=\"https:\/\/diarieducacio.cat\/artseducacio\/wp-content\/uploads\/sites\/20\/2024\/05\/1711100864-e1715935946428.jpg\" \/>\n\t<meta property=\"og:image:width\" content=\"499\" \/>\n\t<meta property=\"og:image:height\" content=\"518\" \/>\n\t<meta property=\"og:image:type\" content=\"image\/jpeg\" \/>\n<meta name=\"author\" content=\"Ana Basanta\" \/>\n<meta name=\"twitter:card\" content=\"summary_large_image\" \/>\n<meta name=\"twitter:creator\" content=\"@anabasantad\" \/>\n<meta name=\"twitter:site\" content=\"@DiariEducacio\" \/>\n<meta name=\"twitter:label1\" content=\"Escrit per\" \/>\n\t<meta name=\"twitter:data1\" content=\"Ana Basanta\" \/>\n\t<meta name=\"twitter:label2\" content=\"Temps estimat de lectura\" \/>\n\t<meta name=\"twitter:data2\" content=\"2 minuts\" \/>\n<script type=\"application\/ld+json\" class=\"yoast-schema-graph\">{\"@context\":\"https:\\\/\\\/schema.org\",\"@graph\":[{\"@type\":\"Article\",\"@id\":\"https:\\\/\\\/diarieducacio.cat\\\/artseducacio\\\/2024\\\/05\\\/17\\\/els-bons-docents\\\/#article\",\"isPartOf\":{\"@id\":\"https:\\\/\\\/diarieducacio.cat\\\/artseducacio\\\/2024\\\/05\\\/17\\\/els-bons-docents\\\/\"},\"author\":{\"name\":\"Ana Basanta\",\"@id\":\"https:\\\/\\\/diarieducacio.cat\\\/artseducacio\\\/#\\\/schema\\\/person\\\/31daca0eb4e14fbe623fc7527ef382ae\"},\"headline\":\"Els bons docents\",\"datePublished\":\"2024-05-17T08:59:51+00:00\",\"dateModified\":\"2024-08-08T10:03:57+00:00\",\"mainEntityOfPage\":{\"@id\":\"https:\\\/\\\/diarieducacio.cat\\\/artseducacio\\\/2024\\\/05\\\/17\\\/els-bons-docents\\\/\"},\"wordCount\":402,\"commentCount\":0,\"image\":{\"@id\":\"https:\\\/\\\/diarieducacio.cat\\\/artseducacio\\\/2024\\\/05\\\/17\\\/els-bons-docents\\\/#primaryimage\"},\"thumbnailUrl\":\"https:\\\/\\\/diarieducacio.cat\\\/artseducacio\\\/wp-content\\\/uploads\\\/sites\\\/20\\\/2024\\\/05\\\/1711100864-e1715935946428.jpg\",\"keywords\":[\"cinema\"],\"articleSection\":[\"Materials i recursos\"],\"inLanguage\":\"ca\",\"potentialAction\":[{\"@type\":\"CommentAction\",\"name\":\"Comment\",\"target\":[\"https:\\\/\\\/diarieducacio.cat\\\/artseducacio\\\/2024\\\/05\\\/17\\\/els-bons-docents\\\/#respond\"]}]},{\"@type\":\"WebPage\",\"@id\":\"https:\\\/\\\/diarieducacio.cat\\\/artseducacio\\\/2024\\\/05\\\/17\\\/els-bons-docents\\\/\",\"url\":\"https:\\\/\\\/diarieducacio.cat\\\/artseducacio\\\/2024\\\/05\\\/17\\\/els-bons-docents\\\/\",\"name\":\"Els bons docents - Arts & Educaci\u00f3\",\"isPartOf\":{\"@id\":\"https:\\\/\\\/diarieducacio.cat\\\/artseducacio\\\/#website\"},\"primaryImageOfPage\":{\"@id\":\"https:\\\/\\\/diarieducacio.cat\\\/artseducacio\\\/2024\\\/05\\\/17\\\/els-bons-docents\\\/#primaryimage\"},\"image\":{\"@id\":\"https:\\\/\\\/diarieducacio.cat\\\/artseducacio\\\/2024\\\/05\\\/17\\\/els-bons-docents\\\/#primaryimage\"},\"thumbnailUrl\":\"https:\\\/\\\/diarieducacio.cat\\\/artseducacio\\\/wp-content\\\/uploads\\\/sites\\\/20\\\/2024\\\/05\\\/1711100864-e1715935946428.jpg\",\"datePublished\":\"2024-05-17T08:59:51+00:00\",\"dateModified\":\"2024-08-08T10:03:57+00:00\",\"author\":{\"@id\":\"https:\\\/\\\/diarieducacio.cat\\\/artseducacio\\\/#\\\/schema\\\/person\\\/31daca0eb4e14fbe623fc7527ef382ae\"},\"breadcrumb\":{\"@id\":\"https:\\\/\\\/diarieducacio.cat\\\/artseducacio\\\/2024\\\/05\\\/17\\\/els-bons-docents\\\/#breadcrumb\"},\"inLanguage\":\"ca\",\"potentialAction\":[{\"@type\":\"ReadAction\",\"target\":[\"https:\\\/\\\/diarieducacio.cat\\\/artseducacio\\\/2024\\\/05\\\/17\\\/els-bons-docents\\\/\"]}]},{\"@type\":\"ImageObject\",\"inLanguage\":\"ca\",\"@id\":\"https:\\\/\\\/diarieducacio.cat\\\/artseducacio\\\/2024\\\/05\\\/17\\\/els-bons-docents\\\/#primaryimage\",\"url\":\"https:\\\/\\\/diarieducacio.cat\\\/artseducacio\\\/wp-content\\\/uploads\\\/sites\\\/20\\\/2024\\\/05\\\/1711100864-e1715935946428.jpg\",\"contentUrl\":\"https:\\\/\\\/diarieducacio.cat\\\/artseducacio\\\/wp-content\\\/uploads\\\/sites\\\/20\\\/2024\\\/05\\\/1711100864-e1715935946428.jpg\",\"width\":499,\"height\":518},{\"@type\":\"BreadcrumbList\",\"@id\":\"https:\\\/\\\/diarieducacio.cat\\\/artseducacio\\\/2024\\\/05\\\/17\\\/els-bons-docents\\\/#breadcrumb\",\"itemListElement\":[{\"@type\":\"ListItem\",\"position\":1,\"name\":\"Inici\",\"item\":\"https:\\\/\\\/diarieducacio.cat\\\/artseducacio\\\/\"},{\"@type\":\"ListItem\",\"position\":2,\"name\":\"Els bons docents\"}]},{\"@type\":\"WebSite\",\"@id\":\"https:\\\/\\\/diarieducacio.cat\\\/artseducacio\\\/#website\",\"url\":\"https:\\\/\\\/diarieducacio.cat\\\/artseducacio\\\/\",\"name\":\"Arts & Educaci\u00f3\",\"description\":\"Un blog de El Diari de l&#039;Educaci\u00f3\",\"potentialAction\":[{\"@type\":\"SearchAction\",\"target\":{\"@type\":\"EntryPoint\",\"urlTemplate\":\"https:\\\/\\\/diarieducacio.cat\\\/artseducacio\\\/?s={search_term_string}\"},\"query-input\":{\"@type\":\"PropertyValueSpecification\",\"valueRequired\":true,\"valueName\":\"search_term_string\"}}],\"inLanguage\":\"ca\"},{\"@type\":\"Person\",\"@id\":\"https:\\\/\\\/diarieducacio.cat\\\/artseducacio\\\/#\\\/schema\\\/person\\\/31daca0eb4e14fbe623fc7527ef382ae\",\"name\":\"Ana Basanta\",\"image\":{\"@type\":\"ImageObject\",\"inLanguage\":\"ca\",\"@id\":\"https:\\\/\\\/diarieducacio.cat\\\/wp-content\\\/uploads\\\/2024\\\/11\\\/ana-basanta_avatar-96x96.jpg\",\"url\":\"https:\\\/\\\/diarieducacio.cat\\\/wp-content\\\/uploads\\\/2024\\\/11\\\/ana-basanta_avatar-96x96.jpg\",\"contentUrl\":\"https:\\\/\\\/diarieducacio.cat\\\/wp-content\\\/uploads\\\/2024\\\/11\\\/ana-basanta_avatar-96x96.jpg\",\"caption\":\"Ana Basanta\"},\"description\":\"Directora del Diari de l'Educaci\u00f3. Llicenciada en Hist\u00f2ria i en Ci\u00e8ncies de la Comunicaci\u00f3. Especialitzada en tem\u00e0tiques socials. Autora dels llibres \\\"La aldea del silencio\\\", \\\"D\u00edas que valieron la pena\\\", \\\"Doctor, no voy a rendirme\\\" i \\\"L\u00edbano desconocido\\\", entre d'altres.\",\"sameAs\":[\"https:\\\/\\\/x.com\\\/anabasantad\"],\"url\":\"https:\\\/\\\/diarieducacio.cat\\\/artseducacio\\\/author\\\/abansanta\\\/\"}]}<\/script>\n<!-- \/ Yoast SEO plugin. -->","yoast_head_json":{"title":"Els bons docents - Arts & Educaci\u00f3","robots":{"index":"index","follow":"follow","max-snippet":"max-snippet:-1","max-image-preview":"max-image-preview:large","max-video-preview":"max-video-preview:-1"},"canonical":"https:\/\/diarieducacio.cat\/artseducacio\/2024\/05\/17\/els-bons-docents\/","og_locale":"ca_ES","og_type":"article","og_title":"Els bons docents - Arts & Educaci\u00f3","og_description":"Els bons professors i les bones professores es divorcien, tenen problemes de comunicaci\u00f3 amb els fills, pateixen estr\u00e8s, pensen en si val la pena continuar fent classes, tenen dies bons i dolents, i s\u2019aixequen per anar a l\u2019escola o l\u2019institut tot prioritzant el benestar i l\u2019aprenentatge de l\u2019alumnat, aix\u00ed com el companyerisme amb la resta","og_url":"https:\/\/diarieducacio.cat\/artseducacio\/2024\/05\/17\/els-bons-docents\/","og_site_name":"Arts & Educaci\u00f3","article_publisher":"https:\/\/www.facebook.com\/diarieducacio\/","article_published_time":"2024-05-17T08:59:51+00:00","article_modified_time":"2024-08-08T10:03:57+00:00","og_image":[{"width":499,"height":518,"url":"https:\/\/diarieducacio.cat\/artseducacio\/wp-content\/uploads\/sites\/20\/2024\/05\/1711100864-e1715935946428.jpg","type":"image\/jpeg"}],"author":"Ana Basanta","twitter_card":"summary_large_image","twitter_creator":"@anabasantad","twitter_site":"@DiariEducacio","twitter_misc":{"Escrit per":"Ana Basanta","Temps estimat de lectura":"2 minuts"},"schema":{"@context":"https:\/\/schema.org","@graph":[{"@type":"Article","@id":"https:\/\/diarieducacio.cat\/artseducacio\/2024\/05\/17\/els-bons-docents\/#article","isPartOf":{"@id":"https:\/\/diarieducacio.cat\/artseducacio\/2024\/05\/17\/els-bons-docents\/"},"author":{"name":"Ana Basanta","@id":"https:\/\/diarieducacio.cat\/artseducacio\/#\/schema\/person\/31daca0eb4e14fbe623fc7527ef382ae"},"headline":"Els bons docents","datePublished":"2024-05-17T08:59:51+00:00","dateModified":"2024-08-08T10:03:57+00:00","mainEntityOfPage":{"@id":"https:\/\/diarieducacio.cat\/artseducacio\/2024\/05\/17\/els-bons-docents\/"},"wordCount":402,"commentCount":0,"image":{"@id":"https:\/\/diarieducacio.cat\/artseducacio\/2024\/05\/17\/els-bons-docents\/#primaryimage"},"thumbnailUrl":"https:\/\/diarieducacio.cat\/artseducacio\/wp-content\/uploads\/sites\/20\/2024\/05\/1711100864-e1715935946428.jpg","keywords":["cinema"],"articleSection":["Materials i recursos"],"inLanguage":"ca","potentialAction":[{"@type":"CommentAction","name":"Comment","target":["https:\/\/diarieducacio.cat\/artseducacio\/2024\/05\/17\/els-bons-docents\/#respond"]}]},{"@type":"WebPage","@id":"https:\/\/diarieducacio.cat\/artseducacio\/2024\/05\/17\/els-bons-docents\/","url":"https:\/\/diarieducacio.cat\/artseducacio\/2024\/05\/17\/els-bons-docents\/","name":"Els bons docents - Arts & Educaci\u00f3","isPartOf":{"@id":"https:\/\/diarieducacio.cat\/artseducacio\/#website"},"primaryImageOfPage":{"@id":"https:\/\/diarieducacio.cat\/artseducacio\/2024\/05\/17\/els-bons-docents\/#primaryimage"},"image":{"@id":"https:\/\/diarieducacio.cat\/artseducacio\/2024\/05\/17\/els-bons-docents\/#primaryimage"},"thumbnailUrl":"https:\/\/diarieducacio.cat\/artseducacio\/wp-content\/uploads\/sites\/20\/2024\/05\/1711100864-e1715935946428.jpg","datePublished":"2024-05-17T08:59:51+00:00","dateModified":"2024-08-08T10:03:57+00:00","author":{"@id":"https:\/\/diarieducacio.cat\/artseducacio\/#\/schema\/person\/31daca0eb4e14fbe623fc7527ef382ae"},"breadcrumb":{"@id":"https:\/\/diarieducacio.cat\/artseducacio\/2024\/05\/17\/els-bons-docents\/#breadcrumb"},"inLanguage":"ca","potentialAction":[{"@type":"ReadAction","target":["https:\/\/diarieducacio.cat\/artseducacio\/2024\/05\/17\/els-bons-docents\/"]}]},{"@type":"ImageObject","inLanguage":"ca","@id":"https:\/\/diarieducacio.cat\/artseducacio\/2024\/05\/17\/els-bons-docents\/#primaryimage","url":"https:\/\/diarieducacio.cat\/artseducacio\/wp-content\/uploads\/sites\/20\/2024\/05\/1711100864-e1715935946428.jpg","contentUrl":"https:\/\/diarieducacio.cat\/artseducacio\/wp-content\/uploads\/sites\/20\/2024\/05\/1711100864-e1715935946428.jpg","width":499,"height":518},{"@type":"BreadcrumbList","@id":"https:\/\/diarieducacio.cat\/artseducacio\/2024\/05\/17\/els-bons-docents\/#breadcrumb","itemListElement":[{"@type":"ListItem","position":1,"name":"Inici","item":"https:\/\/diarieducacio.cat\/artseducacio\/"},{"@type":"ListItem","position":2,"name":"Els bons docents"}]},{"@type":"WebSite","@id":"https:\/\/diarieducacio.cat\/artseducacio\/#website","url":"https:\/\/diarieducacio.cat\/artseducacio\/","name":"Arts & Educaci\u00f3","description":"Un blog de El Diari de l&#039;Educaci\u00f3","potentialAction":[{"@type":"SearchAction","target":{"@type":"EntryPoint","urlTemplate":"https:\/\/diarieducacio.cat\/artseducacio\/?s={search_term_string}"},"query-input":{"@type":"PropertyValueSpecification","valueRequired":true,"valueName":"search_term_string"}}],"inLanguage":"ca"},{"@type":"Person","@id":"https:\/\/diarieducacio.cat\/artseducacio\/#\/schema\/person\/31daca0eb4e14fbe623fc7527ef382ae","name":"Ana Basanta","image":{"@type":"ImageObject","inLanguage":"ca","@id":"https:\/\/diarieducacio.cat\/wp-content\/uploads\/2024\/11\/ana-basanta_avatar-96x96.jpg","url":"https:\/\/diarieducacio.cat\/wp-content\/uploads\/2024\/11\/ana-basanta_avatar-96x96.jpg","contentUrl":"https:\/\/diarieducacio.cat\/wp-content\/uploads\/2024\/11\/ana-basanta_avatar-96x96.jpg","caption":"Ana Basanta"},"description":"Directora del Diari de l'Educaci\u00f3. Llicenciada en Hist\u00f2ria i en Ci\u00e8ncies de la Comunicaci\u00f3. Especialitzada en tem\u00e0tiques socials. Autora dels llibres \"La aldea del silencio\", \"D\u00edas que valieron la pena\", \"Doctor, no voy a rendirme\" i \"L\u00edbano desconocido\", entre d'altres.","sameAs":["https:\/\/x.com\/anabasantad"],"url":"https:\/\/diarieducacio.cat\/artseducacio\/author\/abansanta\/"}]}},"_links":{"self":[{"href":"https:\/\/diarieducacio.cat\/artseducacio\/wp-json\/wp\/v2\/posts\/2709","targetHints":{"allow":["GET"]}}],"collection":[{"href":"https:\/\/diarieducacio.cat\/artseducacio\/wp-json\/wp\/v2\/posts"}],"about":[{"href":"https:\/\/diarieducacio.cat\/artseducacio\/wp-json\/wp\/v2\/types\/post"}],"author":[{"embeddable":true,"href":"https:\/\/diarieducacio.cat\/artseducacio\/wp-json\/wp\/v2\/users\/24"}],"replies":[{"embeddable":true,"href":"https:\/\/diarieducacio.cat\/artseducacio\/wp-json\/wp\/v2\/comments?post=2709"}],"version-history":[{"count":1,"href":"https:\/\/diarieducacio.cat\/artseducacio\/wp-json\/wp\/v2\/posts\/2709\/revisions"}],"predecessor-version":[{"id":2747,"href":"https:\/\/diarieducacio.cat\/artseducacio\/wp-json\/wp\/v2\/posts\/2709\/revisions\/2747"}],"wp:featuredmedia":[{"embeddable":true,"href":"https:\/\/diarieducacio.cat\/artseducacio\/wp-json\/wp\/v2\/media\/2710"}],"wp:attachment":[{"href":"https:\/\/diarieducacio.cat\/artseducacio\/wp-json\/wp\/v2\/media?parent=2709"}],"wp:term":[{"taxonomy":"category","embeddable":true,"href":"https:\/\/diarieducacio.cat\/artseducacio\/wp-json\/wp\/v2\/categories?post=2709"},{"taxonomy":"post_tag","embeddable":true,"href":"https:\/\/diarieducacio.cat\/artseducacio\/wp-json\/wp\/v2\/tags?post=2709"},{"taxonomy":"tipo","embeddable":true,"href":"https:\/\/diarieducacio.cat\/artseducacio\/wp-json\/wp\/v2\/tipo?post=2709"}],"curies":[{"name":"wp","href":"https:\/\/api.w.org\/{rel}","templated":true}]}}