{"id":2736,"date":"2024-07-25T11:53:55","date_gmt":"2024-07-25T09:53:55","guid":{"rendered":"https:\/\/diarieducacio.cat\/ArtsEducacio\/?p=2056"},"modified":"2024-08-08T12:03:58","modified_gmt":"2024-08-08T10:03:58","slug":"museus-de-barcelona-participen-en-la-jornada-de-cocreacio-aralab","status":"publish","type":"post","link":"https:\/\/diarieducacio.cat\/artseducacio\/2024\/07\/25\/museus-de-barcelona-participen-en-la-jornada-de-cocreacio-aralab\/","title":{"rendered":"Museus de Barcelona participen en la jornada de cocreaci\u00f3 Aralab"},"content":{"rendered":"<p>L&#8217;any 2022, la Direcci\u00f3 de Patrimoni Cultural i l&#8217;Institut de Cultura de l&#8217;Ajuntament de Barcelona va impulsar la Taula Educaci\u00f3 i Museus per tal d&#8217;acordar conjuntament estrat\u00e8gies educatives a impulsar per tal d&#8217;ajustar-se a les metodologies educatives de les escoles. Des dels seus inicis, la taula la gestiona Adhoc Cultura, empresa catalana dedicada a donar eines per apropar la cultura a tothom per a la millora i la transformaci\u00f3 social.<\/p>\n<p>La Taula treballa de manera coordinada amb el Consell d\u2019Innovaci\u00f3 Pedag\u00f2gica, i tamb\u00e9 vol incentivar el disseny de programes de col\u00b7laboraci\u00f3 regular entre museus i centres educatius per continuar fomentant el paper dels museus en l\u2019educaci\u00f3 al llarg de la vida, avan\u00e7ant en la relaci\u00f3 amb altres agents educatius (universitats, centres de formaci\u00f3 professional, entitats d\u2019educaci\u00f3 en el lleure, escoles de dansa i m\u00fasica), socials (associacions culturals, socials, ve\u00efnals, entitats del tercer sector) i art\u00edstics.<\/p>\n<p>Amb aquest prop\u00f2sit s&#8217;han anat realitzant diverses activitats conjuntes, una d&#8217;elles, la jornada participativa Aralab TEM. Aquesta l&#8217;organitzen Adhoc Cultura i l\u2019ICUB amb l\u2019Ajuda de la Universitat de Barcelona. Un esdeveniment obert als museus i espais patrimonials que formen part de la Taula on es proposa als assistents formar part d&#8217;un proc\u00e9s de cocreaci\u00f3 per tal de crear un avantprojecte d\u2019una activitat educativa per l\u2019entitat que representen, dirigida a atraure nous p\u00fablics i que reculli tots els aprenentatges fets durant les diferents sessions organitzades per la Taula pr\u00e8viament.<\/p>\n<h3>Participants i metodologia<\/h3>\n<p>Els museus i els espais patrimonials que han assistit en aquesta activitat s\u00f3n: el Museu Picasso, DHUB-Museu del Disseny, La Capella Cip, el Reial Monestir de Santa Maria de Pedralbes, Museu Frederic Mar\u00e8s, Museu Etnol\u00f2gic i de Cultures del M\u00f3n, el Museu de Ci\u00e8ncies Naturals de Barcelona, El Born CCM, MUHBA i el Castell de Montju\u00efc. Els participants formen part del departament educatiu del museu, d&#8217;altres \u00e0rees i fins i tot, tamb\u00e9 educadors i professorat de confian\u00e7a del mateix museu.<\/p>\n<figure id=\"attachment_2057\" aria-describedby=\"caption-attachment-2057\" style=\"width: 1800px\" class=\"wp-caption aligncenter\"><img fetchpriority=\"high\" decoding=\"async\" class=\"wp-image-2057 size-full\" src=\"https:\/\/nostalgic-ishizaka.82-223-1-47.plesk.page\/artseducacio\/wp-content\/uploads\/sites\/20\/2024\/07\/7F2A1400.jpg\" alt=\"Equips treballant en l'Aralab \/ Foto: Mart\u00ed E. Berenguer\" width=\"1800\" height=\"1214\" \/><figcaption id=\"caption-attachment-2057\" class=\"wp-caption-text\">Equips treballant en l&#8217;Aralab | Mart\u00ed E. Berenguer<\/figcaption><\/figure>\n<p>Una jornada pensada per fer xarxa i cercar l&#8217;impacte social i educatiu. Cada centre ha creat un equip que a partir d&#8217;una metodologia de disseny d\u2019activitats basada en el Design Thinking ha viscut un proc\u00e9s creatiu i d&#8217;exploraci\u00f3 a l&#8217;hora de crear una nova proposta educativa. Una proposta que en alguns casos ja portaven desenvolupada pr\u00e8viament, amb alguna idea o en d&#8217;altres, s&#8217;han animat a pensar-la de zero. En tot moment, aquests equips han comptat amb l&#8217;ajuda i assessorament dels facilitadors d&#8217;Adhoc Cultura que han seguit de prop el proc\u00e9s dels equips.<\/p>\n<h3>Objectiu: nous p\u00fablics<\/h3>\n<p>El repte que s&#8217;ha plantejat a l&#8217;hora d&#8217;idear el prototip de l&#8217;activitat ha estat el de construir una proposta per generar impacte als nous p\u00fablics que venen com s\u00f3n la gent gran, les entitats i els joves.<\/p>\n<p>Finalment, totes les propostes s&#8217;han avaluat conjuntament entre els participants tenint en compte diferents criteris, com ara la seva rellev\u00e0ncia, la seva viabilitat, l&#8217;originalitat, la xarxa que crea amb la comunitat, el seu desenvolupament i la futura transfer\u00e8ncia.<\/p>\n<figure id=\"attachment_2059\" aria-describedby=\"caption-attachment-2059\" style=\"width: 1800px\" class=\"wp-caption aligncenter\"><img decoding=\"async\" class=\"wp-image-2059 size-full\" src=\"https:\/\/nostalgic-ishizaka.82-223-1-47.plesk.page\/artseducacio\/wp-content\/uploads\/sites\/20\/2024\/07\/7F2A1154.jpg\" alt=\"\" width=\"1800\" height=\"1200\" \/><figcaption id=\"caption-attachment-2059\" class=\"wp-caption-text\">Llu\u00eds Puigbert creant el visual concept de l&#8217;Aralab | Mart\u00ed E. Berenguer<\/figcaption><\/figure>\n<p>Com a incentiu l&#8217;organitzaci\u00f3 ha pensat un premi per a l&#8217;equip guanyador, deu hores de consultoria per part d\u2019Adhoc Cultura. En aquesta ocasi\u00f3, ha estat per a l&#8217;equip del museu de Ci\u00e8ncies Naturals de Barcelona.<\/p>\n","protected":false},"excerpt":{"rendered":"<p>L&#8217;any 2022, la Direcci\u00f3 de Patrimoni Cultural i l&#8217;Institut de Cultura de l&#8217;Ajuntament de Barcelona va impulsar la Taula Educaci\u00f3 i Museus per tal d&#8217;acordar conjuntament estrat\u00e8gies educatives a impulsar per tal d&#8217;ajustar-se a les metodologies educatives de les escoles. Des dels seus inicis, la taula la gestiona Adhoc Cultura, empresa catalana dedicada a donar<\/p>\n","protected":false},"author":63,"featured_media":2738,"comment_status":"open","ping_status":"open","sticky":false,"template":"","format":"standard","meta":{"footnotes":""},"categories":[142],"tags":[136,153,203,182,138,126,96,97,127,128,140],"tipo":[],"class_list":{"0":"post-2736","1":"post","2":"type-post","3":"status-publish","4":"format-standard","5":"has-post-thumbnail","7":"category-con","8":"tag-activitats-educatives","9":"tag-activitats-escolars","10":"tag-art-i-cultura","11":"tag-art-i-educacio","12":"tag-art-i-escola","13":"tag-beneficis-de-la-cultura-i-educacio-artistica","14":"tag-cultura-bcn","15":"tag-cultura-escola","16":"tag-cultura-i-educacio","17":"tag-educacio-artistica-i-participacio-cultural","18":"tag-museus"},"yoast_head":"<!-- This site is optimized with the Yoast SEO plugin v27.4 - https:\/\/yoast.com\/product\/yoast-seo-wordpress\/ -->\n<title>Museus de Barcelona participen en la jornada de cocreaci\u00f3 Aralab - Arts &amp; Educaci\u00f3<\/title>\n<meta name=\"robots\" content=\"index, follow, max-snippet:-1, max-image-preview:large, max-video-preview:-1\" \/>\n<link rel=\"canonical\" href=\"https:\/\/diarieducacio.cat\/artseducacio\/2024\/07\/25\/museus-de-barcelona-participen-en-la-jornada-de-cocreacio-aralab\/\" \/>\n<meta property=\"og:locale\" content=\"ca_ES\" \/>\n<meta property=\"og:type\" content=\"article\" \/>\n<meta property=\"og:title\" content=\"Museus de Barcelona participen en la jornada de cocreaci\u00f3 Aralab - Arts &amp; Educaci\u00f3\" \/>\n<meta property=\"og:description\" content=\"L&#8217;any 2022, la Direcci\u00f3 de Patrimoni Cultural i l&#8217;Institut de Cultura de l&#8217;Ajuntament de Barcelona va impulsar la Taula Educaci\u00f3 i Museus per tal d&#8217;acordar conjuntament estrat\u00e8gies educatives a impulsar per tal d&#8217;ajustar-se a les metodologies educatives de les escoles. Des dels seus inicis, la taula la gestiona Adhoc Cultura, empresa catalana dedicada a donar\" \/>\n<meta property=\"og:url\" content=\"https:\/\/diarieducacio.cat\/artseducacio\/2024\/07\/25\/museus-de-barcelona-participen-en-la-jornada-de-cocreacio-aralab\/\" \/>\n<meta property=\"og:site_name\" content=\"Arts &amp; Educaci\u00f3\" \/>\n<meta property=\"article:publisher\" content=\"https:\/\/www.facebook.com\/diarieducacio\/\" \/>\n<meta property=\"article:published_time\" content=\"2024-07-25T09:53:55+00:00\" \/>\n<meta property=\"article:modified_time\" content=\"2024-08-08T10:03:58+00:00\" \/>\n<meta property=\"og:image\" content=\"https:\/\/diarieducacio.cat\/artseducacio\/wp-content\/uploads\/sites\/20\/2024\/07\/7F2A1428.jpg\" \/>\n\t<meta property=\"og:image:width\" content=\"1800\" \/>\n\t<meta property=\"og:image:height\" content=\"1200\" \/>\n\t<meta property=\"og:image:type\" content=\"image\/jpeg\" \/>\n<meta name=\"author\" content=\"Mar Dom\u00e8nech\" \/>\n<meta name=\"twitter:card\" content=\"summary_large_image\" \/>\n<meta name=\"twitter:creator\" content=\"@DiariEducacio\" \/>\n<meta name=\"twitter:site\" content=\"@DiariEducacio\" \/>\n<meta name=\"twitter:label1\" content=\"Escrit per\" \/>\n\t<meta name=\"twitter:data1\" content=\"Mar Dom\u00e8nech\" \/>\n\t<meta name=\"twitter:label2\" content=\"Temps estimat de lectura\" \/>\n\t<meta name=\"twitter:data2\" content=\"3 minuts\" \/>\n<script type=\"application\/ld+json\" class=\"yoast-schema-graph\">{\"@context\":\"https:\\\/\\\/schema.org\",\"@graph\":[{\"@type\":\"Article\",\"@id\":\"https:\\\/\\\/diarieducacio.cat\\\/artseducacio\\\/2024\\\/07\\\/25\\\/museus-de-barcelona-participen-en-la-jornada-de-cocreacio-aralab\\\/#article\",\"isPartOf\":{\"@id\":\"https:\\\/\\\/diarieducacio.cat\\\/artseducacio\\\/2024\\\/07\\\/25\\\/museus-de-barcelona-participen-en-la-jornada-de-cocreacio-aralab\\\/\"},\"author\":{\"name\":\"Mar Dom\u00e8nech\",\"@id\":\"https:\\\/\\\/diarieducacio.cat\\\/artseducacio\\\/#\\\/schema\\\/person\\\/eb83688c9eebc3ca52379b6608685c89\"},\"headline\":\"Museus de Barcelona participen en la jornada de cocreaci\u00f3 Aralab\",\"datePublished\":\"2024-07-25T09:53:55+00:00\",\"dateModified\":\"2024-08-08T10:03:58+00:00\",\"mainEntityOfPage\":{\"@id\":\"https:\\\/\\\/diarieducacio.cat\\\/artseducacio\\\/2024\\\/07\\\/25\\\/museus-de-barcelona-participen-en-la-jornada-de-cocreacio-aralab\\\/\"},\"wordCount\":628,\"commentCount\":0,\"image\":{\"@id\":\"https:\\\/\\\/diarieducacio.cat\\\/artseducacio\\\/2024\\\/07\\\/25\\\/museus-de-barcelona-participen-en-la-jornada-de-cocreacio-aralab\\\/#primaryimage\"},\"thumbnailUrl\":\"https:\\\/\\\/diarieducacio.cat\\\/artseducacio\\\/wp-content\\\/uploads\\\/sites\\\/20\\\/2024\\\/07\\\/7F2A1428.jpg\",\"keywords\":[\"activitats educatives\",\"activitats escolars\",\"art i cultura\",\"art i educaci\u00f3\",\"art i escola\",\"beneficis de la cultura i educaci\u00f3 art\u00edstica\",\"CULTURA BCN\",\"CULTURA ESCOLA\",\"cultura i educaci\u00f3\",\"educaci\u00f3 art\u00edstica i participaci\u00f3 cultural\",\"MUSEUS\"],\"articleSection\":[\"Bones pr\u00e0ctiques\"],\"inLanguage\":\"ca\",\"potentialAction\":[{\"@type\":\"CommentAction\",\"name\":\"Comment\",\"target\":[\"https:\\\/\\\/diarieducacio.cat\\\/artseducacio\\\/2024\\\/07\\\/25\\\/museus-de-barcelona-participen-en-la-jornada-de-cocreacio-aralab\\\/#respond\"]}]},{\"@type\":\"WebPage\",\"@id\":\"https:\\\/\\\/diarieducacio.cat\\\/artseducacio\\\/2024\\\/07\\\/25\\\/museus-de-barcelona-participen-en-la-jornada-de-cocreacio-aralab\\\/\",\"url\":\"https:\\\/\\\/diarieducacio.cat\\\/artseducacio\\\/2024\\\/07\\\/25\\\/museus-de-barcelona-participen-en-la-jornada-de-cocreacio-aralab\\\/\",\"name\":\"Museus de Barcelona participen en la jornada de cocreaci\u00f3 Aralab - Arts & Educaci\u00f3\",\"isPartOf\":{\"@id\":\"https:\\\/\\\/diarieducacio.cat\\\/artseducacio\\\/#website\"},\"primaryImageOfPage\":{\"@id\":\"https:\\\/\\\/diarieducacio.cat\\\/artseducacio\\\/2024\\\/07\\\/25\\\/museus-de-barcelona-participen-en-la-jornada-de-cocreacio-aralab\\\/#primaryimage\"},\"image\":{\"@id\":\"https:\\\/\\\/diarieducacio.cat\\\/artseducacio\\\/2024\\\/07\\\/25\\\/museus-de-barcelona-participen-en-la-jornada-de-cocreacio-aralab\\\/#primaryimage\"},\"thumbnailUrl\":\"https:\\\/\\\/diarieducacio.cat\\\/artseducacio\\\/wp-content\\\/uploads\\\/sites\\\/20\\\/2024\\\/07\\\/7F2A1428.jpg\",\"datePublished\":\"2024-07-25T09:53:55+00:00\",\"dateModified\":\"2024-08-08T10:03:58+00:00\",\"author\":{\"@id\":\"https:\\\/\\\/diarieducacio.cat\\\/artseducacio\\\/#\\\/schema\\\/person\\\/eb83688c9eebc3ca52379b6608685c89\"},\"breadcrumb\":{\"@id\":\"https:\\\/\\\/diarieducacio.cat\\\/artseducacio\\\/2024\\\/07\\\/25\\\/museus-de-barcelona-participen-en-la-jornada-de-cocreacio-aralab\\\/#breadcrumb\"},\"inLanguage\":\"ca\",\"potentialAction\":[{\"@type\":\"ReadAction\",\"target\":[\"https:\\\/\\\/diarieducacio.cat\\\/artseducacio\\\/2024\\\/07\\\/25\\\/museus-de-barcelona-participen-en-la-jornada-de-cocreacio-aralab\\\/\"]}]},{\"@type\":\"ImageObject\",\"inLanguage\":\"ca\",\"@id\":\"https:\\\/\\\/diarieducacio.cat\\\/artseducacio\\\/2024\\\/07\\\/25\\\/museus-de-barcelona-participen-en-la-jornada-de-cocreacio-aralab\\\/#primaryimage\",\"url\":\"https:\\\/\\\/diarieducacio.cat\\\/artseducacio\\\/wp-content\\\/uploads\\\/sites\\\/20\\\/2024\\\/07\\\/7F2A1428.jpg\",\"contentUrl\":\"https:\\\/\\\/diarieducacio.cat\\\/artseducacio\\\/wp-content\\\/uploads\\\/sites\\\/20\\\/2024\\\/07\\\/7F2A1428.jpg\",\"width\":1800,\"height\":1200,\"caption\":\"Participants a la jornada Aralab | Mart\u00ed E. Berenguer\"},{\"@type\":\"BreadcrumbList\",\"@id\":\"https:\\\/\\\/diarieducacio.cat\\\/artseducacio\\\/2024\\\/07\\\/25\\\/museus-de-barcelona-participen-en-la-jornada-de-cocreacio-aralab\\\/#breadcrumb\",\"itemListElement\":[{\"@type\":\"ListItem\",\"position\":1,\"name\":\"Inici\",\"item\":\"https:\\\/\\\/diarieducacio.cat\\\/artseducacio\\\/\"},{\"@type\":\"ListItem\",\"position\":2,\"name\":\"Museus de Barcelona participen en la jornada de cocreaci\u00f3 Aralab\"}]},{\"@type\":\"WebSite\",\"@id\":\"https:\\\/\\\/diarieducacio.cat\\\/artseducacio\\\/#website\",\"url\":\"https:\\\/\\\/diarieducacio.cat\\\/artseducacio\\\/\",\"name\":\"Arts & Educaci\u00f3\",\"description\":\"Un blog de El Diari de l&#039;Educaci\u00f3\",\"potentialAction\":[{\"@type\":\"SearchAction\",\"target\":{\"@type\":\"EntryPoint\",\"urlTemplate\":\"https:\\\/\\\/diarieducacio.cat\\\/artseducacio\\\/?s={search_term_string}\"},\"query-input\":{\"@type\":\"PropertyValueSpecification\",\"valueRequired\":true,\"valueName\":\"search_term_string\"}}],\"inLanguage\":\"ca\"},{\"@type\":\"Person\",\"@id\":\"https:\\\/\\\/diarieducacio.cat\\\/artseducacio\\\/#\\\/schema\\\/person\\\/eb83688c9eebc3ca52379b6608685c89\",\"name\":\"Mar Dom\u00e8nech\",\"image\":{\"@type\":\"ImageObject\",\"inLanguage\":\"ca\",\"@id\":\"https:\\\/\\\/diarieducacio.cat\\\/wp-content\\\/uploads\\\/2024\\\/11\\\/mar-domenech_avatar-96x96.jpg\",\"url\":\"https:\\\/\\\/diarieducacio.cat\\\/wp-content\\\/uploads\\\/2024\\\/11\\\/mar-domenech_avatar-96x96.jpg\",\"contentUrl\":\"https:\\\/\\\/diarieducacio.cat\\\/wp-content\\\/uploads\\\/2024\\\/11\\\/mar-domenech_avatar-96x96.jpg\",\"caption\":\"Mar Dom\u00e8nech\"},\"description\":\"Coordinadora del blog Arts i Educaci\u00f3. Periodista infantil i familiar. Especialitzada en temes d'educaci\u00f3, cultura en fam\u00edlia, literatura infantil i disseny per a petits.\",\"url\":\"https:\\\/\\\/diarieducacio.cat\\\/artseducacio\\\/author\\\/mardomenech\\\/\"}]}<\/script>\n<!-- \/ Yoast SEO plugin. -->","yoast_head_json":{"title":"Museus de Barcelona participen en la jornada de cocreaci\u00f3 Aralab - Arts & Educaci\u00f3","robots":{"index":"index","follow":"follow","max-snippet":"max-snippet:-1","max-image-preview":"max-image-preview:large","max-video-preview":"max-video-preview:-1"},"canonical":"https:\/\/diarieducacio.cat\/artseducacio\/2024\/07\/25\/museus-de-barcelona-participen-en-la-jornada-de-cocreacio-aralab\/","og_locale":"ca_ES","og_type":"article","og_title":"Museus de Barcelona participen en la jornada de cocreaci\u00f3 Aralab - Arts & Educaci\u00f3","og_description":"L&#8217;any 2022, la Direcci\u00f3 de Patrimoni Cultural i l&#8217;Institut de Cultura de l&#8217;Ajuntament de Barcelona va impulsar la Taula Educaci\u00f3 i Museus per tal d&#8217;acordar conjuntament estrat\u00e8gies educatives a impulsar per tal d&#8217;ajustar-se a les metodologies educatives de les escoles. Des dels seus inicis, la taula la gestiona Adhoc Cultura, empresa catalana dedicada a donar","og_url":"https:\/\/diarieducacio.cat\/artseducacio\/2024\/07\/25\/museus-de-barcelona-participen-en-la-jornada-de-cocreacio-aralab\/","og_site_name":"Arts & Educaci\u00f3","article_publisher":"https:\/\/www.facebook.com\/diarieducacio\/","article_published_time":"2024-07-25T09:53:55+00:00","article_modified_time":"2024-08-08T10:03:58+00:00","og_image":[{"width":1800,"height":1200,"url":"https:\/\/diarieducacio.cat\/artseducacio\/wp-content\/uploads\/sites\/20\/2024\/07\/7F2A1428.jpg","type":"image\/jpeg"}],"author":"Mar Dom\u00e8nech","twitter_card":"summary_large_image","twitter_creator":"@DiariEducacio","twitter_site":"@DiariEducacio","twitter_misc":{"Escrit per":"Mar Dom\u00e8nech","Temps estimat de lectura":"3 minuts"},"schema":{"@context":"https:\/\/schema.org","@graph":[{"@type":"Article","@id":"https:\/\/diarieducacio.cat\/artseducacio\/2024\/07\/25\/museus-de-barcelona-participen-en-la-jornada-de-cocreacio-aralab\/#article","isPartOf":{"@id":"https:\/\/diarieducacio.cat\/artseducacio\/2024\/07\/25\/museus-de-barcelona-participen-en-la-jornada-de-cocreacio-aralab\/"},"author":{"name":"Mar Dom\u00e8nech","@id":"https:\/\/diarieducacio.cat\/artseducacio\/#\/schema\/person\/eb83688c9eebc3ca52379b6608685c89"},"headline":"Museus de Barcelona participen en la jornada de cocreaci\u00f3 Aralab","datePublished":"2024-07-25T09:53:55+00:00","dateModified":"2024-08-08T10:03:58+00:00","mainEntityOfPage":{"@id":"https:\/\/diarieducacio.cat\/artseducacio\/2024\/07\/25\/museus-de-barcelona-participen-en-la-jornada-de-cocreacio-aralab\/"},"wordCount":628,"commentCount":0,"image":{"@id":"https:\/\/diarieducacio.cat\/artseducacio\/2024\/07\/25\/museus-de-barcelona-participen-en-la-jornada-de-cocreacio-aralab\/#primaryimage"},"thumbnailUrl":"https:\/\/diarieducacio.cat\/artseducacio\/wp-content\/uploads\/sites\/20\/2024\/07\/7F2A1428.jpg","keywords":["activitats educatives","activitats escolars","art i cultura","art i educaci\u00f3","art i escola","beneficis de la cultura i educaci\u00f3 art\u00edstica","CULTURA BCN","CULTURA ESCOLA","cultura i educaci\u00f3","educaci\u00f3 art\u00edstica i participaci\u00f3 cultural","MUSEUS"],"articleSection":["Bones pr\u00e0ctiques"],"inLanguage":"ca","potentialAction":[{"@type":"CommentAction","name":"Comment","target":["https:\/\/diarieducacio.cat\/artseducacio\/2024\/07\/25\/museus-de-barcelona-participen-en-la-jornada-de-cocreacio-aralab\/#respond"]}]},{"@type":"WebPage","@id":"https:\/\/diarieducacio.cat\/artseducacio\/2024\/07\/25\/museus-de-barcelona-participen-en-la-jornada-de-cocreacio-aralab\/","url":"https:\/\/diarieducacio.cat\/artseducacio\/2024\/07\/25\/museus-de-barcelona-participen-en-la-jornada-de-cocreacio-aralab\/","name":"Museus de Barcelona participen en la jornada de cocreaci\u00f3 Aralab - Arts & Educaci\u00f3","isPartOf":{"@id":"https:\/\/diarieducacio.cat\/artseducacio\/#website"},"primaryImageOfPage":{"@id":"https:\/\/diarieducacio.cat\/artseducacio\/2024\/07\/25\/museus-de-barcelona-participen-en-la-jornada-de-cocreacio-aralab\/#primaryimage"},"image":{"@id":"https:\/\/diarieducacio.cat\/artseducacio\/2024\/07\/25\/museus-de-barcelona-participen-en-la-jornada-de-cocreacio-aralab\/#primaryimage"},"thumbnailUrl":"https:\/\/diarieducacio.cat\/artseducacio\/wp-content\/uploads\/sites\/20\/2024\/07\/7F2A1428.jpg","datePublished":"2024-07-25T09:53:55+00:00","dateModified":"2024-08-08T10:03:58+00:00","author":{"@id":"https:\/\/diarieducacio.cat\/artseducacio\/#\/schema\/person\/eb83688c9eebc3ca52379b6608685c89"},"breadcrumb":{"@id":"https:\/\/diarieducacio.cat\/artseducacio\/2024\/07\/25\/museus-de-barcelona-participen-en-la-jornada-de-cocreacio-aralab\/#breadcrumb"},"inLanguage":"ca","potentialAction":[{"@type":"ReadAction","target":["https:\/\/diarieducacio.cat\/artseducacio\/2024\/07\/25\/museus-de-barcelona-participen-en-la-jornada-de-cocreacio-aralab\/"]}]},{"@type":"ImageObject","inLanguage":"ca","@id":"https:\/\/diarieducacio.cat\/artseducacio\/2024\/07\/25\/museus-de-barcelona-participen-en-la-jornada-de-cocreacio-aralab\/#primaryimage","url":"https:\/\/diarieducacio.cat\/artseducacio\/wp-content\/uploads\/sites\/20\/2024\/07\/7F2A1428.jpg","contentUrl":"https:\/\/diarieducacio.cat\/artseducacio\/wp-content\/uploads\/sites\/20\/2024\/07\/7F2A1428.jpg","width":1800,"height":1200,"caption":"Participants a la jornada Aralab | Mart\u00ed E. Berenguer"},{"@type":"BreadcrumbList","@id":"https:\/\/diarieducacio.cat\/artseducacio\/2024\/07\/25\/museus-de-barcelona-participen-en-la-jornada-de-cocreacio-aralab\/#breadcrumb","itemListElement":[{"@type":"ListItem","position":1,"name":"Inici","item":"https:\/\/diarieducacio.cat\/artseducacio\/"},{"@type":"ListItem","position":2,"name":"Museus de Barcelona participen en la jornada de cocreaci\u00f3 Aralab"}]},{"@type":"WebSite","@id":"https:\/\/diarieducacio.cat\/artseducacio\/#website","url":"https:\/\/diarieducacio.cat\/artseducacio\/","name":"Arts & Educaci\u00f3","description":"Un blog de El Diari de l&#039;Educaci\u00f3","potentialAction":[{"@type":"SearchAction","target":{"@type":"EntryPoint","urlTemplate":"https:\/\/diarieducacio.cat\/artseducacio\/?s={search_term_string}"},"query-input":{"@type":"PropertyValueSpecification","valueRequired":true,"valueName":"search_term_string"}}],"inLanguage":"ca"},{"@type":"Person","@id":"https:\/\/diarieducacio.cat\/artseducacio\/#\/schema\/person\/eb83688c9eebc3ca52379b6608685c89","name":"Mar Dom\u00e8nech","image":{"@type":"ImageObject","inLanguage":"ca","@id":"https:\/\/diarieducacio.cat\/wp-content\/uploads\/2024\/11\/mar-domenech_avatar-96x96.jpg","url":"https:\/\/diarieducacio.cat\/wp-content\/uploads\/2024\/11\/mar-domenech_avatar-96x96.jpg","contentUrl":"https:\/\/diarieducacio.cat\/wp-content\/uploads\/2024\/11\/mar-domenech_avatar-96x96.jpg","caption":"Mar Dom\u00e8nech"},"description":"Coordinadora del blog Arts i Educaci\u00f3. Periodista infantil i familiar. Especialitzada en temes d'educaci\u00f3, cultura en fam\u00edlia, literatura infantil i disseny per a petits.","url":"https:\/\/diarieducacio.cat\/artseducacio\/author\/mardomenech\/"}]}},"_links":{"self":[{"href":"https:\/\/diarieducacio.cat\/artseducacio\/wp-json\/wp\/v2\/posts\/2736","targetHints":{"allow":["GET"]}}],"collection":[{"href":"https:\/\/diarieducacio.cat\/artseducacio\/wp-json\/wp\/v2\/posts"}],"about":[{"href":"https:\/\/diarieducacio.cat\/artseducacio\/wp-json\/wp\/v2\/types\/post"}],"author":[{"embeddable":true,"href":"https:\/\/diarieducacio.cat\/artseducacio\/wp-json\/wp\/v2\/users\/63"}],"replies":[{"embeddable":true,"href":"https:\/\/diarieducacio.cat\/artseducacio\/wp-json\/wp\/v2\/comments?post=2736"}],"version-history":[{"count":1,"href":"https:\/\/diarieducacio.cat\/artseducacio\/wp-json\/wp\/v2\/posts\/2736\/revisions"}],"predecessor-version":[{"id":2754,"href":"https:\/\/diarieducacio.cat\/artseducacio\/wp-json\/wp\/v2\/posts\/2736\/revisions\/2754"}],"wp:featuredmedia":[{"embeddable":true,"href":"https:\/\/diarieducacio.cat\/artseducacio\/wp-json\/wp\/v2\/media\/2738"}],"wp:attachment":[{"href":"https:\/\/diarieducacio.cat\/artseducacio\/wp-json\/wp\/v2\/media?parent=2736"}],"wp:term":[{"taxonomy":"category","embeddable":true,"href":"https:\/\/diarieducacio.cat\/artseducacio\/wp-json\/wp\/v2\/categories?post=2736"},{"taxonomy":"post_tag","embeddable":true,"href":"https:\/\/diarieducacio.cat\/artseducacio\/wp-json\/wp\/v2\/tags?post=2736"},{"taxonomy":"tipo","embeddable":true,"href":"https:\/\/diarieducacio.cat\/artseducacio\/wp-json\/wp\/v2\/tipo?post=2736"}],"curies":[{"name":"wp","href":"https:\/\/api.w.org\/{rel}","templated":true}]}}