{"id":2782,"date":"2024-09-05T06:13:28","date_gmt":"2024-09-05T04:13:28","guid":{"rendered":"https:\/\/diarieducacio.cat\/ArtsEducacio\/?p=2068"},"modified":"2024-09-05T06:13:28","modified_gmt":"2024-09-05T04:13:28","slug":"un-projecte-que-cuida-la-natura-per-convertir-la-en-font-dinspiracio-creativa","status":"publish","type":"post","link":"https:\/\/diarieducacio.cat\/artseducacio\/2024\/09\/05\/un-projecte-que-cuida-la-natura-per-convertir-la-en-font-dinspiracio-creativa\/","title":{"rendered":"Un projecte que cuida la natura per convertir-la en font d&#8217;inspiraci\u00f3 creativa"},"content":{"rendered":"<p>A Catalunya hi ha escoles petites i rurals amb grans projectes educatius. Aquest \u00e9s el cas de l&#8217;escola Sant Jordi de Sant Pau d&#8217;Ordal, una escola d&#8217;una sola l\u00ednia amb 111 alumnes i 15 docents que s&#8217;al\u00e7a enmig de camps de vinya, presseguers i altres arbres fruiters. Bona part de les fam\u00edlies de la zona es dediquen a l&#8217;agricultura o a la viticultura.<\/p>\n<h3>La intr\u00ednseca relaci\u00f3 entre la natura i l&#8217;art<\/h3>\n<p>En aquest context, ja fa m\u00e9s de vint anys que va n\u00e9ixer el projecte Tresor i que \u00e9s la ra\u00f3 de ser de l&#8217;escola, on el seu entorn esdev\u00e9 tot una oportunitat. Per aix\u00f2, impulsen el coneixement de la realitat pr\u00f2pia i l&#8217;utilitzen com a punt de partida per descobrir-ne d&#8217;altres. En aquest sentit, el claustre considera l&#8217;entorn i la natura que envolten l&#8217;escola com una font d&#8217;inspiraci\u00f3 per al llenguatge creatiu dels infants. &#8220;Per aix\u00f2, els animem que l&#8217;estimin i la cuidin com farien amb ells mateixos, perqu\u00e8 la natura acaba sent essencial per a la seva creativitat&#8221;, explica \u00c0ngels Calvo, la directora de l&#8217;escola Sant Jordi.<\/p>\n<p>El desenvolupament de les creativitats en els infants \u00e9s primordial, ja que en aquestes s&#8217;amaga la clau de la felicitat en l&#8217;etapa adulta. &#8220;No sabem quina ser\u00e0 la seva feina, per\u00f2 s\u00ed que podem dir que l&#8217;art els permetr\u00e0 ser imaginatius i vers\u00e0tils, i aix\u00f2 els permetr\u00e0 adaptar-se sempre en qualsevol situaci\u00f3 i buscar-hi la part positiva&#8221;, afegeix Calvo.<\/p>\n<figure id=\"attachment_2071\" aria-describedby=\"caption-attachment-2071\" style=\"width: 768px\" class=\"wp-caption aligncenter\"><img fetchpriority=\"high\" decoding=\"async\" class=\"wp-image-2071 size-full\" src=\"http:\/\/diarieducacio.cat\/ArtsEducacio\/wp-content\/uploads\/sites\/69\/2024\/08\/Mandala-768x576-1.jpg\" alt=\"\" width=\"768\" height=\"576\" \/><figcaption id=\"caption-attachment-2071\" class=\"wp-caption-text\">Creaci\u00f3 d&#8217;un mandala Land Art | Escola Sant Jordi<\/figcaption><\/figure>\n<p>L&#8217;art ens defineix com a esp\u00e8cie i ens humanitza, \u00e9s un llenguatge universal i el centre del projecte Tresor. Com comenta la directora: &#8220;volem ensenyar a crear bellesa, a dotar de bellesa cada acte que realitzem, ja que aix\u00f2 ens nodreix per dins, ens alimenta l&#8217;\u00e0nima&#8221;<\/p>\n<p>A m\u00e9s, a trav\u00e9s del projecte Tresor tamb\u00e9 es fa un treball d&#8217;educaci\u00f3 emocional, ja que aquest crea l&#8217;espai necessari on fer aflorar sensacions, sentiments i preocupacions, tant individuals com col\u00b7lectives. Si la conviv\u00e8ncia i el benestar personal i grupal \u00e9s bo \u00e9s molt m\u00e9s f\u00e0cil treballar de forma correcta i fruct\u00edfera.<\/p>\n<h3>Treball globalitzat i en tots els cursos<\/h3>\n<p>El projecte Tresor fa un treball globalitzat, est\u00e0 incl\u00f2s en totes aquelles \u00e0rees i en totes aquelles ocasions que sigui possible. Com ara en l\u2019enquadernaci\u00f3 de l\u2019\u00e0lbum del trimestre, en intervencions art\u00edstiques al medi, en la m\u00fasica que escolten mentre treballen, etc. Les arts formen part del dia a dia de l&#8217;escola, tant en els entorns d&#8217;aprenentatges com en totes les hores lectives possibles.<\/p>\n<p>En el projecte Tresor hi participen tots els cursos des d&#8217;I3 fins a 6\u00e8 de Prim\u00e0ria. Els m\u00e9s petits treballen molt en el bosc, i els mitjans i els grans en altres espais d&#8217;aprenentatge que han anat sorgint del seu entorn al llarg dels anys. Com s\u00f3n l&#8217;hort i la caseta dels ibers que gestionen els nens i nenes de primer, segon i tercer; i el galliner i la vinya que en s\u00f3n responsables els nois i noies de quart, cinqu\u00e8 i sis\u00e8. S&#8217;organitzen com petites empreses que funcionen com a cooperatives i els nens i nenes s\u00f3n els encarregats de millorar-los amb els mateixos diners que van obtenint dels productes que produeixen.<\/p>\n<figure id=\"attachment_2069\" aria-describedby=\"caption-attachment-2069\" style=\"width: 1024px\" class=\"wp-caption alignnone\"><img decoding=\"async\" class=\"size-full wp-image-2069\" src=\"http:\/\/diarieducacio.cat\/ArtsEducacio\/wp-content\/uploads\/sites\/69\/2024\/08\/1710255933989-Copy.jpg\" alt=\"\" width=\"1024\" height=\"768\" \/><figcaption id=\"caption-attachment-2069\" class=\"wp-caption-text\">Alumnes de Cicle Superior podant els ceps | Escola Sant Jordi<\/figcaption><\/figure>\n<p>&#8220;Aquests espais acaben creant necessitats d&#8217;aprenentatge, per aix\u00f2 tot all\u00f2 que cal aprendre ja sigui de matem\u00e0tiques, llengua, medi, etc. s&#8217;intenta utilitzar amb exemples situats en aquests espais per tal d&#8217;entendre m\u00e9s f\u00e0cilment&#8221;, subratlla Calvo.<\/p>\n<p>Al llarg del curs es van creant diferents intervencions art\u00edstiques. Una de les m\u00e9s boniques \u00e9s la que fan a la vinya coincidint amb el solstici d&#8217;hivern que t\u00e9 per objectiu portar llum en aquest espai i sovint es compta amb la col\u00b7laboraci\u00f3 d&#8217;artistes locals. Tamb\u00e9 se&#8217;n fa una a final de curs a la festa final de l&#8217;escola on els principals protagonistes s\u00f3n els colors i la m\u00fasica. En totes elles, la natura representa un recurs perfecte per a treballar molts conceptes b\u00e0sics.<\/p>\n<p>S\u00f3n instal\u00b7lacions art\u00edstiques que caduquen, per\u00f2 a on tothom participa alumnes, fam\u00edlies i mestres. Com diu Calvo &#8220;Cadasc\u00fa hi t\u00e9 la seva veu. Tothom pot expressar-se art\u00edsticament i dir-hi la seva, independentment de l\u2019edat que tingui&#8221;.<\/p>\n<h3>L&#8217;escola com a agent generador de canvi social<\/h3>\n<p>A trav\u00e9s del projecte Tresor es crea una civilitzaci\u00f3 regenerativa, col\u00b7laborativa, pac\u00edfica i igualit\u00e0ria que utilitza les arts i la cultura per restablir i restaurar els ecosistemes, i que fa front a l&#8217;emerg\u00e8ncia clim\u00e0tica del nostre planeta. Aquestes accions nom\u00e9s s\u00f3n possibles creant xarxa i treballant conjuntament.<\/p>\n<p>Com subratlla Calvo, &#8220;l\u2019escola ha de ser un agent generador de canvi social, per\u00f2 tamb\u00e9 ha de ser prou oberta perqu\u00e8 cadasc\u00fa hi pugui dir la seva. Cada fam\u00edlia, cada entitat i cada infant ha de ser respectada en la seva originalitat per tal de poder enriquir-nos i sostenir-nos com a comunitat&#8221;.<\/p>\n<p>Per\u00f2, tot aix\u00f2 passa en un ritme lent i tranquil, perqu\u00e8 la natura no es mesura amb els mateixos rellotges que els humans. El projecte Tresor permet treballar amb els ritmes poc accelerats de la terra i l&#8217;art, cal saber esperar per obtenir-ne els fruits. Fins i tot, en la natura el proc\u00e9s de gestaci\u00f3 \u00e9s molt m\u00e9s llarg que el de l\u2019expressi\u00f3 art\u00edstica. Aix\u00ed, els nens i nenes cultiven tamb\u00e9 la paci\u00e8ncia i l&#8217;espera. &#8220;Cal ensenyar a viure tranquil, una cosa que ara mateix sembla molt dif\u00edcil. Cal saber esperar perqu\u00e8 mentre gestem tamb\u00e9 aprenem i experimentem i tot aix\u00f2 tamb\u00e9 educa&#8221;, comenta \u00c0ngels Calvo.<\/p>\n<h3>Aprenentatges que van m\u00e9s enll\u00e0<\/h3>\n<p>Per tal de fer extensius tots els seus aprenentatges, l&#8217;escola Sant Jordi tamb\u00e9 difon els resultats obtinguts perqu\u00e8 altres persones de l&#8217;entorn com ara pagesos, productors, botiguers, etc. puguin observar i atrevir-se a innovar de manera sostenible.<\/p>\n<p>Aix\u00ed les seves intervencions art\u00edstiques s&#8217;obren al p\u00fablic en general. Tamb\u00e9 fan visites guiades a la vinya de la m\u00e0 dels alumnes de cicle superior. I el claustre tamb\u00e9 explica el seu projecte pedag\u00f2gic a altres centres educatius que es fixen en ells.<\/p>\n<figure id=\"attachment_2070\" aria-describedby=\"caption-attachment-2070\" style=\"width: 1024px\" class=\"wp-caption alignnone\"><img decoding=\"async\" class=\"size-full wp-image-2070\" src=\"http:\/\/diarieducacio.cat\/ArtsEducacio\/wp-content\/uploads\/sites\/69\/2024\/08\/vinya.jpg\" alt=\"\" width=\"1024\" height=\"768\" \/><figcaption id=\"caption-attachment-2070\" class=\"wp-caption-text\">Cicle Mitj\u00e0 fa una visita a la vinya |Escola Sant Jordi<\/figcaption><\/figure>\n<p>En totes les accions i festes del centre s&#8217;impliquen les fam\u00edlies i els alumnes que sempre tenen comentaris positius i record del seu pas per l&#8217;escola Sant Jordi.<\/p>\n","protected":false},"excerpt":{"rendered":"<p>A Catalunya hi ha escoles petites i rurals amb grans projectes educatius. Aquest \u00e9s el cas de l&#8217;escola Sant Jordi de Sant Pau d&#8217;Ordal, una escola d&#8217;una sola l\u00ednia amb 111 alumnes i 15 docents que s&#8217;al\u00e7a enmig de camps de vinya, presseguers i altres arbres fruiters. Bona part de les fam\u00edlies de la zona<\/p>\n","protected":false},"author":63,"featured_media":2783,"comment_status":"open","ping_status":"open","sticky":false,"template":"","format":"standard","meta":{"footnotes":""},"categories":[142],"tags":[136,153,203,182,138,126,97,127,121,99,238,103],"tipo":[],"class_list":{"0":"post-2782","1":"post","2":"type-post","3":"status-publish","4":"format-standard","5":"has-post-thumbnail","7":"category-con","8":"tag-activitats-educatives","9":"tag-activitats-escolars","10":"tag-art-i-cultura","11":"tag-art-i-educacio","12":"tag-art-i-escola","13":"tag-beneficis-de-la-cultura-i-educacio-artistica","14":"tag-cultura-escola","15":"tag-cultura-i-educacio","16":"tag-cultura-i-escola","17":"tag-fundacio-carulla","18":"tag-premis-baldiri-reixac","19":"tag-sostenibilitat"},"yoast_head":"<!-- This site is optimized with the Yoast SEO plugin v27.4 - https:\/\/yoast.com\/product\/yoast-seo-wordpress\/ -->\n<title>Un projecte que cuida la natura per convertir-la en font d&#039;inspiraci\u00f3 creativa - Arts &amp; Educaci\u00f3<\/title>\n<meta name=\"robots\" content=\"index, follow, max-snippet:-1, max-image-preview:large, max-video-preview:-1\" \/>\n<link rel=\"canonical\" href=\"https:\/\/diarieducacio.cat\/artseducacio\/2024\/09\/05\/un-projecte-que-cuida-la-natura-per-convertir-la-en-font-dinspiracio-creativa\/\" \/>\n<meta property=\"og:locale\" content=\"ca_ES\" \/>\n<meta property=\"og:type\" content=\"article\" \/>\n<meta property=\"og:title\" content=\"Un projecte que cuida la natura per convertir-la en font d&#039;inspiraci\u00f3 creativa - Arts &amp; Educaci\u00f3\" \/>\n<meta property=\"og:description\" content=\"A Catalunya hi ha escoles petites i rurals amb grans projectes educatius. Aquest \u00e9s el cas de l&#8217;escola Sant Jordi de Sant Pau d&#8217;Ordal, una escola d&#8217;una sola l\u00ednia amb 111 alumnes i 15 docents que s&#8217;al\u00e7a enmig de camps de vinya, presseguers i altres arbres fruiters. Bona part de les fam\u00edlies de la zona\" \/>\n<meta property=\"og:url\" content=\"https:\/\/diarieducacio.cat\/artseducacio\/2024\/09\/05\/un-projecte-que-cuida-la-natura-per-convertir-la-en-font-dinspiracio-creativa\/\" \/>\n<meta property=\"og:site_name\" content=\"Arts &amp; Educaci\u00f3\" \/>\n<meta property=\"article:publisher\" content=\"https:\/\/www.facebook.com\/diarieducacio\/\" \/>\n<meta property=\"article:published_time\" content=\"2024-09-05T04:13:28+00:00\" \/>\n<meta property=\"og:image\" content=\"https:\/\/diarieducacio.cat\/artseducacio\/wp-content\/uploads\/sites\/20\/2024\/08\/1709637776513-Copy-1.jpg\" \/>\n\t<meta property=\"og:image:width\" content=\"1024\" \/>\n\t<meta property=\"og:image:height\" content=\"768\" \/>\n\t<meta property=\"og:image:type\" content=\"image\/jpeg\" \/>\n<meta name=\"author\" content=\"Mar Dom\u00e8nech\" \/>\n<meta name=\"twitter:card\" content=\"summary_large_image\" \/>\n<meta name=\"twitter:creator\" content=\"@DiariEducacio\" \/>\n<meta name=\"twitter:site\" content=\"@DiariEducacio\" \/>\n<meta name=\"twitter:label1\" content=\"Escrit per\" \/>\n\t<meta name=\"twitter:data1\" content=\"Mar Dom\u00e8nech\" \/>\n\t<meta name=\"twitter:label2\" content=\"Temps estimat de lectura\" \/>\n\t<meta name=\"twitter:data2\" content=\"6 minuts\" \/>\n<script type=\"application\/ld+json\" class=\"yoast-schema-graph\">{\"@context\":\"https:\\\/\\\/schema.org\",\"@graph\":[{\"@type\":\"Article\",\"@id\":\"https:\\\/\\\/diarieducacio.cat\\\/artseducacio\\\/2024\\\/09\\\/05\\\/un-projecte-que-cuida-la-natura-per-convertir-la-en-font-dinspiracio-creativa\\\/#article\",\"isPartOf\":{\"@id\":\"https:\\\/\\\/diarieducacio.cat\\\/artseducacio\\\/2024\\\/09\\\/05\\\/un-projecte-que-cuida-la-natura-per-convertir-la-en-font-dinspiracio-creativa\\\/\"},\"author\":{\"name\":\"Mar Dom\u00e8nech\",\"@id\":\"https:\\\/\\\/diarieducacio.cat\\\/artseducacio\\\/#\\\/schema\\\/person\\\/eb83688c9eebc3ca52379b6608685c89\"},\"headline\":\"Un projecte que cuida la natura per convertir-la en font d&#8217;inspiraci\u00f3 creativa\",\"datePublished\":\"2024-09-05T04:13:28+00:00\",\"mainEntityOfPage\":{\"@id\":\"https:\\\/\\\/diarieducacio.cat\\\/artseducacio\\\/2024\\\/09\\\/05\\\/un-projecte-que-cuida-la-natura-per-convertir-la-en-font-dinspiracio-creativa\\\/\"},\"wordCount\":1167,\"commentCount\":0,\"image\":{\"@id\":\"https:\\\/\\\/diarieducacio.cat\\\/artseducacio\\\/2024\\\/09\\\/05\\\/un-projecte-que-cuida-la-natura-per-convertir-la-en-font-dinspiracio-creativa\\\/#primaryimage\"},\"thumbnailUrl\":\"https:\\\/\\\/diarieducacio.cat\\\/artseducacio\\\/wp-content\\\/uploads\\\/sites\\\/20\\\/2024\\\/08\\\/1709637776513-Copy-1.jpg\",\"keywords\":[\"activitats educatives\",\"activitats escolars\",\"art i cultura\",\"art i educaci\u00f3\",\"art i escola\",\"beneficis de la cultura i educaci\u00f3 art\u00edstica\",\"CULTURA ESCOLA\",\"cultura i educaci\u00f3\",\"cultura i escola\",\"FUNDACI\u00d3 CARULLA\",\"premis baldiri reixac\",\"SOSTENIBILITAT\"],\"articleSection\":[\"Bones pr\u00e0ctiques\"],\"inLanguage\":\"ca\",\"potentialAction\":[{\"@type\":\"CommentAction\",\"name\":\"Comment\",\"target\":[\"https:\\\/\\\/diarieducacio.cat\\\/artseducacio\\\/2024\\\/09\\\/05\\\/un-projecte-que-cuida-la-natura-per-convertir-la-en-font-dinspiracio-creativa\\\/#respond\"]}]},{\"@type\":\"WebPage\",\"@id\":\"https:\\\/\\\/diarieducacio.cat\\\/artseducacio\\\/2024\\\/09\\\/05\\\/un-projecte-que-cuida-la-natura-per-convertir-la-en-font-dinspiracio-creativa\\\/\",\"url\":\"https:\\\/\\\/diarieducacio.cat\\\/artseducacio\\\/2024\\\/09\\\/05\\\/un-projecte-que-cuida-la-natura-per-convertir-la-en-font-dinspiracio-creativa\\\/\",\"name\":\"Un projecte que cuida la natura per convertir-la en font d'inspiraci\u00f3 creativa - Arts & Educaci\u00f3\",\"isPartOf\":{\"@id\":\"https:\\\/\\\/diarieducacio.cat\\\/artseducacio\\\/#website\"},\"primaryImageOfPage\":{\"@id\":\"https:\\\/\\\/diarieducacio.cat\\\/artseducacio\\\/2024\\\/09\\\/05\\\/un-projecte-que-cuida-la-natura-per-convertir-la-en-font-dinspiracio-creativa\\\/#primaryimage\"},\"image\":{\"@id\":\"https:\\\/\\\/diarieducacio.cat\\\/artseducacio\\\/2024\\\/09\\\/05\\\/un-projecte-que-cuida-la-natura-per-convertir-la-en-font-dinspiracio-creativa\\\/#primaryimage\"},\"thumbnailUrl\":\"https:\\\/\\\/diarieducacio.cat\\\/artseducacio\\\/wp-content\\\/uploads\\\/sites\\\/20\\\/2024\\\/08\\\/1709637776513-Copy-1.jpg\",\"datePublished\":\"2024-09-05T04:13:28+00:00\",\"author\":{\"@id\":\"https:\\\/\\\/diarieducacio.cat\\\/artseducacio\\\/#\\\/schema\\\/person\\\/eb83688c9eebc3ca52379b6608685c89\"},\"breadcrumb\":{\"@id\":\"https:\\\/\\\/diarieducacio.cat\\\/artseducacio\\\/2024\\\/09\\\/05\\\/un-projecte-que-cuida-la-natura-per-convertir-la-en-font-dinspiracio-creativa\\\/#breadcrumb\"},\"inLanguage\":\"ca\",\"potentialAction\":[{\"@type\":\"ReadAction\",\"target\":[\"https:\\\/\\\/diarieducacio.cat\\\/artseducacio\\\/2024\\\/09\\\/05\\\/un-projecte-que-cuida-la-natura-per-convertir-la-en-font-dinspiracio-creativa\\\/\"]}]},{\"@type\":\"ImageObject\",\"inLanguage\":\"ca\",\"@id\":\"https:\\\/\\\/diarieducacio.cat\\\/artseducacio\\\/2024\\\/09\\\/05\\\/un-projecte-que-cuida-la-natura-per-convertir-la-en-font-dinspiracio-creativa\\\/#primaryimage\",\"url\":\"https:\\\/\\\/diarieducacio.cat\\\/artseducacio\\\/wp-content\\\/uploads\\\/sites\\\/20\\\/2024\\\/08\\\/1709637776513-Copy-1.jpg\",\"contentUrl\":\"https:\\\/\\\/diarieducacio.cat\\\/artseducacio\\\/wp-content\\\/uploads\\\/sites\\\/20\\\/2024\\\/08\\\/1709637776513-Copy-1.jpg\",\"width\":1024,\"height\":768,\"caption\":\"Alumnes de Cicle Mitj\u00e0 treballant al camp | Escola Sant Jordi\"},{\"@type\":\"BreadcrumbList\",\"@id\":\"https:\\\/\\\/diarieducacio.cat\\\/artseducacio\\\/2024\\\/09\\\/05\\\/un-projecte-que-cuida-la-natura-per-convertir-la-en-font-dinspiracio-creativa\\\/#breadcrumb\",\"itemListElement\":[{\"@type\":\"ListItem\",\"position\":1,\"name\":\"Inici\",\"item\":\"https:\\\/\\\/diarieducacio.cat\\\/artseducacio\\\/\"},{\"@type\":\"ListItem\",\"position\":2,\"name\":\"Un projecte que cuida la natura per convertir-la en font d&#8217;inspiraci\u00f3 creativa\"}]},{\"@type\":\"WebSite\",\"@id\":\"https:\\\/\\\/diarieducacio.cat\\\/artseducacio\\\/#website\",\"url\":\"https:\\\/\\\/diarieducacio.cat\\\/artseducacio\\\/\",\"name\":\"Arts & Educaci\u00f3\",\"description\":\"Un blog de El Diari de l&#039;Educaci\u00f3\",\"potentialAction\":[{\"@type\":\"SearchAction\",\"target\":{\"@type\":\"EntryPoint\",\"urlTemplate\":\"https:\\\/\\\/diarieducacio.cat\\\/artseducacio\\\/?s={search_term_string}\"},\"query-input\":{\"@type\":\"PropertyValueSpecification\",\"valueRequired\":true,\"valueName\":\"search_term_string\"}}],\"inLanguage\":\"ca\"},{\"@type\":\"Person\",\"@id\":\"https:\\\/\\\/diarieducacio.cat\\\/artseducacio\\\/#\\\/schema\\\/person\\\/eb83688c9eebc3ca52379b6608685c89\",\"name\":\"Mar Dom\u00e8nech\",\"image\":{\"@type\":\"ImageObject\",\"inLanguage\":\"ca\",\"@id\":\"https:\\\/\\\/diarieducacio.cat\\\/wp-content\\\/uploads\\\/2024\\\/11\\\/mar-domenech_avatar-96x96.jpg\",\"url\":\"https:\\\/\\\/diarieducacio.cat\\\/wp-content\\\/uploads\\\/2024\\\/11\\\/mar-domenech_avatar-96x96.jpg\",\"contentUrl\":\"https:\\\/\\\/diarieducacio.cat\\\/wp-content\\\/uploads\\\/2024\\\/11\\\/mar-domenech_avatar-96x96.jpg\",\"caption\":\"Mar Dom\u00e8nech\"},\"description\":\"Coordinadora del blog Arts i Educaci\u00f3. Periodista infantil i familiar. Especialitzada en temes d'educaci\u00f3, cultura en fam\u00edlia, literatura infantil i disseny per a petits.\",\"url\":\"https:\\\/\\\/diarieducacio.cat\\\/artseducacio\\\/author\\\/mardomenech\\\/\"}]}<\/script>\n<!-- \/ Yoast SEO plugin. -->","yoast_head_json":{"title":"Un projecte que cuida la natura per convertir-la en font d'inspiraci\u00f3 creativa - Arts & Educaci\u00f3","robots":{"index":"index","follow":"follow","max-snippet":"max-snippet:-1","max-image-preview":"max-image-preview:large","max-video-preview":"max-video-preview:-1"},"canonical":"https:\/\/diarieducacio.cat\/artseducacio\/2024\/09\/05\/un-projecte-que-cuida-la-natura-per-convertir-la-en-font-dinspiracio-creativa\/","og_locale":"ca_ES","og_type":"article","og_title":"Un projecte que cuida la natura per convertir-la en font d'inspiraci\u00f3 creativa - Arts & Educaci\u00f3","og_description":"A Catalunya hi ha escoles petites i rurals amb grans projectes educatius. Aquest \u00e9s el cas de l&#8217;escola Sant Jordi de Sant Pau d&#8217;Ordal, una escola d&#8217;una sola l\u00ednia amb 111 alumnes i 15 docents que s&#8217;al\u00e7a enmig de camps de vinya, presseguers i altres arbres fruiters. Bona part de les fam\u00edlies de la zona","og_url":"https:\/\/diarieducacio.cat\/artseducacio\/2024\/09\/05\/un-projecte-que-cuida-la-natura-per-convertir-la-en-font-dinspiracio-creativa\/","og_site_name":"Arts & Educaci\u00f3","article_publisher":"https:\/\/www.facebook.com\/diarieducacio\/","article_published_time":"2024-09-05T04:13:28+00:00","og_image":[{"width":1024,"height":768,"url":"https:\/\/diarieducacio.cat\/artseducacio\/wp-content\/uploads\/sites\/20\/2024\/08\/1709637776513-Copy-1.jpg","type":"image\/jpeg"}],"author":"Mar Dom\u00e8nech","twitter_card":"summary_large_image","twitter_creator":"@DiariEducacio","twitter_site":"@DiariEducacio","twitter_misc":{"Escrit per":"Mar Dom\u00e8nech","Temps estimat de lectura":"6 minuts"},"schema":{"@context":"https:\/\/schema.org","@graph":[{"@type":"Article","@id":"https:\/\/diarieducacio.cat\/artseducacio\/2024\/09\/05\/un-projecte-que-cuida-la-natura-per-convertir-la-en-font-dinspiracio-creativa\/#article","isPartOf":{"@id":"https:\/\/diarieducacio.cat\/artseducacio\/2024\/09\/05\/un-projecte-que-cuida-la-natura-per-convertir-la-en-font-dinspiracio-creativa\/"},"author":{"name":"Mar Dom\u00e8nech","@id":"https:\/\/diarieducacio.cat\/artseducacio\/#\/schema\/person\/eb83688c9eebc3ca52379b6608685c89"},"headline":"Un projecte que cuida la natura per convertir-la en font d&#8217;inspiraci\u00f3 creativa","datePublished":"2024-09-05T04:13:28+00:00","mainEntityOfPage":{"@id":"https:\/\/diarieducacio.cat\/artseducacio\/2024\/09\/05\/un-projecte-que-cuida-la-natura-per-convertir-la-en-font-dinspiracio-creativa\/"},"wordCount":1167,"commentCount":0,"image":{"@id":"https:\/\/diarieducacio.cat\/artseducacio\/2024\/09\/05\/un-projecte-que-cuida-la-natura-per-convertir-la-en-font-dinspiracio-creativa\/#primaryimage"},"thumbnailUrl":"https:\/\/diarieducacio.cat\/artseducacio\/wp-content\/uploads\/sites\/20\/2024\/08\/1709637776513-Copy-1.jpg","keywords":["activitats educatives","activitats escolars","art i cultura","art i educaci\u00f3","art i escola","beneficis de la cultura i educaci\u00f3 art\u00edstica","CULTURA ESCOLA","cultura i educaci\u00f3","cultura i escola","FUNDACI\u00d3 CARULLA","premis baldiri reixac","SOSTENIBILITAT"],"articleSection":["Bones pr\u00e0ctiques"],"inLanguage":"ca","potentialAction":[{"@type":"CommentAction","name":"Comment","target":["https:\/\/diarieducacio.cat\/artseducacio\/2024\/09\/05\/un-projecte-que-cuida-la-natura-per-convertir-la-en-font-dinspiracio-creativa\/#respond"]}]},{"@type":"WebPage","@id":"https:\/\/diarieducacio.cat\/artseducacio\/2024\/09\/05\/un-projecte-que-cuida-la-natura-per-convertir-la-en-font-dinspiracio-creativa\/","url":"https:\/\/diarieducacio.cat\/artseducacio\/2024\/09\/05\/un-projecte-que-cuida-la-natura-per-convertir-la-en-font-dinspiracio-creativa\/","name":"Un projecte que cuida la natura per convertir-la en font d'inspiraci\u00f3 creativa - Arts & Educaci\u00f3","isPartOf":{"@id":"https:\/\/diarieducacio.cat\/artseducacio\/#website"},"primaryImageOfPage":{"@id":"https:\/\/diarieducacio.cat\/artseducacio\/2024\/09\/05\/un-projecte-que-cuida-la-natura-per-convertir-la-en-font-dinspiracio-creativa\/#primaryimage"},"image":{"@id":"https:\/\/diarieducacio.cat\/artseducacio\/2024\/09\/05\/un-projecte-que-cuida-la-natura-per-convertir-la-en-font-dinspiracio-creativa\/#primaryimage"},"thumbnailUrl":"https:\/\/diarieducacio.cat\/artseducacio\/wp-content\/uploads\/sites\/20\/2024\/08\/1709637776513-Copy-1.jpg","datePublished":"2024-09-05T04:13:28+00:00","author":{"@id":"https:\/\/diarieducacio.cat\/artseducacio\/#\/schema\/person\/eb83688c9eebc3ca52379b6608685c89"},"breadcrumb":{"@id":"https:\/\/diarieducacio.cat\/artseducacio\/2024\/09\/05\/un-projecte-que-cuida-la-natura-per-convertir-la-en-font-dinspiracio-creativa\/#breadcrumb"},"inLanguage":"ca","potentialAction":[{"@type":"ReadAction","target":["https:\/\/diarieducacio.cat\/artseducacio\/2024\/09\/05\/un-projecte-que-cuida-la-natura-per-convertir-la-en-font-dinspiracio-creativa\/"]}]},{"@type":"ImageObject","inLanguage":"ca","@id":"https:\/\/diarieducacio.cat\/artseducacio\/2024\/09\/05\/un-projecte-que-cuida-la-natura-per-convertir-la-en-font-dinspiracio-creativa\/#primaryimage","url":"https:\/\/diarieducacio.cat\/artseducacio\/wp-content\/uploads\/sites\/20\/2024\/08\/1709637776513-Copy-1.jpg","contentUrl":"https:\/\/diarieducacio.cat\/artseducacio\/wp-content\/uploads\/sites\/20\/2024\/08\/1709637776513-Copy-1.jpg","width":1024,"height":768,"caption":"Alumnes de Cicle Mitj\u00e0 treballant al camp | Escola Sant Jordi"},{"@type":"BreadcrumbList","@id":"https:\/\/diarieducacio.cat\/artseducacio\/2024\/09\/05\/un-projecte-que-cuida-la-natura-per-convertir-la-en-font-dinspiracio-creativa\/#breadcrumb","itemListElement":[{"@type":"ListItem","position":1,"name":"Inici","item":"https:\/\/diarieducacio.cat\/artseducacio\/"},{"@type":"ListItem","position":2,"name":"Un projecte que cuida la natura per convertir-la en font d&#8217;inspiraci\u00f3 creativa"}]},{"@type":"WebSite","@id":"https:\/\/diarieducacio.cat\/artseducacio\/#website","url":"https:\/\/diarieducacio.cat\/artseducacio\/","name":"Arts & Educaci\u00f3","description":"Un blog de El Diari de l&#039;Educaci\u00f3","potentialAction":[{"@type":"SearchAction","target":{"@type":"EntryPoint","urlTemplate":"https:\/\/diarieducacio.cat\/artseducacio\/?s={search_term_string}"},"query-input":{"@type":"PropertyValueSpecification","valueRequired":true,"valueName":"search_term_string"}}],"inLanguage":"ca"},{"@type":"Person","@id":"https:\/\/diarieducacio.cat\/artseducacio\/#\/schema\/person\/eb83688c9eebc3ca52379b6608685c89","name":"Mar Dom\u00e8nech","image":{"@type":"ImageObject","inLanguage":"ca","@id":"https:\/\/diarieducacio.cat\/wp-content\/uploads\/2024\/11\/mar-domenech_avatar-96x96.jpg","url":"https:\/\/diarieducacio.cat\/wp-content\/uploads\/2024\/11\/mar-domenech_avatar-96x96.jpg","contentUrl":"https:\/\/diarieducacio.cat\/wp-content\/uploads\/2024\/11\/mar-domenech_avatar-96x96.jpg","caption":"Mar Dom\u00e8nech"},"description":"Coordinadora del blog Arts i Educaci\u00f3. Periodista infantil i familiar. Especialitzada en temes d'educaci\u00f3, cultura en fam\u00edlia, literatura infantil i disseny per a petits.","url":"https:\/\/diarieducacio.cat\/artseducacio\/author\/mardomenech\/"}]}},"_links":{"self":[{"href":"https:\/\/diarieducacio.cat\/artseducacio\/wp-json\/wp\/v2\/posts\/2782","targetHints":{"allow":["GET"]}}],"collection":[{"href":"https:\/\/diarieducacio.cat\/artseducacio\/wp-json\/wp\/v2\/posts"}],"about":[{"href":"https:\/\/diarieducacio.cat\/artseducacio\/wp-json\/wp\/v2\/types\/post"}],"author":[{"embeddable":true,"href":"https:\/\/diarieducacio.cat\/artseducacio\/wp-json\/wp\/v2\/users\/63"}],"replies":[{"embeddable":true,"href":"https:\/\/diarieducacio.cat\/artseducacio\/wp-json\/wp\/v2\/comments?post=2782"}],"version-history":[{"count":0,"href":"https:\/\/diarieducacio.cat\/artseducacio\/wp-json\/wp\/v2\/posts\/2782\/revisions"}],"wp:featuredmedia":[{"embeddable":true,"href":"https:\/\/diarieducacio.cat\/artseducacio\/wp-json\/wp\/v2\/media\/2783"}],"wp:attachment":[{"href":"https:\/\/diarieducacio.cat\/artseducacio\/wp-json\/wp\/v2\/media?parent=2782"}],"wp:term":[{"taxonomy":"category","embeddable":true,"href":"https:\/\/diarieducacio.cat\/artseducacio\/wp-json\/wp\/v2\/categories?post=2782"},{"taxonomy":"post_tag","embeddable":true,"href":"https:\/\/diarieducacio.cat\/artseducacio\/wp-json\/wp\/v2\/tags?post=2782"},{"taxonomy":"tipo","embeddable":true,"href":"https:\/\/diarieducacio.cat\/artseducacio\/wp-json\/wp\/v2\/tipo?post=2782"}],"curies":[{"name":"wp","href":"https:\/\/api.w.org\/{rel}","templated":true}]}}