{"id":2843,"date":"2024-11-22T04:23:00","date_gmt":"2024-11-22T03:23:00","guid":{"rendered":"https:\/\/diarieducacio.cat\/artseducacio\/?p=2843"},"modified":"2024-11-21T12:23:41","modified_gmt":"2024-11-21T11:23:41","slug":"nova-convocatoria-del-concurs-de-cinema-ments-despertes","status":"publish","type":"post","link":"https:\/\/diarieducacio.cat\/artseducacio\/2024\/11\/22\/nova-convocatoria-del-concurs-de-cinema-ments-despertes\/","title":{"rendered":"Nova convocat\u00f2ria del Concurs de Cinema Ments Despertes"},"content":{"rendered":"\n<p>Un bon recurs per poder parlar de salut mental i emocional a l\u2019aula \u00e9s el Concurs de Cinema de Ments Despertes. Un esdeveniment obert a l\u2019alumnat dels centres de secund\u00e0ria, formaci\u00f3 professional i educaci\u00f3 d&#8217;adults on poden dir la seva i pensar en una societat millor.  Una oportunitat per trencar amb els estereotips entre joves.<\/p>\n\n\n\n<p>Amb aquest concurs el Grup Som Via vol generar debat i actituds d\u2019aprenentatge directe. Un aprenentatge que genera actituds cr\u00edtiques i creatives, fent servir l\u2019audiovisual com a eina educativa.<\/p>\n\n\n\n<h3 class=\"wp-block-heading\"><strong>Bases i inscripcions del concurs<\/strong><\/h3>\n\n\n\n<p>El g\u00e8nere art\u00edstic dels v\u00eddeos \u00e9s lliure. Per\u00f2, el contingut dels v\u00eddeos ha de tenir relaci\u00f3 amb temes com l&#8217;assetjament escolar, el dol, les addiccions, els malestars, els trastorns de conducta, l\u2019estigmatitzaci\u00f3, conceptes en salut mental\/emocional i amb la promoci\u00f3 dels h\u00e0bits saludables. De la mateixa manera, queden prohibits els continguts racistes, sexistes, violents o qualsevol que vulneri els drets fonamentals.<\/p>\n\n\n\n<p>Els requisits que cal tenir en compte s\u00f3n:<\/p>\n\n\n\n<ul class=\"wp-block-list\">\n<li>La durada a de ser d\u2019entre 1 i 5 minuts, inclosos els cr\u00e8dits (han d\u2019incloure participants i centre educatiu).<\/li>\n\n\n\n<li>El t\u00edtol \u00e9s obligatori i haur\u00e0 de ser original. No es poden repetir convocat\u00f2ries amb el mateix curt.<\/li>\n\n\n\n<li>Les m\u00fasiques\/imatges no originals hauran de tenir l\u2019autoritzaci\u00f3 de drets de filmaci\u00f3 i la certificaci\u00f3 de llic\u00e8ncia musical.<\/li>\n\n\n\n<li>El curt no ha de tenir cap cl\u00e0usula que impedeixi la seva posterior difusi\u00f3 a trav\u00e9s de qualsevol mitj\u00e0 de comunicaci\u00f3.<\/li>\n\n\n\n<li>El format requerit de la filmaci\u00f3 ser\u00e0 en MP4 o mov.<\/li>\n\n\n\n<li>\u00c9s recomanable que el curt tingui un m\u00ednim de qualitat en imatge i so.<\/li>\n\n\n\n<li>El film ha de tractar sobre la salut mental i\/o emocional.<\/li>\n<\/ul>\n\n\n\n<p>Per participar-hi el centre educatiu ha de presentar el full d\u2019inscripci\u00f3 al Concurs enviant-lo en aquest <a href=\"https:\/\/forms.office.com\/e\/1uU1Aq8PW6\">formulari<\/a>. La participaci\u00f3 \u00e9s gratu\u00efta i el termini d&#8217;inscripci\u00f3 \u00e9s obert.<\/p>\n\n\n\n<p>Les categories dels premis s\u00f3n:<\/p>\n\n\n\n<ul class=\"wp-block-list\">\n<li>Primer i Segon Cicle de Secund\u00e0ria (ESO).<\/li>\n\n\n\n<li>Batxillerat.<\/li>\n\n\n\n<li>Cicles Formatius.<\/li>\n<\/ul>\n\n\n\n<p>El millor curt de cada categoria rebr\u00e0 un premi. I tamb\u00e9 hi haur\u00e0 el premi del Jurat \u201cBosch Aymerich\u201d al millor curt de totes les categories.<\/p>\n\n\n\n<p>Els premis consisteixen en experi\u00e8ncies com parcs aqu\u00e0tics, escape rooms, material audiovisual, xecs regal i moltes m\u00e9s sorpreses. A m\u00e9s, cada guanyador\/a rebr\u00e0 una est\u00e0tua original del Concurs de Cinema.<\/p>\n\n\n\n<p>El jurat que seleccionar\u00e0 els curts guanyadors est\u00e0 format per:<\/p>\n\n\n\n<ul class=\"wp-block-list\">\n<li>Professionals de la Corporaci\u00f3 Catalana d\u2019Audiovisuals de Catalunya<\/li>\n\n\n\n<li>Un\/a professional del Grup SOM VIA<\/li>\n\n\n\n<li>Professionals del sector de la Salut Mental<\/li>\n\n\n\n<li>Un\/a ponent del Programa Ments Despertes<\/li>\n\n\n\n<li>Professionals del sector del cinema<\/li>\n\n\n\n<li>Un actor o actriu reconegut<\/li>\n\n\n\n<li>Representants dels Departaments d\u2019Educaci\u00f3 i Salut<\/li>\n<\/ul>\n\n\n\n<p>Aquest valorar\u00e0 la creativitat i originalitat de l\u2019alumnat; la perspectiva realista, positiva i de superaci\u00f3; l\u2019impacte del missatge educatiu i la qualitat t\u00e8cnica i art\u00edstica b\u00e0sica.<\/p>\n\n\n\n<p>Les obres seleccionades es projectaran p\u00fablicament en l\u2019acte de lliurament de premis del Concurs de Cinema Ments Despertes. Aquest tindr\u00e0 lloc a l&#8217;Auditori CaixaForum Barcelona. La data s&#8217;anunciar\u00e0 pr\u00f2ximament.<br><\/p>\n\n\n\n<p>Trobareu tota la informaci\u00f3 <a href=\"https:\/\/www.somvia.org\/actualitat-i-innovacio\/actes\/concurs-de-cinema-ments-despertes\/\" data-type=\"link\" data-id=\"https:\/\/www.somvia.org\/actualitat-i-innovacio\/actes\/concurs-de-cinema-ments-despertes\/\">aqu\u00ed<\/a>.<\/p>\n\n\n\n<p><\/p>\n","protected":false},"excerpt":{"rendered":"<p>Un bon recurs per poder parlar de salut mental i emocional a l\u2019aula \u00e9s el Concurs de Cinema de Ments Despertes. Un esdeveniment obert a l\u2019alumnat dels centres de secund\u00e0ria, formaci\u00f3 professional i educaci\u00f3 d&#8217;adults on poden dir la seva i pensar en una societat millor. Una oportunitat per trencar amb els estereotips entre joves.<\/p>\n","protected":false},"author":1138,"featured_media":2844,"comment_status":"open","ping_status":"open","sticky":false,"template":"","format":"standard","meta":{"footnotes":""},"categories":[142],"tags":[182,138,126,292,96,97,127,121,117],"tipo":[222],"class_list":{"0":"post-2843","1":"post","2":"type-post","3":"status-publish","4":"format-standard","5":"has-post-thumbnail","7":"category-con","8":"tag-art-i-educacio","9":"tag-art-i-escola","10":"tag-beneficis-de-la-cultura-i-educacio-artistica","11":"tag-cinema","12":"tag-cultura-bcn","13":"tag-cultura-escola","14":"tag-cultura-i-educacio","15":"tag-cultura-i-escola","16":"tag-educacio-artistica-i-cultural","17":"tipo-actualitat"},"yoast_head":"<!-- This site is optimized with the Yoast SEO plugin v27.4 - https:\/\/yoast.com\/product\/yoast-seo-wordpress\/ -->\n<title>Nova convocat\u00f2ria del Concurs de Cinema Ments Despertes - Arts &amp; Educaci\u00f3<\/title>\n<meta name=\"robots\" content=\"index, follow, max-snippet:-1, max-image-preview:large, max-video-preview:-1\" \/>\n<link rel=\"canonical\" href=\"https:\/\/diarieducacio.cat\/artseducacio\/2024\/11\/22\/nova-convocatoria-del-concurs-de-cinema-ments-despertes\/\" \/>\n<meta property=\"og:locale\" content=\"ca_ES\" \/>\n<meta property=\"og:type\" content=\"article\" \/>\n<meta property=\"og:title\" content=\"Nova convocat\u00f2ria del Concurs de Cinema Ments Despertes - Arts &amp; Educaci\u00f3\" \/>\n<meta property=\"og:description\" content=\"Un bon recurs per poder parlar de salut mental i emocional a l\u2019aula \u00e9s el Concurs de Cinema de Ments Despertes. Un esdeveniment obert a l\u2019alumnat dels centres de secund\u00e0ria, formaci\u00f3 professional i educaci\u00f3 d&#8217;adults on poden dir la seva i pensar en una societat millor. Una oportunitat per trencar amb els estereotips entre joves.\" \/>\n<meta property=\"og:url\" content=\"https:\/\/diarieducacio.cat\/artseducacio\/2024\/11\/22\/nova-convocatoria-del-concurs-de-cinema-ments-despertes\/\" \/>\n<meta property=\"og:site_name\" content=\"Arts &amp; Educaci\u00f3\" \/>\n<meta property=\"article:publisher\" content=\"https:\/\/www.facebook.com\/diarieducacio\/\" \/>\n<meta property=\"article:published_time\" content=\"2024-11-22T03:23:00+00:00\" \/>\n<meta property=\"og:image\" content=\"https:\/\/diarieducacio.cat\/artseducacio\/wp-content\/uploads\/sites\/20\/2024\/11\/5.png\" \/>\n\t<meta property=\"og:image:width\" content=\"1080\" \/>\n\t<meta property=\"og:image:height\" content=\"720\" \/>\n\t<meta property=\"og:image:type\" content=\"image\/png\" \/>\n<meta name=\"author\" content=\"Redacci\u00f3 A&amp;E\" \/>\n<meta name=\"twitter:card\" content=\"summary_large_image\" \/>\n<meta name=\"twitter:creator\" content=\"@DiariEducacio\" \/>\n<meta name=\"twitter:site\" content=\"@DiariEducacio\" \/>\n<meta name=\"twitter:label1\" content=\"Escrit per\" \/>\n\t<meta name=\"twitter:data1\" content=\"Redacci\u00f3 A&amp;E\" \/>\n\t<meta name=\"twitter:label2\" content=\"Temps estimat de lectura\" \/>\n\t<meta name=\"twitter:data2\" content=\"3 minuts\" \/>\n<script type=\"application\/ld+json\" class=\"yoast-schema-graph\">{\"@context\":\"https:\\\/\\\/schema.org\",\"@graph\":[{\"@type\":\"Article\",\"@id\":\"https:\\\/\\\/diarieducacio.cat\\\/artseducacio\\\/2024\\\/11\\\/22\\\/nova-convocatoria-del-concurs-de-cinema-ments-despertes\\\/#article\",\"isPartOf\":{\"@id\":\"https:\\\/\\\/diarieducacio.cat\\\/artseducacio\\\/2024\\\/11\\\/22\\\/nova-convocatoria-del-concurs-de-cinema-ments-despertes\\\/\"},\"author\":{\"name\":\"Redacci\u00f3 A&amp;E\",\"@id\":\"https:\\\/\\\/diarieducacio.cat\\\/artseducacio\\\/#\\\/schema\\\/person\\\/1aea2ebf3d17d2e1054d7e9ef9d19fbb\"},\"headline\":\"Nova convocat\u00f2ria del Concurs de Cinema Ments Despertes\",\"datePublished\":\"2024-11-22T03:23:00+00:00\",\"mainEntityOfPage\":{\"@id\":\"https:\\\/\\\/diarieducacio.cat\\\/artseducacio\\\/2024\\\/11\\\/22\\\/nova-convocatoria-del-concurs-de-cinema-ments-despertes\\\/\"},\"wordCount\":542,\"commentCount\":0,\"image\":{\"@id\":\"https:\\\/\\\/diarieducacio.cat\\\/artseducacio\\\/2024\\\/11\\\/22\\\/nova-convocatoria-del-concurs-de-cinema-ments-despertes\\\/#primaryimage\"},\"thumbnailUrl\":\"https:\\\/\\\/diarieducacio.cat\\\/artseducacio\\\/wp-content\\\/uploads\\\/sites\\\/20\\\/2024\\\/11\\\/5.png\",\"keywords\":[\"art i educaci\u00f3\",\"art i escola\",\"beneficis de la cultura i educaci\u00f3 art\u00edstica\",\"cinema\",\"CULTURA BCN\",\"CULTURA ESCOLA\",\"cultura i educaci\u00f3\",\"cultura i escola\",\"educaci\u00f3 art\u00edstica i cultural\"],\"articleSection\":[\"Bones pr\u00e0ctiques\"],\"inLanguage\":\"ca\",\"potentialAction\":[{\"@type\":\"CommentAction\",\"name\":\"Comment\",\"target\":[\"https:\\\/\\\/diarieducacio.cat\\\/artseducacio\\\/2024\\\/11\\\/22\\\/nova-convocatoria-del-concurs-de-cinema-ments-despertes\\\/#respond\"]}]},{\"@type\":\"WebPage\",\"@id\":\"https:\\\/\\\/diarieducacio.cat\\\/artseducacio\\\/2024\\\/11\\\/22\\\/nova-convocatoria-del-concurs-de-cinema-ments-despertes\\\/\",\"url\":\"https:\\\/\\\/diarieducacio.cat\\\/artseducacio\\\/2024\\\/11\\\/22\\\/nova-convocatoria-del-concurs-de-cinema-ments-despertes\\\/\",\"name\":\"Nova convocat\u00f2ria del Concurs de Cinema Ments Despertes - Arts & Educaci\u00f3\",\"isPartOf\":{\"@id\":\"https:\\\/\\\/diarieducacio.cat\\\/artseducacio\\\/#website\"},\"primaryImageOfPage\":{\"@id\":\"https:\\\/\\\/diarieducacio.cat\\\/artseducacio\\\/2024\\\/11\\\/22\\\/nova-convocatoria-del-concurs-de-cinema-ments-despertes\\\/#primaryimage\"},\"image\":{\"@id\":\"https:\\\/\\\/diarieducacio.cat\\\/artseducacio\\\/2024\\\/11\\\/22\\\/nova-convocatoria-del-concurs-de-cinema-ments-despertes\\\/#primaryimage\"},\"thumbnailUrl\":\"https:\\\/\\\/diarieducacio.cat\\\/artseducacio\\\/wp-content\\\/uploads\\\/sites\\\/20\\\/2024\\\/11\\\/5.png\",\"datePublished\":\"2024-11-22T03:23:00+00:00\",\"author\":{\"@id\":\"https:\\\/\\\/diarieducacio.cat\\\/artseducacio\\\/#\\\/schema\\\/person\\\/1aea2ebf3d17d2e1054d7e9ef9d19fbb\"},\"breadcrumb\":{\"@id\":\"https:\\\/\\\/diarieducacio.cat\\\/artseducacio\\\/2024\\\/11\\\/22\\\/nova-convocatoria-del-concurs-de-cinema-ments-despertes\\\/#breadcrumb\"},\"inLanguage\":\"ca\",\"potentialAction\":[{\"@type\":\"ReadAction\",\"target\":[\"https:\\\/\\\/diarieducacio.cat\\\/artseducacio\\\/2024\\\/11\\\/22\\\/nova-convocatoria-del-concurs-de-cinema-ments-despertes\\\/\"]}]},{\"@type\":\"ImageObject\",\"inLanguage\":\"ca\",\"@id\":\"https:\\\/\\\/diarieducacio.cat\\\/artseducacio\\\/2024\\\/11\\\/22\\\/nova-convocatoria-del-concurs-de-cinema-ments-despertes\\\/#primaryimage\",\"url\":\"https:\\\/\\\/diarieducacio.cat\\\/artseducacio\\\/wp-content\\\/uploads\\\/sites\\\/20\\\/2024\\\/11\\\/5.png\",\"contentUrl\":\"https:\\\/\\\/diarieducacio.cat\\\/artseducacio\\\/wp-content\\\/uploads\\\/sites\\\/20\\\/2024\\\/11\\\/5.png\",\"width\":1080,\"height\":720,\"caption\":\"Entrega de premis en l'edici\u00f3 23-24 del Concurs de Cinema Ments Despertes\"},{\"@type\":\"BreadcrumbList\",\"@id\":\"https:\\\/\\\/diarieducacio.cat\\\/artseducacio\\\/2024\\\/11\\\/22\\\/nova-convocatoria-del-concurs-de-cinema-ments-despertes\\\/#breadcrumb\",\"itemListElement\":[{\"@type\":\"ListItem\",\"position\":1,\"name\":\"Inici\",\"item\":\"https:\\\/\\\/diarieducacio.cat\\\/artseducacio\\\/\"},{\"@type\":\"ListItem\",\"position\":2,\"name\":\"Nova convocat\u00f2ria del Concurs de Cinema Ments Despertes\"}]},{\"@type\":\"WebSite\",\"@id\":\"https:\\\/\\\/diarieducacio.cat\\\/artseducacio\\\/#website\",\"url\":\"https:\\\/\\\/diarieducacio.cat\\\/artseducacio\\\/\",\"name\":\"Arts & Educaci\u00f3\",\"description\":\"Un blog de El Diari de l&#039;Educaci\u00f3\",\"potentialAction\":[{\"@type\":\"SearchAction\",\"target\":{\"@type\":\"EntryPoint\",\"urlTemplate\":\"https:\\\/\\\/diarieducacio.cat\\\/artseducacio\\\/?s={search_term_string}\"},\"query-input\":{\"@type\":\"PropertyValueSpecification\",\"valueRequired\":true,\"valueName\":\"search_term_string\"}}],\"inLanguage\":\"ca\"},{\"@type\":\"Person\",\"@id\":\"https:\\\/\\\/diarieducacio.cat\\\/artseducacio\\\/#\\\/schema\\\/person\\\/1aea2ebf3d17d2e1054d7e9ef9d19fbb\",\"name\":\"Redacci\u00f3 A&amp;E\",\"image\":{\"@type\":\"ImageObject\",\"inLanguage\":\"ca\",\"@id\":\"https:\\\/\\\/secure.gravatar.com\\\/avatar\\\/f6b6e4f88508dfff69785089e6276f75bf832d5eeeca9936b9d90937ea6dc611?s=96&d=mm&r=g\",\"url\":\"https:\\\/\\\/secure.gravatar.com\\\/avatar\\\/f6b6e4f88508dfff69785089e6276f75bf832d5eeeca9936b9d90937ea6dc611?s=96&d=mm&r=g\",\"contentUrl\":\"https:\\\/\\\/secure.gravatar.com\\\/avatar\\\/f6b6e4f88508dfff69785089e6276f75bf832d5eeeca9936b9d90937ea6dc611?s=96&d=mm&r=g\",\"caption\":\"Redacci\u00f3 A&amp;E\"},\"url\":\"https:\\\/\\\/diarieducacio.cat\\\/artseducacio\\\/author\\\/redaccioarts\\\/\"}]}<\/script>\n<!-- \/ Yoast SEO plugin. -->","yoast_head_json":{"title":"Nova convocat\u00f2ria del Concurs de Cinema Ments Despertes - Arts & Educaci\u00f3","robots":{"index":"index","follow":"follow","max-snippet":"max-snippet:-1","max-image-preview":"max-image-preview:large","max-video-preview":"max-video-preview:-1"},"canonical":"https:\/\/diarieducacio.cat\/artseducacio\/2024\/11\/22\/nova-convocatoria-del-concurs-de-cinema-ments-despertes\/","og_locale":"ca_ES","og_type":"article","og_title":"Nova convocat\u00f2ria del Concurs de Cinema Ments Despertes - Arts & Educaci\u00f3","og_description":"Un bon recurs per poder parlar de salut mental i emocional a l\u2019aula \u00e9s el Concurs de Cinema de Ments Despertes. Un esdeveniment obert a l\u2019alumnat dels centres de secund\u00e0ria, formaci\u00f3 professional i educaci\u00f3 d&#8217;adults on poden dir la seva i pensar en una societat millor. Una oportunitat per trencar amb els estereotips entre joves.","og_url":"https:\/\/diarieducacio.cat\/artseducacio\/2024\/11\/22\/nova-convocatoria-del-concurs-de-cinema-ments-despertes\/","og_site_name":"Arts & Educaci\u00f3","article_publisher":"https:\/\/www.facebook.com\/diarieducacio\/","article_published_time":"2024-11-22T03:23:00+00:00","og_image":[{"width":1080,"height":720,"url":"https:\/\/diarieducacio.cat\/artseducacio\/wp-content\/uploads\/sites\/20\/2024\/11\/5.png","type":"image\/png"}],"author":"Redacci\u00f3 A&amp;E","twitter_card":"summary_large_image","twitter_creator":"@DiariEducacio","twitter_site":"@DiariEducacio","twitter_misc":{"Escrit per":"Redacci\u00f3 A&amp;E","Temps estimat de lectura":"3 minuts"},"schema":{"@context":"https:\/\/schema.org","@graph":[{"@type":"Article","@id":"https:\/\/diarieducacio.cat\/artseducacio\/2024\/11\/22\/nova-convocatoria-del-concurs-de-cinema-ments-despertes\/#article","isPartOf":{"@id":"https:\/\/diarieducacio.cat\/artseducacio\/2024\/11\/22\/nova-convocatoria-del-concurs-de-cinema-ments-despertes\/"},"author":{"name":"Redacci\u00f3 A&amp;E","@id":"https:\/\/diarieducacio.cat\/artseducacio\/#\/schema\/person\/1aea2ebf3d17d2e1054d7e9ef9d19fbb"},"headline":"Nova convocat\u00f2ria del Concurs de Cinema Ments Despertes","datePublished":"2024-11-22T03:23:00+00:00","mainEntityOfPage":{"@id":"https:\/\/diarieducacio.cat\/artseducacio\/2024\/11\/22\/nova-convocatoria-del-concurs-de-cinema-ments-despertes\/"},"wordCount":542,"commentCount":0,"image":{"@id":"https:\/\/diarieducacio.cat\/artseducacio\/2024\/11\/22\/nova-convocatoria-del-concurs-de-cinema-ments-despertes\/#primaryimage"},"thumbnailUrl":"https:\/\/diarieducacio.cat\/artseducacio\/wp-content\/uploads\/sites\/20\/2024\/11\/5.png","keywords":["art i educaci\u00f3","art i escola","beneficis de la cultura i educaci\u00f3 art\u00edstica","cinema","CULTURA BCN","CULTURA ESCOLA","cultura i educaci\u00f3","cultura i escola","educaci\u00f3 art\u00edstica i cultural"],"articleSection":["Bones pr\u00e0ctiques"],"inLanguage":"ca","potentialAction":[{"@type":"CommentAction","name":"Comment","target":["https:\/\/diarieducacio.cat\/artseducacio\/2024\/11\/22\/nova-convocatoria-del-concurs-de-cinema-ments-despertes\/#respond"]}]},{"@type":"WebPage","@id":"https:\/\/diarieducacio.cat\/artseducacio\/2024\/11\/22\/nova-convocatoria-del-concurs-de-cinema-ments-despertes\/","url":"https:\/\/diarieducacio.cat\/artseducacio\/2024\/11\/22\/nova-convocatoria-del-concurs-de-cinema-ments-despertes\/","name":"Nova convocat\u00f2ria del Concurs de Cinema Ments Despertes - Arts & Educaci\u00f3","isPartOf":{"@id":"https:\/\/diarieducacio.cat\/artseducacio\/#website"},"primaryImageOfPage":{"@id":"https:\/\/diarieducacio.cat\/artseducacio\/2024\/11\/22\/nova-convocatoria-del-concurs-de-cinema-ments-despertes\/#primaryimage"},"image":{"@id":"https:\/\/diarieducacio.cat\/artseducacio\/2024\/11\/22\/nova-convocatoria-del-concurs-de-cinema-ments-despertes\/#primaryimage"},"thumbnailUrl":"https:\/\/diarieducacio.cat\/artseducacio\/wp-content\/uploads\/sites\/20\/2024\/11\/5.png","datePublished":"2024-11-22T03:23:00+00:00","author":{"@id":"https:\/\/diarieducacio.cat\/artseducacio\/#\/schema\/person\/1aea2ebf3d17d2e1054d7e9ef9d19fbb"},"breadcrumb":{"@id":"https:\/\/diarieducacio.cat\/artseducacio\/2024\/11\/22\/nova-convocatoria-del-concurs-de-cinema-ments-despertes\/#breadcrumb"},"inLanguage":"ca","potentialAction":[{"@type":"ReadAction","target":["https:\/\/diarieducacio.cat\/artseducacio\/2024\/11\/22\/nova-convocatoria-del-concurs-de-cinema-ments-despertes\/"]}]},{"@type":"ImageObject","inLanguage":"ca","@id":"https:\/\/diarieducacio.cat\/artseducacio\/2024\/11\/22\/nova-convocatoria-del-concurs-de-cinema-ments-despertes\/#primaryimage","url":"https:\/\/diarieducacio.cat\/artseducacio\/wp-content\/uploads\/sites\/20\/2024\/11\/5.png","contentUrl":"https:\/\/diarieducacio.cat\/artseducacio\/wp-content\/uploads\/sites\/20\/2024\/11\/5.png","width":1080,"height":720,"caption":"Entrega de premis en l'edici\u00f3 23-24 del Concurs de Cinema Ments Despertes"},{"@type":"BreadcrumbList","@id":"https:\/\/diarieducacio.cat\/artseducacio\/2024\/11\/22\/nova-convocatoria-del-concurs-de-cinema-ments-despertes\/#breadcrumb","itemListElement":[{"@type":"ListItem","position":1,"name":"Inici","item":"https:\/\/diarieducacio.cat\/artseducacio\/"},{"@type":"ListItem","position":2,"name":"Nova convocat\u00f2ria del Concurs de Cinema Ments Despertes"}]},{"@type":"WebSite","@id":"https:\/\/diarieducacio.cat\/artseducacio\/#website","url":"https:\/\/diarieducacio.cat\/artseducacio\/","name":"Arts & Educaci\u00f3","description":"Un blog de El Diari de l&#039;Educaci\u00f3","potentialAction":[{"@type":"SearchAction","target":{"@type":"EntryPoint","urlTemplate":"https:\/\/diarieducacio.cat\/artseducacio\/?s={search_term_string}"},"query-input":{"@type":"PropertyValueSpecification","valueRequired":true,"valueName":"search_term_string"}}],"inLanguage":"ca"},{"@type":"Person","@id":"https:\/\/diarieducacio.cat\/artseducacio\/#\/schema\/person\/1aea2ebf3d17d2e1054d7e9ef9d19fbb","name":"Redacci\u00f3 A&amp;E","image":{"@type":"ImageObject","inLanguage":"ca","@id":"https:\/\/secure.gravatar.com\/avatar\/f6b6e4f88508dfff69785089e6276f75bf832d5eeeca9936b9d90937ea6dc611?s=96&d=mm&r=g","url":"https:\/\/secure.gravatar.com\/avatar\/f6b6e4f88508dfff69785089e6276f75bf832d5eeeca9936b9d90937ea6dc611?s=96&d=mm&r=g","contentUrl":"https:\/\/secure.gravatar.com\/avatar\/f6b6e4f88508dfff69785089e6276f75bf832d5eeeca9936b9d90937ea6dc611?s=96&d=mm&r=g","caption":"Redacci\u00f3 A&amp;E"},"url":"https:\/\/diarieducacio.cat\/artseducacio\/author\/redaccioarts\/"}]}},"_links":{"self":[{"href":"https:\/\/diarieducacio.cat\/artseducacio\/wp-json\/wp\/v2\/posts\/2843","targetHints":{"allow":["GET"]}}],"collection":[{"href":"https:\/\/diarieducacio.cat\/artseducacio\/wp-json\/wp\/v2\/posts"}],"about":[{"href":"https:\/\/diarieducacio.cat\/artseducacio\/wp-json\/wp\/v2\/types\/post"}],"author":[{"embeddable":true,"href":"https:\/\/diarieducacio.cat\/artseducacio\/wp-json\/wp\/v2\/users\/1138"}],"replies":[{"embeddable":true,"href":"https:\/\/diarieducacio.cat\/artseducacio\/wp-json\/wp\/v2\/comments?post=2843"}],"version-history":[{"count":5,"href":"https:\/\/diarieducacio.cat\/artseducacio\/wp-json\/wp\/v2\/posts\/2843\/revisions"}],"predecessor-version":[{"id":2851,"href":"https:\/\/diarieducacio.cat\/artseducacio\/wp-json\/wp\/v2\/posts\/2843\/revisions\/2851"}],"wp:featuredmedia":[{"embeddable":true,"href":"https:\/\/diarieducacio.cat\/artseducacio\/wp-json\/wp\/v2\/media\/2844"}],"wp:attachment":[{"href":"https:\/\/diarieducacio.cat\/artseducacio\/wp-json\/wp\/v2\/media?parent=2843"}],"wp:term":[{"taxonomy":"category","embeddable":true,"href":"https:\/\/diarieducacio.cat\/artseducacio\/wp-json\/wp\/v2\/categories?post=2843"},{"taxonomy":"post_tag","embeddable":true,"href":"https:\/\/diarieducacio.cat\/artseducacio\/wp-json\/wp\/v2\/tags?post=2843"},{"taxonomy":"tipo","embeddable":true,"href":"https:\/\/diarieducacio.cat\/artseducacio\/wp-json\/wp\/v2\/tipo?post=2843"}],"curies":[{"name":"wp","href":"https:\/\/api.w.org\/{rel}","templated":true}]}}