{"id":2898,"date":"2024-12-17T08:37:32","date_gmt":"2024-12-17T07:37:32","guid":{"rendered":"https:\/\/diarieducacio.cat\/artseducacio\/?p=2898"},"modified":"2024-12-17T08:37:33","modified_gmt":"2024-12-17T07:37:33","slug":"els-estudis-superiors-artistics-de-linstitut-del-teatre-sadscriuen-a-la-universitat-de-barcelona","status":"publish","type":"post","link":"https:\/\/diarieducacio.cat\/artseducacio\/2024\/12\/17\/els-estudis-superiors-artistics-de-linstitut-del-teatre-sadscriuen-a-la-universitat-de-barcelona\/","title":{"rendered":"Els estudis superiors art\u00edstics de l\u2019Institut del Teatre s\u2019adscriuen a la Universitat de Barcelona"},"content":{"rendered":"\n<p>L\u2019Institut del Teatre ha acollit aquest desembre l\u2019acte oficial de la signatura del conveni d\u2019adscripci\u00f3 i col\u00b7laboraci\u00f3 acad\u00e8mica amb la Universitat de Barcelona (UB). El diputat de Cultura de la Diputaci\u00f3 de Barcelona, Pau Gonz\u00e0lez, i el rector de la UB, Joan Gu\u00e0rdia, han signat el document que formalitza l\u2019adscripci\u00f3 de l\u2019Escola Superior d\u2019Art Dram\u00e0tic (ESAD) i del Conservatori Superior de Dansa (CSD) de l\u2019Institut del Teatre a la Universitat de Barcelona.<\/p>\n\n\n\n<h3 class=\"wp-block-heading\">Noves titulacions universit\u00e0ries<\/h3>\n\n\n\n<p>El conveni estableix que l\u2019ESAD podr\u00e0 impartir tres estudis de grau: Grau en Interpretaci\u00f3 teatral, Grau en Direcci\u00f3 esc\u00e8nica i Dramat\u00fargia i Grau en Escenografia. A m\u00e9s, el CSD oferir\u00e0 un \u00fanic grau que aplegar\u00e0 les dues especialitats que actualment l\u2019escola imparteix per separat, i que dur\u00e0 per nom Grau en Dansa: Pedagogia i Coreografia. Els quatre graus seran titulacions universit\u00e0ries oficials de la Universitat de Barcelona.<\/p>\n\n\n\n<p>La implantaci\u00f3 de les titulacions superiors de l\u2019Institut del Teatre com a universit\u00e0ries es far\u00e0 efectiva previsiblement en el curs 2026-2027.<\/p>\n\n\n\n<p>La directora general de l\u2019Institut del Teatre,&nbsp;N\u00faria Plana, ha assegurat que &#8220;l\u2019adscripci\u00f3 de l\u2019Institut del Teatre a la Universitat de Barcelona suposa un gran salt qualitatiu per a les nostres titulacions superiors en Art Dram\u00e0tic i Dansa, alhora que ens obre les portes a incrementar la recerca en arts des de la pr\u00e0ctica art\u00edstica&#8221;.<br><br>D\u2019altra banda, el diputat de l\u2019\u00c0rea de Cultura de la Diputaci\u00f3 de Barcelona,<strong>&nbsp;<\/strong>Pau Gonz\u00e0lez, ha destacat que l\u2019Institut del Teatre &#8220;ha treballat de valent per a aquest reconeixement, especialment des de 2015, en qu\u00e8 es va decidir per votaci\u00f3 interna l\u2019adscripci\u00f3 universit\u00e0ria com la via m\u00e9s adequada&#8221; per atorgar als estudis superiors de la instituci\u00f3 el rang acad\u00e8mic que mereixen.<br><br>El rector de la UB,&nbsp;Joan Gu\u00e0rdia, ha afirmat que aquest conveni &#8220;\u00e9s un pas m\u00e9s en la direcci\u00f3 ferma que la Universitat de Barcelona va endegar ara fa uns anys de constituir-se en el motor de les belles arts al nostre pa\u00eds. Un pas que treballem perqu\u00e8 es vegi reflectit al nou nucli del Campus de les Arts&#8221;. Tamb\u00e9 ha manifestat que &#8220;en aquest recorregut, la connexi\u00f3 amb una instituci\u00f3 de refer\u00e8ncia nacional i internacional en l\u2019\u00e0mbit art\u00edstic com \u00e9s l\u2019Institut del Teatre \u00e9s l\u2019evid\u00e8ncia m\u00e9s clara que no es pot entendre la ci\u00e8ncia sense l\u2019art i viceversa. Conceptes com recerca, innovaci\u00f3 i transfer\u00e8ncia no s\u00f3n aliens a la realitat de l\u2019Institut del Teatre: el lligam amb la Universitat de Barcelona \u00e9s la palanca perqu\u00e8 tota aquesta realitat faci un pas endavant decisiu&#8221;.<\/p>\n\n\n\n<h3 class=\"wp-block-heading\">Reivindicaci\u00f3 hist\u00f2rica<\/h3>\n\n\n\n<p><br>La signatura del conveni obre les portes a l\u2019acompliment d\u2019una reivindicaci\u00f3 hist\u00f2rica en l\u2019\u00e0mbit de l\u2019ensenyament dels estudis art\u00edstics superiors. Fa tres d\u00e8cades que des del sector educatiu art\u00edstic nacional es reivindicava l\u2019equiparaci\u00f3 dels estudis superiors art\u00edstics com universitaris. Aquest conveni dona resposta, finalment, a aquesta reivindicaci\u00f3.<br>\u00a0<br>A finals de juny de 2024 va entrar en vigor la nova llei d\u2019ensenyaments art\u00edstics superiors que estableix el marc legal necessari per poder alinear els estudis de\u00a0disseny, art dram\u00e0tic, m\u00fasica, dansa, audiovisual, arts pl\u00e0stiques o restauraci\u00f3 de b\u00e9ns culturals\u00a0als est\u00e0ndards europeus. A l&#8217;Estat, el sector dels ensenyaments art\u00edstics agrupa uns\u00a014.000 docents i 140.000 alumnes.<\/p>\n","protected":false},"excerpt":{"rendered":"<p>L\u2019Institut del Teatre ha acollit aquest desembre l\u2019acte oficial de la signatura del conveni d\u2019adscripci\u00f3 i col\u00b7laboraci\u00f3 acad\u00e8mica amb la Universitat de Barcelona (UB). El diputat de Cultura de la Diputaci\u00f3 de Barcelona, Pau Gonz\u00e0lez, i el rector de la UB, Joan Gu\u00e0rdia, han signat el document que formalitza l\u2019adscripci\u00f3 de l\u2019Escola Superior d\u2019Art Dram\u00e0tic<\/p>\n","protected":false},"author":1138,"featured_media":2899,"comment_status":"open","ping_status":"open","sticky":false,"template":"","format":"standard","meta":{"footnotes":""},"categories":[108],"tags":[182,126,97,127,121,117],"tipo":[222],"class_list":{"0":"post-2898","1":"post","2":"type-post","3":"status-publish","4":"format-standard","5":"has-post-thumbnail","7":"category-es-noticia","8":"tag-art-i-educacio","9":"tag-beneficis-de-la-cultura-i-educacio-artistica","10":"tag-cultura-escola","11":"tag-cultura-i-educacio","12":"tag-cultura-i-escola","13":"tag-educacio-artistica-i-cultural","14":"tipo-actualitat"},"yoast_head":"<!-- This site is optimized with the Yoast SEO plugin v27.5 - https:\/\/yoast.com\/product\/yoast-seo-wordpress\/ -->\n<title>Els estudis superiors art\u00edstics de l\u2019Institut del Teatre s\u2019adscriuen a la Universitat de Barcelona - Arts &amp; Educaci\u00f3<\/title>\n<meta name=\"robots\" content=\"index, follow, max-snippet:-1, max-image-preview:large, max-video-preview:-1\" \/>\n<link rel=\"canonical\" href=\"https:\/\/diarieducacio.cat\/artseducacio\/2024\/12\/17\/els-estudis-superiors-artistics-de-linstitut-del-teatre-sadscriuen-a-la-universitat-de-barcelona\/\" \/>\n<meta property=\"og:locale\" content=\"ca_ES\" \/>\n<meta property=\"og:type\" content=\"article\" \/>\n<meta property=\"og:title\" content=\"Els estudis superiors art\u00edstics de l\u2019Institut del Teatre s\u2019adscriuen a la Universitat de Barcelona - Arts &amp; Educaci\u00f3\" \/>\n<meta property=\"og:description\" content=\"L\u2019Institut del Teatre ha acollit aquest desembre l\u2019acte oficial de la signatura del conveni d\u2019adscripci\u00f3 i col\u00b7laboraci\u00f3 acad\u00e8mica amb la Universitat de Barcelona (UB). El diputat de Cultura de la Diputaci\u00f3 de Barcelona, Pau Gonz\u00e0lez, i el rector de la UB, Joan Gu\u00e0rdia, han signat el document que formalitza l\u2019adscripci\u00f3 de l\u2019Escola Superior d\u2019Art Dram\u00e0tic\" \/>\n<meta property=\"og:url\" content=\"https:\/\/diarieducacio.cat\/artseducacio\/2024\/12\/17\/els-estudis-superiors-artistics-de-linstitut-del-teatre-sadscriuen-a-la-universitat-de-barcelona\/\" \/>\n<meta property=\"og:site_name\" content=\"Arts &amp; Educaci\u00f3\" \/>\n<meta property=\"article:publisher\" content=\"https:\/\/www.facebook.com\/diarieducacio\/\" \/>\n<meta property=\"article:published_time\" content=\"2024-12-17T07:37:32+00:00\" \/>\n<meta property=\"article:modified_time\" content=\"2024-12-17T07:37:33+00:00\" \/>\n<meta property=\"og:image\" content=\"https:\/\/diarieducacio.cat\/artseducacio\/wp-content\/uploads\/sites\/20\/2024\/12\/unnamed.jpg\" \/>\n\t<meta property=\"og:image:width\" content=\"600\" \/>\n\t<meta property=\"og:image:height\" content=\"338\" \/>\n\t<meta property=\"og:image:type\" content=\"image\/jpeg\" \/>\n<meta name=\"author\" content=\"Redacci\u00f3 A&amp;E\" \/>\n<meta name=\"twitter:card\" content=\"summary_large_image\" \/>\n<meta name=\"twitter:creator\" content=\"@DiariEducacio\" \/>\n<meta name=\"twitter:site\" content=\"@DiariEducacio\" \/>\n<meta name=\"twitter:label1\" content=\"Escrit per\" \/>\n\t<meta name=\"twitter:data1\" content=\"Redacci\u00f3 A&amp;E\" \/>\n\t<meta name=\"twitter:label2\" content=\"Temps estimat de lectura\" \/>\n\t<meta name=\"twitter:data2\" content=\"3 minuts\" \/>\n<script type=\"application\/ld+json\" class=\"yoast-schema-graph\">{\"@context\":\"https:\\\/\\\/schema.org\",\"@graph\":[{\"@type\":\"Article\",\"@id\":\"https:\\\/\\\/diarieducacio.cat\\\/artseducacio\\\/2024\\\/12\\\/17\\\/els-estudis-superiors-artistics-de-linstitut-del-teatre-sadscriuen-a-la-universitat-de-barcelona\\\/#article\",\"isPartOf\":{\"@id\":\"https:\\\/\\\/diarieducacio.cat\\\/artseducacio\\\/2024\\\/12\\\/17\\\/els-estudis-superiors-artistics-de-linstitut-del-teatre-sadscriuen-a-la-universitat-de-barcelona\\\/\"},\"author\":{\"name\":\"Redacci\u00f3 A&amp;E\",\"@id\":\"https:\\\/\\\/diarieducacio.cat\\\/artseducacio\\\/#\\\/schema\\\/person\\\/1aea2ebf3d17d2e1054d7e9ef9d19fbb\"},\"headline\":\"Els estudis superiors art\u00edstics de l\u2019Institut del Teatre s\u2019adscriuen a la Universitat de Barcelona\",\"datePublished\":\"2024-12-17T07:37:32+00:00\",\"dateModified\":\"2024-12-17T07:37:33+00:00\",\"mainEntityOfPage\":{\"@id\":\"https:\\\/\\\/diarieducacio.cat\\\/artseducacio\\\/2024\\\/12\\\/17\\\/els-estudis-superiors-artistics-de-linstitut-del-teatre-sadscriuen-a-la-universitat-de-barcelona\\\/\"},\"wordCount\":607,\"commentCount\":0,\"image\":{\"@id\":\"https:\\\/\\\/diarieducacio.cat\\\/artseducacio\\\/2024\\\/12\\\/17\\\/els-estudis-superiors-artistics-de-linstitut-del-teatre-sadscriuen-a-la-universitat-de-barcelona\\\/#primaryimage\"},\"thumbnailUrl\":\"https:\\\/\\\/diarieducacio.cat\\\/artseducacio\\\/wp-content\\\/uploads\\\/sites\\\/20\\\/2024\\\/12\\\/unnamed.jpg\",\"keywords\":[\"art i educaci\u00f3\",\"beneficis de la cultura i educaci\u00f3 art\u00edstica\",\"CULTURA ESCOLA\",\"cultura i educaci\u00f3\",\"cultura i escola\",\"educaci\u00f3 art\u00edstica i cultural\"],\"articleSection\":[\"\u00c9s not\u00edcia\"],\"inLanguage\":\"ca\",\"potentialAction\":[{\"@type\":\"CommentAction\",\"name\":\"Comment\",\"target\":[\"https:\\\/\\\/diarieducacio.cat\\\/artseducacio\\\/2024\\\/12\\\/17\\\/els-estudis-superiors-artistics-de-linstitut-del-teatre-sadscriuen-a-la-universitat-de-barcelona\\\/#respond\"]}]},{\"@type\":\"WebPage\",\"@id\":\"https:\\\/\\\/diarieducacio.cat\\\/artseducacio\\\/2024\\\/12\\\/17\\\/els-estudis-superiors-artistics-de-linstitut-del-teatre-sadscriuen-a-la-universitat-de-barcelona\\\/\",\"url\":\"https:\\\/\\\/diarieducacio.cat\\\/artseducacio\\\/2024\\\/12\\\/17\\\/els-estudis-superiors-artistics-de-linstitut-del-teatre-sadscriuen-a-la-universitat-de-barcelona\\\/\",\"name\":\"Els estudis superiors art\u00edstics de l\u2019Institut del Teatre s\u2019adscriuen a la Universitat de Barcelona - Arts & Educaci\u00f3\",\"isPartOf\":{\"@id\":\"https:\\\/\\\/diarieducacio.cat\\\/artseducacio\\\/#website\"},\"primaryImageOfPage\":{\"@id\":\"https:\\\/\\\/diarieducacio.cat\\\/artseducacio\\\/2024\\\/12\\\/17\\\/els-estudis-superiors-artistics-de-linstitut-del-teatre-sadscriuen-a-la-universitat-de-barcelona\\\/#primaryimage\"},\"image\":{\"@id\":\"https:\\\/\\\/diarieducacio.cat\\\/artseducacio\\\/2024\\\/12\\\/17\\\/els-estudis-superiors-artistics-de-linstitut-del-teatre-sadscriuen-a-la-universitat-de-barcelona\\\/#primaryimage\"},\"thumbnailUrl\":\"https:\\\/\\\/diarieducacio.cat\\\/artseducacio\\\/wp-content\\\/uploads\\\/sites\\\/20\\\/2024\\\/12\\\/unnamed.jpg\",\"datePublished\":\"2024-12-17T07:37:32+00:00\",\"dateModified\":\"2024-12-17T07:37:33+00:00\",\"author\":{\"@id\":\"https:\\\/\\\/diarieducacio.cat\\\/artseducacio\\\/#\\\/schema\\\/person\\\/1aea2ebf3d17d2e1054d7e9ef9d19fbb\"},\"breadcrumb\":{\"@id\":\"https:\\\/\\\/diarieducacio.cat\\\/artseducacio\\\/2024\\\/12\\\/17\\\/els-estudis-superiors-artistics-de-linstitut-del-teatre-sadscriuen-a-la-universitat-de-barcelona\\\/#breadcrumb\"},\"inLanguage\":\"ca\",\"potentialAction\":[{\"@type\":\"ReadAction\",\"target\":[\"https:\\\/\\\/diarieducacio.cat\\\/artseducacio\\\/2024\\\/12\\\/17\\\/els-estudis-superiors-artistics-de-linstitut-del-teatre-sadscriuen-a-la-universitat-de-barcelona\\\/\"]}]},{\"@type\":\"ImageObject\",\"inLanguage\":\"ca\",\"@id\":\"https:\\\/\\\/diarieducacio.cat\\\/artseducacio\\\/2024\\\/12\\\/17\\\/els-estudis-superiors-artistics-de-linstitut-del-teatre-sadscriuen-a-la-universitat-de-barcelona\\\/#primaryimage\",\"url\":\"https:\\\/\\\/diarieducacio.cat\\\/artseducacio\\\/wp-content\\\/uploads\\\/sites\\\/20\\\/2024\\\/12\\\/unnamed.jpg\",\"contentUrl\":\"https:\\\/\\\/diarieducacio.cat\\\/artseducacio\\\/wp-content\\\/uploads\\\/sites\\\/20\\\/2024\\\/12\\\/unnamed.jpg\",\"width\":600,\"height\":338,\"caption\":\"Un moment de l'acte de signatura. D'esquerra a dreta el diputat de l\u2019\u00c0rea de Cultura de la Diputaci\u00f3 de Barcelona, Pau Gonz\u00e0lez, el rector de la UB, Joan Gu\u00e0rdia, i la directora general de l\u2019Institut del Teatre, N\u00faria Plana \\\/ Foto: UB\"},{\"@type\":\"BreadcrumbList\",\"@id\":\"https:\\\/\\\/diarieducacio.cat\\\/artseducacio\\\/2024\\\/12\\\/17\\\/els-estudis-superiors-artistics-de-linstitut-del-teatre-sadscriuen-a-la-universitat-de-barcelona\\\/#breadcrumb\",\"itemListElement\":[{\"@type\":\"ListItem\",\"position\":1,\"name\":\"Inici\",\"item\":\"https:\\\/\\\/diarieducacio.cat\\\/artseducacio\\\/\"},{\"@type\":\"ListItem\",\"position\":2,\"name\":\"Els estudis superiors art\u00edstics de l\u2019Institut del Teatre s\u2019adscriuen a la Universitat de Barcelona\"}]},{\"@type\":\"WebSite\",\"@id\":\"https:\\\/\\\/diarieducacio.cat\\\/artseducacio\\\/#website\",\"url\":\"https:\\\/\\\/diarieducacio.cat\\\/artseducacio\\\/\",\"name\":\"Arts & Educaci\u00f3\",\"description\":\"Un blog de El Diari de l&#039;Educaci\u00f3\",\"potentialAction\":[{\"@type\":\"SearchAction\",\"target\":{\"@type\":\"EntryPoint\",\"urlTemplate\":\"https:\\\/\\\/diarieducacio.cat\\\/artseducacio\\\/?s={search_term_string}\"},\"query-input\":{\"@type\":\"PropertyValueSpecification\",\"valueRequired\":true,\"valueName\":\"search_term_string\"}}],\"inLanguage\":\"ca\"},{\"@type\":\"Person\",\"@id\":\"https:\\\/\\\/diarieducacio.cat\\\/artseducacio\\\/#\\\/schema\\\/person\\\/1aea2ebf3d17d2e1054d7e9ef9d19fbb\",\"name\":\"Redacci\u00f3 A&amp;E\",\"image\":{\"@type\":\"ImageObject\",\"inLanguage\":\"ca\",\"@id\":\"https:\\\/\\\/secure.gravatar.com\\\/avatar\\\/f6b6e4f88508dfff69785089e6276f75bf832d5eeeca9936b9d90937ea6dc611?s=96&d=mm&r=g\",\"url\":\"https:\\\/\\\/secure.gravatar.com\\\/avatar\\\/f6b6e4f88508dfff69785089e6276f75bf832d5eeeca9936b9d90937ea6dc611?s=96&d=mm&r=g\",\"contentUrl\":\"https:\\\/\\\/secure.gravatar.com\\\/avatar\\\/f6b6e4f88508dfff69785089e6276f75bf832d5eeeca9936b9d90937ea6dc611?s=96&d=mm&r=g\",\"caption\":\"Redacci\u00f3 A&amp;E\"},\"url\":\"https:\\\/\\\/diarieducacio.cat\\\/artseducacio\\\/author\\\/redaccioarts\\\/\"}]}<\/script>\n<!-- \/ Yoast SEO plugin. -->","yoast_head_json":{"title":"Els estudis superiors art\u00edstics de l\u2019Institut del Teatre s\u2019adscriuen a la Universitat de Barcelona - Arts & Educaci\u00f3","robots":{"index":"index","follow":"follow","max-snippet":"max-snippet:-1","max-image-preview":"max-image-preview:large","max-video-preview":"max-video-preview:-1"},"canonical":"https:\/\/diarieducacio.cat\/artseducacio\/2024\/12\/17\/els-estudis-superiors-artistics-de-linstitut-del-teatre-sadscriuen-a-la-universitat-de-barcelona\/","og_locale":"ca_ES","og_type":"article","og_title":"Els estudis superiors art\u00edstics de l\u2019Institut del Teatre s\u2019adscriuen a la Universitat de Barcelona - Arts & Educaci\u00f3","og_description":"L\u2019Institut del Teatre ha acollit aquest desembre l\u2019acte oficial de la signatura del conveni d\u2019adscripci\u00f3 i col\u00b7laboraci\u00f3 acad\u00e8mica amb la Universitat de Barcelona (UB). El diputat de Cultura de la Diputaci\u00f3 de Barcelona, Pau Gonz\u00e0lez, i el rector de la UB, Joan Gu\u00e0rdia, han signat el document que formalitza l\u2019adscripci\u00f3 de l\u2019Escola Superior d\u2019Art Dram\u00e0tic","og_url":"https:\/\/diarieducacio.cat\/artseducacio\/2024\/12\/17\/els-estudis-superiors-artistics-de-linstitut-del-teatre-sadscriuen-a-la-universitat-de-barcelona\/","og_site_name":"Arts & Educaci\u00f3","article_publisher":"https:\/\/www.facebook.com\/diarieducacio\/","article_published_time":"2024-12-17T07:37:32+00:00","article_modified_time":"2024-12-17T07:37:33+00:00","og_image":[{"width":600,"height":338,"url":"https:\/\/diarieducacio.cat\/artseducacio\/wp-content\/uploads\/sites\/20\/2024\/12\/unnamed.jpg","type":"image\/jpeg"}],"author":"Redacci\u00f3 A&amp;E","twitter_card":"summary_large_image","twitter_creator":"@DiariEducacio","twitter_site":"@DiariEducacio","twitter_misc":{"Escrit per":"Redacci\u00f3 A&amp;E","Temps estimat de lectura":"3 minuts"},"schema":{"@context":"https:\/\/schema.org","@graph":[{"@type":"Article","@id":"https:\/\/diarieducacio.cat\/artseducacio\/2024\/12\/17\/els-estudis-superiors-artistics-de-linstitut-del-teatre-sadscriuen-a-la-universitat-de-barcelona\/#article","isPartOf":{"@id":"https:\/\/diarieducacio.cat\/artseducacio\/2024\/12\/17\/els-estudis-superiors-artistics-de-linstitut-del-teatre-sadscriuen-a-la-universitat-de-barcelona\/"},"author":{"name":"Redacci\u00f3 A&amp;E","@id":"https:\/\/diarieducacio.cat\/artseducacio\/#\/schema\/person\/1aea2ebf3d17d2e1054d7e9ef9d19fbb"},"headline":"Els estudis superiors art\u00edstics de l\u2019Institut del Teatre s\u2019adscriuen a la Universitat de Barcelona","datePublished":"2024-12-17T07:37:32+00:00","dateModified":"2024-12-17T07:37:33+00:00","mainEntityOfPage":{"@id":"https:\/\/diarieducacio.cat\/artseducacio\/2024\/12\/17\/els-estudis-superiors-artistics-de-linstitut-del-teatre-sadscriuen-a-la-universitat-de-barcelona\/"},"wordCount":607,"commentCount":0,"image":{"@id":"https:\/\/diarieducacio.cat\/artseducacio\/2024\/12\/17\/els-estudis-superiors-artistics-de-linstitut-del-teatre-sadscriuen-a-la-universitat-de-barcelona\/#primaryimage"},"thumbnailUrl":"https:\/\/diarieducacio.cat\/artseducacio\/wp-content\/uploads\/sites\/20\/2024\/12\/unnamed.jpg","keywords":["art i educaci\u00f3","beneficis de la cultura i educaci\u00f3 art\u00edstica","CULTURA ESCOLA","cultura i educaci\u00f3","cultura i escola","educaci\u00f3 art\u00edstica i cultural"],"articleSection":["\u00c9s not\u00edcia"],"inLanguage":"ca","potentialAction":[{"@type":"CommentAction","name":"Comment","target":["https:\/\/diarieducacio.cat\/artseducacio\/2024\/12\/17\/els-estudis-superiors-artistics-de-linstitut-del-teatre-sadscriuen-a-la-universitat-de-barcelona\/#respond"]}]},{"@type":"WebPage","@id":"https:\/\/diarieducacio.cat\/artseducacio\/2024\/12\/17\/els-estudis-superiors-artistics-de-linstitut-del-teatre-sadscriuen-a-la-universitat-de-barcelona\/","url":"https:\/\/diarieducacio.cat\/artseducacio\/2024\/12\/17\/els-estudis-superiors-artistics-de-linstitut-del-teatre-sadscriuen-a-la-universitat-de-barcelona\/","name":"Els estudis superiors art\u00edstics de l\u2019Institut del Teatre s\u2019adscriuen a la Universitat de Barcelona - Arts & Educaci\u00f3","isPartOf":{"@id":"https:\/\/diarieducacio.cat\/artseducacio\/#website"},"primaryImageOfPage":{"@id":"https:\/\/diarieducacio.cat\/artseducacio\/2024\/12\/17\/els-estudis-superiors-artistics-de-linstitut-del-teatre-sadscriuen-a-la-universitat-de-barcelona\/#primaryimage"},"image":{"@id":"https:\/\/diarieducacio.cat\/artseducacio\/2024\/12\/17\/els-estudis-superiors-artistics-de-linstitut-del-teatre-sadscriuen-a-la-universitat-de-barcelona\/#primaryimage"},"thumbnailUrl":"https:\/\/diarieducacio.cat\/artseducacio\/wp-content\/uploads\/sites\/20\/2024\/12\/unnamed.jpg","datePublished":"2024-12-17T07:37:32+00:00","dateModified":"2024-12-17T07:37:33+00:00","author":{"@id":"https:\/\/diarieducacio.cat\/artseducacio\/#\/schema\/person\/1aea2ebf3d17d2e1054d7e9ef9d19fbb"},"breadcrumb":{"@id":"https:\/\/diarieducacio.cat\/artseducacio\/2024\/12\/17\/els-estudis-superiors-artistics-de-linstitut-del-teatre-sadscriuen-a-la-universitat-de-barcelona\/#breadcrumb"},"inLanguage":"ca","potentialAction":[{"@type":"ReadAction","target":["https:\/\/diarieducacio.cat\/artseducacio\/2024\/12\/17\/els-estudis-superiors-artistics-de-linstitut-del-teatre-sadscriuen-a-la-universitat-de-barcelona\/"]}]},{"@type":"ImageObject","inLanguage":"ca","@id":"https:\/\/diarieducacio.cat\/artseducacio\/2024\/12\/17\/els-estudis-superiors-artistics-de-linstitut-del-teatre-sadscriuen-a-la-universitat-de-barcelona\/#primaryimage","url":"https:\/\/diarieducacio.cat\/artseducacio\/wp-content\/uploads\/sites\/20\/2024\/12\/unnamed.jpg","contentUrl":"https:\/\/diarieducacio.cat\/artseducacio\/wp-content\/uploads\/sites\/20\/2024\/12\/unnamed.jpg","width":600,"height":338,"caption":"Un moment de l'acte de signatura. D'esquerra a dreta el diputat de l\u2019\u00c0rea de Cultura de la Diputaci\u00f3 de Barcelona, Pau Gonz\u00e0lez, el rector de la UB, Joan Gu\u00e0rdia, i la directora general de l\u2019Institut del Teatre, N\u00faria Plana \/ Foto: UB"},{"@type":"BreadcrumbList","@id":"https:\/\/diarieducacio.cat\/artseducacio\/2024\/12\/17\/els-estudis-superiors-artistics-de-linstitut-del-teatre-sadscriuen-a-la-universitat-de-barcelona\/#breadcrumb","itemListElement":[{"@type":"ListItem","position":1,"name":"Inici","item":"https:\/\/diarieducacio.cat\/artseducacio\/"},{"@type":"ListItem","position":2,"name":"Els estudis superiors art\u00edstics de l\u2019Institut del Teatre s\u2019adscriuen a la Universitat de Barcelona"}]},{"@type":"WebSite","@id":"https:\/\/diarieducacio.cat\/artseducacio\/#website","url":"https:\/\/diarieducacio.cat\/artseducacio\/","name":"Arts & Educaci\u00f3","description":"Un blog de El Diari de l&#039;Educaci\u00f3","potentialAction":[{"@type":"SearchAction","target":{"@type":"EntryPoint","urlTemplate":"https:\/\/diarieducacio.cat\/artseducacio\/?s={search_term_string}"},"query-input":{"@type":"PropertyValueSpecification","valueRequired":true,"valueName":"search_term_string"}}],"inLanguage":"ca"},{"@type":"Person","@id":"https:\/\/diarieducacio.cat\/artseducacio\/#\/schema\/person\/1aea2ebf3d17d2e1054d7e9ef9d19fbb","name":"Redacci\u00f3 A&amp;E","image":{"@type":"ImageObject","inLanguage":"ca","@id":"https:\/\/secure.gravatar.com\/avatar\/f6b6e4f88508dfff69785089e6276f75bf832d5eeeca9936b9d90937ea6dc611?s=96&d=mm&r=g","url":"https:\/\/secure.gravatar.com\/avatar\/f6b6e4f88508dfff69785089e6276f75bf832d5eeeca9936b9d90937ea6dc611?s=96&d=mm&r=g","contentUrl":"https:\/\/secure.gravatar.com\/avatar\/f6b6e4f88508dfff69785089e6276f75bf832d5eeeca9936b9d90937ea6dc611?s=96&d=mm&r=g","caption":"Redacci\u00f3 A&amp;E"},"url":"https:\/\/diarieducacio.cat\/artseducacio\/author\/redaccioarts\/"}]}},"_links":{"self":[{"href":"https:\/\/diarieducacio.cat\/artseducacio\/wp-json\/wp\/v2\/posts\/2898","targetHints":{"allow":["GET"]}}],"collection":[{"href":"https:\/\/diarieducacio.cat\/artseducacio\/wp-json\/wp\/v2\/posts"}],"about":[{"href":"https:\/\/diarieducacio.cat\/artseducacio\/wp-json\/wp\/v2\/types\/post"}],"author":[{"embeddable":true,"href":"https:\/\/diarieducacio.cat\/artseducacio\/wp-json\/wp\/v2\/users\/1138"}],"replies":[{"embeddable":true,"href":"https:\/\/diarieducacio.cat\/artseducacio\/wp-json\/wp\/v2\/comments?post=2898"}],"version-history":[{"count":2,"href":"https:\/\/diarieducacio.cat\/artseducacio\/wp-json\/wp\/v2\/posts\/2898\/revisions"}],"predecessor-version":[{"id":2902,"href":"https:\/\/diarieducacio.cat\/artseducacio\/wp-json\/wp\/v2\/posts\/2898\/revisions\/2902"}],"wp:featuredmedia":[{"embeddable":true,"href":"https:\/\/diarieducacio.cat\/artseducacio\/wp-json\/wp\/v2\/media\/2899"}],"wp:attachment":[{"href":"https:\/\/diarieducacio.cat\/artseducacio\/wp-json\/wp\/v2\/media?parent=2898"}],"wp:term":[{"taxonomy":"category","embeddable":true,"href":"https:\/\/diarieducacio.cat\/artseducacio\/wp-json\/wp\/v2\/categories?post=2898"},{"taxonomy":"post_tag","embeddable":true,"href":"https:\/\/diarieducacio.cat\/artseducacio\/wp-json\/wp\/v2\/tags?post=2898"},{"taxonomy":"tipo","embeddable":true,"href":"https:\/\/diarieducacio.cat\/artseducacio\/wp-json\/wp\/v2\/tipo?post=2898"}],"curies":[{"name":"wp","href":"https:\/\/api.w.org\/{rel}","templated":true}]}}