{"id":2986,"date":"2025-02-05T16:49:49","date_gmt":"2025-02-05T15:49:49","guid":{"rendered":"https:\/\/diarieducacio.cat\/artseducacio\/?p=2986"},"modified":"2025-02-05T16:53:06","modified_gmt":"2025-02-05T15:53:06","slug":"la-promocio-de-les-arts-el-pensament-i-la-resiliencia-a-leso","status":"publish","type":"post","link":"https:\/\/diarieducacio.cat\/artseducacio\/2025\/02\/05\/la-promocio-de-les-arts-el-pensament-i-la-resiliencia-a-leso\/","title":{"rendered":"La promoci\u00f3 de les arts, el pensament i la resili\u00e8ncia a l\u2019ESO"},"content":{"rendered":"\n<p>Quan es posa l\u2019art a l\u2019abast dels joves (en determinades condicions de creaci\u00f3 del coneixement) fa emergir veu, imaginari i pensament. Aix\u00ed, les pr\u00e0ctiques que es generen, configuren moments singulars de descoberta en la producci\u00f3 art\u00edstica personal, empatia i obertura envers els altres.<\/p>\n\n\n\n<figure class=\"wp-block-image size-large\"><img fetchpriority=\"high\" decoding=\"async\" width=\"1024\" height=\"359\" src=\"https:\/\/diarieducacio.cat\/artseducacio\/wp-content\/uploads\/sites\/20\/2025\/02\/Arts-ESO-2-e1738770422858-1024x359.jpg\" alt=\"\" class=\"wp-image-2993\" srcset=\"https:\/\/diarieducacio.cat\/artseducacio\/wp-content\/uploads\/sites\/20\/2025\/02\/Arts-ESO-2-e1738770422858-1024x359.jpg 1024w, https:\/\/diarieducacio.cat\/artseducacio\/wp-content\/uploads\/sites\/20\/2025\/02\/Arts-ESO-2-e1738770422858-300x105.jpg 300w, https:\/\/diarieducacio.cat\/artseducacio\/wp-content\/uploads\/sites\/20\/2025\/02\/Arts-ESO-2-e1738770422858-768x269.jpg 768w, https:\/\/diarieducacio.cat\/artseducacio\/wp-content\/uploads\/sites\/20\/2025\/02\/Arts-ESO-2-e1738770422858-150x53.jpg 150w, https:\/\/diarieducacio.cat\/artseducacio\/wp-content\/uploads\/sites\/20\/2025\/02\/Arts-ESO-2-e1738770422858-450x158.jpg 450w, https:\/\/diarieducacio.cat\/artseducacio\/wp-content\/uploads\/sites\/20\/2025\/02\/Arts-ESO-2-e1738770422858.jpg 1187w\" sizes=\"(max-width: 1024px) 100vw, 1024px\" \/><figcaption class=\"wp-element-caption\">Exercici 1. Autorepresentaci\u00f3<\/figcaption><\/figure>\n\n\n\n<p>Les imatges que es presenten en aquest article, que m\u2019ha costat triar entre una vuitantena,\u00a0 pertanyen a processos de 2n de l\u2019ESO durant el 1r trimestre de l\u2019Institut Dr. Puigvert (2024-2025), estan impregnades de singularitat, d\u2019hist\u00f2ries,\u00a0d\u2019oportunitats per a l\u2019autoconeixement i per al di\u00e0leg entre les persones.<\/p>\n\n\n\n<p>En aquest cas, es va treballar concretament sabers<a id=\"_ftnref1\" href=\"#_ftn1\">[1]<\/a> sobre l\u00ednia, figura-fons, teoria del color, l\u2019\u00fas coherent de formes simb\u00f2liques per expressar idees complexes; tot, arran de l\u2019autoconeixement i el coneixement dels altres d\u2019una manera emp\u00e0tica. Tot all\u00f2, va ser fruit de dues premisses senzilles. El primer exercici girava al voltant de l\u2019autorepresentaci\u00f3, podien canviar de lloc les parts del seu del rostre, segons ells consideressin. L\u2019exercici obligava inevitablement a pensar en l\u2019assignaci\u00f3 del lloc i en la import\u00e0ncia que li donaven a cada part; va fer emergir l\u2019autorelat i despr\u00e9s l\u2019autoconsci\u00e8ncia. El segon exercici, en una primera fase havien de fer una observaci\u00f3 aguda i despr\u00e9s el dibuix de la l\u00ednia de contorn del company; en la segona fase, havien de parlar amb el company per representar gr\u00e0ficament i visualment, dintre de la l\u00ednia de contorn que havien dibuixat, el que cada company havia explicat sobre les coses del seu m\u00f3n, sobre els seus gustos i aficions. Fruit d\u2019aquests exercicis a l\u2019aula i de l\u2019acompanyament en la presa de decisions, van sortir aquests treballs que es presenten en aquest article.<\/p>\n\n\n\n<figure class=\"wp-block-image size-full\"><img decoding=\"async\" width=\"914\" height=\"338\" src=\"https:\/\/diarieducacio.cat\/artseducacio\/wp-content\/uploads\/sites\/20\/2025\/02\/Captura-de-pantalla-2025-02-05-a-les-15.54.24.png\" alt=\"\" class=\"wp-image-2989\" srcset=\"https:\/\/diarieducacio.cat\/artseducacio\/wp-content\/uploads\/sites\/20\/2025\/02\/Captura-de-pantalla-2025-02-05-a-les-15.54.24.png 914w, https:\/\/diarieducacio.cat\/artseducacio\/wp-content\/uploads\/sites\/20\/2025\/02\/Captura-de-pantalla-2025-02-05-a-les-15.54.24-300x111.png 300w, https:\/\/diarieducacio.cat\/artseducacio\/wp-content\/uploads\/sites\/20\/2025\/02\/Captura-de-pantalla-2025-02-05-a-les-15.54.24-768x284.png 768w, https:\/\/diarieducacio.cat\/artseducacio\/wp-content\/uploads\/sites\/20\/2025\/02\/Captura-de-pantalla-2025-02-05-a-les-15.54.24-150x55.png 150w, https:\/\/diarieducacio.cat\/artseducacio\/wp-content\/uploads\/sites\/20\/2025\/02\/Captura-de-pantalla-2025-02-05-a-les-15.54.24-450x166.png 450w\" sizes=\"(max-width: 914px) 100vw, 914px\" \/><figcaption class=\"wp-element-caption\"><em>Exercici 2. L\u2019altre: Observaci\u00f3 i representaci\u00f3<\/em><\/figcaption><\/figure>\n\n\n\n<p>L\u2019art permet l\u2019autobiografia en tercera persona<a id=\"_ftnref2\" href=\"#_ftn2\">[2]<\/a>. Qu\u00e8 vol dir aix\u00f2?\u00a0 Segons Cyrulnik, s\u00f3n pr\u00e0ctiques que permeten als joves explicar-se, no per parlar de s\u00ed mateixos en forma directa (quelcom dif\u00edcil en aquestes edats i davant d\u2019algunes realitats), sin\u00f3 d\u2019autorepresentar-se. Aix\u00ed, la cultura assumeix el lloc de l\u2019alteritat, on els joves poden ser capa\u00e7os d\u2019abocar viv\u00e8ncies per a comunicar, somniar, pensar i relacionar-se.\u00a0<\/p>\n\n\n\n<p>Hi ha autors que assenyalen que l\u2019art acompleix determinades funcions, aix\u00ed per exemple Botton i Armstrong (2024) mencionen fins a set funcions: record, esperan\u00e7a, tristesa, reequilibri, coneixement d&#8217;un mateix, creixement i apreciaci\u00f3; en canvi, Deleuze i Guattari <a id=\"_ftnref3\" href=\"#_ftn3\">[3]<\/a>(2013) assenyalen que l\u2019art en s\u00ed mateix no t\u00e9 funci\u00f3, perqu\u00e8 \u00e9s fruit de l\u2019experi\u00e8ncia de trobada entre cos i m\u00f3n, i all\u00f2 representa una activitat intr\u00ednseca a tota activitat humana. Tanmateix, en ambdues postures, resta evidenciada la import\u00e0ncia de l\u2019art per al desenvolupament hum\u00e0 de les persones.<\/p>\n\n\n\n<p>La resili\u00e8ncia immersa en el desenvolupament cultural i hum\u00e0 es gesta mitjan\u00e7ant la creaci\u00f3, la paraula i l\u2019acceptaci\u00f3 social; hi ha un seguit d\u2019articles que aix\u00ed ho fan saber<a href=\"#_ftn4\" id=\"_ftnref4\">[4]<\/a>. Aix\u00ed tamb\u00e9, les pr\u00e0ctiques que promouen la coneixen\u00e7a entre les persones, generen grans reptes educatius i \u00e9s quelcom ric d\u2019implementar a la cultura i a l\u2019aula.<\/p>\n\n\n\n<p>Finalment, immersos en un m\u00f3n canviant on les realitats dels joves sovint passegen dormides en la cerca de sentit, l\u2019art i l\u2019educaci\u00f3 poden despertar veus, consci\u00e8ncia, resili\u00e8ncia i talent hum\u00e0, molt de talent hum\u00e0.<\/p>\n\n\n\n<hr class=\"wp-block-separator has-alpha-channel-opacity\"\/>\n\n\n\n<p><a href=\"#_ftnref1\" id=\"_ftn1\">[1]<\/a> El concepte de saber ent\u00e8s com a conjunt de coneixements, destreses, valors i actituds.<\/p>\n\n\n\n<p><a href=\"#_ftnref2\" id=\"_ftn2\">[2]<\/a> Lara, L. (2009). Vencer el trauma por el arte. Boris Cyrulnik. <em>Cuadernos de Pedagog\u00eda, <\/em>33, 42-47.<\/p>\n\n\n\n<p><a href=\"#_ftnref3\" id=\"_ftn3\">[3]<\/a> En Silva, C., Dacu\u00f1a, V. y Mes\u00edas, J.M. (2024).<em> Resistencias \u00e9ticas y derechos humanos. Pr\u00e1cticas art\u00edsticas con la comunidad. <\/em>Mc Graw Hill: Aula Magna<\/p>\n\n\n\n<p><a href=\"#_ftnref4\" id=\"_ftn4\">[4]<\/a> Moreno G., A (2013). La Cultura como Agente de Cambio Social en el Desarrollo Comunitario. Arte, Individuo y Sociedad, vol. 25, n\u00fam. 1, 95-110.<\/p>\n","protected":false},"excerpt":{"rendered":"<p>Quan es posa l\u2019art a l\u2019abast dels joves (en determinades condicions de creaci\u00f3 del coneixement) fa emergir veu, imaginari i pensament. Aix\u00ed, les pr\u00e0ctiques que es generen, configuren moments singulars de descoberta en la producci\u00f3 art\u00edstica personal, empatia i obertura envers els altres. Les imatges que es presenten en aquest article, que m\u2019ha costat triar<\/p>\n","protected":false},"author":1001,"featured_media":2991,"comment_status":"open","ping_status":"open","sticky":false,"template":"","format":"standard","meta":{"footnotes":""},"categories":[298],"tags":[203,182,126,96,97],"tipo":[223],"class_list":{"0":"post-2986","1":"post","2":"type-post","3":"status-publish","4":"format-standard","5":"has-post-thumbnail","7":"category-analisi","8":"tag-art-i-cultura","9":"tag-art-i-educacio","10":"tag-beneficis-de-la-cultura-i-educacio-artistica","11":"tag-cultura-bcn","12":"tag-cultura-escola","13":"tipo-opinio"},"yoast_head":"<!-- This site is optimized with the Yoast SEO plugin v27.5 - https:\/\/yoast.com\/product\/yoast-seo-wordpress\/ -->\n<title>La promoci\u00f3 de les arts, el pensament i la resili\u00e8ncia a l\u2019ESO - Arts &amp; Educaci\u00f3<\/title>\n<meta name=\"description\" content=\"Quan es posa l\u2019art a l\u2019abast dels joves (en determinades condicions de creaci\u00f3 del coneixement) fa emergir veu, imaginari i pensament. Aix\u00ed, les pr\u00e0ctiques que es generen, configuren moments singulars de descoberta en la producci\u00f3 art\u00edstica personal, empatia i obertura envers els altres.\" \/>\n<meta name=\"robots\" content=\"index, follow, max-snippet:-1, max-image-preview:large, max-video-preview:-1\" \/>\n<link rel=\"canonical\" href=\"https:\/\/diarieducacio.cat\/artseducacio\/2025\/02\/05\/la-promocio-de-les-arts-el-pensament-i-la-resiliencia-a-leso\/\" \/>\n<meta property=\"og:locale\" content=\"ca_ES\" \/>\n<meta property=\"og:type\" content=\"article\" \/>\n<meta property=\"og:title\" content=\"La promoci\u00f3 de les arts, el pensament i la resili\u00e8ncia a l\u2019ESO - Arts &amp; Educaci\u00f3\" \/>\n<meta property=\"og:description\" content=\"Quan es posa l\u2019art a l\u2019abast dels joves (en determinades condicions de creaci\u00f3 del coneixement) fa emergir veu, imaginari i pensament. Aix\u00ed, les pr\u00e0ctiques que es generen, configuren moments singulars de descoberta en la producci\u00f3 art\u00edstica personal, empatia i obertura envers els altres.\" \/>\n<meta property=\"og:url\" content=\"https:\/\/diarieducacio.cat\/artseducacio\/2025\/02\/05\/la-promocio-de-les-arts-el-pensament-i-la-resiliencia-a-leso\/\" \/>\n<meta property=\"og:site_name\" content=\"Arts &amp; Educaci\u00f3\" \/>\n<meta property=\"article:publisher\" content=\"https:\/\/www.facebook.com\/diarieducacio\/\" \/>\n<meta property=\"article:published_time\" content=\"2025-02-05T15:49:49+00:00\" \/>\n<meta property=\"article:modified_time\" content=\"2025-02-05T15:53:06+00:00\" \/>\n<meta property=\"og:image\" content=\"https:\/\/diarieducacio.cat\/artseducacio\/wp-content\/uploads\/sites\/20\/2025\/02\/Arts-ESO.jpg\" \/>\n\t<meta property=\"og:image:width\" content=\"890\" \/>\n\t<meta property=\"og:image:height\" content=\"468\" \/>\n\t<meta property=\"og:image:type\" content=\"image\/jpeg\" \/>\n<meta name=\"author\" content=\"Maria Paczkowski\" \/>\n<meta name=\"twitter:card\" content=\"summary_large_image\" \/>\n<meta name=\"twitter:creator\" content=\"@DiariEducacio\" \/>\n<meta name=\"twitter:site\" content=\"@DiariEducacio\" \/>\n<meta name=\"twitter:label1\" content=\"Escrit per\" \/>\n\t<meta name=\"twitter:data1\" content=\"Maria Paczkowski\" \/>\n\t<meta name=\"twitter:label2\" content=\"Temps estimat de lectura\" \/>\n\t<meta name=\"twitter:data2\" content=\"4 minuts\" \/>\n<script type=\"application\/ld+json\" class=\"yoast-schema-graph\">{\"@context\":\"https:\\\/\\\/schema.org\",\"@graph\":[{\"@type\":\"Article\",\"@id\":\"https:\\\/\\\/diarieducacio.cat\\\/artseducacio\\\/2025\\\/02\\\/05\\\/la-promocio-de-les-arts-el-pensament-i-la-resiliencia-a-leso\\\/#article\",\"isPartOf\":{\"@id\":\"https:\\\/\\\/diarieducacio.cat\\\/artseducacio\\\/2025\\\/02\\\/05\\\/la-promocio-de-les-arts-el-pensament-i-la-resiliencia-a-leso\\\/\"},\"author\":{\"name\":\"Maria Paczkowski\",\"@id\":\"https:\\\/\\\/diarieducacio.cat\\\/artseducacio\\\/#\\\/schema\\\/person\\\/358094c97a036b0882e1e10f7b32c90e\"},\"headline\":\"La promoci\u00f3 de les arts, el pensament i la resili\u00e8ncia a l\u2019ESO\",\"datePublished\":\"2025-02-05T15:49:49+00:00\",\"dateModified\":\"2025-02-05T15:53:06+00:00\",\"mainEntityOfPage\":{\"@id\":\"https:\\\/\\\/diarieducacio.cat\\\/artseducacio\\\/2025\\\/02\\\/05\\\/la-promocio-de-les-arts-el-pensament-i-la-resiliencia-a-leso\\\/\"},\"wordCount\":674,\"commentCount\":0,\"image\":{\"@id\":\"https:\\\/\\\/diarieducacio.cat\\\/artseducacio\\\/2025\\\/02\\\/05\\\/la-promocio-de-les-arts-el-pensament-i-la-resiliencia-a-leso\\\/#primaryimage\"},\"thumbnailUrl\":\"https:\\\/\\\/diarieducacio.cat\\\/artseducacio\\\/wp-content\\\/uploads\\\/sites\\\/20\\\/2025\\\/02\\\/Arts-ESO.jpg\",\"keywords\":[\"art i cultura\",\"art i educaci\u00f3\",\"beneficis de la cultura i educaci\u00f3 art\u00edstica\",\"CULTURA BCN\",\"CULTURA ESCOLA\"],\"articleSection\":[\"An\u00e0lisi\"],\"inLanguage\":\"ca\",\"potentialAction\":[{\"@type\":\"CommentAction\",\"name\":\"Comment\",\"target\":[\"https:\\\/\\\/diarieducacio.cat\\\/artseducacio\\\/2025\\\/02\\\/05\\\/la-promocio-de-les-arts-el-pensament-i-la-resiliencia-a-leso\\\/#respond\"]}]},{\"@type\":\"WebPage\",\"@id\":\"https:\\\/\\\/diarieducacio.cat\\\/artseducacio\\\/2025\\\/02\\\/05\\\/la-promocio-de-les-arts-el-pensament-i-la-resiliencia-a-leso\\\/\",\"url\":\"https:\\\/\\\/diarieducacio.cat\\\/artseducacio\\\/2025\\\/02\\\/05\\\/la-promocio-de-les-arts-el-pensament-i-la-resiliencia-a-leso\\\/\",\"name\":\"La promoci\u00f3 de les arts, el pensament i la resili\u00e8ncia a l\u2019ESO - Arts & Educaci\u00f3\",\"isPartOf\":{\"@id\":\"https:\\\/\\\/diarieducacio.cat\\\/artseducacio\\\/#website\"},\"primaryImageOfPage\":{\"@id\":\"https:\\\/\\\/diarieducacio.cat\\\/artseducacio\\\/2025\\\/02\\\/05\\\/la-promocio-de-les-arts-el-pensament-i-la-resiliencia-a-leso\\\/#primaryimage\"},\"image\":{\"@id\":\"https:\\\/\\\/diarieducacio.cat\\\/artseducacio\\\/2025\\\/02\\\/05\\\/la-promocio-de-les-arts-el-pensament-i-la-resiliencia-a-leso\\\/#primaryimage\"},\"thumbnailUrl\":\"https:\\\/\\\/diarieducacio.cat\\\/artseducacio\\\/wp-content\\\/uploads\\\/sites\\\/20\\\/2025\\\/02\\\/Arts-ESO.jpg\",\"datePublished\":\"2025-02-05T15:49:49+00:00\",\"dateModified\":\"2025-02-05T15:53:06+00:00\",\"author\":{\"@id\":\"https:\\\/\\\/diarieducacio.cat\\\/artseducacio\\\/#\\\/schema\\\/person\\\/358094c97a036b0882e1e10f7b32c90e\"},\"description\":\"Quan es posa l\u2019art a l\u2019abast dels joves (en determinades condicions de creaci\u00f3 del coneixement) fa emergir veu, imaginari i pensament. Aix\u00ed, les pr\u00e0ctiques que es generen, configuren moments singulars de descoberta en la producci\u00f3 art\u00edstica personal, empatia i obertura envers els altres.\",\"breadcrumb\":{\"@id\":\"https:\\\/\\\/diarieducacio.cat\\\/artseducacio\\\/2025\\\/02\\\/05\\\/la-promocio-de-les-arts-el-pensament-i-la-resiliencia-a-leso\\\/#breadcrumb\"},\"inLanguage\":\"ca\",\"potentialAction\":[{\"@type\":\"ReadAction\",\"target\":[\"https:\\\/\\\/diarieducacio.cat\\\/artseducacio\\\/2025\\\/02\\\/05\\\/la-promocio-de-les-arts-el-pensament-i-la-resiliencia-a-leso\\\/\"]}]},{\"@type\":\"ImageObject\",\"inLanguage\":\"ca\",\"@id\":\"https:\\\/\\\/diarieducacio.cat\\\/artseducacio\\\/2025\\\/02\\\/05\\\/la-promocio-de-les-arts-el-pensament-i-la-resiliencia-a-leso\\\/#primaryimage\",\"url\":\"https:\\\/\\\/diarieducacio.cat\\\/artseducacio\\\/wp-content\\\/uploads\\\/sites\\\/20\\\/2025\\\/02\\\/Arts-ESO.jpg\",\"contentUrl\":\"https:\\\/\\\/diarieducacio.cat\\\/artseducacio\\\/wp-content\\\/uploads\\\/sites\\\/20\\\/2025\\\/02\\\/Arts-ESO.jpg\",\"width\":890,\"height\":468},{\"@type\":\"BreadcrumbList\",\"@id\":\"https:\\\/\\\/diarieducacio.cat\\\/artseducacio\\\/2025\\\/02\\\/05\\\/la-promocio-de-les-arts-el-pensament-i-la-resiliencia-a-leso\\\/#breadcrumb\",\"itemListElement\":[{\"@type\":\"ListItem\",\"position\":1,\"name\":\"Inici\",\"item\":\"https:\\\/\\\/diarieducacio.cat\\\/artseducacio\\\/\"},{\"@type\":\"ListItem\",\"position\":2,\"name\":\"La promoci\u00f3 de les arts, el pensament i la resili\u00e8ncia a l\u2019ESO\"}]},{\"@type\":\"WebSite\",\"@id\":\"https:\\\/\\\/diarieducacio.cat\\\/artseducacio\\\/#website\",\"url\":\"https:\\\/\\\/diarieducacio.cat\\\/artseducacio\\\/\",\"name\":\"Arts & Educaci\u00f3\",\"description\":\"Un blog de El Diari de l&#039;Educaci\u00f3\",\"potentialAction\":[{\"@type\":\"SearchAction\",\"target\":{\"@type\":\"EntryPoint\",\"urlTemplate\":\"https:\\\/\\\/diarieducacio.cat\\\/artseducacio\\\/?s={search_term_string}\"},\"query-input\":{\"@type\":\"PropertyValueSpecification\",\"valueRequired\":true,\"valueName\":\"search_term_string\"}}],\"inLanguage\":\"ca\"},{\"@type\":\"Person\",\"@id\":\"https:\\\/\\\/diarieducacio.cat\\\/artseducacio\\\/#\\\/schema\\\/person\\\/358094c97a036b0882e1e10f7b32c90e\",\"name\":\"Maria Paczkowski\",\"image\":{\"@type\":\"ImageObject\",\"inLanguage\":\"ca\",\"@id\":\"https:\\\/\\\/diarieducacio.cat\\\/wp-content\\\/uploads\\\/2024\\\/11\\\/maria-paczkowski_avatar-96x96.jpg\",\"url\":\"https:\\\/\\\/diarieducacio.cat\\\/wp-content\\\/uploads\\\/2024\\\/11\\\/maria-paczkowski_avatar-96x96.jpg\",\"contentUrl\":\"https:\\\/\\\/diarieducacio.cat\\\/wp-content\\\/uploads\\\/2024\\\/11\\\/maria-paczkowski_avatar-96x96.jpg\",\"caption\":\"Maria Paczkowski\"},\"description\":\"Doctora en Ci\u00e8ncies de de l\u2019Educaci\u00f3, Llicenciada en Belles Arts, DEA (Diploma d\u2019estudis Avan\u00e7ats en Educaci\u00f3 Art\u00edstica), Postgraduada en Estudis sobre la Cultura Visual, Formadora de formadors. Col\u00b7laboradora a l\u2019entorn Universitari. A l\u2019actualitat tamb\u00e9 membre de la Junta Rectora de Rosa Sensat i del Grup Avaluar per Aprendre. I, \u00e9s professora de l\u2019Institut Dr. Puigvert, Consorci d\u2019Educaci\u00f3 de Barcelona.\",\"url\":\"https:\\\/\\\/diarieducacio.cat\\\/artseducacio\\\/author\\\/mariapaczkowski\\\/\"}]}<\/script>\n<!-- \/ Yoast SEO plugin. -->","yoast_head_json":{"title":"La promoci\u00f3 de les arts, el pensament i la resili\u00e8ncia a l\u2019ESO - Arts & Educaci\u00f3","description":"Quan es posa l\u2019art a l\u2019abast dels joves (en determinades condicions de creaci\u00f3 del coneixement) fa emergir veu, imaginari i pensament. Aix\u00ed, les pr\u00e0ctiques que es generen, configuren moments singulars de descoberta en la producci\u00f3 art\u00edstica personal, empatia i obertura envers els altres.","robots":{"index":"index","follow":"follow","max-snippet":"max-snippet:-1","max-image-preview":"max-image-preview:large","max-video-preview":"max-video-preview:-1"},"canonical":"https:\/\/diarieducacio.cat\/artseducacio\/2025\/02\/05\/la-promocio-de-les-arts-el-pensament-i-la-resiliencia-a-leso\/","og_locale":"ca_ES","og_type":"article","og_title":"La promoci\u00f3 de les arts, el pensament i la resili\u00e8ncia a l\u2019ESO - Arts & Educaci\u00f3","og_description":"Quan es posa l\u2019art a l\u2019abast dels joves (en determinades condicions de creaci\u00f3 del coneixement) fa emergir veu, imaginari i pensament. Aix\u00ed, les pr\u00e0ctiques que es generen, configuren moments singulars de descoberta en la producci\u00f3 art\u00edstica personal, empatia i obertura envers els altres.","og_url":"https:\/\/diarieducacio.cat\/artseducacio\/2025\/02\/05\/la-promocio-de-les-arts-el-pensament-i-la-resiliencia-a-leso\/","og_site_name":"Arts & Educaci\u00f3","article_publisher":"https:\/\/www.facebook.com\/diarieducacio\/","article_published_time":"2025-02-05T15:49:49+00:00","article_modified_time":"2025-02-05T15:53:06+00:00","og_image":[{"width":890,"height":468,"url":"https:\/\/diarieducacio.cat\/artseducacio\/wp-content\/uploads\/sites\/20\/2025\/02\/Arts-ESO.jpg","type":"image\/jpeg"}],"author":"Maria Paczkowski","twitter_card":"summary_large_image","twitter_creator":"@DiariEducacio","twitter_site":"@DiariEducacio","twitter_misc":{"Escrit per":"Maria Paczkowski","Temps estimat de lectura":"4 minuts"},"schema":{"@context":"https:\/\/schema.org","@graph":[{"@type":"Article","@id":"https:\/\/diarieducacio.cat\/artseducacio\/2025\/02\/05\/la-promocio-de-les-arts-el-pensament-i-la-resiliencia-a-leso\/#article","isPartOf":{"@id":"https:\/\/diarieducacio.cat\/artseducacio\/2025\/02\/05\/la-promocio-de-les-arts-el-pensament-i-la-resiliencia-a-leso\/"},"author":{"name":"Maria Paczkowski","@id":"https:\/\/diarieducacio.cat\/artseducacio\/#\/schema\/person\/358094c97a036b0882e1e10f7b32c90e"},"headline":"La promoci\u00f3 de les arts, el pensament i la resili\u00e8ncia a l\u2019ESO","datePublished":"2025-02-05T15:49:49+00:00","dateModified":"2025-02-05T15:53:06+00:00","mainEntityOfPage":{"@id":"https:\/\/diarieducacio.cat\/artseducacio\/2025\/02\/05\/la-promocio-de-les-arts-el-pensament-i-la-resiliencia-a-leso\/"},"wordCount":674,"commentCount":0,"image":{"@id":"https:\/\/diarieducacio.cat\/artseducacio\/2025\/02\/05\/la-promocio-de-les-arts-el-pensament-i-la-resiliencia-a-leso\/#primaryimage"},"thumbnailUrl":"https:\/\/diarieducacio.cat\/artseducacio\/wp-content\/uploads\/sites\/20\/2025\/02\/Arts-ESO.jpg","keywords":["art i cultura","art i educaci\u00f3","beneficis de la cultura i educaci\u00f3 art\u00edstica","CULTURA BCN","CULTURA ESCOLA"],"articleSection":["An\u00e0lisi"],"inLanguage":"ca","potentialAction":[{"@type":"CommentAction","name":"Comment","target":["https:\/\/diarieducacio.cat\/artseducacio\/2025\/02\/05\/la-promocio-de-les-arts-el-pensament-i-la-resiliencia-a-leso\/#respond"]}]},{"@type":"WebPage","@id":"https:\/\/diarieducacio.cat\/artseducacio\/2025\/02\/05\/la-promocio-de-les-arts-el-pensament-i-la-resiliencia-a-leso\/","url":"https:\/\/diarieducacio.cat\/artseducacio\/2025\/02\/05\/la-promocio-de-les-arts-el-pensament-i-la-resiliencia-a-leso\/","name":"La promoci\u00f3 de les arts, el pensament i la resili\u00e8ncia a l\u2019ESO - Arts & Educaci\u00f3","isPartOf":{"@id":"https:\/\/diarieducacio.cat\/artseducacio\/#website"},"primaryImageOfPage":{"@id":"https:\/\/diarieducacio.cat\/artseducacio\/2025\/02\/05\/la-promocio-de-les-arts-el-pensament-i-la-resiliencia-a-leso\/#primaryimage"},"image":{"@id":"https:\/\/diarieducacio.cat\/artseducacio\/2025\/02\/05\/la-promocio-de-les-arts-el-pensament-i-la-resiliencia-a-leso\/#primaryimage"},"thumbnailUrl":"https:\/\/diarieducacio.cat\/artseducacio\/wp-content\/uploads\/sites\/20\/2025\/02\/Arts-ESO.jpg","datePublished":"2025-02-05T15:49:49+00:00","dateModified":"2025-02-05T15:53:06+00:00","author":{"@id":"https:\/\/diarieducacio.cat\/artseducacio\/#\/schema\/person\/358094c97a036b0882e1e10f7b32c90e"},"description":"Quan es posa l\u2019art a l\u2019abast dels joves (en determinades condicions de creaci\u00f3 del coneixement) fa emergir veu, imaginari i pensament. Aix\u00ed, les pr\u00e0ctiques que es generen, configuren moments singulars de descoberta en la producci\u00f3 art\u00edstica personal, empatia i obertura envers els altres.","breadcrumb":{"@id":"https:\/\/diarieducacio.cat\/artseducacio\/2025\/02\/05\/la-promocio-de-les-arts-el-pensament-i-la-resiliencia-a-leso\/#breadcrumb"},"inLanguage":"ca","potentialAction":[{"@type":"ReadAction","target":["https:\/\/diarieducacio.cat\/artseducacio\/2025\/02\/05\/la-promocio-de-les-arts-el-pensament-i-la-resiliencia-a-leso\/"]}]},{"@type":"ImageObject","inLanguage":"ca","@id":"https:\/\/diarieducacio.cat\/artseducacio\/2025\/02\/05\/la-promocio-de-les-arts-el-pensament-i-la-resiliencia-a-leso\/#primaryimage","url":"https:\/\/diarieducacio.cat\/artseducacio\/wp-content\/uploads\/sites\/20\/2025\/02\/Arts-ESO.jpg","contentUrl":"https:\/\/diarieducacio.cat\/artseducacio\/wp-content\/uploads\/sites\/20\/2025\/02\/Arts-ESO.jpg","width":890,"height":468},{"@type":"BreadcrumbList","@id":"https:\/\/diarieducacio.cat\/artseducacio\/2025\/02\/05\/la-promocio-de-les-arts-el-pensament-i-la-resiliencia-a-leso\/#breadcrumb","itemListElement":[{"@type":"ListItem","position":1,"name":"Inici","item":"https:\/\/diarieducacio.cat\/artseducacio\/"},{"@type":"ListItem","position":2,"name":"La promoci\u00f3 de les arts, el pensament i la resili\u00e8ncia a l\u2019ESO"}]},{"@type":"WebSite","@id":"https:\/\/diarieducacio.cat\/artseducacio\/#website","url":"https:\/\/diarieducacio.cat\/artseducacio\/","name":"Arts & Educaci\u00f3","description":"Un blog de El Diari de l&#039;Educaci\u00f3","potentialAction":[{"@type":"SearchAction","target":{"@type":"EntryPoint","urlTemplate":"https:\/\/diarieducacio.cat\/artseducacio\/?s={search_term_string}"},"query-input":{"@type":"PropertyValueSpecification","valueRequired":true,"valueName":"search_term_string"}}],"inLanguage":"ca"},{"@type":"Person","@id":"https:\/\/diarieducacio.cat\/artseducacio\/#\/schema\/person\/358094c97a036b0882e1e10f7b32c90e","name":"Maria Paczkowski","image":{"@type":"ImageObject","inLanguage":"ca","@id":"https:\/\/diarieducacio.cat\/wp-content\/uploads\/2024\/11\/maria-paczkowski_avatar-96x96.jpg","url":"https:\/\/diarieducacio.cat\/wp-content\/uploads\/2024\/11\/maria-paczkowski_avatar-96x96.jpg","contentUrl":"https:\/\/diarieducacio.cat\/wp-content\/uploads\/2024\/11\/maria-paczkowski_avatar-96x96.jpg","caption":"Maria Paczkowski"},"description":"Doctora en Ci\u00e8ncies de de l\u2019Educaci\u00f3, Llicenciada en Belles Arts, DEA (Diploma d\u2019estudis Avan\u00e7ats en Educaci\u00f3 Art\u00edstica), Postgraduada en Estudis sobre la Cultura Visual, Formadora de formadors. Col\u00b7laboradora a l\u2019entorn Universitari. A l\u2019actualitat tamb\u00e9 membre de la Junta Rectora de Rosa Sensat i del Grup Avaluar per Aprendre. I, \u00e9s professora de l\u2019Institut Dr. Puigvert, Consorci d\u2019Educaci\u00f3 de Barcelona.","url":"https:\/\/diarieducacio.cat\/artseducacio\/author\/mariapaczkowski\/"}]}},"_links":{"self":[{"href":"https:\/\/diarieducacio.cat\/artseducacio\/wp-json\/wp\/v2\/posts\/2986","targetHints":{"allow":["GET"]}}],"collection":[{"href":"https:\/\/diarieducacio.cat\/artseducacio\/wp-json\/wp\/v2\/posts"}],"about":[{"href":"https:\/\/diarieducacio.cat\/artseducacio\/wp-json\/wp\/v2\/types\/post"}],"author":[{"embeddable":true,"href":"https:\/\/diarieducacio.cat\/artseducacio\/wp-json\/wp\/v2\/users\/1001"}],"replies":[{"embeddable":true,"href":"https:\/\/diarieducacio.cat\/artseducacio\/wp-json\/wp\/v2\/comments?post=2986"}],"version-history":[{"count":4,"href":"https:\/\/diarieducacio.cat\/artseducacio\/wp-json\/wp\/v2\/posts\/2986\/revisions"}],"predecessor-version":[{"id":2998,"href":"https:\/\/diarieducacio.cat\/artseducacio\/wp-json\/wp\/v2\/posts\/2986\/revisions\/2998"}],"wp:featuredmedia":[{"embeddable":true,"href":"https:\/\/diarieducacio.cat\/artseducacio\/wp-json\/wp\/v2\/media\/2991"}],"wp:attachment":[{"href":"https:\/\/diarieducacio.cat\/artseducacio\/wp-json\/wp\/v2\/media?parent=2986"}],"wp:term":[{"taxonomy":"category","embeddable":true,"href":"https:\/\/diarieducacio.cat\/artseducacio\/wp-json\/wp\/v2\/categories?post=2986"},{"taxonomy":"post_tag","embeddable":true,"href":"https:\/\/diarieducacio.cat\/artseducacio\/wp-json\/wp\/v2\/tags?post=2986"},{"taxonomy":"tipo","embeddable":true,"href":"https:\/\/diarieducacio.cat\/artseducacio\/wp-json\/wp\/v2\/tipo?post=2986"}],"curies":[{"name":"wp","href":"https:\/\/api.w.org\/{rel}","templated":true}]}}