{"id":3068,"date":"2025-03-07T14:48:37","date_gmt":"2025-03-07T13:48:37","guid":{"rendered":"https:\/\/diarieducacio.cat\/artseducacio\/?p=3068"},"modified":"2025-03-07T14:50:13","modified_gmt":"2025-03-07T13:50:13","slug":"stay-homas-veure-el-canto-positiu","status":"publish","type":"post","link":"https:\/\/diarieducacio.cat\/artseducacio\/2025\/03\/07\/stay-homas-veure-el-canto-positiu\/","title":{"rendered":"Stay Homas: veure el cant\u00f3 positiu"},"content":{"rendered":"\n<p>Es miri com es miri, Stay Homas \u00e9s un grup que ho ha petat. Tant, que han vist la cara fosca de la ind\u00fastria, han actuat en conseq\u00fc\u00e8ncia i, per tal que aix\u00f2 no enterboleixi la seva amistat, seguiran camins diferents als quals ara s\u2019esvaeixen. Quotes de can\u00e7ons a part, Rai Benet, Guillem Bolt\u00f3 i Klaus Stroink tanquen el seu projecte de la manera m\u00e9s dif\u00edcil: sense eufemismes, mostrant la tristesa necess\u00e0ria i sense fer-ne un <em>hype.<\/em><\/p>\n\n\n\n<p>Quan va esclatar tot jo era un <em>hater<\/em> de Stay Homas, ho reconec. Tamb\u00e9 veia amb recan\u00e7a algunes can\u00e7ons de Txarango, Oques Grasses i d\u2019altres grups de l\u2019escena pop. Els meus gustos s\u00f3n uns altres, per\u00f2 avui escolto les produccions musicals de casa nostra i em cau la llagrimeta. Ens hem sabut renovar, actualitzar, i de quina manera! La creativitat \u00e9s desbordant en el <em>mainstream <\/em>catal\u00e0 i la qualitat sonora, tamb\u00e9.<\/p>\n\n\n\n<p>En <em>aquell<\/em> moment, una amiga rebia un missatge amb un enlla\u00e7 a les xarxes socials. \u00abEscolta-te\u2019ls! A mi m\u2019alegren el dia\u00bb. Ella havia interromput la seva activitat laboral, i de cop no sabia ben b\u00e9 com ocupar les hores. \u00abM\u2019alegren el dia, a veure qu\u00e8 faran dem\u00e0\u00bb. Benet, Bolt\u00f3 i Stroink eren tres joves aut\u00e8ntics, que mataven el temps fent el que sabien i contagiaven bon humor, frescor i energia. Amb unes carreres musicals actives com a membres de Buhos i Doctor Prats, pas a pas van fer-se, com a trio, un lloc a la ind\u00fastria. La seva producci\u00f3, amb escassos mitjans, havia estat tant prol\u00edfica com heterog\u00e8nia, i la seva mirada humor\u00edstica ens feia riure davant la pantalla. Avui, tots revivim amb nost\u00e0lgia aquelles bromes mentre recordem que est\u00e0vem m\u00e9s prims que cinc anys despr\u00e9s.<\/p>\n\n\n\n<p>En aquest temps, el m\u00e8rit principal de Stay Homas ha estat saber convertir una est\u00e8tica de can\u00e7ons casuals, d\u2019aparen\u00e7a senzilla i espont\u00e0nia, a una altra, pr\u00f2pia de les superproduccions discogr\u00e0fiques. I ho han fet d\u2019una manera totalment org\u00e0nica, vist en perspectiva, per\u00f2 els ha costat suor i ll\u00e0grimes, com v\u00e8iem al documental \u00abStay Homas &#8211; La banda que no hauria d&#8217;existir\u00bb. El trio representava un eclecticisme musical, tocava molts estils diferents amb vitalitat i bon rotllo, i aquesta era la seva ess\u00e8ncia, no la famosa terrassa i el cubell. El \u00abque no sembli que som m\u00fasics\u00bb va acabar donant pas al \u00abcuidar-nos i fer menys feina\u00bb.<\/p>\n\n\n\n<blockquote class=\"wp-block-quote is-layout-flow wp-block-quote-is-layout-flow\">\n<p>Els companys de pis van saber \u00abdeixar anar\u00bb, no nom\u00e9s l&#8217;\u00e0tic a l&#8217;Eixample de Barcelona. Van resistir, canviar de discogr\u00e0fica, van saber ser pacients i aix\u00f2 els ha perm\u00e8s mantenir el projecte fins al moment actual<\/p>\n<\/blockquote>\n\n\n\n<p>Jo n\u2019era un <em>hater, <\/em>i tenia els meus motius: tres nois joves i exitosos que es divertien en plena pand\u00e8mia fent l\u2019ofici de m\u00fasic. Dominaven les xarxes; feien can\u00e7ons enganxoses tocades amb quatre rampoines com a instruments, amb col\u00b7laboracions de luxe i que es convertien instant\u00e0niament en virals. La seva proposta anava en la l\u00ednia del fam\u00f3s \u00abtot anir\u00e0 b\u00e9\u00bb i, la veritat, a mi res m\u2019anava gens b\u00e9: la meva carrera musical era m\u00e9s semblant a un calvari que a l\u2018\u00abit\u2019s okay to be alone\u00bb. Per\u00f2 un bon dia va apar\u00e8ixer a casa en Llibert, sempre atent a les novetats discogr\u00e0fiques i \u00e0vid creador de llistes amb can\u00e7ons modernetes. Va connectar el seu m\u00f2bil al meu equip de so i va apujar el volum. \u00abIf you see the bright side, you\u2019ll be free\u00bb. De cop, tot plegat tenia sentit. Vaig obrir els ulls i me\u2019n vaig adonar: Stay Homas eren molt bons. Jo hi vaig connectar en aquest punt: no nom\u00e9s eren uns grans compositors de can\u00e7ons sin\u00f3 que tenien criteri per les produccions comercials. Havia passat un any i el seu ascens mete\u00f2ric els havia portat a fer un primer disc, aconseguir el canvi est\u00e8tic (sortir volant de la terrassa, enterrar el fam\u00f3s cubell), fins i tot a cantar amb Rub\u00e9n Blades&#8230; per\u00f2 no a ser prou lliures. La salut f\u00edsica i mental \u00e9s el m\u00e9s dif\u00edcil de conservar en un m\u00f3n ple d\u2019estr\u00e8s i de decisions no volgudes. Els companys de pis van saber \u00abdeixar anar\u00bb, no nom\u00e9s l&#8217;\u00e0tic a l&#8217;Eixample de Barcelona. Van resistir, canviar de discogr\u00e0fica, van saber ser pacients i aix\u00f2 els ha perm\u00e8s mantenir el projecte fins al moment actual.<\/p>\n\n\n\n<p>Stay Homas ens permetia somniar que amb un m\u00f2bil i pocs recursos, per\u00f2 amb talent i dedicaci\u00f3 podem ser estrelles de la ind\u00fastria discogr\u00e0fica. Per\u00f2 finalment hi ha m\u00e9s elements: no nom\u00e9s s\u00f3n un exemple de qualitats innates i d\u2019esfor\u00e7, sin\u00f3 tamb\u00e9 d&#8217;integritat i d\u2019una s\u00e8rie de valors que posen l&#8217;amistat al centre. Ens han ensenyat el respecte mutu, la tendresa entre homes; que el fi no justifica els mitjans i que el fam\u00f3s egocentrisme de temps presents pot donar pas a la solidaritat.<\/p>\n\n\n\n<p>Veig el cant\u00f3 positiu del seu adeu, i agraeixo la sinceritat i l\u2019exemple que han donat, tot dignificant la professi\u00f3 de m\u00fasic.<\/p>\n","protected":false},"excerpt":{"rendered":"<p>Es miri com es miri, Stay Homas \u00e9s un grup que ho ha petat. Tant, que han vist la cara fosca de la ind\u00fastria, han actuat en conseq\u00fc\u00e8ncia i, per tal que aix\u00f2 no enterboleixi la seva amistat, seguiran camins diferents als quals ara s\u2019esvaeixen. Quotes de can\u00e7ons a part, Rai Benet, Guillem Bolt\u00f3 i<\/p>\n","protected":false},"author":2012,"featured_media":3071,"comment_status":"open","ping_status":"open","sticky":false,"template":"","format":"standard","meta":{"footnotes":""},"categories":[298],"tags":[182,96,97,127,248,303,304],"tipo":[223],"class_list":{"0":"post-3068","1":"post","2":"type-post","3":"status-publish","4":"format-standard","5":"has-post-thumbnail","7":"category-analisi","8":"tag-art-i-educacio","9":"tag-cultura-bcn","10":"tag-cultura-escola","11":"tag-cultura-i-educacio","12":"tag-educacio-i-musica","13":"tag-industria-musical","14":"tag-musics","15":"tipo-opinio"},"yoast_head":"<!-- This site is optimized with the Yoast SEO plugin v27.5 - https:\/\/yoast.com\/product\/yoast-seo-wordpress\/ -->\n<title>Stay Homas: veure el cant\u00f3 positiu - Arts &amp; Educaci\u00f3<\/title>\n<meta name=\"robots\" content=\"index, follow, max-snippet:-1, max-image-preview:large, max-video-preview:-1\" \/>\n<link rel=\"canonical\" href=\"https:\/\/diarieducacio.cat\/artseducacio\/2025\/03\/07\/stay-homas-veure-el-canto-positiu\/\" \/>\n<meta property=\"og:locale\" content=\"ca_ES\" \/>\n<meta property=\"og:type\" content=\"article\" \/>\n<meta property=\"og:title\" content=\"Stay Homas: veure el cant\u00f3 positiu - Arts &amp; Educaci\u00f3\" \/>\n<meta property=\"og:description\" content=\"Es miri com es miri, Stay Homas \u00e9s un grup que ho ha petat. Tant, que han vist la cara fosca de la ind\u00fastria, han actuat en conseq\u00fc\u00e8ncia i, per tal que aix\u00f2 no enterboleixi la seva amistat, seguiran camins diferents als quals ara s\u2019esvaeixen. Quotes de can\u00e7ons a part, Rai Benet, Guillem Bolt\u00f3 i\" \/>\n<meta property=\"og:url\" content=\"https:\/\/diarieducacio.cat\/artseducacio\/2025\/03\/07\/stay-homas-veure-el-canto-positiu\/\" \/>\n<meta property=\"og:site_name\" content=\"Arts &amp; Educaci\u00f3\" \/>\n<meta property=\"article:publisher\" content=\"https:\/\/www.facebook.com\/diarieducacio\/\" \/>\n<meta property=\"article:published_time\" content=\"2025-03-07T13:48:37+00:00\" \/>\n<meta property=\"article:modified_time\" content=\"2025-03-07T13:50:13+00:00\" \/>\n<meta property=\"og:image\" content=\"https:\/\/diarieducacio.cat\/artseducacio\/wp-content\/uploads\/sites\/20\/2025\/03\/IMG_1271.jpeg\" \/>\n\t<meta property=\"og:image:width\" content=\"1200\" \/>\n\t<meta property=\"og:image:height\" content=\"857\" \/>\n\t<meta property=\"og:image:type\" content=\"image\/jpeg\" \/>\n<meta name=\"author\" content=\"Joan Moliner Gilberga\" \/>\n<meta name=\"twitter:card\" content=\"summary_large_image\" \/>\n<meta name=\"twitter:creator\" content=\"@DiariEducacio\" \/>\n<meta name=\"twitter:site\" content=\"@DiariEducacio\" \/>\n<meta name=\"twitter:label1\" content=\"Escrit per\" \/>\n\t<meta name=\"twitter:data1\" content=\"Joan Moliner Gilberga\" \/>\n\t<meta name=\"twitter:label2\" content=\"Temps estimat de lectura\" \/>\n\t<meta name=\"twitter:data2\" content=\"4 minuts\" \/>\n<script type=\"application\/ld+json\" class=\"yoast-schema-graph\">{\"@context\":\"https:\\\/\\\/schema.org\",\"@graph\":[{\"@type\":\"Article\",\"@id\":\"https:\\\/\\\/diarieducacio.cat\\\/artseducacio\\\/2025\\\/03\\\/07\\\/stay-homas-veure-el-canto-positiu\\\/#article\",\"isPartOf\":{\"@id\":\"https:\\\/\\\/diarieducacio.cat\\\/artseducacio\\\/2025\\\/03\\\/07\\\/stay-homas-veure-el-canto-positiu\\\/\"},\"author\":{\"name\":\"Joan Moliner Gilberga\",\"@id\":\"https:\\\/\\\/diarieducacio.cat\\\/artseducacio\\\/#\\\/schema\\\/person\\\/9ca17fcce8eccd1de1d64d4a42e60c15\"},\"headline\":\"Stay Homas: veure el cant\u00f3 positiu\",\"datePublished\":\"2025-03-07T13:48:37+00:00\",\"dateModified\":\"2025-03-07T13:50:13+00:00\",\"mainEntityOfPage\":{\"@id\":\"https:\\\/\\\/diarieducacio.cat\\\/artseducacio\\\/2025\\\/03\\\/07\\\/stay-homas-veure-el-canto-positiu\\\/\"},\"wordCount\":909,\"commentCount\":0,\"image\":{\"@id\":\"https:\\\/\\\/diarieducacio.cat\\\/artseducacio\\\/2025\\\/03\\\/07\\\/stay-homas-veure-el-canto-positiu\\\/#primaryimage\"},\"thumbnailUrl\":\"https:\\\/\\\/diarieducacio.cat\\\/artseducacio\\\/wp-content\\\/uploads\\\/sites\\\/20\\\/2025\\\/03\\\/IMG_1271.jpeg\",\"keywords\":[\"art i educaci\u00f3\",\"CULTURA BCN\",\"CULTURA ESCOLA\",\"cultura i educaci\u00f3\",\"educaci\u00f3 i m\u00fasica\",\"ind\u00fastria musical\",\"m\u00fasics\"],\"articleSection\":[\"An\u00e0lisi\"],\"inLanguage\":\"ca\",\"potentialAction\":[{\"@type\":\"CommentAction\",\"name\":\"Comment\",\"target\":[\"https:\\\/\\\/diarieducacio.cat\\\/artseducacio\\\/2025\\\/03\\\/07\\\/stay-homas-veure-el-canto-positiu\\\/#respond\"]}]},{\"@type\":\"WebPage\",\"@id\":\"https:\\\/\\\/diarieducacio.cat\\\/artseducacio\\\/2025\\\/03\\\/07\\\/stay-homas-veure-el-canto-positiu\\\/\",\"url\":\"https:\\\/\\\/diarieducacio.cat\\\/artseducacio\\\/2025\\\/03\\\/07\\\/stay-homas-veure-el-canto-positiu\\\/\",\"name\":\"Stay Homas: veure el cant\u00f3 positiu - Arts & Educaci\u00f3\",\"isPartOf\":{\"@id\":\"https:\\\/\\\/diarieducacio.cat\\\/artseducacio\\\/#website\"},\"primaryImageOfPage\":{\"@id\":\"https:\\\/\\\/diarieducacio.cat\\\/artseducacio\\\/2025\\\/03\\\/07\\\/stay-homas-veure-el-canto-positiu\\\/#primaryimage\"},\"image\":{\"@id\":\"https:\\\/\\\/diarieducacio.cat\\\/artseducacio\\\/2025\\\/03\\\/07\\\/stay-homas-veure-el-canto-positiu\\\/#primaryimage\"},\"thumbnailUrl\":\"https:\\\/\\\/diarieducacio.cat\\\/artseducacio\\\/wp-content\\\/uploads\\\/sites\\\/20\\\/2025\\\/03\\\/IMG_1271.jpeg\",\"datePublished\":\"2025-03-07T13:48:37+00:00\",\"dateModified\":\"2025-03-07T13:50:13+00:00\",\"author\":{\"@id\":\"https:\\\/\\\/diarieducacio.cat\\\/artseducacio\\\/#\\\/schema\\\/person\\\/9ca17fcce8eccd1de1d64d4a42e60c15\"},\"breadcrumb\":{\"@id\":\"https:\\\/\\\/diarieducacio.cat\\\/artseducacio\\\/2025\\\/03\\\/07\\\/stay-homas-veure-el-canto-positiu\\\/#breadcrumb\"},\"inLanguage\":\"ca\",\"potentialAction\":[{\"@type\":\"ReadAction\",\"target\":[\"https:\\\/\\\/diarieducacio.cat\\\/artseducacio\\\/2025\\\/03\\\/07\\\/stay-homas-veure-el-canto-positiu\\\/\"]}]},{\"@type\":\"ImageObject\",\"inLanguage\":\"ca\",\"@id\":\"https:\\\/\\\/diarieducacio.cat\\\/artseducacio\\\/2025\\\/03\\\/07\\\/stay-homas-veure-el-canto-positiu\\\/#primaryimage\",\"url\":\"https:\\\/\\\/diarieducacio.cat\\\/artseducacio\\\/wp-content\\\/uploads\\\/sites\\\/20\\\/2025\\\/03\\\/IMG_1271.jpeg\",\"contentUrl\":\"https:\\\/\\\/diarieducacio.cat\\\/artseducacio\\\/wp-content\\\/uploads\\\/sites\\\/20\\\/2025\\\/03\\\/IMG_1271.jpeg\",\"width\":1200,\"height\":857,\"caption\":\"Il\u00b7lustraci\u00f3: Adri\u00e0 N\"},{\"@type\":\"BreadcrumbList\",\"@id\":\"https:\\\/\\\/diarieducacio.cat\\\/artseducacio\\\/2025\\\/03\\\/07\\\/stay-homas-veure-el-canto-positiu\\\/#breadcrumb\",\"itemListElement\":[{\"@type\":\"ListItem\",\"position\":1,\"name\":\"Inici\",\"item\":\"https:\\\/\\\/diarieducacio.cat\\\/artseducacio\\\/\"},{\"@type\":\"ListItem\",\"position\":2,\"name\":\"Stay Homas: veure el cant\u00f3 positiu\"}]},{\"@type\":\"WebSite\",\"@id\":\"https:\\\/\\\/diarieducacio.cat\\\/artseducacio\\\/#website\",\"url\":\"https:\\\/\\\/diarieducacio.cat\\\/artseducacio\\\/\",\"name\":\"Arts & Educaci\u00f3\",\"description\":\"Un blog de El Diari de l&#039;Educaci\u00f3\",\"potentialAction\":[{\"@type\":\"SearchAction\",\"target\":{\"@type\":\"EntryPoint\",\"urlTemplate\":\"https:\\\/\\\/diarieducacio.cat\\\/artseducacio\\\/?s={search_term_string}\"},\"query-input\":{\"@type\":\"PropertyValueSpecification\",\"valueRequired\":true,\"valueName\":\"search_term_string\"}}],\"inLanguage\":\"ca\"},{\"@type\":\"Person\",\"@id\":\"https:\\\/\\\/diarieducacio.cat\\\/artseducacio\\\/#\\\/schema\\\/person\\\/9ca17fcce8eccd1de1d64d4a42e60c15\",\"name\":\"Joan Moliner Gilberga\",\"image\":{\"@type\":\"ImageObject\",\"inLanguage\":\"ca\",\"@id\":\"https:\\\/\\\/diarieducacio.cat\\\/artseducacio\\\/wp-content\\\/uploads\\\/sites\\\/20\\\/2025\\\/03\\\/joanmoliner_avatar-96x96.png\",\"url\":\"https:\\\/\\\/diarieducacio.cat\\\/artseducacio\\\/wp-content\\\/uploads\\\/sites\\\/20\\\/2025\\\/03\\\/joanmoliner_avatar-96x96.png\",\"contentUrl\":\"https:\\\/\\\/diarieducacio.cat\\\/artseducacio\\\/wp-content\\\/uploads\\\/sites\\\/20\\\/2025\\\/03\\\/joanmoliner_avatar-96x96.png\",\"caption\":\"Joan Moliner Gilberga\"},\"description\":\"Estudiant de musicologia a l\u2019Esmuc, amb passi\u00f3 per l\u2019escriptura i el piano, aix\u00ed com la composici\u00f3 amb mitjans electr\u00f2nics, Joan Moliner Gilberga \u00e9s una persona amb voluntat ecl\u00e8ctica i que mant\u00e9 l\u2019esperan\u00e7a en el progr\u00e9s social.\",\"sameAs\":[\"http:\\\/\\\/www.joanmolinergilberga.wordpress.com\"],\"url\":\"https:\\\/\\\/diarieducacio.cat\\\/artseducacio\\\/author\\\/joanmoliner\\\/\"}]}<\/script>\n<!-- \/ Yoast SEO plugin. -->","yoast_head_json":{"title":"Stay Homas: veure el cant\u00f3 positiu - Arts & Educaci\u00f3","robots":{"index":"index","follow":"follow","max-snippet":"max-snippet:-1","max-image-preview":"max-image-preview:large","max-video-preview":"max-video-preview:-1"},"canonical":"https:\/\/diarieducacio.cat\/artseducacio\/2025\/03\/07\/stay-homas-veure-el-canto-positiu\/","og_locale":"ca_ES","og_type":"article","og_title":"Stay Homas: veure el cant\u00f3 positiu - Arts & Educaci\u00f3","og_description":"Es miri com es miri, Stay Homas \u00e9s un grup que ho ha petat. Tant, que han vist la cara fosca de la ind\u00fastria, han actuat en conseq\u00fc\u00e8ncia i, per tal que aix\u00f2 no enterboleixi la seva amistat, seguiran camins diferents als quals ara s\u2019esvaeixen. Quotes de can\u00e7ons a part, Rai Benet, Guillem Bolt\u00f3 i","og_url":"https:\/\/diarieducacio.cat\/artseducacio\/2025\/03\/07\/stay-homas-veure-el-canto-positiu\/","og_site_name":"Arts & Educaci\u00f3","article_publisher":"https:\/\/www.facebook.com\/diarieducacio\/","article_published_time":"2025-03-07T13:48:37+00:00","article_modified_time":"2025-03-07T13:50:13+00:00","og_image":[{"width":1200,"height":857,"url":"https:\/\/diarieducacio.cat\/artseducacio\/wp-content\/uploads\/sites\/20\/2025\/03\/IMG_1271.jpeg","type":"image\/jpeg"}],"author":"Joan Moliner Gilberga","twitter_card":"summary_large_image","twitter_creator":"@DiariEducacio","twitter_site":"@DiariEducacio","twitter_misc":{"Escrit per":"Joan Moliner Gilberga","Temps estimat de lectura":"4 minuts"},"schema":{"@context":"https:\/\/schema.org","@graph":[{"@type":"Article","@id":"https:\/\/diarieducacio.cat\/artseducacio\/2025\/03\/07\/stay-homas-veure-el-canto-positiu\/#article","isPartOf":{"@id":"https:\/\/diarieducacio.cat\/artseducacio\/2025\/03\/07\/stay-homas-veure-el-canto-positiu\/"},"author":{"name":"Joan Moliner Gilberga","@id":"https:\/\/diarieducacio.cat\/artseducacio\/#\/schema\/person\/9ca17fcce8eccd1de1d64d4a42e60c15"},"headline":"Stay Homas: veure el cant\u00f3 positiu","datePublished":"2025-03-07T13:48:37+00:00","dateModified":"2025-03-07T13:50:13+00:00","mainEntityOfPage":{"@id":"https:\/\/diarieducacio.cat\/artseducacio\/2025\/03\/07\/stay-homas-veure-el-canto-positiu\/"},"wordCount":909,"commentCount":0,"image":{"@id":"https:\/\/diarieducacio.cat\/artseducacio\/2025\/03\/07\/stay-homas-veure-el-canto-positiu\/#primaryimage"},"thumbnailUrl":"https:\/\/diarieducacio.cat\/artseducacio\/wp-content\/uploads\/sites\/20\/2025\/03\/IMG_1271.jpeg","keywords":["art i educaci\u00f3","CULTURA BCN","CULTURA ESCOLA","cultura i educaci\u00f3","educaci\u00f3 i m\u00fasica","ind\u00fastria musical","m\u00fasics"],"articleSection":["An\u00e0lisi"],"inLanguage":"ca","potentialAction":[{"@type":"CommentAction","name":"Comment","target":["https:\/\/diarieducacio.cat\/artseducacio\/2025\/03\/07\/stay-homas-veure-el-canto-positiu\/#respond"]}]},{"@type":"WebPage","@id":"https:\/\/diarieducacio.cat\/artseducacio\/2025\/03\/07\/stay-homas-veure-el-canto-positiu\/","url":"https:\/\/diarieducacio.cat\/artseducacio\/2025\/03\/07\/stay-homas-veure-el-canto-positiu\/","name":"Stay Homas: veure el cant\u00f3 positiu - Arts & Educaci\u00f3","isPartOf":{"@id":"https:\/\/diarieducacio.cat\/artseducacio\/#website"},"primaryImageOfPage":{"@id":"https:\/\/diarieducacio.cat\/artseducacio\/2025\/03\/07\/stay-homas-veure-el-canto-positiu\/#primaryimage"},"image":{"@id":"https:\/\/diarieducacio.cat\/artseducacio\/2025\/03\/07\/stay-homas-veure-el-canto-positiu\/#primaryimage"},"thumbnailUrl":"https:\/\/diarieducacio.cat\/artseducacio\/wp-content\/uploads\/sites\/20\/2025\/03\/IMG_1271.jpeg","datePublished":"2025-03-07T13:48:37+00:00","dateModified":"2025-03-07T13:50:13+00:00","author":{"@id":"https:\/\/diarieducacio.cat\/artseducacio\/#\/schema\/person\/9ca17fcce8eccd1de1d64d4a42e60c15"},"breadcrumb":{"@id":"https:\/\/diarieducacio.cat\/artseducacio\/2025\/03\/07\/stay-homas-veure-el-canto-positiu\/#breadcrumb"},"inLanguage":"ca","potentialAction":[{"@type":"ReadAction","target":["https:\/\/diarieducacio.cat\/artseducacio\/2025\/03\/07\/stay-homas-veure-el-canto-positiu\/"]}]},{"@type":"ImageObject","inLanguage":"ca","@id":"https:\/\/diarieducacio.cat\/artseducacio\/2025\/03\/07\/stay-homas-veure-el-canto-positiu\/#primaryimage","url":"https:\/\/diarieducacio.cat\/artseducacio\/wp-content\/uploads\/sites\/20\/2025\/03\/IMG_1271.jpeg","contentUrl":"https:\/\/diarieducacio.cat\/artseducacio\/wp-content\/uploads\/sites\/20\/2025\/03\/IMG_1271.jpeg","width":1200,"height":857,"caption":"Il\u00b7lustraci\u00f3: Adri\u00e0 N"},{"@type":"BreadcrumbList","@id":"https:\/\/diarieducacio.cat\/artseducacio\/2025\/03\/07\/stay-homas-veure-el-canto-positiu\/#breadcrumb","itemListElement":[{"@type":"ListItem","position":1,"name":"Inici","item":"https:\/\/diarieducacio.cat\/artseducacio\/"},{"@type":"ListItem","position":2,"name":"Stay Homas: veure el cant\u00f3 positiu"}]},{"@type":"WebSite","@id":"https:\/\/diarieducacio.cat\/artseducacio\/#website","url":"https:\/\/diarieducacio.cat\/artseducacio\/","name":"Arts & Educaci\u00f3","description":"Un blog de El Diari de l&#039;Educaci\u00f3","potentialAction":[{"@type":"SearchAction","target":{"@type":"EntryPoint","urlTemplate":"https:\/\/diarieducacio.cat\/artseducacio\/?s={search_term_string}"},"query-input":{"@type":"PropertyValueSpecification","valueRequired":true,"valueName":"search_term_string"}}],"inLanguage":"ca"},{"@type":"Person","@id":"https:\/\/diarieducacio.cat\/artseducacio\/#\/schema\/person\/9ca17fcce8eccd1de1d64d4a42e60c15","name":"Joan Moliner Gilberga","image":{"@type":"ImageObject","inLanguage":"ca","@id":"https:\/\/diarieducacio.cat\/artseducacio\/wp-content\/uploads\/sites\/20\/2025\/03\/joanmoliner_avatar-96x96.png","url":"https:\/\/diarieducacio.cat\/artseducacio\/wp-content\/uploads\/sites\/20\/2025\/03\/joanmoliner_avatar-96x96.png","contentUrl":"https:\/\/diarieducacio.cat\/artseducacio\/wp-content\/uploads\/sites\/20\/2025\/03\/joanmoliner_avatar-96x96.png","caption":"Joan Moliner Gilberga"},"description":"Estudiant de musicologia a l\u2019Esmuc, amb passi\u00f3 per l\u2019escriptura i el piano, aix\u00ed com la composici\u00f3 amb mitjans electr\u00f2nics, Joan Moliner Gilberga \u00e9s una persona amb voluntat ecl\u00e8ctica i que mant\u00e9 l\u2019esperan\u00e7a en el progr\u00e9s social.","sameAs":["http:\/\/www.joanmolinergilberga.wordpress.com"],"url":"https:\/\/diarieducacio.cat\/artseducacio\/author\/joanmoliner\/"}]}},"_links":{"self":[{"href":"https:\/\/diarieducacio.cat\/artseducacio\/wp-json\/wp\/v2\/posts\/3068","targetHints":{"allow":["GET"]}}],"collection":[{"href":"https:\/\/diarieducacio.cat\/artseducacio\/wp-json\/wp\/v2\/posts"}],"about":[{"href":"https:\/\/diarieducacio.cat\/artseducacio\/wp-json\/wp\/v2\/types\/post"}],"author":[{"embeddable":true,"href":"https:\/\/diarieducacio.cat\/artseducacio\/wp-json\/wp\/v2\/users\/2012"}],"replies":[{"embeddable":true,"href":"https:\/\/diarieducacio.cat\/artseducacio\/wp-json\/wp\/v2\/comments?post=3068"}],"version-history":[{"count":3,"href":"https:\/\/diarieducacio.cat\/artseducacio\/wp-json\/wp\/v2\/posts\/3068\/revisions"}],"predecessor-version":[{"id":3074,"href":"https:\/\/diarieducacio.cat\/artseducacio\/wp-json\/wp\/v2\/posts\/3068\/revisions\/3074"}],"wp:featuredmedia":[{"embeddable":true,"href":"https:\/\/diarieducacio.cat\/artseducacio\/wp-json\/wp\/v2\/media\/3071"}],"wp:attachment":[{"href":"https:\/\/diarieducacio.cat\/artseducacio\/wp-json\/wp\/v2\/media?parent=3068"}],"wp:term":[{"taxonomy":"category","embeddable":true,"href":"https:\/\/diarieducacio.cat\/artseducacio\/wp-json\/wp\/v2\/categories?post=3068"},{"taxonomy":"post_tag","embeddable":true,"href":"https:\/\/diarieducacio.cat\/artseducacio\/wp-json\/wp\/v2\/tags?post=3068"},{"taxonomy":"tipo","embeddable":true,"href":"https:\/\/diarieducacio.cat\/artseducacio\/wp-json\/wp\/v2\/tipo?post=3068"}],"curies":[{"name":"wp","href":"https:\/\/api.w.org\/{rel}","templated":true}]}}