{"id":3107,"date":"2025-04-08T16:44:17","date_gmt":"2025-04-08T14:44:17","guid":{"rendered":"https:\/\/diarieducacio.cat\/artseducacio\/?p=3107"},"modified":"2025-04-10T10:59:39","modified_gmt":"2025-04-10T08:59:39","slug":"ultims-dies-per-inscriures-al-sambori-2025","status":"publish","type":"post","link":"https:\/\/diarieducacio.cat\/artseducacio\/2025\/04\/08\/ultims-dies-per-inscriures-al-sambori-2025\/","title":{"rendered":"\u00daltims dies per inscriure&#8217;s al Sambori 2025"},"content":{"rendered":"\n<p>El Sambori \u00e9s un projecte d\u2019\u00d2mnium que fomenta la creaci\u00f3 de propostes art\u00edstiques i culturals d\u2019autoria col\u00b7lectiva, amb l\u2019objectiu de fomentar l\u2019empoderament cultural, el sentiment de pertinen\u00e7a comunitari i l\u2019\u00fas de la llengua catalana com a eines de transformaci\u00f3 social generadores d\u2019oportunitats. <\/p>\n\n\n\n<p>Es tracta que l\u2019alumnat trobi un canal per expressar la seva veu, incidint especialment en col\u00b7lectius tradicionalment infrarepresentats i creant sinergies entre els diferents membres de la comunitat educativa, per\u00f2 tamb\u00e9 amb altres entitats del seu entorn immediat.<\/p>\n\n\n\n<p><strong>Com \u00e9s una creaci\u00f3 Sambori?<\/strong><\/p>\n\n\n\n<ul class=\"wp-block-list\">\n<li>\u00c9s d\u2019autoria&nbsp;<strong>col\u00b7lectiva<\/strong>&nbsp;i en<strong>&nbsp;catal\u00e0.<\/strong><\/li>\n\n\n\n<li>Podr\u00e0 incloure&nbsp;<strong>qualsevol llenguatge art\u00edstic<\/strong>: literatura, arts esc\u00e8niques, m\u00fasica, audiovisual, arts pl\u00e0stiques, creacions interdisciplin\u00e0ries\u2026<\/li>\n\n\n\n<li>La&nbsp;<strong>tem\u00e0tica \u00e9s lliure<\/strong>, sempre que es fomentin valors per una societat activa, cr\u00edtica, integradora i c\u00edvica.<\/li>\n\n\n\n<li>Podr\u00e0 ser&nbsp;fruit de projectes nous o amb traject\u00f2ria pr\u00e8via, per\u00f2 haur\u00e0 d\u2019haver estat produ\u00efda durant el curs escolar 23-25 o durant el mateix curs 24-25.<\/li>\n\n\n\n<li>En cas que es faci \u00fas de la IA en el proc\u00e9s de creaci\u00f3 de les obres, caldr\u00e0 justificar-ho i sempre haur\u00e0 de formar part de l\u2019objectiu d\u2019aprenentatge com a eina que fomenti el debat i la construcci\u00f3 cr\u00edtica, en cap cas podr\u00e0 utilitzar-se per a substituir all\u00f2 que l\u2019alumnat podria crear per si mateix.<\/li>\n\n\n\n<li>Nom\u00e9s podran participar-hi propostes que tinguin, com a m\u00ednim, quatre participants implicats en el proc\u00e9s de creaci\u00f3.<\/li>\n\n\n\n<li>Sigui quina sigui la disciplina original, s\u2019ha de lliurar en format v\u00eddeo, amb una extensi\u00f3<strong>&nbsp;m\u00e0xima de 15 minuts.<\/strong><\/li>\n<\/ul>\n\n\n\n<p><strong>Qui hi pot participar?<\/strong><\/p>\n\n\n\n<p>Alumnat que cursi educaci\u00f3 prim\u00e0ria, educaci\u00f3 secund\u00e0ria obligat\u00f2ria, batxillerat o cicles formatius de grau mitj\u00e0 en centres educatius del Principat, la Franja, Andorra, la Catalunya Nord o l\u2019Alguer durant el curs 2024-2025.<\/p>\n\n\n\n<p><strong>On cal inscriure&#8217;s?<\/strong><\/p>\n\n\n\n<p>Per participar en el Sambori nom\u00e9s us heu d\u2019inscriure en aquest\u00a0<a href=\"https:\/\/sambori-formulari.omnium.cat\/\">formulari<\/a>\u00a0i ja podreu comen\u00e7ar el proc\u00e9s de creaci\u00f3.<\/p>\n\n\n\n<p>Les obres podran anar acompanyades de documents complementaris explicatius que recullin el proc\u00e9s de conceptualitzaci\u00f3, disseny i creaci\u00f3, que es podran presentar a trav\u00e9s del mateix formulari del web.<\/p>\n\n\n\n<p>El l\u00edmit per a la presentaci\u00f3 de les propostes \u00e9s el dia&nbsp;<strong>11&nbsp;d\u2019abril de 2025<\/strong>.<\/p>\n\n\n\n<p><strong>Qu\u00e8 us ofereixen per participar-hi?<\/strong><\/p>\n\n\n\n<p>1. Formaci\u00f3 i acompanyament durant el proc\u00e9s de creaci\u00f3.<\/p>\n\n\n\n<p>&gt; Materials pedag\u00f2gics descarregables.<\/p>\n\n\n\n<p>&gt; Situaci\u00f3 d\u2019aprenentatge<\/p>\n\n\n\n<p>Sambori per adaptar a l\u2019aula<\/p>\n\n\n\n<p>&gt; Acompanyament durant el proc\u00e9s de creaci\u00f3 per part d\u2019especialistes de diverses entitats.<\/p>\n\n\n\n<p>2. Ser altaveu i donar visibilitat a les creacions de l\u2019alumnat.<\/p>\n\n\n\n<p>3. Festes Sambori territorials.<\/p>\n\n\n\n<p>Durant el mes de maig de 2025, \u00d2mnium organitzar\u00e0 actes festius amb diverses activitats, tallers i actuacions per posar en valor el temps i l\u2019esfor\u00e7 que han dedicat a la creaci\u00f3 de les propostes col\u00b7lectives. Una oportunitat per celebrar i mostrar les creacions juntament amb participants d\u2019altres centres i la resta de la comunitat educativa.<\/p>\n\n\n\n<p>Per a m\u00e9s informaci\u00f3 podeu consultar les&nbsp;<a href=\"https:\/\/sambori-wp.s3.eu-west-1.amazonaws.com\/app\/uploads\/2024\/06\/18105457\/BASES_Sambori_25-2-1.pdf\">bases del Sambori<\/a>.<\/p>\n\n\n\n<p><strong>Una mica d&#8217;hist\u00f2ria<\/strong><\/p>\n\n\n\n<p>El 1998, Escola Valenciana impulsa el Premi Sambori de narrativa escolar en catal\u00e0 dirigit als alumnes de prim\u00e0ria, secund\u00e0ria i batxillerat del Pa\u00eds Valenci\u00e0. El&nbsp; 2004 es crea la Fundaci\u00f3 Sambori, que fa arribar el projecte arreu dels territoris de parla catalana amb l\u2019objectiu d\u2019incentivar la creativitat art\u00edstica i imaginativa de l\u2019alumnat, i arriba a tots els centres educatius i afavoreix l\u2019\u00fas social de la llengua.<\/p>\n\n\n\n<p>\u00c9s a partir del&nbsp; 2006 que \u00d2mnium Cultural comen\u00e7a a impulsar el projecte a Catalunya, Andorra i la Catalunya Nord. Des del 2019, Obra Cultural Balear tamb\u00e9 s\u2019afegeix a la iniciativa.<\/p>\n\n\n\n<p><\/p>\n\n\n\n<p><\/p>\n","protected":false},"excerpt":{"rendered":"<p>El Sambori \u00e9s un projecte d\u2019\u00d2mnium que fomenta la creaci\u00f3 de propostes art\u00edstiques i culturals d\u2019autoria col\u00b7lectiva, amb l\u2019objectiu de fomentar l\u2019empoderament cultural, el sentiment de pertinen\u00e7a comunitari i l\u2019\u00fas de la llengua catalana com a eines de transformaci\u00f3 social generadores d\u2019oportunitats. Es tracta que l\u2019alumnat trobi un canal per expressar la seva veu, incidint<\/p>\n","protected":false},"author":1138,"featured_media":3108,"comment_status":"open","ping_status":"open","sticky":false,"template":"","format":"standard","meta":{"footnotes":""},"categories":[107],"tags":[182,138,126,96,97,127,121,117,305],"tipo":[222],"class_list":{"0":"post-3107","1":"post","2":"type-post","3":"status-publish","4":"format-standard","5":"has-post-thumbnail","7":"category-materials-i-recursos","8":"tag-art-i-educacio","9":"tag-art-i-escola","10":"tag-beneficis-de-la-cultura-i-educacio-artistica","11":"tag-cultura-bcn","12":"tag-cultura-escola","13":"tag-cultura-i-educacio","14":"tag-cultura-i-escola","15":"tag-educacio-artistica-i-cultural","16":"tag-llengua-catalana","17":"tipo-actualitat"},"yoast_head":"<!-- This site is optimized with the Yoast SEO plugin v27.5 - https:\/\/yoast.com\/product\/yoast-seo-wordpress\/ -->\n<title>\u00daltims dies per inscriure&#039;s al Sambori 2025 - Arts &amp; Educaci\u00f3<\/title>\n<meta name=\"robots\" content=\"index, follow, max-snippet:-1, max-image-preview:large, max-video-preview:-1\" \/>\n<link rel=\"canonical\" href=\"https:\/\/diarieducacio.cat\/artseducacio\/2025\/04\/08\/ultims-dies-per-inscriures-al-sambori-2025\/\" \/>\n<meta property=\"og:locale\" content=\"ca_ES\" \/>\n<meta property=\"og:type\" content=\"article\" \/>\n<meta property=\"og:title\" content=\"\u00daltims dies per inscriure&#039;s al Sambori 2025 - Arts &amp; Educaci\u00f3\" \/>\n<meta property=\"og:description\" content=\"El Sambori \u00e9s un projecte d\u2019\u00d2mnium que fomenta la creaci\u00f3 de propostes art\u00edstiques i culturals d\u2019autoria col\u00b7lectiva, amb l\u2019objectiu de fomentar l\u2019empoderament cultural, el sentiment de pertinen\u00e7a comunitari i l\u2019\u00fas de la llengua catalana com a eines de transformaci\u00f3 social generadores d\u2019oportunitats. Es tracta que l\u2019alumnat trobi un canal per expressar la seva veu, incidint\" \/>\n<meta property=\"og:url\" content=\"https:\/\/diarieducacio.cat\/artseducacio\/2025\/04\/08\/ultims-dies-per-inscriures-al-sambori-2025\/\" \/>\n<meta property=\"og:site_name\" content=\"Arts &amp; Educaci\u00f3\" \/>\n<meta property=\"article:publisher\" content=\"https:\/\/www.facebook.com\/diarieducacio\/\" \/>\n<meta property=\"article:published_time\" content=\"2025-04-08T14:44:17+00:00\" \/>\n<meta property=\"article:modified_time\" content=\"2025-04-10T08:59:39+00:00\" \/>\n<meta property=\"og:image\" content=\"https:\/\/diarieducacio.cat\/artseducacio\/wp-content\/uploads\/sites\/20\/2025\/04\/photo1716372180-1.jpeg\" \/>\n\t<meta property=\"og:image:width\" content=\"1024\" \/>\n\t<meta property=\"og:image:height\" content=\"683\" \/>\n\t<meta property=\"og:image:type\" content=\"image\/jpeg\" \/>\n<meta name=\"author\" content=\"Redacci\u00f3 A&amp;E\" \/>\n<meta name=\"twitter:card\" content=\"summary_large_image\" \/>\n<meta name=\"twitter:creator\" content=\"@DiariEducacio\" \/>\n<meta name=\"twitter:site\" content=\"@DiariEducacio\" \/>\n<meta name=\"twitter:label1\" content=\"Escrit per\" \/>\n\t<meta name=\"twitter:data1\" content=\"Redacci\u00f3 A&amp;E\" \/>\n\t<meta name=\"twitter:label2\" content=\"Temps estimat de lectura\" \/>\n\t<meta name=\"twitter:data2\" content=\"3 minuts\" \/>\n<script type=\"application\/ld+json\" class=\"yoast-schema-graph\">{\"@context\":\"https:\\\/\\\/schema.org\",\"@graph\":[{\"@type\":\"Article\",\"@id\":\"https:\\\/\\\/diarieducacio.cat\\\/artseducacio\\\/2025\\\/04\\\/08\\\/ultims-dies-per-inscriures-al-sambori-2025\\\/#article\",\"isPartOf\":{\"@id\":\"https:\\\/\\\/diarieducacio.cat\\\/artseducacio\\\/2025\\\/04\\\/08\\\/ultims-dies-per-inscriures-al-sambori-2025\\\/\"},\"author\":{\"name\":\"Redacci\u00f3 A&amp;E\",\"@id\":\"https:\\\/\\\/diarieducacio.cat\\\/artseducacio\\\/#\\\/schema\\\/person\\\/1aea2ebf3d17d2e1054d7e9ef9d19fbb\"},\"headline\":\"\u00daltims dies per inscriure&#8217;s al Sambori 2025\",\"datePublished\":\"2025-04-08T14:44:17+00:00\",\"dateModified\":\"2025-04-10T08:59:39+00:00\",\"mainEntityOfPage\":{\"@id\":\"https:\\\/\\\/diarieducacio.cat\\\/artseducacio\\\/2025\\\/04\\\/08\\\/ultims-dies-per-inscriures-al-sambori-2025\\\/\"},\"wordCount\":642,\"commentCount\":0,\"image\":{\"@id\":\"https:\\\/\\\/diarieducacio.cat\\\/artseducacio\\\/2025\\\/04\\\/08\\\/ultims-dies-per-inscriures-al-sambori-2025\\\/#primaryimage\"},\"thumbnailUrl\":\"https:\\\/\\\/diarieducacio.cat\\\/artseducacio\\\/wp-content\\\/uploads\\\/sites\\\/20\\\/2025\\\/04\\\/photo1716372180-1.jpeg\",\"keywords\":[\"art i educaci\u00f3\",\"art i escola\",\"beneficis de la cultura i educaci\u00f3 art\u00edstica\",\"CULTURA BCN\",\"CULTURA ESCOLA\",\"cultura i educaci\u00f3\",\"cultura i escola\",\"educaci\u00f3 art\u00edstica i cultural\",\"llengua catalana\"],\"articleSection\":[\"Materials i recursos\"],\"inLanguage\":\"ca\",\"potentialAction\":[{\"@type\":\"CommentAction\",\"name\":\"Comment\",\"target\":[\"https:\\\/\\\/diarieducacio.cat\\\/artseducacio\\\/2025\\\/04\\\/08\\\/ultims-dies-per-inscriures-al-sambori-2025\\\/#respond\"]}]},{\"@type\":\"WebPage\",\"@id\":\"https:\\\/\\\/diarieducacio.cat\\\/artseducacio\\\/2025\\\/04\\\/08\\\/ultims-dies-per-inscriures-al-sambori-2025\\\/\",\"url\":\"https:\\\/\\\/diarieducacio.cat\\\/artseducacio\\\/2025\\\/04\\\/08\\\/ultims-dies-per-inscriures-al-sambori-2025\\\/\",\"name\":\"\u00daltims dies per inscriure's al Sambori 2025 - Arts & Educaci\u00f3\",\"isPartOf\":{\"@id\":\"https:\\\/\\\/diarieducacio.cat\\\/artseducacio\\\/#website\"},\"primaryImageOfPage\":{\"@id\":\"https:\\\/\\\/diarieducacio.cat\\\/artseducacio\\\/2025\\\/04\\\/08\\\/ultims-dies-per-inscriures-al-sambori-2025\\\/#primaryimage\"},\"image\":{\"@id\":\"https:\\\/\\\/diarieducacio.cat\\\/artseducacio\\\/2025\\\/04\\\/08\\\/ultims-dies-per-inscriures-al-sambori-2025\\\/#primaryimage\"},\"thumbnailUrl\":\"https:\\\/\\\/diarieducacio.cat\\\/artseducacio\\\/wp-content\\\/uploads\\\/sites\\\/20\\\/2025\\\/04\\\/photo1716372180-1.jpeg\",\"datePublished\":\"2025-04-08T14:44:17+00:00\",\"dateModified\":\"2025-04-10T08:59:39+00:00\",\"author\":{\"@id\":\"https:\\\/\\\/diarieducacio.cat\\\/artseducacio\\\/#\\\/schema\\\/person\\\/1aea2ebf3d17d2e1054d7e9ef9d19fbb\"},\"breadcrumb\":{\"@id\":\"https:\\\/\\\/diarieducacio.cat\\\/artseducacio\\\/2025\\\/04\\\/08\\\/ultims-dies-per-inscriures-al-sambori-2025\\\/#breadcrumb\"},\"inLanguage\":\"ca\",\"potentialAction\":[{\"@type\":\"ReadAction\",\"target\":[\"https:\\\/\\\/diarieducacio.cat\\\/artseducacio\\\/2025\\\/04\\\/08\\\/ultims-dies-per-inscriures-al-sambori-2025\\\/\"]}]},{\"@type\":\"ImageObject\",\"inLanguage\":\"ca\",\"@id\":\"https:\\\/\\\/diarieducacio.cat\\\/artseducacio\\\/2025\\\/04\\\/08\\\/ultims-dies-per-inscriures-al-sambori-2025\\\/#primaryimage\",\"url\":\"https:\\\/\\\/diarieducacio.cat\\\/artseducacio\\\/wp-content\\\/uploads\\\/sites\\\/20\\\/2025\\\/04\\\/photo1716372180-1.jpeg\",\"contentUrl\":\"https:\\\/\\\/diarieducacio.cat\\\/artseducacio\\\/wp-content\\\/uploads\\\/sites\\\/20\\\/2025\\\/04\\\/photo1716372180-1.jpeg\",\"width\":1024,\"height\":683,\"caption\":\"Infants en una de les festes Sambori | \u00d2mnium Cultural\"},{\"@type\":\"BreadcrumbList\",\"@id\":\"https:\\\/\\\/diarieducacio.cat\\\/artseducacio\\\/2025\\\/04\\\/08\\\/ultims-dies-per-inscriures-al-sambori-2025\\\/#breadcrumb\",\"itemListElement\":[{\"@type\":\"ListItem\",\"position\":1,\"name\":\"Inici\",\"item\":\"https:\\\/\\\/diarieducacio.cat\\\/artseducacio\\\/\"},{\"@type\":\"ListItem\",\"position\":2,\"name\":\"\u00daltims dies per inscriure&#8217;s al Sambori 2025\"}]},{\"@type\":\"WebSite\",\"@id\":\"https:\\\/\\\/diarieducacio.cat\\\/artseducacio\\\/#website\",\"url\":\"https:\\\/\\\/diarieducacio.cat\\\/artseducacio\\\/\",\"name\":\"Arts & Educaci\u00f3\",\"description\":\"Un blog de El Diari de l&#039;Educaci\u00f3\",\"potentialAction\":[{\"@type\":\"SearchAction\",\"target\":{\"@type\":\"EntryPoint\",\"urlTemplate\":\"https:\\\/\\\/diarieducacio.cat\\\/artseducacio\\\/?s={search_term_string}\"},\"query-input\":{\"@type\":\"PropertyValueSpecification\",\"valueRequired\":true,\"valueName\":\"search_term_string\"}}],\"inLanguage\":\"ca\"},{\"@type\":\"Person\",\"@id\":\"https:\\\/\\\/diarieducacio.cat\\\/artseducacio\\\/#\\\/schema\\\/person\\\/1aea2ebf3d17d2e1054d7e9ef9d19fbb\",\"name\":\"Redacci\u00f3 A&amp;E\",\"image\":{\"@type\":\"ImageObject\",\"inLanguage\":\"ca\",\"@id\":\"https:\\\/\\\/secure.gravatar.com\\\/avatar\\\/f6b6e4f88508dfff69785089e6276f75bf832d5eeeca9936b9d90937ea6dc611?s=96&d=mm&r=g\",\"url\":\"https:\\\/\\\/secure.gravatar.com\\\/avatar\\\/f6b6e4f88508dfff69785089e6276f75bf832d5eeeca9936b9d90937ea6dc611?s=96&d=mm&r=g\",\"contentUrl\":\"https:\\\/\\\/secure.gravatar.com\\\/avatar\\\/f6b6e4f88508dfff69785089e6276f75bf832d5eeeca9936b9d90937ea6dc611?s=96&d=mm&r=g\",\"caption\":\"Redacci\u00f3 A&amp;E\"},\"url\":\"https:\\\/\\\/diarieducacio.cat\\\/artseducacio\\\/author\\\/redaccioarts\\\/\"}]}<\/script>\n<!-- \/ Yoast SEO plugin. -->","yoast_head_json":{"title":"\u00daltims dies per inscriure's al Sambori 2025 - Arts & Educaci\u00f3","robots":{"index":"index","follow":"follow","max-snippet":"max-snippet:-1","max-image-preview":"max-image-preview:large","max-video-preview":"max-video-preview:-1"},"canonical":"https:\/\/diarieducacio.cat\/artseducacio\/2025\/04\/08\/ultims-dies-per-inscriures-al-sambori-2025\/","og_locale":"ca_ES","og_type":"article","og_title":"\u00daltims dies per inscriure's al Sambori 2025 - Arts & Educaci\u00f3","og_description":"El Sambori \u00e9s un projecte d\u2019\u00d2mnium que fomenta la creaci\u00f3 de propostes art\u00edstiques i culturals d\u2019autoria col\u00b7lectiva, amb l\u2019objectiu de fomentar l\u2019empoderament cultural, el sentiment de pertinen\u00e7a comunitari i l\u2019\u00fas de la llengua catalana com a eines de transformaci\u00f3 social generadores d\u2019oportunitats. Es tracta que l\u2019alumnat trobi un canal per expressar la seva veu, incidint","og_url":"https:\/\/diarieducacio.cat\/artseducacio\/2025\/04\/08\/ultims-dies-per-inscriures-al-sambori-2025\/","og_site_name":"Arts & Educaci\u00f3","article_publisher":"https:\/\/www.facebook.com\/diarieducacio\/","article_published_time":"2025-04-08T14:44:17+00:00","article_modified_time":"2025-04-10T08:59:39+00:00","og_image":[{"width":1024,"height":683,"url":"https:\/\/diarieducacio.cat\/artseducacio\/wp-content\/uploads\/sites\/20\/2025\/04\/photo1716372180-1.jpeg","type":"image\/jpeg"}],"author":"Redacci\u00f3 A&amp;E","twitter_card":"summary_large_image","twitter_creator":"@DiariEducacio","twitter_site":"@DiariEducacio","twitter_misc":{"Escrit per":"Redacci\u00f3 A&amp;E","Temps estimat de lectura":"3 minuts"},"schema":{"@context":"https:\/\/schema.org","@graph":[{"@type":"Article","@id":"https:\/\/diarieducacio.cat\/artseducacio\/2025\/04\/08\/ultims-dies-per-inscriures-al-sambori-2025\/#article","isPartOf":{"@id":"https:\/\/diarieducacio.cat\/artseducacio\/2025\/04\/08\/ultims-dies-per-inscriures-al-sambori-2025\/"},"author":{"name":"Redacci\u00f3 A&amp;E","@id":"https:\/\/diarieducacio.cat\/artseducacio\/#\/schema\/person\/1aea2ebf3d17d2e1054d7e9ef9d19fbb"},"headline":"\u00daltims dies per inscriure&#8217;s al Sambori 2025","datePublished":"2025-04-08T14:44:17+00:00","dateModified":"2025-04-10T08:59:39+00:00","mainEntityOfPage":{"@id":"https:\/\/diarieducacio.cat\/artseducacio\/2025\/04\/08\/ultims-dies-per-inscriures-al-sambori-2025\/"},"wordCount":642,"commentCount":0,"image":{"@id":"https:\/\/diarieducacio.cat\/artseducacio\/2025\/04\/08\/ultims-dies-per-inscriures-al-sambori-2025\/#primaryimage"},"thumbnailUrl":"https:\/\/diarieducacio.cat\/artseducacio\/wp-content\/uploads\/sites\/20\/2025\/04\/photo1716372180-1.jpeg","keywords":["art i educaci\u00f3","art i escola","beneficis de la cultura i educaci\u00f3 art\u00edstica","CULTURA BCN","CULTURA ESCOLA","cultura i educaci\u00f3","cultura i escola","educaci\u00f3 art\u00edstica i cultural","llengua catalana"],"articleSection":["Materials i recursos"],"inLanguage":"ca","potentialAction":[{"@type":"CommentAction","name":"Comment","target":["https:\/\/diarieducacio.cat\/artseducacio\/2025\/04\/08\/ultims-dies-per-inscriures-al-sambori-2025\/#respond"]}]},{"@type":"WebPage","@id":"https:\/\/diarieducacio.cat\/artseducacio\/2025\/04\/08\/ultims-dies-per-inscriures-al-sambori-2025\/","url":"https:\/\/diarieducacio.cat\/artseducacio\/2025\/04\/08\/ultims-dies-per-inscriures-al-sambori-2025\/","name":"\u00daltims dies per inscriure's al Sambori 2025 - Arts & Educaci\u00f3","isPartOf":{"@id":"https:\/\/diarieducacio.cat\/artseducacio\/#website"},"primaryImageOfPage":{"@id":"https:\/\/diarieducacio.cat\/artseducacio\/2025\/04\/08\/ultims-dies-per-inscriures-al-sambori-2025\/#primaryimage"},"image":{"@id":"https:\/\/diarieducacio.cat\/artseducacio\/2025\/04\/08\/ultims-dies-per-inscriures-al-sambori-2025\/#primaryimage"},"thumbnailUrl":"https:\/\/diarieducacio.cat\/artseducacio\/wp-content\/uploads\/sites\/20\/2025\/04\/photo1716372180-1.jpeg","datePublished":"2025-04-08T14:44:17+00:00","dateModified":"2025-04-10T08:59:39+00:00","author":{"@id":"https:\/\/diarieducacio.cat\/artseducacio\/#\/schema\/person\/1aea2ebf3d17d2e1054d7e9ef9d19fbb"},"breadcrumb":{"@id":"https:\/\/diarieducacio.cat\/artseducacio\/2025\/04\/08\/ultims-dies-per-inscriures-al-sambori-2025\/#breadcrumb"},"inLanguage":"ca","potentialAction":[{"@type":"ReadAction","target":["https:\/\/diarieducacio.cat\/artseducacio\/2025\/04\/08\/ultims-dies-per-inscriures-al-sambori-2025\/"]}]},{"@type":"ImageObject","inLanguage":"ca","@id":"https:\/\/diarieducacio.cat\/artseducacio\/2025\/04\/08\/ultims-dies-per-inscriures-al-sambori-2025\/#primaryimage","url":"https:\/\/diarieducacio.cat\/artseducacio\/wp-content\/uploads\/sites\/20\/2025\/04\/photo1716372180-1.jpeg","contentUrl":"https:\/\/diarieducacio.cat\/artseducacio\/wp-content\/uploads\/sites\/20\/2025\/04\/photo1716372180-1.jpeg","width":1024,"height":683,"caption":"Infants en una de les festes Sambori | \u00d2mnium Cultural"},{"@type":"BreadcrumbList","@id":"https:\/\/diarieducacio.cat\/artseducacio\/2025\/04\/08\/ultims-dies-per-inscriures-al-sambori-2025\/#breadcrumb","itemListElement":[{"@type":"ListItem","position":1,"name":"Inici","item":"https:\/\/diarieducacio.cat\/artseducacio\/"},{"@type":"ListItem","position":2,"name":"\u00daltims dies per inscriure&#8217;s al Sambori 2025"}]},{"@type":"WebSite","@id":"https:\/\/diarieducacio.cat\/artseducacio\/#website","url":"https:\/\/diarieducacio.cat\/artseducacio\/","name":"Arts & Educaci\u00f3","description":"Un blog de El Diari de l&#039;Educaci\u00f3","potentialAction":[{"@type":"SearchAction","target":{"@type":"EntryPoint","urlTemplate":"https:\/\/diarieducacio.cat\/artseducacio\/?s={search_term_string}"},"query-input":{"@type":"PropertyValueSpecification","valueRequired":true,"valueName":"search_term_string"}}],"inLanguage":"ca"},{"@type":"Person","@id":"https:\/\/diarieducacio.cat\/artseducacio\/#\/schema\/person\/1aea2ebf3d17d2e1054d7e9ef9d19fbb","name":"Redacci\u00f3 A&amp;E","image":{"@type":"ImageObject","inLanguage":"ca","@id":"https:\/\/secure.gravatar.com\/avatar\/f6b6e4f88508dfff69785089e6276f75bf832d5eeeca9936b9d90937ea6dc611?s=96&d=mm&r=g","url":"https:\/\/secure.gravatar.com\/avatar\/f6b6e4f88508dfff69785089e6276f75bf832d5eeeca9936b9d90937ea6dc611?s=96&d=mm&r=g","contentUrl":"https:\/\/secure.gravatar.com\/avatar\/f6b6e4f88508dfff69785089e6276f75bf832d5eeeca9936b9d90937ea6dc611?s=96&d=mm&r=g","caption":"Redacci\u00f3 A&amp;E"},"url":"https:\/\/diarieducacio.cat\/artseducacio\/author\/redaccioarts\/"}]}},"_links":{"self":[{"href":"https:\/\/diarieducacio.cat\/artseducacio\/wp-json\/wp\/v2\/posts\/3107","targetHints":{"allow":["GET"]}}],"collection":[{"href":"https:\/\/diarieducacio.cat\/artseducacio\/wp-json\/wp\/v2\/posts"}],"about":[{"href":"https:\/\/diarieducacio.cat\/artseducacio\/wp-json\/wp\/v2\/types\/post"}],"author":[{"embeddable":true,"href":"https:\/\/diarieducacio.cat\/artseducacio\/wp-json\/wp\/v2\/users\/1138"}],"replies":[{"embeddable":true,"href":"https:\/\/diarieducacio.cat\/artseducacio\/wp-json\/wp\/v2\/comments?post=3107"}],"version-history":[{"count":3,"href":"https:\/\/diarieducacio.cat\/artseducacio\/wp-json\/wp\/v2\/posts\/3107\/revisions"}],"predecessor-version":[{"id":3116,"href":"https:\/\/diarieducacio.cat\/artseducacio\/wp-json\/wp\/v2\/posts\/3107\/revisions\/3116"}],"wp:featuredmedia":[{"embeddable":true,"href":"https:\/\/diarieducacio.cat\/artseducacio\/wp-json\/wp\/v2\/media\/3108"}],"wp:attachment":[{"href":"https:\/\/diarieducacio.cat\/artseducacio\/wp-json\/wp\/v2\/media?parent=3107"}],"wp:term":[{"taxonomy":"category","embeddable":true,"href":"https:\/\/diarieducacio.cat\/artseducacio\/wp-json\/wp\/v2\/categories?post=3107"},{"taxonomy":"post_tag","embeddable":true,"href":"https:\/\/diarieducacio.cat\/artseducacio\/wp-json\/wp\/v2\/tags?post=3107"},{"taxonomy":"tipo","embeddable":true,"href":"https:\/\/diarieducacio.cat\/artseducacio\/wp-json\/wp\/v2\/tipo?post=3107"}],"curies":[{"name":"wp","href":"https:\/\/api.w.org\/{rel}","templated":true}]}}