{"id":3286,"date":"2025-10-24T09:27:07","date_gmt":"2025-10-24T07:27:07","guid":{"rendered":"https:\/\/diarieducacio.cat\/artseducacio\/?p=3286"},"modified":"2025-10-24T10:56:32","modified_gmt":"2025-10-24T08:56:32","slug":"donar-visibilitat-social-a-traves-del-teatre","status":"publish","type":"post","link":"https:\/\/diarieducacio.cat\/artseducacio\/2025\/10\/24\/donar-visibilitat-social-a-traves-del-teatre\/","title":{"rendered":"Donar visibilitat social a trav\u00e9s del teatre"},"content":{"rendered":"\n<p>En un bonic entorn natural, als afores de Mollet del Vall\u00e8s, hi trobem l\u2019escola municipal d\u2019educaci\u00f3 especial Can Vila. Formen part d\u2019un institut municipal que tamb\u00e9 inclou CEDIAP, escola, taller i centre ocupacional. Aquest curs a Can Vila hi estudien 137 alumnes d\u2019edats compreses entre els 3 i els 20 anys. Amb un total de 70 persones, entre docents i altres professionals de l\u2019educaci\u00f3 especial, s\u2019organitzen per etapes educatives i tamb\u00e9 segons les necessitats i capacitats de cada alumne.<\/p>\n\n\n\n<p>Com cada any per aquestes dates, tots i totes estan una mica nerviosos perqu\u00e8 preparen l\u2019espectacle del projecte <em>Teatre a l\u2019escola<\/em>. Una proposta que fomenta el benestar i autoestima dels seus alumnes i que t\u00e9 la capacitat d\u2019implicar-hi a tota la comunitat educativa: alumnes, docents i professionals, i tamb\u00e9 l\u2019AFA.<\/p>\n\n\n\n<h3 class=\"wp-block-heading\">Els ben\u00e8fics de les arts en l\u2019educaci\u00f3 especial<\/h3>\n\n\n\n<p>Amb el projecte <em>Teatre a l\u2019escola<\/em> a Can Vila poden treballar tots els beneficis que aporten les arts. Per aix\u00f2, els professionals d\u2019aquest centre d\u2019educaci\u00f3 especial consideren que el teatre, el cinema, la m\u00fasica, la pl\u00e0stica, etc. s\u00f3n recursos molt valuosos. Com b\u00e9 explica la directora del centre, Pilar Garcia, \u201ctenim molts alumnes que tenen dificultats de comunicaci\u00f3, i aconseguim que s\u2019expressin gr\u00e0cies a les arts\u201d.<\/p>\n\n\n\n<p>Els nens i nenes poden aprendre i gaudir amb les arts. Amb el teatre, per\u00f2 han aconseguit un objectiu molt important: fer-se visibles. \u201cLes arts s\u00f3n una eina de comunicaci\u00f3 per\u00f2 tamb\u00e9 d\u2019inclusi\u00f3. Tots necessitem fer-nos visibles per existir, i aquesta oportunitat ens l\u2019ofereix el teatre el cent per cent\u201d. Amb aquest projecte els alumnes tamb\u00e9 aprenen autocontrol, autogesti\u00f3 de les emocions i confian\u00e7a en ells mateixos.<\/p>\n\n\n\n<figure class=\"wp-block-image size-large\"><img fetchpriority=\"high\" decoding=\"async\" width=\"768\" height=\"1024\" src=\"https:\/\/diarieducacio.cat\/artseducacio\/wp-content\/uploads\/sites\/20\/2025\/10\/IMG-20250115-WA0008-768x1024.jpg\" alt=\"\" class=\"wp-image-3289\" srcset=\"https:\/\/diarieducacio.cat\/artseducacio\/wp-content\/uploads\/sites\/20\/2025\/10\/IMG-20250115-WA0008-768x1024.jpg 768w, https:\/\/diarieducacio.cat\/artseducacio\/wp-content\/uploads\/sites\/20\/2025\/10\/IMG-20250115-WA0008-225x300.jpg 225w, https:\/\/diarieducacio.cat\/artseducacio\/wp-content\/uploads\/sites\/20\/2025\/10\/IMG-20250115-WA0008-1152x1536.jpg 1152w, https:\/\/diarieducacio.cat\/artseducacio\/wp-content\/uploads\/sites\/20\/2025\/10\/IMG-20250115-WA0008-150x200.jpg 150w, https:\/\/diarieducacio.cat\/artseducacio\/wp-content\/uploads\/sites\/20\/2025\/10\/IMG-20250115-WA0008-450x600.jpg 450w, https:\/\/diarieducacio.cat\/artseducacio\/wp-content\/uploads\/sites\/20\/2025\/10\/IMG-20250115-WA0008.jpg 1200w\" sizes=\"(max-width: 768px) 100vw, 768px\" \/><figcaption class=\"wp-element-caption\">Decorats que fan els m\u00e9s grans \/ Can Vila<\/figcaption><\/figure>\n\n\n\n<p>Dalt de l\u2019escenari els alumnes poden mostrar les seves capacitats encara que sigui als seus familiars. Una visibilitat que els aporta benestar, autoestima, motivaci\u00f3 i sobretot un reconeixement per la feina feta.<\/p>\n\n\n\n<h3 class=\"wp-block-heading\">Un projecte que integra el 100% de l\u2019alumnat de l\u2019escola<\/h3>\n\n\n\n<p>El projecte de <em>Teatre a l\u2019escola <\/em>fa molts anys que es fa a Can Vila. Va n\u00e9ixer com una cosa petita, la t\u00edpica obra de Nadal dels Pastorets. De mica en mica, van considerar que com a escola laica podien anar m\u00e9s enll\u00e0, obrir la mirada i fer una proposta integrada al centre.<\/p>\n\n\n\n<p>Els primers espectacles eren de temes de proximitat, arrelats a la nostra cultura i a les nostres tradicions. A m\u00e9s, amb aquest canvi de tem\u00e0tiques van aconseguir que els alumnes tinguessin m\u00e9s motivaci\u00f3 i els sugger\u00eds alguna cosa. L\u2019espectacle es feia a l\u2019escola, per\u00f2 aviat van veure que no hi cabien i van traslladar-se al teatre de Can Gom\u00e0 de Mollet. Aix\u00f2 implica una organitzaci\u00f3 de centre molt complexa, perqu\u00e8 per a ells despla\u00e7ar-se \u00e9s labori\u00f3s i requereix molt d\u2019esfor\u00e7. Perqu\u00e8 demana anticipaci\u00f3 i molta organitzaci\u00f3 pel benestar dels seus alumnes.<\/p>\n\n\n\n<figure class=\"wp-block-image size-large\"><img decoding=\"async\" width=\"1024\" height=\"683\" src=\"https:\/\/diarieducacio.cat\/artseducacio\/wp-content\/uploads\/sites\/20\/2025\/10\/DSC06050-1024x683.jpg\" alt=\"\" class=\"wp-image-3288\" srcset=\"https:\/\/diarieducacio.cat\/artseducacio\/wp-content\/uploads\/sites\/20\/2025\/10\/DSC06050-1024x683.jpg 1024w, https:\/\/diarieducacio.cat\/artseducacio\/wp-content\/uploads\/sites\/20\/2025\/10\/DSC06050-300x200.jpg 300w, https:\/\/diarieducacio.cat\/artseducacio\/wp-content\/uploads\/sites\/20\/2025\/10\/DSC06050-768x512.jpg 768w, https:\/\/diarieducacio.cat\/artseducacio\/wp-content\/uploads\/sites\/20\/2025\/10\/DSC06050-150x100.jpg 150w, https:\/\/diarieducacio.cat\/artseducacio\/wp-content\/uploads\/sites\/20\/2025\/10\/DSC06050-450x300.jpg 450w, https:\/\/diarieducacio.cat\/artseducacio\/wp-content\/uploads\/sites\/20\/2025\/10\/DSC06050.jpg 1200w\" sizes=\"(max-width: 1024px) 100vw, 1024px\" \/><figcaption class=\"wp-element-caption\">Infants d&#8217;alt de l&#8217;escenari \/ Can Vila<\/figcaption><\/figure>\n\n\n\n<p>La comissi\u00f3 d\u2019aquesta activitat es reuneix amb la resta del claustre abans d\u2019acabar el curs, al juny, per presentar la proposta de tema per a la seg\u00fcent edici\u00f3. I ja a inicis de setembre tots els mestres es posen a treballar en el projecte. Durant el curs el tema triat \u00e9s el fil conductor i es tracta de forma transversal, en l\u2019obra de teatre, per\u00f2 tamb\u00e9 en les sortides, en els tallers, activitats, etc.<\/p>\n\n\n\n<p>Quan arriba el mes de desembre el teatre de Mollet queda col\u00b7lapsat. Un dia abans assagen i hi tornen l\u2019endem\u00e0 per l\u2019estrena. Al principi feien una sola funci\u00f3, per\u00f2 ara ja s\u00f3n tants alumnes i tantes fam\u00edlies que ho han hagut de repartir en dos. Combinen diferents edats i \u201c\u00e9s molt m\u00e9s \u00e0gil i cada alumne t\u00e9 m\u00e9s espai i temps de visibilitzaci\u00f3\u201d, subratlla Garcia.<\/p>\n\n\n\n<p>El que fa diferent aquest projecte realment \u00e9s que l\u2019obra de teatre integra el 100% de l\u2019alumnat de l\u2019escola. Ning\u00fa en queda fora, tothom t\u00e9 el seu rol, segons les seves necessitats i capacitats.<\/p>\n\n\n\n<p>\u201cHi ha una feina brutal darrere de <em>Teatre a l\u2019escola<\/em>, ens hi deixem la pell perqu\u00e8 hi creiem molt. Tot l\u2019alumnat hi participa, \u00e9s cert que hi ha nens i nenes amb TEA que els molesten les llums, el so, etc. que a l\u2019inici mostren rebuig. Per\u00f2 al centre sempre busquem els recursos perqu\u00e8 realment se sentin c\u00f2modes, puguin participar, aprendre i gaudir segons les seves capacitats\u201d afirma Pilar Garcia.<\/p>\n\n\n\n<h3 class=\"wp-block-heading\">Una feina que va m\u00e9s enll\u00e0 del dia de l\u2019estrena<\/h3>\n\n\n\n<p>La gran majoria dels seus espectadors s\u00f3n familiars, per\u00f2 tamb\u00e9 hi van representants dels serveis educatius i altres representants municipals. De fet, l\u2019Ajuntament de Mollet del Vall\u00e8s els dona suport econ\u00f2mic, especialment per als despla\u00e7aments. El feedback de tots ells \u00e9s molt emocionat al dia de l\u2019estrena, els aplaudiments d\u2019aquell dia duren tot l\u2019any.<\/p>\n\n\n\n<p>\u201cNosaltres sempre ho fem tot des de la tendresa i des de l\u2019amor, i aix\u00f2 \u00e9s el que volem transmetre als espectadors. I crec que ho aconseguim molt a escena. \u00c9s el valor de la nostra labor\u201d, diu emocionada Pilar Garcia. Fins i tot, els han demanat de fer bolos, i s\u2019ho estan pensant per a altres escoles de Mollet. Perqu\u00e8 com molt b\u00e9 explica la directora: \u201ccal que els altres alumnes coneguin realitats que no s\u00f3n les seves perqu\u00e8 realment constru\u00efm una societat inclusiva en el futur\u201d.<\/p>\n\n\n\n<figure class=\"wp-block-image size-large\"><img decoding=\"async\" width=\"1024\" height=\"768\" src=\"https:\/\/diarieducacio.cat\/artseducacio\/wp-content\/uploads\/sites\/20\/2025\/10\/WhatsApp-Image-2024-12-03-at-17.08.14-1024x768.jpg\" alt=\"\" class=\"wp-image-3287\" srcset=\"https:\/\/diarieducacio.cat\/artseducacio\/wp-content\/uploads\/sites\/20\/2025\/10\/WhatsApp-Image-2024-12-03-at-17.08.14-1024x768.jpg 1024w, https:\/\/diarieducacio.cat\/artseducacio\/wp-content\/uploads\/sites\/20\/2025\/10\/WhatsApp-Image-2024-12-03-at-17.08.14-300x225.jpg 300w, https:\/\/diarieducacio.cat\/artseducacio\/wp-content\/uploads\/sites\/20\/2025\/10\/WhatsApp-Image-2024-12-03-at-17.08.14-768x576.jpg 768w, https:\/\/diarieducacio.cat\/artseducacio\/wp-content\/uploads\/sites\/20\/2025\/10\/WhatsApp-Image-2024-12-03-at-17.08.14-1536x1152.jpg 1536w, https:\/\/diarieducacio.cat\/artseducacio\/wp-content\/uploads\/sites\/20\/2025\/10\/WhatsApp-Image-2024-12-03-at-17.08.14-150x113.jpg 150w, https:\/\/diarieducacio.cat\/artseducacio\/wp-content\/uploads\/sites\/20\/2025\/10\/WhatsApp-Image-2024-12-03-at-17.08.14-450x338.jpg 450w, https:\/\/diarieducacio.cat\/artseducacio\/wp-content\/uploads\/sites\/20\/2025\/10\/WhatsApp-Image-2024-12-03-at-17.08.14-1200x900.jpg 1200w, https:\/\/diarieducacio.cat\/artseducacio\/wp-content\/uploads\/sites\/20\/2025\/10\/WhatsApp-Image-2024-12-03-at-17.08.14.jpg 1600w\" sizes=\"(max-width: 1024px) 100vw, 1024px\" \/><figcaption class=\"wp-element-caption\">Dies d&#8217;assaig \/ Can Vila<\/figcaption><\/figure>\n\n\n\n<p>Per\u00f2 la feina de Can Vila va molt m\u00e9s enll\u00e0 que l\u2019obra de teatre. S\u00f3n un centre petit, i a vegades senten que no hi ha prou consci\u00e8ncia tamb\u00e9 a nivell administratiu de qui s\u00f3n, qu\u00e8 fan i qu\u00e8 necessiten. \u201cLa gent es pensa que un cop els infants s\u00f3n aqu\u00ed, ja est\u00e0, ja ens ho farem i no, aix\u00f2 no \u00e9s aix\u00ed. Continuen sent nens i nenes del sistema educatiu, que tenen drets i necessiten els mateixos suports, les mateixes oportunitats i els mateixos recursos que qualsevol infant. I a vegades, el sistema educatiu, que \u00e9s prou complex, se n&#8217;oblida una mica\u201d, comenta la directora del centre.<\/p>\n\n\n\n<p>A l\u2019escola es treballa molt perqu\u00e8 tots els alumnes tinguin tot el que necessiten. Com ara potenciar la relaci\u00f3 social, per aix\u00f2 fan activitats compartides amb altres escoles ordin\u00e0ries. Sovint aquestes propostes sorgeixen gr\u00e0cies a la seva iniciativa incansable.<\/p>\n\n\n\n<p>En aquest sentit, la directora comenta: \u201cper a nosaltres, el premi Baldiri ha estat un enorme reconeixement, i ha perm\u00e8s que moltes altres escoles coneguin el nostre projecte i la nostra tasca. La veritat \u00e9s que totes les escoles d\u2019educaci\u00f3 especial fan una gran feina, i quan se\u2019ns reconeix s\u2019agraeix. \u00c9s una forma de treure\u2019ns de sobra l\u2019estigma i les etiquetes negatives de qu\u00e8 som segregades\u201d.<\/p>\n\n\n\n<h3 class=\"wp-block-heading\">Una escola transformadora que creu en l\u2019educaci\u00f3 inclusiva<\/h3>\n\n\n\n<p>Can Vila \u00e9s un centre formador, ensenyen tot el que fan, per qu\u00e8 i com. Hi va molta gent a fer pr\u00e0ctiques de diverses professions, mestres per\u00f2 tamb\u00e9 logopedes, fisioterapeutes, cicles formatius d\u2019atenci\u00f3 a les persones amb depend\u00e8ncia, integraci\u00f3 social, etc.<\/p>\n\n\n\n<p>Tamb\u00e9 formen part del programa CEEPSIR (Centre d&#8217;educaci\u00f3 especial prove\u00efdors de serveis i recursos). Actualment, les escoles s\u2019estan trobant cada cop amb m\u00e9s dificultats per aconseguir una escola inclusiva. Cada cop hi ha m\u00e9s detecci\u00f3 d\u2019alumnes amb NEE i amb diversitat. Formar part d\u2019aquest programa els permet entrar a totes aquelles escoles que els ho demanen, m\u00e9s enll\u00e0 de les escoles ordin\u00e0ries a on van els seus alumnes amb escolaritat compartida.<\/p>\n\n\n\n<p>Quan l\u2019escola ordin\u00e0ria detecta una necessitat, \u00e9s l\u2019EAP l\u2019encarregat de sol\u00b7licitar la seva participaci\u00f3. Aix\u00ed els professionals de Can Vila fan la funci\u00f3 d\u2019observadors i acompanyament a les escoles que ho necessiten. \u201cEntrem a l\u2019aula, observem la din\u00e0mica i donem recursos. Hi ha realment situacions molt complexes que no s\u00f3n f\u00e0cils. Nosaltres els ajudem a fer petits canvis, o habilitaci\u00f3 de l\u2019entorn (cal sortir de la rigidesa, cal adaptar), que es vegin en cor de fer, perqu\u00e8 realment els alumnes amb NEE puguin tenir una escolaritzaci\u00f3 com cal. \u00c9s un suport intensiu perqu\u00e8 ens hi estem tot l\u2019any, hi anem un cop per setmana\u201d, explica Garcia. I afegeix: \u201cper les escoles ordin\u00e0ries tenir el suport CEEPSIR \u00e9s un alleugeriment\u201d.<\/p>\n\n\n\n<p>Cal que l\u2019escola ordin\u00e0ria faci un canvi de mirada. Fer petits canvis que s\u2019acostin a les necessitats de tot l\u2019alumnat i que es tingui en compte el seu benestar, per\u00f2 tamb\u00e9 el del professorat.<\/p>\n\n\n\n<p>\u201cNosaltres sempre diem: Inclusi\u00f3 s\u00ed, per\u00f2 no acosta del nen. Si el nen gaudeix i apr\u00e8n a l&#8217;ordin\u00e0ria s\u00ed. Per\u00f2 si el seu malestar no li ho permet, no cal fer-lo patir, estar\u00e0 millor a l\u2019escola d\u2019educaci\u00f3 especial\u201d, subratlla la directora de Can Vila.<\/p>\n","protected":false},"excerpt":{"rendered":"<p>En un bonic entorn natural, als afores de Mollet del Vall\u00e8s, hi trobem l\u2019escola municipal d\u2019educaci\u00f3 especial Can Vila. Formen part d\u2019un institut municipal que tamb\u00e9 inclou CEDIAP, escola, taller i centre ocupacional. Aquest curs a Can Vila hi estudien 137 alumnes d\u2019edats compreses entre els 3 i els 20 anys. Amb un total de<\/p>\n","protected":false},"author":63,"featured_media":3291,"comment_status":"open","ping_status":"open","sticky":false,"template":"","format":"standard","meta":{"footnotes":""},"categories":[142],"tags":[203,182,138,126,96,97,127,121,318,317],"tipo":[221],"class_list":{"0":"post-3286","1":"post","2":"type-post","3":"status-publish","4":"format-standard","5":"has-post-thumbnail","7":"category-con","8":"tag-art-i-cultura","9":"tag-art-i-educacio","10":"tag-art-i-escola","11":"tag-beneficis-de-la-cultura-i-educacio-artistica","12":"tag-cultura-bcn","13":"tag-cultura-escola","14":"tag-cultura-i-educacio","15":"tag-cultura-i-escola","16":"tag-escola-educacio-especial","17":"tag-teatre-escolar","18":"tipo-reportatge"},"yoast_head":"<!-- This site is optimized with the Yoast SEO plugin v27.5 - https:\/\/yoast.com\/product\/yoast-seo-wordpress\/ -->\n<title>Donar visibilitat social a trav\u00e9s del teatre - Arts &amp; Educaci\u00f3<\/title>\n<meta name=\"robots\" content=\"index, follow, max-snippet:-1, max-image-preview:large, max-video-preview:-1\" \/>\n<link rel=\"canonical\" href=\"https:\/\/diarieducacio.cat\/artseducacio\/2025\/10\/24\/donar-visibilitat-social-a-traves-del-teatre\/\" \/>\n<meta property=\"og:locale\" content=\"ca_ES\" \/>\n<meta property=\"og:type\" content=\"article\" \/>\n<meta property=\"og:title\" content=\"Donar visibilitat social a trav\u00e9s del teatre - Arts &amp; Educaci\u00f3\" \/>\n<meta property=\"og:description\" content=\"En un bonic entorn natural, als afores de Mollet del Vall\u00e8s, hi trobem l\u2019escola municipal d\u2019educaci\u00f3 especial Can Vila. Formen part d\u2019un institut municipal que tamb\u00e9 inclou CEDIAP, escola, taller i centre ocupacional. Aquest curs a Can Vila hi estudien 137 alumnes d\u2019edats compreses entre els 3 i els 20 anys. Amb un total de\" \/>\n<meta property=\"og:url\" content=\"https:\/\/diarieducacio.cat\/artseducacio\/2025\/10\/24\/donar-visibilitat-social-a-traves-del-teatre\/\" \/>\n<meta property=\"og:site_name\" content=\"Arts &amp; Educaci\u00f3\" \/>\n<meta property=\"article:publisher\" content=\"https:\/\/www.facebook.com\/diarieducacio\/\" \/>\n<meta property=\"article:published_time\" content=\"2025-10-24T07:27:07+00:00\" \/>\n<meta property=\"article:modified_time\" content=\"2025-10-24T08:56:32+00:00\" \/>\n<meta property=\"og:image\" content=\"https:\/\/diarieducacio.cat\/artseducacio\/wp-content\/uploads\/sites\/20\/2025\/10\/DSC06174.jpg\" \/>\n\t<meta property=\"og:image:width\" content=\"1200\" \/>\n\t<meta property=\"og:image:height\" content=\"800\" \/>\n\t<meta property=\"og:image:type\" content=\"image\/jpeg\" \/>\n<meta name=\"author\" content=\"Mar Dom\u00e8nech\" \/>\n<meta name=\"twitter:card\" content=\"summary_large_image\" \/>\n<meta name=\"twitter:creator\" content=\"@DiariEducacio\" \/>\n<meta name=\"twitter:site\" content=\"@DiariEducacio\" \/>\n<meta name=\"twitter:label1\" content=\"Escrit per\" \/>\n\t<meta name=\"twitter:data1\" content=\"Mar Dom\u00e8nech\" \/>\n\t<meta name=\"twitter:label2\" content=\"Temps estimat de lectura\" \/>\n\t<meta name=\"twitter:data2\" content=\"9 minuts\" \/>\n<script type=\"application\/ld+json\" class=\"yoast-schema-graph\">{\"@context\":\"https:\\\/\\\/schema.org\",\"@graph\":[{\"@type\":\"Article\",\"@id\":\"https:\\\/\\\/diarieducacio.cat\\\/artseducacio\\\/2025\\\/10\\\/24\\\/donar-visibilitat-social-a-traves-del-teatre\\\/#article\",\"isPartOf\":{\"@id\":\"https:\\\/\\\/diarieducacio.cat\\\/artseducacio\\\/2025\\\/10\\\/24\\\/donar-visibilitat-social-a-traves-del-teatre\\\/\"},\"author\":{\"name\":\"Mar Dom\u00e8nech\",\"@id\":\"https:\\\/\\\/diarieducacio.cat\\\/artseducacio\\\/#\\\/schema\\\/person\\\/eb83688c9eebc3ca52379b6608685c89\"},\"headline\":\"Donar visibilitat social a trav\u00e9s del teatre\",\"datePublished\":\"2025-10-24T07:27:07+00:00\",\"dateModified\":\"2025-10-24T08:56:32+00:00\",\"mainEntityOfPage\":{\"@id\":\"https:\\\/\\\/diarieducacio.cat\\\/artseducacio\\\/2025\\\/10\\\/24\\\/donar-visibilitat-social-a-traves-del-teatre\\\/\"},\"wordCount\":1529,\"commentCount\":0,\"image\":{\"@id\":\"https:\\\/\\\/diarieducacio.cat\\\/artseducacio\\\/2025\\\/10\\\/24\\\/donar-visibilitat-social-a-traves-del-teatre\\\/#primaryimage\"},\"thumbnailUrl\":\"https:\\\/\\\/diarieducacio.cat\\\/artseducacio\\\/wp-content\\\/uploads\\\/sites\\\/20\\\/2025\\\/10\\\/DSC06174.jpg\",\"keywords\":[\"art i cultura\",\"art i educaci\u00f3\",\"art i escola\",\"beneficis de la cultura i educaci\u00f3 art\u00edstica\",\"CULTURA BCN\",\"CULTURA ESCOLA\",\"cultura i educaci\u00f3\",\"cultura i escola\",\"escola educaci\u00f3 especial\",\"teatre escolar\"],\"articleSection\":[\"Bones pr\u00e0ctiques\"],\"inLanguage\":\"ca\",\"potentialAction\":[{\"@type\":\"CommentAction\",\"name\":\"Comment\",\"target\":[\"https:\\\/\\\/diarieducacio.cat\\\/artseducacio\\\/2025\\\/10\\\/24\\\/donar-visibilitat-social-a-traves-del-teatre\\\/#respond\"]}]},{\"@type\":\"WebPage\",\"@id\":\"https:\\\/\\\/diarieducacio.cat\\\/artseducacio\\\/2025\\\/10\\\/24\\\/donar-visibilitat-social-a-traves-del-teatre\\\/\",\"url\":\"https:\\\/\\\/diarieducacio.cat\\\/artseducacio\\\/2025\\\/10\\\/24\\\/donar-visibilitat-social-a-traves-del-teatre\\\/\",\"name\":\"Donar visibilitat social a trav\u00e9s del teatre - Arts & Educaci\u00f3\",\"isPartOf\":{\"@id\":\"https:\\\/\\\/diarieducacio.cat\\\/artseducacio\\\/#website\"},\"primaryImageOfPage\":{\"@id\":\"https:\\\/\\\/diarieducacio.cat\\\/artseducacio\\\/2025\\\/10\\\/24\\\/donar-visibilitat-social-a-traves-del-teatre\\\/#primaryimage\"},\"image\":{\"@id\":\"https:\\\/\\\/diarieducacio.cat\\\/artseducacio\\\/2025\\\/10\\\/24\\\/donar-visibilitat-social-a-traves-del-teatre\\\/#primaryimage\"},\"thumbnailUrl\":\"https:\\\/\\\/diarieducacio.cat\\\/artseducacio\\\/wp-content\\\/uploads\\\/sites\\\/20\\\/2025\\\/10\\\/DSC06174.jpg\",\"datePublished\":\"2025-10-24T07:27:07+00:00\",\"dateModified\":\"2025-10-24T08:56:32+00:00\",\"author\":{\"@id\":\"https:\\\/\\\/diarieducacio.cat\\\/artseducacio\\\/#\\\/schema\\\/person\\\/eb83688c9eebc3ca52379b6608685c89\"},\"breadcrumb\":{\"@id\":\"https:\\\/\\\/diarieducacio.cat\\\/artseducacio\\\/2025\\\/10\\\/24\\\/donar-visibilitat-social-a-traves-del-teatre\\\/#breadcrumb\"},\"inLanguage\":\"ca\",\"potentialAction\":[{\"@type\":\"ReadAction\",\"target\":[\"https:\\\/\\\/diarieducacio.cat\\\/artseducacio\\\/2025\\\/10\\\/24\\\/donar-visibilitat-social-a-traves-del-teatre\\\/\"]}]},{\"@type\":\"ImageObject\",\"inLanguage\":\"ca\",\"@id\":\"https:\\\/\\\/diarieducacio.cat\\\/artseducacio\\\/2025\\\/10\\\/24\\\/donar-visibilitat-social-a-traves-del-teatre\\\/#primaryimage\",\"url\":\"https:\\\/\\\/diarieducacio.cat\\\/artseducacio\\\/wp-content\\\/uploads\\\/sites\\\/20\\\/2025\\\/10\\\/DSC06174.jpg\",\"contentUrl\":\"https:\\\/\\\/diarieducacio.cat\\\/artseducacio\\\/wp-content\\\/uploads\\\/sites\\\/20\\\/2025\\\/10\\\/DSC06174.jpg\",\"width\":1200,\"height\":800,\"caption\":\"Escena de l'espectacle d'una edici\u00f3 anterior del Teatre a l'escola \\\/ Can Vila\"},{\"@type\":\"BreadcrumbList\",\"@id\":\"https:\\\/\\\/diarieducacio.cat\\\/artseducacio\\\/2025\\\/10\\\/24\\\/donar-visibilitat-social-a-traves-del-teatre\\\/#breadcrumb\",\"itemListElement\":[{\"@type\":\"ListItem\",\"position\":1,\"name\":\"Inici\",\"item\":\"https:\\\/\\\/diarieducacio.cat\\\/artseducacio\\\/\"},{\"@type\":\"ListItem\",\"position\":2,\"name\":\"Donar visibilitat social a trav\u00e9s del teatre\"}]},{\"@type\":\"WebSite\",\"@id\":\"https:\\\/\\\/diarieducacio.cat\\\/artseducacio\\\/#website\",\"url\":\"https:\\\/\\\/diarieducacio.cat\\\/artseducacio\\\/\",\"name\":\"Arts & Educaci\u00f3\",\"description\":\"Un blog de El Diari de l&#039;Educaci\u00f3\",\"potentialAction\":[{\"@type\":\"SearchAction\",\"target\":{\"@type\":\"EntryPoint\",\"urlTemplate\":\"https:\\\/\\\/diarieducacio.cat\\\/artseducacio\\\/?s={search_term_string}\"},\"query-input\":{\"@type\":\"PropertyValueSpecification\",\"valueRequired\":true,\"valueName\":\"search_term_string\"}}],\"inLanguage\":\"ca\"},{\"@type\":\"Person\",\"@id\":\"https:\\\/\\\/diarieducacio.cat\\\/artseducacio\\\/#\\\/schema\\\/person\\\/eb83688c9eebc3ca52379b6608685c89\",\"name\":\"Mar Dom\u00e8nech\",\"image\":{\"@type\":\"ImageObject\",\"inLanguage\":\"ca\",\"@id\":\"https:\\\/\\\/diarieducacio.cat\\\/wp-content\\\/uploads\\\/2024\\\/11\\\/mar-domenech_avatar-96x96.jpg\",\"url\":\"https:\\\/\\\/diarieducacio.cat\\\/wp-content\\\/uploads\\\/2024\\\/11\\\/mar-domenech_avatar-96x96.jpg\",\"contentUrl\":\"https:\\\/\\\/diarieducacio.cat\\\/wp-content\\\/uploads\\\/2024\\\/11\\\/mar-domenech_avatar-96x96.jpg\",\"caption\":\"Mar Dom\u00e8nech\"},\"description\":\"Coordinadora del blog Arts i Educaci\u00f3. Periodista infantil i familiar. Especialitzada en temes d'educaci\u00f3, cultura en fam\u00edlia, literatura infantil i disseny per a petits.\",\"url\":\"https:\\\/\\\/diarieducacio.cat\\\/artseducacio\\\/author\\\/mardomenech\\\/\"}]}<\/script>\n<!-- \/ Yoast SEO plugin. -->","yoast_head_json":{"title":"Donar visibilitat social a trav\u00e9s del teatre - Arts & Educaci\u00f3","robots":{"index":"index","follow":"follow","max-snippet":"max-snippet:-1","max-image-preview":"max-image-preview:large","max-video-preview":"max-video-preview:-1"},"canonical":"https:\/\/diarieducacio.cat\/artseducacio\/2025\/10\/24\/donar-visibilitat-social-a-traves-del-teatre\/","og_locale":"ca_ES","og_type":"article","og_title":"Donar visibilitat social a trav\u00e9s del teatre - Arts & Educaci\u00f3","og_description":"En un bonic entorn natural, als afores de Mollet del Vall\u00e8s, hi trobem l\u2019escola municipal d\u2019educaci\u00f3 especial Can Vila. Formen part d\u2019un institut municipal que tamb\u00e9 inclou CEDIAP, escola, taller i centre ocupacional. Aquest curs a Can Vila hi estudien 137 alumnes d\u2019edats compreses entre els 3 i els 20 anys. Amb un total de","og_url":"https:\/\/diarieducacio.cat\/artseducacio\/2025\/10\/24\/donar-visibilitat-social-a-traves-del-teatre\/","og_site_name":"Arts & Educaci\u00f3","article_publisher":"https:\/\/www.facebook.com\/diarieducacio\/","article_published_time":"2025-10-24T07:27:07+00:00","article_modified_time":"2025-10-24T08:56:32+00:00","og_image":[{"width":1200,"height":800,"url":"https:\/\/diarieducacio.cat\/artseducacio\/wp-content\/uploads\/sites\/20\/2025\/10\/DSC06174.jpg","type":"image\/jpeg"}],"author":"Mar Dom\u00e8nech","twitter_card":"summary_large_image","twitter_creator":"@DiariEducacio","twitter_site":"@DiariEducacio","twitter_misc":{"Escrit per":"Mar Dom\u00e8nech","Temps estimat de lectura":"9 minuts"},"schema":{"@context":"https:\/\/schema.org","@graph":[{"@type":"Article","@id":"https:\/\/diarieducacio.cat\/artseducacio\/2025\/10\/24\/donar-visibilitat-social-a-traves-del-teatre\/#article","isPartOf":{"@id":"https:\/\/diarieducacio.cat\/artseducacio\/2025\/10\/24\/donar-visibilitat-social-a-traves-del-teatre\/"},"author":{"name":"Mar Dom\u00e8nech","@id":"https:\/\/diarieducacio.cat\/artseducacio\/#\/schema\/person\/eb83688c9eebc3ca52379b6608685c89"},"headline":"Donar visibilitat social a trav\u00e9s del teatre","datePublished":"2025-10-24T07:27:07+00:00","dateModified":"2025-10-24T08:56:32+00:00","mainEntityOfPage":{"@id":"https:\/\/diarieducacio.cat\/artseducacio\/2025\/10\/24\/donar-visibilitat-social-a-traves-del-teatre\/"},"wordCount":1529,"commentCount":0,"image":{"@id":"https:\/\/diarieducacio.cat\/artseducacio\/2025\/10\/24\/donar-visibilitat-social-a-traves-del-teatre\/#primaryimage"},"thumbnailUrl":"https:\/\/diarieducacio.cat\/artseducacio\/wp-content\/uploads\/sites\/20\/2025\/10\/DSC06174.jpg","keywords":["art i cultura","art i educaci\u00f3","art i escola","beneficis de la cultura i educaci\u00f3 art\u00edstica","CULTURA BCN","CULTURA ESCOLA","cultura i educaci\u00f3","cultura i escola","escola educaci\u00f3 especial","teatre escolar"],"articleSection":["Bones pr\u00e0ctiques"],"inLanguage":"ca","potentialAction":[{"@type":"CommentAction","name":"Comment","target":["https:\/\/diarieducacio.cat\/artseducacio\/2025\/10\/24\/donar-visibilitat-social-a-traves-del-teatre\/#respond"]}]},{"@type":"WebPage","@id":"https:\/\/diarieducacio.cat\/artseducacio\/2025\/10\/24\/donar-visibilitat-social-a-traves-del-teatre\/","url":"https:\/\/diarieducacio.cat\/artseducacio\/2025\/10\/24\/donar-visibilitat-social-a-traves-del-teatre\/","name":"Donar visibilitat social a trav\u00e9s del teatre - Arts & Educaci\u00f3","isPartOf":{"@id":"https:\/\/diarieducacio.cat\/artseducacio\/#website"},"primaryImageOfPage":{"@id":"https:\/\/diarieducacio.cat\/artseducacio\/2025\/10\/24\/donar-visibilitat-social-a-traves-del-teatre\/#primaryimage"},"image":{"@id":"https:\/\/diarieducacio.cat\/artseducacio\/2025\/10\/24\/donar-visibilitat-social-a-traves-del-teatre\/#primaryimage"},"thumbnailUrl":"https:\/\/diarieducacio.cat\/artseducacio\/wp-content\/uploads\/sites\/20\/2025\/10\/DSC06174.jpg","datePublished":"2025-10-24T07:27:07+00:00","dateModified":"2025-10-24T08:56:32+00:00","author":{"@id":"https:\/\/diarieducacio.cat\/artseducacio\/#\/schema\/person\/eb83688c9eebc3ca52379b6608685c89"},"breadcrumb":{"@id":"https:\/\/diarieducacio.cat\/artseducacio\/2025\/10\/24\/donar-visibilitat-social-a-traves-del-teatre\/#breadcrumb"},"inLanguage":"ca","potentialAction":[{"@type":"ReadAction","target":["https:\/\/diarieducacio.cat\/artseducacio\/2025\/10\/24\/donar-visibilitat-social-a-traves-del-teatre\/"]}]},{"@type":"ImageObject","inLanguage":"ca","@id":"https:\/\/diarieducacio.cat\/artseducacio\/2025\/10\/24\/donar-visibilitat-social-a-traves-del-teatre\/#primaryimage","url":"https:\/\/diarieducacio.cat\/artseducacio\/wp-content\/uploads\/sites\/20\/2025\/10\/DSC06174.jpg","contentUrl":"https:\/\/diarieducacio.cat\/artseducacio\/wp-content\/uploads\/sites\/20\/2025\/10\/DSC06174.jpg","width":1200,"height":800,"caption":"Escena de l'espectacle d'una edici\u00f3 anterior del Teatre a l'escola \/ Can Vila"},{"@type":"BreadcrumbList","@id":"https:\/\/diarieducacio.cat\/artseducacio\/2025\/10\/24\/donar-visibilitat-social-a-traves-del-teatre\/#breadcrumb","itemListElement":[{"@type":"ListItem","position":1,"name":"Inici","item":"https:\/\/diarieducacio.cat\/artseducacio\/"},{"@type":"ListItem","position":2,"name":"Donar visibilitat social a trav\u00e9s del teatre"}]},{"@type":"WebSite","@id":"https:\/\/diarieducacio.cat\/artseducacio\/#website","url":"https:\/\/diarieducacio.cat\/artseducacio\/","name":"Arts & Educaci\u00f3","description":"Un blog de El Diari de l&#039;Educaci\u00f3","potentialAction":[{"@type":"SearchAction","target":{"@type":"EntryPoint","urlTemplate":"https:\/\/diarieducacio.cat\/artseducacio\/?s={search_term_string}"},"query-input":{"@type":"PropertyValueSpecification","valueRequired":true,"valueName":"search_term_string"}}],"inLanguage":"ca"},{"@type":"Person","@id":"https:\/\/diarieducacio.cat\/artseducacio\/#\/schema\/person\/eb83688c9eebc3ca52379b6608685c89","name":"Mar Dom\u00e8nech","image":{"@type":"ImageObject","inLanguage":"ca","@id":"https:\/\/diarieducacio.cat\/wp-content\/uploads\/2024\/11\/mar-domenech_avatar-96x96.jpg","url":"https:\/\/diarieducacio.cat\/wp-content\/uploads\/2024\/11\/mar-domenech_avatar-96x96.jpg","contentUrl":"https:\/\/diarieducacio.cat\/wp-content\/uploads\/2024\/11\/mar-domenech_avatar-96x96.jpg","caption":"Mar Dom\u00e8nech"},"description":"Coordinadora del blog Arts i Educaci\u00f3. Periodista infantil i familiar. Especialitzada en temes d'educaci\u00f3, cultura en fam\u00edlia, literatura infantil i disseny per a petits.","url":"https:\/\/diarieducacio.cat\/artseducacio\/author\/mardomenech\/"}]}},"_links":{"self":[{"href":"https:\/\/diarieducacio.cat\/artseducacio\/wp-json\/wp\/v2\/posts\/3286","targetHints":{"allow":["GET"]}}],"collection":[{"href":"https:\/\/diarieducacio.cat\/artseducacio\/wp-json\/wp\/v2\/posts"}],"about":[{"href":"https:\/\/diarieducacio.cat\/artseducacio\/wp-json\/wp\/v2\/types\/post"}],"author":[{"embeddable":true,"href":"https:\/\/diarieducacio.cat\/artseducacio\/wp-json\/wp\/v2\/users\/63"}],"replies":[{"embeddable":true,"href":"https:\/\/diarieducacio.cat\/artseducacio\/wp-json\/wp\/v2\/comments?post=3286"}],"version-history":[{"count":3,"href":"https:\/\/diarieducacio.cat\/artseducacio\/wp-json\/wp\/v2\/posts\/3286\/revisions"}],"predecessor-version":[{"id":3295,"href":"https:\/\/diarieducacio.cat\/artseducacio\/wp-json\/wp\/v2\/posts\/3286\/revisions\/3295"}],"wp:featuredmedia":[{"embeddable":true,"href":"https:\/\/diarieducacio.cat\/artseducacio\/wp-json\/wp\/v2\/media\/3291"}],"wp:attachment":[{"href":"https:\/\/diarieducacio.cat\/artseducacio\/wp-json\/wp\/v2\/media?parent=3286"}],"wp:term":[{"taxonomy":"category","embeddable":true,"href":"https:\/\/diarieducacio.cat\/artseducacio\/wp-json\/wp\/v2\/categories?post=3286"},{"taxonomy":"post_tag","embeddable":true,"href":"https:\/\/diarieducacio.cat\/artseducacio\/wp-json\/wp\/v2\/tags?post=3286"},{"taxonomy":"tipo","embeddable":true,"href":"https:\/\/diarieducacio.cat\/artseducacio\/wp-json\/wp\/v2\/tipo?post=3286"}],"curies":[{"name":"wp","href":"https:\/\/api.w.org\/{rel}","templated":true}]}}