{"id":3296,"date":"2025-10-31T02:42:00","date_gmt":"2025-10-31T01:42:00","guid":{"rendered":"https:\/\/diarieducacio.cat\/artseducacio\/?p=3296"},"modified":"2025-10-30T12:43:07","modified_gmt":"2025-10-30T11:43:07","slug":"fiti-un-festival-de-teatre-compromes-amb-la-diversitat","status":"publish","type":"post","link":"https:\/\/diarieducacio.cat\/artseducacio\/2025\/10\/31\/fiti-un-festival-de-teatre-compromes-amb-la-diversitat\/","title":{"rendered":"FITI, un festival de teatre comprom\u00e8s amb la diversitat"},"content":{"rendered":"\n<p>Aquesta edici\u00f3 el festival reafirma el comprom\u00eds amb la inclusi\u00f3 i la innovaci\u00f3, oferint una plataforma per a noves veus i mirades dins de les arts esc\u00e8niques. <\/p>\n\n\n\n<p>Entre els objectius principals del FITI des dels seus inicis i durant els seus 25 anys d\u2019hist\u00f2ria hi ha els d\u2019enfortir la participaci\u00f3 activa de tots els sectors de la societat, amb especial atenci\u00f3 a les persones amb diversitat funcional; democratitzar la cultura, posar-la a l\u2019abast de tothom i generar nous espectadors.<\/p>\n\n\n\n<h3 class=\"wp-block-heading\">Teatre per a la transformaci\u00f3 i la sensibilitzaci\u00f3<\/h3>\n\n\n\n<p>Amb m\u00e9s de dues d\u00e8cades d&#8217;hist\u00f2ria, del&nbsp;FITI&nbsp;ha demostrat que el teatre pot ser un vehicle poder\u00f3s per a la transformaci\u00f3 i la sensibilitzaci\u00f3. No sols ofereix espectacles, sin\u00f3 que crea un espai de trobada i di\u00e0leg que convida a repensar els l\u00edmits de l&#8217;escena i a construir una societat m\u00e9s equitativa i accessible per a tothom.<\/p>\n\n\n\n<p>Des de la seva creaci\u00f3, el festival ha donat veu a companyies formades per actors i actrius amb discapacitat i sense, oferint un espai on es trenquen barreres socials i es reivindica la igualtat d&#8217;oportunitats en l&#8217;\u00e0mbit teatral. Amb cada edici\u00f3,&nbsp;FITI&nbsp;es consolida com una plataforma de refer\u00e8ncia per al teatre inclusiu, valorant el talent i la creativitat de tots els seus participants.<\/p>\n\n\n\n<p>La seva programaci\u00f3 inclou una \u00e0mplia varietat de disciplines esc\u00e8niques, des de teatre de text fins a dansa,\u00a0performance\u00a0i teatre f\u00edsic, garantint una experi\u00e8ncia cultural rica i accessible. A m\u00e9s,\u00a0promou la formaci\u00f3 i la reflexi\u00f3 a trav\u00e9s de tallers, col\u00b7loquis i activitats paral\u00b7leles que fomenten el di\u00e0leg sobre la inclusi\u00f3 a les arts esc\u00e8niques.<\/p>\n\n\n\n<p>Un dels aspectes m\u00e9s destacats del&nbsp;FITI&nbsp;\u00e9s la seva capacitat per a generar impacte m\u00e9s enll\u00e0 dels escenaris. Gr\u00e0cies a la col\u00b7laboraci\u00f3 d&#8217;entitats, associacions i institucions culturals, el festival treballa per a ampliar la pres\u00e8ncia del teatre inclusiu en la societat i assegurar que la cultura sigui un dret per a tothom. Aquesta xarxa de col\u00b7laboraci\u00f3 permet que el festival no sols sigui una celebraci\u00f3 art\u00edstica, sin\u00f3 tamb\u00e9 una eina de transformaci\u00f3 social.<\/p>\n\n\n\n<h3 class=\"wp-block-heading\">Una setmana plena de teatre<\/h3>\n\n\n\n<p>Des del dijous 6 fins al diumenge 9 de novembre, teatre i dansa creades i protagonitzades per persones amb diversitat funcional encap\u00e7alaran l\u2019oferta cultural de Santa Coloma de Gramenet, que es complementar\u00e0 amb m\u00fasica i pintura, en el marc de la 13a edici\u00f3 del Festival Internacional de Teatre Integratiu (FITI), amb lema \u2018L\u2019alqu\u00edmia de les arts\u2019.<\/p>\n\n\n\n<p>L\u2019acte inaugural del 30 d\u2019octubre, amb jocs i activitats per a tothom a la pla\u00e7a de la Vila a partir de les 17h, vol ser un punt d\u2019atracci\u00f3 i de crida a la ciutadania per fer-se part\u00edcip d\u2019aquest esdeveniment emblem\u00e0tic de la seva ciutat. A les 19h tancar\u00e0 la tarda l\u2019espectacle <em>Cicatrius<\/em> de la ballarina barcelonina Vero Cendoya, pionera en la dansa inclusiva i que estrenar\u00e0 al Teatre Nacional a principis del 2026.<br><br>El FITI com a tal comen\u00e7ar\u00e0 el 6 de novembre amb la tradicional funci\u00f3 escolar seguida d\u2019un col\u00b7loqui, en la seva voluntat de conscienciar sobre la diversitat a tota la societat, especialment la gent jove. La companyia de La Garriga Els Dofins presentar\u00e0 l\u2019obra <em>El M\u00f2bil<\/em>.<\/p>\n\n\n\n<p>Dues companyies de gran qualitat i nivell, conegudes pel Festival, tornen en aquesta edici\u00f3 amb nous espectacles. Brots, de Barcelona, presenta l\u2019obra de teatre <em>Eucaristia<\/em> a La Ciba el 6 de novembre; i Fritsch Company, de Madrid, la pe\u00e7a de dansa <em>On Time<\/em> al Teatre Sagarra el 7 de novembre. I \u00e9s que el FITI t\u00e9 com a comprom\u00eds tamb\u00e9 contribuir a consolidar companyies que troben grand\u00edssimes dificultats per fer-se un lloc en el panorama cultural.<br><br>El darrer dia del Festival, el 9 de novembre, es podr\u00e0 veure al Teatre Sagarra <em>Lo Specchio della Regina<\/em> de la companyia italiana de dansa-teatre La Ribalta, de Bolzano, de gran recorregut i seguiment de p\u00fablic a tot It\u00e0lia, amb noves obres en cont\u00ednua creaci\u00f3 simult\u00e0nia a les seves gires.<br><br>Com sempre, el festival ofereix activitats i espectacles que complementen la programaci\u00f3: Una exposici\u00f3 de pintura de dones artistes amb diversitat funcional que es podr\u00e0 veure a La Ciba fins al 15 de novembre i s\u2019inaugurar\u00e0 el dia 3 amb un concert del grup 4&#215;4; l\u2019actuaci\u00f3 del grup musical Bogasons, que oferir\u00e0 <em>L\u2019orquestra de paper<\/em> el dia 6 de novembre a La Ciba a les 18h; <em>C\u00e0psules<\/em>, un tast de dansa previ a l\u2019estrena d\u2019Alquimistes Teatre el dia 8 de novembre, per part de la companyia <em>La Mujer del Carnicero<\/em>; un taller de dansa inclusiva a La Central Esc\u00e8nica el 7 de novembre al mat\u00ed a c\u00e0rrec de la companyia AME; la instal\u00b7laci\u00f3 <em>Somnis i Reptes<\/em>, que es podr\u00e0 veure al Hall i Bar del Teatre Sagarra durant els dies del festival, far\u00e0 un recorregut dels 25 anys d\u2019hist\u00f2ria d\u2019aquesta aventura cultural.<\/p>\n\n\n\n<p><\/p>\n","protected":false},"excerpt":{"rendered":"<p>Aquesta edici\u00f3 el festival reafirma el comprom\u00eds amb la inclusi\u00f3 i la innovaci\u00f3, oferint una plataforma per a noves veus i mirades dins de les arts esc\u00e8niques. Entre els objectius principals del FITI des dels seus inicis i durant els seus 25 anys d\u2019hist\u00f2ria hi ha els d\u2019enfortir la participaci\u00f3 activa de tots els sectors<\/p>\n","protected":false},"author":63,"featured_media":3297,"comment_status":"open","ping_status":"open","sticky":false,"template":"","format":"standard","meta":{"footnotes":""},"categories":[142],"tags":[203,182,138,126,96,97,127,121,319],"tipo":[222],"class_list":{"0":"post-3296","1":"post","2":"type-post","3":"status-publish","4":"format-standard","5":"has-post-thumbnail","7":"category-con","8":"tag-art-i-cultura","9":"tag-art-i-educacio","10":"tag-art-i-escola","11":"tag-beneficis-de-la-cultura-i-educacio-artistica","12":"tag-cultura-bcn","13":"tag-cultura-escola","14":"tag-cultura-i-educacio","15":"tag-cultura-i-escola","16":"tag-teatre-inclusiu","17":"tipo-actualitat"},"yoast_head":"<!-- This site is optimized with the Yoast SEO plugin v27.5 - https:\/\/yoast.com\/product\/yoast-seo-wordpress\/ -->\n<title>FITI, un festival de teatre comprom\u00e8s amb la diversitat - Arts &amp; Educaci\u00f3<\/title>\n<meta name=\"robots\" content=\"index, follow, max-snippet:-1, max-image-preview:large, max-video-preview:-1\" \/>\n<link rel=\"canonical\" href=\"https:\/\/diarieducacio.cat\/artseducacio\/2025\/10\/31\/fiti-un-festival-de-teatre-compromes-amb-la-diversitat\/\" \/>\n<meta property=\"og:locale\" content=\"ca_ES\" \/>\n<meta property=\"og:type\" content=\"article\" \/>\n<meta property=\"og:title\" content=\"FITI, un festival de teatre comprom\u00e8s amb la diversitat - Arts &amp; Educaci\u00f3\" \/>\n<meta property=\"og:description\" content=\"Aquesta edici\u00f3 el festival reafirma el comprom\u00eds amb la inclusi\u00f3 i la innovaci\u00f3, oferint una plataforma per a noves veus i mirades dins de les arts esc\u00e8niques. Entre els objectius principals del FITI des dels seus inicis i durant els seus 25 anys d\u2019hist\u00f2ria hi ha els d\u2019enfortir la participaci\u00f3 activa de tots els sectors\" \/>\n<meta property=\"og:url\" content=\"https:\/\/diarieducacio.cat\/artseducacio\/2025\/10\/31\/fiti-un-festival-de-teatre-compromes-amb-la-diversitat\/\" \/>\n<meta property=\"og:site_name\" content=\"Arts &amp; Educaci\u00f3\" \/>\n<meta property=\"article:publisher\" content=\"https:\/\/www.facebook.com\/diarieducacio\/\" \/>\n<meta property=\"article:published_time\" content=\"2025-10-31T01:42:00+00:00\" \/>\n<meta property=\"og:image\" content=\"https:\/\/diarieducacio.cat\/artseducacio\/wp-content\/uploads\/sites\/20\/2025\/10\/alquimistes-teatre.png\" \/>\n\t<meta property=\"og:image:width\" content=\"1400\" \/>\n\t<meta property=\"og:image:height\" content=\"815\" \/>\n\t<meta property=\"og:image:type\" content=\"image\/png\" \/>\n<meta name=\"author\" content=\"Mar Dom\u00e8nech\" \/>\n<meta name=\"twitter:card\" content=\"summary_large_image\" \/>\n<meta name=\"twitter:creator\" content=\"@DiariEducacio\" \/>\n<meta name=\"twitter:site\" content=\"@DiariEducacio\" \/>\n<meta name=\"twitter:label1\" content=\"Escrit per\" \/>\n\t<meta name=\"twitter:data1\" content=\"Mar Dom\u00e8nech\" \/>\n\t<meta name=\"twitter:label2\" content=\"Temps estimat de lectura\" \/>\n\t<meta name=\"twitter:data2\" content=\"5 minuts\" \/>\n<script type=\"application\/ld+json\" class=\"yoast-schema-graph\">{\"@context\":\"https:\\\/\\\/schema.org\",\"@graph\":[{\"@type\":\"Article\",\"@id\":\"https:\\\/\\\/diarieducacio.cat\\\/artseducacio\\\/2025\\\/10\\\/31\\\/fiti-un-festival-de-teatre-compromes-amb-la-diversitat\\\/#article\",\"isPartOf\":{\"@id\":\"https:\\\/\\\/diarieducacio.cat\\\/artseducacio\\\/2025\\\/10\\\/31\\\/fiti-un-festival-de-teatre-compromes-amb-la-diversitat\\\/\"},\"author\":{\"name\":\"Mar Dom\u00e8nech\",\"@id\":\"https:\\\/\\\/diarieducacio.cat\\\/artseducacio\\\/#\\\/schema\\\/person\\\/eb83688c9eebc3ca52379b6608685c89\"},\"headline\":\"FITI, un festival de teatre comprom\u00e8s amb la diversitat\",\"datePublished\":\"2025-10-31T01:42:00+00:00\",\"mainEntityOfPage\":{\"@id\":\"https:\\\/\\\/diarieducacio.cat\\\/artseducacio\\\/2025\\\/10\\\/31\\\/fiti-un-festival-de-teatre-compromes-amb-la-diversitat\\\/\"},\"wordCount\":861,\"commentCount\":0,\"image\":{\"@id\":\"https:\\\/\\\/diarieducacio.cat\\\/artseducacio\\\/2025\\\/10\\\/31\\\/fiti-un-festival-de-teatre-compromes-amb-la-diversitat\\\/#primaryimage\"},\"thumbnailUrl\":\"https:\\\/\\\/diarieducacio.cat\\\/artseducacio\\\/wp-content\\\/uploads\\\/sites\\\/20\\\/2025\\\/10\\\/alquimistes-teatre.png\",\"keywords\":[\"art i cultura\",\"art i educaci\u00f3\",\"art i escola\",\"beneficis de la cultura i educaci\u00f3 art\u00edstica\",\"CULTURA BCN\",\"CULTURA ESCOLA\",\"cultura i educaci\u00f3\",\"cultura i escola\",\"teatre inclusiu\"],\"articleSection\":[\"Bones pr\u00e0ctiques\"],\"inLanguage\":\"ca\",\"potentialAction\":[{\"@type\":\"CommentAction\",\"name\":\"Comment\",\"target\":[\"https:\\\/\\\/diarieducacio.cat\\\/artseducacio\\\/2025\\\/10\\\/31\\\/fiti-un-festival-de-teatre-compromes-amb-la-diversitat\\\/#respond\"]}]},{\"@type\":\"WebPage\",\"@id\":\"https:\\\/\\\/diarieducacio.cat\\\/artseducacio\\\/2025\\\/10\\\/31\\\/fiti-un-festival-de-teatre-compromes-amb-la-diversitat\\\/\",\"url\":\"https:\\\/\\\/diarieducacio.cat\\\/artseducacio\\\/2025\\\/10\\\/31\\\/fiti-un-festival-de-teatre-compromes-amb-la-diversitat\\\/\",\"name\":\"FITI, un festival de teatre comprom\u00e8s amb la diversitat - Arts & Educaci\u00f3\",\"isPartOf\":{\"@id\":\"https:\\\/\\\/diarieducacio.cat\\\/artseducacio\\\/#website\"},\"primaryImageOfPage\":{\"@id\":\"https:\\\/\\\/diarieducacio.cat\\\/artseducacio\\\/2025\\\/10\\\/31\\\/fiti-un-festival-de-teatre-compromes-amb-la-diversitat\\\/#primaryimage\"},\"image\":{\"@id\":\"https:\\\/\\\/diarieducacio.cat\\\/artseducacio\\\/2025\\\/10\\\/31\\\/fiti-un-festival-de-teatre-compromes-amb-la-diversitat\\\/#primaryimage\"},\"thumbnailUrl\":\"https:\\\/\\\/diarieducacio.cat\\\/artseducacio\\\/wp-content\\\/uploads\\\/sites\\\/20\\\/2025\\\/10\\\/alquimistes-teatre.png\",\"datePublished\":\"2025-10-31T01:42:00+00:00\",\"author\":{\"@id\":\"https:\\\/\\\/diarieducacio.cat\\\/artseducacio\\\/#\\\/schema\\\/person\\\/eb83688c9eebc3ca52379b6608685c89\"},\"breadcrumb\":{\"@id\":\"https:\\\/\\\/diarieducacio.cat\\\/artseducacio\\\/2025\\\/10\\\/31\\\/fiti-un-festival-de-teatre-compromes-amb-la-diversitat\\\/#breadcrumb\"},\"inLanguage\":\"ca\",\"potentialAction\":[{\"@type\":\"ReadAction\",\"target\":[\"https:\\\/\\\/diarieducacio.cat\\\/artseducacio\\\/2025\\\/10\\\/31\\\/fiti-un-festival-de-teatre-compromes-amb-la-diversitat\\\/\"]}]},{\"@type\":\"ImageObject\",\"inLanguage\":\"ca\",\"@id\":\"https:\\\/\\\/diarieducacio.cat\\\/artseducacio\\\/2025\\\/10\\\/31\\\/fiti-un-festival-de-teatre-compromes-amb-la-diversitat\\\/#primaryimage\",\"url\":\"https:\\\/\\\/diarieducacio.cat\\\/artseducacio\\\/wp-content\\\/uploads\\\/sites\\\/20\\\/2025\\\/10\\\/alquimistes-teatre.png\",\"contentUrl\":\"https:\\\/\\\/diarieducacio.cat\\\/artseducacio\\\/wp-content\\\/uploads\\\/sites\\\/20\\\/2025\\\/10\\\/alquimistes-teatre.png\",\"width\":1400,\"height\":815,\"caption\":\"Moment de l'espectacle El burgu\u00e9s gentil hombre | Alquimistes Teatre\"},{\"@type\":\"BreadcrumbList\",\"@id\":\"https:\\\/\\\/diarieducacio.cat\\\/artseducacio\\\/2025\\\/10\\\/31\\\/fiti-un-festival-de-teatre-compromes-amb-la-diversitat\\\/#breadcrumb\",\"itemListElement\":[{\"@type\":\"ListItem\",\"position\":1,\"name\":\"Inici\",\"item\":\"https:\\\/\\\/diarieducacio.cat\\\/artseducacio\\\/\"},{\"@type\":\"ListItem\",\"position\":2,\"name\":\"FITI, un festival de teatre comprom\u00e8s amb la diversitat\"}]},{\"@type\":\"WebSite\",\"@id\":\"https:\\\/\\\/diarieducacio.cat\\\/artseducacio\\\/#website\",\"url\":\"https:\\\/\\\/diarieducacio.cat\\\/artseducacio\\\/\",\"name\":\"Arts & Educaci\u00f3\",\"description\":\"Un blog de El Diari de l&#039;Educaci\u00f3\",\"potentialAction\":[{\"@type\":\"SearchAction\",\"target\":{\"@type\":\"EntryPoint\",\"urlTemplate\":\"https:\\\/\\\/diarieducacio.cat\\\/artseducacio\\\/?s={search_term_string}\"},\"query-input\":{\"@type\":\"PropertyValueSpecification\",\"valueRequired\":true,\"valueName\":\"search_term_string\"}}],\"inLanguage\":\"ca\"},{\"@type\":\"Person\",\"@id\":\"https:\\\/\\\/diarieducacio.cat\\\/artseducacio\\\/#\\\/schema\\\/person\\\/eb83688c9eebc3ca52379b6608685c89\",\"name\":\"Mar Dom\u00e8nech\",\"image\":{\"@type\":\"ImageObject\",\"inLanguage\":\"ca\",\"@id\":\"https:\\\/\\\/diarieducacio.cat\\\/wp-content\\\/uploads\\\/2024\\\/11\\\/mar-domenech_avatar-96x96.jpg\",\"url\":\"https:\\\/\\\/diarieducacio.cat\\\/wp-content\\\/uploads\\\/2024\\\/11\\\/mar-domenech_avatar-96x96.jpg\",\"contentUrl\":\"https:\\\/\\\/diarieducacio.cat\\\/wp-content\\\/uploads\\\/2024\\\/11\\\/mar-domenech_avatar-96x96.jpg\",\"caption\":\"Mar Dom\u00e8nech\"},\"description\":\"Coordinadora del blog Arts i Educaci\u00f3. Periodista infantil i familiar. Especialitzada en temes d'educaci\u00f3, cultura en fam\u00edlia, literatura infantil i disseny per a petits.\",\"url\":\"https:\\\/\\\/diarieducacio.cat\\\/artseducacio\\\/author\\\/mardomenech\\\/\"}]}<\/script>\n<!-- \/ Yoast SEO plugin. -->","yoast_head_json":{"title":"FITI, un festival de teatre comprom\u00e8s amb la diversitat - Arts & Educaci\u00f3","robots":{"index":"index","follow":"follow","max-snippet":"max-snippet:-1","max-image-preview":"max-image-preview:large","max-video-preview":"max-video-preview:-1"},"canonical":"https:\/\/diarieducacio.cat\/artseducacio\/2025\/10\/31\/fiti-un-festival-de-teatre-compromes-amb-la-diversitat\/","og_locale":"ca_ES","og_type":"article","og_title":"FITI, un festival de teatre comprom\u00e8s amb la diversitat - Arts & Educaci\u00f3","og_description":"Aquesta edici\u00f3 el festival reafirma el comprom\u00eds amb la inclusi\u00f3 i la innovaci\u00f3, oferint una plataforma per a noves veus i mirades dins de les arts esc\u00e8niques. Entre els objectius principals del FITI des dels seus inicis i durant els seus 25 anys d\u2019hist\u00f2ria hi ha els d\u2019enfortir la participaci\u00f3 activa de tots els sectors","og_url":"https:\/\/diarieducacio.cat\/artseducacio\/2025\/10\/31\/fiti-un-festival-de-teatre-compromes-amb-la-diversitat\/","og_site_name":"Arts & Educaci\u00f3","article_publisher":"https:\/\/www.facebook.com\/diarieducacio\/","article_published_time":"2025-10-31T01:42:00+00:00","og_image":[{"width":1400,"height":815,"url":"https:\/\/diarieducacio.cat\/artseducacio\/wp-content\/uploads\/sites\/20\/2025\/10\/alquimistes-teatre.png","type":"image\/png"}],"author":"Mar Dom\u00e8nech","twitter_card":"summary_large_image","twitter_creator":"@DiariEducacio","twitter_site":"@DiariEducacio","twitter_misc":{"Escrit per":"Mar Dom\u00e8nech","Temps estimat de lectura":"5 minuts"},"schema":{"@context":"https:\/\/schema.org","@graph":[{"@type":"Article","@id":"https:\/\/diarieducacio.cat\/artseducacio\/2025\/10\/31\/fiti-un-festival-de-teatre-compromes-amb-la-diversitat\/#article","isPartOf":{"@id":"https:\/\/diarieducacio.cat\/artseducacio\/2025\/10\/31\/fiti-un-festival-de-teatre-compromes-amb-la-diversitat\/"},"author":{"name":"Mar Dom\u00e8nech","@id":"https:\/\/diarieducacio.cat\/artseducacio\/#\/schema\/person\/eb83688c9eebc3ca52379b6608685c89"},"headline":"FITI, un festival de teatre comprom\u00e8s amb la diversitat","datePublished":"2025-10-31T01:42:00+00:00","mainEntityOfPage":{"@id":"https:\/\/diarieducacio.cat\/artseducacio\/2025\/10\/31\/fiti-un-festival-de-teatre-compromes-amb-la-diversitat\/"},"wordCount":861,"commentCount":0,"image":{"@id":"https:\/\/diarieducacio.cat\/artseducacio\/2025\/10\/31\/fiti-un-festival-de-teatre-compromes-amb-la-diversitat\/#primaryimage"},"thumbnailUrl":"https:\/\/diarieducacio.cat\/artseducacio\/wp-content\/uploads\/sites\/20\/2025\/10\/alquimistes-teatre.png","keywords":["art i cultura","art i educaci\u00f3","art i escola","beneficis de la cultura i educaci\u00f3 art\u00edstica","CULTURA BCN","CULTURA ESCOLA","cultura i educaci\u00f3","cultura i escola","teatre inclusiu"],"articleSection":["Bones pr\u00e0ctiques"],"inLanguage":"ca","potentialAction":[{"@type":"CommentAction","name":"Comment","target":["https:\/\/diarieducacio.cat\/artseducacio\/2025\/10\/31\/fiti-un-festival-de-teatre-compromes-amb-la-diversitat\/#respond"]}]},{"@type":"WebPage","@id":"https:\/\/diarieducacio.cat\/artseducacio\/2025\/10\/31\/fiti-un-festival-de-teatre-compromes-amb-la-diversitat\/","url":"https:\/\/diarieducacio.cat\/artseducacio\/2025\/10\/31\/fiti-un-festival-de-teatre-compromes-amb-la-diversitat\/","name":"FITI, un festival de teatre comprom\u00e8s amb la diversitat - Arts & Educaci\u00f3","isPartOf":{"@id":"https:\/\/diarieducacio.cat\/artseducacio\/#website"},"primaryImageOfPage":{"@id":"https:\/\/diarieducacio.cat\/artseducacio\/2025\/10\/31\/fiti-un-festival-de-teatre-compromes-amb-la-diversitat\/#primaryimage"},"image":{"@id":"https:\/\/diarieducacio.cat\/artseducacio\/2025\/10\/31\/fiti-un-festival-de-teatre-compromes-amb-la-diversitat\/#primaryimage"},"thumbnailUrl":"https:\/\/diarieducacio.cat\/artseducacio\/wp-content\/uploads\/sites\/20\/2025\/10\/alquimistes-teatre.png","datePublished":"2025-10-31T01:42:00+00:00","author":{"@id":"https:\/\/diarieducacio.cat\/artseducacio\/#\/schema\/person\/eb83688c9eebc3ca52379b6608685c89"},"breadcrumb":{"@id":"https:\/\/diarieducacio.cat\/artseducacio\/2025\/10\/31\/fiti-un-festival-de-teatre-compromes-amb-la-diversitat\/#breadcrumb"},"inLanguage":"ca","potentialAction":[{"@type":"ReadAction","target":["https:\/\/diarieducacio.cat\/artseducacio\/2025\/10\/31\/fiti-un-festival-de-teatre-compromes-amb-la-diversitat\/"]}]},{"@type":"ImageObject","inLanguage":"ca","@id":"https:\/\/diarieducacio.cat\/artseducacio\/2025\/10\/31\/fiti-un-festival-de-teatre-compromes-amb-la-diversitat\/#primaryimage","url":"https:\/\/diarieducacio.cat\/artseducacio\/wp-content\/uploads\/sites\/20\/2025\/10\/alquimistes-teatre.png","contentUrl":"https:\/\/diarieducacio.cat\/artseducacio\/wp-content\/uploads\/sites\/20\/2025\/10\/alquimistes-teatre.png","width":1400,"height":815,"caption":"Moment de l'espectacle El burgu\u00e9s gentil hombre | Alquimistes Teatre"},{"@type":"BreadcrumbList","@id":"https:\/\/diarieducacio.cat\/artseducacio\/2025\/10\/31\/fiti-un-festival-de-teatre-compromes-amb-la-diversitat\/#breadcrumb","itemListElement":[{"@type":"ListItem","position":1,"name":"Inici","item":"https:\/\/diarieducacio.cat\/artseducacio\/"},{"@type":"ListItem","position":2,"name":"FITI, un festival de teatre comprom\u00e8s amb la diversitat"}]},{"@type":"WebSite","@id":"https:\/\/diarieducacio.cat\/artseducacio\/#website","url":"https:\/\/diarieducacio.cat\/artseducacio\/","name":"Arts & Educaci\u00f3","description":"Un blog de El Diari de l&#039;Educaci\u00f3","potentialAction":[{"@type":"SearchAction","target":{"@type":"EntryPoint","urlTemplate":"https:\/\/diarieducacio.cat\/artseducacio\/?s={search_term_string}"},"query-input":{"@type":"PropertyValueSpecification","valueRequired":true,"valueName":"search_term_string"}}],"inLanguage":"ca"},{"@type":"Person","@id":"https:\/\/diarieducacio.cat\/artseducacio\/#\/schema\/person\/eb83688c9eebc3ca52379b6608685c89","name":"Mar Dom\u00e8nech","image":{"@type":"ImageObject","inLanguage":"ca","@id":"https:\/\/diarieducacio.cat\/wp-content\/uploads\/2024\/11\/mar-domenech_avatar-96x96.jpg","url":"https:\/\/diarieducacio.cat\/wp-content\/uploads\/2024\/11\/mar-domenech_avatar-96x96.jpg","contentUrl":"https:\/\/diarieducacio.cat\/wp-content\/uploads\/2024\/11\/mar-domenech_avatar-96x96.jpg","caption":"Mar Dom\u00e8nech"},"description":"Coordinadora del blog Arts i Educaci\u00f3. Periodista infantil i familiar. Especialitzada en temes d'educaci\u00f3, cultura en fam\u00edlia, literatura infantil i disseny per a petits.","url":"https:\/\/diarieducacio.cat\/artseducacio\/author\/mardomenech\/"}]}},"_links":{"self":[{"href":"https:\/\/diarieducacio.cat\/artseducacio\/wp-json\/wp\/v2\/posts\/3296","targetHints":{"allow":["GET"]}}],"collection":[{"href":"https:\/\/diarieducacio.cat\/artseducacio\/wp-json\/wp\/v2\/posts"}],"about":[{"href":"https:\/\/diarieducacio.cat\/artseducacio\/wp-json\/wp\/v2\/types\/post"}],"author":[{"embeddable":true,"href":"https:\/\/diarieducacio.cat\/artseducacio\/wp-json\/wp\/v2\/users\/63"}],"replies":[{"embeddable":true,"href":"https:\/\/diarieducacio.cat\/artseducacio\/wp-json\/wp\/v2\/comments?post=3296"}],"version-history":[{"count":5,"href":"https:\/\/diarieducacio.cat\/artseducacio\/wp-json\/wp\/v2\/posts\/3296\/revisions"}],"predecessor-version":[{"id":3305,"href":"https:\/\/diarieducacio.cat\/artseducacio\/wp-json\/wp\/v2\/posts\/3296\/revisions\/3305"}],"wp:featuredmedia":[{"embeddable":true,"href":"https:\/\/diarieducacio.cat\/artseducacio\/wp-json\/wp\/v2\/media\/3297"}],"wp:attachment":[{"href":"https:\/\/diarieducacio.cat\/artseducacio\/wp-json\/wp\/v2\/media?parent=3296"}],"wp:term":[{"taxonomy":"category","embeddable":true,"href":"https:\/\/diarieducacio.cat\/artseducacio\/wp-json\/wp\/v2\/categories?post=3296"},{"taxonomy":"post_tag","embeddable":true,"href":"https:\/\/diarieducacio.cat\/artseducacio\/wp-json\/wp\/v2\/tags?post=3296"},{"taxonomy":"tipo","embeddable":true,"href":"https:\/\/diarieducacio.cat\/artseducacio\/wp-json\/wp\/v2\/tipo?post=3296"}],"curies":[{"name":"wp","href":"https:\/\/api.w.org\/{rel}","templated":true}]}}