{"id":3384,"date":"2026-01-28T21:48:10","date_gmt":"2026-01-28T20:48:10","guid":{"rendered":"https:\/\/diarieducacio.cat\/artseducacio\/?p=3384"},"modified":"2026-01-28T21:48:12","modified_gmt":"2026-01-28T20:48:12","slug":"en-marxa-la-segona-edicio-de-totes-les-veus-impulsat-per-la-institucio-de-les-lletres-catalanes","status":"publish","type":"post","link":"https:\/\/diarieducacio.cat\/artseducacio\/2026\/01\/28\/en-marxa-la-segona-edicio-de-totes-les-veus-impulsat-per-la-institucio-de-les-lletres-catalanes\/","title":{"rendered":"En marxa la segona edici\u00f3 de\u00a0Totes les veus, impulsat per la\u00a0Instituci\u00f3 de les Lletres Catalanes"},"content":{"rendered":"\n<p><a href=\"https:\/\/cultura.gencat.cat\/ca\/ilc\/que-fem\/programes\/totes-les-veus\/\"><em>Totes les veus<\/em><\/a>, impulsat per la&nbsp;<a href=\"https:\/\/cultura.gencat.cat\/ca\/ilc\/inici\/index.html\"><strong>Instituci\u00f3 de les Lletres Catalanes<\/strong><\/a>, \u00e9s un programa de reconeixement del talent literari que consisteix en oferir un curs d\u2019escriptura creativa en catal\u00e0 a joves d\u2019or\u00edgens, contextos i identitats diverses que cursen segon cicle d\u2019ESO i Batxillerat.<\/p>\n\n\n\n<p>En el cas d\u2019Osona, el programa&nbsp;es consolida i es doblen els alumnes respecte a l\u2019edici\u00f3 anterior, que passen d\u2019una quinzena a una trentena, i s\u2019hi impliquen nous centres educatius. Enguany hi participen 13 centres educatius de diversos municipis d\u2019Osona: Institut La Plana, Vedruna Escorial, Institut de Gurb, Fedac Vic -\u202fPare Coll, Institut Cirvianum, Institut Jaume Call\u00eds, Sant Miquel dels Sants, Institut Antoni Pous i Argila, La Salle Manlleu, Institut Nou de Vic i les tres noves incorporacions: Institut Escola Carles Capdevila d\u2019Hostalets deBaleny\u00e0, Escola d\u2019Art i Superior de Disseny de Vic i Institut Miquel Mart\u00ed i Pol de Roda de Ter. El curs d\u2019escriptura t\u00e9 lloc fora de l\u2019horari lectiu en aules de la Universitat de Vic \u2013 Universitat Central de Catalunya.<\/p>\n\n\n\n<p>Aix\u00ed mateix, la ciutat de<strong>&nbsp;<\/strong>Lleida&nbsp;se suma al programa amb la col\u00b7laboraci\u00f3 de set centres educatius i la Universitat de Lleida, que \u00e9s on tindr\u00e0 lloc el curs. Els 15 alumnes participants provenen de diversos centres: INS Manuel de Montsuar, INS Torre Vicens, INS La Mitjana, INS Samuel Gili i Gaya, INS M\u00e0rius Torres, FEDAC-Lleida i l\u2019INS Joan Sol\u00e0, ubicat a Torrefarrera.<\/p>\n\n\n\n<p>La implicaci\u00f3 de les dues universitats en el projecte no nom\u00e9s facilita el desenvolupament del curs d\u2019escriptura, sin\u00f3 que tamb\u00e9 contribueix de manera significativa a acostar la universitat als estudiants. Desenvolupar el projecte a la universitat t\u00e9 un impacte directe en la qualitat i la viabilitat del projecte. <\/p>\n\n\n\n<p>Les classes seran impartides per docents de l\u2019Escola d\u2019Escriptura de l\u2019Ateneu Barcelon\u00e8s.&nbsp;A Osona: Maria Rosa Nogu\u00e9, que repeteix experi\u00e8ncia, i Ana Moya. A Lleida, la docent ser\u00e0 Ivet Eroles i la creaci\u00f3 i coordinaci\u00f3 del curs que anir\u00e0 a c\u00e0rrec de Daniel Resnich.<\/p>\n\n\n\n<p>El curs acabar\u00e0 el 25 de mar\u00e7 i, durant la primavera, la Instituci\u00f3 de les Lletres Catalanes publicar\u00e0 el recull d\u2019escrits dels alumnes. A m\u00e9s, organitzar\u00e0, tant a Lleida com a Osona, una trobada amb els alumnes, familiars i docents per presentar el llibre i posar en valor els textos resultants del curs.<\/p>\n\n\n\n<h2 class=\"wp-block-heading\"><strong>Fomentar la diversitat en la creaci\u00f3 liter\u00e0ria<\/strong><\/h2>\n\n\n\n<p><em>Totes les veus<\/em>&nbsp;\u00e9s una iniciativa que respon a una mesura&nbsp;del Pla Nacional del Llibre i la Lectura&nbsp;pensada per fomentar la diversitat en la creaci\u00f3 de la literatura catalana (mesura 44). Es tracta d\u2019una de les 25 mesures far del Pla pel seu car\u00e0cter estrat\u00e8gic.<\/p>\n\n\n\n<p>El&nbsp;2025&nbsp;es va celebrar la&nbsp;primera edici\u00f3 del programa, que es va dur a terme a la comarca d\u2019Osona, amb la col\u00b7laboraci\u00f3 d\u2019onze centres educatius, de Vic, Gurb, Tona, Manlleu i Torell\u00f3. Un total de 14 alumnes van participar en el curs d\u2019escriptura creativa en catal\u00e0, del qual va sorgir la publicaci\u00f3&nbsp;<a href=\"https:\/\/drac.cultura.gencat.cat\/handle\/20.500.12368\/36538\"><em>Constel\u00b7letrats<\/em><\/a>, un recull de relats i poemes dels alumnes que es va presentar a l\u2019Atl\u00e0ntida de Vic al maig passat i a la darrera edici\u00f3 de la Setmana del Llibre en Catal\u00e0, a Barcelona.<\/p>\n\n\n\n<p>De cara a 2027, ja s\u2019est\u00e0 treballant per estendre el programa arreu del pa\u00eds. Aquest programa, d\u2019altra banda, complementa dos programes de la ILC que vinculen literatura i educaci\u00f3: el programa&nbsp;<em>Lletres a les aules<\/em>, que des de 1997 porta escriptors als centres docents, i les resid\u00e8ncies liter\u00e0ries en instituts de secund\u00e0ria, que comen\u00e7aran el curs vinent.<\/p>\n\n\n\n<h2 class=\"wp-block-heading\"><strong>Comprom\u00eds social<\/strong><\/h2>\n\n\n\n<p><em>Totes les veus<\/em>&nbsp;vol promoure l\u2019acc\u00e9s a la creaci\u00f3 liter\u00e0ria i assegurar la representaci\u00f3 de veus diverses, vetllant perqu\u00e8 totes les experi\u00e8ncies i narratives siguin escoltades i valorades.<\/p>\n\n\n\n<p>L\u2019acc\u00e9s desigual a la cultura limita les possibilitats de participaci\u00f3 i perpetua les barreres estructurals que condicionen l\u2019acc\u00e9s a la creaci\u00f3 liter\u00e0ria. Garantir aquest acc\u00e9s \u00e9s una q\u00fcesti\u00f3 de reconeixement de drets culturals, que asseguren que totes les persones tinguin la possibilitat d\u2019accedir, participar i contribuir a la cultura en igualtat de condicions, independentment del seu origen, identitat o situaci\u00f3 socioecon\u00f2mica.<\/p>\n\n\n\n<p>D\u2019altra banda, la manca de referents literaris de col\u00b7lectius no hegem\u00f2nics genera un cercle vici\u00f3s: sense models amb els quals identificar-se, molts joves no consideren possible escriure ni formar part del m\u00f3n de la creaci\u00f3 liter\u00e0ria. Trencar aquest cercle \u00e9s fonamental per assegurar que, en el futur, cada cop hi hagi m\u00e9s diversitat d\u2019autories que contribueixin al panorama cultural.<\/p>\n\n\n\n<p><em>Totes les veus<\/em>&nbsp;treballa per eliminar aquestes barreres, creant un espai de creaci\u00f3 inclusiu que permeti a les noves generacions veure\u2019s representades i imaginar-se a elles mateixes com a creadores.<\/p>\n","protected":false},"excerpt":{"rendered":"<p>Totes les veus, impulsat per la&nbsp;Instituci\u00f3 de les Lletres Catalanes, \u00e9s un programa de reconeixement del talent literari que consisteix en oferir un curs d\u2019escriptura creativa en catal\u00e0 a joves d\u2019or\u00edgens, contextos i identitats diverses que cursen segon cicle d\u2019ESO i Batxillerat. En el cas d\u2019Osona, el programa&nbsp;es consolida i es doblen els alumnes respecte<\/p>\n","protected":false},"author":1138,"featured_media":3386,"comment_status":"open","ping_status":"open","sticky":false,"template":"","format":"standard","meta":{"footnotes":""},"categories":[107],"tags":[203,182,126,96,97,127,121,117,308],"tipo":[222],"class_list":{"0":"post-3384","1":"post","2":"type-post","3":"status-publish","4":"format-standard","5":"has-post-thumbnail","7":"category-materials-i-recursos","8":"tag-art-i-cultura","9":"tag-art-i-educacio","10":"tag-beneficis-de-la-cultura-i-educacio-artistica","11":"tag-cultura-bcn","12":"tag-cultura-escola","13":"tag-cultura-i-educacio","14":"tag-cultura-i-escola","15":"tag-educacio-artistica-i-cultural","16":"tag-literatura","17":"tipo-actualitat"},"yoast_head":"<!-- This site is optimized with the Yoast SEO plugin v27.4 - https:\/\/yoast.com\/product\/yoast-seo-wordpress\/ -->\n<title>En marxa la segona edici\u00f3 de\u00a0Totes les veus, impulsat per la\u00a0Instituci\u00f3 de les Lletres Catalanes - Arts &amp; Educaci\u00f3<\/title>\n<meta name=\"robots\" content=\"index, follow, max-snippet:-1, max-image-preview:large, max-video-preview:-1\" \/>\n<link rel=\"canonical\" href=\"https:\/\/diarieducacio.cat\/artseducacio\/2026\/01\/28\/en-marxa-la-segona-edicio-de-totes-les-veus-impulsat-per-la-institucio-de-les-lletres-catalanes\/\" \/>\n<meta property=\"og:locale\" content=\"ca_ES\" \/>\n<meta property=\"og:type\" content=\"article\" \/>\n<meta property=\"og:title\" content=\"En marxa la segona edici\u00f3 de\u00a0Totes les veus, impulsat per la\u00a0Instituci\u00f3 de les Lletres Catalanes - Arts &amp; Educaci\u00f3\" \/>\n<meta property=\"og:description\" content=\"Totes les veus, impulsat per la&nbsp;Instituci\u00f3 de les Lletres Catalanes, \u00e9s un programa de reconeixement del talent literari que consisteix en oferir un curs d\u2019escriptura creativa en catal\u00e0 a joves d\u2019or\u00edgens, contextos i identitats diverses que cursen segon cicle d\u2019ESO i Batxillerat. En el cas d\u2019Osona, el programa&nbsp;es consolida i es doblen els alumnes respecte\" \/>\n<meta property=\"og:url\" content=\"https:\/\/diarieducacio.cat\/artseducacio\/2026\/01\/28\/en-marxa-la-segona-edicio-de-totes-les-veus-impulsat-per-la-institucio-de-les-lletres-catalanes\/\" \/>\n<meta property=\"og:site_name\" content=\"Arts &amp; Educaci\u00f3\" \/>\n<meta property=\"article:publisher\" content=\"https:\/\/www.facebook.com\/diarieducacio\/\" \/>\n<meta property=\"article:published_time\" content=\"2026-01-28T20:48:10+00:00\" \/>\n<meta property=\"article:modified_time\" content=\"2026-01-28T20:48:12+00:00\" \/>\n<meta property=\"og:image\" content=\"https:\/\/diarieducacio.cat\/artseducacio\/wp-content\/uploads\/sites\/20\/2026\/01\/Toteslesveus-e1769624493444.png\" \/>\n\t<meta property=\"og:image:width\" content=\"530\" \/>\n\t<meta property=\"og:image:height\" content=\"405\" \/>\n\t<meta property=\"og:image:type\" content=\"image\/png\" \/>\n<meta name=\"author\" content=\"Redacci\u00f3 A&amp;E\" \/>\n<meta name=\"twitter:card\" content=\"summary_large_image\" \/>\n<meta name=\"twitter:creator\" content=\"@DiariEducacio\" \/>\n<meta name=\"twitter:site\" content=\"@DiariEducacio\" \/>\n<meta name=\"twitter:label1\" content=\"Escrit per\" \/>\n\t<meta name=\"twitter:data1\" content=\"Redacci\u00f3 A&amp;E\" \/>\n\t<meta name=\"twitter:label2\" content=\"Temps estimat de lectura\" \/>\n\t<meta name=\"twitter:data2\" content=\"5 minuts\" \/>\n<script type=\"application\/ld+json\" class=\"yoast-schema-graph\">{\"@context\":\"https:\\\/\\\/schema.org\",\"@graph\":[{\"@type\":\"Article\",\"@id\":\"https:\\\/\\\/diarieducacio.cat\\\/artseducacio\\\/2026\\\/01\\\/28\\\/en-marxa-la-segona-edicio-de-totes-les-veus-impulsat-per-la-institucio-de-les-lletres-catalanes\\\/#article\",\"isPartOf\":{\"@id\":\"https:\\\/\\\/diarieducacio.cat\\\/artseducacio\\\/2026\\\/01\\\/28\\\/en-marxa-la-segona-edicio-de-totes-les-veus-impulsat-per-la-institucio-de-les-lletres-catalanes\\\/\"},\"author\":{\"name\":\"Redacci\u00f3 A&amp;E\",\"@id\":\"https:\\\/\\\/diarieducacio.cat\\\/artseducacio\\\/#\\\/schema\\\/person\\\/1aea2ebf3d17d2e1054d7e9ef9d19fbb\"},\"headline\":\"En marxa la segona edici\u00f3 de\u00a0Totes les veus, impulsat per la\u00a0Instituci\u00f3 de les Lletres Catalanes\",\"datePublished\":\"2026-01-28T20:48:10+00:00\",\"dateModified\":\"2026-01-28T20:48:12+00:00\",\"mainEntityOfPage\":{\"@id\":\"https:\\\/\\\/diarieducacio.cat\\\/artseducacio\\\/2026\\\/01\\\/28\\\/en-marxa-la-segona-edicio-de-totes-les-veus-impulsat-per-la-institucio-de-les-lletres-catalanes\\\/\"},\"wordCount\":843,\"commentCount\":0,\"image\":{\"@id\":\"https:\\\/\\\/diarieducacio.cat\\\/artseducacio\\\/2026\\\/01\\\/28\\\/en-marxa-la-segona-edicio-de-totes-les-veus-impulsat-per-la-institucio-de-les-lletres-catalanes\\\/#primaryimage\"},\"thumbnailUrl\":\"https:\\\/\\\/diarieducacio.cat\\\/artseducacio\\\/wp-content\\\/uploads\\\/sites\\\/20\\\/2026\\\/01\\\/Toteslesveus-e1769624493444.png\",\"keywords\":[\"art i cultura\",\"art i educaci\u00f3\",\"beneficis de la cultura i educaci\u00f3 art\u00edstica\",\"CULTURA BCN\",\"CULTURA ESCOLA\",\"cultura i educaci\u00f3\",\"cultura i escola\",\"educaci\u00f3 art\u00edstica i cultural\",\"literatura\"],\"articleSection\":[\"Materials i recursos\"],\"inLanguage\":\"ca\",\"potentialAction\":[{\"@type\":\"CommentAction\",\"name\":\"Comment\",\"target\":[\"https:\\\/\\\/diarieducacio.cat\\\/artseducacio\\\/2026\\\/01\\\/28\\\/en-marxa-la-segona-edicio-de-totes-les-veus-impulsat-per-la-institucio-de-les-lletres-catalanes\\\/#respond\"]}]},{\"@type\":\"WebPage\",\"@id\":\"https:\\\/\\\/diarieducacio.cat\\\/artseducacio\\\/2026\\\/01\\\/28\\\/en-marxa-la-segona-edicio-de-totes-les-veus-impulsat-per-la-institucio-de-les-lletres-catalanes\\\/\",\"url\":\"https:\\\/\\\/diarieducacio.cat\\\/artseducacio\\\/2026\\\/01\\\/28\\\/en-marxa-la-segona-edicio-de-totes-les-veus-impulsat-per-la-institucio-de-les-lletres-catalanes\\\/\",\"name\":\"En marxa la segona edici\u00f3 de\u00a0Totes les veus, impulsat per la\u00a0Instituci\u00f3 de les Lletres Catalanes - Arts & Educaci\u00f3\",\"isPartOf\":{\"@id\":\"https:\\\/\\\/diarieducacio.cat\\\/artseducacio\\\/#website\"},\"primaryImageOfPage\":{\"@id\":\"https:\\\/\\\/diarieducacio.cat\\\/artseducacio\\\/2026\\\/01\\\/28\\\/en-marxa-la-segona-edicio-de-totes-les-veus-impulsat-per-la-institucio-de-les-lletres-catalanes\\\/#primaryimage\"},\"image\":{\"@id\":\"https:\\\/\\\/diarieducacio.cat\\\/artseducacio\\\/2026\\\/01\\\/28\\\/en-marxa-la-segona-edicio-de-totes-les-veus-impulsat-per-la-institucio-de-les-lletres-catalanes\\\/#primaryimage\"},\"thumbnailUrl\":\"https:\\\/\\\/diarieducacio.cat\\\/artseducacio\\\/wp-content\\\/uploads\\\/sites\\\/20\\\/2026\\\/01\\\/Toteslesveus-e1769624493444.png\",\"datePublished\":\"2026-01-28T20:48:10+00:00\",\"dateModified\":\"2026-01-28T20:48:12+00:00\",\"author\":{\"@id\":\"https:\\\/\\\/diarieducacio.cat\\\/artseducacio\\\/#\\\/schema\\\/person\\\/1aea2ebf3d17d2e1054d7e9ef9d19fbb\"},\"breadcrumb\":{\"@id\":\"https:\\\/\\\/diarieducacio.cat\\\/artseducacio\\\/2026\\\/01\\\/28\\\/en-marxa-la-segona-edicio-de-totes-les-veus-impulsat-per-la-institucio-de-les-lletres-catalanes\\\/#breadcrumb\"},\"inLanguage\":\"ca\",\"potentialAction\":[{\"@type\":\"ReadAction\",\"target\":[\"https:\\\/\\\/diarieducacio.cat\\\/artseducacio\\\/2026\\\/01\\\/28\\\/en-marxa-la-segona-edicio-de-totes-les-veus-impulsat-per-la-institucio-de-les-lletres-catalanes\\\/\"]}]},{\"@type\":\"ImageObject\",\"inLanguage\":\"ca\",\"@id\":\"https:\\\/\\\/diarieducacio.cat\\\/artseducacio\\\/2026\\\/01\\\/28\\\/en-marxa-la-segona-edicio-de-totes-les-veus-impulsat-per-la-institucio-de-les-lletres-catalanes\\\/#primaryimage\",\"url\":\"https:\\\/\\\/diarieducacio.cat\\\/artseducacio\\\/wp-content\\\/uploads\\\/sites\\\/20\\\/2026\\\/01\\\/Toteslesveus-e1769624493444.png\",\"contentUrl\":\"https:\\\/\\\/diarieducacio.cat\\\/artseducacio\\\/wp-content\\\/uploads\\\/sites\\\/20\\\/2026\\\/01\\\/Toteslesveus-e1769624493444.png\",\"width\":530,\"height\":405,\"caption\":\"Aula de creaci\u00f3 liter\u00e0ria Totes les veus \\\/ Departament de Cultura de la Generalitat de Catalunya\"},{\"@type\":\"BreadcrumbList\",\"@id\":\"https:\\\/\\\/diarieducacio.cat\\\/artseducacio\\\/2026\\\/01\\\/28\\\/en-marxa-la-segona-edicio-de-totes-les-veus-impulsat-per-la-institucio-de-les-lletres-catalanes\\\/#breadcrumb\",\"itemListElement\":[{\"@type\":\"ListItem\",\"position\":1,\"name\":\"Inici\",\"item\":\"https:\\\/\\\/diarieducacio.cat\\\/artseducacio\\\/\"},{\"@type\":\"ListItem\",\"position\":2,\"name\":\"En marxa la segona edici\u00f3 de\u00a0Totes les veus, impulsat per la\u00a0Instituci\u00f3 de les Lletres Catalanes\"}]},{\"@type\":\"WebSite\",\"@id\":\"https:\\\/\\\/diarieducacio.cat\\\/artseducacio\\\/#website\",\"url\":\"https:\\\/\\\/diarieducacio.cat\\\/artseducacio\\\/\",\"name\":\"Arts & Educaci\u00f3\",\"description\":\"Un blog de El Diari de l&#039;Educaci\u00f3\",\"potentialAction\":[{\"@type\":\"SearchAction\",\"target\":{\"@type\":\"EntryPoint\",\"urlTemplate\":\"https:\\\/\\\/diarieducacio.cat\\\/artseducacio\\\/?s={search_term_string}\"},\"query-input\":{\"@type\":\"PropertyValueSpecification\",\"valueRequired\":true,\"valueName\":\"search_term_string\"}}],\"inLanguage\":\"ca\"},{\"@type\":\"Person\",\"@id\":\"https:\\\/\\\/diarieducacio.cat\\\/artseducacio\\\/#\\\/schema\\\/person\\\/1aea2ebf3d17d2e1054d7e9ef9d19fbb\",\"name\":\"Redacci\u00f3 A&amp;E\",\"image\":{\"@type\":\"ImageObject\",\"inLanguage\":\"ca\",\"@id\":\"https:\\\/\\\/secure.gravatar.com\\\/avatar\\\/f6b6e4f88508dfff69785089e6276f75bf832d5eeeca9936b9d90937ea6dc611?s=96&d=mm&r=g\",\"url\":\"https:\\\/\\\/secure.gravatar.com\\\/avatar\\\/f6b6e4f88508dfff69785089e6276f75bf832d5eeeca9936b9d90937ea6dc611?s=96&d=mm&r=g\",\"contentUrl\":\"https:\\\/\\\/secure.gravatar.com\\\/avatar\\\/f6b6e4f88508dfff69785089e6276f75bf832d5eeeca9936b9d90937ea6dc611?s=96&d=mm&r=g\",\"caption\":\"Redacci\u00f3 A&amp;E\"},\"url\":\"https:\\\/\\\/diarieducacio.cat\\\/artseducacio\\\/author\\\/redaccioarts\\\/\"}]}<\/script>\n<!-- \/ Yoast SEO plugin. -->","yoast_head_json":{"title":"En marxa la segona edici\u00f3 de\u00a0Totes les veus, impulsat per la\u00a0Instituci\u00f3 de les Lletres Catalanes - Arts & Educaci\u00f3","robots":{"index":"index","follow":"follow","max-snippet":"max-snippet:-1","max-image-preview":"max-image-preview:large","max-video-preview":"max-video-preview:-1"},"canonical":"https:\/\/diarieducacio.cat\/artseducacio\/2026\/01\/28\/en-marxa-la-segona-edicio-de-totes-les-veus-impulsat-per-la-institucio-de-les-lletres-catalanes\/","og_locale":"ca_ES","og_type":"article","og_title":"En marxa la segona edici\u00f3 de\u00a0Totes les veus, impulsat per la\u00a0Instituci\u00f3 de les Lletres Catalanes - Arts & Educaci\u00f3","og_description":"Totes les veus, impulsat per la&nbsp;Instituci\u00f3 de les Lletres Catalanes, \u00e9s un programa de reconeixement del talent literari que consisteix en oferir un curs d\u2019escriptura creativa en catal\u00e0 a joves d\u2019or\u00edgens, contextos i identitats diverses que cursen segon cicle d\u2019ESO i Batxillerat. En el cas d\u2019Osona, el programa&nbsp;es consolida i es doblen els alumnes respecte","og_url":"https:\/\/diarieducacio.cat\/artseducacio\/2026\/01\/28\/en-marxa-la-segona-edicio-de-totes-les-veus-impulsat-per-la-institucio-de-les-lletres-catalanes\/","og_site_name":"Arts & Educaci\u00f3","article_publisher":"https:\/\/www.facebook.com\/diarieducacio\/","article_published_time":"2026-01-28T20:48:10+00:00","article_modified_time":"2026-01-28T20:48:12+00:00","og_image":[{"width":530,"height":405,"url":"https:\/\/diarieducacio.cat\/artseducacio\/wp-content\/uploads\/sites\/20\/2026\/01\/Toteslesveus-e1769624493444.png","type":"image\/png"}],"author":"Redacci\u00f3 A&amp;E","twitter_card":"summary_large_image","twitter_creator":"@DiariEducacio","twitter_site":"@DiariEducacio","twitter_misc":{"Escrit per":"Redacci\u00f3 A&amp;E","Temps estimat de lectura":"5 minuts"},"schema":{"@context":"https:\/\/schema.org","@graph":[{"@type":"Article","@id":"https:\/\/diarieducacio.cat\/artseducacio\/2026\/01\/28\/en-marxa-la-segona-edicio-de-totes-les-veus-impulsat-per-la-institucio-de-les-lletres-catalanes\/#article","isPartOf":{"@id":"https:\/\/diarieducacio.cat\/artseducacio\/2026\/01\/28\/en-marxa-la-segona-edicio-de-totes-les-veus-impulsat-per-la-institucio-de-les-lletres-catalanes\/"},"author":{"name":"Redacci\u00f3 A&amp;E","@id":"https:\/\/diarieducacio.cat\/artseducacio\/#\/schema\/person\/1aea2ebf3d17d2e1054d7e9ef9d19fbb"},"headline":"En marxa la segona edici\u00f3 de\u00a0Totes les veus, impulsat per la\u00a0Instituci\u00f3 de les Lletres Catalanes","datePublished":"2026-01-28T20:48:10+00:00","dateModified":"2026-01-28T20:48:12+00:00","mainEntityOfPage":{"@id":"https:\/\/diarieducacio.cat\/artseducacio\/2026\/01\/28\/en-marxa-la-segona-edicio-de-totes-les-veus-impulsat-per-la-institucio-de-les-lletres-catalanes\/"},"wordCount":843,"commentCount":0,"image":{"@id":"https:\/\/diarieducacio.cat\/artseducacio\/2026\/01\/28\/en-marxa-la-segona-edicio-de-totes-les-veus-impulsat-per-la-institucio-de-les-lletres-catalanes\/#primaryimage"},"thumbnailUrl":"https:\/\/diarieducacio.cat\/artseducacio\/wp-content\/uploads\/sites\/20\/2026\/01\/Toteslesveus-e1769624493444.png","keywords":["art i cultura","art i educaci\u00f3","beneficis de la cultura i educaci\u00f3 art\u00edstica","CULTURA BCN","CULTURA ESCOLA","cultura i educaci\u00f3","cultura i escola","educaci\u00f3 art\u00edstica i cultural","literatura"],"articleSection":["Materials i recursos"],"inLanguage":"ca","potentialAction":[{"@type":"CommentAction","name":"Comment","target":["https:\/\/diarieducacio.cat\/artseducacio\/2026\/01\/28\/en-marxa-la-segona-edicio-de-totes-les-veus-impulsat-per-la-institucio-de-les-lletres-catalanes\/#respond"]}]},{"@type":"WebPage","@id":"https:\/\/diarieducacio.cat\/artseducacio\/2026\/01\/28\/en-marxa-la-segona-edicio-de-totes-les-veus-impulsat-per-la-institucio-de-les-lletres-catalanes\/","url":"https:\/\/diarieducacio.cat\/artseducacio\/2026\/01\/28\/en-marxa-la-segona-edicio-de-totes-les-veus-impulsat-per-la-institucio-de-les-lletres-catalanes\/","name":"En marxa la segona edici\u00f3 de\u00a0Totes les veus, impulsat per la\u00a0Instituci\u00f3 de les Lletres Catalanes - Arts & Educaci\u00f3","isPartOf":{"@id":"https:\/\/diarieducacio.cat\/artseducacio\/#website"},"primaryImageOfPage":{"@id":"https:\/\/diarieducacio.cat\/artseducacio\/2026\/01\/28\/en-marxa-la-segona-edicio-de-totes-les-veus-impulsat-per-la-institucio-de-les-lletres-catalanes\/#primaryimage"},"image":{"@id":"https:\/\/diarieducacio.cat\/artseducacio\/2026\/01\/28\/en-marxa-la-segona-edicio-de-totes-les-veus-impulsat-per-la-institucio-de-les-lletres-catalanes\/#primaryimage"},"thumbnailUrl":"https:\/\/diarieducacio.cat\/artseducacio\/wp-content\/uploads\/sites\/20\/2026\/01\/Toteslesveus-e1769624493444.png","datePublished":"2026-01-28T20:48:10+00:00","dateModified":"2026-01-28T20:48:12+00:00","author":{"@id":"https:\/\/diarieducacio.cat\/artseducacio\/#\/schema\/person\/1aea2ebf3d17d2e1054d7e9ef9d19fbb"},"breadcrumb":{"@id":"https:\/\/diarieducacio.cat\/artseducacio\/2026\/01\/28\/en-marxa-la-segona-edicio-de-totes-les-veus-impulsat-per-la-institucio-de-les-lletres-catalanes\/#breadcrumb"},"inLanguage":"ca","potentialAction":[{"@type":"ReadAction","target":["https:\/\/diarieducacio.cat\/artseducacio\/2026\/01\/28\/en-marxa-la-segona-edicio-de-totes-les-veus-impulsat-per-la-institucio-de-les-lletres-catalanes\/"]}]},{"@type":"ImageObject","inLanguage":"ca","@id":"https:\/\/diarieducacio.cat\/artseducacio\/2026\/01\/28\/en-marxa-la-segona-edicio-de-totes-les-veus-impulsat-per-la-institucio-de-les-lletres-catalanes\/#primaryimage","url":"https:\/\/diarieducacio.cat\/artseducacio\/wp-content\/uploads\/sites\/20\/2026\/01\/Toteslesveus-e1769624493444.png","contentUrl":"https:\/\/diarieducacio.cat\/artseducacio\/wp-content\/uploads\/sites\/20\/2026\/01\/Toteslesveus-e1769624493444.png","width":530,"height":405,"caption":"Aula de creaci\u00f3 liter\u00e0ria Totes les veus \/ Departament de Cultura de la Generalitat de Catalunya"},{"@type":"BreadcrumbList","@id":"https:\/\/diarieducacio.cat\/artseducacio\/2026\/01\/28\/en-marxa-la-segona-edicio-de-totes-les-veus-impulsat-per-la-institucio-de-les-lletres-catalanes\/#breadcrumb","itemListElement":[{"@type":"ListItem","position":1,"name":"Inici","item":"https:\/\/diarieducacio.cat\/artseducacio\/"},{"@type":"ListItem","position":2,"name":"En marxa la segona edici\u00f3 de\u00a0Totes les veus, impulsat per la\u00a0Instituci\u00f3 de les Lletres Catalanes"}]},{"@type":"WebSite","@id":"https:\/\/diarieducacio.cat\/artseducacio\/#website","url":"https:\/\/diarieducacio.cat\/artseducacio\/","name":"Arts & Educaci\u00f3","description":"Un blog de El Diari de l&#039;Educaci\u00f3","potentialAction":[{"@type":"SearchAction","target":{"@type":"EntryPoint","urlTemplate":"https:\/\/diarieducacio.cat\/artseducacio\/?s={search_term_string}"},"query-input":{"@type":"PropertyValueSpecification","valueRequired":true,"valueName":"search_term_string"}}],"inLanguage":"ca"},{"@type":"Person","@id":"https:\/\/diarieducacio.cat\/artseducacio\/#\/schema\/person\/1aea2ebf3d17d2e1054d7e9ef9d19fbb","name":"Redacci\u00f3 A&amp;E","image":{"@type":"ImageObject","inLanguage":"ca","@id":"https:\/\/secure.gravatar.com\/avatar\/f6b6e4f88508dfff69785089e6276f75bf832d5eeeca9936b9d90937ea6dc611?s=96&d=mm&r=g","url":"https:\/\/secure.gravatar.com\/avatar\/f6b6e4f88508dfff69785089e6276f75bf832d5eeeca9936b9d90937ea6dc611?s=96&d=mm&r=g","contentUrl":"https:\/\/secure.gravatar.com\/avatar\/f6b6e4f88508dfff69785089e6276f75bf832d5eeeca9936b9d90937ea6dc611?s=96&d=mm&r=g","caption":"Redacci\u00f3 A&amp;E"},"url":"https:\/\/diarieducacio.cat\/artseducacio\/author\/redaccioarts\/"}]}},"_links":{"self":[{"href":"https:\/\/diarieducacio.cat\/artseducacio\/wp-json\/wp\/v2\/posts\/3384","targetHints":{"allow":["GET"]}}],"collection":[{"href":"https:\/\/diarieducacio.cat\/artseducacio\/wp-json\/wp\/v2\/posts"}],"about":[{"href":"https:\/\/diarieducacio.cat\/artseducacio\/wp-json\/wp\/v2\/types\/post"}],"author":[{"embeddable":true,"href":"https:\/\/diarieducacio.cat\/artseducacio\/wp-json\/wp\/v2\/users\/1138"}],"replies":[{"embeddable":true,"href":"https:\/\/diarieducacio.cat\/artseducacio\/wp-json\/wp\/v2\/comments?post=3384"}],"version-history":[{"count":2,"href":"https:\/\/diarieducacio.cat\/artseducacio\/wp-json\/wp\/v2\/posts\/3384\/revisions"}],"predecessor-version":[{"id":3388,"href":"https:\/\/diarieducacio.cat\/artseducacio\/wp-json\/wp\/v2\/posts\/3384\/revisions\/3388"}],"wp:featuredmedia":[{"embeddable":true,"href":"https:\/\/diarieducacio.cat\/artseducacio\/wp-json\/wp\/v2\/media\/3386"}],"wp:attachment":[{"href":"https:\/\/diarieducacio.cat\/artseducacio\/wp-json\/wp\/v2\/media?parent=3384"}],"wp:term":[{"taxonomy":"category","embeddable":true,"href":"https:\/\/diarieducacio.cat\/artseducacio\/wp-json\/wp\/v2\/categories?post=3384"},{"taxonomy":"post_tag","embeddable":true,"href":"https:\/\/diarieducacio.cat\/artseducacio\/wp-json\/wp\/v2\/tags?post=3384"},{"taxonomy":"tipo","embeddable":true,"href":"https:\/\/diarieducacio.cat\/artseducacio\/wp-json\/wp\/v2\/tipo?post=3384"}],"curies":[{"name":"wp","href":"https:\/\/api.w.org\/{rel}","templated":true}]}}