{"id":3459,"date":"2026-03-12T16:38:36","date_gmt":"2026-03-12T15:38:36","guid":{"rendered":"https:\/\/diarieducacio.cat\/artseducacio\/?p=3459"},"modified":"2026-03-12T16:38:37","modified_gmt":"2026-03-12T15:38:37","slug":"mes-de-mig-miler-de-joves-participen-a-la-7a-edicio-del-reimaginat-videos-lliures-de-sexisme","status":"publish","type":"post","link":"https:\/\/diarieducacio.cat\/artseducacio\/2026\/03\/12\/mes-de-mig-miler-de-joves-participen-a-la-7a-edicio-del-reimaginat-videos-lliures-de-sexisme\/","title":{"rendered":"M\u00e9s de mig miler de joves participen a la 7a edici\u00f3\u00a0del \u2018Reimagina\u2019t. V\u00eddeos lliures de sexisme\u2019"},"content":{"rendered":"\n<p>Un total de\u00a0<strong>531 joves de 12 a 18 anys que, a trav\u00e9s de 89 v\u00eddeos<\/strong>,\u00a0han participat al concurs <strong>Reimagina&#8217;t<\/strong>. Els municipis representats per aquests grups de joves, de<strong>\u00a0l\u2019Observatori de les Dones en els Mitjans de Comunicaci\u00f3,\u00a0<\/strong>han estat Gav\u00e0, Esplugues, Castelldefels, Vilafranca del Pened\u00e8s, Sant Adri\u00e0 del Bes\u00f2s, Canyelles, Sant Boi, Barcelona, Santa Coloma de Gramenet i Sant Joan Desp\u00ed.\u00a0Aquest concurs promou la creaci\u00f3 de\u00a0v\u00eddeos lliures d\u2019estereotips masclistes\u00a0per part de grups d\u2019adolescents d\u2019entre\u00a012 i 18 anys.<\/p>\n\n\n\n<p>En aquesta 17a edici\u00f3 els joves participants han reflexionat sobre\u00a0<strong>\u201cLes migracions\u201d,<\/strong>\u00a0sobre les m\u00faltiples formes en qu\u00e8 les migracions transformen vides i territoris. Una proposta per explorar la pluralitat de les experi\u00e8ncies migrat\u00f2ries per despertar la curiositat envers les hist\u00f2ries de les persones que ens envolten des d\u2019<strong>una perspectiva positiva, lliure de viol\u00e8ncia i discriminaci\u00f3<\/strong>.<\/p>\n\n\n\n<p>La creadora de contingut i presentadora de televisi\u00f3&nbsp;<strong>Shalana Rodr\u00edguez<\/strong>&nbsp;i la periodista&nbsp;<strong>Dei Sow<\/strong>&nbsp;han donat suport als grups participants durant la fase de creaci\u00f3 del concurs a trav\u00e9s de&nbsp;materials audiovisuals&nbsp;on han proporcionat claus per facilitar als grups de joves la creaci\u00f3 de v\u00eddeos conscients amb una mirada positiva i lliure d\u2019estereotips cap a les migracions<\/p>\n\n\n\n<h2 class=\"wp-block-heading\"><strong>Els v\u00eddeos guanyadors<\/strong><\/h2>\n\n\n\n<p>Avui s&#8217;ha celebrat l\u2019acte de cloenda a\u00a0l\u2019Espai Francesca Bonnemaison on es donaran a con\u00e8ixer els grups guanyadors. Aquest ha estat condu\u00eft per\u00a0la presentadora de televisi\u00f3 i creadora de contingut\u00a0Shalana Rodr\u00edguez, coneguda per conduir programes infantils i sobre el catal\u00e0, i les xarxes amb un toc humor\u00edstic,\u00a0i ha comptat amb la pres\u00e8ncia de\u00a0Joana Pi\u00f1ero,\u00a0presidenta de l\u2019Observatori;\u00a0Laia Franco, gerent de l\u2019\u00c0rea de Feminismes i Igualtat de la Diputaci\u00f3 de Barcelona i una representant de l\u2019Institut Catal\u00e0 de les Dones.<\/p>\n\n\n\n<p>Una ocasi\u00f3 \u00fanica on els i les joves participants han compartit les seves experi\u00e8ncies i aprenentatges al llarg del proc\u00e9s de creaci\u00f3.<\/p>\n\n\n\n<p>Aqu\u00ed la llista de v\u00eddeos guanyadors:<\/p>\n\n\n\n<p><strong>Categoria 12 \u2013 14 anys:<\/strong><\/p>\n\n\n\n<p><a href=\"https:\/\/www.youtube.com\/watch?v=yCULSWEMkpI\" target=\"_blank\" rel=\"noreferrer noopener\"><strong>Trenquem Estigmes<\/strong><\/a><\/p>\n\n\n\n<p>Institut Angeleta Ferrer (Barcelona)<\/p>\n\n\n\n<p><a href=\"https:\/\/www.youtube.com\/watch?v=1Cc8ajnYDm8\" target=\"_blank\" rel=\"noreferrer noopener\"><strong>Aquest viatge comen\u00e7a amb una maleta<\/strong><\/a><\/p>\n\n\n\n<p>Institut Escola Trinitat Nova (Barcelona)<\/p>\n\n\n\n<p><strong>Categoria 14 \u2013 16 anys:<\/strong><\/p>\n\n\n\n<p><a href=\"https:\/\/www.youtube.com\/watch?v=s_waqvIkg80\" target=\"_blank\" rel=\"noreferrer noopener\"><strong>La travessa<\/strong><\/a><strong><\/strong><\/p>\n\n\n\n<p>Institut Mil\u00e0 i Fontanals (Vilafranca)<\/p>\n\n\n\n<p><a href=\"https:\/\/www.youtube.com\/watch?v=wW29U-c8Xlw\" target=\"_blank\" rel=\"noreferrer noopener\"><strong>Les migracions, el projecte<\/strong><\/a><strong><\/strong><\/p>\n\n\n\n<p>Institut Josep Llu\u00eds Sert (Castelldefels)<\/p>\n\n\n\n<p><strong>Categoria 16 \u2013 18 anys:<\/strong><\/p>\n\n\n\n<p><a href=\"https:\/\/www.youtube.com\/watch?v=AWXtFwqCOHY\" target=\"_blank\" rel=\"noreferrer noopener\"><strong>Tortugues<\/strong><\/a><strong><\/strong><\/p>\n\n\n\n<p>Institut Mil\u00e0 i Fontanals (Vilafranca)<\/p>\n\n\n\n<p><a href=\"https:\/\/www.youtube.com\/watch?v=4t6w1EduBc4\" target=\"_blank\" rel=\"noreferrer noopener\"><strong>Entre dues vores<\/strong><\/a><strong><\/strong><\/p>\n\n\n\n<p>Institut Mil\u00e0 i Fontanals (Vilafranca)<\/p>\n\n\n\n<p><strong>Menci\u00f3 a:<\/strong><\/p>\n\n\n\n<p><a href=\"https:\/\/www.youtube.com\/watch?v=dDvlcgmSWco\" target=\"_blank\" rel=\"noreferrer noopener\"><strong>SERETNORF<\/strong><\/a><strong><\/strong><\/p>\n\n\n\n<p>Institut Pau Claris (Barcelona)<\/p>\n\n\n\n<p>Els guanyadors&nbsp;han rebut com a reconeixement una subscripci\u00f3 a la plataforma&nbsp;<strong>Filmin<\/strong>&nbsp;i programa de formaci\u00f3 en llenguatges audiovisuals&nbsp;<a href=\"https:\/\/construirmirades.dracmagic.cat\/\" target=\"_blank\" rel=\"noreferrer noopener\"><strong>Construir mirades<\/strong><\/a><\/p>\n\n\n\n<p><strong>El jurat<\/strong><\/p>\n\n\n\n<p>Jurat d\u2019aquesta edici\u00f3 ha estat constitu\u00eft per\u00a0<strong>S\u00f2nia Guerra<\/strong>, secret\u00e0ria general del Departament d\u2019Igualtat i Feminismes i Presidenta de l\u2019Institut Catal\u00e0 de les Dones;\u00a0<strong>N\u00faria Moreno<\/strong>, \u00c0rea de Feminismes i Igualtat de la Diputaci\u00f3 de Barcelona;\u00a0<strong>Magnolia L\u00f3pez Ben\u00edtez<\/strong>, productora, guionista i representant de Dones Visuals;\u00a0<strong>Zaida Carmona<\/strong>, directora, guionista i representant de Filmin;\u00a0<strong>Sandra Shimazu Salvatierra<\/strong>, regidora de l\u2019Ajuntament de Sant Pere de Ribes;\u00a0<strong>Irene Jezabel S\u00e1nchez Masegosa<\/strong>, Periodista, escriptora i Cap d\u2019Alcaldia i Comunicaci\u00f3 de l\u2019Ajuntament de Cervell\u00f3;\u00a0<strong>Raquel Marques<\/strong>, cineasta i representant de l\u2019Observatori de les Dones en els Mitjans de Comunicaci\u00f3.<\/p>\n\n\n\n<p><strong>Tots els v\u00eddeos ja s\u00f3n p\u00fablics<\/strong>&nbsp;al web de<a href=\"https:\/\/reimaginat.observatoridelesdones.org\/\" target=\"_blank\" rel=\"noreferrer noopener\"><strong>&nbsp;Reimagina\u2019t<\/strong>&nbsp;<\/a><\/p>\n\n\n\n<p>Tamb\u00e9 s\u00f3n accessibles&nbsp;<a href=\"https:\/\/reimaginat.observatoridelesdones.org\/youtuberxs\/\" target=\"_blank\" rel=\"noreferrer noopener\"><strong>els v\u00eddeos<\/strong><\/a>&nbsp;de suport als participants amb les reflexions sobre el tema de&nbsp;<strong>Shalana Rodr\u00edguez i Dei Sow.<\/strong><\/p>\n\n\n\n<p><\/p>\n","protected":false},"excerpt":{"rendered":"<p>Un total de\u00a0531 joves de 12 a 18 anys que, a trav\u00e9s de 89 v\u00eddeos,\u00a0han participat al concurs Reimagina&#8217;t. Els municipis representats per aquests grups de joves, de\u00a0l\u2019Observatori de les Dones en els Mitjans de Comunicaci\u00f3,\u00a0han estat Gav\u00e0, Esplugues, Castelldefels, Vilafranca del Pened\u00e8s, Sant Adri\u00e0 del Bes\u00f2s, Canyelles, Sant Boi, Barcelona, Santa Coloma de Gramenet<\/p>\n","protected":false},"author":1138,"featured_media":3460,"comment_status":"open","ping_status":"open","sticky":false,"template":"","format":"standard","meta":{"footnotes":""},"categories":[107],"tags":[323,136,203,182,138,324,126,97,121],"tipo":[222],"class_list":{"0":"post-3459","1":"post","2":"type-post","3":"status-publish","4":"format-standard","5":"has-post-thumbnail","7":"category-materials-i-recursos","8":"tag-8m","9":"tag-activitats-educatives","10":"tag-art-i-cultura","11":"tag-art-i-educacio","12":"tag-art-i-escola","13":"tag-audiovisuals","14":"tag-beneficis-de-la-cultura-i-educacio-artistica","15":"tag-cultura-escola","16":"tag-cultura-i-escola","17":"tipo-actualitat"},"yoast_head":"<!-- This site is optimized with the Yoast SEO plugin v27.4 - https:\/\/yoast.com\/product\/yoast-seo-wordpress\/ -->\n<title>M\u00e9s de mig miler de joves participen a la 7a edici\u00f3\u00a0del \u2018Reimagina\u2019t. V\u00eddeos lliures de sexisme\u2019 - Arts &amp; Educaci\u00f3<\/title>\n<meta name=\"robots\" content=\"index, follow, max-snippet:-1, max-image-preview:large, max-video-preview:-1\" \/>\n<link rel=\"canonical\" href=\"https:\/\/diarieducacio.cat\/artseducacio\/2026\/03\/12\/mes-de-mig-miler-de-joves-participen-a-la-7a-edicio-del-reimaginat-videos-lliures-de-sexisme\/\" \/>\n<meta property=\"og:locale\" content=\"ca_ES\" \/>\n<meta property=\"og:type\" content=\"article\" \/>\n<meta property=\"og:title\" content=\"M\u00e9s de mig miler de joves participen a la 7a edici\u00f3\u00a0del \u2018Reimagina\u2019t. V\u00eddeos lliures de sexisme\u2019 - Arts &amp; Educaci\u00f3\" \/>\n<meta property=\"og:description\" content=\"Un total de\u00a0531 joves de 12 a 18 anys que, a trav\u00e9s de 89 v\u00eddeos,\u00a0han participat al concurs Reimagina&#8217;t. Els municipis representats per aquests grups de joves, de\u00a0l\u2019Observatori de les Dones en els Mitjans de Comunicaci\u00f3,\u00a0han estat Gav\u00e0, Esplugues, Castelldefels, Vilafranca del Pened\u00e8s, Sant Adri\u00e0 del Bes\u00f2s, Canyelles, Sant Boi, Barcelona, Santa Coloma de Gramenet\" \/>\n<meta property=\"og:url\" content=\"https:\/\/diarieducacio.cat\/artseducacio\/2026\/03\/12\/mes-de-mig-miler-de-joves-participen-a-la-7a-edicio-del-reimaginat-videos-lliures-de-sexisme\/\" \/>\n<meta property=\"og:site_name\" content=\"Arts &amp; Educaci\u00f3\" \/>\n<meta property=\"article:publisher\" content=\"https:\/\/www.facebook.com\/diarieducacio\/\" \/>\n<meta property=\"article:published_time\" content=\"2026-03-12T15:38:36+00:00\" \/>\n<meta property=\"article:modified_time\" content=\"2026-03-12T15:38:37+00:00\" \/>\n<meta property=\"og:image\" content=\"https:\/\/diarieducacio.cat\/artseducacio\/wp-content\/uploads\/sites\/20\/2026\/03\/image001.png\" \/>\n\t<meta property=\"og:image:width\" content=\"816\" \/>\n\t<meta property=\"og:image:height\" content=\"524\" \/>\n\t<meta property=\"og:image:type\" content=\"image\/png\" \/>\n<meta name=\"author\" content=\"Redacci\u00f3 A&amp;E\" \/>\n<meta name=\"twitter:card\" content=\"summary_large_image\" \/>\n<meta name=\"twitter:creator\" content=\"@DiariEducacio\" \/>\n<meta name=\"twitter:site\" content=\"@DiariEducacio\" \/>\n<meta name=\"twitter:label1\" content=\"Escrit per\" \/>\n\t<meta name=\"twitter:data1\" content=\"Redacci\u00f3 A&amp;E\" \/>\n\t<meta name=\"twitter:label2\" content=\"Temps estimat de lectura\" \/>\n\t<meta name=\"twitter:data2\" content=\"4 minuts\" \/>\n<script type=\"application\/ld+json\" class=\"yoast-schema-graph\">{\"@context\":\"https:\\\/\\\/schema.org\",\"@graph\":[{\"@type\":\"Article\",\"@id\":\"https:\\\/\\\/diarieducacio.cat\\\/artseducacio\\\/2026\\\/03\\\/12\\\/mes-de-mig-miler-de-joves-participen-a-la-7a-edicio-del-reimaginat-videos-lliures-de-sexisme\\\/#article\",\"isPartOf\":{\"@id\":\"https:\\\/\\\/diarieducacio.cat\\\/artseducacio\\\/2026\\\/03\\\/12\\\/mes-de-mig-miler-de-joves-participen-a-la-7a-edicio-del-reimaginat-videos-lliures-de-sexisme\\\/\"},\"author\":{\"name\":\"Redacci\u00f3 A&amp;E\",\"@id\":\"https:\\\/\\\/diarieducacio.cat\\\/artseducacio\\\/#\\\/schema\\\/person\\\/1aea2ebf3d17d2e1054d7e9ef9d19fbb\"},\"headline\":\"M\u00e9s de mig miler de joves participen a la 7a edici\u00f3\u00a0del \u2018Reimagina\u2019t. V\u00eddeos lliures de sexisme\u2019\",\"datePublished\":\"2026-03-12T15:38:36+00:00\",\"dateModified\":\"2026-03-12T15:38:37+00:00\",\"mainEntityOfPage\":{\"@id\":\"https:\\\/\\\/diarieducacio.cat\\\/artseducacio\\\/2026\\\/03\\\/12\\\/mes-de-mig-miler-de-joves-participen-a-la-7a-edicio-del-reimaginat-videos-lliures-de-sexisme\\\/\"},\"wordCount\":612,\"commentCount\":0,\"image\":{\"@id\":\"https:\\\/\\\/diarieducacio.cat\\\/artseducacio\\\/2026\\\/03\\\/12\\\/mes-de-mig-miler-de-joves-participen-a-la-7a-edicio-del-reimaginat-videos-lliures-de-sexisme\\\/#primaryimage\"},\"thumbnailUrl\":\"https:\\\/\\\/diarieducacio.cat\\\/artseducacio\\\/wp-content\\\/uploads\\\/sites\\\/20\\\/2026\\\/03\\\/image001.png\",\"keywords\":[\"8M\",\"activitats educatives\",\"art i cultura\",\"art i educaci\u00f3\",\"art i escola\",\"AUDIOVISUALS\",\"beneficis de la cultura i educaci\u00f3 art\u00edstica\",\"CULTURA ESCOLA\",\"cultura i escola\"],\"articleSection\":[\"Materials i recursos\"],\"inLanguage\":\"ca\",\"potentialAction\":[{\"@type\":\"CommentAction\",\"name\":\"Comment\",\"target\":[\"https:\\\/\\\/diarieducacio.cat\\\/artseducacio\\\/2026\\\/03\\\/12\\\/mes-de-mig-miler-de-joves-participen-a-la-7a-edicio-del-reimaginat-videos-lliures-de-sexisme\\\/#respond\"]}]},{\"@type\":\"WebPage\",\"@id\":\"https:\\\/\\\/diarieducacio.cat\\\/artseducacio\\\/2026\\\/03\\\/12\\\/mes-de-mig-miler-de-joves-participen-a-la-7a-edicio-del-reimaginat-videos-lliures-de-sexisme\\\/\",\"url\":\"https:\\\/\\\/diarieducacio.cat\\\/artseducacio\\\/2026\\\/03\\\/12\\\/mes-de-mig-miler-de-joves-participen-a-la-7a-edicio-del-reimaginat-videos-lliures-de-sexisme\\\/\",\"name\":\"M\u00e9s de mig miler de joves participen a la 7a edici\u00f3\u00a0del \u2018Reimagina\u2019t. V\u00eddeos lliures de sexisme\u2019 - Arts & Educaci\u00f3\",\"isPartOf\":{\"@id\":\"https:\\\/\\\/diarieducacio.cat\\\/artseducacio\\\/#website\"},\"primaryImageOfPage\":{\"@id\":\"https:\\\/\\\/diarieducacio.cat\\\/artseducacio\\\/2026\\\/03\\\/12\\\/mes-de-mig-miler-de-joves-participen-a-la-7a-edicio-del-reimaginat-videos-lliures-de-sexisme\\\/#primaryimage\"},\"image\":{\"@id\":\"https:\\\/\\\/diarieducacio.cat\\\/artseducacio\\\/2026\\\/03\\\/12\\\/mes-de-mig-miler-de-joves-participen-a-la-7a-edicio-del-reimaginat-videos-lliures-de-sexisme\\\/#primaryimage\"},\"thumbnailUrl\":\"https:\\\/\\\/diarieducacio.cat\\\/artseducacio\\\/wp-content\\\/uploads\\\/sites\\\/20\\\/2026\\\/03\\\/image001.png\",\"datePublished\":\"2026-03-12T15:38:36+00:00\",\"dateModified\":\"2026-03-12T15:38:37+00:00\",\"author\":{\"@id\":\"https:\\\/\\\/diarieducacio.cat\\\/artseducacio\\\/#\\\/schema\\\/person\\\/1aea2ebf3d17d2e1054d7e9ef9d19fbb\"},\"breadcrumb\":{\"@id\":\"https:\\\/\\\/diarieducacio.cat\\\/artseducacio\\\/2026\\\/03\\\/12\\\/mes-de-mig-miler-de-joves-participen-a-la-7a-edicio-del-reimaginat-videos-lliures-de-sexisme\\\/#breadcrumb\"},\"inLanguage\":\"ca\",\"potentialAction\":[{\"@type\":\"ReadAction\",\"target\":[\"https:\\\/\\\/diarieducacio.cat\\\/artseducacio\\\/2026\\\/03\\\/12\\\/mes-de-mig-miler-de-joves-participen-a-la-7a-edicio-del-reimaginat-videos-lliures-de-sexisme\\\/\"]}]},{\"@type\":\"ImageObject\",\"inLanguage\":\"ca\",\"@id\":\"https:\\\/\\\/diarieducacio.cat\\\/artseducacio\\\/2026\\\/03\\\/12\\\/mes-de-mig-miler-de-joves-participen-a-la-7a-edicio-del-reimaginat-videos-lliures-de-sexisme\\\/#primaryimage\",\"url\":\"https:\\\/\\\/diarieducacio.cat\\\/artseducacio\\\/wp-content\\\/uploads\\\/sites\\\/20\\\/2026\\\/03\\\/image001.png\",\"contentUrl\":\"https:\\\/\\\/diarieducacio.cat\\\/artseducacio\\\/wp-content\\\/uploads\\\/sites\\\/20\\\/2026\\\/03\\\/image001.png\",\"width\":816,\"height\":524,\"caption\":\"Guanyadors de la 17a edici\u00f3 del concurs \u2018Reimagina\u2019t. V\u00eddeos lliures de sexisme\u2019 \\\/ Foto: Drac M\u00e0gic\"},{\"@type\":\"BreadcrumbList\",\"@id\":\"https:\\\/\\\/diarieducacio.cat\\\/artseducacio\\\/2026\\\/03\\\/12\\\/mes-de-mig-miler-de-joves-participen-a-la-7a-edicio-del-reimaginat-videos-lliures-de-sexisme\\\/#breadcrumb\",\"itemListElement\":[{\"@type\":\"ListItem\",\"position\":1,\"name\":\"Inici\",\"item\":\"https:\\\/\\\/diarieducacio.cat\\\/artseducacio\\\/\"},{\"@type\":\"ListItem\",\"position\":2,\"name\":\"M\u00e9s de mig miler de joves participen a la 7a edici\u00f3\u00a0del \u2018Reimagina\u2019t. V\u00eddeos lliures de sexisme\u2019\"}]},{\"@type\":\"WebSite\",\"@id\":\"https:\\\/\\\/diarieducacio.cat\\\/artseducacio\\\/#website\",\"url\":\"https:\\\/\\\/diarieducacio.cat\\\/artseducacio\\\/\",\"name\":\"Arts & Educaci\u00f3\",\"description\":\"Un blog de El Diari de l&#039;Educaci\u00f3\",\"potentialAction\":[{\"@type\":\"SearchAction\",\"target\":{\"@type\":\"EntryPoint\",\"urlTemplate\":\"https:\\\/\\\/diarieducacio.cat\\\/artseducacio\\\/?s={search_term_string}\"},\"query-input\":{\"@type\":\"PropertyValueSpecification\",\"valueRequired\":true,\"valueName\":\"search_term_string\"}}],\"inLanguage\":\"ca\"},{\"@type\":\"Person\",\"@id\":\"https:\\\/\\\/diarieducacio.cat\\\/artseducacio\\\/#\\\/schema\\\/person\\\/1aea2ebf3d17d2e1054d7e9ef9d19fbb\",\"name\":\"Redacci\u00f3 A&amp;E\",\"image\":{\"@type\":\"ImageObject\",\"inLanguage\":\"ca\",\"@id\":\"https:\\\/\\\/secure.gravatar.com\\\/avatar\\\/f6b6e4f88508dfff69785089e6276f75bf832d5eeeca9936b9d90937ea6dc611?s=96&d=mm&r=g\",\"url\":\"https:\\\/\\\/secure.gravatar.com\\\/avatar\\\/f6b6e4f88508dfff69785089e6276f75bf832d5eeeca9936b9d90937ea6dc611?s=96&d=mm&r=g\",\"contentUrl\":\"https:\\\/\\\/secure.gravatar.com\\\/avatar\\\/f6b6e4f88508dfff69785089e6276f75bf832d5eeeca9936b9d90937ea6dc611?s=96&d=mm&r=g\",\"caption\":\"Redacci\u00f3 A&amp;E\"},\"url\":\"https:\\\/\\\/diarieducacio.cat\\\/artseducacio\\\/author\\\/redaccioarts\\\/\"}]}<\/script>\n<!-- \/ Yoast SEO plugin. -->","yoast_head_json":{"title":"M\u00e9s de mig miler de joves participen a la 7a edici\u00f3\u00a0del \u2018Reimagina\u2019t. V\u00eddeos lliures de sexisme\u2019 - Arts & Educaci\u00f3","robots":{"index":"index","follow":"follow","max-snippet":"max-snippet:-1","max-image-preview":"max-image-preview:large","max-video-preview":"max-video-preview:-1"},"canonical":"https:\/\/diarieducacio.cat\/artseducacio\/2026\/03\/12\/mes-de-mig-miler-de-joves-participen-a-la-7a-edicio-del-reimaginat-videos-lliures-de-sexisme\/","og_locale":"ca_ES","og_type":"article","og_title":"M\u00e9s de mig miler de joves participen a la 7a edici\u00f3\u00a0del \u2018Reimagina\u2019t. V\u00eddeos lliures de sexisme\u2019 - Arts & Educaci\u00f3","og_description":"Un total de\u00a0531 joves de 12 a 18 anys que, a trav\u00e9s de 89 v\u00eddeos,\u00a0han participat al concurs Reimagina&#8217;t. Els municipis representats per aquests grups de joves, de\u00a0l\u2019Observatori de les Dones en els Mitjans de Comunicaci\u00f3,\u00a0han estat Gav\u00e0, Esplugues, Castelldefels, Vilafranca del Pened\u00e8s, Sant Adri\u00e0 del Bes\u00f2s, Canyelles, Sant Boi, Barcelona, Santa Coloma de Gramenet","og_url":"https:\/\/diarieducacio.cat\/artseducacio\/2026\/03\/12\/mes-de-mig-miler-de-joves-participen-a-la-7a-edicio-del-reimaginat-videos-lliures-de-sexisme\/","og_site_name":"Arts & Educaci\u00f3","article_publisher":"https:\/\/www.facebook.com\/diarieducacio\/","article_published_time":"2026-03-12T15:38:36+00:00","article_modified_time":"2026-03-12T15:38:37+00:00","og_image":[{"width":816,"height":524,"url":"https:\/\/diarieducacio.cat\/artseducacio\/wp-content\/uploads\/sites\/20\/2026\/03\/image001.png","type":"image\/png"}],"author":"Redacci\u00f3 A&amp;E","twitter_card":"summary_large_image","twitter_creator":"@DiariEducacio","twitter_site":"@DiariEducacio","twitter_misc":{"Escrit per":"Redacci\u00f3 A&amp;E","Temps estimat de lectura":"4 minuts"},"schema":{"@context":"https:\/\/schema.org","@graph":[{"@type":"Article","@id":"https:\/\/diarieducacio.cat\/artseducacio\/2026\/03\/12\/mes-de-mig-miler-de-joves-participen-a-la-7a-edicio-del-reimaginat-videos-lliures-de-sexisme\/#article","isPartOf":{"@id":"https:\/\/diarieducacio.cat\/artseducacio\/2026\/03\/12\/mes-de-mig-miler-de-joves-participen-a-la-7a-edicio-del-reimaginat-videos-lliures-de-sexisme\/"},"author":{"name":"Redacci\u00f3 A&amp;E","@id":"https:\/\/diarieducacio.cat\/artseducacio\/#\/schema\/person\/1aea2ebf3d17d2e1054d7e9ef9d19fbb"},"headline":"M\u00e9s de mig miler de joves participen a la 7a edici\u00f3\u00a0del \u2018Reimagina\u2019t. V\u00eddeos lliures de sexisme\u2019","datePublished":"2026-03-12T15:38:36+00:00","dateModified":"2026-03-12T15:38:37+00:00","mainEntityOfPage":{"@id":"https:\/\/diarieducacio.cat\/artseducacio\/2026\/03\/12\/mes-de-mig-miler-de-joves-participen-a-la-7a-edicio-del-reimaginat-videos-lliures-de-sexisme\/"},"wordCount":612,"commentCount":0,"image":{"@id":"https:\/\/diarieducacio.cat\/artseducacio\/2026\/03\/12\/mes-de-mig-miler-de-joves-participen-a-la-7a-edicio-del-reimaginat-videos-lliures-de-sexisme\/#primaryimage"},"thumbnailUrl":"https:\/\/diarieducacio.cat\/artseducacio\/wp-content\/uploads\/sites\/20\/2026\/03\/image001.png","keywords":["8M","activitats educatives","art i cultura","art i educaci\u00f3","art i escola","AUDIOVISUALS","beneficis de la cultura i educaci\u00f3 art\u00edstica","CULTURA ESCOLA","cultura i escola"],"articleSection":["Materials i recursos"],"inLanguage":"ca","potentialAction":[{"@type":"CommentAction","name":"Comment","target":["https:\/\/diarieducacio.cat\/artseducacio\/2026\/03\/12\/mes-de-mig-miler-de-joves-participen-a-la-7a-edicio-del-reimaginat-videos-lliures-de-sexisme\/#respond"]}]},{"@type":"WebPage","@id":"https:\/\/diarieducacio.cat\/artseducacio\/2026\/03\/12\/mes-de-mig-miler-de-joves-participen-a-la-7a-edicio-del-reimaginat-videos-lliures-de-sexisme\/","url":"https:\/\/diarieducacio.cat\/artseducacio\/2026\/03\/12\/mes-de-mig-miler-de-joves-participen-a-la-7a-edicio-del-reimaginat-videos-lliures-de-sexisme\/","name":"M\u00e9s de mig miler de joves participen a la 7a edici\u00f3\u00a0del \u2018Reimagina\u2019t. V\u00eddeos lliures de sexisme\u2019 - Arts & Educaci\u00f3","isPartOf":{"@id":"https:\/\/diarieducacio.cat\/artseducacio\/#website"},"primaryImageOfPage":{"@id":"https:\/\/diarieducacio.cat\/artseducacio\/2026\/03\/12\/mes-de-mig-miler-de-joves-participen-a-la-7a-edicio-del-reimaginat-videos-lliures-de-sexisme\/#primaryimage"},"image":{"@id":"https:\/\/diarieducacio.cat\/artseducacio\/2026\/03\/12\/mes-de-mig-miler-de-joves-participen-a-la-7a-edicio-del-reimaginat-videos-lliures-de-sexisme\/#primaryimage"},"thumbnailUrl":"https:\/\/diarieducacio.cat\/artseducacio\/wp-content\/uploads\/sites\/20\/2026\/03\/image001.png","datePublished":"2026-03-12T15:38:36+00:00","dateModified":"2026-03-12T15:38:37+00:00","author":{"@id":"https:\/\/diarieducacio.cat\/artseducacio\/#\/schema\/person\/1aea2ebf3d17d2e1054d7e9ef9d19fbb"},"breadcrumb":{"@id":"https:\/\/diarieducacio.cat\/artseducacio\/2026\/03\/12\/mes-de-mig-miler-de-joves-participen-a-la-7a-edicio-del-reimaginat-videos-lliures-de-sexisme\/#breadcrumb"},"inLanguage":"ca","potentialAction":[{"@type":"ReadAction","target":["https:\/\/diarieducacio.cat\/artseducacio\/2026\/03\/12\/mes-de-mig-miler-de-joves-participen-a-la-7a-edicio-del-reimaginat-videos-lliures-de-sexisme\/"]}]},{"@type":"ImageObject","inLanguage":"ca","@id":"https:\/\/diarieducacio.cat\/artseducacio\/2026\/03\/12\/mes-de-mig-miler-de-joves-participen-a-la-7a-edicio-del-reimaginat-videos-lliures-de-sexisme\/#primaryimage","url":"https:\/\/diarieducacio.cat\/artseducacio\/wp-content\/uploads\/sites\/20\/2026\/03\/image001.png","contentUrl":"https:\/\/diarieducacio.cat\/artseducacio\/wp-content\/uploads\/sites\/20\/2026\/03\/image001.png","width":816,"height":524,"caption":"Guanyadors de la 17a edici\u00f3 del concurs \u2018Reimagina\u2019t. V\u00eddeos lliures de sexisme\u2019 \/ Foto: Drac M\u00e0gic"},{"@type":"BreadcrumbList","@id":"https:\/\/diarieducacio.cat\/artseducacio\/2026\/03\/12\/mes-de-mig-miler-de-joves-participen-a-la-7a-edicio-del-reimaginat-videos-lliures-de-sexisme\/#breadcrumb","itemListElement":[{"@type":"ListItem","position":1,"name":"Inici","item":"https:\/\/diarieducacio.cat\/artseducacio\/"},{"@type":"ListItem","position":2,"name":"M\u00e9s de mig miler de joves participen a la 7a edici\u00f3\u00a0del \u2018Reimagina\u2019t. V\u00eddeos lliures de sexisme\u2019"}]},{"@type":"WebSite","@id":"https:\/\/diarieducacio.cat\/artseducacio\/#website","url":"https:\/\/diarieducacio.cat\/artseducacio\/","name":"Arts & Educaci\u00f3","description":"Un blog de El Diari de l&#039;Educaci\u00f3","potentialAction":[{"@type":"SearchAction","target":{"@type":"EntryPoint","urlTemplate":"https:\/\/diarieducacio.cat\/artseducacio\/?s={search_term_string}"},"query-input":{"@type":"PropertyValueSpecification","valueRequired":true,"valueName":"search_term_string"}}],"inLanguage":"ca"},{"@type":"Person","@id":"https:\/\/diarieducacio.cat\/artseducacio\/#\/schema\/person\/1aea2ebf3d17d2e1054d7e9ef9d19fbb","name":"Redacci\u00f3 A&amp;E","image":{"@type":"ImageObject","inLanguage":"ca","@id":"https:\/\/secure.gravatar.com\/avatar\/f6b6e4f88508dfff69785089e6276f75bf832d5eeeca9936b9d90937ea6dc611?s=96&d=mm&r=g","url":"https:\/\/secure.gravatar.com\/avatar\/f6b6e4f88508dfff69785089e6276f75bf832d5eeeca9936b9d90937ea6dc611?s=96&d=mm&r=g","contentUrl":"https:\/\/secure.gravatar.com\/avatar\/f6b6e4f88508dfff69785089e6276f75bf832d5eeeca9936b9d90937ea6dc611?s=96&d=mm&r=g","caption":"Redacci\u00f3 A&amp;E"},"url":"https:\/\/diarieducacio.cat\/artseducacio\/author\/redaccioarts\/"}]}},"_links":{"self":[{"href":"https:\/\/diarieducacio.cat\/artseducacio\/wp-json\/wp\/v2\/posts\/3459","targetHints":{"allow":["GET"]}}],"collection":[{"href":"https:\/\/diarieducacio.cat\/artseducacio\/wp-json\/wp\/v2\/posts"}],"about":[{"href":"https:\/\/diarieducacio.cat\/artseducacio\/wp-json\/wp\/v2\/types\/post"}],"author":[{"embeddable":true,"href":"https:\/\/diarieducacio.cat\/artseducacio\/wp-json\/wp\/v2\/users\/1138"}],"replies":[{"embeddable":true,"href":"https:\/\/diarieducacio.cat\/artseducacio\/wp-json\/wp\/v2\/comments?post=3459"}],"version-history":[{"count":3,"href":"https:\/\/diarieducacio.cat\/artseducacio\/wp-json\/wp\/v2\/posts\/3459\/revisions"}],"predecessor-version":[{"id":3466,"href":"https:\/\/diarieducacio.cat\/artseducacio\/wp-json\/wp\/v2\/posts\/3459\/revisions\/3466"}],"wp:featuredmedia":[{"embeddable":true,"href":"https:\/\/diarieducacio.cat\/artseducacio\/wp-json\/wp\/v2\/media\/3460"}],"wp:attachment":[{"href":"https:\/\/diarieducacio.cat\/artseducacio\/wp-json\/wp\/v2\/media?parent=3459"}],"wp:term":[{"taxonomy":"category","embeddable":true,"href":"https:\/\/diarieducacio.cat\/artseducacio\/wp-json\/wp\/v2\/categories?post=3459"},{"taxonomy":"post_tag","embeddable":true,"href":"https:\/\/diarieducacio.cat\/artseducacio\/wp-json\/wp\/v2\/tags?post=3459"},{"taxonomy":"tipo","embeddable":true,"href":"https:\/\/diarieducacio.cat\/artseducacio\/wp-json\/wp\/v2\/tipo?post=3459"}],"curies":[{"name":"wp","href":"https:\/\/api.w.org\/{rel}","templated":true}]}}