{"id":3505,"date":"2026-04-30T12:44:42","date_gmt":"2026-04-30T10:44:42","guid":{"rendered":"https:\/\/diarieducacio.cat\/artseducacio\/?p=3505"},"modified":"2026-04-30T12:44:44","modified_gmt":"2026-04-30T10:44:44","slug":"40-anys-de-la-roda-despectacles-infantils","status":"publish","type":"post","link":"https:\/\/diarieducacio.cat\/artseducacio\/2026\/04\/30\/40-anys-de-la-roda-despectacles-infantils\/","title":{"rendered":"40 anys de la Roda d\u2019Espectacles Infantils"},"content":{"rendered":"\n<p>La Roda d\u2019Espectacles Infantils (REI) es va posar en marxa l\u2019any 1986 amb l\u2019objectiu d\u2019oferir una programaci\u00f3 estable d\u2019arts esc\u00e8niques i musicals per a p\u00fablic familiar, especialment pensada per a infants a partir de 2 anys. <\/p>\n\n\n\n<p>Des dels seus inicis, la Roda ha apostat per espectacles de petit format que fomenten la proximitat amb el p\u00fablic i que esdevenen sovint la primera experi\u00e8ncia cultural de molts nens i nenes.<\/p>\n\n\n\n<p>Al llarg de la seva traject\u00f2ria, la Roda ha programat 528 sessions i ha aplegat m\u00e9s de 86.000 espectadors, esdevenint un referent en l\u2019\u00e0mbit de les arts esc\u00e8niques familiars al territori.  Quaranta anys despr\u00e9s del seu naixement, la Roda d\u2019Espectacles Infantils continua sent un projecte viu, arrelat i plenament vigent dins el panorama cultural de Granollers i del Vall\u00e8s Oriental. <\/p>\n\n\n\n<p>M\u00e9s enll\u00e0 d\u2019una programaci\u00f3 estable d\u2019arts esc\u00e8niques per a p\u00fablic familiar, la Roda s\u2019ha consolidat com un espai d\u2019iniciaci\u00f3 cultural que acompanya els infants en les seves primeres experi\u00e8ncies teatrals i musicals, entenent la cultura com una eina educativa essencial, fomentant la mirada cr\u00edtica, la creativitat i el<br>vincle amb les arts des de la inf\u00e0ncia. El projecte defensa i exerceix els drets culturals dels infants i representa un espai de continu\u00eftat generacional: els pares que avui en dia porten els seus fills i filles a la roda, tamb\u00e9 hi van assistir quan eren infants.<\/p>\n\n\n\n<p>Actualment, aquesta programaci\u00f3 forma part del projecte Patinautes d\u2019Escena Gran, impulsat pel Teatre Auditori de Granollers, i es desenvolupa en conveni amb l\u2019Ajuntament de Granollers amb el suport<br>de l\u2019Oficina de Difusi\u00f3 Art\u00edstica de la Diputaci\u00f3 de Barcelona i compte amb el patrocini de Fundaci\u00f3 Estabanell.<\/p>\n\n\n\n<h2 class=\"wp-block-heading\"><strong>Una gran festa <\/strong><\/h2>\n\n\n\n<p>Per tal de celebrar-ho, el passat diumenge 26 d\u2019abril, la Pla\u00e7a Llu\u00eds Perpiny\u00e0 de Granollers es va omplir de fam\u00edlies, nens i nenes que van celebrar el 40\u00e8 aniversari de la Roda d\u2019Espectacles Infantils.<\/p>\n\n\n\n<p>A m\u00e9s, van comptar amb l\u2019actuaci\u00f3 del grup valles\u00e0 Sardines en Llauna, que va presentar a Granollers el seu nou disc <em>Hem vingut a jugar!<\/em>. Pilotes inflables gegants, una ruleta per fer sonar can\u00e7ons actuals, un micr\u00f2fon per donar veu als m\u00e9s petits\u2026 una proposta plena d\u2019energia, m\u00fasica i humor que reivindica el joc de l\u2019infant a l\u2019espai p\u00fablic.<\/p>\n\n\n\n<figure class=\"wp-block-image size-large\"><img fetchpriority=\"high\" decoding=\"async\" width=\"1024\" height=\"683\" src=\"https:\/\/diarieducacio.cat\/artseducacio\/wp-content\/uploads\/sites\/20\/2026\/04\/REI9-1024x683.jpg\" alt=\"\" class=\"wp-image-3507\" srcset=\"https:\/\/diarieducacio.cat\/artseducacio\/wp-content\/uploads\/sites\/20\/2026\/04\/REI9-1024x683.jpg 1024w, https:\/\/diarieducacio.cat\/artseducacio\/wp-content\/uploads\/sites\/20\/2026\/04\/REI9-300x200.jpg 300w, https:\/\/diarieducacio.cat\/artseducacio\/wp-content\/uploads\/sites\/20\/2026\/04\/REI9-768x512.jpg 768w, https:\/\/diarieducacio.cat\/artseducacio\/wp-content\/uploads\/sites\/20\/2026\/04\/REI9-150x100.jpg 150w, https:\/\/diarieducacio.cat\/artseducacio\/wp-content\/uploads\/sites\/20\/2026\/04\/REI9-450x300.jpg 450w, https:\/\/diarieducacio.cat\/artseducacio\/wp-content\/uploads\/sites\/20\/2026\/04\/REI9.jpg 1200w\" sizes=\"(max-width: 1024px) 100vw, 1024px\" \/><figcaption class=\"wp-element-caption\">Moment de la festa del 40\u00e8 aniversari de la Roda \/ Arian Botey<\/figcaption><\/figure>\n\n\n\n<p>Un centenar de persones \u2014infants, fam\u00edlies i p\u00fablic de diverses generacions\u2014 es van aplegar al centre de la ciutat per formar part d\u2019una celebraci\u00f3 que va posar en valor quatre d\u00e8cades d\u2019aposta per la cultura familiar i els drets culturals dels infants. L\u2019acte va convertir l\u2019espai p\u00fablic en un escenari viu, reafirmant la voluntat de la Roda de ser un projecte proper, accessible i comunitari.<\/p>\n\n\n\n<p>La celebraci\u00f3 d\u2019aquest aniversari ha volgut recuperar tamb\u00e9 l\u2019esperit fundacional del projecte: portar els espectacles al carrer i fer de la cultura una experi\u00e8ncia compartida i oberta a tota la ciutadania.<\/p>\n","protected":false},"excerpt":{"rendered":"<p>La Roda d\u2019Espectacles Infantils (REI) es va posar en marxa l\u2019any 1986 amb l\u2019objectiu d\u2019oferir una programaci\u00f3 estable d\u2019arts esc\u00e8niques i musicals per a p\u00fablic familiar, especialment pensada per a infants a partir de 2 anys. Des dels seus inicis, la Roda ha apostat per espectacles de petit format que fomenten la proximitat amb el<\/p>\n","protected":false},"author":1138,"featured_media":3506,"comment_status":"open","ping_status":"open","sticky":false,"template":"","format":"standard","meta":{"footnotes":""},"categories":[108],"tags":[136,203,182,138,126,97,127,121,117,283],"tipo":[222],"class_list":{"0":"post-3505","1":"post","2":"type-post","3":"status-publish","4":"format-standard","5":"has-post-thumbnail","7":"category-es-noticia","8":"tag-activitats-educatives","9":"tag-art-i-cultura","10":"tag-art-i-educacio","11":"tag-art-i-escola","12":"tag-beneficis-de-la-cultura-i-educacio-artistica","13":"tag-cultura-escola","14":"tag-cultura-i-educacio","15":"tag-cultura-i-escola","16":"tag-educacio-artistica-i-cultural","17":"tag-teatre-familiar","18":"tipo-actualitat"},"yoast_head":"<!-- This site is optimized with the Yoast SEO plugin v27.5 - https:\/\/yoast.com\/product\/yoast-seo-wordpress\/ -->\n<title>40 anys de la Roda d\u2019Espectacles Infantils - Arts &amp; Educaci\u00f3<\/title>\n<meta name=\"description\" content=\"Roda d\u2019Espectacles Infantils continua sent un projecte viu, arrelat i plenament vigent dins el panorama cultural de Granollers i del Vall\u00e8s Oriental.\" \/>\n<meta name=\"robots\" content=\"index, follow, max-snippet:-1, max-image-preview:large, max-video-preview:-1\" \/>\n<link rel=\"canonical\" href=\"https:\/\/diarieducacio.cat\/artseducacio\/2026\/04\/30\/40-anys-de-la-roda-despectacles-infantils\/\" \/>\n<meta property=\"og:locale\" content=\"ca_ES\" \/>\n<meta property=\"og:type\" content=\"article\" \/>\n<meta property=\"og:title\" content=\"40 anys de la Roda d\u2019Espectacles Infantils - Arts &amp; Educaci\u00f3\" \/>\n<meta property=\"og:description\" content=\"Roda d\u2019Espectacles Infantils continua sent un projecte viu, arrelat i plenament vigent dins el panorama cultural de Granollers i del Vall\u00e8s Oriental.\" \/>\n<meta property=\"og:url\" content=\"https:\/\/diarieducacio.cat\/artseducacio\/2026\/04\/30\/40-anys-de-la-roda-despectacles-infantils\/\" \/>\n<meta property=\"og:site_name\" content=\"Arts &amp; Educaci\u00f3\" \/>\n<meta property=\"article:publisher\" content=\"https:\/\/www.facebook.com\/diarieducacio\/\" \/>\n<meta property=\"article:published_time\" content=\"2026-04-30T10:44:42+00:00\" \/>\n<meta property=\"article:modified_time\" content=\"2026-04-30T10:44:44+00:00\" \/>\n<meta property=\"og:image\" content=\"https:\/\/diarieducacio.cat\/artseducacio\/wp-content\/uploads\/sites\/20\/2026\/04\/REI15.jpg\" \/>\n\t<meta property=\"og:image:width\" content=\"1800\" \/>\n\t<meta property=\"og:image:height\" content=\"1200\" \/>\n\t<meta property=\"og:image:type\" content=\"image\/jpeg\" \/>\n<meta name=\"author\" content=\"Redacci\u00f3 A&amp;E\" \/>\n<meta name=\"twitter:card\" content=\"summary_large_image\" \/>\n<meta name=\"twitter:creator\" content=\"@DiariEducacio\" \/>\n<meta name=\"twitter:site\" content=\"@DiariEducacio\" \/>\n<meta name=\"twitter:label1\" content=\"Escrit per\" \/>\n\t<meta name=\"twitter:data1\" content=\"Redacci\u00f3 A&amp;E\" \/>\n\t<meta name=\"twitter:label2\" content=\"Temps estimat de lectura\" \/>\n\t<meta name=\"twitter:data2\" content=\"3 minuts\" \/>\n<script type=\"application\/ld+json\" class=\"yoast-schema-graph\">{\"@context\":\"https:\\\/\\\/schema.org\",\"@graph\":[{\"@type\":\"Article\",\"@id\":\"https:\\\/\\\/diarieducacio.cat\\\/artseducacio\\\/2026\\\/04\\\/30\\\/40-anys-de-la-roda-despectacles-infantils\\\/#article\",\"isPartOf\":{\"@id\":\"https:\\\/\\\/diarieducacio.cat\\\/artseducacio\\\/2026\\\/04\\\/30\\\/40-anys-de-la-roda-despectacles-infantils\\\/\"},\"author\":{\"name\":\"Redacci\u00f3 A&amp;E\",\"@id\":\"https:\\\/\\\/diarieducacio.cat\\\/artseducacio\\\/#\\\/schema\\\/person\\\/1aea2ebf3d17d2e1054d7e9ef9d19fbb\"},\"headline\":\"40 anys de la Roda d\u2019Espectacles Infantils\",\"datePublished\":\"2026-04-30T10:44:42+00:00\",\"dateModified\":\"2026-04-30T10:44:44+00:00\",\"mainEntityOfPage\":{\"@id\":\"https:\\\/\\\/diarieducacio.cat\\\/artseducacio\\\/2026\\\/04\\\/30\\\/40-anys-de-la-roda-despectacles-infantils\\\/\"},\"wordCount\":529,\"commentCount\":0,\"image\":{\"@id\":\"https:\\\/\\\/diarieducacio.cat\\\/artseducacio\\\/2026\\\/04\\\/30\\\/40-anys-de-la-roda-despectacles-infantils\\\/#primaryimage\"},\"thumbnailUrl\":\"https:\\\/\\\/diarieducacio.cat\\\/artseducacio\\\/wp-content\\\/uploads\\\/sites\\\/20\\\/2026\\\/04\\\/REI15.jpg\",\"keywords\":[\"activitats educatives\",\"art i cultura\",\"art i educaci\u00f3\",\"art i escola\",\"beneficis de la cultura i educaci\u00f3 art\u00edstica\",\"CULTURA ESCOLA\",\"cultura i educaci\u00f3\",\"cultura i escola\",\"educaci\u00f3 art\u00edstica i cultural\",\"teatre familiar\"],\"articleSection\":[\"\u00c9s not\u00edcia\"],\"inLanguage\":\"ca\",\"potentialAction\":[{\"@type\":\"CommentAction\",\"name\":\"Comment\",\"target\":[\"https:\\\/\\\/diarieducacio.cat\\\/artseducacio\\\/2026\\\/04\\\/30\\\/40-anys-de-la-roda-despectacles-infantils\\\/#respond\"]}]},{\"@type\":\"WebPage\",\"@id\":\"https:\\\/\\\/diarieducacio.cat\\\/artseducacio\\\/2026\\\/04\\\/30\\\/40-anys-de-la-roda-despectacles-infantils\\\/\",\"url\":\"https:\\\/\\\/diarieducacio.cat\\\/artseducacio\\\/2026\\\/04\\\/30\\\/40-anys-de-la-roda-despectacles-infantils\\\/\",\"name\":\"40 anys de la Roda d\u2019Espectacles Infantils - Arts & Educaci\u00f3\",\"isPartOf\":{\"@id\":\"https:\\\/\\\/diarieducacio.cat\\\/artseducacio\\\/#website\"},\"primaryImageOfPage\":{\"@id\":\"https:\\\/\\\/diarieducacio.cat\\\/artseducacio\\\/2026\\\/04\\\/30\\\/40-anys-de-la-roda-despectacles-infantils\\\/#primaryimage\"},\"image\":{\"@id\":\"https:\\\/\\\/diarieducacio.cat\\\/artseducacio\\\/2026\\\/04\\\/30\\\/40-anys-de-la-roda-despectacles-infantils\\\/#primaryimage\"},\"thumbnailUrl\":\"https:\\\/\\\/diarieducacio.cat\\\/artseducacio\\\/wp-content\\\/uploads\\\/sites\\\/20\\\/2026\\\/04\\\/REI15.jpg\",\"datePublished\":\"2026-04-30T10:44:42+00:00\",\"dateModified\":\"2026-04-30T10:44:44+00:00\",\"author\":{\"@id\":\"https:\\\/\\\/diarieducacio.cat\\\/artseducacio\\\/#\\\/schema\\\/person\\\/1aea2ebf3d17d2e1054d7e9ef9d19fbb\"},\"description\":\"Roda d\u2019Espectacles Infantils continua sent un projecte viu, arrelat i plenament vigent dins el panorama cultural de Granollers i del Vall\u00e8s Oriental.\",\"breadcrumb\":{\"@id\":\"https:\\\/\\\/diarieducacio.cat\\\/artseducacio\\\/2026\\\/04\\\/30\\\/40-anys-de-la-roda-despectacles-infantils\\\/#breadcrumb\"},\"inLanguage\":\"ca\",\"potentialAction\":[{\"@type\":\"ReadAction\",\"target\":[\"https:\\\/\\\/diarieducacio.cat\\\/artseducacio\\\/2026\\\/04\\\/30\\\/40-anys-de-la-roda-despectacles-infantils\\\/\"]}]},{\"@type\":\"ImageObject\",\"inLanguage\":\"ca\",\"@id\":\"https:\\\/\\\/diarieducacio.cat\\\/artseducacio\\\/2026\\\/04\\\/30\\\/40-anys-de-la-roda-despectacles-infantils\\\/#primaryimage\",\"url\":\"https:\\\/\\\/diarieducacio.cat\\\/artseducacio\\\/wp-content\\\/uploads\\\/sites\\\/20\\\/2026\\\/04\\\/REI15.jpg\",\"contentUrl\":\"https:\\\/\\\/diarieducacio.cat\\\/artseducacio\\\/wp-content\\\/uploads\\\/sites\\\/20\\\/2026\\\/04\\\/REI15.jpg\",\"width\":1800,\"height\":1200,\"caption\":\"Festa del 40\u00e8 aniversari de la Roda amb l'estrena del disc \\\"Hem vingut a jugar!\\\" de Sardines en llauna \\\/ Foto: Arian Botey\"},{\"@type\":\"BreadcrumbList\",\"@id\":\"https:\\\/\\\/diarieducacio.cat\\\/artseducacio\\\/2026\\\/04\\\/30\\\/40-anys-de-la-roda-despectacles-infantils\\\/#breadcrumb\",\"itemListElement\":[{\"@type\":\"ListItem\",\"position\":1,\"name\":\"Inici\",\"item\":\"https:\\\/\\\/diarieducacio.cat\\\/artseducacio\\\/\"},{\"@type\":\"ListItem\",\"position\":2,\"name\":\"40 anys de la Roda d\u2019Espectacles Infantils\"}]},{\"@type\":\"WebSite\",\"@id\":\"https:\\\/\\\/diarieducacio.cat\\\/artseducacio\\\/#website\",\"url\":\"https:\\\/\\\/diarieducacio.cat\\\/artseducacio\\\/\",\"name\":\"Arts & Educaci\u00f3\",\"description\":\"Un blog de El Diari de l&#039;Educaci\u00f3\",\"potentialAction\":[{\"@type\":\"SearchAction\",\"target\":{\"@type\":\"EntryPoint\",\"urlTemplate\":\"https:\\\/\\\/diarieducacio.cat\\\/artseducacio\\\/?s={search_term_string}\"},\"query-input\":{\"@type\":\"PropertyValueSpecification\",\"valueRequired\":true,\"valueName\":\"search_term_string\"}}],\"inLanguage\":\"ca\"},{\"@type\":\"Person\",\"@id\":\"https:\\\/\\\/diarieducacio.cat\\\/artseducacio\\\/#\\\/schema\\\/person\\\/1aea2ebf3d17d2e1054d7e9ef9d19fbb\",\"name\":\"Redacci\u00f3 A&amp;E\",\"image\":{\"@type\":\"ImageObject\",\"inLanguage\":\"ca\",\"@id\":\"https:\\\/\\\/secure.gravatar.com\\\/avatar\\\/f6b6e4f88508dfff69785089e6276f75bf832d5eeeca9936b9d90937ea6dc611?s=96&d=mm&r=g\",\"url\":\"https:\\\/\\\/secure.gravatar.com\\\/avatar\\\/f6b6e4f88508dfff69785089e6276f75bf832d5eeeca9936b9d90937ea6dc611?s=96&d=mm&r=g\",\"contentUrl\":\"https:\\\/\\\/secure.gravatar.com\\\/avatar\\\/f6b6e4f88508dfff69785089e6276f75bf832d5eeeca9936b9d90937ea6dc611?s=96&d=mm&r=g\",\"caption\":\"Redacci\u00f3 A&amp;E\"},\"url\":\"https:\\\/\\\/diarieducacio.cat\\\/artseducacio\\\/author\\\/redaccioarts\\\/\"}]}<\/script>\n<!-- \/ Yoast SEO plugin. -->","yoast_head_json":{"title":"40 anys de la Roda d\u2019Espectacles Infantils - Arts & Educaci\u00f3","description":"Roda d\u2019Espectacles Infantils continua sent un projecte viu, arrelat i plenament vigent dins el panorama cultural de Granollers i del Vall\u00e8s Oriental.","robots":{"index":"index","follow":"follow","max-snippet":"max-snippet:-1","max-image-preview":"max-image-preview:large","max-video-preview":"max-video-preview:-1"},"canonical":"https:\/\/diarieducacio.cat\/artseducacio\/2026\/04\/30\/40-anys-de-la-roda-despectacles-infantils\/","og_locale":"ca_ES","og_type":"article","og_title":"40 anys de la Roda d\u2019Espectacles Infantils - Arts & Educaci\u00f3","og_description":"Roda d\u2019Espectacles Infantils continua sent un projecte viu, arrelat i plenament vigent dins el panorama cultural de Granollers i del Vall\u00e8s Oriental.","og_url":"https:\/\/diarieducacio.cat\/artseducacio\/2026\/04\/30\/40-anys-de-la-roda-despectacles-infantils\/","og_site_name":"Arts & Educaci\u00f3","article_publisher":"https:\/\/www.facebook.com\/diarieducacio\/","article_published_time":"2026-04-30T10:44:42+00:00","article_modified_time":"2026-04-30T10:44:44+00:00","og_image":[{"width":1800,"height":1200,"url":"https:\/\/diarieducacio.cat\/artseducacio\/wp-content\/uploads\/sites\/20\/2026\/04\/REI15.jpg","type":"image\/jpeg"}],"author":"Redacci\u00f3 A&amp;E","twitter_card":"summary_large_image","twitter_creator":"@DiariEducacio","twitter_site":"@DiariEducacio","twitter_misc":{"Escrit per":"Redacci\u00f3 A&amp;E","Temps estimat de lectura":"3 minuts"},"schema":{"@context":"https:\/\/schema.org","@graph":[{"@type":"Article","@id":"https:\/\/diarieducacio.cat\/artseducacio\/2026\/04\/30\/40-anys-de-la-roda-despectacles-infantils\/#article","isPartOf":{"@id":"https:\/\/diarieducacio.cat\/artseducacio\/2026\/04\/30\/40-anys-de-la-roda-despectacles-infantils\/"},"author":{"name":"Redacci\u00f3 A&amp;E","@id":"https:\/\/diarieducacio.cat\/artseducacio\/#\/schema\/person\/1aea2ebf3d17d2e1054d7e9ef9d19fbb"},"headline":"40 anys de la Roda d\u2019Espectacles Infantils","datePublished":"2026-04-30T10:44:42+00:00","dateModified":"2026-04-30T10:44:44+00:00","mainEntityOfPage":{"@id":"https:\/\/diarieducacio.cat\/artseducacio\/2026\/04\/30\/40-anys-de-la-roda-despectacles-infantils\/"},"wordCount":529,"commentCount":0,"image":{"@id":"https:\/\/diarieducacio.cat\/artseducacio\/2026\/04\/30\/40-anys-de-la-roda-despectacles-infantils\/#primaryimage"},"thumbnailUrl":"https:\/\/diarieducacio.cat\/artseducacio\/wp-content\/uploads\/sites\/20\/2026\/04\/REI15.jpg","keywords":["activitats educatives","art i cultura","art i educaci\u00f3","art i escola","beneficis de la cultura i educaci\u00f3 art\u00edstica","CULTURA ESCOLA","cultura i educaci\u00f3","cultura i escola","educaci\u00f3 art\u00edstica i cultural","teatre familiar"],"articleSection":["\u00c9s not\u00edcia"],"inLanguage":"ca","potentialAction":[{"@type":"CommentAction","name":"Comment","target":["https:\/\/diarieducacio.cat\/artseducacio\/2026\/04\/30\/40-anys-de-la-roda-despectacles-infantils\/#respond"]}]},{"@type":"WebPage","@id":"https:\/\/diarieducacio.cat\/artseducacio\/2026\/04\/30\/40-anys-de-la-roda-despectacles-infantils\/","url":"https:\/\/diarieducacio.cat\/artseducacio\/2026\/04\/30\/40-anys-de-la-roda-despectacles-infantils\/","name":"40 anys de la Roda d\u2019Espectacles Infantils - Arts & Educaci\u00f3","isPartOf":{"@id":"https:\/\/diarieducacio.cat\/artseducacio\/#website"},"primaryImageOfPage":{"@id":"https:\/\/diarieducacio.cat\/artseducacio\/2026\/04\/30\/40-anys-de-la-roda-despectacles-infantils\/#primaryimage"},"image":{"@id":"https:\/\/diarieducacio.cat\/artseducacio\/2026\/04\/30\/40-anys-de-la-roda-despectacles-infantils\/#primaryimage"},"thumbnailUrl":"https:\/\/diarieducacio.cat\/artseducacio\/wp-content\/uploads\/sites\/20\/2026\/04\/REI15.jpg","datePublished":"2026-04-30T10:44:42+00:00","dateModified":"2026-04-30T10:44:44+00:00","author":{"@id":"https:\/\/diarieducacio.cat\/artseducacio\/#\/schema\/person\/1aea2ebf3d17d2e1054d7e9ef9d19fbb"},"description":"Roda d\u2019Espectacles Infantils continua sent un projecte viu, arrelat i plenament vigent dins el panorama cultural de Granollers i del Vall\u00e8s Oriental.","breadcrumb":{"@id":"https:\/\/diarieducacio.cat\/artseducacio\/2026\/04\/30\/40-anys-de-la-roda-despectacles-infantils\/#breadcrumb"},"inLanguage":"ca","potentialAction":[{"@type":"ReadAction","target":["https:\/\/diarieducacio.cat\/artseducacio\/2026\/04\/30\/40-anys-de-la-roda-despectacles-infantils\/"]}]},{"@type":"ImageObject","inLanguage":"ca","@id":"https:\/\/diarieducacio.cat\/artseducacio\/2026\/04\/30\/40-anys-de-la-roda-despectacles-infantils\/#primaryimage","url":"https:\/\/diarieducacio.cat\/artseducacio\/wp-content\/uploads\/sites\/20\/2026\/04\/REI15.jpg","contentUrl":"https:\/\/diarieducacio.cat\/artseducacio\/wp-content\/uploads\/sites\/20\/2026\/04\/REI15.jpg","width":1800,"height":1200,"caption":"Festa del 40\u00e8 aniversari de la Roda amb l'estrena del disc \"Hem vingut a jugar!\" de Sardines en llauna \/ Foto: Arian Botey"},{"@type":"BreadcrumbList","@id":"https:\/\/diarieducacio.cat\/artseducacio\/2026\/04\/30\/40-anys-de-la-roda-despectacles-infantils\/#breadcrumb","itemListElement":[{"@type":"ListItem","position":1,"name":"Inici","item":"https:\/\/diarieducacio.cat\/artseducacio\/"},{"@type":"ListItem","position":2,"name":"40 anys de la Roda d\u2019Espectacles Infantils"}]},{"@type":"WebSite","@id":"https:\/\/diarieducacio.cat\/artseducacio\/#website","url":"https:\/\/diarieducacio.cat\/artseducacio\/","name":"Arts & Educaci\u00f3","description":"Un blog de El Diari de l&#039;Educaci\u00f3","potentialAction":[{"@type":"SearchAction","target":{"@type":"EntryPoint","urlTemplate":"https:\/\/diarieducacio.cat\/artseducacio\/?s={search_term_string}"},"query-input":{"@type":"PropertyValueSpecification","valueRequired":true,"valueName":"search_term_string"}}],"inLanguage":"ca"},{"@type":"Person","@id":"https:\/\/diarieducacio.cat\/artseducacio\/#\/schema\/person\/1aea2ebf3d17d2e1054d7e9ef9d19fbb","name":"Redacci\u00f3 A&amp;E","image":{"@type":"ImageObject","inLanguage":"ca","@id":"https:\/\/secure.gravatar.com\/avatar\/f6b6e4f88508dfff69785089e6276f75bf832d5eeeca9936b9d90937ea6dc611?s=96&d=mm&r=g","url":"https:\/\/secure.gravatar.com\/avatar\/f6b6e4f88508dfff69785089e6276f75bf832d5eeeca9936b9d90937ea6dc611?s=96&d=mm&r=g","contentUrl":"https:\/\/secure.gravatar.com\/avatar\/f6b6e4f88508dfff69785089e6276f75bf832d5eeeca9936b9d90937ea6dc611?s=96&d=mm&r=g","caption":"Redacci\u00f3 A&amp;E"},"url":"https:\/\/diarieducacio.cat\/artseducacio\/author\/redaccioarts\/"}]}},"_links":{"self":[{"href":"https:\/\/diarieducacio.cat\/artseducacio\/wp-json\/wp\/v2\/posts\/3505","targetHints":{"allow":["GET"]}}],"collection":[{"href":"https:\/\/diarieducacio.cat\/artseducacio\/wp-json\/wp\/v2\/posts"}],"about":[{"href":"https:\/\/diarieducacio.cat\/artseducacio\/wp-json\/wp\/v2\/types\/post"}],"author":[{"embeddable":true,"href":"https:\/\/diarieducacio.cat\/artseducacio\/wp-json\/wp\/v2\/users\/1138"}],"replies":[{"embeddable":true,"href":"https:\/\/diarieducacio.cat\/artseducacio\/wp-json\/wp\/v2\/comments?post=3505"}],"version-history":[{"count":2,"href":"https:\/\/diarieducacio.cat\/artseducacio\/wp-json\/wp\/v2\/posts\/3505\/revisions"}],"predecessor-version":[{"id":3510,"href":"https:\/\/diarieducacio.cat\/artseducacio\/wp-json\/wp\/v2\/posts\/3505\/revisions\/3510"}],"wp:featuredmedia":[{"embeddable":true,"href":"https:\/\/diarieducacio.cat\/artseducacio\/wp-json\/wp\/v2\/media\/3506"}],"wp:attachment":[{"href":"https:\/\/diarieducacio.cat\/artseducacio\/wp-json\/wp\/v2\/media?parent=3505"}],"wp:term":[{"taxonomy":"category","embeddable":true,"href":"https:\/\/diarieducacio.cat\/artseducacio\/wp-json\/wp\/v2\/categories?post=3505"},{"taxonomy":"post_tag","embeddable":true,"href":"https:\/\/diarieducacio.cat\/artseducacio\/wp-json\/wp\/v2\/tags?post=3505"},{"taxonomy":"tipo","embeddable":true,"href":"https:\/\/diarieducacio.cat\/artseducacio\/wp-json\/wp\/v2\/tipo?post=3505"}],"curies":[{"name":"wp","href":"https:\/\/api.w.org\/{rel}","templated":true}]}}