{"id":3663,"date":"2026-09-03T09:43:13","date_gmt":"2026-09-03T07:43:13","guid":{"rendered":"https:\/\/diarieducacio.cat\/artseducacio\/?p=3663"},"modified":"2026-09-03T09:43:15","modified_gmt":"2026-09-03T07:43:15","slug":"torna-viu-montjuic-el-parc-de-la-cultura","status":"publish","type":"post","link":"https:\/\/diarieducacio.cat\/artseducacio\/2026\/09\/03\/torna-viu-montjuic-el-parc-de-la-cultura\/","title":{"rendered":"Torna Viu Montju\u00efc, el Parc de la Cultura"},"content":{"rendered":"\n<p class=\"wp-block-paragraph\">Viu&nbsp;Montju\u00efc, el Parc de la Cultura, tornar\u00e0 els dies 3 i 4 d\u2019octubre per convidar la ciutadania a gaudir d\u2019un cap de setmana de cultura i natura. Durant dos dies, el parc de&nbsp;Montju\u00efc&nbsp;es convertir\u00e0 en un gran espai de trobada per a tots els p\u00fablics.<\/p>\n\n\n\n<p class=\"wp-block-paragraph\">Com cada any, hi haur\u00e0 <strong>portes obertes, visites guiades, itineraris, tallers, activitats familiars i propostes de m\u00fasica, dansa i teatre<\/strong>. El programa convidar\u00e0 a descobrir el patrimoni, els jardins i els espais culturals del parc de\u00a0Montju\u00efc\u00a0i a viure aquest entorn d\u2019una manera diferent.<\/p>\n\n\n\n<p class=\"wp-block-paragraph\">Amb m\u00e9s activitats que mai, Viu\u00a0Montju\u00efc\u00a0continua avan\u00e7ant cap al <strong>Centenari de l\u2019Exposici\u00f3 Internacional de 1929<\/strong>. La commemoraci\u00f3 del 2029 es planteja com una oportunitat per <strong>transformar\u00a0Montju\u00efc, deixar un llegat per a la ciutat i fer part\u00edcip la ciutadania<\/strong>. En aquest cam\u00ed, l\u2019edici\u00f3 de 2026 refor\u00e7a el parc com un espai cultural, obert i compartit.<\/p>\n\n\n\n<p class=\"wp-block-paragraph\">La programaci\u00f3 refor\u00e7ar\u00e0 les aliances entre equipaments i entitats, que tornaran a sumar mirades i disciplines per crear propostes compartides i connectar espais i p\u00fablics.<\/p>\n\n\n\n<p class=\"wp-block-paragraph\">L\u2019edici\u00f3 d\u2019enguany tamb\u00e9 se sumar\u00e0 al<strong> 50\u00e8 aniversari del Teatre Lliure<\/strong>, una efem\u00e8ride que tindr\u00e0 una pres\u00e8ncia destacada durant el cap de setmana.<\/p>\n\n\n\n<p class=\"wp-block-paragraph\"><\/p>\n","protected":false},"excerpt":{"rendered":"<p>Viu&nbsp;Montju\u00efc, el Parc de la Cultura, tornar\u00e0 els dies 3 i 4 d\u2019octubre per convidar la ciutadania a gaudir d\u2019un cap de setmana de cultura i natura. Durant dos dies, el parc de&nbsp;Montju\u00efc&nbsp;es convertir\u00e0 en un gran espai de trobada per a tots els p\u00fablics. Com cada any, hi haur\u00e0 portes obertes, visites guiades, itineraris,<\/p>\n","protected":false},"author":3,"featured_media":3664,"comment_status":"open","ping_status":"open","sticky":false,"template":"","format":"standard","meta":{"footnotes":""},"categories":[108],"tags":[96],"tipo":[222],"coauthors":[330],"class_list":["post-3663","post","type-post","status-publish","format-standard","has-post-thumbnail","category-es-noticia","tag-cultura-bcn","tipo-actualitat"],"yoast_head":"<!-- This site is optimized with the Yoast SEO plugin v28.3 - https:\/\/yoast.com\/product\/yoast-seo-wordpress\/ -->\n<title>Torna Viu Montju\u00efc, el Parc de la Cultura - Arts &amp; Educaci\u00f3<\/title>\n<meta name=\"robots\" content=\"index, follow, max-snippet:-1, max-image-preview:large, max-video-preview:-1\" \/>\n<link rel=\"canonical\" href=\"https:\/\/diarieducacio.cat\/artseducacio\/2026\/09\/03\/torna-viu-montjuic-el-parc-de-la-cultura\/\" \/>\n<meta property=\"og:locale\" content=\"ca_ES\" \/>\n<meta property=\"og:type\" content=\"article\" \/>\n<meta property=\"og:title\" content=\"Torna Viu Montju\u00efc, el Parc de la Cultura - Arts &amp; Educaci\u00f3\" \/>\n<meta property=\"og:description\" content=\"Viu&nbsp;Montju\u00efc, el Parc de la Cultura, tornar\u00e0 els dies 3 i 4 d\u2019octubre per convidar la ciutadania a gaudir d\u2019un cap de setmana de cultura i natura. Durant dos dies, el parc de&nbsp;Montju\u00efc&nbsp;es convertir\u00e0 en un gran espai de trobada per a tots els p\u00fablics. Com cada any, hi haur\u00e0 portes obertes, visites guiades, itineraris,\" \/>\n<meta property=\"og:url\" content=\"https:\/\/diarieducacio.cat\/artseducacio\/2026\/09\/03\/torna-viu-montjuic-el-parc-de-la-cultura\/\" \/>\n<meta property=\"og:site_name\" content=\"Arts &amp; Educaci\u00f3\" \/>\n<meta property=\"article:publisher\" content=\"https:\/\/www.facebook.com\/diarieducacio\/\" \/>\n<meta property=\"article:published_time\" content=\"2026-09-03T07:43:13+00:00\" \/>\n<meta property=\"article:modified_time\" content=\"2026-09-03T07:43:15+00:00\" \/>\n<meta property=\"og:image\" content=\"https:\/\/diarieducacio.cat\/artseducacio\/wp-content\/uploads\/sites\/20\/2026\/09\/viu-montjuic.jpg\" \/>\n\t<meta property=\"og:image:width\" content=\"1021\" \/>\n\t<meta property=\"og:image:height\" content=\"752\" \/>\n\t<meta property=\"og:image:type\" content=\"image\/jpeg\" \/>\n<meta name=\"author\" content=\"Redacci\u00f3\" \/>\n<meta name=\"twitter:card\" content=\"summary_large_image\" \/>\n<meta name=\"twitter:creator\" content=\"@CatalunyaPlural\" \/>\n<meta name=\"twitter:site\" content=\"@DiariEducacio\" \/>\n<meta name=\"twitter:label1\" content=\"Escrit per\" \/>\n\t<meta name=\"twitter:data1\" content=\"Redacci\u00f3\" \/>\n\t<meta name=\"twitter:label2\" content=\"Temps estimat de lectura\" \/>\n\t<meta name=\"twitter:data2\" content=\"2 minuts\" \/>\n\t<meta name=\"twitter:label3\" content=\"Written by\" \/>\n\t<meta name=\"twitter:data3\" content=\"Redacci\u00f3\" \/>\n<script type=\"application\/ld+json\" class=\"yoast-schema-graph\">{\"@context\":\"https:\\\/\\\/schema.org\",\"@graph\":[{\"@type\":\"Article\",\"@id\":\"https:\\\/\\\/diarieducacio.cat\\\/artseducacio\\\/2026\\\/09\\\/03\\\/torna-viu-montjuic-el-parc-de-la-cultura\\\/#article\",\"isPartOf\":{\"@id\":\"https:\\\/\\\/diarieducacio.cat\\\/artseducacio\\\/2026\\\/09\\\/03\\\/torna-viu-montjuic-el-parc-de-la-cultura\\\/\"},\"author\":{\"name\":\"Redacci\u00f3\",\"@id\":\"https:\\\/\\\/diarieducacio.cat\\\/artseducacio\\\/#\\\/schema\\\/person\\\/a59c6f6463f58484e77cabd794911180\"},\"headline\":\"Torna Viu Montju\u00efc, el Parc de la Cultura\",\"datePublished\":\"2026-09-03T07:43:13+00:00\",\"dateModified\":\"2026-09-03T07:43:15+00:00\",\"mainEntityOfPage\":{\"@id\":\"https:\\\/\\\/diarieducacio.cat\\\/artseducacio\\\/2026\\\/09\\\/03\\\/torna-viu-montjuic-el-parc-de-la-cultura\\\/\"},\"wordCount\":226,\"commentCount\":0,\"image\":{\"@id\":\"https:\\\/\\\/diarieducacio.cat\\\/artseducacio\\\/2026\\\/09\\\/03\\\/torna-viu-montjuic-el-parc-de-la-cultura\\\/#primaryimage\"},\"thumbnailUrl\":\"https:\\\/\\\/diarieducacio.cat\\\/artseducacio\\\/wp-content\\\/uploads\\\/sites\\\/20\\\/2026\\\/09\\\/viu-montjuic.jpg\",\"keywords\":[\"CULTURA BCN\"],\"articleSection\":[\"\u00c9s not\u00edcia\"],\"inLanguage\":\"ca\",\"potentialAction\":[{\"@type\":\"CommentAction\",\"name\":\"Comment\",\"target\":[\"https:\\\/\\\/diarieducacio.cat\\\/artseducacio\\\/2026\\\/09\\\/03\\\/torna-viu-montjuic-el-parc-de-la-cultura\\\/#respond\"]}]},{\"@type\":\"WebPage\",\"@id\":\"https:\\\/\\\/diarieducacio.cat\\\/artseducacio\\\/2026\\\/09\\\/03\\\/torna-viu-montjuic-el-parc-de-la-cultura\\\/\",\"url\":\"https:\\\/\\\/diarieducacio.cat\\\/artseducacio\\\/2026\\\/09\\\/03\\\/torna-viu-montjuic-el-parc-de-la-cultura\\\/\",\"name\":\"Torna Viu Montju\u00efc, el Parc de la Cultura - Arts & Educaci\u00f3\",\"isPartOf\":{\"@id\":\"https:\\\/\\\/diarieducacio.cat\\\/artseducacio\\\/#website\"},\"primaryImageOfPage\":{\"@id\":\"https:\\\/\\\/diarieducacio.cat\\\/artseducacio\\\/2026\\\/09\\\/03\\\/torna-viu-montjuic-el-parc-de-la-cultura\\\/#primaryimage\"},\"image\":{\"@id\":\"https:\\\/\\\/diarieducacio.cat\\\/artseducacio\\\/2026\\\/09\\\/03\\\/torna-viu-montjuic-el-parc-de-la-cultura\\\/#primaryimage\"},\"thumbnailUrl\":\"https:\\\/\\\/diarieducacio.cat\\\/artseducacio\\\/wp-content\\\/uploads\\\/sites\\\/20\\\/2026\\\/09\\\/viu-montjuic.jpg\",\"datePublished\":\"2026-09-03T07:43:13+00:00\",\"dateModified\":\"2026-09-03T07:43:15+00:00\",\"author\":{\"@id\":\"https:\\\/\\\/diarieducacio.cat\\\/artseducacio\\\/#\\\/schema\\\/person\\\/a59c6f6463f58484e77cabd794911180\"},\"breadcrumb\":{\"@id\":\"https:\\\/\\\/diarieducacio.cat\\\/artseducacio\\\/2026\\\/09\\\/03\\\/torna-viu-montjuic-el-parc-de-la-cultura\\\/#breadcrumb\"},\"inLanguage\":\"ca\",\"potentialAction\":[{\"@type\":\"ReadAction\",\"target\":[\"https:\\\/\\\/diarieducacio.cat\\\/artseducacio\\\/2026\\\/09\\\/03\\\/torna-viu-montjuic-el-parc-de-la-cultura\\\/\"]}]},{\"@type\":\"ImageObject\",\"inLanguage\":\"ca\",\"@id\":\"https:\\\/\\\/diarieducacio.cat\\\/artseducacio\\\/2026\\\/09\\\/03\\\/torna-viu-montjuic-el-parc-de-la-cultura\\\/#primaryimage\",\"url\":\"https:\\\/\\\/diarieducacio.cat\\\/artseducacio\\\/wp-content\\\/uploads\\\/sites\\\/20\\\/2026\\\/09\\\/viu-montjuic.jpg\",\"contentUrl\":\"https:\\\/\\\/diarieducacio.cat\\\/artseducacio\\\/wp-content\\\/uploads\\\/sites\\\/20\\\/2026\\\/09\\\/viu-montjuic.jpg\",\"width\":1021,\"height\":752,\"caption\":\"| Viu Montju\u00efc\"},{\"@type\":\"BreadcrumbList\",\"@id\":\"https:\\\/\\\/diarieducacio.cat\\\/artseducacio\\\/2026\\\/09\\\/03\\\/torna-viu-montjuic-el-parc-de-la-cultura\\\/#breadcrumb\",\"itemListElement\":[{\"@type\":\"ListItem\",\"position\":1,\"name\":\"Inici\",\"item\":\"https:\\\/\\\/diarieducacio.cat\\\/artseducacio\\\/\"},{\"@type\":\"ListItem\",\"position\":2,\"name\":\"Torna Viu Montju\u00efc, el Parc de la Cultura\"}]},{\"@type\":\"WebSite\",\"@id\":\"https:\\\/\\\/diarieducacio.cat\\\/artseducacio\\\/#website\",\"url\":\"https:\\\/\\\/diarieducacio.cat\\\/artseducacio\\\/\",\"name\":\"Arts & Educaci\u00f3\",\"description\":\"Un blog de El Diari de l&#039;Educaci\u00f3\",\"potentialAction\":[{\"@type\":\"SearchAction\",\"target\":{\"@type\":\"EntryPoint\",\"urlTemplate\":\"https:\\\/\\\/diarieducacio.cat\\\/artseducacio\\\/?s={search_term_string}\"},\"query-input\":{\"@type\":\"PropertyValueSpecification\",\"valueRequired\":true,\"valueName\":\"search_term_string\"}}],\"inLanguage\":\"ca\"},{\"@type\":\"Person\",\"@id\":\"https:\\\/\\\/diarieducacio.cat\\\/artseducacio\\\/#\\\/schema\\\/person\\\/a59c6f6463f58484e77cabd794911180\",\"name\":\"Redacci\u00f3\",\"image\":{\"@type\":\"ImageObject\",\"inLanguage\":\"ca\",\"@id\":\"https:\\\/\\\/diarieducacio.cat\\\/wp-content\\\/uploads\\\/2024\\\/11\\\/redaccio_avatar-96x96.png66243ac35a74c4e960dc0634b0f32873\",\"url\":\"https:\\\/\\\/diarieducacio.cat\\\/wp-content\\\/uploads\\\/2024\\\/11\\\/redaccio_avatar-96x96.png\",\"contentUrl\":\"https:\\\/\\\/diarieducacio.cat\\\/wp-content\\\/uploads\\\/2024\\\/11\\\/redaccio_avatar-96x96.png\",\"caption\":\"Redacci\u00f3\"},\"sameAs\":[\"https:\\\/\\\/x.com\\\/CatalunyaPlural\"],\"url\":\"https:\\\/\\\/diarieducacio.cat\\\/artseducacio\\\/author\\\/redaccio\\\/\"}]}<\/script>\n<!-- \/ Yoast SEO plugin. -->","yoast_head_json":{"title":"Torna Viu Montju\u00efc, el Parc de la Cultura - Arts & Educaci\u00f3","robots":{"index":"index","follow":"follow","max-snippet":"max-snippet:-1","max-image-preview":"max-image-preview:large","max-video-preview":"max-video-preview:-1"},"canonical":"https:\/\/diarieducacio.cat\/artseducacio\/2026\/09\/03\/torna-viu-montjuic-el-parc-de-la-cultura\/","og_locale":"ca_ES","og_type":"article","og_title":"Torna Viu Montju\u00efc, el Parc de la Cultura - Arts & Educaci\u00f3","og_description":"Viu&nbsp;Montju\u00efc, el Parc de la Cultura, tornar\u00e0 els dies 3 i 4 d\u2019octubre per convidar la ciutadania a gaudir d\u2019un cap de setmana de cultura i natura. Durant dos dies, el parc de&nbsp;Montju\u00efc&nbsp;es convertir\u00e0 en un gran espai de trobada per a tots els p\u00fablics. Com cada any, hi haur\u00e0 portes obertes, visites guiades, itineraris,","og_url":"https:\/\/diarieducacio.cat\/artseducacio\/2026\/09\/03\/torna-viu-montjuic-el-parc-de-la-cultura\/","og_site_name":"Arts & Educaci\u00f3","article_publisher":"https:\/\/www.facebook.com\/diarieducacio\/","article_published_time":"2026-09-03T07:43:13+00:00","article_modified_time":"2026-09-03T07:43:15+00:00","og_image":[{"width":1021,"height":752,"url":"https:\/\/diarieducacio.cat\/artseducacio\/wp-content\/uploads\/sites\/20\/2026\/09\/viu-montjuic.jpg","type":"image\/jpeg"}],"author":"Redacci\u00f3","twitter_card":"summary_large_image","twitter_creator":"@CatalunyaPlural","twitter_site":"@DiariEducacio","twitter_misc":{"Escrit per":"Redacci\u00f3","Temps estimat de lectura":"2 minuts","Written by":"Redacci\u00f3"},"schema":{"@context":"https:\/\/schema.org","@graph":[{"@type":"Article","@id":"https:\/\/diarieducacio.cat\/artseducacio\/2026\/09\/03\/torna-viu-montjuic-el-parc-de-la-cultura\/#article","isPartOf":{"@id":"https:\/\/diarieducacio.cat\/artseducacio\/2026\/09\/03\/torna-viu-montjuic-el-parc-de-la-cultura\/"},"author":{"name":"Redacci\u00f3","@id":"https:\/\/diarieducacio.cat\/artseducacio\/#\/schema\/person\/a59c6f6463f58484e77cabd794911180"},"headline":"Torna Viu Montju\u00efc, el Parc de la Cultura","datePublished":"2026-09-03T07:43:13+00:00","dateModified":"2026-09-03T07:43:15+00:00","mainEntityOfPage":{"@id":"https:\/\/diarieducacio.cat\/artseducacio\/2026\/09\/03\/torna-viu-montjuic-el-parc-de-la-cultura\/"},"wordCount":226,"commentCount":0,"image":{"@id":"https:\/\/diarieducacio.cat\/artseducacio\/2026\/09\/03\/torna-viu-montjuic-el-parc-de-la-cultura\/#primaryimage"},"thumbnailUrl":"https:\/\/diarieducacio.cat\/artseducacio\/wp-content\/uploads\/sites\/20\/2026\/09\/viu-montjuic.jpg","keywords":["CULTURA BCN"],"articleSection":["\u00c9s not\u00edcia"],"inLanguage":"ca","potentialAction":[{"@type":"CommentAction","name":"Comment","target":["https:\/\/diarieducacio.cat\/artseducacio\/2026\/09\/03\/torna-viu-montjuic-el-parc-de-la-cultura\/#respond"]}]},{"@type":"WebPage","@id":"https:\/\/diarieducacio.cat\/artseducacio\/2026\/09\/03\/torna-viu-montjuic-el-parc-de-la-cultura\/","url":"https:\/\/diarieducacio.cat\/artseducacio\/2026\/09\/03\/torna-viu-montjuic-el-parc-de-la-cultura\/","name":"Torna Viu Montju\u00efc, el Parc de la Cultura - Arts & Educaci\u00f3","isPartOf":{"@id":"https:\/\/diarieducacio.cat\/artseducacio\/#website"},"primaryImageOfPage":{"@id":"https:\/\/diarieducacio.cat\/artseducacio\/2026\/09\/03\/torna-viu-montjuic-el-parc-de-la-cultura\/#primaryimage"},"image":{"@id":"https:\/\/diarieducacio.cat\/artseducacio\/2026\/09\/03\/torna-viu-montjuic-el-parc-de-la-cultura\/#primaryimage"},"thumbnailUrl":"https:\/\/diarieducacio.cat\/artseducacio\/wp-content\/uploads\/sites\/20\/2026\/09\/viu-montjuic.jpg","datePublished":"2026-09-03T07:43:13+00:00","dateModified":"2026-09-03T07:43:15+00:00","author":{"@id":"https:\/\/diarieducacio.cat\/artseducacio\/#\/schema\/person\/a59c6f6463f58484e77cabd794911180"},"breadcrumb":{"@id":"https:\/\/diarieducacio.cat\/artseducacio\/2026\/09\/03\/torna-viu-montjuic-el-parc-de-la-cultura\/#breadcrumb"},"inLanguage":"ca","potentialAction":[{"@type":"ReadAction","target":["https:\/\/diarieducacio.cat\/artseducacio\/2026\/09\/03\/torna-viu-montjuic-el-parc-de-la-cultura\/"]}]},{"@type":"ImageObject","inLanguage":"ca","@id":"https:\/\/diarieducacio.cat\/artseducacio\/2026\/09\/03\/torna-viu-montjuic-el-parc-de-la-cultura\/#primaryimage","url":"https:\/\/diarieducacio.cat\/artseducacio\/wp-content\/uploads\/sites\/20\/2026\/09\/viu-montjuic.jpg","contentUrl":"https:\/\/diarieducacio.cat\/artseducacio\/wp-content\/uploads\/sites\/20\/2026\/09\/viu-montjuic.jpg","width":1021,"height":752,"caption":"| Viu Montju\u00efc"},{"@type":"BreadcrumbList","@id":"https:\/\/diarieducacio.cat\/artseducacio\/2026\/09\/03\/torna-viu-montjuic-el-parc-de-la-cultura\/#breadcrumb","itemListElement":[{"@type":"ListItem","position":1,"name":"Inici","item":"https:\/\/diarieducacio.cat\/artseducacio\/"},{"@type":"ListItem","position":2,"name":"Torna Viu Montju\u00efc, el Parc de la Cultura"}]},{"@type":"WebSite","@id":"https:\/\/diarieducacio.cat\/artseducacio\/#website","url":"https:\/\/diarieducacio.cat\/artseducacio\/","name":"Arts & Educaci\u00f3","description":"Un blog de El Diari de l&#039;Educaci\u00f3","potentialAction":[{"@type":"SearchAction","target":{"@type":"EntryPoint","urlTemplate":"https:\/\/diarieducacio.cat\/artseducacio\/?s={search_term_string}"},"query-input":{"@type":"PropertyValueSpecification","valueRequired":true,"valueName":"search_term_string"}}],"inLanguage":"ca"},{"@type":"Person","@id":"https:\/\/diarieducacio.cat\/artseducacio\/#\/schema\/person\/a59c6f6463f58484e77cabd794911180","name":"Redacci\u00f3","image":{"@type":"ImageObject","inLanguage":"ca","@id":"https:\/\/diarieducacio.cat\/wp-content\/uploads\/2024\/11\/redaccio_avatar-96x96.png66243ac35a74c4e960dc0634b0f32873","url":"https:\/\/diarieducacio.cat\/wp-content\/uploads\/2024\/11\/redaccio_avatar-96x96.png","contentUrl":"https:\/\/diarieducacio.cat\/wp-content\/uploads\/2024\/11\/redaccio_avatar-96x96.png","caption":"Redacci\u00f3"},"sameAs":["https:\/\/x.com\/CatalunyaPlural"],"url":"https:\/\/diarieducacio.cat\/artseducacio\/author\/redaccio\/"}]}},"_links":{"self":[{"href":"https:\/\/diarieducacio.cat\/artseducacio\/wp-json\/wp\/v2\/posts\/3663","targetHints":{"allow":["GET"]}}],"collection":[{"href":"https:\/\/diarieducacio.cat\/artseducacio\/wp-json\/wp\/v2\/posts"}],"about":[{"href":"https:\/\/diarieducacio.cat\/artseducacio\/wp-json\/wp\/v2\/types\/post"}],"author":[{"embeddable":true,"href":"https:\/\/diarieducacio.cat\/artseducacio\/wp-json\/wp\/v2\/users\/3"}],"replies":[{"embeddable":true,"href":"https:\/\/diarieducacio.cat\/artseducacio\/wp-json\/wp\/v2\/comments?post=3663"}],"version-history":[{"count":1,"href":"https:\/\/diarieducacio.cat\/artseducacio\/wp-json\/wp\/v2\/posts\/3663\/revisions"}],"predecessor-version":[{"id":3665,"href":"https:\/\/diarieducacio.cat\/artseducacio\/wp-json\/wp\/v2\/posts\/3663\/revisions\/3665"}],"wp:featuredmedia":[{"embeddable":true,"href":"https:\/\/diarieducacio.cat\/artseducacio\/wp-json\/wp\/v2\/media\/3664"}],"wp:attachment":[{"href":"https:\/\/diarieducacio.cat\/artseducacio\/wp-json\/wp\/v2\/media?parent=3663"}],"wp:term":[{"taxonomy":"category","embeddable":true,"href":"https:\/\/diarieducacio.cat\/artseducacio\/wp-json\/wp\/v2\/categories?post=3663"},{"taxonomy":"post_tag","embeddable":true,"href":"https:\/\/diarieducacio.cat\/artseducacio\/wp-json\/wp\/v2\/tags?post=3663"},{"taxonomy":"tipo","embeddable":true,"href":"https:\/\/diarieducacio.cat\/artseducacio\/wp-json\/wp\/v2\/tipo?post=3663"},{"taxonomy":"author","embeddable":true,"href":"https:\/\/diarieducacio.cat\/artseducacio\/wp-json\/wp\/v2\/coauthors?post=3663"}],"curies":[{"name":"wp","href":"https:\/\/api.w.org\/{rel}","templated":true}]}}