{"id":702,"date":"2022-01-13T05:00:27","date_gmt":"2022-01-13T04:00:27","guid":{"rendered":"https:\/\/diarieducacio.cat\/ArtsEducacio\/?p=702"},"modified":"2024-05-07T13:06:42","modified_gmt":"2024-05-07T11:06:42","slug":"art-a-les-escoles-un-projecte-de-la-fedac-obert-a-tothom","status":"publish","type":"post","link":"https:\/\/diarieducacio.cat\/artseducacio\/2022\/01\/13\/art-a-les-escoles-un-projecte-de-la-fedac-obert-a-tothom\/","title":{"rendered":"+ART a les escoles, un projecte de la FEDAC obert a tothom"},"content":{"rendered":"<p>Entrar en una escola i trobar-se una obra d&#8217;art just al mig del vest\u00edbul no \u00e9s gens habitual. Les escoles FEDAC ho han fet possible amb el seu projecte +ART a les escoles. Al llarg del 2021, sis obres de la mostra Dona Inf\u00e0ncia Vellesa de l&#8217;artista pl\u00e0stic <span class=\"hiddenSpellError\">Siro<\/span>\u00a0L\u00f3pez han circulat de forma itinerant cada quinze dies pels seus 25 centres. Aquestes han ocupat espais comuns de l&#8217;escola, s&#8217;han integrat en el seu dia a dia, i han pogut ser contemplades i treballades pels alumnes de totes les edats.<\/p>\n<h3>Un gran repte<\/h3>\n<p>El 2018 les escoles FEDAC van impulsar una transformaci\u00f3 profunda per donar resposta a l&#8217;educaci\u00f3 del futur sense perdre els seus valors essencials. Aix\u00ed va n\u00e9ixer el nou pla estrat\u00e8gic i d&#8217;innovaci\u00f3 pedag\u00f2gica #avuixdem\u00e0, un total de 24 reptes decidits entre tota la seva comunitat tant educadors, equips directius, alumnes com fam\u00edlies. Tots aquests reptes s&#8217;agrupen en quatre \u00e0mbits: Car\u00e0cter, Comunitat, Educaci\u00f3 i Entorn, els seus objectius estan interconnectats entre si i a m\u00e9s, estan relacionats amb els principals Objectius de Desenvolupament Sostenible (ODS).<\/p>\n<figure id=\"attachment_710\" aria-describedby=\"caption-attachment-710\" style=\"width: 1080px\" class=\"wp-caption aligncenter\"><img fetchpriority=\"high\" decoding=\"async\" class=\"wp-image-710 size-full\" src=\"http:\/\/diarieducacio.cat\/ArtsEducacio\/wp-content\/uploads\/sites\/69\/2022\/01\/IMG_1654.jpeg\" alt=\"\" width=\"1080\" height=\"810\" srcset=\"https:\/\/diarieducacio.cat\/artseducacio\/wp-content\/uploads\/sites\/20\/2022\/01\/IMG_1654.jpeg 1080w, https:\/\/diarieducacio.cat\/artseducacio\/wp-content\/uploads\/sites\/20\/2022\/01\/IMG_1654-300x225.jpeg 300w, https:\/\/diarieducacio.cat\/artseducacio\/wp-content\/uploads\/sites\/20\/2022\/01\/IMG_1654-1024x768.jpeg 1024w, https:\/\/diarieducacio.cat\/artseducacio\/wp-content\/uploads\/sites\/20\/2022\/01\/IMG_1654-768x576.jpeg 768w, https:\/\/diarieducacio.cat\/artseducacio\/wp-content\/uploads\/sites\/20\/2022\/01\/IMG_1654-150x113.jpeg 150w, https:\/\/diarieducacio.cat\/artseducacio\/wp-content\/uploads\/sites\/20\/2022\/01\/IMG_1654-450x338.jpeg 450w\" sizes=\"(max-width: 1080px) 100vw, 1080px\" \/><figcaption id=\"caption-attachment-710\" class=\"wp-caption-text\">Espai creatiu de l&#8217;escola FEDAC de Cerdanyola del Vall\u00e8s | Foto: Mar Dom\u00e8nech<\/figcaption><\/figure>\n<p>Dos d&#8217;aquests reptes s\u00f3n\u00a0<span class=\"hiddenSpellError\">CreaActivitat<\/span>\u00a0i Llenguatges obrint-se a un gran ventall d&#8217;opcions d&#8217;aprenentatge. &#8220;A l&#8217;educaci\u00f3 prestem molta atenci\u00f3 al llenguatge verbal i oral per\u00f2 poca a altres tipus de llenguatges. Tots tenim habilitats diferents i a l&#8217;escola s&#8217;han de recon\u00e8ixer, ja que s\u00f3n formes d&#8217;aprendre v\u00e0lides pels alumnes&#8221; comenta Marta Mingot, responsable de l&#8217;\u00e0rea d&#8217;Innovaci\u00f3 i millora\u00a0de la FEDAC\u00a0fins al\u00a0curs 200-21 i una de les impulsores del projecte +ART a les escoles.<\/p>\n<p>Aix\u00ed es va comen\u00e7ar a tenir en compte especialment les disciplines art\u00edstiques per ser una via m\u00e9s d\u2019aprenentatge, comunicaci\u00f3 i expressi\u00f3, per\u00f2 sobretot pel seu poder de sensibilitzaci\u00f3 i despertar de la ment de les persones. \u00c9s en aquest punt quan les escoles FEDAC veuen que l\u2019art ha de tenir un paper clau dins del seu curr\u00edculum escolar i decideixen posar en marxa el projecte <strong>+ART a les escoles<\/strong>.<\/p>\n<h3>Tota la comunitat escolar compta<\/h3>\n<p>Un projecte que ha sabut implicar a mestres, alumnes i fam\u00edlies per fer cr\u00e9ixer la pres\u00e8ncia de les disciplines art\u00edstiques en els seus centres. &#8220;Volem potenciar els llenguatges art\u00edstics en totes les etapes educatives, i ho fem de manera personal, diversa i creativa. I sempre des d&#8217;una forma transversal perqu\u00e8 en el fons l&#8217;art \u00e9s a tot arreu i a trav\u00e9s d&#8217;ell podem ensenyar gaireb\u00e9 totes les mat\u00e8ries&#8221; subratlla Marta Mingot.<\/p>\n<p>Les escoles FEDAC han vist les oportunitats de l&#8217;art en les diferents respostes que proporciona gr\u00e0cies a la seva diversitat d&#8217;interpretaci\u00f3. Com molt b\u00e9 afirma la responsable de l&#8217;equip impulsor del projecte: &#8220;L&#8217;art permet parlar, comunicar i argumentar, ens\u00a0dona\u00a0una gran riquesa que hem d&#8217;aprofitar a qualsevol espai educatiu&#8221;.<\/p>\n<figure id=\"attachment_708\" aria-describedby=\"caption-attachment-708\" style=\"width: 1080px\" class=\"wp-caption aligncenter\"><img decoding=\"async\" class=\"wp-image-708 size-full\" src=\"http:\/\/diarieducacio.cat\/ArtsEducacio\/wp-content\/uploads\/sites\/69\/2022\/01\/IMG_1630.jpeg\" alt=\"\" width=\"1080\" height=\"810\" srcset=\"https:\/\/diarieducacio.cat\/artseducacio\/wp-content\/uploads\/sites\/20\/2022\/01\/IMG_1630.jpeg 1080w, https:\/\/diarieducacio.cat\/artseducacio\/wp-content\/uploads\/sites\/20\/2022\/01\/IMG_1630-300x225.jpeg 300w, https:\/\/diarieducacio.cat\/artseducacio\/wp-content\/uploads\/sites\/20\/2022\/01\/IMG_1630-1024x768.jpeg 1024w, https:\/\/diarieducacio.cat\/artseducacio\/wp-content\/uploads\/sites\/20\/2022\/01\/IMG_1630-768x576.jpeg 768w, https:\/\/diarieducacio.cat\/artseducacio\/wp-content\/uploads\/sites\/20\/2022\/01\/IMG_1630-150x113.jpeg 150w, https:\/\/diarieducacio.cat\/artseducacio\/wp-content\/uploads\/sites\/20\/2022\/01\/IMG_1630-450x338.jpeg 450w\" sizes=\"(max-width: 1080px) 100vw, 1080px\" \/><figcaption id=\"caption-attachment-708\" class=\"wp-caption-text\">Mural dels alumnes de l&#8217;escola FEDAC de Cerdanyola del Vall\u00e8s | Foto: Mar Dom\u00e8nech<\/figcaption><\/figure>\n<p>Per tal de fer-ho possible dins dels seus centres neix la figura dels Educadors\u00a0<span class=\"hiddenSpellError\">deCORart<\/span>, s\u00f3n mestres i professors de totes les etapes educatives que tenen una alta sensibilitat envers l&#8217;art. Aquests s\u00f3n els facilitadors del projecte, els que planifiquen i coordinen les activitats relacionades amb l&#8217;art a cada escola i\u00a0a poc a poc\u00a0involucren a tota la seva comunitat educativa.<\/p>\n<p>Un total de 25 centres, tots ells diferents i cadascun evoluciona segons la realitat en la qual es troba. Per\u00f2, a on ja fa temps que es treballa per projectes i de forma competencial, i a on aquesta forma de treball ha calat de pressa en el professorat.<\/p>\n<p>A m\u00e9s, el projecte tamb\u00e9 preveu que es vagi fent xarxa amb altres centres educatius que vegin l&#8217;art amb els mateixos ulls i amb institucions art\u00edstiques i culturals de l&#8217;entorn m\u00e9s proper de l&#8217;escola per tal de col\u00b7laborar plegats.<\/p>\n<h3>La primera exposici\u00f3: l&#8217;obra de\u00a0<span class=\"hiddenSpellError\">Siro<\/span>\u00a0L\u00f3pez<\/h3>\n<p>En\u00a0<span class=\"hiddenSpellError\">Siro<\/span>\u00a0L\u00f3pez \u00e9s un artista polifac\u00e8tic de Madrid que sovint treballa en espais educatius, i amb qui les escoles FEDAC ja fa temps que tenen contacte. Per aix\u00f2, se&#8217;l va escollir com un dels primers artistes que port\u00e9s l&#8217;art\u00a0a l&#8217;escola\u00a0a trav\u00e9s de la seva obra.<\/p>\n<p>En concret, amb la mostra Dona Inf\u00e0ncia Vellesa realitzada sobre materials de rebuig i dedicada a persones que tamb\u00e9 han estat rebutjades. Una oportunitat per reflexionar sobre la situaci\u00f3 de vulnerabilitat que viuen els col\u00b7lectius m\u00e9s d\u00e8bils en societats de tot el m\u00f3n.<\/p>\n<figure id=\"attachment_709\" aria-describedby=\"caption-attachment-709\" style=\"width: 1080px\" class=\"wp-caption aligncenter\"><img decoding=\"async\" class=\"wp-image-709 size-full\" src=\"http:\/\/diarieducacio.cat\/ArtsEducacio\/wp-content\/uploads\/sites\/69\/2022\/01\/IMG_1647.jpeg\" alt=\"\" width=\"1080\" height=\"810\" srcset=\"https:\/\/diarieducacio.cat\/artseducacio\/wp-content\/uploads\/sites\/20\/2022\/01\/IMG_1647.jpeg 1080w, https:\/\/diarieducacio.cat\/artseducacio\/wp-content\/uploads\/sites\/20\/2022\/01\/IMG_1647-300x225.jpeg 300w, https:\/\/diarieducacio.cat\/artseducacio\/wp-content\/uploads\/sites\/20\/2022\/01\/IMG_1647-1024x768.jpeg 1024w, https:\/\/diarieducacio.cat\/artseducacio\/wp-content\/uploads\/sites\/20\/2022\/01\/IMG_1647-768x576.jpeg 768w, https:\/\/diarieducacio.cat\/artseducacio\/wp-content\/uploads\/sites\/20\/2022\/01\/IMG_1647-150x113.jpeg 150w, https:\/\/diarieducacio.cat\/artseducacio\/wp-content\/uploads\/sites\/20\/2022\/01\/IMG_1647-450x338.jpeg 450w\" sizes=\"(max-width: 1080px) 100vw, 1080px\" \/><figcaption id=\"caption-attachment-709\" class=\"wp-caption-text\">Infants del segon cicle d&#8217;infantil observant una de les obres de Siro L\u00f3pez | Foto: Mar Dom\u00e8nech<\/figcaption><\/figure>\n<p>Pel\u00a0mateix\u00a0artista portar\u00a0la seva obra\u00a0dins d&#8217;una escola i no que aquesta vagi a un museu &#8220;\u00e9s tot un encert de transformaci\u00f3 social i educativa. Les escoles s\u00f3n i han de propiciar\u00a0ser\u00a0creadores de contingut cultural, de pensament cr\u00edtic i transformaci\u00f3 social&#8221; comenta L\u00f3pez.<\/p>\n<p>A trav\u00e9s de l&#8217;exposici\u00f3 de\u00a0<span class=\"hiddenSpellError\">Siro<\/span> L\u00f3pez els alumnes tamb\u00e9 han pogut abordar diferents camps d&#8217;aprenentatge m\u00e9s enll\u00e0 de l&#8217;art i la seva interpretaci\u00f3. Com ara connectar amb la dimensi\u00f3 espiritual, expressar les pr\u00f2pies\u00a0emocions, potenciar la mirada cr\u00edtica del nostre entorn, o treballar els drets humans i els diferents Objectius de Desenvolupament Sostenible (ODS) marcats per les Nacions Unides en la seva Agenda 2030.<\/p>\n<p>La mostra ha estat itinerant i cada quinze dies ha viatjat a un nou centre FEDAC. Cada obra anava acompanyada d&#8217;un v\u00eddeo a on s&#8217;explica el proc\u00e9s de creaci\u00f3 d&#8217;aquesta i de la seva caixa d&#8217;emmagatzematge fr\u00e0gil. Totes elles han estat exposades en diferents espais comuns de cada escola i s&#8217;han integrat en el seu dia a dia. A m\u00e9s, ha anat acompanyada de diferents cicles sensibles a la tem\u00e0tica de dona, inf\u00e0ncia i vellesa.<\/p>\n<figure id=\"attachment_705\" aria-describedby=\"caption-attachment-705\" style=\"width: 1080px\" class=\"wp-caption aligncenter\"><img loading=\"lazy\" decoding=\"async\" class=\"wp-image-705 size-full\" src=\"http:\/\/diarieducacio.cat\/ArtsEducacio\/wp-content\/uploads\/sites\/69\/2022\/01\/IMG_1619.jpeg\" alt=\"\" width=\"1080\" height=\"810\" srcset=\"https:\/\/diarieducacio.cat\/artseducacio\/wp-content\/uploads\/sites\/20\/2022\/01\/IMG_1619.jpeg 1080w, https:\/\/diarieducacio.cat\/artseducacio\/wp-content\/uploads\/sites\/20\/2022\/01\/IMG_1619-300x225.jpeg 300w, https:\/\/diarieducacio.cat\/artseducacio\/wp-content\/uploads\/sites\/20\/2022\/01\/IMG_1619-1024x768.jpeg 1024w, https:\/\/diarieducacio.cat\/artseducacio\/wp-content\/uploads\/sites\/20\/2022\/01\/IMG_1619-768x576.jpeg 768w, https:\/\/diarieducacio.cat\/artseducacio\/wp-content\/uploads\/sites\/20\/2022\/01\/IMG_1619-150x113.jpeg 150w, https:\/\/diarieducacio.cat\/artseducacio\/wp-content\/uploads\/sites\/20\/2022\/01\/IMG_1619-450x338.jpeg 450w\" sizes=\"(max-width: 1080px) 100vw, 1080px\" \/><figcaption id=\"caption-attachment-705\" class=\"wp-caption-text\">Una de les obres de Siro L\u00f3pez | Foto: Mar Dom\u00e8nech<\/figcaption><\/figure>\n<p>&#8220;Quan aquesta exposici\u00f3 arribava a l&#8217;escola es convertia en una festa. Es convocava el claustre, es feia un berenar i es comen\u00e7ava a treballar\u00a0amb tot el professorat&#8221; detalla Marta Mingot. De fet, no nom\u00e9s l&#8217;han pogut gaudir els alumnes, tamb\u00e9 s&#8217;ha convidat una tarda a fer una visita guiada per a les fam\u00edlies interessades.<\/p>\n<p>S&#8217;han iniciat amb una exposici\u00f3 art\u00edstica, per\u00f2 la FEDAC ja tenen la idea d&#8217;anar-ho ampliant amb arts esc\u00e8niques, m\u00fasica, literatura, etc. sempre tenint en compte com es poden cultivar a l&#8217;escola per continuar aprenent i responent a les necessitats del diferent tipus d&#8217;alumnat que tenen.<\/p>\n<h3>Un mes de +ART a la\u00a0<span class=\"hiddenSpellError\">Bostik<\/span><\/h3>\n<p>Des de les escoles FEDAC hi ha la voluntat de compartir aquest projecte amb altres centres educatius i fam\u00edlies. Marta Mingot afirma, &#8220;volem compartir i ensenyar el que hem apr\u00e8s a tothom a qui li pugui interessar. Sempre hem defensat que l&#8217;art \u00e9s un eix que ens uneix. Per nosaltres nom\u00e9s fent xarxa podrem canviar l&#8217;educaci\u00f3&#8221;.<\/p>\n<p>Aix\u00ed el projecte +ART a les escoles es mostrar\u00e0 al p\u00fablic del 28 de febrer al 2 d&#8217;abril a la Nau\u00a0<span class=\"hiddenSpellError\">Bostik<\/span>\u00a0de Barcelona. La proposta de +ART a la\u00a0<span class=\"hiddenSpellError\">Bostik<\/span>\u00a0oferir\u00e0 durant tot un mes una \u00e0mplia programaci\u00f3 dirigida a les escoles FEDAC per\u00f2 tamb\u00e9 a qualsevol altre centre educatiu de Catalunya (des de llars d&#8217;infants fins a centres de formaci\u00f3 professional i escoles d&#8217;adults), a docents i tamb\u00e9 a les\u00a0mateixes\u00a0fam\u00edlies.<\/p>\n<p>En aquesta gran cita tamb\u00e9 s&#8217;hi podr\u00e0 veure l&#8217;exposici\u00f3 de Dona Inf\u00e0ncia Vellesa de\u00a0<span class=\"hiddenSpellError\">Siro<\/span>\u00a0L\u00f3pez, que fins ara ha voltat pels 25 centres FEDAC de Catalunya. I els centres educatius que visitin l&#8217;exposici\u00f3 a la Nau\u00a0<span class=\"hiddenSpellError\">Bostik<\/span> tamb\u00e9 participaran en un taller art\u00edstic. L&#8217;objectiu d&#8217;aquests \u00e9s crear un espai per connectar amb els sentits i les pr\u00f2pies\u00a0emocions mentre l&#8217;alumnat descobreix el poder de l&#8217;art i de l&#8217;educaci\u00f3 per despertar el seu sentit cr\u00edtic envers el m\u00f3n que ens envolta.<\/p>\n<figure id=\"attachment_703\" aria-describedby=\"caption-attachment-703\" style=\"width: 1024px\" class=\"wp-caption aligncenter\"><img loading=\"lazy\" decoding=\"async\" class=\"wp-image-703 size-large\" src=\"http:\/\/diarieducacio.cat\/ArtsEducacio\/wp-content\/uploads\/sites\/69\/2022\/01\/1-Exposicio\u0301-itinerant-_Me\u0301s-ART-a-les-escoles_-per-les-escoles-FEDAC-1024x683.jpg\" alt=\"\" width=\"1024\" height=\"683\" \/><figcaption id=\"caption-attachment-703\" class=\"wp-caption-text\">Infants observant les obres de Siro L\u00f3pez | Foto: Mar Dom\u00e8nech<\/figcaption><\/figure>\n<p>A m\u00e9s, els visitants podran realitzar el joc interactiu Un dia a la\u00a0<span class=\"hiddenSpellError\">Bostik<\/span>, per descobrir tot l&#8217;art amagat a la Nau\u00a0<span class=\"hiddenSpellError\">Bostik<\/span>\u00a0i vincular cada detall als Objectius de Desenvolupament Sostenible (ODS).<\/p>\n<p>M\u00e9s enll\u00e0 de la proposta per a centres educatius, +ART a les escoles tamb\u00e9 es donar\u00e0 a con\u00e8ixer a trav\u00e9s de la programaci\u00f3 de Tardes interactives. Tots els dijous a la tarda del mes de mar\u00e7, la Nau\u00a0<span class=\"hiddenSpellError\">Bostik<\/span>\u00a0acollir\u00e0 una proposta art\u00edstica vinculada a l&#8217;exposici\u00f3 per gaudir de les emocions i de l&#8217;expressi\u00f3 a trav\u00e9s de l&#8217;art i la creativitat. Tallers per explorar diferents disciplines com l&#8217;art, la dansa, la m\u00fasica, el teatre, etc. Aquestes activitats estan pensades especialment per a docents, per\u00f2 estan obertes a tothom a qui li pugui interessar l&#8217;art.<\/p>\n<p>Dins +ART a la\u00a0<span class=\"hiddenSpellError\">Bostik<\/span>, les fam\u00edlies tamb\u00e9 hi trobaran tota una programaci\u00f3 de cap de setmana amb tallers i activitats per a descobrir totes les possibilitats de l&#8217;art. Des de conta\u00a0 contes, activitats musicals i tamb\u00e9 tallers art\u00edstics.<\/p>\n<figure id=\"attachment_713\" aria-describedby=\"caption-attachment-713\" style=\"width: 1024px\" class=\"wp-caption aligncenter\"><img loading=\"lazy\" decoding=\"async\" class=\"wp-image-713 size-large\" src=\"http:\/\/diarieducacio.cat\/ArtsEducacio\/wp-content\/uploads\/sites\/69\/2022\/01\/Captura-de-Pantalla-2021-11-24-a-les-12.42.24-1-1024x795.png\" alt=\"\" width=\"1024\" height=\"795\" srcset=\"https:\/\/diarieducacio.cat\/artseducacio\/wp-content\/uploads\/sites\/20\/2022\/01\/Captura-de-Pantalla-2021-11-24-a-les-12.42.24-1-1024x795.png 1024w, https:\/\/diarieducacio.cat\/artseducacio\/wp-content\/uploads\/sites\/20\/2022\/01\/Captura-de-Pantalla-2021-11-24-a-les-12.42.24-1-300x233.png 300w, https:\/\/diarieducacio.cat\/artseducacio\/wp-content\/uploads\/sites\/20\/2022\/01\/Captura-de-Pantalla-2021-11-24-a-les-12.42.24-1-768x596.png 768w, https:\/\/diarieducacio.cat\/artseducacio\/wp-content\/uploads\/sites\/20\/2022\/01\/Captura-de-Pantalla-2021-11-24-a-les-12.42.24-1-150x116.png 150w, https:\/\/diarieducacio.cat\/artseducacio\/wp-content\/uploads\/sites\/20\/2022\/01\/Captura-de-Pantalla-2021-11-24-a-les-12.42.24-1-450x349.png 450w, https:\/\/diarieducacio.cat\/artseducacio\/wp-content\/uploads\/sites\/20\/2022\/01\/Captura-de-Pantalla-2021-11-24-a-les-12.42.24-1.png 1100w\" sizes=\"(max-width: 1024px) 100vw, 1024px\" \/><figcaption id=\"caption-attachment-713\" class=\"wp-caption-text\">Web del projecte +ART a les escoles<\/figcaption><\/figure>\n<p>Tot plegat culminar\u00e0\u00a0l&#8217;1\u00a0i 2 d&#8217;abril amb les Jornades de +ART a les escoles dedicades a la vinculaci\u00f3 entre art i educaci\u00f3. Un espai de trobada per a professionals del sector educatiu i art\u00edstic a on reflexionar junts i intercanviar experi\u00e8ncies.<\/p>\n<p>Aquest \u00e9s nom\u00e9s un inici, un punt de trobada per fer xarxa i impulsar el projecte de +ART a les escoles. Com diu Marta Mingot &#8220;la nostra idea \u00e9s\u00a0continuar fent\u00a0esdeveniments, jornades, etc. volem tenir continu\u00eftat i anar m\u00e9s enll\u00e0. Volem caminar amb\u00a0altra gent, nom\u00e9s aix\u00ed podem cr\u00e9ixer i aprendre m\u00e9s&#8221;.<\/p>\n","protected":false},"excerpt":{"rendered":"<p>Entrar en una escola i trobar-se una obra d&#8217;art just al mig del vest\u00edbul no \u00e9s gens habitual. Les escoles FEDAC ho han fet possible amb el seu projecte +ART a les escoles. Al llarg del 2021, sis obres de la mostra Dona Inf\u00e0ncia Vellesa de l&#8217;artista pl\u00e0stic Siro\u00a0L\u00f3pez han circulat de forma itinerant cada<\/p>\n","protected":false},"author":63,"featured_media":706,"comment_status":"open","ping_status":"open","sticky":false,"template":"","format":"standard","meta":{"footnotes":""},"categories":[142],"tags":[182,138,121,206,235],"tipo":[],"class_list":{"0":"post-702","1":"post","2":"type-post","3":"status-publish","4":"format-standard","5":"has-post-thumbnail","7":"category-con","8":"tag-art-i-educacio","9":"tag-art-i-escola","10":"tag-cultura-i-escola","11":"tag-disciplines-artistiques","12":"tag-escola-del-futur"},"yoast_head":"<!-- This site is optimized with the Yoast SEO plugin v27.4 - https:\/\/yoast.com\/product\/yoast-seo-wordpress\/ -->\n<title>+ART a les escoles, un projecte de la FEDAC obert a tothom - Arts &amp; Educaci\u00f3<\/title>\n<meta name=\"description\" content=\"El projecte +ART a les escoles ja fa m\u00e9s d&#039;un any que es desenvolupa als centres FEDAC i a finals d&#039;aquest segon trimestre del curs 21\/22 s&#039;obre a tothom amb un gran esdeveniment que tindr\u00e0 lloc del 28 de febrer al 2 d&#039;abril a la Nau Bostik\u00a0de Barcelona.\" \/>\n<meta name=\"robots\" content=\"index, follow, max-snippet:-1, max-image-preview:large, max-video-preview:-1\" \/>\n<link rel=\"canonical\" href=\"https:\/\/diarieducacio.cat\/artseducacio\/2022\/01\/13\/art-a-les-escoles-un-projecte-de-la-fedac-obert-a-tothom\/\" \/>\n<meta property=\"og:locale\" content=\"ca_ES\" \/>\n<meta property=\"og:type\" content=\"article\" \/>\n<meta property=\"og:title\" content=\"+ART a les escoles, un projecte de la FEDAC obert a tothom - Arts &amp; Educaci\u00f3\" \/>\n<meta property=\"og:description\" content=\"El projecte +ART a les escoles ja fa m\u00e9s d&#039;un any que es desenvolupa als centres FEDAC i a finals d&#039;aquest segon trimestre del curs 21\/22 s&#039;obre a tothom amb un gran esdeveniment que tindr\u00e0 lloc del 28 de febrer al 2 d&#039;abril a la Nau Bostik\u00a0de Barcelona.\" \/>\n<meta property=\"og:url\" content=\"https:\/\/diarieducacio.cat\/artseducacio\/2022\/01\/13\/art-a-les-escoles-un-projecte-de-la-fedac-obert-a-tothom\/\" \/>\n<meta property=\"og:site_name\" content=\"Arts &amp; Educaci\u00f3\" \/>\n<meta property=\"article:publisher\" content=\"https:\/\/www.facebook.com\/diarieducacio\/\" \/>\n<meta property=\"article:published_time\" content=\"2022-01-13T04:00:27+00:00\" \/>\n<meta property=\"article:modified_time\" content=\"2024-05-07T11:06:42+00:00\" \/>\n<meta property=\"og:image\" content=\"https:\/\/diarieducacio.cat\/artseducacio\/wp-content\/uploads\/sites\/20\/2022\/01\/IMG_1620.jpeg\" \/>\n\t<meta property=\"og:image:width\" content=\"1080\" \/>\n\t<meta property=\"og:image:height\" content=\"810\" \/>\n\t<meta property=\"og:image:type\" content=\"image\/jpeg\" \/>\n<meta name=\"author\" content=\"Mar Dom\u00e8nech\" \/>\n<meta name=\"twitter:card\" content=\"summary_large_image\" \/>\n<meta name=\"twitter:creator\" content=\"@DiariEducacio\" \/>\n<meta name=\"twitter:site\" content=\"@DiariEducacio\" \/>\n<meta name=\"twitter:label1\" content=\"Escrit per\" \/>\n\t<meta name=\"twitter:data1\" content=\"Mar Dom\u00e8nech\" \/>\n\t<meta name=\"twitter:label2\" content=\"Temps estimat de lectura\" \/>\n\t<meta name=\"twitter:data2\" content=\"8 minuts\" \/>\n<script type=\"application\/ld+json\" class=\"yoast-schema-graph\">{\"@context\":\"https:\\\/\\\/schema.org\",\"@graph\":[{\"@type\":\"Article\",\"@id\":\"https:\\\/\\\/diarieducacio.cat\\\/artseducacio\\\/2022\\\/01\\\/13\\\/art-a-les-escoles-un-projecte-de-la-fedac-obert-a-tothom\\\/#article\",\"isPartOf\":{\"@id\":\"https:\\\/\\\/diarieducacio.cat\\\/artseducacio\\\/2022\\\/01\\\/13\\\/art-a-les-escoles-un-projecte-de-la-fedac-obert-a-tothom\\\/\"},\"author\":{\"name\":\"Mar Dom\u00e8nech\",\"@id\":\"https:\\\/\\\/diarieducacio.cat\\\/artseducacio\\\/#\\\/schema\\\/person\\\/eb83688c9eebc3ca52379b6608685c89\"},\"headline\":\"+ART a les escoles, un projecte de la FEDAC obert a tothom\",\"datePublished\":\"2022-01-13T04:00:27+00:00\",\"dateModified\":\"2024-05-07T11:06:42+00:00\",\"mainEntityOfPage\":{\"@id\":\"https:\\\/\\\/diarieducacio.cat\\\/artseducacio\\\/2022\\\/01\\\/13\\\/art-a-les-escoles-un-projecte-de-la-fedac-obert-a-tothom\\\/\"},\"wordCount\":1748,\"commentCount\":0,\"image\":{\"@id\":\"https:\\\/\\\/diarieducacio.cat\\\/artseducacio\\\/2022\\\/01\\\/13\\\/art-a-les-escoles-un-projecte-de-la-fedac-obert-a-tothom\\\/#primaryimage\"},\"thumbnailUrl\":\"https:\\\/\\\/diarieducacio.cat\\\/artseducacio\\\/wp-content\\\/uploads\\\/sites\\\/20\\\/2022\\\/01\\\/IMG_1620.jpeg\",\"keywords\":[\"art i educaci\u00f3\",\"art i escola\",\"cultura i escola\",\"disciplines art\u00edstiques\",\"escola del futur\"],\"articleSection\":[\"Bones pr\u00e0ctiques\"],\"inLanguage\":\"ca\",\"potentialAction\":[{\"@type\":\"CommentAction\",\"name\":\"Comment\",\"target\":[\"https:\\\/\\\/diarieducacio.cat\\\/artseducacio\\\/2022\\\/01\\\/13\\\/art-a-les-escoles-un-projecte-de-la-fedac-obert-a-tothom\\\/#respond\"]}]},{\"@type\":\"WebPage\",\"@id\":\"https:\\\/\\\/diarieducacio.cat\\\/artseducacio\\\/2022\\\/01\\\/13\\\/art-a-les-escoles-un-projecte-de-la-fedac-obert-a-tothom\\\/\",\"url\":\"https:\\\/\\\/diarieducacio.cat\\\/artseducacio\\\/2022\\\/01\\\/13\\\/art-a-les-escoles-un-projecte-de-la-fedac-obert-a-tothom\\\/\",\"name\":\"+ART a les escoles, un projecte de la FEDAC obert a tothom - Arts & Educaci\u00f3\",\"isPartOf\":{\"@id\":\"https:\\\/\\\/diarieducacio.cat\\\/artseducacio\\\/#website\"},\"primaryImageOfPage\":{\"@id\":\"https:\\\/\\\/diarieducacio.cat\\\/artseducacio\\\/2022\\\/01\\\/13\\\/art-a-les-escoles-un-projecte-de-la-fedac-obert-a-tothom\\\/#primaryimage\"},\"image\":{\"@id\":\"https:\\\/\\\/diarieducacio.cat\\\/artseducacio\\\/2022\\\/01\\\/13\\\/art-a-les-escoles-un-projecte-de-la-fedac-obert-a-tothom\\\/#primaryimage\"},\"thumbnailUrl\":\"https:\\\/\\\/diarieducacio.cat\\\/artseducacio\\\/wp-content\\\/uploads\\\/sites\\\/20\\\/2022\\\/01\\\/IMG_1620.jpeg\",\"datePublished\":\"2022-01-13T04:00:27+00:00\",\"dateModified\":\"2024-05-07T11:06:42+00:00\",\"author\":{\"@id\":\"https:\\\/\\\/diarieducacio.cat\\\/artseducacio\\\/#\\\/schema\\\/person\\\/eb83688c9eebc3ca52379b6608685c89\"},\"description\":\"El projecte +ART a les escoles ja fa m\u00e9s d'un any que es desenvolupa als centres FEDAC i a finals d'aquest segon trimestre del curs 21\\\/22 s'obre a tothom amb un gran esdeveniment que tindr\u00e0 lloc del 28 de febrer al 2 d'abril a la Nau Bostik\u00a0de Barcelona.\",\"breadcrumb\":{\"@id\":\"https:\\\/\\\/diarieducacio.cat\\\/artseducacio\\\/2022\\\/01\\\/13\\\/art-a-les-escoles-un-projecte-de-la-fedac-obert-a-tothom\\\/#breadcrumb\"},\"inLanguage\":\"ca\",\"potentialAction\":[{\"@type\":\"ReadAction\",\"target\":[\"https:\\\/\\\/diarieducacio.cat\\\/artseducacio\\\/2022\\\/01\\\/13\\\/art-a-les-escoles-un-projecte-de-la-fedac-obert-a-tothom\\\/\"]}]},{\"@type\":\"ImageObject\",\"inLanguage\":\"ca\",\"@id\":\"https:\\\/\\\/diarieducacio.cat\\\/artseducacio\\\/2022\\\/01\\\/13\\\/art-a-les-escoles-un-projecte-de-la-fedac-obert-a-tothom\\\/#primaryimage\",\"url\":\"https:\\\/\\\/diarieducacio.cat\\\/artseducacio\\\/wp-content\\\/uploads\\\/sites\\\/20\\\/2022\\\/01\\\/IMG_1620.jpeg\",\"contentUrl\":\"https:\\\/\\\/diarieducacio.cat\\\/artseducacio\\\/wp-content\\\/uploads\\\/sites\\\/20\\\/2022\\\/01\\\/IMG_1620.jpeg\",\"width\":1080,\"height\":810},{\"@type\":\"BreadcrumbList\",\"@id\":\"https:\\\/\\\/diarieducacio.cat\\\/artseducacio\\\/2022\\\/01\\\/13\\\/art-a-les-escoles-un-projecte-de-la-fedac-obert-a-tothom\\\/#breadcrumb\",\"itemListElement\":[{\"@type\":\"ListItem\",\"position\":1,\"name\":\"Inici\",\"item\":\"https:\\\/\\\/diarieducacio.cat\\\/artseducacio\\\/\"},{\"@type\":\"ListItem\",\"position\":2,\"name\":\"+ART a les escoles, un projecte de la FEDAC obert a tothom\"}]},{\"@type\":\"WebSite\",\"@id\":\"https:\\\/\\\/diarieducacio.cat\\\/artseducacio\\\/#website\",\"url\":\"https:\\\/\\\/diarieducacio.cat\\\/artseducacio\\\/\",\"name\":\"Arts & Educaci\u00f3\",\"description\":\"Un blog de El Diari de l&#039;Educaci\u00f3\",\"potentialAction\":[{\"@type\":\"SearchAction\",\"target\":{\"@type\":\"EntryPoint\",\"urlTemplate\":\"https:\\\/\\\/diarieducacio.cat\\\/artseducacio\\\/?s={search_term_string}\"},\"query-input\":{\"@type\":\"PropertyValueSpecification\",\"valueRequired\":true,\"valueName\":\"search_term_string\"}}],\"inLanguage\":\"ca\"},{\"@type\":\"Person\",\"@id\":\"https:\\\/\\\/diarieducacio.cat\\\/artseducacio\\\/#\\\/schema\\\/person\\\/eb83688c9eebc3ca52379b6608685c89\",\"name\":\"Mar Dom\u00e8nech\",\"image\":{\"@type\":\"ImageObject\",\"inLanguage\":\"ca\",\"@id\":\"https:\\\/\\\/diarieducacio.cat\\\/wp-content\\\/uploads\\\/2024\\\/11\\\/mar-domenech_avatar-96x96.jpg\",\"url\":\"https:\\\/\\\/diarieducacio.cat\\\/wp-content\\\/uploads\\\/2024\\\/11\\\/mar-domenech_avatar-96x96.jpg\",\"contentUrl\":\"https:\\\/\\\/diarieducacio.cat\\\/wp-content\\\/uploads\\\/2024\\\/11\\\/mar-domenech_avatar-96x96.jpg\",\"caption\":\"Mar Dom\u00e8nech\"},\"description\":\"Coordinadora del blog Arts i Educaci\u00f3. Periodista infantil i familiar. Especialitzada en temes d'educaci\u00f3, cultura en fam\u00edlia, literatura infantil i disseny per a petits.\",\"url\":\"https:\\\/\\\/diarieducacio.cat\\\/artseducacio\\\/author\\\/mardomenech\\\/\"}]}<\/script>\n<!-- \/ Yoast SEO plugin. -->","yoast_head_json":{"title":"+ART a les escoles, un projecte de la FEDAC obert a tothom - Arts & Educaci\u00f3","description":"El projecte +ART a les escoles ja fa m\u00e9s d'un any que es desenvolupa als centres FEDAC i a finals d'aquest segon trimestre del curs 21\/22 s'obre a tothom amb un gran esdeveniment que tindr\u00e0 lloc del 28 de febrer al 2 d'abril a la Nau Bostik\u00a0de Barcelona.","robots":{"index":"index","follow":"follow","max-snippet":"max-snippet:-1","max-image-preview":"max-image-preview:large","max-video-preview":"max-video-preview:-1"},"canonical":"https:\/\/diarieducacio.cat\/artseducacio\/2022\/01\/13\/art-a-les-escoles-un-projecte-de-la-fedac-obert-a-tothom\/","og_locale":"ca_ES","og_type":"article","og_title":"+ART a les escoles, un projecte de la FEDAC obert a tothom - Arts & Educaci\u00f3","og_description":"El projecte +ART a les escoles ja fa m\u00e9s d'un any que es desenvolupa als centres FEDAC i a finals d'aquest segon trimestre del curs 21\/22 s'obre a tothom amb un gran esdeveniment que tindr\u00e0 lloc del 28 de febrer al 2 d'abril a la Nau Bostik\u00a0de Barcelona.","og_url":"https:\/\/diarieducacio.cat\/artseducacio\/2022\/01\/13\/art-a-les-escoles-un-projecte-de-la-fedac-obert-a-tothom\/","og_site_name":"Arts & Educaci\u00f3","article_publisher":"https:\/\/www.facebook.com\/diarieducacio\/","article_published_time":"2022-01-13T04:00:27+00:00","article_modified_time":"2024-05-07T11:06:42+00:00","og_image":[{"width":1080,"height":810,"url":"https:\/\/diarieducacio.cat\/artseducacio\/wp-content\/uploads\/sites\/20\/2022\/01\/IMG_1620.jpeg","type":"image\/jpeg"}],"author":"Mar Dom\u00e8nech","twitter_card":"summary_large_image","twitter_creator":"@DiariEducacio","twitter_site":"@DiariEducacio","twitter_misc":{"Escrit per":"Mar Dom\u00e8nech","Temps estimat de lectura":"8 minuts"},"schema":{"@context":"https:\/\/schema.org","@graph":[{"@type":"Article","@id":"https:\/\/diarieducacio.cat\/artseducacio\/2022\/01\/13\/art-a-les-escoles-un-projecte-de-la-fedac-obert-a-tothom\/#article","isPartOf":{"@id":"https:\/\/diarieducacio.cat\/artseducacio\/2022\/01\/13\/art-a-les-escoles-un-projecte-de-la-fedac-obert-a-tothom\/"},"author":{"name":"Mar Dom\u00e8nech","@id":"https:\/\/diarieducacio.cat\/artseducacio\/#\/schema\/person\/eb83688c9eebc3ca52379b6608685c89"},"headline":"+ART a les escoles, un projecte de la FEDAC obert a tothom","datePublished":"2022-01-13T04:00:27+00:00","dateModified":"2024-05-07T11:06:42+00:00","mainEntityOfPage":{"@id":"https:\/\/diarieducacio.cat\/artseducacio\/2022\/01\/13\/art-a-les-escoles-un-projecte-de-la-fedac-obert-a-tothom\/"},"wordCount":1748,"commentCount":0,"image":{"@id":"https:\/\/diarieducacio.cat\/artseducacio\/2022\/01\/13\/art-a-les-escoles-un-projecte-de-la-fedac-obert-a-tothom\/#primaryimage"},"thumbnailUrl":"https:\/\/diarieducacio.cat\/artseducacio\/wp-content\/uploads\/sites\/20\/2022\/01\/IMG_1620.jpeg","keywords":["art i educaci\u00f3","art i escola","cultura i escola","disciplines art\u00edstiques","escola del futur"],"articleSection":["Bones pr\u00e0ctiques"],"inLanguage":"ca","potentialAction":[{"@type":"CommentAction","name":"Comment","target":["https:\/\/diarieducacio.cat\/artseducacio\/2022\/01\/13\/art-a-les-escoles-un-projecte-de-la-fedac-obert-a-tothom\/#respond"]}]},{"@type":"WebPage","@id":"https:\/\/diarieducacio.cat\/artseducacio\/2022\/01\/13\/art-a-les-escoles-un-projecte-de-la-fedac-obert-a-tothom\/","url":"https:\/\/diarieducacio.cat\/artseducacio\/2022\/01\/13\/art-a-les-escoles-un-projecte-de-la-fedac-obert-a-tothom\/","name":"+ART a les escoles, un projecte de la FEDAC obert a tothom - Arts & Educaci\u00f3","isPartOf":{"@id":"https:\/\/diarieducacio.cat\/artseducacio\/#website"},"primaryImageOfPage":{"@id":"https:\/\/diarieducacio.cat\/artseducacio\/2022\/01\/13\/art-a-les-escoles-un-projecte-de-la-fedac-obert-a-tothom\/#primaryimage"},"image":{"@id":"https:\/\/diarieducacio.cat\/artseducacio\/2022\/01\/13\/art-a-les-escoles-un-projecte-de-la-fedac-obert-a-tothom\/#primaryimage"},"thumbnailUrl":"https:\/\/diarieducacio.cat\/artseducacio\/wp-content\/uploads\/sites\/20\/2022\/01\/IMG_1620.jpeg","datePublished":"2022-01-13T04:00:27+00:00","dateModified":"2024-05-07T11:06:42+00:00","author":{"@id":"https:\/\/diarieducacio.cat\/artseducacio\/#\/schema\/person\/eb83688c9eebc3ca52379b6608685c89"},"description":"El projecte +ART a les escoles ja fa m\u00e9s d'un any que es desenvolupa als centres FEDAC i a finals d'aquest segon trimestre del curs 21\/22 s'obre a tothom amb un gran esdeveniment que tindr\u00e0 lloc del 28 de febrer al 2 d'abril a la Nau Bostik\u00a0de Barcelona.","breadcrumb":{"@id":"https:\/\/diarieducacio.cat\/artseducacio\/2022\/01\/13\/art-a-les-escoles-un-projecte-de-la-fedac-obert-a-tothom\/#breadcrumb"},"inLanguage":"ca","potentialAction":[{"@type":"ReadAction","target":["https:\/\/diarieducacio.cat\/artseducacio\/2022\/01\/13\/art-a-les-escoles-un-projecte-de-la-fedac-obert-a-tothom\/"]}]},{"@type":"ImageObject","inLanguage":"ca","@id":"https:\/\/diarieducacio.cat\/artseducacio\/2022\/01\/13\/art-a-les-escoles-un-projecte-de-la-fedac-obert-a-tothom\/#primaryimage","url":"https:\/\/diarieducacio.cat\/artseducacio\/wp-content\/uploads\/sites\/20\/2022\/01\/IMG_1620.jpeg","contentUrl":"https:\/\/diarieducacio.cat\/artseducacio\/wp-content\/uploads\/sites\/20\/2022\/01\/IMG_1620.jpeg","width":1080,"height":810},{"@type":"BreadcrumbList","@id":"https:\/\/diarieducacio.cat\/artseducacio\/2022\/01\/13\/art-a-les-escoles-un-projecte-de-la-fedac-obert-a-tothom\/#breadcrumb","itemListElement":[{"@type":"ListItem","position":1,"name":"Inici","item":"https:\/\/diarieducacio.cat\/artseducacio\/"},{"@type":"ListItem","position":2,"name":"+ART a les escoles, un projecte de la FEDAC obert a tothom"}]},{"@type":"WebSite","@id":"https:\/\/diarieducacio.cat\/artseducacio\/#website","url":"https:\/\/diarieducacio.cat\/artseducacio\/","name":"Arts & Educaci\u00f3","description":"Un blog de El Diari de l&#039;Educaci\u00f3","potentialAction":[{"@type":"SearchAction","target":{"@type":"EntryPoint","urlTemplate":"https:\/\/diarieducacio.cat\/artseducacio\/?s={search_term_string}"},"query-input":{"@type":"PropertyValueSpecification","valueRequired":true,"valueName":"search_term_string"}}],"inLanguage":"ca"},{"@type":"Person","@id":"https:\/\/diarieducacio.cat\/artseducacio\/#\/schema\/person\/eb83688c9eebc3ca52379b6608685c89","name":"Mar Dom\u00e8nech","image":{"@type":"ImageObject","inLanguage":"ca","@id":"https:\/\/diarieducacio.cat\/wp-content\/uploads\/2024\/11\/mar-domenech_avatar-96x96.jpg","url":"https:\/\/diarieducacio.cat\/wp-content\/uploads\/2024\/11\/mar-domenech_avatar-96x96.jpg","contentUrl":"https:\/\/diarieducacio.cat\/wp-content\/uploads\/2024\/11\/mar-domenech_avatar-96x96.jpg","caption":"Mar Dom\u00e8nech"},"description":"Coordinadora del blog Arts i Educaci\u00f3. Periodista infantil i familiar. Especialitzada en temes d'educaci\u00f3, cultura en fam\u00edlia, literatura infantil i disseny per a petits.","url":"https:\/\/diarieducacio.cat\/artseducacio\/author\/mardomenech\/"}]}},"_links":{"self":[{"href":"https:\/\/diarieducacio.cat\/artseducacio\/wp-json\/wp\/v2\/posts\/702","targetHints":{"allow":["GET"]}}],"collection":[{"href":"https:\/\/diarieducacio.cat\/artseducacio\/wp-json\/wp\/v2\/posts"}],"about":[{"href":"https:\/\/diarieducacio.cat\/artseducacio\/wp-json\/wp\/v2\/types\/post"}],"author":[{"embeddable":true,"href":"https:\/\/diarieducacio.cat\/artseducacio\/wp-json\/wp\/v2\/users\/63"}],"replies":[{"embeddable":true,"href":"https:\/\/diarieducacio.cat\/artseducacio\/wp-json\/wp\/v2\/comments?post=702"}],"version-history":[{"count":1,"href":"https:\/\/diarieducacio.cat\/artseducacio\/wp-json\/wp\/v2\/posts\/702\/revisions"}],"predecessor-version":[{"id":2640,"href":"https:\/\/diarieducacio.cat\/artseducacio\/wp-json\/wp\/v2\/posts\/702\/revisions\/2640"}],"wp:featuredmedia":[{"embeddable":true,"href":"https:\/\/diarieducacio.cat\/artseducacio\/wp-json\/wp\/v2\/media\/706"}],"wp:attachment":[{"href":"https:\/\/diarieducacio.cat\/artseducacio\/wp-json\/wp\/v2\/media?parent=702"}],"wp:term":[{"taxonomy":"category","embeddable":true,"href":"https:\/\/diarieducacio.cat\/artseducacio\/wp-json\/wp\/v2\/categories?post=702"},{"taxonomy":"post_tag","embeddable":true,"href":"https:\/\/diarieducacio.cat\/artseducacio\/wp-json\/wp\/v2\/tags?post=702"},{"taxonomy":"tipo","embeddable":true,"href":"https:\/\/diarieducacio.cat\/artseducacio\/wp-json\/wp\/v2\/tipo?post=702"}],"curies":[{"name":"wp","href":"https:\/\/api.w.org\/{rel}","templated":true}]}}