{"id":981,"date":"2022-04-07T23:35:08","date_gmt":"2022-04-07T21:35:08","guid":{"rendered":"https:\/\/diarieducacio.cat\/ArtsEducacio\/?p=981"},"modified":"2024-08-08T12:03:51","modified_gmt":"2024-08-08T10:03:51","slug":"propostes-culturals-educatives-de-primavera-i-sense-mascareta","status":"publish","type":"post","link":"https:\/\/diarieducacio.cat\/artseducacio\/2022\/04\/07\/propostes-culturals-educatives-de-primavera-i-sense-mascareta\/","title":{"rendered":"Propostes culturals educatives de primavera i sense mascareta"},"content":{"rendered":"<p>Us hem preparat una tria d&#8217;activitats culturals educatives per als cursos d&#8217;educaci\u00f3 prim\u00e0ria i secund\u00e0ria, i alguna per al segon cicle d&#8217;Infantil. La majoria de propostes s\u00f3n presencials per sortir del centre i viure l&#8217;esclat de colors i olors de la primavera, per\u00f2 tamb\u00e9 en trobareu de virtuals i tallers per a fer a l&#8217;aula.<\/p>\n<hr \/>\n<h3><strong>Com arriba el peix al nostre plat?<\/strong><\/h3>\n<p>A Palam\u00f3s trobareu el Museu de la Pesca, un espai \u00fanic en el litoral de Girona on es pot visitar una barca de pesca i una exposici\u00f3 sobre el fet pesquer. Per als alumnes de Prim\u00e0ria proposen una activitat educativa per entendre com arriba el peix a casa nostra.<\/p>\n<p>El recorregut guiat a trav\u00e9s de l\u2019exposici\u00f3 permanent del <strong>Museu de la Pesca i de les barques del Peix<\/strong>, mostra surant del mateix museu, ens permet aprendre quin \u00e9s el peix de la nostra costa, com s\u2019ha pescat i com ha arribat fins a la nostra taula.<\/p>\n<p>A m\u00e9s, l\u2019activitat proposa pujar i con\u00e8ixer com \u00e9s per dins una barca de pesca real, amb espais limitats i concrets per a una tripulaci\u00f3 de pocs homes. Aix\u00ed els alumnes poden comprendre com \u00e9s el dia a dia d\u2019una barca de peix, des de l\u2019art de la pesca passant per la subhasta de peix, les peixateries i acabant a la nostra cuina i al nostre plat.<\/p>\n<figure id=\"attachment_983\" aria-describedby=\"caption-attachment-983\" style=\"width: 1082px\" class=\"wp-caption aligncenter\"><img fetchpriority=\"high\" decoding=\"async\" class=\"wp-image-983 size-custom_thumbnail_big\" src=\"http:\/\/diarieducacio.cat\/ArtsEducacio\/wp-content\/uploads\/sites\/69\/2022\/04\/barques-peix-100-1082x656.jpeg\" alt=\"\" width=\"1082\" height=\"656\" \/><figcaption id=\"caption-attachment-983\" class=\"wp-caption-text\">Barques del peix amarrades davant del museu \/ Foto: Museu de la Pesca<\/figcaption><\/figure>\n<p>El museu compte amb una exposici\u00f3 permanent i un audiovisual animat. A m\u00e9s de diverses maquetes de t\u00e8cniques de pesca, objectes reals, fotografies i audiovisuals al llarg de tot el recorregut expositiu. I les barques del peix, la mateixa embarcaci\u00f3, surant amarrada davant el Museu que \u00e9s un dels seus principals atractius.<\/p>\n<p><strong><a href=\"https:\/\/museudelapesca.org\/educacio\/primaria\/museu-barques.html\" target=\"_blank\" rel=\"noopener\">M\u00e9s informaci\u00f3<\/a><\/strong><\/p>\n<hr \/>\n<h3><strong>A ritme de Mambo<\/strong><\/h3>\n<p>Teniu ganes de fer les maletes i viatjar a pa\u00efsos amb ritmes llatins? A finals d&#8217;abril a la programaci\u00f3 escolar de l&#8217;Auditori hi trobareu\u00a0<strong><span class=\"hiddenSpellError\">Maaambo<\/span><\/strong>, una proposta \u00fanica dirigida per La Cubana.<\/p>\n<figure id=\"attachment_985\" aria-describedby=\"caption-attachment-985\" style=\"width: 900px\" class=\"wp-caption aligncenter\"><img decoding=\"async\" class=\"wp-image-985 size-full\" src=\"http:\/\/diarieducacio.cat\/ArtsEducacio\/wp-content\/uploads\/sites\/69\/2022\/04\/maaambo-4953.jpeg\" alt=\"\" width=\"900\" height=\"598\" srcset=\"https:\/\/diarieducacio.cat\/artseducacio\/wp-content\/uploads\/sites\/20\/2022\/04\/maaambo-4953.jpeg 900w, https:\/\/diarieducacio.cat\/artseducacio\/wp-content\/uploads\/sites\/20\/2022\/04\/maaambo-4953-300x199.jpeg 300w, https:\/\/diarieducacio.cat\/artseducacio\/wp-content\/uploads\/sites\/20\/2022\/04\/maaambo-4953-768x510.jpeg 768w, https:\/\/diarieducacio.cat\/artseducacio\/wp-content\/uploads\/sites\/20\/2022\/04\/maaambo-4953-150x100.jpeg 150w, https:\/\/diarieducacio.cat\/artseducacio\/wp-content\/uploads\/sites\/20\/2022\/04\/maaambo-4953-450x299.jpeg 450w\" sizes=\"(max-width: 900px) 100vw, 900px\" \/><figcaption id=\"caption-attachment-985\" class=\"wp-caption-text\">Moment del concert Maaambo! a L&#8217;Auditori \/ Foto: La Cubana<\/figcaption><\/figure>\n<p>Els m\u00fasics de la Banda Municipal de Barcelona ens tocaran obres d&#8217;<span class=\"hiddenSpellError\">Arturo<\/span>\u00a0M\u00e1rquez,\u00a0<span class=\"hiddenSpellError\">Alberto<\/span>\u00a0<span class=\"hiddenSpellError\">Ginastera<\/span>, Astor Piazzolla, Antonio <span class=\"hiddenSpellError\">Carlos<\/span>\u00a0<span class=\"hiddenSpellError\">Jobim<\/span>\u00a0i\u00a0<span class=\"hiddenGreenError\">Mois\u00e9s<\/span>\u00a0<span class=\"hiddenSpellError\">Moleiro<\/span>, entre d&#8217;altres. Un recorregut musical per aprendre i recon\u00e8ixer el so del tango, la salsa, el mambo, el\u00a0<span class=\"hiddenSpellError\">danz\u00f3n<\/span> o el cha <span class=\"hiddenGrammarError\">cha cha<\/span>. Segur que m\u00e9s d&#8217;un acaba aixecant-se de la butaca i ballant al ritme de les can\u00e7ons.<\/p>\n<p>Una sortida escolar ideal per a treballar la m\u00fasica i la cultura d&#8217;Am\u00e8rica Llatina especialment dirigida a alumnes de 3r a 6\u00e8 de Prim\u00e0ria, i tamb\u00e9 de 1r i 2n de Secund\u00e0ria.<\/p>\n<p><strong><a href=\"https:\/\/www.auditori.cat\/ca\/maaambo-esc-21-22\" target=\"_blank\" rel=\"noopener\">M\u00e9s informaci\u00f3<\/a><\/strong><\/p>\n<hr \/>\n<h3><strong>Uns jardins noucentistes amb vistes al mar<\/strong><\/h3>\n<p>Cada any per primavera vivim un esclat de colors i olors, el millor lloc per viure-ho i gaudir-ho \u00e9s un jard\u00ed bot\u00e0nic. Us recomanem visitar el jard\u00ed noucentista de Santa Clotilde a Lloret de Mar dissenyat per l&#8217;arquitecte Nicolau Maria Rubi\u00f3 i Tudur\u00ed el 1919. Un jard\u00ed hist\u00f2ric i que forma part de l&#8217;<a href=\"https:\/\/professionals.lloretdemar.org\/noticies\/el-consell-deuropa-ha-lliurat-la-certificacio-oficial-ditinerari-cultural-europeu-a-la-ruta-europea-de-jardins-historics-que-presideix-lloret-de-mar\/\" target=\"_blank\" rel=\"noopener\">Itinerari<\/a> Cultural Europeu de Jardins Hist\u00f2rics del Consell d&#8217;Europa.<\/p>\n<p>Situat sobre la cala verge de Sa Boadella amb vistes al mar compte amb 26.830 m\u00b2 d&#8217;extensi\u00f3, a m\u00e9s de plantes i arbres tamb\u00e9 hi trobareu est\u00e0tues de personatges mitol\u00f2gics i elements arquitect\u00f2nics com escales i rampes que s&#8217;integren de ple a la natura.<\/p>\n<figure id=\"attachment_986\" aria-describedby=\"caption-attachment-986\" style=\"width: 900px\" class=\"wp-caption aligncenter\"><img decoding=\"async\" class=\"wp-image-986 size-full\" src=\"http:\/\/diarieducacio.cat\/ArtsEducacio\/wp-content\/uploads\/sites\/69\/2022\/04\/a0203-DSC_0009.jpeg\" alt=\"\" width=\"900\" height=\"598\" srcset=\"https:\/\/diarieducacio.cat\/artseducacio\/wp-content\/uploads\/sites\/20\/2022\/04\/a0203-DSC_0009.jpeg 900w, https:\/\/diarieducacio.cat\/artseducacio\/wp-content\/uploads\/sites\/20\/2022\/04\/a0203-DSC_0009-300x199.jpeg 300w, https:\/\/diarieducacio.cat\/artseducacio\/wp-content\/uploads\/sites\/20\/2022\/04\/a0203-DSC_0009-768x510.jpeg 768w, https:\/\/diarieducacio.cat\/artseducacio\/wp-content\/uploads\/sites\/20\/2022\/04\/a0203-DSC_0009-150x100.jpeg 150w, https:\/\/diarieducacio.cat\/artseducacio\/wp-content\/uploads\/sites\/20\/2022\/04\/a0203-DSC_0009-450x299.jpeg 450w\" sizes=\"(max-width: 900px) 100vw, 900px\" \/><figcaption id=\"caption-attachment-986\" class=\"wp-caption-text\">Interior del jard\u00ed bot\u00e0nic de Santa Clotilde \/ Foto: Ajuntament Lloret de Mar<\/figcaption><\/figure>\n<p>Entre les seves propostes escolars hi descobrireu <strong>Perduts als jardins de Santa Clotilde<\/strong>, un joc de descoberta perqu\u00e8 alumnes de Cicle Mitj\u00e0 i Cicle Superior de Prim\u00e0ria investiguin tot el que amaguen les plantes d&#8217;aquest indret. Una activitat l\u00fadica per comparar les diferents parts de les plantes per tal d&#8217;identificar-les i a la vegada, per aprendre a estimar i cuidar el nostre entorn natural i el nostre patrimoni hist\u00f2ric.<\/p>\n<p><strong><a href=\"https:\/\/patrimoni.lloret.cat\/ca\/perduts-als-jardins-de-santa-clotilde\" target=\"_blank\" rel=\"noopener\">M\u00e9s informaci\u00f3<\/a><\/strong><\/p>\n<hr \/>\n<h3><strong>Una nissaga catalana de fot\u00f2grafs<\/strong><\/h3>\n<p>Aquest any el Museu d&#8217;Hist\u00f2ria de Catalunya ha estrenat l&#8217;exposici\u00f3 temporal <strong>Els Catal\u00e0, fot\u00f2grafs d&#8217;un segle<\/strong> que fa un recorregut per la traject\u00f2ria de tres fot\u00f2grafs d&#8217;una mateixa nissaga, m\u00e0xims exponents de la fotografia a Catalunya, i que es podr\u00e0 visitar al museu fins al 25 de setembre.<\/p>\n<p>El museu proposa activitats educatives per als diferents cursos. A partir d&#8217;una visita dinamitzada a trav\u00e9s de l&#8217;obra d&#8217;Els Catal\u00e0, els alumnes de Batxillerat poden estudiar els fets m\u00e9s rellevants del context hist\u00f2ric de l&#8217;\u00e8poca i a la vegada introduir-se en la fotografia anal\u00f2gica.<\/p>\n<figure id=\"attachment_987\" aria-describedby=\"caption-attachment-987\" style=\"width: 1024px\" class=\"wp-caption aligncenter\"><img loading=\"lazy\" decoding=\"async\" class=\"wp-image-987 size-large\" src=\"http:\/\/diarieducacio.cat\/ArtsEducacio\/wp-content\/uploads\/sites\/69\/2022\/04\/els_catala_fotografs_d_un_segle-1024x681.jpeg\" alt=\"\" width=\"1024\" height=\"681\" srcset=\"https:\/\/diarieducacio.cat\/artseducacio\/wp-content\/uploads\/sites\/20\/2022\/04\/els_catala_fotografs_d_un_segle-1024x681.jpeg 1024w, https:\/\/diarieducacio.cat\/artseducacio\/wp-content\/uploads\/sites\/20\/2022\/04\/els_catala_fotografs_d_un_segle-300x200.jpeg 300w, https:\/\/diarieducacio.cat\/artseducacio\/wp-content\/uploads\/sites\/20\/2022\/04\/els_catala_fotografs_d_un_segle-768x511.jpeg 768w, https:\/\/diarieducacio.cat\/artseducacio\/wp-content\/uploads\/sites\/20\/2022\/04\/els_catala_fotografs_d_un_segle-1536x1022.jpeg 1536w, https:\/\/diarieducacio.cat\/artseducacio\/wp-content\/uploads\/sites\/20\/2022\/04\/els_catala_fotografs_d_un_segle-150x100.jpeg 150w, https:\/\/diarieducacio.cat\/artseducacio\/wp-content\/uploads\/sites\/20\/2022\/04\/els_catala_fotografs_d_un_segle-450x299.jpeg 450w, https:\/\/diarieducacio.cat\/artseducacio\/wp-content\/uploads\/sites\/20\/2022\/04\/els_catala_fotografs_d_un_segle-1200x798.jpeg 1200w, https:\/\/diarieducacio.cat\/artseducacio\/wp-content\/uploads\/sites\/20\/2022\/04\/els_catala_fotografs_d_un_segle.jpeg 1920w\" sizes=\"(max-width: 1024px) 100vw, 1024px\" \/><figcaption id=\"caption-attachment-987\" class=\"wp-caption-text\">Exposici\u00f3 Els Catal\u00e0, fot\u00f2grafs d&#8217;un segle \/ Foto: Museu d&#8217;Hist\u00f2ria de Catalunya<\/figcaption><\/figure>\n<p>La visita tamb\u00e9 permet con\u00e8ixer l&#8217;\u00e0mbit dedicat a la fotografia de retrat, treballant i experimentant els diferents plans i enquadraments fotogr\u00e0fics. I tamb\u00e9 l&#8217;\u00e0mbit dedicat a la publicitat, posant especial \u00e8mfasi en el cartell Aixafem el feixisme, per evidenciar i reflexionar sobre la pot\u00e8ncia comunicativa de les imatges. A m\u00e9s, d&#8217;aprendre les diferents t\u00e8cniques fotogr\u00e0fiques, descobrint i experimentant la manera de fotografiar i les innovacions que van aportar la nissaga d&#8217;Els Catal\u00e0.<\/p>\n<p>Finalment, en l&#8217;espai l\u00fadic de l&#8217;exposici\u00f3, es du a terme una activitat experimental centrada en un dels aspectes claus del llenguatge fotogr\u00e0fic: la llum.<\/p>\n<p><strong><a href=\"https:\/\/www.mhcat.cat\/educacio\/activitats_educatives\/activitats_educatives2\/cicles\/batxillerat\/els_catala_fotografs_d_un_segle_batxillerat\" target=\"_blank\" rel=\"noopener\">M\u00e9s informaci\u00f3<\/a><\/strong><\/p>\n<hr \/>\n<h3><strong>Com a dins d\u2019un volc\u00e0<\/strong><\/h3>\n<p>Us imagineu entrar dins d\u2019un volc\u00e0? Encara que sembli incre\u00efble ara \u00e9s possible amb el nou <strong>Espai Cr\u00e0ter d\u2019Olot<\/strong>. Un innovador centre expositiu dels volcans, del paisatge i de la societat del camp volc\u00e0nic de la Garrotxa, la zona amb m\u00e9s volcans de Catalunya, aix\u00f2 s\u00ed tots ben adormits.<\/p>\n<p>Aqu\u00ed podeu fer una visita guiada per aquest fant\u00e0stic centre d\u2019interpretaci\u00f3 i comprendre el vulcanisme de forma divertida i amena. Descobrireu, dialogareu i reflexionareu sobre la formaci\u00f3 i estructura del nostre planeta, l\u2019activitat volc\u00e0nica, els seus materials i caracter\u00edstiques, la prevenci\u00f3 i el risc, el paper que han jugat els volcans en la comarca i els reptes socioambientals de futur.<\/p>\n<figure id=\"attachment_992\" aria-describedby=\"caption-attachment-992\" style=\"width: 1080px\" class=\"wp-caption aligncenter\"><img loading=\"lazy\" decoding=\"async\" class=\"wp-image-992 size-full\" src=\"http:\/\/diarieducacio.cat\/ArtsEducacio\/wp-content\/uploads\/sites\/69\/2022\/04\/Espai-Crater_@Kris-Ubach_53.jpeg\" alt=\"\" width=\"1080\" height=\"756\" srcset=\"https:\/\/diarieducacio.cat\/artseducacio\/wp-content\/uploads\/sites\/20\/2022\/04\/Espai-Crater_@Kris-Ubach_53.jpeg 1080w, https:\/\/diarieducacio.cat\/artseducacio\/wp-content\/uploads\/sites\/20\/2022\/04\/Espai-Crater_@Kris-Ubach_53-300x210.jpeg 300w, https:\/\/diarieducacio.cat\/artseducacio\/wp-content\/uploads\/sites\/20\/2022\/04\/Espai-Crater_@Kris-Ubach_53-1024x717.jpeg 1024w, https:\/\/diarieducacio.cat\/artseducacio\/wp-content\/uploads\/sites\/20\/2022\/04\/Espai-Crater_@Kris-Ubach_53-768x538.jpeg 768w, https:\/\/diarieducacio.cat\/artseducacio\/wp-content\/uploads\/sites\/20\/2022\/04\/Espai-Crater_@Kris-Ubach_53-150x105.jpeg 150w, https:\/\/diarieducacio.cat\/artseducacio\/wp-content\/uploads\/sites\/20\/2022\/04\/Espai-Crater_@Kris-Ubach_53-450x315.jpeg 450w\" sizes=\"(max-width: 1080px) 100vw, 1080px\" \/><figcaption id=\"caption-attachment-992\" class=\"wp-caption-text\">Espai Cr\u00e0ter d&#8217;Olot \/ Foto: Kris Ubach<\/figcaption><\/figure>\n<p>La sala expositiva de l\u2019Espai Cr\u00e0ter compta amb espais immersius, tecnol\u00f2gics i anal\u00f2gics, que s\u00f3n plenament interactius i per a tots els p\u00fablics. Tamb\u00e9 tenen tot un extens cat\u00e0leg d\u2019activitats per a centres escolars dirigides als diferents nivells educatius. A m\u00e9s, podeu completar la sortida visitant el volc\u00e0 Montsacopa, ja que el centre est\u00e0 situat just al costat d\u2019aquest.<\/p>\n<p><strong><a href=\"https:\/\/espaicrater.com\/activitats-educatives\/visita-guiada-a-lespai-crater\/\" target=\"_blank\" rel=\"noopener\">M\u00e9s informaci\u00f3<\/a><\/strong><\/p>\n<hr \/>\n<h3><strong>A favor d\u2019una masculinitat lliure d\u2019arquetips<\/strong><\/h3>\n<p>Dins el programa educatiu <strong>Construir Mirades<\/strong> de Drac\u00a0M\u00e0gic trobem <strong>Masculinitats en revisi\u00f3, nois en acci\u00f3<\/strong>, una s\u00e8rie de curtmetratges a favor d&#8217;una masculinitat lliure d&#8217;arquetips pensada per les etapes educatives de\u00a0l&#8217;ESO, Batxillerat i cicles formatius.<\/p>\n<p>Aquesta selecci\u00f3 cinematogr\u00e0fica planteja una revisi\u00f3 cr\u00edtica dels arquetips de la masculinitat i l&#8217;articulaci\u00f3 de masculinitats\u00a0<span class=\"hiddenSpellError\">postpatriarcals<\/span>. Despr\u00e9s del visionat\u00a0de tres peces audiovisuals es realitza un debat participatiu amb l&#8217;objectiu de contribuir a la superaci\u00f3 d&#8217;atributs com la competitivitat, la viol\u00e8ncia o\u00a0l&#8217;homof\u00f2bia\u00a0i valorar altres viv\u00e8ncies m\u00e9s pl\u00e0cides de la masculinitat.<\/p>\n<figure id=\"attachment_989\" aria-describedby=\"caption-attachment-989\" style=\"width: 800px\" class=\"wp-caption aligncenter\"><img loading=\"lazy\" decoding=\"async\" class=\"wp-image-989 size-full\" src=\"http:\/\/diarieducacio.cat\/ArtsEducacio\/wp-content\/uploads\/sites\/69\/2022\/04\/03-en-la-azotea-800x640-1.jpeg\" alt=\"\" width=\"800\" height=\"640\" srcset=\"https:\/\/diarieducacio.cat\/artseducacio\/wp-content\/uploads\/sites\/20\/2022\/04\/03-en-la-azotea-800x640-1.jpeg 800w, https:\/\/diarieducacio.cat\/artseducacio\/wp-content\/uploads\/sites\/20\/2022\/04\/03-en-la-azotea-800x640-1-300x240.jpeg 300w, https:\/\/diarieducacio.cat\/artseducacio\/wp-content\/uploads\/sites\/20\/2022\/04\/03-en-la-azotea-800x640-1-768x614.jpeg 768w, https:\/\/diarieducacio.cat\/artseducacio\/wp-content\/uploads\/sites\/20\/2022\/04\/03-en-la-azotea-800x640-1-150x120.jpeg 150w, https:\/\/diarieducacio.cat\/artseducacio\/wp-content\/uploads\/sites\/20\/2022\/04\/03-en-la-azotea-800x640-1-450x360.jpeg 450w\" sizes=\"(max-width: 800px) 100vw, 800px\" \/><figcaption id=\"caption-attachment-989\" class=\"wp-caption-text\">Curtmetratge En la azotea \/ Foto: Drac M\u00e0gic<\/figcaption><\/figure>\n<p>A la vegada es fa una introducci\u00f3 als aspectes b\u00e0sics dels llenguatges audiovisuals i s\u2019apr\u00e8n a valorar el cinema com un espai per repensar la nostra societat.<\/p>\n<p>La sessi\u00f3 es pot realitzar en format virtual o presencial, i compte amb una sessi\u00f3 de formaci\u00f3 per al professorat i materials pedag\u00f2gics que poden servir de recurs a l\u2019hora de dinamitzar la sessi\u00f3.<\/p>\n<p><strong><a href=\"https:\/\/construirmirades.dracmagic.cat\/programa\/masculinitats_en_revisio_nois_en_accio\/\" target=\"_blank\" rel=\"noopener\">M\u00e9s informaci\u00f3<\/a><\/strong><\/p>\n<hr \/>\n<h3><strong>Un circ incre\u00efble<\/strong><\/h3>\n<p>Despr\u00e9s de dos anys, el <strong>Cirque du Soleil<\/strong> torna a Catalunya per sorprendre una vegada m\u00e9s al p\u00fablic catal\u00e0. En aquesta ocasi\u00f3 amb l&#8217;espectacle de\u00a0<strong><span class=\"hiddenSpellError\">LUZIA<\/span><\/strong>\u00a0inspirat en l&#8217;imaginari de la cultura mexicana. Aquest no \u00e9s un circ convencional, \u00e9s un circ amb una posada en escena espectacular, un vestuari i maquillatge cuidat\u00a0fins a\u00a0l&#8217;\u00faltim detall, m\u00fasica en directa, n\u00fameros incre\u00efbles i que transporten a l&#8217;espectador a un m\u00f3n ple de fantasia. Val la pena anar-hi amb el grup classe, especialment els de Batxillerat art\u00edstic, per contemplar aquesta meravella en totes les seves dimensions.<\/p>\n<figure id=\"attachment_988\" aria-describedby=\"caption-attachment-988\" style=\"width: 1080px\" class=\"wp-caption aligncenter\"><img loading=\"lazy\" decoding=\"async\" class=\"wp-image-988 size-full\" src=\"http:\/\/diarieducacio.cat\/ArtsEducacio\/wp-content\/uploads\/sites\/69\/2022\/04\/1W1XGA2U.jpeg\" alt=\"\" width=\"1080\" height=\"720\" srcset=\"https:\/\/diarieducacio.cat\/artseducacio\/wp-content\/uploads\/sites\/20\/2022\/04\/1W1XGA2U.jpeg 1080w, https:\/\/diarieducacio.cat\/artseducacio\/wp-content\/uploads\/sites\/20\/2022\/04\/1W1XGA2U-300x200.jpeg 300w, https:\/\/diarieducacio.cat\/artseducacio\/wp-content\/uploads\/sites\/20\/2022\/04\/1W1XGA2U-1024x683.jpeg 1024w, https:\/\/diarieducacio.cat\/artseducacio\/wp-content\/uploads\/sites\/20\/2022\/04\/1W1XGA2U-768x512.jpeg 768w, https:\/\/diarieducacio.cat\/artseducacio\/wp-content\/uploads\/sites\/20\/2022\/04\/1W1XGA2U-150x100.jpeg 150w, https:\/\/diarieducacio.cat\/artseducacio\/wp-content\/uploads\/sites\/20\/2022\/04\/1W1XGA2U-450x300.jpeg 450w\" sizes=\"(max-width: 1080px) 100vw, 1080px\" \/><figcaption id=\"caption-attachment-988\" class=\"wp-caption-text\">Fragment espectacle LUZIA \/Foto: Cirque du Soleil<\/figcaption><\/figure>\n<p>Fins al 15 de maig la seva Gran Carpa es troba instal\u00b7lada al Districte Cultural de\u00a0l&#8217;Hospitalet, ben a prop de Barcelona. L&#8217;espectacle de\u00a0<span class=\"hiddenSpellError\">LUZIA<\/span>\u00a0\u00e9s una explosi\u00f3 de llum i colors imaginada pel prestigi\u00f3s director d&#8217;escena\u00a0<span class=\"hiddenSpellError\">Daniele<\/span>\u00a0<span class=\"hiddenSpellError\">Finzi<\/span>\u00a0Pasca. Passant per un antic plat\u00f3 de cinema, l&#8217;immens oce\u00e0, una sala de ball plena o fins i tot l&#8217;\u00e0rid desert a on es barreja tradici\u00f3 i modernitat el p\u00fablic reconeix\u00a0molts llocs, rostres i sons de M\u00e8xic.<\/p>\n<p>En aquest espectacle participen una cinquantena d&#8217;artistes amb diferents n\u00fameros d&#8217;acrob\u00e0cies, malabars, contorsionisme i molt m\u00e9s que sovint ratllen l&#8217;impossible. I com sempre, hi ha grans sorpreses visuals, com la incorporaci\u00f3, per primera vegada en una producci\u00f3 itinerant del Cirque du Soleil, de la pluja a la proposta art\u00edstica, que crea instants excepcionals.<\/p>\n<p><strong><a href=\"https:\/\/www.cirquedusoleil.com\/es\/luzia\" target=\"_blank\" rel=\"noopener\">M\u00e9s informaci\u00f3<\/a><\/strong><\/p>\n<hr \/>\n<h3><strong>El significat d\u2019una can\u00e7\u00f3<\/strong><\/h3>\n<p>Durant tot el mes d\u2019abril encara podeu veure <strong>L\u2019Oreneta de Guillem Clua<\/strong> a la sala de teatre La Villarroel de Barcelona. L\u2019obra dirigida per Josep Maria Mestres ens parla de la mort, el dol, l\u2019amor, la culpa, el perd\u00f3 i tamb\u00e9 de les difer\u00e8ncies generacionals a trav\u00e9s de dos personatges que tenen molt m\u00e9s del que s\u2019imaginen en com\u00fa: la senyora Am\u00e8lia, interpretada per Emma Vilarrasau, i en Ramon, a c\u00e0rrec de Dafnis Balduz. Temes vitals i de gran debat per a alumnes de Batxillerat.<\/p>\n<figure id=\"attachment_994\" aria-describedby=\"caption-attachment-994\" style=\"width: 1080px\" class=\"wp-caption aligncenter\"><img loading=\"lazy\" decoding=\"async\" class=\"wp-image-994 size-full\" src=\"http:\/\/diarieducacio.cat\/ArtsEducacio\/wp-content\/uploads\/sites\/69\/2022\/04\/T22-L\u00b4oreneta_045.jpg\" alt=\"\" width=\"1080\" height=\"720\" srcset=\"https:\/\/diarieducacio.cat\/artseducacio\/wp-content\/uploads\/sites\/20\/2022\/04\/T22-L\u00b4oreneta_045.jpg 1080w, https:\/\/diarieducacio.cat\/artseducacio\/wp-content\/uploads\/sites\/20\/2022\/04\/T22-L\u00b4oreneta_045-300x200.jpg 300w, https:\/\/diarieducacio.cat\/artseducacio\/wp-content\/uploads\/sites\/20\/2022\/04\/T22-L\u00b4oreneta_045-1024x683.jpg 1024w, https:\/\/diarieducacio.cat\/artseducacio\/wp-content\/uploads\/sites\/20\/2022\/04\/T22-L\u00b4oreneta_045-768x512.jpg 768w, https:\/\/diarieducacio.cat\/artseducacio\/wp-content\/uploads\/sites\/20\/2022\/04\/T22-L\u00b4oreneta_045-150x100.jpg 150w, https:\/\/diarieducacio.cat\/artseducacio\/wp-content\/uploads\/sites\/20\/2022\/04\/T22-L\u00b4oreneta_045-450x300.jpg 450w\" sizes=\"(max-width: 1080px) 100vw, 1080px\" \/><figcaption id=\"caption-attachment-994\" class=\"wp-caption-text\">Fragment de L&#8217;Oreneta de Guillem Clua \/ Foto: Grup Focus<\/figcaption><\/figure>\n<p>L&#8217;Am\u00e8lia \u00e9s una professora de cant r\u00edgida i severa que rep la visita d&#8217;en Ramon, un home jove que li demana ajuda per millorar la seva t\u00e8cnica\u00a0vocal, ja que\u00a0vol cantar al funeral de la seva mare. Al principi ella s&#8217;hi nega, per\u00f2\u00a0finalment l&#8217;ajudar\u00e0 a interpretar L&#8217;Oreneta, can\u00e7\u00f3 escrita per I\u00f1aki Salvador i que dona nom a l&#8217;espectacle.<\/p>\n<p>A poc a poc, amb el di\u00e0leg entre els dos personatges i la lletra de la can\u00e7\u00f3, descobrirem el seu passat marcat per un atemptat terrorista de signe islamista que va patir la ciutat l&#8217;any anterior.<\/p>\n<p>Un espectacle que ja s&#8217;ha estrenat en 15 pa\u00efsos i s&#8217;ha representat en ciutats com Madrid, Londres i Par\u00eds, i inspirat en l&#8217;atac contra la comunitat LGTBI que va succeir el 12 de juny de 2016 al Bar\u00a0<span class=\"hiddenSpellError\">Pulse<\/span>\u00a0de la ciutat\u00a0nord-americana\u00a0d&#8217;Orlando.<\/p>\n<p><strong><a href=\"https:\/\/www.lavillarroel.cat\/ca\/ex\/1850\/loreneta\/\" target=\"_blank\" rel=\"noopener\">M\u00e9s informaci\u00f3<\/a><\/strong><\/p>\n<hr \/>\n<h3><strong>Conreant futur<\/strong><\/h3>\n<p>Com vivien els nostres avis i besavis pagesos? Com treballaven la terra? D\u2019on venia el que menjaven i d\u2019on ve ara? El Museu de la Vida Rural de la Fundaci\u00f3 Carulla proposa fer un viatge al passat per fixar-nos en com es conreava la terra per obtenir-ne l\u2019aliment al llarg del cicle d\u2019un any i alhora imaginar-nos com ser\u00e0 el futur de la nostra alimentaci\u00f3.<\/p>\n<figure id=\"attachment_991\" aria-describedby=\"caption-attachment-991\" style=\"width: 1080px\" class=\"wp-caption aligncenter\"><img loading=\"lazy\" decoding=\"async\" class=\"wp-image-991 size-full\" src=\"http:\/\/diarieducacio.cat\/ArtsEducacio\/wp-content\/uploads\/sites\/69\/2022\/04\/conreant_futur4.jpeg\" alt=\"\" width=\"1080\" height=\"720\" srcset=\"https:\/\/diarieducacio.cat\/artseducacio\/wp-content\/uploads\/sites\/20\/2022\/04\/conreant_futur4.jpeg 1080w, https:\/\/diarieducacio.cat\/artseducacio\/wp-content\/uploads\/sites\/20\/2022\/04\/conreant_futur4-300x200.jpeg 300w, https:\/\/diarieducacio.cat\/artseducacio\/wp-content\/uploads\/sites\/20\/2022\/04\/conreant_futur4-1024x683.jpeg 1024w, https:\/\/diarieducacio.cat\/artseducacio\/wp-content\/uploads\/sites\/20\/2022\/04\/conreant_futur4-768x512.jpeg 768w, https:\/\/diarieducacio.cat\/artseducacio\/wp-content\/uploads\/sites\/20\/2022\/04\/conreant_futur4-150x100.jpeg 150w, https:\/\/diarieducacio.cat\/artseducacio\/wp-content\/uploads\/sites\/20\/2022\/04\/conreant_futur4-450x300.jpeg 450w\" sizes=\"(max-width: 1080px) 100vw, 1080px\" \/><figcaption id=\"caption-attachment-991\" class=\"wp-caption-text\">Conreant futur \/ Foto: Museu de la Vida Rural de la Fundaci\u00f3 Carulla<\/figcaption><\/figure>\n<p>Una activitat educativa dirigida als alumnes a partir de 2n de Prim\u00e0ria que els acosta a la vida i a la feina de les fam\u00edlies pageses centrada en tres conreus: la vinya, el blat i l\u2019olivera. Aix\u00ed, descobriran quines eines i estris utilitzaven per cultivar-los, i com es transformen aquestes mat\u00e8ries primeres en vi, farina i oli, elements centrals de la dieta mediterr\u00e0nia.<\/p>\n<p>D\u2019aquesta manera, recuperem els valors que regien la vida al camp com: l\u2019esfor\u00e7, l\u2019estalvi, la previsi\u00f3, el no llen\u00e7ar res&#8230; i, sobretot, el fet de tenir cura de la terra, all\u00f2 que els garantia la seva subsist\u00e8ncia. Per acabar, es visita l\u2019hort del museu, per con\u00e8ixer en directe els principis de l\u2019agricultura ecol\u00f2gica, els productes de temporada i aprendre, d\u2019una manera divertida, com traduir aquests coneixements a la pr\u00e0ctica del nostre dia a dia. Aprenentatges valuosos per repensar un futur sostenible per a la vida al planeta.<\/p>\n<p><strong><a href=\"https:\/\/museuvidarural.cat\/conreant-futur\/\" target=\"_blank\" rel=\"noopener\">M\u00e9s informaci\u00f3<\/a><\/strong><\/p>\n<hr \/>\n<h3><strong>L\u00ednies i colors en moviment<\/strong><\/h3>\n<p>Fins al 15 de juny el CaixaForum ofereix una activitat art\u00edstica entorn del mural de Sol\u00a0<span class=\"hiddenSpellError\">LeWitt<\/span>\u00a0pensada per als infants de segon cicle d&#8217;Infantil i primer cicle de Prim\u00e0ria. Una proposta per aprendre a observar l&#8217;art i interpretar-lo a trav\u00e9s del moviment.<\/p>\n<p>El gran mural\u00a0<span class=\"hiddenSpellError\">Splat<\/span>!, del artista Sol\u00a0<span class=\"hiddenSpellError\">LeWitt<\/span>\u00a0que presideix el vest\u00edbul de CaixaForum, \u00e9s un esclat de colors que\u00a0ben segur\u00a0atrau la mirada dels m\u00e9s petits. Les l\u00ednies conviden a seguir-les movent-se en l&#8217;espai. Per tant, el color, la l\u00ednia i el moviment s\u00f3n els eixos d&#8217;aquesta proposta did\u00e0ctica.<\/p>\n<figure id=\"attachment_990\" aria-describedby=\"caption-attachment-990\" style=\"width: 1080px\" class=\"wp-caption aligncenter\"><img loading=\"lazy\" decoding=\"async\" class=\"wp-image-990 size-full\" src=\"http:\/\/diarieducacio.cat\/ArtsEducacio\/wp-content\/uploads\/sites\/69\/2022\/04\/Captura-de-Pantalla-2022-04-05-a-les-17.43.18.png\" alt=\"\" width=\"1080\" height=\"660\" \/><figcaption id=\"caption-attachment-990\" class=\"wp-caption-text\">Mural\u00a0Splat! del artista Sol\u00a0LeWitt \/ Foto: CaixaForum<\/figcaption><\/figure>\n<p>Una obra de gran pot\u00e8ncia visual creada a partir de\u00a0molt pocs\u00a0elements. I \u00e9s aquesta simplicitat la que precisament afavoreix als nens i nenes m\u00faltiples associacions com camins, focs, danses, laberints, volcans que podran explorar a trav\u00e9s de l&#8217;expressi\u00f3 corporal i la psicomotricitat.<\/p>\n<p><strong><a href=\"https:\/\/educaixa.org\/ca\/-\/el-mural-de-sol-lewitt-1\" target=\"_blank\" rel=\"noopener\">M\u00e9s informaci\u00f3<\/a><\/strong><\/p>\n","protected":false},"excerpt":{"rendered":"<p>Us hem preparat una tria d&#8217;activitats culturals educatives per als cursos d&#8217;educaci\u00f3 prim\u00e0ria i secund\u00e0ria, i alguna per al segon cicle d&#8217;Infantil. La majoria de propostes s\u00f3n presencials per sortir del centre i viure l&#8217;esclat de colors i olors de la primavera, per\u00f2 tamb\u00e9 en trobareu de virtuals i tallers per a fer a l&#8217;aula.<\/p>\n","protected":false},"author":63,"featured_media":993,"comment_status":"open","ping_status":"open","sticky":false,"template":"","format":"standard","meta":{"footnotes":""},"categories":[107,295],"tags":[153,127,121,111,128,110],"tipo":[221],"class_list":{"0":"post-981","1":"post","2":"type-post","3":"status-publish","4":"format-standard","5":"has-post-thumbnail","7":"category-materials-i-recursos","8":"category-reportatge","9":"tag-activitats-escolars","10":"tag-cultura-i-educacio","11":"tag-cultura-i-escola","12":"tag-cultura-segura","13":"tag-educacio-artistica-i-participacio-cultural","14":"tag-sortides-escolars","15":"tipo-reportatge"},"yoast_head":"<!-- This site is optimized with the Yoast SEO plugin v27.4 - https:\/\/yoast.com\/product\/yoast-seo-wordpress\/ -->\n<title>Propostes culturals educatives de primavera i sense mascareta - Arts &amp; Educaci\u00f3<\/title>\n<meta name=\"description\" content=\"Una tria d&#039;activitats culturals educatives per gaudir l&#039;esclat de colors i olors de la primavera. Propostes per als cursos d&#039;educaci\u00f3 Prim\u00e0ria i Secund\u00e0ria, i alguna per al segon cicle d&#039;Infantil.\" \/>\n<meta name=\"robots\" content=\"index, follow, max-snippet:-1, max-image-preview:large, max-video-preview:-1\" \/>\n<link rel=\"canonical\" href=\"https:\/\/diarieducacio.cat\/artseducacio\/2022\/04\/07\/propostes-culturals-educatives-de-primavera-i-sense-mascareta\/\" \/>\n<meta property=\"og:locale\" content=\"ca_ES\" \/>\n<meta property=\"og:type\" content=\"article\" \/>\n<meta property=\"og:title\" content=\"Propostes culturals educatives de primavera i sense mascareta - Arts &amp; Educaci\u00f3\" \/>\n<meta property=\"og:description\" content=\"Una tria d&#039;activitats culturals educatives per gaudir l&#039;esclat de colors i olors de la primavera. Propostes per als cursos d&#039;educaci\u00f3 Prim\u00e0ria i Secund\u00e0ria, i alguna per al segon cicle d&#039;Infantil.\" \/>\n<meta property=\"og:url\" content=\"https:\/\/diarieducacio.cat\/artseducacio\/2022\/04\/07\/propostes-culturals-educatives-de-primavera-i-sense-mascareta\/\" \/>\n<meta property=\"og:site_name\" content=\"Arts &amp; Educaci\u00f3\" \/>\n<meta property=\"article:publisher\" content=\"https:\/\/www.facebook.com\/diarieducacio\/\" \/>\n<meta property=\"article:published_time\" content=\"2022-04-07T21:35:08+00:00\" \/>\n<meta property=\"article:modified_time\" content=\"2024-08-08T10:03:51+00:00\" \/>\n<meta property=\"og:image\" content=\"https:\/\/diarieducacio.cat\/artseducacio\/wp-content\/uploads\/sites\/20\/2022\/04\/MpfHNFC0.jpeg\" \/>\n\t<meta property=\"og:image:width\" content=\"1080\" \/>\n\t<meta property=\"og:image:height\" content=\"719\" \/>\n\t<meta property=\"og:image:type\" content=\"image\/jpeg\" \/>\n<meta name=\"author\" content=\"Mar Dom\u00e8nech\" \/>\n<meta name=\"twitter:card\" content=\"summary_large_image\" \/>\n<meta name=\"twitter:creator\" content=\"@DiariEducacio\" \/>\n<meta name=\"twitter:site\" content=\"@DiariEducacio\" \/>\n<meta name=\"twitter:label1\" content=\"Escrit per\" \/>\n\t<meta name=\"twitter:data1\" content=\"Mar Dom\u00e8nech\" \/>\n\t<meta name=\"twitter:label2\" content=\"Temps estimat de lectura\" \/>\n\t<meta name=\"twitter:data2\" content=\"11 minuts\" \/>\n<script type=\"application\/ld+json\" class=\"yoast-schema-graph\">{\"@context\":\"https:\\\/\\\/schema.org\",\"@graph\":[{\"@type\":\"Article\",\"@id\":\"https:\\\/\\\/diarieducacio.cat\\\/artseducacio\\\/2022\\\/04\\\/07\\\/propostes-culturals-educatives-de-primavera-i-sense-mascareta\\\/#article\",\"isPartOf\":{\"@id\":\"https:\\\/\\\/diarieducacio.cat\\\/artseducacio\\\/2022\\\/04\\\/07\\\/propostes-culturals-educatives-de-primavera-i-sense-mascareta\\\/\"},\"author\":{\"name\":\"Mar Dom\u00e8nech\",\"@id\":\"https:\\\/\\\/diarieducacio.cat\\\/artseducacio\\\/#\\\/schema\\\/person\\\/eb83688c9eebc3ca52379b6608685c89\"},\"headline\":\"Propostes culturals educatives de primavera i sense mascareta\",\"datePublished\":\"2022-04-07T21:35:08+00:00\",\"dateModified\":\"2024-08-08T10:03:51+00:00\",\"mainEntityOfPage\":{\"@id\":\"https:\\\/\\\/diarieducacio.cat\\\/artseducacio\\\/2022\\\/04\\\/07\\\/propostes-culturals-educatives-de-primavera-i-sense-mascareta\\\/\"},\"wordCount\":2361,\"commentCount\":0,\"image\":{\"@id\":\"https:\\\/\\\/diarieducacio.cat\\\/artseducacio\\\/2022\\\/04\\\/07\\\/propostes-culturals-educatives-de-primavera-i-sense-mascareta\\\/#primaryimage\"},\"thumbnailUrl\":\"https:\\\/\\\/diarieducacio.cat\\\/artseducacio\\\/wp-content\\\/uploads\\\/sites\\\/20\\\/2022\\\/04\\\/MpfHNFC0.jpeg\",\"keywords\":[\"activitats escolars\",\"cultura i educaci\u00f3\",\"cultura i escola\",\"CULTURA SEGURA\",\"educaci\u00f3 art\u00edstica i participaci\u00f3 cultural\",\"SORTIDES ESCOLARS\"],\"articleSection\":[\"Materials i recursos\",\"Reportatge\"],\"inLanguage\":\"ca\",\"potentialAction\":[{\"@type\":\"CommentAction\",\"name\":\"Comment\",\"target\":[\"https:\\\/\\\/diarieducacio.cat\\\/artseducacio\\\/2022\\\/04\\\/07\\\/propostes-culturals-educatives-de-primavera-i-sense-mascareta\\\/#respond\"]}]},{\"@type\":\"WebPage\",\"@id\":\"https:\\\/\\\/diarieducacio.cat\\\/artseducacio\\\/2022\\\/04\\\/07\\\/propostes-culturals-educatives-de-primavera-i-sense-mascareta\\\/\",\"url\":\"https:\\\/\\\/diarieducacio.cat\\\/artseducacio\\\/2022\\\/04\\\/07\\\/propostes-culturals-educatives-de-primavera-i-sense-mascareta\\\/\",\"name\":\"Propostes culturals educatives de primavera i sense mascareta - Arts & Educaci\u00f3\",\"isPartOf\":{\"@id\":\"https:\\\/\\\/diarieducacio.cat\\\/artseducacio\\\/#website\"},\"primaryImageOfPage\":{\"@id\":\"https:\\\/\\\/diarieducacio.cat\\\/artseducacio\\\/2022\\\/04\\\/07\\\/propostes-culturals-educatives-de-primavera-i-sense-mascareta\\\/#primaryimage\"},\"image\":{\"@id\":\"https:\\\/\\\/diarieducacio.cat\\\/artseducacio\\\/2022\\\/04\\\/07\\\/propostes-culturals-educatives-de-primavera-i-sense-mascareta\\\/#primaryimage\"},\"thumbnailUrl\":\"https:\\\/\\\/diarieducacio.cat\\\/artseducacio\\\/wp-content\\\/uploads\\\/sites\\\/20\\\/2022\\\/04\\\/MpfHNFC0.jpeg\",\"datePublished\":\"2022-04-07T21:35:08+00:00\",\"dateModified\":\"2024-08-08T10:03:51+00:00\",\"author\":{\"@id\":\"https:\\\/\\\/diarieducacio.cat\\\/artseducacio\\\/#\\\/schema\\\/person\\\/eb83688c9eebc3ca52379b6608685c89\"},\"description\":\"Una tria d'activitats culturals educatives per gaudir l'esclat de colors i olors de la primavera. Propostes per als cursos d'educaci\u00f3 Prim\u00e0ria i Secund\u00e0ria, i alguna per al segon cicle d'Infantil.\",\"breadcrumb\":{\"@id\":\"https:\\\/\\\/diarieducacio.cat\\\/artseducacio\\\/2022\\\/04\\\/07\\\/propostes-culturals-educatives-de-primavera-i-sense-mascareta\\\/#breadcrumb\"},\"inLanguage\":\"ca\",\"potentialAction\":[{\"@type\":\"ReadAction\",\"target\":[\"https:\\\/\\\/diarieducacio.cat\\\/artseducacio\\\/2022\\\/04\\\/07\\\/propostes-culturals-educatives-de-primavera-i-sense-mascareta\\\/\"]}]},{\"@type\":\"ImageObject\",\"inLanguage\":\"ca\",\"@id\":\"https:\\\/\\\/diarieducacio.cat\\\/artseducacio\\\/2022\\\/04\\\/07\\\/propostes-culturals-educatives-de-primavera-i-sense-mascareta\\\/#primaryimage\",\"url\":\"https:\\\/\\\/diarieducacio.cat\\\/artseducacio\\\/wp-content\\\/uploads\\\/sites\\\/20\\\/2022\\\/04\\\/MpfHNFC0.jpeg\",\"contentUrl\":\"https:\\\/\\\/diarieducacio.cat\\\/artseducacio\\\/wp-content\\\/uploads\\\/sites\\\/20\\\/2022\\\/04\\\/MpfHNFC0.jpeg\",\"width\":1080,\"height\":719,\"caption\":\"Espectacle LUZIA \\\/ Foto: Cirque du Soleil\"},{\"@type\":\"BreadcrumbList\",\"@id\":\"https:\\\/\\\/diarieducacio.cat\\\/artseducacio\\\/2022\\\/04\\\/07\\\/propostes-culturals-educatives-de-primavera-i-sense-mascareta\\\/#breadcrumb\",\"itemListElement\":[{\"@type\":\"ListItem\",\"position\":1,\"name\":\"Inici\",\"item\":\"https:\\\/\\\/diarieducacio.cat\\\/artseducacio\\\/\"},{\"@type\":\"ListItem\",\"position\":2,\"name\":\"Propostes culturals educatives de primavera i sense mascareta\"}]},{\"@type\":\"WebSite\",\"@id\":\"https:\\\/\\\/diarieducacio.cat\\\/artseducacio\\\/#website\",\"url\":\"https:\\\/\\\/diarieducacio.cat\\\/artseducacio\\\/\",\"name\":\"Arts & Educaci\u00f3\",\"description\":\"Un blog de El Diari de l&#039;Educaci\u00f3\",\"potentialAction\":[{\"@type\":\"SearchAction\",\"target\":{\"@type\":\"EntryPoint\",\"urlTemplate\":\"https:\\\/\\\/diarieducacio.cat\\\/artseducacio\\\/?s={search_term_string}\"},\"query-input\":{\"@type\":\"PropertyValueSpecification\",\"valueRequired\":true,\"valueName\":\"search_term_string\"}}],\"inLanguage\":\"ca\"},{\"@type\":\"Person\",\"@id\":\"https:\\\/\\\/diarieducacio.cat\\\/artseducacio\\\/#\\\/schema\\\/person\\\/eb83688c9eebc3ca52379b6608685c89\",\"name\":\"Mar Dom\u00e8nech\",\"image\":{\"@type\":\"ImageObject\",\"inLanguage\":\"ca\",\"@id\":\"https:\\\/\\\/diarieducacio.cat\\\/wp-content\\\/uploads\\\/2024\\\/11\\\/mar-domenech_avatar-96x96.jpg\",\"url\":\"https:\\\/\\\/diarieducacio.cat\\\/wp-content\\\/uploads\\\/2024\\\/11\\\/mar-domenech_avatar-96x96.jpg\",\"contentUrl\":\"https:\\\/\\\/diarieducacio.cat\\\/wp-content\\\/uploads\\\/2024\\\/11\\\/mar-domenech_avatar-96x96.jpg\",\"caption\":\"Mar Dom\u00e8nech\"},\"description\":\"Coordinadora del blog Arts i Educaci\u00f3. Periodista infantil i familiar. Especialitzada en temes d'educaci\u00f3, cultura en fam\u00edlia, literatura infantil i disseny per a petits.\",\"url\":\"https:\\\/\\\/diarieducacio.cat\\\/artseducacio\\\/author\\\/mardomenech\\\/\"}]}<\/script>\n<!-- \/ Yoast SEO plugin. -->","yoast_head_json":{"title":"Propostes culturals educatives de primavera i sense mascareta - Arts & Educaci\u00f3","description":"Una tria d'activitats culturals educatives per gaudir l'esclat de colors i olors de la primavera. Propostes per als cursos d'educaci\u00f3 Prim\u00e0ria i Secund\u00e0ria, i alguna per al segon cicle d'Infantil.","robots":{"index":"index","follow":"follow","max-snippet":"max-snippet:-1","max-image-preview":"max-image-preview:large","max-video-preview":"max-video-preview:-1"},"canonical":"https:\/\/diarieducacio.cat\/artseducacio\/2022\/04\/07\/propostes-culturals-educatives-de-primavera-i-sense-mascareta\/","og_locale":"ca_ES","og_type":"article","og_title":"Propostes culturals educatives de primavera i sense mascareta - Arts & Educaci\u00f3","og_description":"Una tria d'activitats culturals educatives per gaudir l'esclat de colors i olors de la primavera. Propostes per als cursos d'educaci\u00f3 Prim\u00e0ria i Secund\u00e0ria, i alguna per al segon cicle d'Infantil.","og_url":"https:\/\/diarieducacio.cat\/artseducacio\/2022\/04\/07\/propostes-culturals-educatives-de-primavera-i-sense-mascareta\/","og_site_name":"Arts & Educaci\u00f3","article_publisher":"https:\/\/www.facebook.com\/diarieducacio\/","article_published_time":"2022-04-07T21:35:08+00:00","article_modified_time":"2024-08-08T10:03:51+00:00","og_image":[{"width":1080,"height":719,"url":"https:\/\/diarieducacio.cat\/artseducacio\/wp-content\/uploads\/sites\/20\/2022\/04\/MpfHNFC0.jpeg","type":"image\/jpeg"}],"author":"Mar Dom\u00e8nech","twitter_card":"summary_large_image","twitter_creator":"@DiariEducacio","twitter_site":"@DiariEducacio","twitter_misc":{"Escrit per":"Mar Dom\u00e8nech","Temps estimat de lectura":"11 minuts"},"schema":{"@context":"https:\/\/schema.org","@graph":[{"@type":"Article","@id":"https:\/\/diarieducacio.cat\/artseducacio\/2022\/04\/07\/propostes-culturals-educatives-de-primavera-i-sense-mascareta\/#article","isPartOf":{"@id":"https:\/\/diarieducacio.cat\/artseducacio\/2022\/04\/07\/propostes-culturals-educatives-de-primavera-i-sense-mascareta\/"},"author":{"name":"Mar Dom\u00e8nech","@id":"https:\/\/diarieducacio.cat\/artseducacio\/#\/schema\/person\/eb83688c9eebc3ca52379b6608685c89"},"headline":"Propostes culturals educatives de primavera i sense mascareta","datePublished":"2022-04-07T21:35:08+00:00","dateModified":"2024-08-08T10:03:51+00:00","mainEntityOfPage":{"@id":"https:\/\/diarieducacio.cat\/artseducacio\/2022\/04\/07\/propostes-culturals-educatives-de-primavera-i-sense-mascareta\/"},"wordCount":2361,"commentCount":0,"image":{"@id":"https:\/\/diarieducacio.cat\/artseducacio\/2022\/04\/07\/propostes-culturals-educatives-de-primavera-i-sense-mascareta\/#primaryimage"},"thumbnailUrl":"https:\/\/diarieducacio.cat\/artseducacio\/wp-content\/uploads\/sites\/20\/2022\/04\/MpfHNFC0.jpeg","keywords":["activitats escolars","cultura i educaci\u00f3","cultura i escola","CULTURA SEGURA","educaci\u00f3 art\u00edstica i participaci\u00f3 cultural","SORTIDES ESCOLARS"],"articleSection":["Materials i recursos","Reportatge"],"inLanguage":"ca","potentialAction":[{"@type":"CommentAction","name":"Comment","target":["https:\/\/diarieducacio.cat\/artseducacio\/2022\/04\/07\/propostes-culturals-educatives-de-primavera-i-sense-mascareta\/#respond"]}]},{"@type":"WebPage","@id":"https:\/\/diarieducacio.cat\/artseducacio\/2022\/04\/07\/propostes-culturals-educatives-de-primavera-i-sense-mascareta\/","url":"https:\/\/diarieducacio.cat\/artseducacio\/2022\/04\/07\/propostes-culturals-educatives-de-primavera-i-sense-mascareta\/","name":"Propostes culturals educatives de primavera i sense mascareta - Arts & Educaci\u00f3","isPartOf":{"@id":"https:\/\/diarieducacio.cat\/artseducacio\/#website"},"primaryImageOfPage":{"@id":"https:\/\/diarieducacio.cat\/artseducacio\/2022\/04\/07\/propostes-culturals-educatives-de-primavera-i-sense-mascareta\/#primaryimage"},"image":{"@id":"https:\/\/diarieducacio.cat\/artseducacio\/2022\/04\/07\/propostes-culturals-educatives-de-primavera-i-sense-mascareta\/#primaryimage"},"thumbnailUrl":"https:\/\/diarieducacio.cat\/artseducacio\/wp-content\/uploads\/sites\/20\/2022\/04\/MpfHNFC0.jpeg","datePublished":"2022-04-07T21:35:08+00:00","dateModified":"2024-08-08T10:03:51+00:00","author":{"@id":"https:\/\/diarieducacio.cat\/artseducacio\/#\/schema\/person\/eb83688c9eebc3ca52379b6608685c89"},"description":"Una tria d'activitats culturals educatives per gaudir l'esclat de colors i olors de la primavera. Propostes per als cursos d'educaci\u00f3 Prim\u00e0ria i Secund\u00e0ria, i alguna per al segon cicle d'Infantil.","breadcrumb":{"@id":"https:\/\/diarieducacio.cat\/artseducacio\/2022\/04\/07\/propostes-culturals-educatives-de-primavera-i-sense-mascareta\/#breadcrumb"},"inLanguage":"ca","potentialAction":[{"@type":"ReadAction","target":["https:\/\/diarieducacio.cat\/artseducacio\/2022\/04\/07\/propostes-culturals-educatives-de-primavera-i-sense-mascareta\/"]}]},{"@type":"ImageObject","inLanguage":"ca","@id":"https:\/\/diarieducacio.cat\/artseducacio\/2022\/04\/07\/propostes-culturals-educatives-de-primavera-i-sense-mascareta\/#primaryimage","url":"https:\/\/diarieducacio.cat\/artseducacio\/wp-content\/uploads\/sites\/20\/2022\/04\/MpfHNFC0.jpeg","contentUrl":"https:\/\/diarieducacio.cat\/artseducacio\/wp-content\/uploads\/sites\/20\/2022\/04\/MpfHNFC0.jpeg","width":1080,"height":719,"caption":"Espectacle LUZIA \/ Foto: Cirque du Soleil"},{"@type":"BreadcrumbList","@id":"https:\/\/diarieducacio.cat\/artseducacio\/2022\/04\/07\/propostes-culturals-educatives-de-primavera-i-sense-mascareta\/#breadcrumb","itemListElement":[{"@type":"ListItem","position":1,"name":"Inici","item":"https:\/\/diarieducacio.cat\/artseducacio\/"},{"@type":"ListItem","position":2,"name":"Propostes culturals educatives de primavera i sense mascareta"}]},{"@type":"WebSite","@id":"https:\/\/diarieducacio.cat\/artseducacio\/#website","url":"https:\/\/diarieducacio.cat\/artseducacio\/","name":"Arts & Educaci\u00f3","description":"Un blog de El Diari de l&#039;Educaci\u00f3","potentialAction":[{"@type":"SearchAction","target":{"@type":"EntryPoint","urlTemplate":"https:\/\/diarieducacio.cat\/artseducacio\/?s={search_term_string}"},"query-input":{"@type":"PropertyValueSpecification","valueRequired":true,"valueName":"search_term_string"}}],"inLanguage":"ca"},{"@type":"Person","@id":"https:\/\/diarieducacio.cat\/artseducacio\/#\/schema\/person\/eb83688c9eebc3ca52379b6608685c89","name":"Mar Dom\u00e8nech","image":{"@type":"ImageObject","inLanguage":"ca","@id":"https:\/\/diarieducacio.cat\/wp-content\/uploads\/2024\/11\/mar-domenech_avatar-96x96.jpg","url":"https:\/\/diarieducacio.cat\/wp-content\/uploads\/2024\/11\/mar-domenech_avatar-96x96.jpg","contentUrl":"https:\/\/diarieducacio.cat\/wp-content\/uploads\/2024\/11\/mar-domenech_avatar-96x96.jpg","caption":"Mar Dom\u00e8nech"},"description":"Coordinadora del blog Arts i Educaci\u00f3. Periodista infantil i familiar. Especialitzada en temes d'educaci\u00f3, cultura en fam\u00edlia, literatura infantil i disseny per a petits.","url":"https:\/\/diarieducacio.cat\/artseducacio\/author\/mardomenech\/"}]}},"_links":{"self":[{"href":"https:\/\/diarieducacio.cat\/artseducacio\/wp-json\/wp\/v2\/posts\/981","targetHints":{"allow":["GET"]}}],"collection":[{"href":"https:\/\/diarieducacio.cat\/artseducacio\/wp-json\/wp\/v2\/posts"}],"about":[{"href":"https:\/\/diarieducacio.cat\/artseducacio\/wp-json\/wp\/v2\/types\/post"}],"author":[{"embeddable":true,"href":"https:\/\/diarieducacio.cat\/artseducacio\/wp-json\/wp\/v2\/users\/63"}],"replies":[{"embeddable":true,"href":"https:\/\/diarieducacio.cat\/artseducacio\/wp-json\/wp\/v2\/comments?post=981"}],"version-history":[{"count":1,"href":"https:\/\/diarieducacio.cat\/artseducacio\/wp-json\/wp\/v2\/posts\/981\/revisions"}],"predecessor-version":[{"id":2575,"href":"https:\/\/diarieducacio.cat\/artseducacio\/wp-json\/wp\/v2\/posts\/981\/revisions\/2575"}],"wp:featuredmedia":[{"embeddable":true,"href":"https:\/\/diarieducacio.cat\/artseducacio\/wp-json\/wp\/v2\/media\/993"}],"wp:attachment":[{"href":"https:\/\/diarieducacio.cat\/artseducacio\/wp-json\/wp\/v2\/media?parent=981"}],"wp:term":[{"taxonomy":"category","embeddable":true,"href":"https:\/\/diarieducacio.cat\/artseducacio\/wp-json\/wp\/v2\/categories?post=981"},{"taxonomy":"post_tag","embeddable":true,"href":"https:\/\/diarieducacio.cat\/artseducacio\/wp-json\/wp\/v2\/tags?post=981"},{"taxonomy":"tipo","embeddable":true,"href":"https:\/\/diarieducacio.cat\/artseducacio\/wp-json\/wp\/v2\/tipo?post=981"}],"curies":[{"name":"wp","href":"https:\/\/api.w.org\/{rel}","templated":true}]}}