{"id":1037,"date":"2018-09-24T20:55:55","date_gmt":"2018-09-24T20:55:55","guid":{"rendered":"https:\/\/diarieducacio.cat\/educaciolocal\/?p=1037"},"modified":"2018-09-24T20:55:55","modified_gmt":"2018-09-24T20:55:55","slug":"ocupar-se-de-la-mortalitat-escolar","status":"publish","type":"post","link":"https:\/\/diarieducacio.cat\/educaciolocal\/2018\/09\/24\/ocupar-se-de-la-mortalitat-escolar\/","title":{"rendered":"Ocupar-se de la mortalitat escolar"},"content":{"rendered":"<figure id=\"attachment_1045\" aria-describedby=\"caption-attachment-1045\" style=\"width: 2121px\" class=\"wp-caption alignnone\"><img fetchpriority=\"high\" decoding=\"async\" class=\"wp-image-1045 size-full\" src=\"https:\/\/diarieducacio.cat\/educaciolocal\/wp-content\/uploads\/sites\/26\/2018\/09\/iStock-.jpg\" alt=\"\" width=\"2121\" height=\"1414\" srcset=\"https:\/\/diarieducacio.cat\/educaciolocal\/wp-content\/uploads\/sites\/18\/2018\/09\/iStock-.jpg 2121w, https:\/\/diarieducacio.cat\/educaciolocal\/wp-content\/uploads\/sites\/18\/2018\/09\/iStock--300x200.jpg 300w, https:\/\/diarieducacio.cat\/educaciolocal\/wp-content\/uploads\/sites\/18\/2018\/09\/iStock--1024x683.jpg 1024w, https:\/\/diarieducacio.cat\/educaciolocal\/wp-content\/uploads\/sites\/18\/2018\/09\/iStock--768x512.jpg 768w, https:\/\/diarieducacio.cat\/educaciolocal\/wp-content\/uploads\/sites\/18\/2018\/09\/iStock--1536x1024.jpg 1536w, https:\/\/diarieducacio.cat\/educaciolocal\/wp-content\/uploads\/sites\/18\/2018\/09\/iStock--2048x1365.jpg 2048w, https:\/\/diarieducacio.cat\/educaciolocal\/wp-content\/uploads\/sites\/18\/2018\/09\/iStock--150x100.jpg 150w, https:\/\/diarieducacio.cat\/educaciolocal\/wp-content\/uploads\/sites\/18\/2018\/09\/iStock--450x300.jpg 450w, https:\/\/diarieducacio.cat\/educaciolocal\/wp-content\/uploads\/sites\/18\/2018\/09\/iStock--1200x800.jpg 1200w\" sizes=\"(max-width: 2121px) 100vw, 2121px\" \/><figcaption id=\"caption-attachment-1045\" class=\"wp-caption-text\">iStock<\/figcaption><\/figure>\n<p>Tot just en un curs acabat de n\u00e9ixer, tot just quan estem comen\u00e7ant les classes, potser val la pena parar-se ja a pensar, intuir i planificar, com valorarem al juny els resultats, per qu\u00e8 li haur\u00e0 servit a cada nen, a cada adolescent haver passat un curs m\u00e9s a l\u2019escola. Concretem-ho en els adolescents i, singularment, en els que dintre de nou mesos sortiran (abandonaran, seran expulsats) de l\u2019escolaritzaci\u00f3 obligat\u00f2ria. \u00bfQuants adolescents continuaran educativament vius i quants passaran a buscar-se la vida de manera diferent, o a ressuscitar en un altre entorn? Est\u00e0 predeterminat el resultat o \u00e9s planificable?<\/p>\n<p>Peri\u00f2dicament, els responsables de l\u2019administraci\u00f3 educativa, tornen a expressar una certa preocupaci\u00f3 sobre el nombre de nois i noies que acaben l\u2019obligatorietat escolar amb resultats inadequats. Ara preocupa l\u2019abandonament escolar preco\u00e7, ara la manca de titulaci\u00f3, ara el frac\u00e0s escolar, ara els que no fan res (em nego a posar l\u2019etiqueta de les dues NN), ara&#8230; A m\u00e9s, es discuteix sobre xifres que suposadament pugen o baixen de manera aut\u00f2noma (com si, per exemple, l\u2019abandonament no estigu\u00e9s relacionat amb l\u2019oferta d\u2019ocupaci\u00f3 prec\u00e0ria sense qualificaci\u00f3), de la mateixa manera que consideren la no continu\u00eftat escolar sense tenir en compte, per exemple, l\u2019impacte de l\u2019academicisme en les repeticions.<\/p>\n<p>Com que tinc la voluntat de seguir escrivint algun article m\u00e9s en aquest <a href=\"https:\/\/diarieducacio.cat\/educaciolocal\/\" target=\"_blank\" rel=\"noopener\">Blog<\/a>\u00a0sobre el tema, avui voldria tant sols fer un apunt sobre la lectura de dades, un altre sobre qui s\u00f3n els nois i les noies dels que ens haur\u00edem de preocupar i un final comen\u00e7ant a parlar d\u2019una acci\u00f3 b\u00e0sica, el \u201cconsell orientador\u201d. Anem primer amb la lectura de les dades.<\/p>\n<p>Desconeixem la foto real dels nois i noies que, a partir dels 18 anys, ja no estan connectats amb el sistema educatiu. La xifra d\u2019abandonament preco\u00e7 que fem servir prov\u00e9, b\u00e0sicament, de les enquestes de poblaci\u00f3 activa (EPA). Per\u00f2 no tenim cap coneixement del veritable seguiment. \u00c9s a dir, no podem definir les traject\u00f2ries que ha seguit cada adolescent mentre era a l\u2019escola i en acabar-la. No sabem quan i quins alumnes de cada generaci\u00f3 escolar que entrava en el sistema han \u201cmort\u201d educativament. A la xifra (d\u2019estimaci\u00f3 per enquesta) estan contats d\u2019igual manera la noia bona estudiant que no ha acabat el batxillerat perqu\u00e8 ha tingut que posar-se a treballar i el noi rebotat que ha rodat per diversos cursets d\u2019ocupaci\u00f3 i no troba feina. A m\u00e9s, s\u00f3n estad\u00edstiques de moments i situacions escolars diferents posades juntes. <strong>No es possible treballar les transicions sense tenir un sistema local de seguiment que ens permeti con\u00e8ixer com van transitant, per l\u2019escola i fora, el membres de cada generaci\u00f3 escolar<\/strong>.<\/p>\n<p>El frac\u00e0s acad\u00e8mic, sovint definit per la no obtenci\u00f3 del t\u00edtol de graduat, no indica m\u00e9s que la possessi\u00f3 o no d\u2019un certificat d\u2019haver arribat al s\u00f2col educatiu b\u00e0sic. Per\u00f2, no \u00e9s una dada que identifiqui les condicions subjectives i de grup envers la continuaci\u00f3 formativa. Quan revises les dades de comarques amb graduacions en ESO per sobre del 80% descobreixes que tenen m\u00e9s d\u2019un 30% (el 40% en el cas dels nois) que tindran transicions molt singulars i finals abruptes. Un de cada tres nois o noies est\u00e0 fora de promoci\u00f3, \u00e9s repetidor, acabar\u00e0 en permanent bronca amb l\u2019escola. Un panorama en el que continuar el proc\u00e9s formatiu ser\u00e0 altament improbable per molt que obtinguin o no el t\u00edtol (pitjor encara si no el tenen).<\/p>\n<p>Tampoc analitzem mai els efectes del batxillerocentrisme, ni del fet de tenir batxillers pensats tant sols per anar a la universitat (m\u00e9s d\u2019un 15 % dels que comencen no acaben el batxillerat i queden perduts), ni la desigualtat d\u2019acc\u00e9s segons els or\u00edgens familiars. Podr\u00edem continuar, per exemple, relacionant els informes de necessitats educatives espec\u00edfiques i la situaci\u00f3 educativa i escolar final o, dit d\u2019una altra manera, les possibilitats familiars de tenir i imaginar un futur diferent. Ja seguirem.<\/p>\n<p><strong>Quan des de l\u2019espai local es treballa per aconseguir que l\u2019escola formi part de la comunitat i la comunitat sigui escola, una de les preocupacions a compartir \u00e9s com acompanyar, tamb\u00e9, les transicions escolars.<\/strong> Per aix\u00f2, m\u00e9s enll\u00e0 de les dades, el que hem de con\u00e8ixer i analitzar de manera compartida \u00e9s la composici\u00f3 del multiforme grup escolar que podr\u00edem definir de la seg\u00fcent manera:<\/p>\n<p style=\"padding-left: 60px\">Adolescents que surten farts d\u2019escola i no volen tornar a cap aula, que acaben l\u2019escolaritzaci\u00f3 sense cap desig de saber, que desapareixen del mapa conven\u00e7uts de la pr\u00f2pia inutilitat i de la seva incapacitat per aprendre. Adolescents que passen a ser joves havent llan\u00e7at la tovallola de l\u2019aprenentatge al llarg de la vida, quan han perdut tot inter\u00e8s per entendre el m\u00f3n, la vida personal i col\u00b7lectiva.<\/p>\n<p>Es tracta de construir transicions diverses, havent treballat per evitar la construcci\u00f3 de les ruptures, en mig de multiformes complexitats educatives. Ens toca repensar el conjunt d\u2019accions educatives destinades a orientar adequadament i activament la transici\u00f3 entre l\u2019educaci\u00f3 secund\u00e0ria obligat\u00f2ria i la continuaci\u00f3 de la formaci\u00f3, les experi\u00e8ncies d\u2019incorporaci\u00f3 parcial a l\u2019ocupaci\u00f3, les experi\u00e8ncies de socialitzaci\u00f3 juvenil integradores. I a aix\u00f2 li podem dir \u201cconsell orientador\u201d (per cobrir l\u2019expedient acad\u00e8mic que ens obliga a fer-ho) o \u201cacompanyament en les transicions\u201d per convertir en \u00fatils els recursos socioeducatius i laborals locals.<\/p>\n","protected":false},"excerpt":{"rendered":"<p>Una de les preocupacions principals de la comunitat educativa recau sobre l\u2019alumnat que acaba l\u2019escolaritat obligat\u00f2ria amb uns resultats inadequats que fan dif\u00edcil la continuaci\u00f3 del seu itinerari formatiu. L\u2019article reflexiona sobre aquest aspecte fent esment a la import\u00e0ncia de l\u2019acompanyament en les transicions educatives.<\/p>\n","protected":false},"author":223,"featured_media":1036,"comment_status":"open","ping_status":"closed","sticky":false,"template":"","format":"standard","meta":{"footnotes":""},"categories":[187,156],"tags":[167,200,207],"tipo":[],"class_list":{"0":"post-1037","1":"post","2":"type-post","3":"status-publish","4":"format-standard","5":"has-post-thumbnail","7":"category-abandonament-escolar-prematur","8":"category-orientacio","9":"tag-abandonament-escolar-prematur","10":"tag-orientacio","11":"tag-transicions"},"yoast_head":"<!-- This site is optimized with the Yoast SEO plugin v27.4 - https:\/\/yoast.com\/product\/yoast-seo-wordpress\/ -->\n<title>Ocupar-se de la mortalitat escolar - El blog de l&#039;educaci\u00f3 local<\/title>\n<meta name=\"robots\" content=\"index, follow, max-snippet:-1, max-image-preview:large, max-video-preview:-1\" \/>\n<link rel=\"canonical\" href=\"https:\/\/diarieducacio.cat\/educaciolocal\/2018\/09\/24\/ocupar-se-de-la-mortalitat-escolar\/\" \/>\n<meta property=\"og:locale\" content=\"ca_ES\" \/>\n<meta property=\"og:type\" content=\"article\" \/>\n<meta property=\"og:title\" content=\"Ocupar-se de la mortalitat escolar - El blog de l&#039;educaci\u00f3 local\" \/>\n<meta property=\"og:description\" content=\"Una de les preocupacions principals de la comunitat educativa recau sobre l\u2019alumnat que acaba l\u2019escolaritat obligat\u00f2ria amb uns resultats inadequats que fan dif\u00edcil la continuaci\u00f3 del seu itinerari formatiu. L\u2019article reflexiona sobre aquest aspecte fent esment a la import\u00e0ncia de l\u2019acompanyament en les transicions educatives.\" \/>\n<meta property=\"og:url\" content=\"https:\/\/diarieducacio.cat\/educaciolocal\/2018\/09\/24\/ocupar-se-de-la-mortalitat-escolar\/\" \/>\n<meta property=\"og:site_name\" content=\"El blog de l&#039;educaci\u00f3 local\" \/>\n<meta property=\"article:publisher\" content=\"https:\/\/www.facebook.com\/diarieducacio\/\" \/>\n<meta property=\"article:published_time\" content=\"2018-09-24T20:55:55+00:00\" \/>\n<meta property=\"og:image\" content=\"https:\/\/diarieducacio.cat\/educaciolocal\/wp-content\/uploads\/sites\/18\/2018\/09\/JFunes.jpg\" \/>\n\t<meta property=\"og:image:width\" content=\"1000\" \/>\n\t<meta property=\"og:image:height\" content=\"937\" \/>\n\t<meta property=\"og:image:type\" content=\"image\/jpeg\" \/>\n<meta name=\"author\" content=\"Jaume Funes\" \/>\n<meta name=\"twitter:card\" content=\"summary_large_image\" \/>\n<meta name=\"twitter:creator\" content=\"@DiariEducacio\" \/>\n<meta name=\"twitter:site\" content=\"@DiariEducacio\" \/>\n<meta name=\"twitter:label1\" content=\"Escrit per\" \/>\n\t<meta name=\"twitter:data1\" content=\"Jaume Funes\" \/>\n\t<meta name=\"twitter:label2\" content=\"Temps estimat de lectura\" \/>\n\t<meta name=\"twitter:data2\" content=\"5 minuts\" \/>\n<script type=\"application\/ld+json\" class=\"yoast-schema-graph\">{\"@context\":\"https:\\\/\\\/schema.org\",\"@graph\":[{\"@type\":\"Article\",\"@id\":\"https:\\\/\\\/diarieducacio.cat\\\/educaciolocal\\\/2018\\\/09\\\/24\\\/ocupar-se-de-la-mortalitat-escolar\\\/#article\",\"isPartOf\":{\"@id\":\"https:\\\/\\\/diarieducacio.cat\\\/educaciolocal\\\/2018\\\/09\\\/24\\\/ocupar-se-de-la-mortalitat-escolar\\\/\"},\"author\":{\"name\":\"Jaume Funes\",\"@id\":\"https:\\\/\\\/diarieducacio.cat\\\/educaciolocal\\\/#\\\/schema\\\/person\\\/e1cd4662f3aa9621b133166187c46fc9\"},\"headline\":\"Ocupar-se de la mortalitat escolar\",\"datePublished\":\"2018-09-24T20:55:55+00:00\",\"mainEntityOfPage\":{\"@id\":\"https:\\\/\\\/diarieducacio.cat\\\/educaciolocal\\\/2018\\\/09\\\/24\\\/ocupar-se-de-la-mortalitat-escolar\\\/\"},\"wordCount\":957,\"commentCount\":0,\"image\":{\"@id\":\"https:\\\/\\\/diarieducacio.cat\\\/educaciolocal\\\/2018\\\/09\\\/24\\\/ocupar-se-de-la-mortalitat-escolar\\\/#primaryimage\"},\"thumbnailUrl\":\"https:\\\/\\\/diarieducacio.cat\\\/educaciolocal\\\/wp-content\\\/uploads\\\/sites\\\/18\\\/2018\\\/09\\\/JFunes.jpg\",\"keywords\":[\"Abandonament escolar prematur\",\"orientaci\u00f3\",\"Transicions\"],\"articleSection\":[\"Abandonament escolar prematur\",\"Orientaci\u00f3\"],\"inLanguage\":\"ca\",\"potentialAction\":[{\"@type\":\"CommentAction\",\"name\":\"Comment\",\"target\":[\"https:\\\/\\\/diarieducacio.cat\\\/educaciolocal\\\/2018\\\/09\\\/24\\\/ocupar-se-de-la-mortalitat-escolar\\\/#respond\"]}]},{\"@type\":\"WebPage\",\"@id\":\"https:\\\/\\\/diarieducacio.cat\\\/educaciolocal\\\/2018\\\/09\\\/24\\\/ocupar-se-de-la-mortalitat-escolar\\\/\",\"url\":\"https:\\\/\\\/diarieducacio.cat\\\/educaciolocal\\\/2018\\\/09\\\/24\\\/ocupar-se-de-la-mortalitat-escolar\\\/\",\"name\":\"Ocupar-se de la mortalitat escolar - El blog de l'educaci\u00f3 local\",\"isPartOf\":{\"@id\":\"https:\\\/\\\/diarieducacio.cat\\\/educaciolocal\\\/#website\"},\"primaryImageOfPage\":{\"@id\":\"https:\\\/\\\/diarieducacio.cat\\\/educaciolocal\\\/2018\\\/09\\\/24\\\/ocupar-se-de-la-mortalitat-escolar\\\/#primaryimage\"},\"image\":{\"@id\":\"https:\\\/\\\/diarieducacio.cat\\\/educaciolocal\\\/2018\\\/09\\\/24\\\/ocupar-se-de-la-mortalitat-escolar\\\/#primaryimage\"},\"thumbnailUrl\":\"https:\\\/\\\/diarieducacio.cat\\\/educaciolocal\\\/wp-content\\\/uploads\\\/sites\\\/18\\\/2018\\\/09\\\/JFunes.jpg\",\"datePublished\":\"2018-09-24T20:55:55+00:00\",\"author\":{\"@id\":\"https:\\\/\\\/diarieducacio.cat\\\/educaciolocal\\\/#\\\/schema\\\/person\\\/e1cd4662f3aa9621b133166187c46fc9\"},\"breadcrumb\":{\"@id\":\"https:\\\/\\\/diarieducacio.cat\\\/educaciolocal\\\/2018\\\/09\\\/24\\\/ocupar-se-de-la-mortalitat-escolar\\\/#breadcrumb\"},\"inLanguage\":\"ca\",\"potentialAction\":[{\"@type\":\"ReadAction\",\"target\":[\"https:\\\/\\\/diarieducacio.cat\\\/educaciolocal\\\/2018\\\/09\\\/24\\\/ocupar-se-de-la-mortalitat-escolar\\\/\"]}]},{\"@type\":\"ImageObject\",\"inLanguage\":\"ca\",\"@id\":\"https:\\\/\\\/diarieducacio.cat\\\/educaciolocal\\\/2018\\\/09\\\/24\\\/ocupar-se-de-la-mortalitat-escolar\\\/#primaryimage\",\"url\":\"https:\\\/\\\/diarieducacio.cat\\\/educaciolocal\\\/wp-content\\\/uploads\\\/sites\\\/18\\\/2018\\\/09\\\/JFunes.jpg\",\"contentUrl\":\"https:\\\/\\\/diarieducacio.cat\\\/educaciolocal\\\/wp-content\\\/uploads\\\/sites\\\/18\\\/2018\\\/09\\\/JFunes.jpg\",\"width\":1000,\"height\":937},{\"@type\":\"BreadcrumbList\",\"@id\":\"https:\\\/\\\/diarieducacio.cat\\\/educaciolocal\\\/2018\\\/09\\\/24\\\/ocupar-se-de-la-mortalitat-escolar\\\/#breadcrumb\",\"itemListElement\":[{\"@type\":\"ListItem\",\"position\":1,\"name\":\"Inici\",\"item\":\"https:\\\/\\\/diarieducacio.cat\\\/educaciolocal\\\/\"},{\"@type\":\"ListItem\",\"position\":2,\"name\":\"Ocupar-se de la mortalitat escolar\"}]},{\"@type\":\"WebSite\",\"@id\":\"https:\\\/\\\/diarieducacio.cat\\\/educaciolocal\\\/#website\",\"url\":\"https:\\\/\\\/diarieducacio.cat\\\/educaciolocal\\\/\",\"name\":\"El blog de l'educaci\u00f3 local\",\"description\":\"\",\"potentialAction\":[{\"@type\":\"SearchAction\",\"target\":{\"@type\":\"EntryPoint\",\"urlTemplate\":\"https:\\\/\\\/diarieducacio.cat\\\/educaciolocal\\\/?s={search_term_string}\"},\"query-input\":{\"@type\":\"PropertyValueSpecification\",\"valueRequired\":true,\"valueName\":\"search_term_string\"}}],\"inLanguage\":\"ca\"},{\"@type\":\"Person\",\"@id\":\"https:\\\/\\\/diarieducacio.cat\\\/educaciolocal\\\/#\\\/schema\\\/person\\\/e1cd4662f3aa9621b133166187c46fc9\",\"name\":\"Jaume Funes\",\"image\":{\"@type\":\"ImageObject\",\"inLanguage\":\"ca\",\"@id\":\"https:\\\/\\\/diarieducacio.cat\\\/wp-content\\\/uploads\\\/2024\\\/11\\\/jaume-funes_avatar-96x96.jpg\",\"url\":\"https:\\\/\\\/diarieducacio.cat\\\/wp-content\\\/uploads\\\/2024\\\/11\\\/jaume-funes_avatar-96x96.jpg\",\"contentUrl\":\"https:\\\/\\\/diarieducacio.cat\\\/wp-content\\\/uploads\\\/2024\\\/11\\\/jaume-funes_avatar-96x96.jpg\",\"caption\":\"Jaume Funes\"},\"description\":\"Psic\u00f2leg, educador i periodista.\",\"url\":\"https:\\\/\\\/diarieducacio.cat\\\/educaciolocal\\\/author\\\/funes\\\/\"}]}<\/script>\n<!-- \/ Yoast SEO plugin. -->","yoast_head_json":{"title":"Ocupar-se de la mortalitat escolar - El blog de l'educaci\u00f3 local","robots":{"index":"index","follow":"follow","max-snippet":"max-snippet:-1","max-image-preview":"max-image-preview:large","max-video-preview":"max-video-preview:-1"},"canonical":"https:\/\/diarieducacio.cat\/educaciolocal\/2018\/09\/24\/ocupar-se-de-la-mortalitat-escolar\/","og_locale":"ca_ES","og_type":"article","og_title":"Ocupar-se de la mortalitat escolar - El blog de l'educaci\u00f3 local","og_description":"Una de les preocupacions principals de la comunitat educativa recau sobre l\u2019alumnat que acaba l\u2019escolaritat obligat\u00f2ria amb uns resultats inadequats que fan dif\u00edcil la continuaci\u00f3 del seu itinerari formatiu. L\u2019article reflexiona sobre aquest aspecte fent esment a la import\u00e0ncia de l\u2019acompanyament en les transicions educatives.","og_url":"https:\/\/diarieducacio.cat\/educaciolocal\/2018\/09\/24\/ocupar-se-de-la-mortalitat-escolar\/","og_site_name":"El blog de l'educaci\u00f3 local","article_publisher":"https:\/\/www.facebook.com\/diarieducacio\/","article_published_time":"2018-09-24T20:55:55+00:00","og_image":[{"width":1000,"height":937,"url":"https:\/\/diarieducacio.cat\/educaciolocal\/wp-content\/uploads\/sites\/18\/2018\/09\/JFunes.jpg","type":"image\/jpeg"}],"author":"Jaume Funes","twitter_card":"summary_large_image","twitter_creator":"@DiariEducacio","twitter_site":"@DiariEducacio","twitter_misc":{"Escrit per":"Jaume Funes","Temps estimat de lectura":"5 minuts"},"schema":{"@context":"https:\/\/schema.org","@graph":[{"@type":"Article","@id":"https:\/\/diarieducacio.cat\/educaciolocal\/2018\/09\/24\/ocupar-se-de-la-mortalitat-escolar\/#article","isPartOf":{"@id":"https:\/\/diarieducacio.cat\/educaciolocal\/2018\/09\/24\/ocupar-se-de-la-mortalitat-escolar\/"},"author":{"name":"Jaume Funes","@id":"https:\/\/diarieducacio.cat\/educaciolocal\/#\/schema\/person\/e1cd4662f3aa9621b133166187c46fc9"},"headline":"Ocupar-se de la mortalitat escolar","datePublished":"2018-09-24T20:55:55+00:00","mainEntityOfPage":{"@id":"https:\/\/diarieducacio.cat\/educaciolocal\/2018\/09\/24\/ocupar-se-de-la-mortalitat-escolar\/"},"wordCount":957,"commentCount":0,"image":{"@id":"https:\/\/diarieducacio.cat\/educaciolocal\/2018\/09\/24\/ocupar-se-de-la-mortalitat-escolar\/#primaryimage"},"thumbnailUrl":"https:\/\/diarieducacio.cat\/educaciolocal\/wp-content\/uploads\/sites\/18\/2018\/09\/JFunes.jpg","keywords":["Abandonament escolar prematur","orientaci\u00f3","Transicions"],"articleSection":["Abandonament escolar prematur","Orientaci\u00f3"],"inLanguage":"ca","potentialAction":[{"@type":"CommentAction","name":"Comment","target":["https:\/\/diarieducacio.cat\/educaciolocal\/2018\/09\/24\/ocupar-se-de-la-mortalitat-escolar\/#respond"]}]},{"@type":"WebPage","@id":"https:\/\/diarieducacio.cat\/educaciolocal\/2018\/09\/24\/ocupar-se-de-la-mortalitat-escolar\/","url":"https:\/\/diarieducacio.cat\/educaciolocal\/2018\/09\/24\/ocupar-se-de-la-mortalitat-escolar\/","name":"Ocupar-se de la mortalitat escolar - El blog de l'educaci\u00f3 local","isPartOf":{"@id":"https:\/\/diarieducacio.cat\/educaciolocal\/#website"},"primaryImageOfPage":{"@id":"https:\/\/diarieducacio.cat\/educaciolocal\/2018\/09\/24\/ocupar-se-de-la-mortalitat-escolar\/#primaryimage"},"image":{"@id":"https:\/\/diarieducacio.cat\/educaciolocal\/2018\/09\/24\/ocupar-se-de-la-mortalitat-escolar\/#primaryimage"},"thumbnailUrl":"https:\/\/diarieducacio.cat\/educaciolocal\/wp-content\/uploads\/sites\/18\/2018\/09\/JFunes.jpg","datePublished":"2018-09-24T20:55:55+00:00","author":{"@id":"https:\/\/diarieducacio.cat\/educaciolocal\/#\/schema\/person\/e1cd4662f3aa9621b133166187c46fc9"},"breadcrumb":{"@id":"https:\/\/diarieducacio.cat\/educaciolocal\/2018\/09\/24\/ocupar-se-de-la-mortalitat-escolar\/#breadcrumb"},"inLanguage":"ca","potentialAction":[{"@type":"ReadAction","target":["https:\/\/diarieducacio.cat\/educaciolocal\/2018\/09\/24\/ocupar-se-de-la-mortalitat-escolar\/"]}]},{"@type":"ImageObject","inLanguage":"ca","@id":"https:\/\/diarieducacio.cat\/educaciolocal\/2018\/09\/24\/ocupar-se-de-la-mortalitat-escolar\/#primaryimage","url":"https:\/\/diarieducacio.cat\/educaciolocal\/wp-content\/uploads\/sites\/18\/2018\/09\/JFunes.jpg","contentUrl":"https:\/\/diarieducacio.cat\/educaciolocal\/wp-content\/uploads\/sites\/18\/2018\/09\/JFunes.jpg","width":1000,"height":937},{"@type":"BreadcrumbList","@id":"https:\/\/diarieducacio.cat\/educaciolocal\/2018\/09\/24\/ocupar-se-de-la-mortalitat-escolar\/#breadcrumb","itemListElement":[{"@type":"ListItem","position":1,"name":"Inici","item":"https:\/\/diarieducacio.cat\/educaciolocal\/"},{"@type":"ListItem","position":2,"name":"Ocupar-se de la mortalitat escolar"}]},{"@type":"WebSite","@id":"https:\/\/diarieducacio.cat\/educaciolocal\/#website","url":"https:\/\/diarieducacio.cat\/educaciolocal\/","name":"El blog de l'educaci\u00f3 local","description":"","potentialAction":[{"@type":"SearchAction","target":{"@type":"EntryPoint","urlTemplate":"https:\/\/diarieducacio.cat\/educaciolocal\/?s={search_term_string}"},"query-input":{"@type":"PropertyValueSpecification","valueRequired":true,"valueName":"search_term_string"}}],"inLanguage":"ca"},{"@type":"Person","@id":"https:\/\/diarieducacio.cat\/educaciolocal\/#\/schema\/person\/e1cd4662f3aa9621b133166187c46fc9","name":"Jaume Funes","image":{"@type":"ImageObject","inLanguage":"ca","@id":"https:\/\/diarieducacio.cat\/wp-content\/uploads\/2024\/11\/jaume-funes_avatar-96x96.jpg","url":"https:\/\/diarieducacio.cat\/wp-content\/uploads\/2024\/11\/jaume-funes_avatar-96x96.jpg","contentUrl":"https:\/\/diarieducacio.cat\/wp-content\/uploads\/2024\/11\/jaume-funes_avatar-96x96.jpg","caption":"Jaume Funes"},"description":"Psic\u00f2leg, educador i periodista.","url":"https:\/\/diarieducacio.cat\/educaciolocal\/author\/funes\/"}]}},"_links":{"self":[{"href":"https:\/\/diarieducacio.cat\/educaciolocal\/wp-json\/wp\/v2\/posts\/1037","targetHints":{"allow":["GET"]}}],"collection":[{"href":"https:\/\/diarieducacio.cat\/educaciolocal\/wp-json\/wp\/v2\/posts"}],"about":[{"href":"https:\/\/diarieducacio.cat\/educaciolocal\/wp-json\/wp\/v2\/types\/post"}],"author":[{"embeddable":true,"href":"https:\/\/diarieducacio.cat\/educaciolocal\/wp-json\/wp\/v2\/users\/223"}],"replies":[{"embeddable":true,"href":"https:\/\/diarieducacio.cat\/educaciolocal\/wp-json\/wp\/v2\/comments?post=1037"}],"version-history":[{"count":0,"href":"https:\/\/diarieducacio.cat\/educaciolocal\/wp-json\/wp\/v2\/posts\/1037\/revisions"}],"wp:featuredmedia":[{"embeddable":true,"href":"https:\/\/diarieducacio.cat\/educaciolocal\/wp-json\/wp\/v2\/media\/1036"}],"wp:attachment":[{"href":"https:\/\/diarieducacio.cat\/educaciolocal\/wp-json\/wp\/v2\/media?parent=1037"}],"wp:term":[{"taxonomy":"category","embeddable":true,"href":"https:\/\/diarieducacio.cat\/educaciolocal\/wp-json\/wp\/v2\/categories?post=1037"},{"taxonomy":"post_tag","embeddable":true,"href":"https:\/\/diarieducacio.cat\/educaciolocal\/wp-json\/wp\/v2\/tags?post=1037"},{"taxonomy":"tipo","embeddable":true,"href":"https:\/\/diarieducacio.cat\/educaciolocal\/wp-json\/wp\/v2\/tipo?post=1037"}],"curies":[{"name":"wp","href":"https:\/\/api.w.org\/{rel}","templated":true}]}}