{"id":1048,"date":"2018-10-04T22:25:19","date_gmt":"2018-10-04T22:25:19","guid":{"rendered":"https:\/\/diarieducacio.cat\/educaciolocal\/?p=1048"},"modified":"2018-10-04T22:25:19","modified_gmt":"2018-10-04T22:25:19","slug":"hi-ha-mestres-que-mai-no-sobliden","status":"publish","type":"post","link":"https:\/\/diarieducacio.cat\/educaciolocal\/2018\/10\/04\/hi-ha-mestres-que-mai-no-sobliden\/","title":{"rendered":"Hi ha mestres que mai no s&#8217;obliden&#8230;"},"content":{"rendered":"<figure id=\"attachment_1058\" aria-describedby=\"caption-attachment-1058\" style=\"width: 1732px\" class=\"wp-caption alignnone\"><img fetchpriority=\"high\" decoding=\"async\" class=\"wp-image-1058 size-full\" src=\"https:\/\/diarieducacio.cat\/educaciolocal\/wp-content\/uploads\/sites\/26\/2018\/10\/iStock-471771364.jpg\" alt=\"\" width=\"1732\" height=\"1063\" srcset=\"https:\/\/diarieducacio.cat\/educaciolocal\/wp-content\/uploads\/sites\/18\/2018\/10\/iStock-471771364.jpg 1732w, https:\/\/diarieducacio.cat\/educaciolocal\/wp-content\/uploads\/sites\/18\/2018\/10\/iStock-471771364-300x184.jpg 300w, https:\/\/diarieducacio.cat\/educaciolocal\/wp-content\/uploads\/sites\/18\/2018\/10\/iStock-471771364-1024x628.jpg 1024w, https:\/\/diarieducacio.cat\/educaciolocal\/wp-content\/uploads\/sites\/18\/2018\/10\/iStock-471771364-768x471.jpg 768w, https:\/\/diarieducacio.cat\/educaciolocal\/wp-content\/uploads\/sites\/18\/2018\/10\/iStock-471771364-1536x943.jpg 1536w, https:\/\/diarieducacio.cat\/educaciolocal\/wp-content\/uploads\/sites\/18\/2018\/10\/iStock-471771364-150x92.jpg 150w, https:\/\/diarieducacio.cat\/educaciolocal\/wp-content\/uploads\/sites\/18\/2018\/10\/iStock-471771364-450x276.jpg 450w, https:\/\/diarieducacio.cat\/educaciolocal\/wp-content\/uploads\/sites\/18\/2018\/10\/iStock-471771364-1200x736.jpg 1200w\" sizes=\"(max-width: 1732px) 100vw, 1732px\" \/><figcaption id=\"caption-attachment-1058\" class=\"wp-caption-text\">iStock<\/figcaption><\/figure>\n<p>Ho sabem, per\u00f2 molts de cops no ho podem dir: tots els mestres no s\u00f3n iguals. Hi ha diferents categories! Aix\u00f2, ho he recordat perqu\u00e8 fa pocs dies vaig rebre un correu electr\u00f2nic d\u2019una mestra que vaig tenir als vuit anys, d\u2019aquestes que formen part de la \u201cprimera divisi\u00f3\u201d de mestres que mai no s\u2019obliden.<\/p>\n<p>Aquest mes de setembre he rebut molts missatges de felicitaci\u00f3 pel premi que l\u2019Associaci\u00f3 de mestres Rosa Sensat ha rebut a mans del Parlament de Catalunya: la medalla d\u2019honor en categoria d\u2019or, per la feina feta durant tots aquests anys per aconseguir una escola de qualitat tot treballant en la formaci\u00f3 dels mestres. Com deia, he rebut molts missatges, per\u00f2 cap com el d\u2019aquesta mestra de la meva inf\u00e0ncia. L\u2019alegria i l\u2019emoci\u00f3 que em va comportar va ser indescriptible, i em va fer reviure l\u2019estima i el vincle que tenia amb ella. I em va emocionar tant que el vaig compartir amb la meva fam\u00edlia, especialment amb la meva filla que ara ha comen\u00e7at tercer de prim\u00e0ria. Li vaig explicar qui era aquella mestra i li vaig dir que jo tenia m\u00e9s o menys la seva edat quan la vaig tenir a l\u2019escola. I tamb\u00e9 li vaig dir que pens\u00e9s fins a quin punt els nens i les nenes s\u00f3n importants per a una mestra. I tamb\u00e9 a l\u2019inrev\u00e9s. D\u2019aix\u00f2 \u00faltim n\u2019\u00e9s m\u00e9s conscient perqu\u00e8 sempre s\u2019ha estimat les seves mestres, i cada any la mestra que t\u00e9 \u00e9s la n\u00famero u!<\/p>\n<p>Amb aquest missatge vaig tornar a constatar la import\u00e0ncia que tenen els mestres en les nostres vides, en un moment prec\u00eds, en qu\u00e8 anem creixent, i ben b\u00e9 no en som conscients. I \u00e9s en aquest moment en qu\u00e8 m\u00e9s que mai necessitem el suport, la confian\u00e7a, l\u2019escalf i l\u2019estima per tirar endavant que una bona mestra ens pot donar.<\/p>\n<p>Una de les coses que vaig tornar a evidenciar \u00e9s la import\u00e0ncia de l\u2019estimaci\u00f3 i del vincle que s\u2019estableix entre mestra i infant. Una estimaci\u00f3 que neix d\u2019una bona coneixen\u00e7a que permet teixir aquest vincle, i que suposa, entre d\u2019altres coses, creure en la capacitat de cada infant per tirar endavant, i per descobrir i desenvolupar tot el potencial que porta dins. Una estimaci\u00f3 que es reafirma dia a dia, quan es dona confian\u00e7a a l\u2019altre, deixant-lo expressar tal com \u00e9s sense ser jutjat, ajudant-lo a refor\u00e7ar l\u2019autoestima imprescindible per cr\u00e9ixer.<\/p>\n<p>I aquests mestres de primera fila s\u00f3n aquells que tenen com a objectiu principal educar en la llibertat, i no educar des de l\u2019autoritarisme. Rosa Sensat i Vil\u00e0 ja deia fa m\u00e9s de cent anys que\u00a0 \u201ca l&#8217;escola que funciona a base d&#8217;autoritat, volem oposar-hi l&#8217;escola de la llibertat. L&#8217;escola tradicional, que es basa en l&#8217;autoritat externa, que imposa normes, que subministra coneixements, que obra de fora cap a dins, es vol substituir per l&#8217;escola on el mestre s&#8217;emmotlli a l&#8217;esperit de l&#8217;alumne, s&#8217;acomodi a la seva voluntat, deixi obrar la naturalesa humana sense cohibir-la.\u201d (1)<\/p>\n<p>Perqu\u00e8 aquesta educaci\u00f3 en la llibertat tamb\u00e9 t\u00e9 molt a veure amb educar en la responsabilitat. I per aix\u00f2 els mestres que mai no s\u2019obliden creen un bon clima de treball i de companyonia entre els infants, des de la confian\u00e7a i la responsabilitat i no des de l\u2019autoritarisme. Els mestres que mai no s\u2019obliden no ho saben tot, per\u00f2 si alguna cosa saben \u00e9s que l\u2019autoritat no ve donada <em>per se<\/em>, sin\u00f3 que s\u2019ha de guanyar a partir del treball rigor\u00f3s i del respecte envers els infants, tot creant aquest vincle de confian\u00e7a i d\u2019estimaci\u00f3 imprescindibles per cr\u00e9ixer.<\/p>\n<p>(1) Rosa Sensat i Vil\u00e0. <em>Vers l&#8217;escola nova<\/em>, Eumo editorial, Vic 1996.<\/p>\n","protected":false},"excerpt":{"rendered":"<p>El 1994 la Unesco va proclamar el 5 d&#8217;octubre Dia Mundial dels i les Docents. Per commemorar-ho, hem convidat a escriure al Blog a la Francina Mart\u00ed, presidenta de l\u2019Associaci\u00f3 de Mestres Rosa Sensat (entitat que recentment ha rebut la Medalla d\u2019Honor del Parlament de Catalunya). El text destaca la import\u00e0ncia que tenen els i les mestres en un moment de les nostres vides on \u00e9s tan important rebre el seu suport, estima i confian\u00e7a.<\/p>\n","protected":false},"author":224,"featured_media":1050,"comment_status":"open","ping_status":"closed","sticky":false,"template":"","format":"standard","meta":{"footnotes":""},"categories":[2,144],"tags":[208,121,171,209],"tipo":[],"class_list":{"0":"post-1048","1":"post","2":"type-post","3":"status-publish","4":"format-standard","5":"has-post-thumbnail","7":"category-general","8":"category-opinio","9":"tag-alumnes","10":"tag-centres-educatius","11":"tag-infants","12":"tag-mestres"},"yoast_head":"<!-- This site is optimized with the Yoast SEO plugin v27.4 - https:\/\/yoast.com\/product\/yoast-seo-wordpress\/ -->\n<title>Hi ha mestres que mai no s&#039;obliden... - El blog de l&#039;educaci\u00f3 local<\/title>\n<meta name=\"robots\" content=\"index, follow, max-snippet:-1, max-image-preview:large, max-video-preview:-1\" \/>\n<link rel=\"canonical\" href=\"https:\/\/diarieducacio.cat\/educaciolocal\/2018\/10\/04\/hi-ha-mestres-que-mai-no-sobliden\/\" \/>\n<meta property=\"og:locale\" content=\"ca_ES\" \/>\n<meta property=\"og:type\" content=\"article\" \/>\n<meta property=\"og:title\" content=\"Hi ha mestres que mai no s&#039;obliden... - El blog de l&#039;educaci\u00f3 local\" \/>\n<meta property=\"og:description\" content=\"El 1994 la Unesco va proclamar el 5 d&#039;octubre Dia Mundial dels i les Docents. Per commemorar-ho, hem convidat a escriure al Blog a la Francina Mart\u00ed, presidenta de l\u2019Associaci\u00f3 de Mestres Rosa Sensat (entitat que recentment ha rebut la Medalla d\u2019Honor del Parlament de Catalunya). El text destaca la import\u00e0ncia que tenen els i les mestres en un moment de les nostres vides on \u00e9s tan important rebre el seu suport, estima i confian\u00e7a.\" \/>\n<meta property=\"og:url\" content=\"https:\/\/diarieducacio.cat\/educaciolocal\/2018\/10\/04\/hi-ha-mestres-que-mai-no-sobliden\/\" \/>\n<meta property=\"og:site_name\" content=\"El blog de l&#039;educaci\u00f3 local\" \/>\n<meta property=\"article:publisher\" content=\"https:\/\/www.facebook.com\/diarieducacio\/\" \/>\n<meta property=\"article:published_time\" content=\"2018-10-04T22:25:19+00:00\" \/>\n<meta property=\"og:image\" content=\"https:\/\/diarieducacio.cat\/educaciolocal\/wp-content\/uploads\/sites\/18\/2018\/10\/francinamarti.jpg\" \/>\n\t<meta property=\"og:image:width\" content=\"197\" \/>\n\t<meta property=\"og:image:height\" content=\"199\" \/>\n\t<meta property=\"og:image:type\" content=\"image\/jpeg\" \/>\n<meta name=\"author\" content=\"Francina Mart\u00ed\" \/>\n<meta name=\"twitter:card\" content=\"summary_large_image\" \/>\n<meta name=\"twitter:creator\" content=\"@DiariEducacio\" \/>\n<meta name=\"twitter:site\" content=\"@DiariEducacio\" \/>\n<meta name=\"twitter:label1\" content=\"Escrit per\" \/>\n\t<meta name=\"twitter:data1\" content=\"Francina Mart\u00ed\" \/>\n\t<meta name=\"twitter:label2\" content=\"Temps estimat de lectura\" \/>\n\t<meta name=\"twitter:data2\" content=\"3 minuts\" \/>\n<script type=\"application\/ld+json\" class=\"yoast-schema-graph\">{\"@context\":\"https:\\\/\\\/schema.org\",\"@graph\":[{\"@type\":\"Article\",\"@id\":\"https:\\\/\\\/diarieducacio.cat\\\/educaciolocal\\\/2018\\\/10\\\/04\\\/hi-ha-mestres-que-mai-no-sobliden\\\/#article\",\"isPartOf\":{\"@id\":\"https:\\\/\\\/diarieducacio.cat\\\/educaciolocal\\\/2018\\\/10\\\/04\\\/hi-ha-mestres-que-mai-no-sobliden\\\/\"},\"author\":{\"name\":\"Francina Mart\u00ed\",\"@id\":\"https:\\\/\\\/diarieducacio.cat\\\/educaciolocal\\\/#\\\/schema\\\/person\\\/36127d04f7f1ea7051ce1a8ece5a74ef\"},\"headline\":\"Hi ha mestres que mai no s&#8217;obliden&#8230;\",\"datePublished\":\"2018-10-04T22:25:19+00:00\",\"mainEntityOfPage\":{\"@id\":\"https:\\\/\\\/diarieducacio.cat\\\/educaciolocal\\\/2018\\\/10\\\/04\\\/hi-ha-mestres-que-mai-no-sobliden\\\/\"},\"wordCount\":686,\"commentCount\":0,\"image\":{\"@id\":\"https:\\\/\\\/diarieducacio.cat\\\/educaciolocal\\\/2018\\\/10\\\/04\\\/hi-ha-mestres-que-mai-no-sobliden\\\/#primaryimage\"},\"thumbnailUrl\":\"https:\\\/\\\/diarieducacio.cat\\\/educaciolocal\\\/wp-content\\\/uploads\\\/sites\\\/18\\\/2018\\\/10\\\/francinamarti.jpg\",\"keywords\":[\"Alumnes\",\"Centres educatius\",\"Infants\",\"Mestres\"],\"articleSection\":[\"General\",\"Opini\u00f3\"],\"inLanguage\":\"ca\",\"potentialAction\":[{\"@type\":\"CommentAction\",\"name\":\"Comment\",\"target\":[\"https:\\\/\\\/diarieducacio.cat\\\/educaciolocal\\\/2018\\\/10\\\/04\\\/hi-ha-mestres-que-mai-no-sobliden\\\/#respond\"]}]},{\"@type\":\"WebPage\",\"@id\":\"https:\\\/\\\/diarieducacio.cat\\\/educaciolocal\\\/2018\\\/10\\\/04\\\/hi-ha-mestres-que-mai-no-sobliden\\\/\",\"url\":\"https:\\\/\\\/diarieducacio.cat\\\/educaciolocal\\\/2018\\\/10\\\/04\\\/hi-ha-mestres-que-mai-no-sobliden\\\/\",\"name\":\"Hi ha mestres que mai no s'obliden... - El blog de l'educaci\u00f3 local\",\"isPartOf\":{\"@id\":\"https:\\\/\\\/diarieducacio.cat\\\/educaciolocal\\\/#website\"},\"primaryImageOfPage\":{\"@id\":\"https:\\\/\\\/diarieducacio.cat\\\/educaciolocal\\\/2018\\\/10\\\/04\\\/hi-ha-mestres-que-mai-no-sobliden\\\/#primaryimage\"},\"image\":{\"@id\":\"https:\\\/\\\/diarieducacio.cat\\\/educaciolocal\\\/2018\\\/10\\\/04\\\/hi-ha-mestres-que-mai-no-sobliden\\\/#primaryimage\"},\"thumbnailUrl\":\"https:\\\/\\\/diarieducacio.cat\\\/educaciolocal\\\/wp-content\\\/uploads\\\/sites\\\/18\\\/2018\\\/10\\\/francinamarti.jpg\",\"datePublished\":\"2018-10-04T22:25:19+00:00\",\"author\":{\"@id\":\"https:\\\/\\\/diarieducacio.cat\\\/educaciolocal\\\/#\\\/schema\\\/person\\\/36127d04f7f1ea7051ce1a8ece5a74ef\"},\"breadcrumb\":{\"@id\":\"https:\\\/\\\/diarieducacio.cat\\\/educaciolocal\\\/2018\\\/10\\\/04\\\/hi-ha-mestres-que-mai-no-sobliden\\\/#breadcrumb\"},\"inLanguage\":\"ca\",\"potentialAction\":[{\"@type\":\"ReadAction\",\"target\":[\"https:\\\/\\\/diarieducacio.cat\\\/educaciolocal\\\/2018\\\/10\\\/04\\\/hi-ha-mestres-que-mai-no-sobliden\\\/\"]}]},{\"@type\":\"ImageObject\",\"inLanguage\":\"ca\",\"@id\":\"https:\\\/\\\/diarieducacio.cat\\\/educaciolocal\\\/2018\\\/10\\\/04\\\/hi-ha-mestres-que-mai-no-sobliden\\\/#primaryimage\",\"url\":\"https:\\\/\\\/diarieducacio.cat\\\/educaciolocal\\\/wp-content\\\/uploads\\\/sites\\\/18\\\/2018\\\/10\\\/francinamarti.jpg\",\"contentUrl\":\"https:\\\/\\\/diarieducacio.cat\\\/educaciolocal\\\/wp-content\\\/uploads\\\/sites\\\/18\\\/2018\\\/10\\\/francinamarti.jpg\",\"width\":197,\"height\":199},{\"@type\":\"BreadcrumbList\",\"@id\":\"https:\\\/\\\/diarieducacio.cat\\\/educaciolocal\\\/2018\\\/10\\\/04\\\/hi-ha-mestres-que-mai-no-sobliden\\\/#breadcrumb\",\"itemListElement\":[{\"@type\":\"ListItem\",\"position\":1,\"name\":\"Inici\",\"item\":\"https:\\\/\\\/diarieducacio.cat\\\/educaciolocal\\\/\"},{\"@type\":\"ListItem\",\"position\":2,\"name\":\"Hi ha mestres que mai no s&#8217;obliden&#8230;\"}]},{\"@type\":\"WebSite\",\"@id\":\"https:\\\/\\\/diarieducacio.cat\\\/educaciolocal\\\/#website\",\"url\":\"https:\\\/\\\/diarieducacio.cat\\\/educaciolocal\\\/\",\"name\":\"El blog de l'educaci\u00f3 local\",\"description\":\"\",\"potentialAction\":[{\"@type\":\"SearchAction\",\"target\":{\"@type\":\"EntryPoint\",\"urlTemplate\":\"https:\\\/\\\/diarieducacio.cat\\\/educaciolocal\\\/?s={search_term_string}\"},\"query-input\":{\"@type\":\"PropertyValueSpecification\",\"valueRequired\":true,\"valueName\":\"search_term_string\"}}],\"inLanguage\":\"ca\"},{\"@type\":\"Person\",\"@id\":\"https:\\\/\\\/diarieducacio.cat\\\/educaciolocal\\\/#\\\/schema\\\/person\\\/36127d04f7f1ea7051ce1a8ece5a74ef\",\"name\":\"Francina Mart\u00ed\",\"image\":{\"@type\":\"ImageObject\",\"inLanguage\":\"ca\",\"@id\":\"https:\\\/\\\/secure.gravatar.com\\\/avatar\\\/baf1840ffae3548c7c190b646a6840d1399cb1892edc6bef529689b03e194b36?s=96&d=mm&r=g\",\"url\":\"https:\\\/\\\/secure.gravatar.com\\\/avatar\\\/baf1840ffae3548c7c190b646a6840d1399cb1892edc6bef529689b03e194b36?s=96&d=mm&r=g\",\"contentUrl\":\"https:\\\/\\\/secure.gravatar.com\\\/avatar\\\/baf1840ffae3548c7c190b646a6840d1399cb1892edc6bef529689b03e194b36?s=96&d=mm&r=g\",\"caption\":\"Francina Mart\u00ed\"},\"description\":\"Presidenta de la Associaci\u00f3 de Mestres Rosa Sensat\",\"url\":\"https:\\\/\\\/diarieducacio.cat\\\/educaciolocal\\\/author\\\/francinam\\\/\"}]}<\/script>\n<!-- \/ Yoast SEO plugin. -->","yoast_head_json":{"title":"Hi ha mestres que mai no s'obliden... - El blog de l'educaci\u00f3 local","robots":{"index":"index","follow":"follow","max-snippet":"max-snippet:-1","max-image-preview":"max-image-preview:large","max-video-preview":"max-video-preview:-1"},"canonical":"https:\/\/diarieducacio.cat\/educaciolocal\/2018\/10\/04\/hi-ha-mestres-que-mai-no-sobliden\/","og_locale":"ca_ES","og_type":"article","og_title":"Hi ha mestres que mai no s'obliden... - El blog de l'educaci\u00f3 local","og_description":"El 1994 la Unesco va proclamar el 5 d'octubre Dia Mundial dels i les Docents. Per commemorar-ho, hem convidat a escriure al Blog a la Francina Mart\u00ed, presidenta de l\u2019Associaci\u00f3 de Mestres Rosa Sensat (entitat que recentment ha rebut la Medalla d\u2019Honor del Parlament de Catalunya). El text destaca la import\u00e0ncia que tenen els i les mestres en un moment de les nostres vides on \u00e9s tan important rebre el seu suport, estima i confian\u00e7a.","og_url":"https:\/\/diarieducacio.cat\/educaciolocal\/2018\/10\/04\/hi-ha-mestres-que-mai-no-sobliden\/","og_site_name":"El blog de l'educaci\u00f3 local","article_publisher":"https:\/\/www.facebook.com\/diarieducacio\/","article_published_time":"2018-10-04T22:25:19+00:00","og_image":[{"width":197,"height":199,"url":"https:\/\/diarieducacio.cat\/educaciolocal\/wp-content\/uploads\/sites\/18\/2018\/10\/francinamarti.jpg","type":"image\/jpeg"}],"author":"Francina Mart\u00ed","twitter_card":"summary_large_image","twitter_creator":"@DiariEducacio","twitter_site":"@DiariEducacio","twitter_misc":{"Escrit per":"Francina Mart\u00ed","Temps estimat de lectura":"3 minuts"},"schema":{"@context":"https:\/\/schema.org","@graph":[{"@type":"Article","@id":"https:\/\/diarieducacio.cat\/educaciolocal\/2018\/10\/04\/hi-ha-mestres-que-mai-no-sobliden\/#article","isPartOf":{"@id":"https:\/\/diarieducacio.cat\/educaciolocal\/2018\/10\/04\/hi-ha-mestres-que-mai-no-sobliden\/"},"author":{"name":"Francina Mart\u00ed","@id":"https:\/\/diarieducacio.cat\/educaciolocal\/#\/schema\/person\/36127d04f7f1ea7051ce1a8ece5a74ef"},"headline":"Hi ha mestres que mai no s&#8217;obliden&#8230;","datePublished":"2018-10-04T22:25:19+00:00","mainEntityOfPage":{"@id":"https:\/\/diarieducacio.cat\/educaciolocal\/2018\/10\/04\/hi-ha-mestres-que-mai-no-sobliden\/"},"wordCount":686,"commentCount":0,"image":{"@id":"https:\/\/diarieducacio.cat\/educaciolocal\/2018\/10\/04\/hi-ha-mestres-que-mai-no-sobliden\/#primaryimage"},"thumbnailUrl":"https:\/\/diarieducacio.cat\/educaciolocal\/wp-content\/uploads\/sites\/18\/2018\/10\/francinamarti.jpg","keywords":["Alumnes","Centres educatius","Infants","Mestres"],"articleSection":["General","Opini\u00f3"],"inLanguage":"ca","potentialAction":[{"@type":"CommentAction","name":"Comment","target":["https:\/\/diarieducacio.cat\/educaciolocal\/2018\/10\/04\/hi-ha-mestres-que-mai-no-sobliden\/#respond"]}]},{"@type":"WebPage","@id":"https:\/\/diarieducacio.cat\/educaciolocal\/2018\/10\/04\/hi-ha-mestres-que-mai-no-sobliden\/","url":"https:\/\/diarieducacio.cat\/educaciolocal\/2018\/10\/04\/hi-ha-mestres-que-mai-no-sobliden\/","name":"Hi ha mestres que mai no s'obliden... - El blog de l'educaci\u00f3 local","isPartOf":{"@id":"https:\/\/diarieducacio.cat\/educaciolocal\/#website"},"primaryImageOfPage":{"@id":"https:\/\/diarieducacio.cat\/educaciolocal\/2018\/10\/04\/hi-ha-mestres-que-mai-no-sobliden\/#primaryimage"},"image":{"@id":"https:\/\/diarieducacio.cat\/educaciolocal\/2018\/10\/04\/hi-ha-mestres-que-mai-no-sobliden\/#primaryimage"},"thumbnailUrl":"https:\/\/diarieducacio.cat\/educaciolocal\/wp-content\/uploads\/sites\/18\/2018\/10\/francinamarti.jpg","datePublished":"2018-10-04T22:25:19+00:00","author":{"@id":"https:\/\/diarieducacio.cat\/educaciolocal\/#\/schema\/person\/36127d04f7f1ea7051ce1a8ece5a74ef"},"breadcrumb":{"@id":"https:\/\/diarieducacio.cat\/educaciolocal\/2018\/10\/04\/hi-ha-mestres-que-mai-no-sobliden\/#breadcrumb"},"inLanguage":"ca","potentialAction":[{"@type":"ReadAction","target":["https:\/\/diarieducacio.cat\/educaciolocal\/2018\/10\/04\/hi-ha-mestres-que-mai-no-sobliden\/"]}]},{"@type":"ImageObject","inLanguage":"ca","@id":"https:\/\/diarieducacio.cat\/educaciolocal\/2018\/10\/04\/hi-ha-mestres-que-mai-no-sobliden\/#primaryimage","url":"https:\/\/diarieducacio.cat\/educaciolocal\/wp-content\/uploads\/sites\/18\/2018\/10\/francinamarti.jpg","contentUrl":"https:\/\/diarieducacio.cat\/educaciolocal\/wp-content\/uploads\/sites\/18\/2018\/10\/francinamarti.jpg","width":197,"height":199},{"@type":"BreadcrumbList","@id":"https:\/\/diarieducacio.cat\/educaciolocal\/2018\/10\/04\/hi-ha-mestres-que-mai-no-sobliden\/#breadcrumb","itemListElement":[{"@type":"ListItem","position":1,"name":"Inici","item":"https:\/\/diarieducacio.cat\/educaciolocal\/"},{"@type":"ListItem","position":2,"name":"Hi ha mestres que mai no s&#8217;obliden&#8230;"}]},{"@type":"WebSite","@id":"https:\/\/diarieducacio.cat\/educaciolocal\/#website","url":"https:\/\/diarieducacio.cat\/educaciolocal\/","name":"El blog de l'educaci\u00f3 local","description":"","potentialAction":[{"@type":"SearchAction","target":{"@type":"EntryPoint","urlTemplate":"https:\/\/diarieducacio.cat\/educaciolocal\/?s={search_term_string}"},"query-input":{"@type":"PropertyValueSpecification","valueRequired":true,"valueName":"search_term_string"}}],"inLanguage":"ca"},{"@type":"Person","@id":"https:\/\/diarieducacio.cat\/educaciolocal\/#\/schema\/person\/36127d04f7f1ea7051ce1a8ece5a74ef","name":"Francina Mart\u00ed","image":{"@type":"ImageObject","inLanguage":"ca","@id":"https:\/\/secure.gravatar.com\/avatar\/baf1840ffae3548c7c190b646a6840d1399cb1892edc6bef529689b03e194b36?s=96&d=mm&r=g","url":"https:\/\/secure.gravatar.com\/avatar\/baf1840ffae3548c7c190b646a6840d1399cb1892edc6bef529689b03e194b36?s=96&d=mm&r=g","contentUrl":"https:\/\/secure.gravatar.com\/avatar\/baf1840ffae3548c7c190b646a6840d1399cb1892edc6bef529689b03e194b36?s=96&d=mm&r=g","caption":"Francina Mart\u00ed"},"description":"Presidenta de la Associaci\u00f3 de Mestres Rosa Sensat","url":"https:\/\/diarieducacio.cat\/educaciolocal\/author\/francinam\/"}]}},"_links":{"self":[{"href":"https:\/\/diarieducacio.cat\/educaciolocal\/wp-json\/wp\/v2\/posts\/1048","targetHints":{"allow":["GET"]}}],"collection":[{"href":"https:\/\/diarieducacio.cat\/educaciolocal\/wp-json\/wp\/v2\/posts"}],"about":[{"href":"https:\/\/diarieducacio.cat\/educaciolocal\/wp-json\/wp\/v2\/types\/post"}],"author":[{"embeddable":true,"href":"https:\/\/diarieducacio.cat\/educaciolocal\/wp-json\/wp\/v2\/users\/224"}],"replies":[{"embeddable":true,"href":"https:\/\/diarieducacio.cat\/educaciolocal\/wp-json\/wp\/v2\/comments?post=1048"}],"version-history":[{"count":0,"href":"https:\/\/diarieducacio.cat\/educaciolocal\/wp-json\/wp\/v2\/posts\/1048\/revisions"}],"wp:featuredmedia":[{"embeddable":true,"href":"https:\/\/diarieducacio.cat\/educaciolocal\/wp-json\/wp\/v2\/media\/1050"}],"wp:attachment":[{"href":"https:\/\/diarieducacio.cat\/educaciolocal\/wp-json\/wp\/v2\/media?parent=1048"}],"wp:term":[{"taxonomy":"category","embeddable":true,"href":"https:\/\/diarieducacio.cat\/educaciolocal\/wp-json\/wp\/v2\/categories?post=1048"},{"taxonomy":"post_tag","embeddable":true,"href":"https:\/\/diarieducacio.cat\/educaciolocal\/wp-json\/wp\/v2\/tags?post=1048"},{"taxonomy":"tipo","embeddable":true,"href":"https:\/\/diarieducacio.cat\/educaciolocal\/wp-json\/wp\/v2\/tipo?post=1048"}],"curies":[{"name":"wp","href":"https:\/\/api.w.org\/{rel}","templated":true}]}}