{"id":1062,"date":"2018-10-19T07:19:50","date_gmt":"2018-10-19T07:19:50","guid":{"rendered":"https:\/\/diarieducacio.cat\/educaciolocal\/?p=1062"},"modified":"2018-10-19T07:19:50","modified_gmt":"2018-10-19T07:19:50","slug":"la-dimensio-educativa-dels-canvis-socials-aprenentatges-comunitat-i-cicles-de-vida","status":"publish","type":"post","link":"https:\/\/diarieducacio.cat\/educaciolocal\/2018\/10\/19\/la-dimensio-educativa-dels-canvis-socials-aprenentatges-comunitat-i-cicles-de-vida\/","title":{"rendered":"La dimensi\u00f3 educativa dels canvis socials: aprenentatges, comunitat i cicles de vida"},"content":{"rendered":"<p style=\"text-align: center\">[ Aquest article ha estat elaborat conjuntament entre Ricard Gom\u00e0 i Albert S\u00e1nchez-Gelabert, soci\u00f2leg, investigador i professor associat a la Facultat d\u2019Educaci\u00f3 de la Universitat Aut\u00f2noma de Barcelona ]<\/p>\n<p>Se celebren enguany els 40 anys de la creaci\u00f3 del primer dels Centres de Formaci\u00f3 de Persones Adultes (CFA) a la ciutat de Barcelona. Aquests centres van sorgir arrel de les demandes ve\u00efnals i el proc\u00e9s d\u2019autoorganitzaci\u00f3 als barris de certs col\u00b7lectius socials, amb l\u2019objectiu de cobrir les necessitats educatives d\u2019alfabetitzaci\u00f3 i adquisici\u00f3 de coneixements durant l\u2019etapa adulta. Els CFA van esdevenir una instituci\u00f3 formativa de refer\u00e8ncia i alhora un espai comunitari de trobada, interacci\u00f3 i aprenentatge en molts \u00e0mbits.<\/p>\n<p>En les darreres quatre d\u00e8cades, per\u00f2, una s\u00e8rie de canvis han dibuixat una nova realitat que planteja nous reptes i oportunitats per a l\u2019educaci\u00f3 al llarg de la vida. Les l\u00f2giques demogr\u00e0fiques i l\u2019expansi\u00f3 educativa han implicat una reducci\u00f3 de l\u2019analfabetitzaci\u00f3 i un increment del nivell formatiu entre el conjunt de la poblaci\u00f3 catalana. Els processos migratoris i d\u2019acollida global d\u2019altra banda han comportat, des del tombant de segle, nous reptes en termes organitzaci\u00f3 i pol\u00edtica educativa, amb l\u2019exig\u00e8ncia de respostes r\u00e0pides, efectives i de car\u00e0cter inclusiu a una realitat multicultural emergent.<\/p>\n<p>Tots aquests fen\u00f2mens han provocat un canvi tant en les necessitats educatives com en les demandes formatives del col.lectiu. El conjunt de persones que es matricula als CFA de Barcelona ha anat disminuint de forma sostinguda en els darrers anys, amb una lleugera repuntada en l\u2019actual curs, que \u00e9s tanmateix remarcable pel que significa de canvi de tend\u00e8ncia. Una mirada m\u00e9s en profunditat deixa entreveure, per\u00f2, que la davallada dels darrers anys ha estat diferencial en els diferents programes formatius. S\u2019observa una clara reducci\u00f3 de la matr\u00edcula en els programes d\u2019educaci\u00f3 o formaci\u00f3 b\u00e0sica (alfabetitzaci\u00f3 o obtenci\u00f3 del t\u00edtol d\u2019educaci\u00f3 obligat\u00f2ria) per\u00f2 es posa de manifest, en canvi, un clar increment de l\u2019educaci\u00f3 orientada a compet\u00e8ncies transversals: l\u2019aprenentatge de segones lleng\u00fces, i l\u2019adquisici\u00f3 de coneixements i compet\u00e8ncies en noves tecnologies. Aquesta <em>nova realitat<\/em>, per tant, \u00a0dibuixa <em>noves necessitats<\/em>.<\/p>\n<p>No es pot oblidar que tots aquests canvis s\u2019emmarquen en una sobtada i r\u00e0pida irrupci\u00f3 de les noves tecnologies de la informaci\u00f3 i la comunicaci\u00f3. El proc\u00e9s de transici\u00f3 a la societat postindustrial, al costat dels canvis m\u00e9s directament vinculats als impactes de la crisi, posen de manifest la necessitat constant de formaci\u00f3 i adquisici\u00f3 de noves habilitats, compet\u00e8ncies i coneixements: <em>noves alfabetitzacions<\/em> en molts \u00e0mbits de la vida. Aquest context evidencia, alhora, la import\u00e0ncia de tot un ventall de diferents <em>espais formatius <\/em>que permetin fer front a situacions (cada cop m\u00e9s \u00e0mplies i freq\u00fcents) de vulnerabilitat i riscos d\u2019exclusi\u00f3 social i relacional.<\/p>\n<p>Una de les conseq\u00fc\u00e8ncies de l\u2019abast i el ritme d\u2019irrupci\u00f3 d\u2019aquestes transformacions ha estat l\u2019emerg\u00e8ncia d\u2019un gran nombre de programes i iniciatives que han intentat donar resposta de forma r\u00e0pida i flexible a necessitats emergents i altament canviants. Aquestes respostes han sorgit des de m\u00faltiples entitats i equipaments, i des d\u2019una gran diversitat de l\u00f2giques organitzatives i de gesti\u00f3 emmarcades en entorns espec\u00edfics.<\/p>\n<p>En aquest sentit, el territori esdev\u00e9 un agent clau en la construcci\u00f3 i consolidaci\u00f3 d\u2019un <em>univers educatiu <\/em>per la seva doble naturalesa. \u00c9s d\u2019una banda un <em>taulell de joc<\/em> amb un conjunt d\u2019equipaments i entitats existents;\u00a0 i \u00e9s tamb\u00e9 un <em>espai<\/em> resultant de les accions i els processos socials dels habitants que hi resideixen. Incorpora per tant una dimensi\u00f3 m\u00e9s b\u00e0sica i estable referent al context d\u2019oportunitats educatives; i alhora una dimensi\u00f3 comunit\u00e0ria, on la col.lectivitat i el seu teixit d\u2019interrelacions esdevenen tamb\u00e9 realitats educadores que defineixen i dibuixen nous escenaris i horitzons.<\/p>\n<p>La centralitat de l\u2019educaci\u00f3 i la creixent emerg\u00e8ncia d\u2019agents educatius i culturals en un territori suposen, per tant, una oportunitat per a definir prioritats i establir actuacions i pol\u00edtiques educatives <em>al llarg de la vida,<\/em> m\u00e9s interconnectades i coordinades. La sin\u00e8rgia entre els diferents agents culturals i educatius que interactuen i conviuen en un territori ha de permetre la recontextualitzaci\u00f3 d\u2019aquestes pol\u00edtiques a la realitat de l\u2019entorn.<\/p>\n<p>L\u2019educaci\u00f3 esdev\u00e9 doncs cada cop m\u00e9s central en les societats actuals i aix\u00f2 requereix noves formes d\u2019entendre i repensar el proc\u00e9s d\u2019ensenyament-aprenentatge. \u00c9s necessari resignificar l\u2019educaci\u00f3 m\u00e9s enll\u00e0 de la concepci\u00f3 hist\u00f2rica centrada nom\u00e9s en un \u00e0mbit institucional (l\u2019escola), en un moment de la vida (l\u2019etapa inicial) i amb una orientaci\u00f3 o l\u00f2gica acreditativa d\u2019adquisici\u00f3 de t\u00edtols (formalitat). Cal per tant assumir i posar en valor aquest triple desbordament institucional, vital i finalista; i aconseguir que l\u2019educaci\u00f3 esdevingui un proc\u00e9s real, sostingut, contextualitzat, universal, connectat i permeable en <em>tots els cicles de vida<\/em> de <em>totes les persones adultes<\/em>.<\/p>\n<p>Gaireb\u00e9 al tombant de la tercera d\u00e8cada del segle XXI, afrontem doncs el gran repte de concebre l\u2019educaci\u00f3 com un instrument de millora de les oportunitats vitals i de lluita contra les desigualtats; com a una gran eina al servei de fer possible la realitzaci\u00f3 lliure de tots els projectes de vida, amb autonomia personal i vincles de comunitat. No podem oblidar que les necessitats educatives presenten una forta i creixent heterogene\u00eftat social i territorial, i que cal respondre de manera justa a aquesta diversitat. Caldr\u00e0 articular l\u2019objectiu d\u2019equitat amb el reconeixement de les difer\u00e8ncies; vertebrar l\u2019autodeterminaci\u00f3 personal amb els lla\u00e7os de reciprocitat i fraternitat. Fer de les pol\u00edtiques educatives, en s\u00edntesi, un component central del proc\u00e9s de (re)construcci\u00f3 de la ciutadania social, i fer-ho des l\u00f2giques de proximitat i quotidianitat, des de la construcci\u00f3 de comuns educatius.<\/p>\n","protected":false},"excerpt":{"rendered":"<p>Els darrers anys s\u2019han produ\u00eft una s\u00e8rie de transformacions socials i culturals que plantegen nous reptes i oportunitats per a l\u2019educaci\u00f3 al llarg de la vida. Emergeixen noves necessitats per a les quals el territori (entitats, equipaments i altres agents educatius) esdev\u00e9 clau per a la construcci\u00f3 i consolidaci\u00f3 d\u2019un nou univers educatiu.<\/p>\n","protected":false},"author":225,"featured_media":1070,"comment_status":"open","ping_status":"closed","sticky":false,"template":"","format":"standard","meta":{"footnotes":""},"categories":[211,126],"tags":[135,111],"tipo":[],"class_list":{"0":"post-1062","1":"post","2":"type-post","3":"status-publish","4":"format-standard","5":"has-post-thumbnail","7":"category-educacio-al-llarg-de-la-vida","8":"category-escoles-municipals-de-persones-adultes","9":"tag-educacio-de-persones-adultes","10":"tag-entorn-local"},"yoast_head":"<!-- This site is optimized with the Yoast SEO plugin v27.4 - https:\/\/yoast.com\/product\/yoast-seo-wordpress\/ -->\n<title>La dimensi\u00f3 educativa dels canvis socials: aprenentatges, comunitat i cicles de vida - El blog de l&#039;educaci\u00f3 local<\/title>\n<meta name=\"robots\" content=\"index, follow, max-snippet:-1, max-image-preview:large, max-video-preview:-1\" \/>\n<link rel=\"canonical\" href=\"https:\/\/diarieducacio.cat\/educaciolocal\/2018\/10\/19\/la-dimensio-educativa-dels-canvis-socials-aprenentatges-comunitat-i-cicles-de-vida\/\" \/>\n<meta property=\"og:locale\" content=\"ca_ES\" \/>\n<meta property=\"og:type\" content=\"article\" \/>\n<meta property=\"og:title\" content=\"La dimensi\u00f3 educativa dels canvis socials: aprenentatges, comunitat i cicles de vida - El blog de l&#039;educaci\u00f3 local\" \/>\n<meta property=\"og:description\" content=\"Els darrers anys s\u2019han produ\u00eft una s\u00e8rie de transformacions socials i culturals que plantegen nous reptes i oportunitats per a l\u2019educaci\u00f3 al llarg de la vida. Emergeixen noves necessitats per a les quals el territori (entitats, equipaments i altres agents educatius) esdev\u00e9 clau per a la construcci\u00f3 i consolidaci\u00f3 d\u2019un nou univers educatiu.\" \/>\n<meta property=\"og:url\" content=\"https:\/\/diarieducacio.cat\/educaciolocal\/2018\/10\/19\/la-dimensio-educativa-dels-canvis-socials-aprenentatges-comunitat-i-cicles-de-vida\/\" \/>\n<meta property=\"og:site_name\" content=\"El blog de l&#039;educaci\u00f3 local\" \/>\n<meta property=\"article:publisher\" content=\"https:\/\/www.facebook.com\/diarieducacio\/\" \/>\n<meta property=\"article:published_time\" content=\"2018-10-19T07:19:50+00:00\" \/>\n<meta property=\"og:image\" content=\"https:\/\/diarieducacio.cat\/educaciolocal\/wp-content\/uploads\/sites\/18\/2018\/10\/foto-article-Goma.jpg\" \/>\n\t<meta property=\"og:image:width\" content=\"840\" \/>\n\t<meta property=\"og:image:height\" content=\"476\" \/>\n\t<meta property=\"og:image:type\" content=\"image\/jpeg\" \/>\n<meta name=\"author\" content=\"Ricard Gom\u00e0\" \/>\n<meta name=\"twitter:card\" content=\"summary_large_image\" \/>\n<meta name=\"twitter:creator\" content=\"@DiariEducacio\" \/>\n<meta name=\"twitter:site\" content=\"@DiariEducacio\" \/>\n<meta name=\"twitter:label1\" content=\"Escrit per\" \/>\n\t<meta name=\"twitter:data1\" content=\"Ricard Gom\u00e0\" \/>\n\t<meta name=\"twitter:label2\" content=\"Temps estimat de lectura\" \/>\n\t<meta name=\"twitter:data2\" content=\"5 minuts\" \/>\n<script type=\"application\/ld+json\" class=\"yoast-schema-graph\">{\"@context\":\"https:\\\/\\\/schema.org\",\"@graph\":[{\"@type\":\"Article\",\"@id\":\"https:\\\/\\\/diarieducacio.cat\\\/educaciolocal\\\/2018\\\/10\\\/19\\\/la-dimensio-educativa-dels-canvis-socials-aprenentatges-comunitat-i-cicles-de-vida\\\/#article\",\"isPartOf\":{\"@id\":\"https:\\\/\\\/diarieducacio.cat\\\/educaciolocal\\\/2018\\\/10\\\/19\\\/la-dimensio-educativa-dels-canvis-socials-aprenentatges-comunitat-i-cicles-de-vida\\\/\"},\"author\":{\"name\":\"Ricard Gom\u00e0\",\"@id\":\"https:\\\/\\\/diarieducacio.cat\\\/educaciolocal\\\/#\\\/schema\\\/person\\\/26241cf047f45cd990a87bd37c1eba38\"},\"headline\":\"La dimensi\u00f3 educativa dels canvis socials: aprenentatges, comunitat i cicles de vida\",\"datePublished\":\"2018-10-19T07:19:50+00:00\",\"mainEntityOfPage\":{\"@id\":\"https:\\\/\\\/diarieducacio.cat\\\/educaciolocal\\\/2018\\\/10\\\/19\\\/la-dimensio-educativa-dels-canvis-socials-aprenentatges-comunitat-i-cicles-de-vida\\\/\"},\"wordCount\":1022,\"commentCount\":0,\"image\":{\"@id\":\"https:\\\/\\\/diarieducacio.cat\\\/educaciolocal\\\/2018\\\/10\\\/19\\\/la-dimensio-educativa-dels-canvis-socials-aprenentatges-comunitat-i-cicles-de-vida\\\/#primaryimage\"},\"thumbnailUrl\":\"https:\\\/\\\/diarieducacio.cat\\\/educaciolocal\\\/wp-content\\\/uploads\\\/sites\\\/18\\\/2018\\\/10\\\/foto-article-Goma.jpg\",\"keywords\":[\"Educaci\u00f3 de persones adultes\",\"Entorn local\"],\"articleSection\":[\"Educaci\u00f3 al llarg de la vida\",\"Escoles municipals de persones adultes\"],\"inLanguage\":\"ca\",\"potentialAction\":[{\"@type\":\"CommentAction\",\"name\":\"Comment\",\"target\":[\"https:\\\/\\\/diarieducacio.cat\\\/educaciolocal\\\/2018\\\/10\\\/19\\\/la-dimensio-educativa-dels-canvis-socials-aprenentatges-comunitat-i-cicles-de-vida\\\/#respond\"]}]},{\"@type\":\"WebPage\",\"@id\":\"https:\\\/\\\/diarieducacio.cat\\\/educaciolocal\\\/2018\\\/10\\\/19\\\/la-dimensio-educativa-dels-canvis-socials-aprenentatges-comunitat-i-cicles-de-vida\\\/\",\"url\":\"https:\\\/\\\/diarieducacio.cat\\\/educaciolocal\\\/2018\\\/10\\\/19\\\/la-dimensio-educativa-dels-canvis-socials-aprenentatges-comunitat-i-cicles-de-vida\\\/\",\"name\":\"La dimensi\u00f3 educativa dels canvis socials: aprenentatges, comunitat i cicles de vida - El blog de l'educaci\u00f3 local\",\"isPartOf\":{\"@id\":\"https:\\\/\\\/diarieducacio.cat\\\/educaciolocal\\\/#website\"},\"primaryImageOfPage\":{\"@id\":\"https:\\\/\\\/diarieducacio.cat\\\/educaciolocal\\\/2018\\\/10\\\/19\\\/la-dimensio-educativa-dels-canvis-socials-aprenentatges-comunitat-i-cicles-de-vida\\\/#primaryimage\"},\"image\":{\"@id\":\"https:\\\/\\\/diarieducacio.cat\\\/educaciolocal\\\/2018\\\/10\\\/19\\\/la-dimensio-educativa-dels-canvis-socials-aprenentatges-comunitat-i-cicles-de-vida\\\/#primaryimage\"},\"thumbnailUrl\":\"https:\\\/\\\/diarieducacio.cat\\\/educaciolocal\\\/wp-content\\\/uploads\\\/sites\\\/18\\\/2018\\\/10\\\/foto-article-Goma.jpg\",\"datePublished\":\"2018-10-19T07:19:50+00:00\",\"author\":{\"@id\":\"https:\\\/\\\/diarieducacio.cat\\\/educaciolocal\\\/#\\\/schema\\\/person\\\/26241cf047f45cd990a87bd37c1eba38\"},\"breadcrumb\":{\"@id\":\"https:\\\/\\\/diarieducacio.cat\\\/educaciolocal\\\/2018\\\/10\\\/19\\\/la-dimensio-educativa-dels-canvis-socials-aprenentatges-comunitat-i-cicles-de-vida\\\/#breadcrumb\"},\"inLanguage\":\"ca\",\"potentialAction\":[{\"@type\":\"ReadAction\",\"target\":[\"https:\\\/\\\/diarieducacio.cat\\\/educaciolocal\\\/2018\\\/10\\\/19\\\/la-dimensio-educativa-dels-canvis-socials-aprenentatges-comunitat-i-cicles-de-vida\\\/\"]}]},{\"@type\":\"ImageObject\",\"inLanguage\":\"ca\",\"@id\":\"https:\\\/\\\/diarieducacio.cat\\\/educaciolocal\\\/2018\\\/10\\\/19\\\/la-dimensio-educativa-dels-canvis-socials-aprenentatges-comunitat-i-cicles-de-vida\\\/#primaryimage\",\"url\":\"https:\\\/\\\/diarieducacio.cat\\\/educaciolocal\\\/wp-content\\\/uploads\\\/sites\\\/18\\\/2018\\\/10\\\/foto-article-Goma.jpg\",\"contentUrl\":\"https:\\\/\\\/diarieducacio.cat\\\/educaciolocal\\\/wp-content\\\/uploads\\\/sites\\\/18\\\/2018\\\/10\\\/foto-article-Goma.jpg\",\"width\":840,\"height\":476},{\"@type\":\"BreadcrumbList\",\"@id\":\"https:\\\/\\\/diarieducacio.cat\\\/educaciolocal\\\/2018\\\/10\\\/19\\\/la-dimensio-educativa-dels-canvis-socials-aprenentatges-comunitat-i-cicles-de-vida\\\/#breadcrumb\",\"itemListElement\":[{\"@type\":\"ListItem\",\"position\":1,\"name\":\"Inici\",\"item\":\"https:\\\/\\\/diarieducacio.cat\\\/educaciolocal\\\/\"},{\"@type\":\"ListItem\",\"position\":2,\"name\":\"La dimensi\u00f3 educativa dels canvis socials: aprenentatges, comunitat i cicles de vida\"}]},{\"@type\":\"WebSite\",\"@id\":\"https:\\\/\\\/diarieducacio.cat\\\/educaciolocal\\\/#website\",\"url\":\"https:\\\/\\\/diarieducacio.cat\\\/educaciolocal\\\/\",\"name\":\"El blog de l'educaci\u00f3 local\",\"description\":\"\",\"potentialAction\":[{\"@type\":\"SearchAction\",\"target\":{\"@type\":\"EntryPoint\",\"urlTemplate\":\"https:\\\/\\\/diarieducacio.cat\\\/educaciolocal\\\/?s={search_term_string}\"},\"query-input\":{\"@type\":\"PropertyValueSpecification\",\"valueRequired\":true,\"valueName\":\"search_term_string\"}}],\"inLanguage\":\"ca\"},{\"@type\":\"Person\",\"@id\":\"https:\\\/\\\/diarieducacio.cat\\\/educaciolocal\\\/#\\\/schema\\\/person\\\/26241cf047f45cd990a87bd37c1eba38\",\"name\":\"Ricard Gom\u00e0\",\"image\":{\"@type\":\"ImageObject\",\"inLanguage\":\"ca\",\"@id\":\"https:\\\/\\\/secure.gravatar.com\\\/avatar\\\/09c520ca2ad156bd0b17dd1741dc892318ae0ef1f83c704a3923f936a36c0cab?s=96&d=mm&r=g\",\"url\":\"https:\\\/\\\/secure.gravatar.com\\\/avatar\\\/09c520ca2ad156bd0b17dd1741dc892318ae0ef1f83c704a3923f936a36c0cab?s=96&d=mm&r=g\",\"contentUrl\":\"https:\\\/\\\/secure.gravatar.com\\\/avatar\\\/09c520ca2ad156bd0b17dd1741dc892318ae0ef1f83c704a3923f936a36c0cab?s=96&d=mm&r=g\",\"caption\":\"Ricard Gom\u00e0\"},\"description\":\"Professor de Ci\u00e8ncia Pol\u00edtica a la Universitat Aut\u00f2noma de Barcelona, investigador de l\u2019Institut de Govern i Pol\u00edtiques P\u00fabliques (IGOP) i director de l\u2019Institut d\u2019Estudis Regionals i Metropolitans de Barcelona (IERMB).\",\"url\":\"https:\\\/\\\/diarieducacio.cat\\\/educaciolocal\\\/author\\\/rgoma\\\/\"}]}<\/script>\n<!-- \/ Yoast SEO plugin. -->","yoast_head_json":{"title":"La dimensi\u00f3 educativa dels canvis socials: aprenentatges, comunitat i cicles de vida - El blog de l'educaci\u00f3 local","robots":{"index":"index","follow":"follow","max-snippet":"max-snippet:-1","max-image-preview":"max-image-preview:large","max-video-preview":"max-video-preview:-1"},"canonical":"https:\/\/diarieducacio.cat\/educaciolocal\/2018\/10\/19\/la-dimensio-educativa-dels-canvis-socials-aprenentatges-comunitat-i-cicles-de-vida\/","og_locale":"ca_ES","og_type":"article","og_title":"La dimensi\u00f3 educativa dels canvis socials: aprenentatges, comunitat i cicles de vida - El blog de l'educaci\u00f3 local","og_description":"Els darrers anys s\u2019han produ\u00eft una s\u00e8rie de transformacions socials i culturals que plantegen nous reptes i oportunitats per a l\u2019educaci\u00f3 al llarg de la vida. Emergeixen noves necessitats per a les quals el territori (entitats, equipaments i altres agents educatius) esdev\u00e9 clau per a la construcci\u00f3 i consolidaci\u00f3 d\u2019un nou univers educatiu.","og_url":"https:\/\/diarieducacio.cat\/educaciolocal\/2018\/10\/19\/la-dimensio-educativa-dels-canvis-socials-aprenentatges-comunitat-i-cicles-de-vida\/","og_site_name":"El blog de l'educaci\u00f3 local","article_publisher":"https:\/\/www.facebook.com\/diarieducacio\/","article_published_time":"2018-10-19T07:19:50+00:00","og_image":[{"width":840,"height":476,"url":"https:\/\/diarieducacio.cat\/educaciolocal\/wp-content\/uploads\/sites\/18\/2018\/10\/foto-article-Goma.jpg","type":"image\/jpeg"}],"author":"Ricard Gom\u00e0","twitter_card":"summary_large_image","twitter_creator":"@DiariEducacio","twitter_site":"@DiariEducacio","twitter_misc":{"Escrit per":"Ricard Gom\u00e0","Temps estimat de lectura":"5 minuts"},"schema":{"@context":"https:\/\/schema.org","@graph":[{"@type":"Article","@id":"https:\/\/diarieducacio.cat\/educaciolocal\/2018\/10\/19\/la-dimensio-educativa-dels-canvis-socials-aprenentatges-comunitat-i-cicles-de-vida\/#article","isPartOf":{"@id":"https:\/\/diarieducacio.cat\/educaciolocal\/2018\/10\/19\/la-dimensio-educativa-dels-canvis-socials-aprenentatges-comunitat-i-cicles-de-vida\/"},"author":{"name":"Ricard Gom\u00e0","@id":"https:\/\/diarieducacio.cat\/educaciolocal\/#\/schema\/person\/26241cf047f45cd990a87bd37c1eba38"},"headline":"La dimensi\u00f3 educativa dels canvis socials: aprenentatges, comunitat i cicles de vida","datePublished":"2018-10-19T07:19:50+00:00","mainEntityOfPage":{"@id":"https:\/\/diarieducacio.cat\/educaciolocal\/2018\/10\/19\/la-dimensio-educativa-dels-canvis-socials-aprenentatges-comunitat-i-cicles-de-vida\/"},"wordCount":1022,"commentCount":0,"image":{"@id":"https:\/\/diarieducacio.cat\/educaciolocal\/2018\/10\/19\/la-dimensio-educativa-dels-canvis-socials-aprenentatges-comunitat-i-cicles-de-vida\/#primaryimage"},"thumbnailUrl":"https:\/\/diarieducacio.cat\/educaciolocal\/wp-content\/uploads\/sites\/18\/2018\/10\/foto-article-Goma.jpg","keywords":["Educaci\u00f3 de persones adultes","Entorn local"],"articleSection":["Educaci\u00f3 al llarg de la vida","Escoles municipals de persones adultes"],"inLanguage":"ca","potentialAction":[{"@type":"CommentAction","name":"Comment","target":["https:\/\/diarieducacio.cat\/educaciolocal\/2018\/10\/19\/la-dimensio-educativa-dels-canvis-socials-aprenentatges-comunitat-i-cicles-de-vida\/#respond"]}]},{"@type":"WebPage","@id":"https:\/\/diarieducacio.cat\/educaciolocal\/2018\/10\/19\/la-dimensio-educativa-dels-canvis-socials-aprenentatges-comunitat-i-cicles-de-vida\/","url":"https:\/\/diarieducacio.cat\/educaciolocal\/2018\/10\/19\/la-dimensio-educativa-dels-canvis-socials-aprenentatges-comunitat-i-cicles-de-vida\/","name":"La dimensi\u00f3 educativa dels canvis socials: aprenentatges, comunitat i cicles de vida - El blog de l'educaci\u00f3 local","isPartOf":{"@id":"https:\/\/diarieducacio.cat\/educaciolocal\/#website"},"primaryImageOfPage":{"@id":"https:\/\/diarieducacio.cat\/educaciolocal\/2018\/10\/19\/la-dimensio-educativa-dels-canvis-socials-aprenentatges-comunitat-i-cicles-de-vida\/#primaryimage"},"image":{"@id":"https:\/\/diarieducacio.cat\/educaciolocal\/2018\/10\/19\/la-dimensio-educativa-dels-canvis-socials-aprenentatges-comunitat-i-cicles-de-vida\/#primaryimage"},"thumbnailUrl":"https:\/\/diarieducacio.cat\/educaciolocal\/wp-content\/uploads\/sites\/18\/2018\/10\/foto-article-Goma.jpg","datePublished":"2018-10-19T07:19:50+00:00","author":{"@id":"https:\/\/diarieducacio.cat\/educaciolocal\/#\/schema\/person\/26241cf047f45cd990a87bd37c1eba38"},"breadcrumb":{"@id":"https:\/\/diarieducacio.cat\/educaciolocal\/2018\/10\/19\/la-dimensio-educativa-dels-canvis-socials-aprenentatges-comunitat-i-cicles-de-vida\/#breadcrumb"},"inLanguage":"ca","potentialAction":[{"@type":"ReadAction","target":["https:\/\/diarieducacio.cat\/educaciolocal\/2018\/10\/19\/la-dimensio-educativa-dels-canvis-socials-aprenentatges-comunitat-i-cicles-de-vida\/"]}]},{"@type":"ImageObject","inLanguage":"ca","@id":"https:\/\/diarieducacio.cat\/educaciolocal\/2018\/10\/19\/la-dimensio-educativa-dels-canvis-socials-aprenentatges-comunitat-i-cicles-de-vida\/#primaryimage","url":"https:\/\/diarieducacio.cat\/educaciolocal\/wp-content\/uploads\/sites\/18\/2018\/10\/foto-article-Goma.jpg","contentUrl":"https:\/\/diarieducacio.cat\/educaciolocal\/wp-content\/uploads\/sites\/18\/2018\/10\/foto-article-Goma.jpg","width":840,"height":476},{"@type":"BreadcrumbList","@id":"https:\/\/diarieducacio.cat\/educaciolocal\/2018\/10\/19\/la-dimensio-educativa-dels-canvis-socials-aprenentatges-comunitat-i-cicles-de-vida\/#breadcrumb","itemListElement":[{"@type":"ListItem","position":1,"name":"Inici","item":"https:\/\/diarieducacio.cat\/educaciolocal\/"},{"@type":"ListItem","position":2,"name":"La dimensi\u00f3 educativa dels canvis socials: aprenentatges, comunitat i cicles de vida"}]},{"@type":"WebSite","@id":"https:\/\/diarieducacio.cat\/educaciolocal\/#website","url":"https:\/\/diarieducacio.cat\/educaciolocal\/","name":"El blog de l'educaci\u00f3 local","description":"","potentialAction":[{"@type":"SearchAction","target":{"@type":"EntryPoint","urlTemplate":"https:\/\/diarieducacio.cat\/educaciolocal\/?s={search_term_string}"},"query-input":{"@type":"PropertyValueSpecification","valueRequired":true,"valueName":"search_term_string"}}],"inLanguage":"ca"},{"@type":"Person","@id":"https:\/\/diarieducacio.cat\/educaciolocal\/#\/schema\/person\/26241cf047f45cd990a87bd37c1eba38","name":"Ricard Gom\u00e0","image":{"@type":"ImageObject","inLanguage":"ca","@id":"https:\/\/secure.gravatar.com\/avatar\/09c520ca2ad156bd0b17dd1741dc892318ae0ef1f83c704a3923f936a36c0cab?s=96&d=mm&r=g","url":"https:\/\/secure.gravatar.com\/avatar\/09c520ca2ad156bd0b17dd1741dc892318ae0ef1f83c704a3923f936a36c0cab?s=96&d=mm&r=g","contentUrl":"https:\/\/secure.gravatar.com\/avatar\/09c520ca2ad156bd0b17dd1741dc892318ae0ef1f83c704a3923f936a36c0cab?s=96&d=mm&r=g","caption":"Ricard Gom\u00e0"},"description":"Professor de Ci\u00e8ncia Pol\u00edtica a la Universitat Aut\u00f2noma de Barcelona, investigador de l\u2019Institut de Govern i Pol\u00edtiques P\u00fabliques (IGOP) i director de l\u2019Institut d\u2019Estudis Regionals i Metropolitans de Barcelona (IERMB).","url":"https:\/\/diarieducacio.cat\/educaciolocal\/author\/rgoma\/"}]}},"_links":{"self":[{"href":"https:\/\/diarieducacio.cat\/educaciolocal\/wp-json\/wp\/v2\/posts\/1062","targetHints":{"allow":["GET"]}}],"collection":[{"href":"https:\/\/diarieducacio.cat\/educaciolocal\/wp-json\/wp\/v2\/posts"}],"about":[{"href":"https:\/\/diarieducacio.cat\/educaciolocal\/wp-json\/wp\/v2\/types\/post"}],"author":[{"embeddable":true,"href":"https:\/\/diarieducacio.cat\/educaciolocal\/wp-json\/wp\/v2\/users\/225"}],"replies":[{"embeddable":true,"href":"https:\/\/diarieducacio.cat\/educaciolocal\/wp-json\/wp\/v2\/comments?post=1062"}],"version-history":[{"count":0,"href":"https:\/\/diarieducacio.cat\/educaciolocal\/wp-json\/wp\/v2\/posts\/1062\/revisions"}],"wp:featuredmedia":[{"embeddable":true,"href":"https:\/\/diarieducacio.cat\/educaciolocal\/wp-json\/wp\/v2\/media\/1070"}],"wp:attachment":[{"href":"https:\/\/diarieducacio.cat\/educaciolocal\/wp-json\/wp\/v2\/media?parent=1062"}],"wp:term":[{"taxonomy":"category","embeddable":true,"href":"https:\/\/diarieducacio.cat\/educaciolocal\/wp-json\/wp\/v2\/categories?post=1062"},{"taxonomy":"post_tag","embeddable":true,"href":"https:\/\/diarieducacio.cat\/educaciolocal\/wp-json\/wp\/v2\/tags?post=1062"},{"taxonomy":"tipo","embeddable":true,"href":"https:\/\/diarieducacio.cat\/educaciolocal\/wp-json\/wp\/v2\/tipo?post=1062"}],"curies":[{"name":"wp","href":"https:\/\/api.w.org\/{rel}","templated":true}]}}