{"id":1193,"date":"2019-01-23T08:50:14","date_gmt":"2019-01-23T08:50:14","guid":{"rendered":"https:\/\/diarieducacio.cat\/educaciolocal\/?p=1193"},"modified":"2019-01-23T08:50:14","modified_gmt":"2019-01-23T08:50:14","slug":"transitar-un-passeig-per-la-presa-de-decisions-i-lautoconeixement","status":"publish","type":"post","link":"https:\/\/diarieducacio.cat\/educaciolocal\/2019\/01\/23\/transitar-un-passeig-per-la-presa-de-decisions-i-lautoconeixement\/","title":{"rendered":"Transitar, un passeig per la presa de decisions i l&#8217;autoconeixement"},"content":{"rendered":"<p>Caminant, al teu ritme, per una sala tancada per\u00f2 que, de cop, ofereix mil i una possibilitats. Les parets, lluny de ser murs, s\u00f3n llen\u00e7os en blanc. Plens d&#8217;oportunitats, coneixements i guies. Per\u00f2 no marquen cap cam\u00ed, nom\u00e9s mostren les portes i les finestres per on pots entrar i sortir. Aix\u00ed \u00e9s la sala de l&#8217;Arts Santa M\u00f2nica que acull l&#8217;exposici\u00f3 <a href=\"https:\/\/www.diba.cat\/es\/web\/transitar\/exposicio\" target=\"_blank\" rel=\"noopener\">Transitar<\/a>, concebuda per la Ger\u00e8ncia d&#8217;Educaci\u00f3 de la Diputaci\u00f3 de Barcelona. Aquestes parets, fetes d&#8217;una fusta acollidora i aparentment desordenades, acaben conformant el que seria l&#8217;estructura d&#8217;una llar que, com una casa de nines, es desplega.<\/p>\n<p>Massa opcions, podrien pensar alguns visitants. Per\u00f2 precisament aix\u00ed \u00e9s la vida, tot un mar de decisions a prendre, milers de possibles camins que poden, o no, portar al mateix lloc. Transitar \u00e9s quelcom pel que tots i totes hem de passar, per\u00f2 per fer-ho amb encert cal comptar amb una bona orientaci\u00f3, necess\u00e0ria en un m\u00f3n en canvi permanent. I aix\u00f2 no \u00e9s nom\u00e9s necessari en el cas dels canvis educatius, sin\u00f3 \u201cper a tothom, tots fem petites passes cada dia que conformen el nostre tr\u00e0nsit. Amb una exposici\u00f3 com aquesta, que \u00e9s un projecte hol\u00edstic, pretenem que tothom pugui reflexionar com s&#8217;ha format al llarg de la vida\u201d, explica Gemma Guasch, comiss\u00e0ria de l&#8217;exposici\u00f3, juntament amb Josep Asunci\u00f3n.<\/p>\n<p><iframe title=\"Transitar. V\u00eddeo locutat del proc\u00e9s participatiu\" width=\"788\" height=\"443\" src=\"https:\/\/www.youtube.com\/embed\/JC-es7KfyY8?start=243&#038;feature=oembed\" frameborder=\"0\" allow=\"accelerometer; autoplay; clipboard-write; encrypted-media; gyroscope; picture-in-picture; web-share\" referrerpolicy=\"strict-origin-when-cross-origin\" allowfullscreen><\/iframe><\/p>\n<p>Aquesta exposici\u00f3, que \u00e9s itinerant i que ser\u00e0 a Barcelona fins el 27 de gener, \u00e9s la punta de l&#8217;iceberg: la materialitzaci\u00f3 de dos anys de feina a quatre territoris (Sant Vicen\u00e7 dels Horts, Vilafranca del Pened\u00e8s, Centelles i Badia del Vall\u00e8s) on persones d&#8217;edats i itineraris diferents van participar de tallers i experi\u00e8ncies conjuntes per definir-se i definir els seus canvis. Acompanyats per un equip de vint artistes acabats de graduar, els participants de cada localitat van participar de tres din\u00e0miques. \u201cNo pens\u00e0vem en els continguts, sin\u00f3 en el proc\u00e9s. Era una cosa que no feia ning\u00fa, enfocar l&#8217;orientaci\u00f3 amb aquesta complexitat\u201d, reflexiona Guasch.<\/p>\n<p>Les activitats van versar sobretot sobre l&#8217;autoconeixement. En un primer moment, tot estimulant la creativitat, es va construir una casa en miniatura amb materials senzills que havien de convertir en un espai habitable, tot descobrint en quin punt estaven, on volien arribar i qu\u00e8 els aturava. \u201cHem d&#8217;anar creant un nou llenguatge i una nova manera de fer per avan\u00e7ar\u201d, apunta Guasch. I \u00e9s que aquesta casa, dissenyada pels participants, ha acabat essent el model del marc de l&#8217;exposici\u00f3.<\/p>\n<p>\u201cVam crear una met\u00e0fora de l&#8217;\u00e9sser hum\u00e0 com una casa i l&#8217;eix troncal de l&#8217;exposici\u00f3 \u00e9s confrontar-se amb aquesta casa\u201d, explica la comiss\u00e0ria. Tenim, doncs, els somnis a les golfes i al soterrani el malestar per all\u00f2 que no som capa\u00e7os de fer. I al mig, la realitat. \u201cLa casa \u00e9s el coratge, hi pots transitar, per les seves portes i finestres, que s\u00f3n les compet\u00e8ncies, i pots situar-te lliurement cap on vulguis anar\u201d. Aquesta casa, amb el recorregut tan complex, t\u00e9 un refor\u00e7 visual molt potent complementat amb els testimonis que van deixar els participants en acabar el projecte.<\/p>\n<figure id=\"attachment_1190\" aria-describedby=\"caption-attachment-1190\" style=\"width: 1280px\" class=\"wp-caption aligncenter\"><img fetchpriority=\"high\" decoding=\"async\" class=\"wp-image-1190 size-full\" src=\"https:\/\/diarieducacio.cat\/educaciolocal\/wp-content\/uploads\/sites\/26\/2019\/01\/photo5924670745475132995.jpg\" alt=\"\" width=\"1280\" height=\"960\" srcset=\"https:\/\/diarieducacio.cat\/educaciolocal\/wp-content\/uploads\/sites\/18\/2019\/01\/photo5924670745475132995.jpg 1280w, https:\/\/diarieducacio.cat\/educaciolocal\/wp-content\/uploads\/sites\/18\/2019\/01\/photo5924670745475132995-300x225.jpg 300w, https:\/\/diarieducacio.cat\/educaciolocal\/wp-content\/uploads\/sites\/18\/2019\/01\/photo5924670745475132995-1024x768.jpg 1024w, https:\/\/diarieducacio.cat\/educaciolocal\/wp-content\/uploads\/sites\/18\/2019\/01\/photo5924670745475132995-768x576.jpg 768w, https:\/\/diarieducacio.cat\/educaciolocal\/wp-content\/uploads\/sites\/18\/2019\/01\/photo5924670745475132995-150x113.jpg 150w, https:\/\/diarieducacio.cat\/educaciolocal\/wp-content\/uploads\/sites\/18\/2019\/01\/photo5924670745475132995-450x338.jpg 450w, https:\/\/diarieducacio.cat\/educaciolocal\/wp-content\/uploads\/sites\/18\/2019\/01\/photo5924670745475132995-1200x900.jpg 1200w\" sizes=\"(max-width: 1280px) 100vw, 1280px\" \/><figcaption id=\"caption-attachment-1190\" class=\"wp-caption-text\">Part de l&#8217;exposici\u00f3 Transitar, a l&#8217;Arts Santa M\u00f2nica de Barcelona | Sandra Vicente<\/figcaption><\/figure>\n<h3>Setmana Transitar, una proposta d&#8217;innovaci\u00f3<\/h3>\n<p>El president de la Diputaci\u00f3 de Barcelona, Marc Castells, ha destacat durant la presentaci\u00f3 de l&#8217;exposici\u00f3 a Barcelona, que Transitar \u201cs&#8217;ha d&#8217;entendre dins un marc d&#8217;innovaci\u00f3, participaci\u00f3 activa i formaci\u00f3 continuada\u201d. I \u00e9s que, tal com destaquen Guasch i Castells, l&#8217;orientaci\u00f3 va m\u00e9s enll\u00e0 dels centres educatius i, fins ara, \u201cno hi havia cap pol\u00edtica p\u00fablica que pregunt\u00e9s a la gent sobre aquests canvis. I aquesta s\u00ed que ho fa\u201d, ha apuntat Castells.<\/p>\n<p>L&#8217;exposici\u00f3, per\u00f2, \u00e9s nom\u00e9s una part de totes les activitats que l&#8217;acompanyen i que conformen la <a href=\"https:\/\/www.diba.cat\/es\/web\/transitar\/setmana-transitar\" target=\"_blank\" rel=\"noopener\">Setmana Transitar<\/a> (a Barcelona fins el 25 de gener) que inclou un laboratori sobre resili\u00e8ncia, activitats sobre orientaci\u00f3 anomenades &#8216;Minilabs&#8217;, un banc d&#8217;experi\u00e8ncies, di\u00e0legs sobre l&#8217;\u00e8xit i el frac\u00e0s i sessions interactives. Concretament, el dia 25 t\u00e9 lloc el <a href=\"https:\/\/www.diba.cat\/es\/web\/transitar\/laboratoris-transitar\" target=\"_blank\" rel=\"noopener\">TransitarLab<\/a> sobre resili\u00e8ncia i es podr\u00e0 assistir al di\u00e0leg sobre \u00e8xit i frac\u00e0s amb Andreu Rif\u00e9 (m\u00fasic i actor), Curro Claret (dissenyador) i Gemma Ventura (periodista).<\/p>\n<p>Aix\u00ed, aquesta activitat es troba en el marc de la lluita contra el frac\u00e0s escolar plantejat per la Uni\u00f3 Europea en el projecte Horitz\u00f3 2020. En aquesta l\u00ednia, i pel que fa a la Diputaci\u00f3 de Barcelona, contribueix a la reducci\u00f3 de la taxa d&#8217;abandonament escolar amb pol\u00edtiques de suport als ens locals.<\/p>\n","protected":false},"excerpt":{"rendered":"<p>L&#8217;exposici\u00f3, que a ser\u00e0 a Barcelona fins el 27 de gener a l&#8217;Arts Santa M\u00f2nica, \u00e9s la materialitzaci\u00f3 de dos anys de feina que recull els processos de canvi i la import\u00e0ncia de la orientaci\u00f3 al llarg de la vida de manera complexa<\/p>\n","protected":false},"author":201,"featured_media":1191,"comment_status":"open","ping_status":"closed","sticky":false,"template":"","format":"standard","meta":{"footnotes":""},"categories":[187,163,199,156],"tags":[167,200,207],"tipo":[],"class_list":{"0":"post-1193","1":"post","2":"type-post","3":"status-publish","4":"format-standard","5":"has-post-thumbnail","7":"category-abandonament-escolar-prematur","8":"category-ajuntaments","9":"category-ciutats-que-orienten","10":"category-orientacio","11":"tag-abandonament-escolar-prematur","12":"tag-orientacio","13":"tag-transicions"},"yoast_head":"<!-- This site is optimized with the Yoast SEO plugin v27.4 - https:\/\/yoast.com\/product\/yoast-seo-wordpress\/ -->\n<title>Transitar, un passeig per la presa de decisions i l&#039;autoconeixement - El blog de l&#039;educaci\u00f3 local<\/title>\n<meta name=\"robots\" content=\"index, follow, max-snippet:-1, max-image-preview:large, max-video-preview:-1\" \/>\n<link rel=\"canonical\" href=\"https:\/\/diarieducacio.cat\/educaciolocal\/2019\/01\/23\/transitar-un-passeig-per-la-presa-de-decisions-i-lautoconeixement\/\" \/>\n<meta property=\"og:locale\" content=\"ca_ES\" \/>\n<meta property=\"og:type\" content=\"article\" \/>\n<meta property=\"og:title\" content=\"Transitar, un passeig per la presa de decisions i l&#039;autoconeixement - El blog de l&#039;educaci\u00f3 local\" \/>\n<meta property=\"og:description\" content=\"L&#039;exposici\u00f3, que a ser\u00e0 a Barcelona fins el 27 de gener a l&#039;Arts Santa M\u00f2nica, \u00e9s la materialitzaci\u00f3 de dos anys de feina que recull els processos de canvi i la import\u00e0ncia de la orientaci\u00f3 al llarg de la vida de manera complexa\" \/>\n<meta property=\"og:url\" content=\"https:\/\/diarieducacio.cat\/educaciolocal\/2019\/01\/23\/transitar-un-passeig-per-la-presa-de-decisions-i-lautoconeixement\/\" \/>\n<meta property=\"og:site_name\" content=\"El blog de l&#039;educaci\u00f3 local\" \/>\n<meta property=\"article:publisher\" content=\"https:\/\/www.facebook.com\/diarieducacio\/\" \/>\n<meta property=\"article:published_time\" content=\"2019-01-23T08:50:14+00:00\" \/>\n<meta property=\"og:image\" content=\"https:\/\/diarieducacio.cat\/educaciolocal\/wp-content\/uploads\/sites\/18\/2019\/01\/photo5924670745475132999.jpg\" \/>\n\t<meta property=\"og:image:width\" content=\"1280\" \/>\n\t<meta property=\"og:image:height\" content=\"960\" \/>\n\t<meta property=\"og:image:type\" content=\"image\/jpeg\" \/>\n<meta name=\"author\" content=\"Redacci\u00f3 - Blog de l&#039;educaci\u00f3 local\" \/>\n<meta name=\"twitter:card\" content=\"summary_large_image\" \/>\n<meta name=\"twitter:creator\" content=\"@DiariEducacio\" \/>\n<meta name=\"twitter:site\" content=\"@DiariEducacio\" \/>\n<meta name=\"twitter:label1\" content=\"Escrit per\" \/>\n\t<meta name=\"twitter:data1\" content=\"Redacci\u00f3 - Blog de l&#039;educaci\u00f3 local\" \/>\n\t<meta name=\"twitter:label2\" content=\"Temps estimat de lectura\" \/>\n\t<meta name=\"twitter:data2\" content=\"4 minuts\" \/>\n<script type=\"application\/ld+json\" class=\"yoast-schema-graph\">{\"@context\":\"https:\\\/\\\/schema.org\",\"@graph\":[{\"@type\":\"Article\",\"@id\":\"https:\\\/\\\/diarieducacio.cat\\\/educaciolocal\\\/2019\\\/01\\\/23\\\/transitar-un-passeig-per-la-presa-de-decisions-i-lautoconeixement\\\/#article\",\"isPartOf\":{\"@id\":\"https:\\\/\\\/diarieducacio.cat\\\/educaciolocal\\\/2019\\\/01\\\/23\\\/transitar-un-passeig-per-la-presa-de-decisions-i-lautoconeixement\\\/\"},\"author\":{\"name\":\"Redacci\u00f3 - Blog de l'educaci\u00f3 local\",\"@id\":\"https:\\\/\\\/diarieducacio.cat\\\/educaciolocal\\\/#\\\/schema\\\/person\\\/2b7a218a59179ac9b82caae5e2c4f2ab\"},\"headline\":\"Transitar, un passeig per la presa de decisions i l&#8217;autoconeixement\",\"datePublished\":\"2019-01-23T08:50:14+00:00\",\"mainEntityOfPage\":{\"@id\":\"https:\\\/\\\/diarieducacio.cat\\\/educaciolocal\\\/2019\\\/01\\\/23\\\/transitar-un-passeig-per-la-presa-de-decisions-i-lautoconeixement\\\/\"},\"wordCount\":824,\"commentCount\":2,\"image\":{\"@id\":\"https:\\\/\\\/diarieducacio.cat\\\/educaciolocal\\\/2019\\\/01\\\/23\\\/transitar-un-passeig-per-la-presa-de-decisions-i-lautoconeixement\\\/#primaryimage\"},\"thumbnailUrl\":\"https:\\\/\\\/diarieducacio.cat\\\/educaciolocal\\\/wp-content\\\/uploads\\\/sites\\\/18\\\/2019\\\/01\\\/photo5924670745475132999.jpg\",\"keywords\":[\"Abandonament escolar prematur\",\"orientaci\u00f3\",\"Transicions\"],\"articleSection\":[\"Abandonament escolar prematur\",\"Ajuntaments\",\"Ciutats que orienten\",\"Orientaci\u00f3\"],\"inLanguage\":\"ca\",\"potentialAction\":[{\"@type\":\"CommentAction\",\"name\":\"Comment\",\"target\":[\"https:\\\/\\\/diarieducacio.cat\\\/educaciolocal\\\/2019\\\/01\\\/23\\\/transitar-un-passeig-per-la-presa-de-decisions-i-lautoconeixement\\\/#respond\"]}]},{\"@type\":\"WebPage\",\"@id\":\"https:\\\/\\\/diarieducacio.cat\\\/educaciolocal\\\/2019\\\/01\\\/23\\\/transitar-un-passeig-per-la-presa-de-decisions-i-lautoconeixement\\\/\",\"url\":\"https:\\\/\\\/diarieducacio.cat\\\/educaciolocal\\\/2019\\\/01\\\/23\\\/transitar-un-passeig-per-la-presa-de-decisions-i-lautoconeixement\\\/\",\"name\":\"Transitar, un passeig per la presa de decisions i l'autoconeixement - El blog de l'educaci\u00f3 local\",\"isPartOf\":{\"@id\":\"https:\\\/\\\/diarieducacio.cat\\\/educaciolocal\\\/#website\"},\"primaryImageOfPage\":{\"@id\":\"https:\\\/\\\/diarieducacio.cat\\\/educaciolocal\\\/2019\\\/01\\\/23\\\/transitar-un-passeig-per-la-presa-de-decisions-i-lautoconeixement\\\/#primaryimage\"},\"image\":{\"@id\":\"https:\\\/\\\/diarieducacio.cat\\\/educaciolocal\\\/2019\\\/01\\\/23\\\/transitar-un-passeig-per-la-presa-de-decisions-i-lautoconeixement\\\/#primaryimage\"},\"thumbnailUrl\":\"https:\\\/\\\/diarieducacio.cat\\\/educaciolocal\\\/wp-content\\\/uploads\\\/sites\\\/18\\\/2019\\\/01\\\/photo5924670745475132999.jpg\",\"datePublished\":\"2019-01-23T08:50:14+00:00\",\"author\":{\"@id\":\"https:\\\/\\\/diarieducacio.cat\\\/educaciolocal\\\/#\\\/schema\\\/person\\\/2b7a218a59179ac9b82caae5e2c4f2ab\"},\"breadcrumb\":{\"@id\":\"https:\\\/\\\/diarieducacio.cat\\\/educaciolocal\\\/2019\\\/01\\\/23\\\/transitar-un-passeig-per-la-presa-de-decisions-i-lautoconeixement\\\/#breadcrumb\"},\"inLanguage\":\"ca\",\"potentialAction\":[{\"@type\":\"ReadAction\",\"target\":[\"https:\\\/\\\/diarieducacio.cat\\\/educaciolocal\\\/2019\\\/01\\\/23\\\/transitar-un-passeig-per-la-presa-de-decisions-i-lautoconeixement\\\/\"]}]},{\"@type\":\"ImageObject\",\"inLanguage\":\"ca\",\"@id\":\"https:\\\/\\\/diarieducacio.cat\\\/educaciolocal\\\/2019\\\/01\\\/23\\\/transitar-un-passeig-per-la-presa-de-decisions-i-lautoconeixement\\\/#primaryimage\",\"url\":\"https:\\\/\\\/diarieducacio.cat\\\/educaciolocal\\\/wp-content\\\/uploads\\\/sites\\\/18\\\/2019\\\/01\\\/photo5924670745475132999.jpg\",\"contentUrl\":\"https:\\\/\\\/diarieducacio.cat\\\/educaciolocal\\\/wp-content\\\/uploads\\\/sites\\\/18\\\/2019\\\/01\\\/photo5924670745475132999.jpg\",\"width\":1280,\"height\":960,\"caption\":\"Part de l'exposici\u00f3 Transitar, a l'Arts Santa M\u00f2nica de Barcelona | Sandra Vicente\"},{\"@type\":\"BreadcrumbList\",\"@id\":\"https:\\\/\\\/diarieducacio.cat\\\/educaciolocal\\\/2019\\\/01\\\/23\\\/transitar-un-passeig-per-la-presa-de-decisions-i-lautoconeixement\\\/#breadcrumb\",\"itemListElement\":[{\"@type\":\"ListItem\",\"position\":1,\"name\":\"Inici\",\"item\":\"https:\\\/\\\/diarieducacio.cat\\\/educaciolocal\\\/\"},{\"@type\":\"ListItem\",\"position\":2,\"name\":\"Transitar, un passeig per la presa de decisions i l&#8217;autoconeixement\"}]},{\"@type\":\"WebSite\",\"@id\":\"https:\\\/\\\/diarieducacio.cat\\\/educaciolocal\\\/#website\",\"url\":\"https:\\\/\\\/diarieducacio.cat\\\/educaciolocal\\\/\",\"name\":\"El blog de l'educaci\u00f3 local\",\"description\":\"\",\"potentialAction\":[{\"@type\":\"SearchAction\",\"target\":{\"@type\":\"EntryPoint\",\"urlTemplate\":\"https:\\\/\\\/diarieducacio.cat\\\/educaciolocal\\\/?s={search_term_string}\"},\"query-input\":{\"@type\":\"PropertyValueSpecification\",\"valueRequired\":true,\"valueName\":\"search_term_string\"}}],\"inLanguage\":\"ca\"},{\"@type\":\"Person\",\"@id\":\"https:\\\/\\\/diarieducacio.cat\\\/educaciolocal\\\/#\\\/schema\\\/person\\\/2b7a218a59179ac9b82caae5e2c4f2ab\",\"name\":\"Redacci\u00f3 - Blog de l'educaci\u00f3 local\",\"image\":{\"@type\":\"ImageObject\",\"inLanguage\":\"ca\",\"@id\":\"https:\\\/\\\/secure.gravatar.com\\\/avatar\\\/4b47e937aa12c75f6017fe20634c65c793c85afabda37da0e6376acd3fff5c02?s=96&d=mm&r=g\",\"url\":\"https:\\\/\\\/secure.gravatar.com\\\/avatar\\\/4b47e937aa12c75f6017fe20634c65c793c85afabda37da0e6376acd3fff5c02?s=96&d=mm&r=g\",\"contentUrl\":\"https:\\\/\\\/secure.gravatar.com\\\/avatar\\\/4b47e937aa12c75f6017fe20634c65c793c85afabda37da0e6376acd3fff5c02?s=96&d=mm&r=g\",\"caption\":\"Redacci\u00f3 - Blog de l'educaci\u00f3 local\"},\"url\":\"https:\\\/\\\/diarieducacio.cat\\\/educaciolocal\\\/author\\\/blogeducaciolocal\\\/\"}]}<\/script>\n<!-- \/ Yoast SEO plugin. -->","yoast_head_json":{"title":"Transitar, un passeig per la presa de decisions i l'autoconeixement - El blog de l'educaci\u00f3 local","robots":{"index":"index","follow":"follow","max-snippet":"max-snippet:-1","max-image-preview":"max-image-preview:large","max-video-preview":"max-video-preview:-1"},"canonical":"https:\/\/diarieducacio.cat\/educaciolocal\/2019\/01\/23\/transitar-un-passeig-per-la-presa-de-decisions-i-lautoconeixement\/","og_locale":"ca_ES","og_type":"article","og_title":"Transitar, un passeig per la presa de decisions i l'autoconeixement - El blog de l'educaci\u00f3 local","og_description":"L'exposici\u00f3, que a ser\u00e0 a Barcelona fins el 27 de gener a l'Arts Santa M\u00f2nica, \u00e9s la materialitzaci\u00f3 de dos anys de feina que recull els processos de canvi i la import\u00e0ncia de la orientaci\u00f3 al llarg de la vida de manera complexa","og_url":"https:\/\/diarieducacio.cat\/educaciolocal\/2019\/01\/23\/transitar-un-passeig-per-la-presa-de-decisions-i-lautoconeixement\/","og_site_name":"El blog de l'educaci\u00f3 local","article_publisher":"https:\/\/www.facebook.com\/diarieducacio\/","article_published_time":"2019-01-23T08:50:14+00:00","og_image":[{"width":1280,"height":960,"url":"https:\/\/diarieducacio.cat\/educaciolocal\/wp-content\/uploads\/sites\/18\/2019\/01\/photo5924670745475132999.jpg","type":"image\/jpeg"}],"author":"Redacci\u00f3 - Blog de l'educaci\u00f3 local","twitter_card":"summary_large_image","twitter_creator":"@DiariEducacio","twitter_site":"@DiariEducacio","twitter_misc":{"Escrit per":"Redacci\u00f3 - Blog de l'educaci\u00f3 local","Temps estimat de lectura":"4 minuts"},"schema":{"@context":"https:\/\/schema.org","@graph":[{"@type":"Article","@id":"https:\/\/diarieducacio.cat\/educaciolocal\/2019\/01\/23\/transitar-un-passeig-per-la-presa-de-decisions-i-lautoconeixement\/#article","isPartOf":{"@id":"https:\/\/diarieducacio.cat\/educaciolocal\/2019\/01\/23\/transitar-un-passeig-per-la-presa-de-decisions-i-lautoconeixement\/"},"author":{"name":"Redacci\u00f3 - Blog de l'educaci\u00f3 local","@id":"https:\/\/diarieducacio.cat\/educaciolocal\/#\/schema\/person\/2b7a218a59179ac9b82caae5e2c4f2ab"},"headline":"Transitar, un passeig per la presa de decisions i l&#8217;autoconeixement","datePublished":"2019-01-23T08:50:14+00:00","mainEntityOfPage":{"@id":"https:\/\/diarieducacio.cat\/educaciolocal\/2019\/01\/23\/transitar-un-passeig-per-la-presa-de-decisions-i-lautoconeixement\/"},"wordCount":824,"commentCount":2,"image":{"@id":"https:\/\/diarieducacio.cat\/educaciolocal\/2019\/01\/23\/transitar-un-passeig-per-la-presa-de-decisions-i-lautoconeixement\/#primaryimage"},"thumbnailUrl":"https:\/\/diarieducacio.cat\/educaciolocal\/wp-content\/uploads\/sites\/18\/2019\/01\/photo5924670745475132999.jpg","keywords":["Abandonament escolar prematur","orientaci\u00f3","Transicions"],"articleSection":["Abandonament escolar prematur","Ajuntaments","Ciutats que orienten","Orientaci\u00f3"],"inLanguage":"ca","potentialAction":[{"@type":"CommentAction","name":"Comment","target":["https:\/\/diarieducacio.cat\/educaciolocal\/2019\/01\/23\/transitar-un-passeig-per-la-presa-de-decisions-i-lautoconeixement\/#respond"]}]},{"@type":"WebPage","@id":"https:\/\/diarieducacio.cat\/educaciolocal\/2019\/01\/23\/transitar-un-passeig-per-la-presa-de-decisions-i-lautoconeixement\/","url":"https:\/\/diarieducacio.cat\/educaciolocal\/2019\/01\/23\/transitar-un-passeig-per-la-presa-de-decisions-i-lautoconeixement\/","name":"Transitar, un passeig per la presa de decisions i l'autoconeixement - El blog de l'educaci\u00f3 local","isPartOf":{"@id":"https:\/\/diarieducacio.cat\/educaciolocal\/#website"},"primaryImageOfPage":{"@id":"https:\/\/diarieducacio.cat\/educaciolocal\/2019\/01\/23\/transitar-un-passeig-per-la-presa-de-decisions-i-lautoconeixement\/#primaryimage"},"image":{"@id":"https:\/\/diarieducacio.cat\/educaciolocal\/2019\/01\/23\/transitar-un-passeig-per-la-presa-de-decisions-i-lautoconeixement\/#primaryimage"},"thumbnailUrl":"https:\/\/diarieducacio.cat\/educaciolocal\/wp-content\/uploads\/sites\/18\/2019\/01\/photo5924670745475132999.jpg","datePublished":"2019-01-23T08:50:14+00:00","author":{"@id":"https:\/\/diarieducacio.cat\/educaciolocal\/#\/schema\/person\/2b7a218a59179ac9b82caae5e2c4f2ab"},"breadcrumb":{"@id":"https:\/\/diarieducacio.cat\/educaciolocal\/2019\/01\/23\/transitar-un-passeig-per-la-presa-de-decisions-i-lautoconeixement\/#breadcrumb"},"inLanguage":"ca","potentialAction":[{"@type":"ReadAction","target":["https:\/\/diarieducacio.cat\/educaciolocal\/2019\/01\/23\/transitar-un-passeig-per-la-presa-de-decisions-i-lautoconeixement\/"]}]},{"@type":"ImageObject","inLanguage":"ca","@id":"https:\/\/diarieducacio.cat\/educaciolocal\/2019\/01\/23\/transitar-un-passeig-per-la-presa-de-decisions-i-lautoconeixement\/#primaryimage","url":"https:\/\/diarieducacio.cat\/educaciolocal\/wp-content\/uploads\/sites\/18\/2019\/01\/photo5924670745475132999.jpg","contentUrl":"https:\/\/diarieducacio.cat\/educaciolocal\/wp-content\/uploads\/sites\/18\/2019\/01\/photo5924670745475132999.jpg","width":1280,"height":960,"caption":"Part de l'exposici\u00f3 Transitar, a l'Arts Santa M\u00f2nica de Barcelona | Sandra Vicente"},{"@type":"BreadcrumbList","@id":"https:\/\/diarieducacio.cat\/educaciolocal\/2019\/01\/23\/transitar-un-passeig-per-la-presa-de-decisions-i-lautoconeixement\/#breadcrumb","itemListElement":[{"@type":"ListItem","position":1,"name":"Inici","item":"https:\/\/diarieducacio.cat\/educaciolocal\/"},{"@type":"ListItem","position":2,"name":"Transitar, un passeig per la presa de decisions i l&#8217;autoconeixement"}]},{"@type":"WebSite","@id":"https:\/\/diarieducacio.cat\/educaciolocal\/#website","url":"https:\/\/diarieducacio.cat\/educaciolocal\/","name":"El blog de l'educaci\u00f3 local","description":"","potentialAction":[{"@type":"SearchAction","target":{"@type":"EntryPoint","urlTemplate":"https:\/\/diarieducacio.cat\/educaciolocal\/?s={search_term_string}"},"query-input":{"@type":"PropertyValueSpecification","valueRequired":true,"valueName":"search_term_string"}}],"inLanguage":"ca"},{"@type":"Person","@id":"https:\/\/diarieducacio.cat\/educaciolocal\/#\/schema\/person\/2b7a218a59179ac9b82caae5e2c4f2ab","name":"Redacci\u00f3 - Blog de l'educaci\u00f3 local","image":{"@type":"ImageObject","inLanguage":"ca","@id":"https:\/\/secure.gravatar.com\/avatar\/4b47e937aa12c75f6017fe20634c65c793c85afabda37da0e6376acd3fff5c02?s=96&d=mm&r=g","url":"https:\/\/secure.gravatar.com\/avatar\/4b47e937aa12c75f6017fe20634c65c793c85afabda37da0e6376acd3fff5c02?s=96&d=mm&r=g","contentUrl":"https:\/\/secure.gravatar.com\/avatar\/4b47e937aa12c75f6017fe20634c65c793c85afabda37da0e6376acd3fff5c02?s=96&d=mm&r=g","caption":"Redacci\u00f3 - Blog de l'educaci\u00f3 local"},"url":"https:\/\/diarieducacio.cat\/educaciolocal\/author\/blogeducaciolocal\/"}]}},"_links":{"self":[{"href":"https:\/\/diarieducacio.cat\/educaciolocal\/wp-json\/wp\/v2\/posts\/1193","targetHints":{"allow":["GET"]}}],"collection":[{"href":"https:\/\/diarieducacio.cat\/educaciolocal\/wp-json\/wp\/v2\/posts"}],"about":[{"href":"https:\/\/diarieducacio.cat\/educaciolocal\/wp-json\/wp\/v2\/types\/post"}],"author":[{"embeddable":true,"href":"https:\/\/diarieducacio.cat\/educaciolocal\/wp-json\/wp\/v2\/users\/201"}],"replies":[{"embeddable":true,"href":"https:\/\/diarieducacio.cat\/educaciolocal\/wp-json\/wp\/v2\/comments?post=1193"}],"version-history":[{"count":0,"href":"https:\/\/diarieducacio.cat\/educaciolocal\/wp-json\/wp\/v2\/posts\/1193\/revisions"}],"wp:featuredmedia":[{"embeddable":true,"href":"https:\/\/diarieducacio.cat\/educaciolocal\/wp-json\/wp\/v2\/media\/1191"}],"wp:attachment":[{"href":"https:\/\/diarieducacio.cat\/educaciolocal\/wp-json\/wp\/v2\/media?parent=1193"}],"wp:term":[{"taxonomy":"category","embeddable":true,"href":"https:\/\/diarieducacio.cat\/educaciolocal\/wp-json\/wp\/v2\/categories?post=1193"},{"taxonomy":"post_tag","embeddable":true,"href":"https:\/\/diarieducacio.cat\/educaciolocal\/wp-json\/wp\/v2\/tags?post=1193"},{"taxonomy":"tipo","embeddable":true,"href":"https:\/\/diarieducacio.cat\/educaciolocal\/wp-json\/wp\/v2\/tipo?post=1193"}],"curies":[{"name":"wp","href":"https:\/\/api.w.org\/{rel}","templated":true}]}}