{"id":1206,"date":"2019-01-29T21:39:16","date_gmt":"2019-01-29T21:39:16","guid":{"rendered":"https:\/\/diarieducacio.cat\/educaciolocal\/?p=1206"},"modified":"2019-01-29T21:39:16","modified_gmt":"2019-01-29T21:39:16","slug":"la-xarxa-dorientacio-del-prat-una-aposta-per-la-transversalitat","status":"publish","type":"post","link":"https:\/\/diarieducacio.cat\/educaciolocal\/2019\/01\/29\/la-xarxa-dorientacio-del-prat-una-aposta-per-la-transversalitat\/","title":{"rendered":"La xarxa d&#8217;orientaci\u00f3 del Prat, una aposta per la transversalitat"},"content":{"rendered":"<p>Una ciutat, molts estudiants. Molts centres, un servei d&#8217;orientaci\u00f3. Un equip coordinat, moltes oportunitats. Aquesta contraposici\u00f3 entre la varietat i la unitat seria una bona manera de definir el servei d&#8217;orientaci\u00f3 de la ciutat del Prat, que s&#8217;ha convertit en el pal de bandera de la seva pol\u00edtica educativa i que, a m\u00e9s, els va portar a ser mereixedors d&#8217;una Menci\u00f3 Especial durant els Premis Educaweb.<\/p>\n<p>Enguany es compleixen 10 anys que aquesta ciutat compta amb una Xarxa d&#8217;Orientaci\u00f3 que, de manera natural, ha anat comptant amb la participaci\u00f3 dels departaments de Joventut, Promoci\u00f3 Econ\u00f2mica i Serveis Socials. A m\u00e9s, evidentment, del departament d&#8217;Educaci\u00f3 que \u00e9s el que el gestiona. \u201cEns defineix la transversalitat per a intentar implicar tots els agents possibles que treballem, d&#8217;una manera o una altra, des d&#8217;un \u00e0mbit o un altre, al mateix objectiu\u201d, explica Pilar Eslava, la regidora d&#8217;Educaci\u00f3. I \u00e9s que no nom\u00e9s treballa per l&#8217;educaci\u00f3 un educador.<\/p>\n<p>Amb aquesta xarxa, en la que participa tamb\u00e9 la Generalitat i la Diputaci\u00f3 de Barcelona, es pret\u00e9n lluitar contra l&#8217;abandonament escolar, per tal d&#8217;ajudar als joves del Prat a graduar en condicions favorables i accedir a estudis postobligatoris. Els resultats s\u00f3n for\u00e7a positius i van en creixement, i \u201caix\u00ed ho reconeixen les fam\u00edlies, els centres i els professionals\u201d, apunta, orgullosa, Carme Vill\u00e9n, t\u00e8cnica d&#8217;educaci\u00f3 del consistori. I \u00e9s que una de les claus del programa, diuen, \u00e9s tractar els joves -el 2017 van ser atesos 136- \u201camb noms i cognoms, coneixent tothom a qui acompanyem\u201d.<\/p>\n<p>L&#8217;altre punt important, segons Eslava, \u00e9s \u201crodejar-se de gent experta, perqu\u00e8 ning\u00fa no pot arribar a tot. Des de l&#8217;Ajuntament fem de conectors per a un servei de ciutat\u201d. Aix\u00ed, l&#8217;assessorament no \u00e9s nom\u00e9s acad\u00e8mic, sin\u00f3 vital: escollir l&#8217;itinerari correcte per a poder graduar no \u00e9s nom\u00e9s una q\u00fcesti\u00f3 relativa a l&#8217;educaci\u00f3, sin\u00f3 que hi ha tot de determinants socials, econ\u00f2mics, culturals, familiars i emocionals que poden afectar a la situaci\u00f3 dels joves.<\/p>\n<p>Aix\u00ed doncs, les assessories van ser una evoluci\u00f3 natural de la xarxa d&#8217;orientaci\u00f3, que funciona \u201cmolt i molt b\u00e9 als instituts\u201d, per a poder fer aquest \u201cacompanyament vital\u201d, del que parla Eslava. Es tracta d&#8217;assessories personalitzades per a fer la comprovaci\u00f3 d&#8217;interessos i capacitats, tamb\u00e9 per als joves que ja no estan als centres formatius. Les assessories versen sobre temes de salut, acad\u00e8mics, econ\u00f2mics o personals i hi ha una \u201cderivaci\u00f3 constant entre els professionals\u201d, per\u00f2 sempre en el mateix punt f\u00edsic, per a \u201cno fragmentar els referents del jove\u201d.<\/p>\n<h3>Suport transversal per a superar barreres<\/h3>\n<p>M\u00e9s enll\u00e0 d&#8217;activitats m\u00e9s tradicionals com la JOAP -Jornades d&#8217;Orientaci\u00f3 Acad\u00e8mica i Professional- que ja fa m\u00e9s de 20 anys que es realitzen, la Xarxa d&#8217;Orientaci\u00f3 serveix per a donar a con\u00e8ixer iniciatives m\u00e9s noves i innovadores. Per exemple, destaca la l\u00ednia de Mart XXI, una activitat de motivaci\u00f3 que es realitza juntament amb la UPC per a alumnes que tenen capacitats acad\u00e8miques per arribar a cursar una carrera t\u00e8cnica per\u00f2 estan en nivells de motivaci\u00f3 baixos.<\/p>\n<p>Una altra iniciativa, aquesta de les m\u00e9s noves, \u00e9s la xarxa de suport a la post-obligat\u00f2ria. \u201cMalauradament, detectem abandonament despr\u00e9s de l\u2019ESO aix\u00ed que vam fer cas de les observacions dels centres i vam crear el primer grup de suport a l&#8217;entorn de Sant Cosme\u201d, explica Vill\u00e9n. En la recta final de l&#8217;ESO detecten l&#8217;alumnat que tot i graduar, ho fa en condicions poc favorables i els acompanyen durant la post-obligat\u00f2ria.<\/p>\n<p>\u201cA m\u00e9s, des de l&#8217;Ajuntament fem una aposta econ\u00f2mica per a donar suport, en forma d&#8217;ajut que funciona com una subvenci\u00f3 als dos centres de Grau Mitj\u00e0 o PFI que tenim al Prat\u201d, apunta Eslava. Unes 50 fam\u00edlies se&#8217;n beneficien, segons dades de l&#8217;Ajuntament. I m\u00e9s enll\u00e0 del suport econ\u00f2mic, des del consistori tamb\u00e9 proporcionen recolzament a l&#8217;estudi: \u201chi ha dos punts a la ciutat en el que els alumnes reben suport mutu, s&#8217;assessoren sobre els h\u00e0bits d&#8217;estudi etc\u201d.<\/p>\n<p>Aquestes aules d&#8217;estudi, que compten amb la pres\u00e8ncia de referents i psicopedagogs, s&#8217;han acabat convertint en un referent que els mestres i fam\u00edlies recomanen i agraeixen. I \u00e9s que el fet que siguin assessories volunt\u00e0ries aconsegueix un objectiu molt necessari: trencar l&#8217;estigma que tenen alguns sectors com serveis socials. \u201cCom que accedeixen al suport emocional o econ\u00f2mic des d&#8217;un punt d&#8217;orientaci\u00f3 acad\u00e8mica ja no hi ha tant d&#8217;estigma. Anem per bon cam\u00ed\u201d, apunta Eslava.<\/p>\n<p>\u201cLa clau \u00e9s que els joves no se sentin sols i vegin que tenen un munt de serveis i opcions que els s\u00f3n donats per la instituci\u00f3. Per la seva ciutat\u201d, explica Vill\u00e9n. \u201cTots hem tingut dificultats a la vida i l&#8217;important \u00e9s veure que no podem afrontar-ho tot sols. Per aix\u00f2 hi som nosaltres\u201d, assegura Eslava.<\/p>\n","protected":false},"excerpt":{"rendered":"<p>La voluntat orientadora, convertida en pol\u00edtica de ciutat del Prat, va fer que aquesta ciutat fos mereixedora d&#8217;una Menci\u00f3 Especial dels premis Educaweb. El suport als joves, des de diverses \u00e0rees del consistori, ha redu\u00eft de forma \u201csatisfact\u00f2ria\u201d les dades d&#8217;abandonament escolar<\/p>\n","protected":false},"author":201,"featured_media":1205,"comment_status":"open","ping_status":"closed","sticky":false,"template":"","format":"standard","meta":{"footnotes":""},"categories":[199],"tags":[167,155,200,207],"tipo":[],"class_list":{"0":"post-1206","1":"post","2":"type-post","3":"status-publish","4":"format-standard","5":"has-post-thumbnail","7":"category-ciutats-que-orienten","8":"tag-abandonament-escolar-prematur","9":"tag-ciutats-que-orienten","10":"tag-orientacio","11":"tag-transicions"},"yoast_head":"<!-- This site is optimized with the Yoast SEO plugin v27.4 - https:\/\/yoast.com\/product\/yoast-seo-wordpress\/ -->\n<title>La xarxa d&#039;orientaci\u00f3 del Prat, una aposta per la transversalitat - El blog de l&#039;educaci\u00f3 local<\/title>\n<meta name=\"robots\" content=\"index, follow, max-snippet:-1, max-image-preview:large, max-video-preview:-1\" \/>\n<link rel=\"canonical\" href=\"https:\/\/diarieducacio.cat\/educaciolocal\/2019\/01\/29\/la-xarxa-dorientacio-del-prat-una-aposta-per-la-transversalitat\/\" \/>\n<meta property=\"og:locale\" content=\"ca_ES\" \/>\n<meta property=\"og:type\" content=\"article\" \/>\n<meta property=\"og:title\" content=\"La xarxa d&#039;orientaci\u00f3 del Prat, una aposta per la transversalitat - El blog de l&#039;educaci\u00f3 local\" \/>\n<meta property=\"og:description\" content=\"La voluntat orientadora, convertida en pol\u00edtica de ciutat del Prat, va fer que aquesta ciutat fos mereixedora d&#039;una Menci\u00f3 Especial dels premis Educaweb. El suport als joves, des de diverses \u00e0rees del consistori, ha redu\u00eft de forma \u201csatisfact\u00f2ria\u201d les dades d&#039;abandonament escolar\" \/>\n<meta property=\"og:url\" content=\"https:\/\/diarieducacio.cat\/educaciolocal\/2019\/01\/29\/la-xarxa-dorientacio-del-prat-una-aposta-per-la-transversalitat\/\" \/>\n<meta property=\"og:site_name\" content=\"El blog de l&#039;educaci\u00f3 local\" \/>\n<meta property=\"article:publisher\" content=\"https:\/\/www.facebook.com\/diarieducacio\/\" \/>\n<meta property=\"article:published_time\" content=\"2019-01-29T21:39:16+00:00\" \/>\n<meta property=\"og:image\" content=\"https:\/\/diarieducacio.cat\/educaciolocal\/wp-content\/uploads\/sites\/18\/2019\/01\/32236802303_549a34e2f8_o.jpg\" \/>\n\t<meta property=\"og:image:width\" content=\"1000\" \/>\n\t<meta property=\"og:image:height\" content=\"667\" \/>\n\t<meta property=\"og:image:type\" content=\"image\/jpeg\" \/>\n<meta name=\"author\" content=\"Redacci\u00f3 - Blog de l&#039;educaci\u00f3 local\" \/>\n<meta name=\"twitter:card\" content=\"summary_large_image\" \/>\n<meta name=\"twitter:creator\" content=\"@DiariEducacio\" \/>\n<meta name=\"twitter:site\" content=\"@DiariEducacio\" \/>\n<meta name=\"twitter:label1\" content=\"Escrit per\" \/>\n\t<meta name=\"twitter:data1\" content=\"Redacci\u00f3 - Blog de l&#039;educaci\u00f3 local\" \/>\n\t<meta name=\"twitter:label2\" content=\"Temps estimat de lectura\" \/>\n\t<meta name=\"twitter:data2\" content=\"4 minuts\" \/>\n<script type=\"application\/ld+json\" class=\"yoast-schema-graph\">{\"@context\":\"https:\\\/\\\/schema.org\",\"@graph\":[{\"@type\":\"Article\",\"@id\":\"https:\\\/\\\/diarieducacio.cat\\\/educaciolocal\\\/2019\\\/01\\\/29\\\/la-xarxa-dorientacio-del-prat-una-aposta-per-la-transversalitat\\\/#article\",\"isPartOf\":{\"@id\":\"https:\\\/\\\/diarieducacio.cat\\\/educaciolocal\\\/2019\\\/01\\\/29\\\/la-xarxa-dorientacio-del-prat-una-aposta-per-la-transversalitat\\\/\"},\"author\":{\"name\":\"Redacci\u00f3 - Blog de l'educaci\u00f3 local\",\"@id\":\"https:\\\/\\\/diarieducacio.cat\\\/educaciolocal\\\/#\\\/schema\\\/person\\\/2b7a218a59179ac9b82caae5e2c4f2ab\"},\"headline\":\"La xarxa d&#8217;orientaci\u00f3 del Prat, una aposta per la transversalitat\",\"datePublished\":\"2019-01-29T21:39:16+00:00\",\"mainEntityOfPage\":{\"@id\":\"https:\\\/\\\/diarieducacio.cat\\\/educaciolocal\\\/2019\\\/01\\\/29\\\/la-xarxa-dorientacio-del-prat-una-aposta-per-la-transversalitat\\\/\"},\"wordCount\":871,\"commentCount\":2,\"image\":{\"@id\":\"https:\\\/\\\/diarieducacio.cat\\\/educaciolocal\\\/2019\\\/01\\\/29\\\/la-xarxa-dorientacio-del-prat-una-aposta-per-la-transversalitat\\\/#primaryimage\"},\"thumbnailUrl\":\"https:\\\/\\\/diarieducacio.cat\\\/educaciolocal\\\/wp-content\\\/uploads\\\/sites\\\/18\\\/2019\\\/01\\\/32236802303_549a34e2f8_o.jpg\",\"keywords\":[\"Abandonament escolar prematur\",\"Ciutats que orienten\",\"orientaci\u00f3\",\"Transicions\"],\"articleSection\":[\"Ciutats que orienten\"],\"inLanguage\":\"ca\",\"potentialAction\":[{\"@type\":\"CommentAction\",\"name\":\"Comment\",\"target\":[\"https:\\\/\\\/diarieducacio.cat\\\/educaciolocal\\\/2019\\\/01\\\/29\\\/la-xarxa-dorientacio-del-prat-una-aposta-per-la-transversalitat\\\/#respond\"]}]},{\"@type\":\"WebPage\",\"@id\":\"https:\\\/\\\/diarieducacio.cat\\\/educaciolocal\\\/2019\\\/01\\\/29\\\/la-xarxa-dorientacio-del-prat-una-aposta-per-la-transversalitat\\\/\",\"url\":\"https:\\\/\\\/diarieducacio.cat\\\/educaciolocal\\\/2019\\\/01\\\/29\\\/la-xarxa-dorientacio-del-prat-una-aposta-per-la-transversalitat\\\/\",\"name\":\"La xarxa d'orientaci\u00f3 del Prat, una aposta per la transversalitat - El blog de l'educaci\u00f3 local\",\"isPartOf\":{\"@id\":\"https:\\\/\\\/diarieducacio.cat\\\/educaciolocal\\\/#website\"},\"primaryImageOfPage\":{\"@id\":\"https:\\\/\\\/diarieducacio.cat\\\/educaciolocal\\\/2019\\\/01\\\/29\\\/la-xarxa-dorientacio-del-prat-una-aposta-per-la-transversalitat\\\/#primaryimage\"},\"image\":{\"@id\":\"https:\\\/\\\/diarieducacio.cat\\\/educaciolocal\\\/2019\\\/01\\\/29\\\/la-xarxa-dorientacio-del-prat-una-aposta-per-la-transversalitat\\\/#primaryimage\"},\"thumbnailUrl\":\"https:\\\/\\\/diarieducacio.cat\\\/educaciolocal\\\/wp-content\\\/uploads\\\/sites\\\/18\\\/2019\\\/01\\\/32236802303_549a34e2f8_o.jpg\",\"datePublished\":\"2019-01-29T21:39:16+00:00\",\"author\":{\"@id\":\"https:\\\/\\\/diarieducacio.cat\\\/educaciolocal\\\/#\\\/schema\\\/person\\\/2b7a218a59179ac9b82caae5e2c4f2ab\"},\"breadcrumb\":{\"@id\":\"https:\\\/\\\/diarieducacio.cat\\\/educaciolocal\\\/2019\\\/01\\\/29\\\/la-xarxa-dorientacio-del-prat-una-aposta-per-la-transversalitat\\\/#breadcrumb\"},\"inLanguage\":\"ca\",\"potentialAction\":[{\"@type\":\"ReadAction\",\"target\":[\"https:\\\/\\\/diarieducacio.cat\\\/educaciolocal\\\/2019\\\/01\\\/29\\\/la-xarxa-dorientacio-del-prat-una-aposta-per-la-transversalitat\\\/\"]}]},{\"@type\":\"ImageObject\",\"inLanguage\":\"ca\",\"@id\":\"https:\\\/\\\/diarieducacio.cat\\\/educaciolocal\\\/2019\\\/01\\\/29\\\/la-xarxa-dorientacio-del-prat-una-aposta-per-la-transversalitat\\\/#primaryimage\",\"url\":\"https:\\\/\\\/diarieducacio.cat\\\/educaciolocal\\\/wp-content\\\/uploads\\\/sites\\\/18\\\/2019\\\/01\\\/32236802303_549a34e2f8_o.jpg\",\"contentUrl\":\"https:\\\/\\\/diarieducacio.cat\\\/educaciolocal\\\/wp-content\\\/uploads\\\/sites\\\/18\\\/2019\\\/01\\\/32236802303_549a34e2f8_o.jpg\",\"width\":1000,\"height\":667,\"caption\":\"L'orientaci\u00f3 educativa \u00e9s una tasca que ha de comptar amb la participaci\u00f3 de les fam\u00edlies | Sergi Ramos\"},{\"@type\":\"BreadcrumbList\",\"@id\":\"https:\\\/\\\/diarieducacio.cat\\\/educaciolocal\\\/2019\\\/01\\\/29\\\/la-xarxa-dorientacio-del-prat-una-aposta-per-la-transversalitat\\\/#breadcrumb\",\"itemListElement\":[{\"@type\":\"ListItem\",\"position\":1,\"name\":\"Inici\",\"item\":\"https:\\\/\\\/diarieducacio.cat\\\/educaciolocal\\\/\"},{\"@type\":\"ListItem\",\"position\":2,\"name\":\"La xarxa d&#8217;orientaci\u00f3 del Prat, una aposta per la transversalitat\"}]},{\"@type\":\"WebSite\",\"@id\":\"https:\\\/\\\/diarieducacio.cat\\\/educaciolocal\\\/#website\",\"url\":\"https:\\\/\\\/diarieducacio.cat\\\/educaciolocal\\\/\",\"name\":\"El blog de l'educaci\u00f3 local\",\"description\":\"\",\"potentialAction\":[{\"@type\":\"SearchAction\",\"target\":{\"@type\":\"EntryPoint\",\"urlTemplate\":\"https:\\\/\\\/diarieducacio.cat\\\/educaciolocal\\\/?s={search_term_string}\"},\"query-input\":{\"@type\":\"PropertyValueSpecification\",\"valueRequired\":true,\"valueName\":\"search_term_string\"}}],\"inLanguage\":\"ca\"},{\"@type\":\"Person\",\"@id\":\"https:\\\/\\\/diarieducacio.cat\\\/educaciolocal\\\/#\\\/schema\\\/person\\\/2b7a218a59179ac9b82caae5e2c4f2ab\",\"name\":\"Redacci\u00f3 - Blog de l'educaci\u00f3 local\",\"image\":{\"@type\":\"ImageObject\",\"inLanguage\":\"ca\",\"@id\":\"https:\\\/\\\/secure.gravatar.com\\\/avatar\\\/4b47e937aa12c75f6017fe20634c65c793c85afabda37da0e6376acd3fff5c02?s=96&d=mm&r=g\",\"url\":\"https:\\\/\\\/secure.gravatar.com\\\/avatar\\\/4b47e937aa12c75f6017fe20634c65c793c85afabda37da0e6376acd3fff5c02?s=96&d=mm&r=g\",\"contentUrl\":\"https:\\\/\\\/secure.gravatar.com\\\/avatar\\\/4b47e937aa12c75f6017fe20634c65c793c85afabda37da0e6376acd3fff5c02?s=96&d=mm&r=g\",\"caption\":\"Redacci\u00f3 - Blog de l'educaci\u00f3 local\"},\"url\":\"https:\\\/\\\/diarieducacio.cat\\\/educaciolocal\\\/author\\\/blogeducaciolocal\\\/\"}]}<\/script>\n<!-- \/ Yoast SEO plugin. -->","yoast_head_json":{"title":"La xarxa d'orientaci\u00f3 del Prat, una aposta per la transversalitat - El blog de l'educaci\u00f3 local","robots":{"index":"index","follow":"follow","max-snippet":"max-snippet:-1","max-image-preview":"max-image-preview:large","max-video-preview":"max-video-preview:-1"},"canonical":"https:\/\/diarieducacio.cat\/educaciolocal\/2019\/01\/29\/la-xarxa-dorientacio-del-prat-una-aposta-per-la-transversalitat\/","og_locale":"ca_ES","og_type":"article","og_title":"La xarxa d'orientaci\u00f3 del Prat, una aposta per la transversalitat - El blog de l'educaci\u00f3 local","og_description":"La voluntat orientadora, convertida en pol\u00edtica de ciutat del Prat, va fer que aquesta ciutat fos mereixedora d'una Menci\u00f3 Especial dels premis Educaweb. El suport als joves, des de diverses \u00e0rees del consistori, ha redu\u00eft de forma \u201csatisfact\u00f2ria\u201d les dades d'abandonament escolar","og_url":"https:\/\/diarieducacio.cat\/educaciolocal\/2019\/01\/29\/la-xarxa-dorientacio-del-prat-una-aposta-per-la-transversalitat\/","og_site_name":"El blog de l'educaci\u00f3 local","article_publisher":"https:\/\/www.facebook.com\/diarieducacio\/","article_published_time":"2019-01-29T21:39:16+00:00","og_image":[{"width":1000,"height":667,"url":"https:\/\/diarieducacio.cat\/educaciolocal\/wp-content\/uploads\/sites\/18\/2019\/01\/32236802303_549a34e2f8_o.jpg","type":"image\/jpeg"}],"author":"Redacci\u00f3 - Blog de l'educaci\u00f3 local","twitter_card":"summary_large_image","twitter_creator":"@DiariEducacio","twitter_site":"@DiariEducacio","twitter_misc":{"Escrit per":"Redacci\u00f3 - Blog de l'educaci\u00f3 local","Temps estimat de lectura":"4 minuts"},"schema":{"@context":"https:\/\/schema.org","@graph":[{"@type":"Article","@id":"https:\/\/diarieducacio.cat\/educaciolocal\/2019\/01\/29\/la-xarxa-dorientacio-del-prat-una-aposta-per-la-transversalitat\/#article","isPartOf":{"@id":"https:\/\/diarieducacio.cat\/educaciolocal\/2019\/01\/29\/la-xarxa-dorientacio-del-prat-una-aposta-per-la-transversalitat\/"},"author":{"name":"Redacci\u00f3 - Blog de l'educaci\u00f3 local","@id":"https:\/\/diarieducacio.cat\/educaciolocal\/#\/schema\/person\/2b7a218a59179ac9b82caae5e2c4f2ab"},"headline":"La xarxa d&#8217;orientaci\u00f3 del Prat, una aposta per la transversalitat","datePublished":"2019-01-29T21:39:16+00:00","mainEntityOfPage":{"@id":"https:\/\/diarieducacio.cat\/educaciolocal\/2019\/01\/29\/la-xarxa-dorientacio-del-prat-una-aposta-per-la-transversalitat\/"},"wordCount":871,"commentCount":2,"image":{"@id":"https:\/\/diarieducacio.cat\/educaciolocal\/2019\/01\/29\/la-xarxa-dorientacio-del-prat-una-aposta-per-la-transversalitat\/#primaryimage"},"thumbnailUrl":"https:\/\/diarieducacio.cat\/educaciolocal\/wp-content\/uploads\/sites\/18\/2019\/01\/32236802303_549a34e2f8_o.jpg","keywords":["Abandonament escolar prematur","Ciutats que orienten","orientaci\u00f3","Transicions"],"articleSection":["Ciutats que orienten"],"inLanguage":"ca","potentialAction":[{"@type":"CommentAction","name":"Comment","target":["https:\/\/diarieducacio.cat\/educaciolocal\/2019\/01\/29\/la-xarxa-dorientacio-del-prat-una-aposta-per-la-transversalitat\/#respond"]}]},{"@type":"WebPage","@id":"https:\/\/diarieducacio.cat\/educaciolocal\/2019\/01\/29\/la-xarxa-dorientacio-del-prat-una-aposta-per-la-transversalitat\/","url":"https:\/\/diarieducacio.cat\/educaciolocal\/2019\/01\/29\/la-xarxa-dorientacio-del-prat-una-aposta-per-la-transversalitat\/","name":"La xarxa d'orientaci\u00f3 del Prat, una aposta per la transversalitat - El blog de l'educaci\u00f3 local","isPartOf":{"@id":"https:\/\/diarieducacio.cat\/educaciolocal\/#website"},"primaryImageOfPage":{"@id":"https:\/\/diarieducacio.cat\/educaciolocal\/2019\/01\/29\/la-xarxa-dorientacio-del-prat-una-aposta-per-la-transversalitat\/#primaryimage"},"image":{"@id":"https:\/\/diarieducacio.cat\/educaciolocal\/2019\/01\/29\/la-xarxa-dorientacio-del-prat-una-aposta-per-la-transversalitat\/#primaryimage"},"thumbnailUrl":"https:\/\/diarieducacio.cat\/educaciolocal\/wp-content\/uploads\/sites\/18\/2019\/01\/32236802303_549a34e2f8_o.jpg","datePublished":"2019-01-29T21:39:16+00:00","author":{"@id":"https:\/\/diarieducacio.cat\/educaciolocal\/#\/schema\/person\/2b7a218a59179ac9b82caae5e2c4f2ab"},"breadcrumb":{"@id":"https:\/\/diarieducacio.cat\/educaciolocal\/2019\/01\/29\/la-xarxa-dorientacio-del-prat-una-aposta-per-la-transversalitat\/#breadcrumb"},"inLanguage":"ca","potentialAction":[{"@type":"ReadAction","target":["https:\/\/diarieducacio.cat\/educaciolocal\/2019\/01\/29\/la-xarxa-dorientacio-del-prat-una-aposta-per-la-transversalitat\/"]}]},{"@type":"ImageObject","inLanguage":"ca","@id":"https:\/\/diarieducacio.cat\/educaciolocal\/2019\/01\/29\/la-xarxa-dorientacio-del-prat-una-aposta-per-la-transversalitat\/#primaryimage","url":"https:\/\/diarieducacio.cat\/educaciolocal\/wp-content\/uploads\/sites\/18\/2019\/01\/32236802303_549a34e2f8_o.jpg","contentUrl":"https:\/\/diarieducacio.cat\/educaciolocal\/wp-content\/uploads\/sites\/18\/2019\/01\/32236802303_549a34e2f8_o.jpg","width":1000,"height":667,"caption":"L'orientaci\u00f3 educativa \u00e9s una tasca que ha de comptar amb la participaci\u00f3 de les fam\u00edlies | Sergi Ramos"},{"@type":"BreadcrumbList","@id":"https:\/\/diarieducacio.cat\/educaciolocal\/2019\/01\/29\/la-xarxa-dorientacio-del-prat-una-aposta-per-la-transversalitat\/#breadcrumb","itemListElement":[{"@type":"ListItem","position":1,"name":"Inici","item":"https:\/\/diarieducacio.cat\/educaciolocal\/"},{"@type":"ListItem","position":2,"name":"La xarxa d&#8217;orientaci\u00f3 del Prat, una aposta per la transversalitat"}]},{"@type":"WebSite","@id":"https:\/\/diarieducacio.cat\/educaciolocal\/#website","url":"https:\/\/diarieducacio.cat\/educaciolocal\/","name":"El blog de l'educaci\u00f3 local","description":"","potentialAction":[{"@type":"SearchAction","target":{"@type":"EntryPoint","urlTemplate":"https:\/\/diarieducacio.cat\/educaciolocal\/?s={search_term_string}"},"query-input":{"@type":"PropertyValueSpecification","valueRequired":true,"valueName":"search_term_string"}}],"inLanguage":"ca"},{"@type":"Person","@id":"https:\/\/diarieducacio.cat\/educaciolocal\/#\/schema\/person\/2b7a218a59179ac9b82caae5e2c4f2ab","name":"Redacci\u00f3 - Blog de l'educaci\u00f3 local","image":{"@type":"ImageObject","inLanguage":"ca","@id":"https:\/\/secure.gravatar.com\/avatar\/4b47e937aa12c75f6017fe20634c65c793c85afabda37da0e6376acd3fff5c02?s=96&d=mm&r=g","url":"https:\/\/secure.gravatar.com\/avatar\/4b47e937aa12c75f6017fe20634c65c793c85afabda37da0e6376acd3fff5c02?s=96&d=mm&r=g","contentUrl":"https:\/\/secure.gravatar.com\/avatar\/4b47e937aa12c75f6017fe20634c65c793c85afabda37da0e6376acd3fff5c02?s=96&d=mm&r=g","caption":"Redacci\u00f3 - Blog de l'educaci\u00f3 local"},"url":"https:\/\/diarieducacio.cat\/educaciolocal\/author\/blogeducaciolocal\/"}]}},"_links":{"self":[{"href":"https:\/\/diarieducacio.cat\/educaciolocal\/wp-json\/wp\/v2\/posts\/1206","targetHints":{"allow":["GET"]}}],"collection":[{"href":"https:\/\/diarieducacio.cat\/educaciolocal\/wp-json\/wp\/v2\/posts"}],"about":[{"href":"https:\/\/diarieducacio.cat\/educaciolocal\/wp-json\/wp\/v2\/types\/post"}],"author":[{"embeddable":true,"href":"https:\/\/diarieducacio.cat\/educaciolocal\/wp-json\/wp\/v2\/users\/201"}],"replies":[{"embeddable":true,"href":"https:\/\/diarieducacio.cat\/educaciolocal\/wp-json\/wp\/v2\/comments?post=1206"}],"version-history":[{"count":0,"href":"https:\/\/diarieducacio.cat\/educaciolocal\/wp-json\/wp\/v2\/posts\/1206\/revisions"}],"wp:featuredmedia":[{"embeddable":true,"href":"https:\/\/diarieducacio.cat\/educaciolocal\/wp-json\/wp\/v2\/media\/1205"}],"wp:attachment":[{"href":"https:\/\/diarieducacio.cat\/educaciolocal\/wp-json\/wp\/v2\/media?parent=1206"}],"wp:term":[{"taxonomy":"category","embeddable":true,"href":"https:\/\/diarieducacio.cat\/educaciolocal\/wp-json\/wp\/v2\/categories?post=1206"},{"taxonomy":"post_tag","embeddable":true,"href":"https:\/\/diarieducacio.cat\/educaciolocal\/wp-json\/wp\/v2\/tags?post=1206"},{"taxonomy":"tipo","embeddable":true,"href":"https:\/\/diarieducacio.cat\/educaciolocal\/wp-json\/wp\/v2\/tipo?post=1206"}],"curies":[{"name":"wp","href":"https:\/\/api.w.org\/{rel}","templated":true}]}}